{"id":12992,"date":"2026-03-12T15:19:59","date_gmt":"2026-03-12T14:19:59","guid":{"rendered":"https:\/\/vieassociative.be\/actualites\/cet-enorme-televiseur-hisense-de-100-pouces-est-a-500-de-reduction-en-ce-moment\/"},"modified":"2026-03-12T15:19:59","modified_gmt":"2026-03-12T14:19:59","slug":"cet-enorme-televiseur-hisense-de-100-pouces-est-a-500-de-reduction-en-ce-moment","status":"publish","type":"post","link":"https:\/\/vieassociative.be\/actualites\/cet-enorme-televiseur-hisense-de-100-pouces-est-a-500-de-reduction-en-ce-moment\/","title":{"rendered":"Cet \u00e9norme t\u00e9l\u00e9viseur Hisense de 100 pouces est \u00e0 500 $ de r\u00e9duction en ce moment"},"content":{"rendered":"<p>Nous pouvons gagner une commission sur les liens sur cette page. Les prix et la disponibilit\u00e9 de l&rsquo;offre sont sujets \u00e0 changement apr\u00e8s la publication.<\/p>\n<p>Le Hisense U65QF dans une taille massive de 100 pouces se vend actuellement \u00e0 1\u00a0497,99 $ sur Amazon, contre 1\u00a0997 $, et les trackers de prix montrent qu&rsquo;il s&rsquo;agit du plus bas qu&rsquo;il ait atteint jusqu&rsquo;\u00e0 pr\u00e9sent. Ce prix est remarquable pour un \u00e9cran aussi grand, puisque les t\u00e9l\u00e9viseurs de 100 pouces co\u00fbtent souvent bien plus de 2 000 dollars, m\u00eame pour les marques \u00e9conomiques. Les critiques ont \u00e9galement \u00e9t\u00e9 encourageantes. PCMag a attribu\u00e9 au t\u00e9l\u00e9viseur une note \u00ab\u00a0exceptionnelle\u00a0\u00bb et l&rsquo;a nomm\u00e9 meilleur t\u00e9l\u00e9viseur \u00e9conomique de 2025. Le U65QF remplace l&rsquo;ancien U6N, un mod\u00e8le appr\u00e9ci\u00e9 par de nombreux acheteurs car il offrait une qualit\u00e9 d&rsquo;image solide sans un prix \u00e9lev\u00e9. Cette version plus r\u00e9cente s&rsquo;appuie sur cette r\u00e9putation avec un panneau plus lumineux et un taux de rafra\u00eechissement plus rapide, ce qui la rend plus flexible, que vous regardiez principalement des films, du sport ou passiez du temps \u00e0 jouer.<\/p>\n<div class=\"pogoClear mb-12 mt-10 rounded-md border-2 border-gray-100 py-7 shadow-xl md:py-6\">\n<div class=\"flex flex-wrap justify-between px-7 text-black no-underline md:flex-nowrap md:px-8\">\n<div class=\"order-1 mx-auto flex flex-col justify-center md:order-2 md:ml-4 md:w-full md:grow\">\n<div class=\"block cursor-pointer text-center font-akshar text-2xl font-medium leading-7 text-brand-green duration-200 ease-in-out hover:text-brand-green-700 md:text-left md:text-xl md:leading-6\">T\u00e9l\u00e9viseur intelligent Fire Hisense de 100\u00a0pouces\n                <\/div>\n<div class=\"mt-4 block font-sans text-sm font-medium leading-4 text-gray-900 md:mx-0 md:mt-2\">\n                    <\/div>\n<div class=\"mt-4 hidden md:flex md:justify-between\">\n<div class=\"self-end\">\n<div class=\"mb-0 h-11 md:flex md:flex-col md:justify-center\">\n<div class=\" font-sans leading-4 text-black\">\n<div class=\"flex flex-wrap items-center justify-center gap-1 md:justify-start\">\n        <span class=\"font-bold\"><\/p>\n<p>            1\u00a0497,99\u00a0$<br \/>\n                            <span class=\"font-medium\">chez Amazon<\/span><br \/>\n                    <\/span>\n            <\/div>\n<div class=\"flex items-center justify-center gap-x-1 font-bold md:justify-start\">\n            <span class=\"text-sm line-through\">1\u00a0997,99\u00a0$<\/span><br \/>\n            <span class=\"text-sm text-brand-green\">\u00c9conomisez 500,00\u00a0$<\/span>\n        <\/div>\n<\/p><\/div>\n<\/p><\/div>\n<\/p><\/div>\n<div class=\"w-44 self-end\">\n                            <button class=\"flex justify-center items-center w-full bg-brand-green text-white text-base font-sans font-medium rounded-md hover:bg-brand-green-700 hover:cursor-pointer md:text-sm h-11\"><\/p>\n<p>    Obtenez une offre<br \/>\n<\/button>\n                        <\/div>\n<\/p><\/div>\n<\/p><\/div>\n<div class=\"order-2 mt-5 h-auto w-full md:order-1 md:mt-0 md:hidden\">\n<div class=\"flex aspect-video items-center justify-center\">\n                                            <img decoding=\"async\" class=\"m-0 max-h-full max-w-full rounded-md\" src=\"https:\/\/vieassociative.be\/actualites\/wp-content\/uploads\/2026\/03\/Cet-enorme-televiseur-Hisense-de-100-pouces-est-a-500.jpg\" alt=\"100\" Hisense U6 Series 4K Mini-LED QLED Smart TV (2025 Model)\" width=\"auto\" height=\"auto\" loading=\"lazy\">\n                                    <\/div>\n<\/p><\/div>\n<div class=\"order-2 ml-2 hidden w-32 shrink-0 items-center md:order-1 md:ml-0 md:flex\">\n<div class=\"flex aspect-video items-center justify-center\">\n                                            <img decoding=\"async\" class=\"m-0 max-h-full max-w-full rounded-md\" src=\"https:\/\/vieassociative.be\/actualites\/wp-content\/uploads\/2026\/03\/Cet-enorme-televiseur-Hisense-de-100-pouces-est-a-500.jpg\" alt=\"100\" Hisense U6 Series 4K Mini-LED QLED Smart TV (2025 Model)\" width=\"auto\" height=\"auto\" loading=\"lazy\">\n                                    <\/div>\n<\/p><\/div>\n<div class=\"order-3 flex grow flex-wrap md:hidden md:grow-0\">\n<div class=\"mt-4 w-full\">\n                        <button class=\"flex justify-center items-center w-full bg-brand-green text-white text-base font-sans font-medium rounded-md hover:bg-brand-green-700 hover:cursor-pointer md:text-sm h-11\"><\/p>\n<p>    Obtenez une offre<br \/>\n<\/button>\n                    <\/div>\n<div class=\"mx-2 mt-4 w-full\">\n<div class=\" font-sans leading-4 text-black\">\n<div class=\"flex flex-wrap items-center justify-center gap-1 md:justify-start\">\n        <span class=\"font-bold\"><\/p>\n<p>            1\u00a0497,99\u00a0$<br \/>\n                            <span class=\"font-medium\">chez Amazon<\/span><br \/>\n                    <\/span>\n            <\/div>\n<div class=\"flex items-center justify-center gap-x-1 font-bold md:justify-start\">\n            <span class=\"text-sm line-through\">1\u00a0997,99\u00a0$<\/span><br \/>\n            <span class=\"text-sm text-brand-green\">\u00c9conomisez 500,00\u00a0$<\/span>\n        <\/div>\n<\/p><\/div>\n<\/p><\/div>\n<\/p><\/div>\n<\/p><\/div>\n<\/div>\n<p>Le U65QF est un t\u00e9l\u00e9viseur QLED mini-LED avec une r\u00e9solution 4K et atteint environ 1 024 nits de luminosit\u00e9, ce qui est sup\u00e9rieur \u00e0 celui de nombreux t\u00e9l\u00e9viseurs de cette gamme de prix. Cette luminosit\u00e9 suppl\u00e9mentaire permet aux formats HDR tels que Dolby Vision, HDR10, HDR10+ et HLG d&rsquo;afficher des reflets plus forts et plus de profondeur dans les sc\u00e8nes avec des lumi\u00e8res vives ou du soleil. Les couleurs semblent riches mais restent g\u00e9n\u00e9ralement naturelles au lieu d\u2019\u00eatre trop satur\u00e9es. Cela dit, comme pour de nombreux t\u00e9l\u00e9viseurs mini-LED, une certaine floraison peut appara\u00eetre autour d&rsquo;objets lumineux sur des fonds sombres, mais ce compromis est courant \u00e0 ce prix. Les performances de jeu sont \u00e9galement meilleures que ce \u00e0 quoi on pourrait s&rsquo;attendre pour un mod\u00e8le \u00e9conomique, avec la prise en charge d&rsquo;un taux de rafra\u00eechissement de 144 Hz, d&rsquo;un taux de rafra\u00eechissement variable et d&rsquo;AMD FreeSync Premium Pro. De plus, le d\u00e9calage d&rsquo;entr\u00e9e mesur\u00e9 se situe autour de 13,1 millisecondes en 4K60 et de 4,6 millisecondes en 1080p120 (ce qui signifie qu&rsquo;il est suffisamment r\u00e9actif pour la plupart des jeux sur console ou PC), note cette revue PCMag. Pour les connexions, vous disposez de quatre ports HDMI, dont deux prenant en charge la 4K \u00e0 144 Hz, ainsi qu&rsquo;un port eARC pour une barre de son ou un r\u00e9cepteur.<\/p>\n<p>Un changement que les gens remarqueront peut-\u00eatre imm\u00e9diatement est le logiciel. Au lieu de Google TV, ce mod\u00e8le ex\u00e9cute la plateforme Fire TV d&rsquo;Amazon. L&rsquo;avantage est l&rsquo;acc\u00e8s \u00e0 presque tous les principaux services de streaming, notamment Netflix, Disney+, YouTube, Apple TV et Prime Video, ainsi qu&rsquo;\u00e0 Apple AirPlay pour le streaming depuis des iPhones ou des Mac. L&rsquo;inconv\u00e9nient est que m\u00eame si l&rsquo;interface fonctionne bien, elle a tendance \u00e0 afficher de nombreuses recommandations et publicit\u00e9s sur l&rsquo;\u00e9cran d&rsquo;accueil. Les commandes vocales Alexa sont disponibles, mais le t\u00e9l\u00e9viseur n&rsquo;inclut pas de microphones mains libres, vous devez donc appuyer sur le bouton vocal de la t\u00e9l\u00e9commande pour parler. Rien de tout cela n\u2019affecte la qualit\u00e9 de l\u2019image, mais cela modifie l\u00e9g\u00e8rement l\u2019exp\u00e9rience globale par rapport aux mod\u00e8les Hisense pr\u00e9c\u00e9dents.<\/p>\n<hr>\n<div class=\" relative flex justify-center py-16 md:left-1\/2 md:w-(780px) md:max-w-max md:-translate-x-1\/2\">\n<div class=\"w-max text-center sm:text-left\">\n<div class=\"custom-gradient-background mb-6 rounded-md p-(2px) sm:rounded-tl-none\">\n<div class=\"flex flex-col rounded bg-white sm:rounded-tl-none\">\n                    <span class=\"-mt-4 block w-fit max-w-(calc(100%-1rem)) self-center bg-white px-3 text-center font-akshar text-xl font-medium capitalize text-gray-800 sm:max-w-(calc(100%-2.5rem)) sm:self-start sm:px-10 sm:text-left sm:text-2xl\">Nos meilleures offres technologiques approuv\u00e9es par les \u00e9diteurs en ce moment<\/span><\/p>\n<div class=\"flex flex-col gap-3 p-3 pb-4 text-sm sm:p-10 sm:pt-6 sm:text-justify sm:text-base\">\n<div>\n<p>    \u00c9couteurs sans fil \u00e0 suppression active du bruit Apple AirPods 4<\/p>\n<p>                                <span class=\"text-black\"><br \/>\n                                    \u2014<br \/>\n                                    <span class=\"font-bold\">119,99\u00a0$<\/span><br \/>\n                                    <span class=\"!text-xs italic sm:!text-sm\"><\/p>\n<p>                                        (Prix catalogue 179,00 $)<br \/>\n                                    <\/span><br \/>\n                                <\/span>\n                            <\/div>\n<div>\n<p>    Samsung Galaxy S26 512 Go + carte-cadeau Amazon de 100 $ (noir)<\/p>\n<p>                                <span class=\"text-black\"><br \/>\n                                    \u2014<br \/>\n                                    <span class=\"font-bold\">899,99\u00a0$<\/span><br \/>\n                                    <span class=\"!text-xs italic sm:!text-sm\"><\/p>\n<p>                                        (Prix catalogue 1\u00a0099,99\u00a0$)<br \/>\n                                    <\/span><br \/>\n                                <\/span>\n                            <\/div>\n<div>\n<p>    Google Pixel 10a 128 Go 6,3&Prime; Smartphone d\u00e9bloqu\u00e9 + carte-cadeau de 100\u00a0$<\/p>\n<p>                                <span class=\"text-black\"><br \/>\n                                    \u2014<br \/>\n                                    <span class=\"font-bold\">599,00\u00a0$<\/span><br \/>\n                                    <span class=\"!text-xs italic sm:!text-sm\"><\/p>\n<p>                                        (Prix catalogue 599,00 $)<br \/>\n                                    <\/span><br \/>\n                                <\/span>\n                            <\/div>\n<div>\n<p>    Apple iPad 11&Prime; 128 Go A16 WiFi Tablette (Bleu, 2025)<\/p>\n<p>                                <span class=\"text-black\"><br \/>\n                                    \u2014<br \/>\n                                    <span class=\"font-bold\">329,99\u00a0$<\/span><br \/>\n                                    <span class=\"!text-xs italic sm:!text-sm\"><\/p>\n<p>                                        (Prix catalogue 349,00 $)<br \/>\n                                    <\/span><br \/>\n                                <\/span>\n                            <\/div>\n<div>\n<p>    Apple Watch Series 11 (GPS, 42 mm, bracelet sport noir S\/M)<\/p>\n<p>                                <span class=\"text-black\"><br \/>\n                                    \u2014<br \/>\n                                    <span class=\"font-bold\">299,00\u00a0$<\/span><br \/>\n                                    <span class=\"!text-xs italic sm:!text-sm\"><\/p>\n<p>                                        (Prix catalogue 399,00 $)<br \/>\n                                    <\/span><br \/>\n                                <\/span>\n                            <\/div>\n<div>\n<p>    Barre de son Amazon Fire TV<\/p>\n<p>                                <span class=\"text-black\"><br \/>\n                                    \u2014<br \/>\n                                    <span class=\"font-bold\">99,99\u00a0$<\/span><br \/>\n                                    <span class=\"!text-xs italic sm:!text-sm\"><\/p>\n<p>                                        (Prix catalogue 119,99 $)<br \/>\n                                    <\/span><br \/>\n                                <\/span>\n                            <\/div>\n<\/p><\/div>\n<\/p><\/div>\n<\/p><\/div>\n<div class=\"flex flex-col items-center justify-between text-black sm:flex-row sm:px-6\">\n                <span class=\"text-xs italic sm:ml-7 sm:text-sm\">Les offres sont s\u00e9lectionn\u00e9es par notre \u00e9quipe commerciale<\/span><\/p><\/div>\n<\/p><\/div>\n<\/p><\/div>\n","protected":false},"excerpt":{"rendered":"<p>Nous pouvons gagner une commission sur les liens sur cette page. Les prix et la disponibilit\u00e9 de l&rsquo;offre sont sujets \u00e0 changement apr\u00e8s la publication.<\/p>\n","protected":false},"author":1,"featured_media":12993,"comment_status":"","ping_status":"","sticky":false,"template":"","format":"standard","meta":{"footnotes":""},"categories":[10226],"tags":[216,3334,76,2105,1429,1980,308,1978],"class_list":["post-12992","post","type-post","status-publish","format-standard","has-post-thumbnail","hentry","category-tvs","tag-cet","tag-enorme","tag-est","tag-hisense","tag-moment","tag-pouces","tag-reduction","tag-televiseur","generate-columns","tablet-grid-50","mobile-grid-100","grid-parent","grid-33"],"yoast_head":"<!-- This site is optimized with the Yoast SEO plugin v24.0 - https:\/\/yoast.com\/wordpress\/plugins\/seo\/ -->\n<title>Cet \u00e9norme t\u00e9l\u00e9viseur Hisense de 100 pouces est \u00e0 500 $ de r\u00e9duction en ce moment | Vie Associative<\/title>\n<meta name=\"robots\" content=\"index, follow, max-snippet:-1, max-image-preview:large, max-video-preview:-1\" \/>\n<link rel=\"canonical\" href=\"https:\/\/vieassociative.be\/actualites\/cet-enorme-televiseur-hisense-de-100-pouces-est-a-500-de-reduction-en-ce-moment\/\" \/>\n<meta property=\"og:locale\" content=\"fr_FR\" \/>\n<meta property=\"og:type\" content=\"article\" \/>\n<meta property=\"og:title\" content=\"Cet \u00e9norme t\u00e9l\u00e9viseur Hisense de 100 pouces est \u00e0 500 $ de r\u00e9duction en ce moment | Vie Associative\" \/>\n<meta property=\"og:description\" content=\"Nous pouvons gagner une commission sur les liens sur cette page. Les prix et la disponibilit\u00e9 de l&rsquo;offre sont sujets \u00e0 changement apr\u00e8s la publication.\" \/>\n<meta property=\"og:url\" content=\"https:\/\/vieassociative.be\/actualites\/cet-enorme-televiseur-hisense-de-100-pouces-est-a-500-de-reduction-en-ce-moment\/\" \/>\n<meta property=\"og:site_name\" content=\"Vie Associative\" \/>\n<meta property=\"article:published_time\" content=\"2026-03-12T14:19:59+00:00\" \/>\n<meta property=\"og:image\" content=\"https:\/\/vieassociative.be\/actualites\/wp-content\/uploads\/2026\/03\/Cet-enorme-televiseur-Hisense-de-100-pouces-est-a-500.jpg\" \/>\n<meta name=\"author\" content=\"Julien\" \/>\n<meta name=\"twitter:card\" content=\"summary_large_image\" \/>\n<meta name=\"twitter:label1\" content=\"\u00c9crit par\" \/>\n\t<meta name=\"twitter:data1\" content=\"Julien\" \/>\n\t<meta name=\"twitter:label2\" content=\"Dur\u00e9e de lecture est.\" \/>\n\t<meta name=\"twitter:data2\" content=\"3 minutes\" \/>\n<script type=\"application\/ld+json\" class=\"yoast-schema-graph\">{\"@context\":\"https:\/\/schema.org\",\"@graph\":[{\"@type\":\"Article\",\"@id\":\"https:\/\/vieassociative.be\/actualites\/cet-enorme-televiseur-hisense-de-100-pouces-est-a-500-de-reduction-en-ce-moment\/#article\",\"isPartOf\":{\"@id\":\"https:\/\/vieassociative.be\/actualites\/cet-enorme-televiseur-hisense-de-100-pouces-est-a-500-de-reduction-en-ce-moment\/\"},\"author\":{\"name\":\"Julien\",\"@id\":\"https:\/\/vieassociative.be\/actualites\/#\/schema\/person\/b87ac4f82f9d4e7b7cec7395b679edc4\"},\"headline\":\"Cet \u00e9norme t\u00e9l\u00e9viseur Hisense de 100 pouces est \u00e0 500 $ de r\u00e9duction en ce moment\",\"datePublished\":\"2026-03-12T14:19:59+00:00\",\"dateModified\":\"2026-03-12T14:19:59+00:00\",\"mainEntityOfPage\":{\"@id\":\"https:\/\/vieassociative.be\/actualites\/cet-enorme-televiseur-hisense-de-100-pouces-est-a-500-de-reduction-en-ce-moment\/\"},\"wordCount\":703,\"publisher\":{\"@id\":\"https:\/\/vieassociative.be\/actualites\/#organization\"},\"image\":{\"@id\":\"https:\/\/vieassociative.be\/actualites\/cet-enorme-televiseur-hisense-de-100-pouces-est-a-500-de-reduction-en-ce-moment\/#primaryimage\"},\"thumbnailUrl\":\"https:\/\/vieassociative.be\/actualites\/wp-content\/uploads\/2026\/03\/Cet-enorme-televiseur-Hisense-de-100-pouces-est-a-500.png\",\"keywords\":[\"cet\",\"\u00e9norme\",\"est\",\"Hisense\",\"moment\",\"pouces\",\"r\u00e9duction\",\"t\u00e9l\u00e9viseur\"],\"articleSection\":[\"Tvs\"],\"inLanguage\":\"fr-BE\"},{\"@type\":\"WebPage\",\"@id\":\"https:\/\/vieassociative.be\/actualites\/cet-enorme-televiseur-hisense-de-100-pouces-est-a-500-de-reduction-en-ce-moment\/\",\"url\":\"https:\/\/vieassociative.be\/actualites\/cet-enorme-televiseur-hisense-de-100-pouces-est-a-500-de-reduction-en-ce-moment\/\",\"name\":\"Cet \u00e9norme t\u00e9l\u00e9viseur Hisense de 100 pouces est \u00e0 500 $ de r\u00e9duction en ce moment | Vie Associative\",\"isPartOf\":{\"@id\":\"https:\/\/vieassociative.be\/actualites\/#website\"},\"primaryImageOfPage\":{\"@id\":\"https:\/\/vieassociative.be\/actualites\/cet-enorme-televiseur-hisense-de-100-pouces-est-a-500-de-reduction-en-ce-moment\/#primaryimage\"},\"image\":{\"@id\":\"https:\/\/vieassociative.be\/actualites\/cet-enorme-televiseur-hisense-de-100-pouces-est-a-500-de-reduction-en-ce-moment\/#primaryimage\"},\"thumbnailUrl\":\"https:\/\/vieassociative.be\/actualites\/wp-content\/uploads\/2026\/03\/Cet-enorme-televiseur-Hisense-de-100-pouces-est-a-500.png\",\"datePublished\":\"2026-03-12T14:19:59+00:00\",\"dateModified\":\"2026-03-12T14:19:59+00:00\",\"breadcrumb\":{\"@id\":\"https:\/\/vieassociative.be\/actualites\/cet-enorme-televiseur-hisense-de-100-pouces-est-a-500-de-reduction-en-ce-moment\/#breadcrumb\"},\"inLanguage\":\"fr-BE\",\"potentialAction\":[{\"@type\":\"ReadAction\",\"target\":[\"https:\/\/vieassociative.be\/actualites\/cet-enorme-televiseur-hisense-de-100-pouces-est-a-500-de-reduction-en-ce-moment\/\"]}]},{\"@type\":\"ImageObject\",\"inLanguage\":\"fr-BE\",\"@id\":\"https:\/\/vieassociative.be\/actualites\/cet-enorme-televiseur-hisense-de-100-pouces-est-a-500-de-reduction-en-ce-moment\/#primaryimage\",\"url\":\"https:\/\/vieassociative.be\/actualites\/wp-content\/uploads\/2026\/03\/Cet-enorme-televiseur-Hisense-de-100-pouces-est-a-500.png\",\"contentUrl\":\"https:\/\/vieassociative.be\/actualites\/wp-content\/uploads\/2026\/03\/Cet-enorme-televiseur-Hisense-de-100-pouces-est-a-500.png\",\"width\":1200,\"height\":675,\"caption\":\"Cet \u00e9norme t\u00e9l\u00e9viseur Hisense de 100 pouces est \u00e0 500 $ de r\u00e9duction en ce moment\"},{\"@type\":\"BreadcrumbList\",\"@id\":\"https:\/\/vieassociative.be\/actualites\/cet-enorme-televiseur-hisense-de-100-pouces-est-a-500-de-reduction-en-ce-moment\/#breadcrumb\",\"itemListElement\":[{\"@type\":\"ListItem\",\"position\":1,\"name\":\"Accueil\",\"item\":\"https:\/\/vieassociative.be\/actualites\/\"},{\"@type\":\"ListItem\",\"position\":2,\"name\":\"Cet \u00e9norme t\u00e9l\u00e9viseur Hisense de 100 pouces est \u00e0 500 $ de r\u00e9duction en ce moment\"}]},{\"@type\":\"WebSite\",\"@id\":\"https:\/\/vieassociative.be\/actualites\/#website\",\"url\":\"https:\/\/vieassociative.be\/actualites\/\",\"name\":\"Vie Associative\",\"description\":\"\",\"publisher\":{\"@id\":\"https:\/\/vieassociative.be\/actualites\/#organization\"},\"potentialAction\":[{\"@type\":\"SearchAction\",\"target\":{\"@type\":\"EntryPoint\",\"urlTemplate\":\"https:\/\/vieassociative.be\/actualites\/?s={search_term_string}\"},\"query-input\":{\"@type\":\"PropertyValueSpecification\",\"valueRequired\":true,\"valueName\":\"search_term_string\"}}],\"inLanguage\":\"fr-BE\"},{\"@type\":\"Organization\",\"@id\":\"https:\/\/vieassociative.be\/actualites\/#organization\",\"name\":\"Vie Associative\",\"url\":\"https:\/\/vieassociative.be\/actualites\/\",\"logo\":{\"@type\":\"ImageObject\",\"inLanguage\":\"fr-BE\",\"@id\":\"https:\/\/vieassociative.be\/actualites\/#\/schema\/logo\/image\/\",\"url\":\"https:\/\/vieassociative.be\/actualites\/wp-content\/uploads\/2024\/09\/cropped-vieassociative_favicon.ico.png\",\"contentUrl\":\"https:\/\/vieassociative.be\/actualites\/wp-content\/uploads\/2024\/09\/cropped-vieassociative_favicon.ico.png\",\"width\":512,\"height\":512,\"caption\":\"Vie Associative\"},\"image\":{\"@id\":\"https:\/\/vieassociative.be\/actualites\/#\/schema\/logo\/image\/\"}},{\"@type\":\"Person\",\"@id\":\"https:\/\/vieassociative.be\/actualites\/#\/schema\/person\/b87ac4f82f9d4e7b7cec7395b679edc4\",\"name\":\"Julien\",\"image\":{\"@type\":\"ImageObject\",\"inLanguage\":\"fr-BE\",\"@id\":\"https:\/\/vieassociative.be\/actualites\/#\/schema\/person\/image\/\",\"url\":\"https:\/\/vieassociative.be\/actualites\/wp-content\/uploads\/2024\/09\/vie-associative-1-150x150.jpg\",\"contentUrl\":\"https:\/\/vieassociative.be\/actualites\/wp-content\/uploads\/2024\/09\/vie-associative-1-150x150.jpg\",\"caption\":\"Julien\"},\"description\":\"Je suis Julien, r\u00e9dacteur pour Vie Associative. Passionn\u00e9 par le monde associatif depuis plus de 10 ans, j'ai \u00e0 c\u0153ur de partager des histoires inspirantes et de mettre en lumi\u00e8re les initiatives locales. Mon objectif est de sensibiliser et d'encourager l'engagement communautaire \u00e0 travers mes articles.\",\"sameAs\":[\"https:\/\/vieassociative.be\/\"]}]}<\/script>\n<!-- \/ Yoast SEO plugin. -->","yoast_head_json":{"title":"Cet \u00e9norme t\u00e9l\u00e9viseur Hisense de 100 pouces est \u00e0 500 $ de r\u00e9duction en ce moment | Vie Associative","robots":{"index":"index","follow":"follow","max-snippet":"max-snippet:-1","max-image-preview":"max-image-preview:large","max-video-preview":"max-video-preview:-1"},"canonical":"https:\/\/vieassociative.be\/actualites\/cet-enorme-televiseur-hisense-de-100-pouces-est-a-500-de-reduction-en-ce-moment\/","og_locale":"fr_FR","og_type":"article","og_title":"Cet \u00e9norme t\u00e9l\u00e9viseur Hisense de 100 pouces est \u00e0 500 $ de r\u00e9duction en ce moment | Vie Associative","og_description":"Nous pouvons gagner une commission sur les liens sur cette page. Les prix et la disponibilit\u00e9 de l&rsquo;offre sont sujets \u00e0 changement apr\u00e8s la publication.","og_url":"https:\/\/vieassociative.be\/actualites\/cet-enorme-televiseur-hisense-de-100-pouces-est-a-500-de-reduction-en-ce-moment\/","og_site_name":"Vie Associative","article_published_time":"2026-03-12T14:19:59+00:00","og_image":[{"url":"https:\/\/vieassociative.be\/actualites\/wp-content\/uploads\/2026\/03\/Cet-enorme-televiseur-Hisense-de-100-pouces-est-a-500.jpg","type":"","width":"","height":""}],"author":"Julien","twitter_card":"summary_large_image","twitter_misc":{"\u00c9crit par":"Julien","Dur\u00e9e de lecture est.":"3 minutes"},"schema":{"@context":"https:\/\/schema.org","@graph":[{"@type":"Article","@id":"https:\/\/vieassociative.be\/actualites\/cet-enorme-televiseur-hisense-de-100-pouces-est-a-500-de-reduction-en-ce-moment\/#article","isPartOf":{"@id":"https:\/\/vieassociative.be\/actualites\/cet-enorme-televiseur-hisense-de-100-pouces-est-a-500-de-reduction-en-ce-moment\/"},"author":{"name":"Julien","@id":"https:\/\/vieassociative.be\/actualites\/#\/schema\/person\/b87ac4f82f9d4e7b7cec7395b679edc4"},"headline":"Cet \u00e9norme t\u00e9l\u00e9viseur Hisense de 100 pouces est \u00e0 500 $ de r\u00e9duction en ce moment","datePublished":"2026-03-12T14:19:59+00:00","dateModified":"2026-03-12T14:19:59+00:00","mainEntityOfPage":{"@id":"https:\/\/vieassociative.be\/actualites\/cet-enorme-televiseur-hisense-de-100-pouces-est-a-500-de-reduction-en-ce-moment\/"},"wordCount":703,"publisher":{"@id":"https:\/\/vieassociative.be\/actualites\/#organization"},"image":{"@id":"https:\/\/vieassociative.be\/actualites\/cet-enorme-televiseur-hisense-de-100-pouces-est-a-500-de-reduction-en-ce-moment\/#primaryimage"},"thumbnailUrl":"https:\/\/vieassociative.be\/actualites\/wp-content\/uploads\/2026\/03\/Cet-enorme-televiseur-Hisense-de-100-pouces-est-a-500.png","keywords":["cet","\u00e9norme","est","Hisense","moment","pouces","r\u00e9duction","t\u00e9l\u00e9viseur"],"articleSection":["Tvs"],"inLanguage":"fr-BE"},{"@type":"WebPage","@id":"https:\/\/vieassociative.be\/actualites\/cet-enorme-televiseur-hisense-de-100-pouces-est-a-500-de-reduction-en-ce-moment\/","url":"https:\/\/vieassociative.be\/actualites\/cet-enorme-televiseur-hisense-de-100-pouces-est-a-500-de-reduction-en-ce-moment\/","name":"Cet \u00e9norme t\u00e9l\u00e9viseur Hisense de 100 pouces est \u00e0 500 $ de r\u00e9duction en ce moment | Vie Associative","isPartOf":{"@id":"https:\/\/vieassociative.be\/actualites\/#website"},"primaryImageOfPage":{"@id":"https:\/\/vieassociative.be\/actualites\/cet-enorme-televiseur-hisense-de-100-pouces-est-a-500-de-reduction-en-ce-moment\/#primaryimage"},"image":{"@id":"https:\/\/vieassociative.be\/actualites\/cet-enorme-televiseur-hisense-de-100-pouces-est-a-500-de-reduction-en-ce-moment\/#primaryimage"},"thumbnailUrl":"https:\/\/vieassociative.be\/actualites\/wp-content\/uploads\/2026\/03\/Cet-enorme-televiseur-Hisense-de-100-pouces-est-a-500.png","datePublished":"2026-03-12T14:19:59+00:00","dateModified":"2026-03-12T14:19:59+00:00","breadcrumb":{"@id":"https:\/\/vieassociative.be\/actualites\/cet-enorme-televiseur-hisense-de-100-pouces-est-a-500-de-reduction-en-ce-moment\/#breadcrumb"},"inLanguage":"fr-BE","potentialAction":[{"@type":"ReadAction","target":["https:\/\/vieassociative.be\/actualites\/cet-enorme-televiseur-hisense-de-100-pouces-est-a-500-de-reduction-en-ce-moment\/"]}]},{"@type":"ImageObject","inLanguage":"fr-BE","@id":"https:\/\/vieassociative.be\/actualites\/cet-enorme-televiseur-hisense-de-100-pouces-est-a-500-de-reduction-en-ce-moment\/#primaryimage","url":"https:\/\/vieassociative.be\/actualites\/wp-content\/uploads\/2026\/03\/Cet-enorme-televiseur-Hisense-de-100-pouces-est-a-500.png","contentUrl":"https:\/\/vieassociative.be\/actualites\/wp-content\/uploads\/2026\/03\/Cet-enorme-televiseur-Hisense-de-100-pouces-est-a-500.png","width":1200,"height":675,"caption":"Cet \u00e9norme t\u00e9l\u00e9viseur Hisense de 100 pouces est \u00e0 500 $ de r\u00e9duction en ce moment"},{"@type":"BreadcrumbList","@id":"https:\/\/vieassociative.be\/actualites\/cet-enorme-televiseur-hisense-de-100-pouces-est-a-500-de-reduction-en-ce-moment\/#breadcrumb","itemListElement":[{"@type":"ListItem","position":1,"name":"Accueil","item":"https:\/\/vieassociative.be\/actualites\/"},{"@type":"ListItem","position":2,"name":"Cet \u00e9norme t\u00e9l\u00e9viseur Hisense de 100 pouces est \u00e0 500 $ de r\u00e9duction en ce moment"}]},{"@type":"WebSite","@id":"https:\/\/vieassociative.be\/actualites\/#website","url":"https:\/\/vieassociative.be\/actualites\/","name":"Vie Associative","description":"","publisher":{"@id":"https:\/\/vieassociative.be\/actualites\/#organization"},"potentialAction":[{"@type":"SearchAction","target":{"@type":"EntryPoint","urlTemplate":"https:\/\/vieassociative.be\/actualites\/?s={search_term_string}"},"query-input":{"@type":"PropertyValueSpecification","valueRequired":true,"valueName":"search_term_string"}}],"inLanguage":"fr-BE"},{"@type":"Organization","@id":"https:\/\/vieassociative.be\/actualites\/#organization","name":"Vie Associative","url":"https:\/\/vieassociative.be\/actualites\/","logo":{"@type":"ImageObject","inLanguage":"fr-BE","@id":"https:\/\/vieassociative.be\/actualites\/#\/schema\/logo\/image\/","url":"https:\/\/vieassociative.be\/actualites\/wp-content\/uploads\/2024\/09\/cropped-vieassociative_favicon.ico.png","contentUrl":"https:\/\/vieassociative.be\/actualites\/wp-content\/uploads\/2024\/09\/cropped-vieassociative_favicon.ico.png","width":512,"height":512,"caption":"Vie Associative"},"image":{"@id":"https:\/\/vieassociative.be\/actualites\/#\/schema\/logo\/image\/"}},{"@type":"Person","@id":"https:\/\/vieassociative.be\/actualites\/#\/schema\/person\/b87ac4f82f9d4e7b7cec7395b679edc4","name":"Julien","image":{"@type":"ImageObject","inLanguage":"fr-BE","@id":"https:\/\/vieassociative.be\/actualites\/#\/schema\/person\/image\/","url":"https:\/\/vieassociative.be\/actualites\/wp-content\/uploads\/2024\/09\/vie-associative-1-150x150.jpg","contentUrl":"https:\/\/vieassociative.be\/actualites\/wp-content\/uploads\/2024\/09\/vie-associative-1-150x150.jpg","caption":"Julien"},"description":"Je suis Julien, r\u00e9dacteur pour Vie Associative. Passionn\u00e9 par le monde associatif depuis plus de 10 ans, j'ai \u00e0 c\u0153ur de partager des histoires inspirantes et de mettre en lumi\u00e8re les initiatives locales. Mon objectif est de sensibiliser et d'encourager l'engagement communautaire \u00e0 travers mes articles.","sameAs":["https:\/\/vieassociative.be\/"]}]}},"_links":{"self":[{"href":"https:\/\/vieassociative.be\/actualites\/wp-json\/wp\/v2\/posts\/12992"}],"collection":[{"href":"https:\/\/vieassociative.be\/actualites\/wp-json\/wp\/v2\/posts"}],"about":[{"href":"https:\/\/vieassociative.be\/actualites\/wp-json\/wp\/v2\/types\/post"}],"author":[{"embeddable":true,"href":"https:\/\/vieassociative.be\/actualites\/wp-json\/wp\/v2\/users\/1"}],"replies":[{"embeddable":true,"href":"https:\/\/vieassociative.be\/actualites\/wp-json\/wp\/v2\/comments?post=12992"}],"version-history":[{"count":0,"href":"https:\/\/vieassociative.be\/actualites\/wp-json\/wp\/v2\/posts\/12992\/revisions"}],"wp:featuredmedia":[{"embeddable":true,"href":"https:\/\/vieassociative.be\/actualites\/wp-json\/wp\/v2\/media\/12993"}],"wp:attachment":[{"href":"https:\/\/vieassociative.be\/actualites\/wp-json\/wp\/v2\/media?parent=12992"}],"wp:term":[{"taxonomy":"category","embeddable":true,"href":"https:\/\/vieassociative.be\/actualites\/wp-json\/wp\/v2\/categories?post=12992"},{"taxonomy":"post_tag","embeddable":true,"href":"https:\/\/vieassociative.be\/actualites\/wp-json\/wp\/v2\/tags?post=12992"}],"curies":[{"name":"wp","href":"https:\/\/api.w.org\/{rel}","templated":true}]}}