{"id":12990,"date":"2026-03-12T09:16:57","date_gmt":"2026-03-12T08:16:57","guid":{"rendered":"https:\/\/vieassociative.be\/actualites\/tout-ce-que-nous-savons-jusqua-present-sur-les-prochaines-soldes-de-printemps-damazon\/"},"modified":"2026-03-12T09:16:57","modified_gmt":"2026-03-12T08:16:57","slug":"tout-ce-que-nous-savons-jusqua-present-sur-les-prochaines-soldes-de-printemps-damazon","status":"publish","type":"post","link":"https:\/\/vieassociative.be\/actualites\/tout-ce-que-nous-savons-jusqua-present-sur-les-prochaines-soldes-de-printemps-damazon\/","title":{"rendered":"Tout ce que nous savons jusqu&rsquo;\u00e0 pr\u00e9sent sur les prochaines soldes de printemps d&rsquo;Amazon"},"content":{"rendered":"<p>Nous pouvons gagner une commission sur les liens sur cette page.<\/p>\n<p>La premi\u00e8re grande vente de l&rsquo;ann\u00e9e sur Amazon approche \u00e0 grands pas. Si vous n&rsquo;avez pas fini de rembourser vos cartes de cr\u00e9dit pendant les vacances, attachez votre ceinture, car le d\u00e9taillant en ligne est pr\u00eat pour un autre tour. Voici tout ce que vous devez savoir sur la prochaine grande vente de printemps d&rsquo;Amazon, y compris quelques conseils pour l&rsquo;acheter correctement. <\/p>\n<h2 id=\"what-is-amazons-big-spring-sale\">Qu&rsquo;est-ce que la grande vente de printemps d&rsquo;Amazon ?<\/h2>\n<p>La grande vente de printemps d&rsquo;Amazon est la version printani\u00e8re du Prime Day, m\u00eame si elle dure plus longtemps et propose des offres moins impressionnantes. Historiquement, il s&rsquo;agissait d&rsquo;une vente de sept jours, avec des offres ax\u00e9es sur les articles saisonniers, des v\u00eatements d&rsquo;hiver et de printemps aux produits de voyage, \u00e9quipements de sport, meubles, outils de jardinage et d&rsquo;entretien de la pelouse, grils et solutions de stockage. (Et, bien s\u00fbr, les produits technologiques, ce qui convient \u00e0 toutes les saisons.) La vente de 2026 sera la troisi\u00e8me fois qu&rsquo;Amazon organisera une vente de printemps, apr\u00e8s l&rsquo;avoir lanc\u00e9e en 2024.<\/p>\n<h2 id=\"when-is-amazons-big-spring-sale\">Quand a lieu la grande vente de printemps d&rsquo;Amazon ?<\/h2>\n<p>Amazon n&rsquo;a pas officiellement annonc\u00e9 la date de la grande vente de printemps, mais \u00e0 en juger par les ventes pr\u00e9c\u00e9dentes, elle se d\u00e9roulera probablement la derni\u00e8re semaine de mars.<\/p>\n<h2 id=\"do-you-need-to-be-a-prime-member-to-shop-for-amazons-big-spring-sale\">Avez-vous besoin d&rsquo;\u00eatre un membre Prime pour acheter les grandes soldes de printemps d&rsquo;Amazon\u00a0?<\/h2>\n<p>Vous n&rsquo;avez pas besoin d&rsquo;\u00eatre un membre Prime pour profiter de la grande vente de printemps d&rsquo;Amazon. Cependant, selon Amazon, les membres Prime b\u00e9n\u00e9ficieront d\u2019offres plus nombreuses et de meilleure qualit\u00e9. L&rsquo;adh\u00e9sion Prime commence \u00e0 <strong>14,99\u00a0$<\/strong> par mois. Vous pouvez calculer si un abonnement annuel Prime en vaut la peine pour vous, mais n&rsquo;oubliez pas que vous pouvez toujours annuler votre abonnement Prime une fois la vente termin\u00e9e : Amazon propose des essais gratuits de 30 jours, vous pouvez donc acheter toute la semaine de l&rsquo;\u00e9v\u00e9nement et annuler avant d&rsquo;effectuer un paiement d&rsquo;abonnement. (D\u00e9couvrez comment cr\u00e9er un compte Prime ici.)<\/p>\n<h2 id=\"what-can-you-expect-from-amazons-big-spring-sale\">Que pouvez-vous attendre de la grande vente de printemps d&rsquo;Amazon ?<\/h2>\n<p>Parce que la grande vente de printemps se d\u00e9roule dans le <em>printemps<\/em>vous verrez des offres de fin de saison dans les magasins d&rsquo;usine Amazon sur les articles d&rsquo;hiver, mais aussi sur les produits de printemps \u00e0 venir. Voici ce qui \u00e9tait en vente en 2025, ce qui vous donne une id\u00e9e de ce \u00e0 quoi vous pouvez vous attendre ce mois-ci :<\/p>\n<ul>\n<li>\n<p>Jusqu&rsquo;\u00e0 40 % de rabais sur une s\u00e9lection de mobilier d&rsquo;ext\u00e9rieur et de fournitures de jardinage<\/p>\n<\/li>\n<li>\n<p>Jusqu&rsquo;\u00e0 35 % de rabais sur certains \u00e9quipements de pelouse et de grillades<\/p>\n<\/li>\n<li>\n<p>Jusqu&rsquo;\u00e0 35\u00a0% de rabais sur une s\u00e9lection de rangements et de literie pour la maison<\/p>\n<\/li>\n<li>\n<p>Jusqu&rsquo;\u00e0 40\u00a0% de r\u00e9duction sur une s\u00e9lection de v\u00eatements et de produits de beaut\u00e9<\/p>\n<\/li>\n<li>\n<p>Jusqu&rsquo;\u00e0 40\u00a0% de r\u00e9duction sur une s\u00e9lection d&rsquo;articles essentiels de sport et de voyage<\/p>\n<\/li>\n<\/ul>\n<p>L&rsquo;ann\u00e9e derni\u00e8re, il y avait des \u00ab th\u00e8mes quotidiens \u00bb pour chaque jour de vente, et quel que soit le th\u00e8me de cette journ\u00e9e, vous pouviez trouver de meilleures r\u00e9ductions sur les produits de cette cat\u00e9gorie.<\/p>\n<h2 id=\"are-there-early-amazon-spring-sale-deals\">Existe-t-il des offres anticip\u00e9es sur les soldes de printemps d&rsquo;Amazon\u00a0?<\/h2>\n<p>Comme c\u2019est g\u00e9n\u00e9ralement le cas, de nombreuses premi\u00e8res transactions sont possibles. La plupart s\u2019am\u00e9lioreront probablement lors de la vente r\u00e9elle, mais certains seront tout aussi bons et disponibles d\u00e8s maintenant. Vous pouvez acheter la vente anticip\u00e9e sur cette page de destination d&rsquo;Amazon. Nous avons s\u00e9lectionn\u00e9 les meilleures offres technologiques sur notre page d&rsquo;offres, que vous pouvez suivre avant, pendant et apr\u00e8s la vente. Certaines offres particuli\u00e8rement int\u00e9ressantes en ce moment incluent le haut-parleur portable Soundcore Boom 3i et le nouvel iPad Air M4.<\/p>\n<h2 id=\"are-there-competing-sales-at-other-retailers\">Y a-t-il des ventes concurrentes chez d\u2019autres d\u00e9taillants\u00a0?<\/h2>\n<p>Oui. Target a d\u00e9j\u00e0 annonc\u00e9 son \u00e9v\u00e9nement de vente de mars. Walmart avait<strong> <\/strong>Super Savings Week l\u2019ann\u00e9e derni\u00e8re \u00e0 la m\u00eame \u00e9poque. Best Buy est un autre d\u00e9taillant qui est g\u00e9n\u00e9ralement en concurrence pour votre entreprise lors des soldes de printemps.<\/p>\n<h2 id=\"some-tips-for-saving-during-amazons-big-spring-sale\">Quelques conseils pour \u00e9conomiser pendant les grandes soldes de printemps d&rsquo;Amazon<\/h2>\n<p>Si c&rsquo;est la premi\u00e8re fois que vous magasinez dans une vente Amazon, vous devez savoir certaines choses de base. <\/p>\n<ul>\n<li>\n<p>Vous pouvez partager votre abonnement Prime avec les membres de votre famille m\u00eame s&rsquo;ils ne vivent pas avec vous.<\/p>\n<\/li>\n<li>\n<p>Vous pouvez d\u00e9finir des alertes de prix pour les produits de votre choix et vos appareils Alexa peuvent vous avertir lorsqu&rsquo;ils sont mis en vente.<\/p>\n<\/li>\n<li>\n<p>  Les outils de suivi des prix peuvent vous indiquer si l\u2019offre que vous envisagez est vraiment bonne ou non. <\/p>\n<\/li>\n<\/ul>\n<p>Mais si vous ne suivez qu&rsquo;un seul conseil pour faire vos achats lors des grandes soldes de printemps d&rsquo;Amazon, que ce soit celui-ci\u00a0: n&rsquo;achetez pas quelque chose que vous n&rsquo;allez pas acheter de toute fa\u00e7on. Un bon moyen de contr\u00f4ler vos d\u00e9penses impulsives est de dresser une liste des produits que vous <em>faire<\/em> voulez \u00e0 l\u2019avance et concentrez-vous uniquement sur ceux-l\u00e0. Et si vous avez besoin de parler \u00e0 un humain d&rsquo;Amazon pendant (ou apr\u00e8s) la vente, c&rsquo;est le moyen le plus rapide de le faire.<\/p>\n<div class=\" relative flex justify-center py-16 md:left-1\/2 md:w-(780px) md:max-w-max md:-translate-x-1\/2\">\n<div class=\"w-max text-center sm:text-left\">\n<div class=\"custom-gradient-background mb-6 rounded-md p-(2px) sm:rounded-tl-none\">\n<div class=\"flex flex-col rounded bg-white sm:rounded-tl-none\">\n                    <span class=\"-mt-4 block w-fit max-w-(calc(100%-1rem)) self-center bg-white px-3 text-center font-akshar text-xl font-medium capitalize text-gray-800 sm:max-w-(calc(100%-2.5rem)) sm:self-start sm:px-10 sm:text-left sm:text-2xl\">Nos meilleures offres technologiques approuv\u00e9es par les \u00e9diteurs en ce moment<\/span><\/p>\n<div class=\"flex flex-col gap-3 p-3 pb-4 text-sm sm:p-10 sm:pt-6 sm:text-justify sm:text-base\">\n<div>\n<p>    \u00c9couteurs sans fil \u00e0 suppression active du bruit Apple AirPods 4<\/p>\n<p>                                <span class=\"text-black\"><br \/>\n                                    \u2014<br \/>\n                                    <span class=\"font-bold\">119,99\u00a0$<\/span><br \/>\n                                    <span class=\"!text-xs italic sm:!text-sm\"><\/p>\n<p>                                        (Prix catalogue 179,00 $)<br \/>\n                                    <\/span><br \/>\n                                <\/span>\n                            <\/div>\n<div>\n<p>    Samsung Galaxy S26 512 Go + carte-cadeau Amazon de 100 $ (noir)<\/p>\n<p>                                <span class=\"text-black\"><br \/>\n                                    \u2014<br \/>\n                                    <span class=\"font-bold\">899,99\u00a0$<\/span><br \/>\n                                    <span class=\"!text-xs italic sm:!text-sm\"><\/p>\n<p>                                        (Prix catalogue 1\u00a0099,99\u00a0$)<br \/>\n                                    <\/span><br \/>\n                                <\/span>\n                            <\/div>\n<div>\n<p>    Google Pixel 10a 128 Go 6,3&Prime; Smartphone d\u00e9bloqu\u00e9 + carte-cadeau de 100\u00a0$<\/p>\n<p>                                <span class=\"text-black\"><br \/>\n                                    \u2014<br \/>\n                                    <span class=\"font-bold\">499,00\u00a0$<\/span><br \/>\n                                    <span class=\"!text-xs italic sm:!text-sm\"><\/p>\n<p>                                        (Prix catalogue 599,00 $)<br \/>\n                                    <\/span><br \/>\n                                <\/span>\n                            <\/div>\n<div>\n<p>    Apple iPad 11&Prime; 128 Go A16 WiFi Tablette (Bleu, 2025)<\/p>\n<p>                                <span class=\"text-black\"><br \/>\n                                    \u2014<br \/>\n                                    <span class=\"font-bold\">329,99\u00a0$<\/span><br \/>\n                                    <span class=\"!text-xs italic sm:!text-sm\"><\/p>\n<p>                                        (Prix catalogue 349,00 $)<br \/>\n                                    <\/span><br \/>\n                                <\/span>\n                            <\/div>\n<div>\n<p>    Apple Watch Series 11 (GPS, 42 mm, bracelet sport noir S\/M)<\/p>\n<p>                                <span class=\"text-black\"><br \/>\n                                    \u2014<br \/>\n                                    <span class=\"font-bold\">299,00\u00a0$<\/span><br \/>\n                                    <span class=\"!text-xs italic sm:!text-sm\"><\/p>\n<p>                                        (Prix catalogue 399,00 $)<br \/>\n                                    <\/span><br \/>\n                                <\/span>\n                            <\/div>\n<div>\n<p>    Barre de son Amazon Fire TV<\/p>\n<p>                                <span class=\"text-black\"><br \/>\n                                    \u2014<br \/>\n                                    <span class=\"font-bold\">99,99\u00a0$<\/span><br \/>\n                                    <span class=\"!text-xs italic sm:!text-sm\"><\/p>\n<p>                                        (Prix catalogue 119,99 $)<br \/>\n                                    <\/span><br \/>\n                                <\/span>\n                            <\/div>\n<\/p><\/div>\n<\/p><\/div>\n<\/p><\/div>\n<div class=\"flex flex-col items-center justify-between text-black sm:flex-row sm:px-6\">\n                <span class=\"text-xs italic sm:ml-7 sm:text-sm\">Les offres sont s\u00e9lectionn\u00e9es par notre \u00e9quipe commerciale<\/span><\/p><\/div>\n<\/p><\/div>\n<\/p><\/div>\n","protected":false},"excerpt":{"rendered":"<p>Nous pouvons gagner une commission sur les liens sur cette page. La premi\u00e8re grande vente de l&rsquo;ann\u00e9e sur Amazon approche \u00e0 grands pas. Si vous<\/p>\n","protected":false},"author":1,"featured_media":12991,"comment_status":"","ping_status":"","sticky":false,"template":"","format":"standard","meta":{"footnotes":""},"categories":[13],"tags":[1154,1269,14,393,3394,4943,8309,4320,2466,33,236],"class_list":["post-12990","post","type-post","status-publish","format-standard","has-post-thumbnail","hentry","category-technologie","tag-damazon","tag-jusqua","tag-les","tag-nous","tag-present","tag-printemps","tag-prochaines","tag-savons","tag-soldes","tag-sur","tag-tout","generate-columns","tablet-grid-50","mobile-grid-100","grid-parent","grid-33"],"yoast_head":"<!-- This site is optimized with the Yoast SEO plugin v24.0 - https:\/\/yoast.com\/wordpress\/plugins\/seo\/ -->\n<title>Tout ce que nous savons jusqu&#039;\u00e0 pr\u00e9sent sur les prochaines soldes de printemps d&#039;Amazon | Vie Associative<\/title>\n<meta name=\"robots\" content=\"index, follow, max-snippet:-1, max-image-preview:large, max-video-preview:-1\" \/>\n<link rel=\"canonical\" href=\"https:\/\/vieassociative.be\/actualites\/tout-ce-que-nous-savons-jusqua-present-sur-les-prochaines-soldes-de-printemps-damazon\/\" \/>\n<meta property=\"og:locale\" content=\"fr_FR\" \/>\n<meta property=\"og:type\" content=\"article\" \/>\n<meta property=\"og:title\" content=\"Tout ce que nous savons jusqu&#039;\u00e0 pr\u00e9sent sur les prochaines soldes de printemps d&#039;Amazon | Vie Associative\" \/>\n<meta property=\"og:description\" content=\"Nous pouvons gagner une commission sur les liens sur cette page. La premi\u00e8re grande vente de l&rsquo;ann\u00e9e sur Amazon approche \u00e0 grands pas. Si vous\" \/>\n<meta property=\"og:url\" content=\"https:\/\/vieassociative.be\/actualites\/tout-ce-que-nous-savons-jusqua-present-sur-les-prochaines-soldes-de-printemps-damazon\/\" \/>\n<meta property=\"og:site_name\" content=\"Vie Associative\" \/>\n<meta property=\"article:published_time\" content=\"2026-03-12T08:16:57+00:00\" \/>\n<meta property=\"og:image\" content=\"https:\/\/vieassociative.be\/actualites\/wp-content\/uploads\/2024\/09\/header_backgroundk-01-e1726694325946.png\" \/>\n\t<meta property=\"og:image:width\" content=\"279\" \/>\n\t<meta property=\"og:image:height\" content=\"92\" \/>\n\t<meta property=\"og:image:type\" content=\"image\/png\" \/>\n<meta name=\"author\" content=\"Julien\" \/>\n<meta name=\"twitter:card\" content=\"summary_large_image\" \/>\n<meta name=\"twitter:label1\" content=\"\u00c9crit par\" \/>\n\t<meta name=\"twitter:data1\" content=\"Julien\" \/>\n\t<meta name=\"twitter:label2\" content=\"Dur\u00e9e de lecture est.\" \/>\n\t<meta name=\"twitter:data2\" content=\"5 minutes\" \/>\n<script type=\"application\/ld+json\" class=\"yoast-schema-graph\">{\"@context\":\"https:\/\/schema.org\",\"@graph\":[{\"@type\":\"Article\",\"@id\":\"https:\/\/vieassociative.be\/actualites\/tout-ce-que-nous-savons-jusqua-present-sur-les-prochaines-soldes-de-printemps-damazon\/#article\",\"isPartOf\":{\"@id\":\"https:\/\/vieassociative.be\/actualites\/tout-ce-que-nous-savons-jusqua-present-sur-les-prochaines-soldes-de-printemps-damazon\/\"},\"author\":{\"name\":\"Julien\",\"@id\":\"https:\/\/vieassociative.be\/actualites\/#\/schema\/person\/b87ac4f82f9d4e7b7cec7395b679edc4\"},\"headline\":\"Tout ce que nous savons jusqu&rsquo;\u00e0 pr\u00e9sent sur les prochaines soldes de printemps d&rsquo;Amazon\",\"datePublished\":\"2026-03-12T08:16:57+00:00\",\"dateModified\":\"2026-03-12T08:16:57+00:00\",\"mainEntityOfPage\":{\"@id\":\"https:\/\/vieassociative.be\/actualites\/tout-ce-que-nous-savons-jusqua-present-sur-les-prochaines-soldes-de-printemps-damazon\/\"},\"wordCount\":1029,\"publisher\":{\"@id\":\"https:\/\/vieassociative.be\/actualites\/#organization\"},\"image\":{\"@id\":\"https:\/\/vieassociative.be\/actualites\/tout-ce-que-nous-savons-jusqua-present-sur-les-prochaines-soldes-de-printemps-damazon\/#primaryimage\"},\"thumbnailUrl\":\"https:\/\/vieassociative.be\/actualites\/wp-content\/uploads\/2026\/03\/Tout-ce-que-nous-savons-jusqua-present-sur-les-prochaines.jpg\",\"keywords\":[\"dAmazon\",\"jusqu\u00e0\",\"Les\",\"nous\",\"pr\u00e9sent\",\"printemps\",\"prochaines\",\"savons\",\"soldes\",\"sur\",\"tout\"],\"articleSection\":[\"Technologie\"],\"inLanguage\":\"fr-BE\"},{\"@type\":\"WebPage\",\"@id\":\"https:\/\/vieassociative.be\/actualites\/tout-ce-que-nous-savons-jusqua-present-sur-les-prochaines-soldes-de-printemps-damazon\/\",\"url\":\"https:\/\/vieassociative.be\/actualites\/tout-ce-que-nous-savons-jusqua-present-sur-les-prochaines-soldes-de-printemps-damazon\/\",\"name\":\"Tout ce que nous savons jusqu'\u00e0 pr\u00e9sent sur les prochaines soldes de printemps d'Amazon | Vie Associative\",\"isPartOf\":{\"@id\":\"https:\/\/vieassociative.be\/actualites\/#website\"},\"primaryImageOfPage\":{\"@id\":\"https:\/\/vieassociative.be\/actualites\/tout-ce-que-nous-savons-jusqua-present-sur-les-prochaines-soldes-de-printemps-damazon\/#primaryimage\"},\"image\":{\"@id\":\"https:\/\/vieassociative.be\/actualites\/tout-ce-que-nous-savons-jusqua-present-sur-les-prochaines-soldes-de-printemps-damazon\/#primaryimage\"},\"thumbnailUrl\":\"https:\/\/vieassociative.be\/actualites\/wp-content\/uploads\/2026\/03\/Tout-ce-que-nous-savons-jusqua-present-sur-les-prochaines.jpg\",\"datePublished\":\"2026-03-12T08:16:57+00:00\",\"dateModified\":\"2026-03-12T08:16:57+00:00\",\"breadcrumb\":{\"@id\":\"https:\/\/vieassociative.be\/actualites\/tout-ce-que-nous-savons-jusqua-present-sur-les-prochaines-soldes-de-printemps-damazon\/#breadcrumb\"},\"inLanguage\":\"fr-BE\",\"potentialAction\":[{\"@type\":\"ReadAction\",\"target\":[\"https:\/\/vieassociative.be\/actualites\/tout-ce-que-nous-savons-jusqua-present-sur-les-prochaines-soldes-de-printemps-damazon\/\"]}]},{\"@type\":\"ImageObject\",\"inLanguage\":\"fr-BE\",\"@id\":\"https:\/\/vieassociative.be\/actualites\/tout-ce-que-nous-savons-jusqua-present-sur-les-prochaines-soldes-de-printemps-damazon\/#primaryimage\",\"url\":\"https:\/\/vieassociative.be\/actualites\/wp-content\/uploads\/2026\/03\/Tout-ce-que-nous-savons-jusqua-present-sur-les-prochaines.jpg\",\"contentUrl\":\"https:\/\/vieassociative.be\/actualites\/wp-content\/uploads\/2026\/03\/Tout-ce-que-nous-savons-jusqua-present-sur-les-prochaines.jpg\",\"width\":1200,\"height\":675,\"caption\":\"Tout ce que nous savons jusqu'\u00e0 pr\u00e9sent sur les prochaines soldes de printemps d'Amazon\"},{\"@type\":\"BreadcrumbList\",\"@id\":\"https:\/\/vieassociative.be\/actualites\/tout-ce-que-nous-savons-jusqua-present-sur-les-prochaines-soldes-de-printemps-damazon\/#breadcrumb\",\"itemListElement\":[{\"@type\":\"ListItem\",\"position\":1,\"name\":\"Accueil\",\"item\":\"https:\/\/vieassociative.be\/actualites\/\"},{\"@type\":\"ListItem\",\"position\":2,\"name\":\"Tout ce que nous savons jusqu&rsquo;\u00e0 pr\u00e9sent sur les prochaines soldes de printemps d&rsquo;Amazon\"}]},{\"@type\":\"WebSite\",\"@id\":\"https:\/\/vieassociative.be\/actualites\/#website\",\"url\":\"https:\/\/vieassociative.be\/actualites\/\",\"name\":\"Vie Associative\",\"description\":\"\",\"publisher\":{\"@id\":\"https:\/\/vieassociative.be\/actualites\/#organization\"},\"potentialAction\":[{\"@type\":\"SearchAction\",\"target\":{\"@type\":\"EntryPoint\",\"urlTemplate\":\"https:\/\/vieassociative.be\/actualites\/?s={search_term_string}\"},\"query-input\":{\"@type\":\"PropertyValueSpecification\",\"valueRequired\":true,\"valueName\":\"search_term_string\"}}],\"inLanguage\":\"fr-BE\"},{\"@type\":\"Organization\",\"@id\":\"https:\/\/vieassociative.be\/actualites\/#organization\",\"name\":\"Vie Associative\",\"url\":\"https:\/\/vieassociative.be\/actualites\/\",\"logo\":{\"@type\":\"ImageObject\",\"inLanguage\":\"fr-BE\",\"@id\":\"https:\/\/vieassociative.be\/actualites\/#\/schema\/logo\/image\/\",\"url\":\"https:\/\/vieassociative.be\/actualites\/wp-content\/uploads\/2024\/09\/cropped-vieassociative_favicon.ico.png\",\"contentUrl\":\"https:\/\/vieassociative.be\/actualites\/wp-content\/uploads\/2024\/09\/cropped-vieassociative_favicon.ico.png\",\"width\":512,\"height\":512,\"caption\":\"Vie Associative\"},\"image\":{\"@id\":\"https:\/\/vieassociative.be\/actualites\/#\/schema\/logo\/image\/\"}},{\"@type\":\"Person\",\"@id\":\"https:\/\/vieassociative.be\/actualites\/#\/schema\/person\/b87ac4f82f9d4e7b7cec7395b679edc4\",\"name\":\"Julien\",\"image\":{\"@type\":\"ImageObject\",\"inLanguage\":\"fr-BE\",\"@id\":\"https:\/\/vieassociative.be\/actualites\/#\/schema\/person\/image\/\",\"url\":\"https:\/\/vieassociative.be\/actualites\/wp-content\/uploads\/2024\/09\/vie-associative-1-150x150.jpg\",\"contentUrl\":\"https:\/\/vieassociative.be\/actualites\/wp-content\/uploads\/2024\/09\/vie-associative-1-150x150.jpg\",\"caption\":\"Julien\"},\"description\":\"Je suis Julien, r\u00e9dacteur pour Vie Associative. Passionn\u00e9 par le monde associatif depuis plus de 10 ans, j'ai \u00e0 c\u0153ur de partager des histoires inspirantes et de mettre en lumi\u00e8re les initiatives locales. Mon objectif est de sensibiliser et d'encourager l'engagement communautaire \u00e0 travers mes articles.\",\"sameAs\":[\"https:\/\/vieassociative.be\/\"]}]}<\/script>\n<!-- \/ Yoast SEO plugin. -->","yoast_head_json":{"title":"Tout ce que nous savons jusqu'\u00e0 pr\u00e9sent sur les prochaines soldes de printemps d'Amazon | Vie Associative","robots":{"index":"index","follow":"follow","max-snippet":"max-snippet:-1","max-image-preview":"max-image-preview:large","max-video-preview":"max-video-preview:-1"},"canonical":"https:\/\/vieassociative.be\/actualites\/tout-ce-que-nous-savons-jusqua-present-sur-les-prochaines-soldes-de-printemps-damazon\/","og_locale":"fr_FR","og_type":"article","og_title":"Tout ce que nous savons jusqu'\u00e0 pr\u00e9sent sur les prochaines soldes de printemps d'Amazon | Vie Associative","og_description":"Nous pouvons gagner une commission sur les liens sur cette page. La premi\u00e8re grande vente de l&rsquo;ann\u00e9e sur Amazon approche \u00e0 grands pas. Si vous","og_url":"https:\/\/vieassociative.be\/actualites\/tout-ce-que-nous-savons-jusqua-present-sur-les-prochaines-soldes-de-printemps-damazon\/","og_site_name":"Vie Associative","article_published_time":"2026-03-12T08:16:57+00:00","og_image":[{"width":279,"height":92,"url":"https:\/\/vieassociative.be\/actualites\/wp-content\/uploads\/2024\/09\/header_backgroundk-01-e1726694325946.png","type":"image\/png"}],"author":"Julien","twitter_card":"summary_large_image","twitter_misc":{"\u00c9crit par":"Julien","Dur\u00e9e de lecture est.":"5 minutes"},"schema":{"@context":"https:\/\/schema.org","@graph":[{"@type":"Article","@id":"https:\/\/vieassociative.be\/actualites\/tout-ce-que-nous-savons-jusqua-present-sur-les-prochaines-soldes-de-printemps-damazon\/#article","isPartOf":{"@id":"https:\/\/vieassociative.be\/actualites\/tout-ce-que-nous-savons-jusqua-present-sur-les-prochaines-soldes-de-printemps-damazon\/"},"author":{"name":"Julien","@id":"https:\/\/vieassociative.be\/actualites\/#\/schema\/person\/b87ac4f82f9d4e7b7cec7395b679edc4"},"headline":"Tout ce que nous savons jusqu&rsquo;\u00e0 pr\u00e9sent sur les prochaines soldes de printemps d&rsquo;Amazon","datePublished":"2026-03-12T08:16:57+00:00","dateModified":"2026-03-12T08:16:57+00:00","mainEntityOfPage":{"@id":"https:\/\/vieassociative.be\/actualites\/tout-ce-que-nous-savons-jusqua-present-sur-les-prochaines-soldes-de-printemps-damazon\/"},"wordCount":1029,"publisher":{"@id":"https:\/\/vieassociative.be\/actualites\/#organization"},"image":{"@id":"https:\/\/vieassociative.be\/actualites\/tout-ce-que-nous-savons-jusqua-present-sur-les-prochaines-soldes-de-printemps-damazon\/#primaryimage"},"thumbnailUrl":"https:\/\/vieassociative.be\/actualites\/wp-content\/uploads\/2026\/03\/Tout-ce-que-nous-savons-jusqua-present-sur-les-prochaines.jpg","keywords":["dAmazon","jusqu\u00e0","Les","nous","pr\u00e9sent","printemps","prochaines","savons","soldes","sur","tout"],"articleSection":["Technologie"],"inLanguage":"fr-BE"},{"@type":"WebPage","@id":"https:\/\/vieassociative.be\/actualites\/tout-ce-que-nous-savons-jusqua-present-sur-les-prochaines-soldes-de-printemps-damazon\/","url":"https:\/\/vieassociative.be\/actualites\/tout-ce-que-nous-savons-jusqua-present-sur-les-prochaines-soldes-de-printemps-damazon\/","name":"Tout ce que nous savons jusqu'\u00e0 pr\u00e9sent sur les prochaines soldes de printemps d'Amazon | Vie Associative","isPartOf":{"@id":"https:\/\/vieassociative.be\/actualites\/#website"},"primaryImageOfPage":{"@id":"https:\/\/vieassociative.be\/actualites\/tout-ce-que-nous-savons-jusqua-present-sur-les-prochaines-soldes-de-printemps-damazon\/#primaryimage"},"image":{"@id":"https:\/\/vieassociative.be\/actualites\/tout-ce-que-nous-savons-jusqua-present-sur-les-prochaines-soldes-de-printemps-damazon\/#primaryimage"},"thumbnailUrl":"https:\/\/vieassociative.be\/actualites\/wp-content\/uploads\/2026\/03\/Tout-ce-que-nous-savons-jusqua-present-sur-les-prochaines.jpg","datePublished":"2026-03-12T08:16:57+00:00","dateModified":"2026-03-12T08:16:57+00:00","breadcrumb":{"@id":"https:\/\/vieassociative.be\/actualites\/tout-ce-que-nous-savons-jusqua-present-sur-les-prochaines-soldes-de-printemps-damazon\/#breadcrumb"},"inLanguage":"fr-BE","potentialAction":[{"@type":"ReadAction","target":["https:\/\/vieassociative.be\/actualites\/tout-ce-que-nous-savons-jusqua-present-sur-les-prochaines-soldes-de-printemps-damazon\/"]}]},{"@type":"ImageObject","inLanguage":"fr-BE","@id":"https:\/\/vieassociative.be\/actualites\/tout-ce-que-nous-savons-jusqua-present-sur-les-prochaines-soldes-de-printemps-damazon\/#primaryimage","url":"https:\/\/vieassociative.be\/actualites\/wp-content\/uploads\/2026\/03\/Tout-ce-que-nous-savons-jusqua-present-sur-les-prochaines.jpg","contentUrl":"https:\/\/vieassociative.be\/actualites\/wp-content\/uploads\/2026\/03\/Tout-ce-que-nous-savons-jusqua-present-sur-les-prochaines.jpg","width":1200,"height":675,"caption":"Tout ce que nous savons jusqu'\u00e0 pr\u00e9sent sur les prochaines soldes de printemps d'Amazon"},{"@type":"BreadcrumbList","@id":"https:\/\/vieassociative.be\/actualites\/tout-ce-que-nous-savons-jusqua-present-sur-les-prochaines-soldes-de-printemps-damazon\/#breadcrumb","itemListElement":[{"@type":"ListItem","position":1,"name":"Accueil","item":"https:\/\/vieassociative.be\/actualites\/"},{"@type":"ListItem","position":2,"name":"Tout ce que nous savons jusqu&rsquo;\u00e0 pr\u00e9sent sur les prochaines soldes de printemps d&rsquo;Amazon"}]},{"@type":"WebSite","@id":"https:\/\/vieassociative.be\/actualites\/#website","url":"https:\/\/vieassociative.be\/actualites\/","name":"Vie Associative","description":"","publisher":{"@id":"https:\/\/vieassociative.be\/actualites\/#organization"},"potentialAction":[{"@type":"SearchAction","target":{"@type":"EntryPoint","urlTemplate":"https:\/\/vieassociative.be\/actualites\/?s={search_term_string}"},"query-input":{"@type":"PropertyValueSpecification","valueRequired":true,"valueName":"search_term_string"}}],"inLanguage":"fr-BE"},{"@type":"Organization","@id":"https:\/\/vieassociative.be\/actualites\/#organization","name":"Vie Associative","url":"https:\/\/vieassociative.be\/actualites\/","logo":{"@type":"ImageObject","inLanguage":"fr-BE","@id":"https:\/\/vieassociative.be\/actualites\/#\/schema\/logo\/image\/","url":"https:\/\/vieassociative.be\/actualites\/wp-content\/uploads\/2024\/09\/cropped-vieassociative_favicon.ico.png","contentUrl":"https:\/\/vieassociative.be\/actualites\/wp-content\/uploads\/2024\/09\/cropped-vieassociative_favicon.ico.png","width":512,"height":512,"caption":"Vie Associative"},"image":{"@id":"https:\/\/vieassociative.be\/actualites\/#\/schema\/logo\/image\/"}},{"@type":"Person","@id":"https:\/\/vieassociative.be\/actualites\/#\/schema\/person\/b87ac4f82f9d4e7b7cec7395b679edc4","name":"Julien","image":{"@type":"ImageObject","inLanguage":"fr-BE","@id":"https:\/\/vieassociative.be\/actualites\/#\/schema\/person\/image\/","url":"https:\/\/vieassociative.be\/actualites\/wp-content\/uploads\/2024\/09\/vie-associative-1-150x150.jpg","contentUrl":"https:\/\/vieassociative.be\/actualites\/wp-content\/uploads\/2024\/09\/vie-associative-1-150x150.jpg","caption":"Julien"},"description":"Je suis Julien, r\u00e9dacteur pour Vie Associative. Passionn\u00e9 par le monde associatif depuis plus de 10 ans, j'ai \u00e0 c\u0153ur de partager des histoires inspirantes et de mettre en lumi\u00e8re les initiatives locales. Mon objectif est de sensibiliser et d'encourager l'engagement communautaire \u00e0 travers mes articles.","sameAs":["https:\/\/vieassociative.be\/"]}]}},"_links":{"self":[{"href":"https:\/\/vieassociative.be\/actualites\/wp-json\/wp\/v2\/posts\/12990"}],"collection":[{"href":"https:\/\/vieassociative.be\/actualites\/wp-json\/wp\/v2\/posts"}],"about":[{"href":"https:\/\/vieassociative.be\/actualites\/wp-json\/wp\/v2\/types\/post"}],"author":[{"embeddable":true,"href":"https:\/\/vieassociative.be\/actualites\/wp-json\/wp\/v2\/users\/1"}],"replies":[{"embeddable":true,"href":"https:\/\/vieassociative.be\/actualites\/wp-json\/wp\/v2\/comments?post=12990"}],"version-history":[{"count":0,"href":"https:\/\/vieassociative.be\/actualites\/wp-json\/wp\/v2\/posts\/12990\/revisions"}],"wp:featuredmedia":[{"embeddable":true,"href":"https:\/\/vieassociative.be\/actualites\/wp-json\/wp\/v2\/media\/12991"}],"wp:attachment":[{"href":"https:\/\/vieassociative.be\/actualites\/wp-json\/wp\/v2\/media?parent=12990"}],"wp:term":[{"taxonomy":"category","embeddable":true,"href":"https:\/\/vieassociative.be\/actualites\/wp-json\/wp\/v2\/categories?post=12990"},{"taxonomy":"post_tag","embeddable":true,"href":"https:\/\/vieassociative.be\/actualites\/wp-json\/wp\/v2\/tags?post=12990"}],"curies":[{"name":"wp","href":"https:\/\/api.w.org\/{rel}","templated":true}]}}