{"id":12986,"date":"2026-03-11T22:16:59","date_gmt":"2026-03-11T21:16:59","guid":{"rendered":"https:\/\/vieassociative.be\/actualites\/trump-assure-la-participation-de-liran-a-la-coupe-du-monde-nouvelles-agitations-autour-de-lequipe-feminine-apres-une-manifestation-silencieuse\/"},"modified":"2026-03-11T22:16:59","modified_gmt":"2026-03-11T21:16:59","slug":"trump-assure-la-participation-de-liran-a-la-coupe-du-monde-nouvelles-agitations-autour-de-lequipe-feminine-apres-une-manifestation-silencieuse","status":"publish","type":"post","link":"https:\/\/vieassociative.be\/actualites\/trump-assure-la-participation-de-liran-a-la-coupe-du-monde-nouvelles-agitations-autour-de-lequipe-feminine-apres-une-manifestation-silencieuse\/","title":{"rendered":"Trump assure la participation de l&rsquo;Iran \u00e0 la Coupe du Monde &#8211; nouvelles agitations autour de l&rsquo;\u00e9quipe f\u00e9minine apr\u00e8s une manifestation silencieuse"},"content":{"rendered":"<p><strong>Malgr\u00e9 la guerre au Moyen-Orient, Donald Trump invite l&rsquo;Iran \u00e0 la Coupe du monde. Mais l&rsquo;association iranienne est h\u00e9sitante. Pendant ce temps, des sc\u00e8nes dramatiques se d\u00e9roulent autour de l&rsquo;\u00e9quipe f\u00e9minine d&rsquo;Australie.<\/strong><\/p>\n<p><span id=\"more-437488\"><\/span>Le pr\u00e9sident am\u00e9ricain Donald Trump a assur\u00e9 le pr\u00e9sident de la FIFA, Gianni Infantino, que l&rsquo;\u00e9quipe nationale iranienne serait autoris\u00e9e \u00e0 participer \u00e0 la Coupe du monde dans son pays cet \u00e9t\u00e9, malgr\u00e9 la guerre au Moyen-Orient.<\/p>\n<p>\u00ab\u00a0Au cours des discussions, le pr\u00e9sident Trump a r\u00e9it\u00e9r\u00e9 que l&rsquo;\u00e9quipe iranienne \u00e9tait bien entendu la bienvenue pour participer au tournoi aux \u00c9tats-Unis\u00a0\u00bb, a d\u00e9clar\u00e9 Infantino apr\u00e8s avoir rencontr\u00e9 Trump.<\/p>\n<div id=\"attachment_437491\" class=\"wp-caption alignleft\" style=\"max-width: 300px\"><img fetchpriority=\"high\" decoding=\"async\" class=\"wp-image-437491 size-medium\" src=\"https:\/\/vieassociative.be\/actualites\/wp-content\/uploads\/2026\/03\/Trump-assure-la-participation-de-lIran-a-la-Coupe-du.jpg\" alt=\"\" width=\"300\" height=\"184\"><\/div>\n<p>L&rsquo;Iran pourrait toutefois renoncer au tournoi qui d\u00e9butera le 11 juin aux \u00c9tats-Unis, au Canada et au Mexique. Les Iraniens font partie d&rsquo;un groupe avec la Belgique, l&rsquo;Egypte et la Nouvelle-Z\u00e9lande. Les trois matchs de groupe se joueront aux \u00c9tats-Unis. Les \u00c9tats-Unis et Isra\u00ebl attaquent l\u2019Iran depuis fin f\u00e9vrier. Le pays m\u00e8ne des contre-attaques dans la r\u00e9gion.<\/p>\n<p>\u00ab\u00a0Quelle personne sens\u00e9e enverrait son \u00e9quipe nationale aux \u00c9tats-Unis si la Coupe du monde \u00e9tait aussi politique qu&rsquo;en Australie\u00a0\u00bb, Mehdi Taj, pr\u00e9sident de la F\u00e9d\u00e9ration iranienne de football (FFI), a une nouvelle fois indiqu\u00e9 \u00e0 l&rsquo;agence de presse Isna qu&rsquo;il ne le ferait pas.<\/p>\n<p><strong>\u2013 Sc\u00e8nes dramatiques en Australie :<\/strong> Taj faisait r\u00e9f\u00e9rence \u00e0 l&rsquo;\u00e9quipe f\u00e9minine iranienne, dont cinq joueuses ont re\u00e7u des visas humanitaires apr\u00e8s avoir \u00e9t\u00e9 emmen\u00e9es de leur h\u00f4tel par la police australienne lors de la Coupe d&rsquo;Asie \u00e0 Sydney. Deux autres membres de l&rsquo;\u00e9quipe ont d\u00e9clar\u00e9 plus tard qu&rsquo;ils ne voulaient pas non plus revenir. Selon le ministre de l&rsquo;Int\u00e9rieur Tony Burke, l&rsquo;une des femmes a d\u00e9cid\u00e9 de rentrer en Iran \u00e0 la derni\u00e8re minute. Six Iraniens sont donc rest\u00e9s en Australie.<\/p>\n<div id=\"attachment_437494\" class=\"wp-caption alignleft\" style=\"max-width: 300px\"><img decoding=\"async\" class=\"wp-image-437494 size-medium\" src=\"https:\/\/vieassociative.be\/actualites\/wp-content\/uploads\/2026\/03\/1773263819_474_Trump-assure-la-participation-de-lIran-a-la-Coupe-du.jpg\" alt=\"\" width=\"300\" height=\"200\"><\/div>\n<p>Burke a soulign\u00e9 que tous les joueurs se sont vu offrir l&rsquo;asile avant leur d\u00e9part. De nombreuses personnes ont d\u00e9cid\u00e9 de ne pas le faire par souci pour leurs familles en Iran.<\/p>\n<p>Comme l&rsquo;ont rapport\u00e9 les journalistes du journal Sydney Morning Herald qui accompagnaient le vol de nuit de Sydney \u00e0 Kuala Lumpur, de nombreux joueurs ont pleur\u00e9 en partant, d&rsquo;autres sont rest\u00e9s longtemps dans les bras les uns des autres. Les observateurs craignent que les femmes et leurs familles subissent des cons\u00e9quences \u00e0 leur retour.<\/p>\n<p>Apr\u00e8s avoir atterri \u00e0 Kuala Lumpur dans la matin\u00e9e (heure locale), l&rsquo;ambassadeur d&rsquo;Iran en Malaisie attendait d\u00e9j\u00e0 \u00e0 la sortie de la jet\u00e9e. Tandis que certains officiels le saluaient, de nombreux joueurs semblaient calmes et tendus, les yeux fix\u00e9s sur leur t\u00e9l\u00e9phone portable. De la Malaisie, l\u2019\u00e9quipe se rendra en Iran via la Turquie.<\/p>\n<p>Les \u00ab Lionnes \u00bb ont fait sensation au niveau international en raison de leur protestation silencieuse lors de la Coupe d&rsquo;Asie. Lors du premier match de groupe, les joueurs sont rest\u00e9s silencieux pendant l&rsquo;hymne national \u2013 en Iran, cela a \u00e9t\u00e9 consid\u00e9r\u00e9 comme un signe contre les dirigeants de T\u00e9h\u00e9ran. Les m\u00e9dias d\u2019\u00c9tat les ont ensuite qualifi\u00e9s de \u00ab tra\u00eetres \u00bb, m\u00eame s\u2019ils ont repris le chant lors des matchs suivants. (dpa)<\/p>\n","protected":false},"excerpt":{"rendered":"<p>Malgr\u00e9 la guerre au Moyen-Orient, Donald Trump invite l&rsquo;Iran \u00e0 la Coupe du monde. Mais l&rsquo;association iranienne est h\u00e9sitante. Pendant ce temps, des sc\u00e8nes dramatiques<\/p>\n","protected":false},"author":1,"featured_media":12987,"comment_status":"","ping_status":"","sticky":false,"template":"","format":"standard","meta":{"footnotes":""},"categories":[298],"tags":[10224,472,7690,618,2472,3360,537,7426,3264,237,1215,9253,2883,2425,110],"class_list":["post-12986","post","type-post","status-publish","format-standard","has-post-thumbnail","hentry","category-belgique","tag-agitations","tag-apres","tag-assure","tag-autour","tag-coupe","tag-feminine","tag-lequipe","tag-liran","tag-manifestation","tag-monde","tag-nouvelles","tag-participation","tag-silencieuse","tag-trump","tag-une","generate-columns","tablet-grid-50","mobile-grid-100","grid-parent","grid-33"],"yoast_head":"<!-- This site is optimized with the Yoast SEO plugin v24.0 - https:\/\/yoast.com\/wordpress\/plugins\/seo\/ -->\n<title>Trump assure la participation de l&#039;Iran \u00e0 la Coupe du Monde - nouvelles agitations autour de l&#039;\u00e9quipe f\u00e9minine apr\u00e8s une manifestation silencieuse | Vie Associative<\/title>\n<meta name=\"robots\" content=\"index, follow, max-snippet:-1, max-image-preview:large, max-video-preview:-1\" \/>\n<link rel=\"canonical\" href=\"https:\/\/vieassociative.be\/actualites\/trump-assure-la-participation-de-liran-a-la-coupe-du-monde-nouvelles-agitations-autour-de-lequipe-feminine-apres-une-manifestation-silencieuse\/\" \/>\n<meta property=\"og:locale\" content=\"fr_FR\" \/>\n<meta property=\"og:type\" content=\"article\" \/>\n<meta property=\"og:title\" content=\"Trump assure la participation de l&#039;Iran \u00e0 la Coupe du Monde - nouvelles agitations autour de l&#039;\u00e9quipe f\u00e9minine apr\u00e8s une manifestation silencieuse | Vie Associative\" \/>\n<meta property=\"og:description\" content=\"Malgr\u00e9 la guerre au Moyen-Orient, Donald Trump invite l&rsquo;Iran \u00e0 la Coupe du monde. Mais l&rsquo;association iranienne est h\u00e9sitante. Pendant ce temps, des sc\u00e8nes dramatiques\" \/>\n<meta property=\"og:url\" content=\"https:\/\/vieassociative.be\/actualites\/trump-assure-la-participation-de-liran-a-la-coupe-du-monde-nouvelles-agitations-autour-de-lequipe-feminine-apres-une-manifestation-silencieuse\/\" \/>\n<meta property=\"og:site_name\" content=\"Vie Associative\" \/>\n<meta property=\"article:published_time\" content=\"2026-03-11T21:16:59+00:00\" \/>\n<meta property=\"og:image\" content=\"https:\/\/vieassociative.be\/actualites\/wp-content\/uploads\/2024\/09\/header_backgroundk-01-e1726694325946.png\" \/>\n\t<meta property=\"og:image:width\" content=\"279\" \/>\n\t<meta property=\"og:image:height\" content=\"92\" \/>\n\t<meta property=\"og:image:type\" content=\"image\/png\" \/>\n<meta name=\"author\" content=\"Julien\" \/>\n<meta name=\"twitter:card\" content=\"summary_large_image\" \/>\n<meta name=\"twitter:label1\" content=\"\u00c9crit par\" \/>\n\t<meta name=\"twitter:data1\" content=\"Julien\" \/>\n\t<meta name=\"twitter:label2\" content=\"Dur\u00e9e de lecture est.\" \/>\n\t<meta name=\"twitter:data2\" content=\"3 minutes\" \/>\n<script type=\"application\/ld+json\" class=\"yoast-schema-graph\">{\"@context\":\"https:\/\/schema.org\",\"@graph\":[{\"@type\":\"Article\",\"@id\":\"https:\/\/vieassociative.be\/actualites\/trump-assure-la-participation-de-liran-a-la-coupe-du-monde-nouvelles-agitations-autour-de-lequipe-feminine-apres-une-manifestation-silencieuse\/#article\",\"isPartOf\":{\"@id\":\"https:\/\/vieassociative.be\/actualites\/trump-assure-la-participation-de-liran-a-la-coupe-du-monde-nouvelles-agitations-autour-de-lequipe-feminine-apres-une-manifestation-silencieuse\/\"},\"author\":{\"name\":\"Julien\",\"@id\":\"https:\/\/vieassociative.be\/actualites\/#\/schema\/person\/b87ac4f82f9d4e7b7cec7395b679edc4\"},\"headline\":\"Trump assure la participation de l&rsquo;Iran \u00e0 la Coupe du Monde &#8211; nouvelles agitations autour de l&rsquo;\u00e9quipe f\u00e9minine apr\u00e8s une manifestation silencieuse\",\"datePublished\":\"2026-03-11T21:16:59+00:00\",\"dateModified\":\"2026-03-11T21:16:59+00:00\",\"mainEntityOfPage\":{\"@id\":\"https:\/\/vieassociative.be\/actualites\/trump-assure-la-participation-de-liran-a-la-coupe-du-monde-nouvelles-agitations-autour-de-lequipe-feminine-apres-une-manifestation-silencieuse\/\"},\"wordCount\":584,\"publisher\":{\"@id\":\"https:\/\/vieassociative.be\/actualites\/#organization\"},\"image\":{\"@id\":\"https:\/\/vieassociative.be\/actualites\/trump-assure-la-participation-de-liran-a-la-coupe-du-monde-nouvelles-agitations-autour-de-lequipe-feminine-apres-une-manifestation-silencieuse\/#primaryimage\"},\"thumbnailUrl\":\"https:\/\/vieassociative.be\/actualites\/wp-content\/uploads\/2026\/03\/1773263820_Trump-assure-la-participation-de-lIran-a-la-Coupe-du.jpg\",\"keywords\":[\"agitations\",\"Apr\u00e8s\",\"assure\",\"Autour\",\"Coupe\",\"f\u00e9minine\",\"l\u00e9quipe\",\"lIran\",\"manifestation\",\"monde\",\"nouvelles\",\"participation\",\"silencieuse\",\"Trump\",\"une\"],\"articleSection\":[\"Belgique\"],\"inLanguage\":\"fr-BE\"},{\"@type\":\"WebPage\",\"@id\":\"https:\/\/vieassociative.be\/actualites\/trump-assure-la-participation-de-liran-a-la-coupe-du-monde-nouvelles-agitations-autour-de-lequipe-feminine-apres-une-manifestation-silencieuse\/\",\"url\":\"https:\/\/vieassociative.be\/actualites\/trump-assure-la-participation-de-liran-a-la-coupe-du-monde-nouvelles-agitations-autour-de-lequipe-feminine-apres-une-manifestation-silencieuse\/\",\"name\":\"Trump assure la participation de l'Iran \u00e0 la Coupe du Monde - nouvelles agitations autour de l'\u00e9quipe f\u00e9minine apr\u00e8s une manifestation silencieuse | Vie Associative\",\"isPartOf\":{\"@id\":\"https:\/\/vieassociative.be\/actualites\/#website\"},\"primaryImageOfPage\":{\"@id\":\"https:\/\/vieassociative.be\/actualites\/trump-assure-la-participation-de-liran-a-la-coupe-du-monde-nouvelles-agitations-autour-de-lequipe-feminine-apres-une-manifestation-silencieuse\/#primaryimage\"},\"image\":{\"@id\":\"https:\/\/vieassociative.be\/actualites\/trump-assure-la-participation-de-liran-a-la-coupe-du-monde-nouvelles-agitations-autour-de-lequipe-feminine-apres-une-manifestation-silencieuse\/#primaryimage\"},\"thumbnailUrl\":\"https:\/\/vieassociative.be\/actualites\/wp-content\/uploads\/2026\/03\/1773263820_Trump-assure-la-participation-de-lIran-a-la-Coupe-du.jpg\",\"datePublished\":\"2026-03-11T21:16:59+00:00\",\"dateModified\":\"2026-03-11T21:16:59+00:00\",\"breadcrumb\":{\"@id\":\"https:\/\/vieassociative.be\/actualites\/trump-assure-la-participation-de-liran-a-la-coupe-du-monde-nouvelles-agitations-autour-de-lequipe-feminine-apres-une-manifestation-silencieuse\/#breadcrumb\"},\"inLanguage\":\"fr-BE\",\"potentialAction\":[{\"@type\":\"ReadAction\",\"target\":[\"https:\/\/vieassociative.be\/actualites\/trump-assure-la-participation-de-liran-a-la-coupe-du-monde-nouvelles-agitations-autour-de-lequipe-feminine-apres-une-manifestation-silencieuse\/\"]}]},{\"@type\":\"ImageObject\",\"inLanguage\":\"fr-BE\",\"@id\":\"https:\/\/vieassociative.be\/actualites\/trump-assure-la-participation-de-liran-a-la-coupe-du-monde-nouvelles-agitations-autour-de-lequipe-feminine-apres-une-manifestation-silencieuse\/#primaryimage\",\"url\":\"https:\/\/vieassociative.be\/actualites\/wp-content\/uploads\/2026\/03\/1773263820_Trump-assure-la-participation-de-lIran-a-la-Coupe-du.jpg\",\"contentUrl\":\"https:\/\/vieassociative.be\/actualites\/wp-content\/uploads\/2026\/03\/1773263820_Trump-assure-la-participation-de-lIran-a-la-Coupe-du.jpg\",\"width\":1483,\"height\":989,\"caption\":\"Trump assure la participation de l'Iran \u00e0 la Coupe du Monde - nouvelles agitations autour de l'\u00e9quipe f\u00e9minine apr\u00e8s une manifestation silencieuse\"},{\"@type\":\"BreadcrumbList\",\"@id\":\"https:\/\/vieassociative.be\/actualites\/trump-assure-la-participation-de-liran-a-la-coupe-du-monde-nouvelles-agitations-autour-de-lequipe-feminine-apres-une-manifestation-silencieuse\/#breadcrumb\",\"itemListElement\":[{\"@type\":\"ListItem\",\"position\":1,\"name\":\"Accueil\",\"item\":\"https:\/\/vieassociative.be\/actualites\/\"},{\"@type\":\"ListItem\",\"position\":2,\"name\":\"Trump assure la participation de l&rsquo;Iran \u00e0 la Coupe du Monde &#8211; nouvelles agitations autour de l&rsquo;\u00e9quipe f\u00e9minine apr\u00e8s une manifestation silencieuse\"}]},{\"@type\":\"WebSite\",\"@id\":\"https:\/\/vieassociative.be\/actualites\/#website\",\"url\":\"https:\/\/vieassociative.be\/actualites\/\",\"name\":\"Vie Associative\",\"description\":\"\",\"publisher\":{\"@id\":\"https:\/\/vieassociative.be\/actualites\/#organization\"},\"potentialAction\":[{\"@type\":\"SearchAction\",\"target\":{\"@type\":\"EntryPoint\",\"urlTemplate\":\"https:\/\/vieassociative.be\/actualites\/?s={search_term_string}\"},\"query-input\":{\"@type\":\"PropertyValueSpecification\",\"valueRequired\":true,\"valueName\":\"search_term_string\"}}],\"inLanguage\":\"fr-BE\"},{\"@type\":\"Organization\",\"@id\":\"https:\/\/vieassociative.be\/actualites\/#organization\",\"name\":\"Vie Associative\",\"url\":\"https:\/\/vieassociative.be\/actualites\/\",\"logo\":{\"@type\":\"ImageObject\",\"inLanguage\":\"fr-BE\",\"@id\":\"https:\/\/vieassociative.be\/actualites\/#\/schema\/logo\/image\/\",\"url\":\"https:\/\/vieassociative.be\/actualites\/wp-content\/uploads\/2024\/09\/cropped-vieassociative_favicon.ico.png\",\"contentUrl\":\"https:\/\/vieassociative.be\/actualites\/wp-content\/uploads\/2024\/09\/cropped-vieassociative_favicon.ico.png\",\"width\":512,\"height\":512,\"caption\":\"Vie Associative\"},\"image\":{\"@id\":\"https:\/\/vieassociative.be\/actualites\/#\/schema\/logo\/image\/\"}},{\"@type\":\"Person\",\"@id\":\"https:\/\/vieassociative.be\/actualites\/#\/schema\/person\/b87ac4f82f9d4e7b7cec7395b679edc4\",\"name\":\"Julien\",\"image\":{\"@type\":\"ImageObject\",\"inLanguage\":\"fr-BE\",\"@id\":\"https:\/\/vieassociative.be\/actualites\/#\/schema\/person\/image\/\",\"url\":\"https:\/\/vieassociative.be\/actualites\/wp-content\/uploads\/2024\/09\/vie-associative-1-150x150.jpg\",\"contentUrl\":\"https:\/\/vieassociative.be\/actualites\/wp-content\/uploads\/2024\/09\/vie-associative-1-150x150.jpg\",\"caption\":\"Julien\"},\"description\":\"Je suis Julien, r\u00e9dacteur pour Vie Associative. Passionn\u00e9 par le monde associatif depuis plus de 10 ans, j'ai \u00e0 c\u0153ur de partager des histoires inspirantes et de mettre en lumi\u00e8re les initiatives locales. Mon objectif est de sensibiliser et d'encourager l'engagement communautaire \u00e0 travers mes articles.\",\"sameAs\":[\"https:\/\/vieassociative.be\/\"]}]}<\/script>\n<!-- \/ Yoast SEO plugin. -->","yoast_head_json":{"title":"Trump assure la participation de l'Iran \u00e0 la Coupe du Monde - nouvelles agitations autour de l'\u00e9quipe f\u00e9minine apr\u00e8s une manifestation silencieuse | Vie Associative","robots":{"index":"index","follow":"follow","max-snippet":"max-snippet:-1","max-image-preview":"max-image-preview:large","max-video-preview":"max-video-preview:-1"},"canonical":"https:\/\/vieassociative.be\/actualites\/trump-assure-la-participation-de-liran-a-la-coupe-du-monde-nouvelles-agitations-autour-de-lequipe-feminine-apres-une-manifestation-silencieuse\/","og_locale":"fr_FR","og_type":"article","og_title":"Trump assure la participation de l'Iran \u00e0 la Coupe du Monde - nouvelles agitations autour de l'\u00e9quipe f\u00e9minine apr\u00e8s une manifestation silencieuse | Vie Associative","og_description":"Malgr\u00e9 la guerre au Moyen-Orient, Donald Trump invite l&rsquo;Iran \u00e0 la Coupe du monde. Mais l&rsquo;association iranienne est h\u00e9sitante. Pendant ce temps, des sc\u00e8nes dramatiques","og_url":"https:\/\/vieassociative.be\/actualites\/trump-assure-la-participation-de-liran-a-la-coupe-du-monde-nouvelles-agitations-autour-de-lequipe-feminine-apres-une-manifestation-silencieuse\/","og_site_name":"Vie Associative","article_published_time":"2026-03-11T21:16:59+00:00","og_image":[{"width":279,"height":92,"url":"https:\/\/vieassociative.be\/actualites\/wp-content\/uploads\/2024\/09\/header_backgroundk-01-e1726694325946.png","type":"image\/png"}],"author":"Julien","twitter_card":"summary_large_image","twitter_misc":{"\u00c9crit par":"Julien","Dur\u00e9e de lecture est.":"3 minutes"},"schema":{"@context":"https:\/\/schema.org","@graph":[{"@type":"Article","@id":"https:\/\/vieassociative.be\/actualites\/trump-assure-la-participation-de-liran-a-la-coupe-du-monde-nouvelles-agitations-autour-de-lequipe-feminine-apres-une-manifestation-silencieuse\/#article","isPartOf":{"@id":"https:\/\/vieassociative.be\/actualites\/trump-assure-la-participation-de-liran-a-la-coupe-du-monde-nouvelles-agitations-autour-de-lequipe-feminine-apres-une-manifestation-silencieuse\/"},"author":{"name":"Julien","@id":"https:\/\/vieassociative.be\/actualites\/#\/schema\/person\/b87ac4f82f9d4e7b7cec7395b679edc4"},"headline":"Trump assure la participation de l&rsquo;Iran \u00e0 la Coupe du Monde &#8211; nouvelles agitations autour de l&rsquo;\u00e9quipe f\u00e9minine apr\u00e8s une manifestation silencieuse","datePublished":"2026-03-11T21:16:59+00:00","dateModified":"2026-03-11T21:16:59+00:00","mainEntityOfPage":{"@id":"https:\/\/vieassociative.be\/actualites\/trump-assure-la-participation-de-liran-a-la-coupe-du-monde-nouvelles-agitations-autour-de-lequipe-feminine-apres-une-manifestation-silencieuse\/"},"wordCount":584,"publisher":{"@id":"https:\/\/vieassociative.be\/actualites\/#organization"},"image":{"@id":"https:\/\/vieassociative.be\/actualites\/trump-assure-la-participation-de-liran-a-la-coupe-du-monde-nouvelles-agitations-autour-de-lequipe-feminine-apres-une-manifestation-silencieuse\/#primaryimage"},"thumbnailUrl":"https:\/\/vieassociative.be\/actualites\/wp-content\/uploads\/2026\/03\/1773263820_Trump-assure-la-participation-de-lIran-a-la-Coupe-du.jpg","keywords":["agitations","Apr\u00e8s","assure","Autour","Coupe","f\u00e9minine","l\u00e9quipe","lIran","manifestation","monde","nouvelles","participation","silencieuse","Trump","une"],"articleSection":["Belgique"],"inLanguage":"fr-BE"},{"@type":"WebPage","@id":"https:\/\/vieassociative.be\/actualites\/trump-assure-la-participation-de-liran-a-la-coupe-du-monde-nouvelles-agitations-autour-de-lequipe-feminine-apres-une-manifestation-silencieuse\/","url":"https:\/\/vieassociative.be\/actualites\/trump-assure-la-participation-de-liran-a-la-coupe-du-monde-nouvelles-agitations-autour-de-lequipe-feminine-apres-une-manifestation-silencieuse\/","name":"Trump assure la participation de l'Iran \u00e0 la Coupe du Monde - nouvelles agitations autour de l'\u00e9quipe f\u00e9minine apr\u00e8s une manifestation silencieuse | Vie Associative","isPartOf":{"@id":"https:\/\/vieassociative.be\/actualites\/#website"},"primaryImageOfPage":{"@id":"https:\/\/vieassociative.be\/actualites\/trump-assure-la-participation-de-liran-a-la-coupe-du-monde-nouvelles-agitations-autour-de-lequipe-feminine-apres-une-manifestation-silencieuse\/#primaryimage"},"image":{"@id":"https:\/\/vieassociative.be\/actualites\/trump-assure-la-participation-de-liran-a-la-coupe-du-monde-nouvelles-agitations-autour-de-lequipe-feminine-apres-une-manifestation-silencieuse\/#primaryimage"},"thumbnailUrl":"https:\/\/vieassociative.be\/actualites\/wp-content\/uploads\/2026\/03\/1773263820_Trump-assure-la-participation-de-lIran-a-la-Coupe-du.jpg","datePublished":"2026-03-11T21:16:59+00:00","dateModified":"2026-03-11T21:16:59+00:00","breadcrumb":{"@id":"https:\/\/vieassociative.be\/actualites\/trump-assure-la-participation-de-liran-a-la-coupe-du-monde-nouvelles-agitations-autour-de-lequipe-feminine-apres-une-manifestation-silencieuse\/#breadcrumb"},"inLanguage":"fr-BE","potentialAction":[{"@type":"ReadAction","target":["https:\/\/vieassociative.be\/actualites\/trump-assure-la-participation-de-liran-a-la-coupe-du-monde-nouvelles-agitations-autour-de-lequipe-feminine-apres-une-manifestation-silencieuse\/"]}]},{"@type":"ImageObject","inLanguage":"fr-BE","@id":"https:\/\/vieassociative.be\/actualites\/trump-assure-la-participation-de-liran-a-la-coupe-du-monde-nouvelles-agitations-autour-de-lequipe-feminine-apres-une-manifestation-silencieuse\/#primaryimage","url":"https:\/\/vieassociative.be\/actualites\/wp-content\/uploads\/2026\/03\/1773263820_Trump-assure-la-participation-de-lIran-a-la-Coupe-du.jpg","contentUrl":"https:\/\/vieassociative.be\/actualites\/wp-content\/uploads\/2026\/03\/1773263820_Trump-assure-la-participation-de-lIran-a-la-Coupe-du.jpg","width":1483,"height":989,"caption":"Trump assure la participation de l'Iran \u00e0 la Coupe du Monde - nouvelles agitations autour de l'\u00e9quipe f\u00e9minine apr\u00e8s une manifestation silencieuse"},{"@type":"BreadcrumbList","@id":"https:\/\/vieassociative.be\/actualites\/trump-assure-la-participation-de-liran-a-la-coupe-du-monde-nouvelles-agitations-autour-de-lequipe-feminine-apres-une-manifestation-silencieuse\/#breadcrumb","itemListElement":[{"@type":"ListItem","position":1,"name":"Accueil","item":"https:\/\/vieassociative.be\/actualites\/"},{"@type":"ListItem","position":2,"name":"Trump assure la participation de l&rsquo;Iran \u00e0 la Coupe du Monde &#8211; nouvelles agitations autour de l&rsquo;\u00e9quipe f\u00e9minine apr\u00e8s une manifestation silencieuse"}]},{"@type":"WebSite","@id":"https:\/\/vieassociative.be\/actualites\/#website","url":"https:\/\/vieassociative.be\/actualites\/","name":"Vie Associative","description":"","publisher":{"@id":"https:\/\/vieassociative.be\/actualites\/#organization"},"potentialAction":[{"@type":"SearchAction","target":{"@type":"EntryPoint","urlTemplate":"https:\/\/vieassociative.be\/actualites\/?s={search_term_string}"},"query-input":{"@type":"PropertyValueSpecification","valueRequired":true,"valueName":"search_term_string"}}],"inLanguage":"fr-BE"},{"@type":"Organization","@id":"https:\/\/vieassociative.be\/actualites\/#organization","name":"Vie Associative","url":"https:\/\/vieassociative.be\/actualites\/","logo":{"@type":"ImageObject","inLanguage":"fr-BE","@id":"https:\/\/vieassociative.be\/actualites\/#\/schema\/logo\/image\/","url":"https:\/\/vieassociative.be\/actualites\/wp-content\/uploads\/2024\/09\/cropped-vieassociative_favicon.ico.png","contentUrl":"https:\/\/vieassociative.be\/actualites\/wp-content\/uploads\/2024\/09\/cropped-vieassociative_favicon.ico.png","width":512,"height":512,"caption":"Vie Associative"},"image":{"@id":"https:\/\/vieassociative.be\/actualites\/#\/schema\/logo\/image\/"}},{"@type":"Person","@id":"https:\/\/vieassociative.be\/actualites\/#\/schema\/person\/b87ac4f82f9d4e7b7cec7395b679edc4","name":"Julien","image":{"@type":"ImageObject","inLanguage":"fr-BE","@id":"https:\/\/vieassociative.be\/actualites\/#\/schema\/person\/image\/","url":"https:\/\/vieassociative.be\/actualites\/wp-content\/uploads\/2024\/09\/vie-associative-1-150x150.jpg","contentUrl":"https:\/\/vieassociative.be\/actualites\/wp-content\/uploads\/2024\/09\/vie-associative-1-150x150.jpg","caption":"Julien"},"description":"Je suis Julien, r\u00e9dacteur pour Vie Associative. Passionn\u00e9 par le monde associatif depuis plus de 10 ans, j'ai \u00e0 c\u0153ur de partager des histoires inspirantes et de mettre en lumi\u00e8re les initiatives locales. Mon objectif est de sensibiliser et d'encourager l'engagement communautaire \u00e0 travers mes articles.","sameAs":["https:\/\/vieassociative.be\/"]}]}},"_links":{"self":[{"href":"https:\/\/vieassociative.be\/actualites\/wp-json\/wp\/v2\/posts\/12986"}],"collection":[{"href":"https:\/\/vieassociative.be\/actualites\/wp-json\/wp\/v2\/posts"}],"about":[{"href":"https:\/\/vieassociative.be\/actualites\/wp-json\/wp\/v2\/types\/post"}],"author":[{"embeddable":true,"href":"https:\/\/vieassociative.be\/actualites\/wp-json\/wp\/v2\/users\/1"}],"replies":[{"embeddable":true,"href":"https:\/\/vieassociative.be\/actualites\/wp-json\/wp\/v2\/comments?post=12986"}],"version-history":[{"count":0,"href":"https:\/\/vieassociative.be\/actualites\/wp-json\/wp\/v2\/posts\/12986\/revisions"}],"wp:featuredmedia":[{"embeddable":true,"href":"https:\/\/vieassociative.be\/actualites\/wp-json\/wp\/v2\/media\/12987"}],"wp:attachment":[{"href":"https:\/\/vieassociative.be\/actualites\/wp-json\/wp\/v2\/media?parent=12986"}],"wp:term":[{"taxonomy":"category","embeddable":true,"href":"https:\/\/vieassociative.be\/actualites\/wp-json\/wp\/v2\/categories?post=12986"},{"taxonomy":"post_tag","embeddable":true,"href":"https:\/\/vieassociative.be\/actualites\/wp-json\/wp\/v2\/tags?post=12986"}],"curies":[{"name":"wp","href":"https:\/\/api.w.org\/{rel}","templated":true}]}}