{"id":12982,"date":"2026-03-11T16:18:11","date_gmt":"2026-03-11T15:18:11","guid":{"rendered":"https:\/\/vieassociative.be\/actualites\/la-sculpture-satirique-de-trump-avec-epstein-dans-la-pose-du-titanic-a-washington-fait-sensation\/"},"modified":"2026-03-11T16:18:11","modified_gmt":"2026-03-11T15:18:11","slug":"la-sculpture-satirique-de-trump-avec-epstein-dans-la-pose-du-titanic-a-washington-fait-sensation","status":"publish","type":"post","link":"https:\/\/vieassociative.be\/actualites\/la-sculpture-satirique-de-trump-avec-epstein-dans-la-pose-du-titanic-a-washington-fait-sensation\/","title":{"rendered":"La sculpture satirique de Trump avec Epstein dans la pose du \u00ab Titanic \u00bb \u00e0 Washington fait sensation"},"content":{"rendered":"<p><strong>Une installation artistique inhabituelle a attir\u00e9 une large attention \u00e0 Washington. Une sculpture de 3,7 m\u00e8tres de haut repr\u00e9sentant le pr\u00e9sident am\u00e9ricain Donald Trump et le d\u00e9funt financier Jeffrey Epstein dans une pose rappelant la c\u00e9l\u00e8bre sc\u00e8ne du film Titanic a \u00e9t\u00e9 \u00e9rig\u00e9e sur le National Mall, pr\u00e8s du Capitole.<\/strong><\/p>\n<p><span id=\"more-437495\"><\/span>L&rsquo;installation provient du groupe d&rsquo;artistes anonymes The Secret Handshake et se veut un commentaire politique satirique.<\/p>\n<p>La statue repr\u00e9sente les deux hommes dans la \u00ab sc\u00e8ne de l&rsquo;arc \u00bb embl\u00e9matique du film de 1997, dans laquelle les personnages Jack et Rose se tiennent les bras tendus sur le pont avant d&rsquo;un navire. Dans la sculpture, Trump tient Epstein par derri\u00e8re pendant qu&rsquo;il regarde devant lui &#8211; une allusion volontairement exag\u00e9r\u00e9e \u00e0 la c\u00e9l\u00e8bre sc\u00e8ne du film.<\/p>\n<\/p>\n<div id=\"attachment_437498\" class=\"wp-caption alignleft\" style=\"max-width: 300px\"><img fetchpriority=\"high\" decoding=\"async\" class=\"wp-image-437498 size-medium\" src=\"https:\/\/vieassociative.be\/actualites\/wp-content\/uploads\/2026\/03\/La-sculpture-satirique-de-Trump-avec-Epstein-dans-la-pose.jpg\" alt=\"\" width=\"300\" height=\"200\"><\/div>\n<p><\/p>\n<p><strong>\u2013 Satire politique et message provocateur :<\/strong><br \/>\n La sculpture de couleur dor\u00e9e est intitul\u00e9e \u00ab Roi du monde \u00bb, \u00e9galement une r\u00e9f\u00e9rence \u00e0 une r\u00e9plique bien connue du film Titanic. Les panneaux et banni\u00e8res d&rsquo;accompagnement renforcent le message satirique.<\/p>\n<p>Une plaque d\u00e9crit ironiquement la relation entre les deux hommes comme une \u00ab histoire d&rsquo;amour tragique \u00bb bas\u00e9e sur \u00ab des voyages de luxe, des f\u00eates sauvages et des dessins de nus secrets \u00bb \u2013 une allusion claire au d\u00e9bat public sur l&rsquo;environnement et les contacts d&rsquo;Epstein.<\/p>\n<p>De plus, il y a des banderoles autour de l\u2019installation avec des photos de Trump et d\u2019Epstein ainsi que le slogan \u00ab Make America Safe Again \u00bb, une variation satirique des slogans de campagne politique. Les artistes ont d\u00e9clar\u00e9 que leur objectif \u00e9tait de susciter des discussions sur le pouvoir, la responsabilit\u00e9 et les liens entre les \u00e9lites politiques et Epstein.<\/p>\n<p><strong>\u2013 Fait partie d\u2019une s\u00e9rie d\u2019actions d\u2019art politique :<\/strong> L&rsquo;installation n&rsquo;est pas la premi\u00e8re \u0153uvre du groupe d&rsquo;artistes anonymes. En 2025 d\u00e9j\u00e0, ils avaient \u00e9rig\u00e9 une autre statue sur le National Mall, repr\u00e9sentant Trump et Epstein main dans la main et intitul\u00e9e \u00ab Meilleurs amis pour toujours \u00bb. Cet ouvrage se voulait \u00e9galement une critique de la pr\u00e9c\u00e9dente connaissance des deux hommes.<\/p>\n<p>La nouvelle sculpture \u00ab Titanic \u00bb fait suite \u00e0 une s\u00e9rie d&rsquo;actions artistiques provocatrices avec lesquelles le groupe souhaite initier des d\u00e9bats politiques dans l&rsquo;espace public.<\/p>\n<div id=\"attachment_432337\" class=\"wp-caption alignleft\" style=\"max-width: 300px\"><img decoding=\"async\" class=\"wp-image-432337 size-medium\" src=\"https:\/\/vieassociative.be\/actualites\/wp-content\/uploads\/2026\/01\/Un-an-de-Donald-Trump-\u2013-un-an-de-gouvernement.jpg\" alt=\"\" width=\"300\" height=\"200\"><\/div>\n<p><strong>\u2013 R\u00e9actions partag\u00e9es :<\/strong> Les r\u00e9actions \u00e0 la sculpture varient consid\u00e9rablement. De nombreux visiteurs s&rsquo;arr\u00eatent, prennent des photos de l&rsquo;installation et discutent de sa signification. Certains y voient un exemple de satire politique et de libert\u00e9 d\u2019expression dans l\u2019espace public. D&rsquo;autres, cependant, critiquent la pr\u00e9sentation comme \u00e9tant de mauvais go\u00fbt ou comme une attaque politique partisane.<\/p>\n<p>Les critiques sont \u00e9galement venues de l&rsquo;environnement politique de la Maison Blanche : l&rsquo;installation y a \u00e9t\u00e9 d\u00e9crite comme une action partisane visant principalement \u00e0 mobiliser des opposants politiques.<\/p>\n<p>La sculpture a \u00e9t\u00e9 install\u00e9e le 10 mars 2026 et n&rsquo;\u00e9tait destin\u00e9e \u00e0 rester sur le National Mall que quelques jours. L&rsquo;autorisation a \u00e9t\u00e9 demand\u00e9e pour l&rsquo;installation par un interm\u00e9diaire, ce qui est une pratique courante pour les \u00e9v\u00e9nements artistiques temporaires dans cette zone.<\/p>\n<p><strong>\u2013 Art, politique et espace public :<\/strong> Ce cas montre quel r\u00f4le l\u2019art public peut jouer dans le discours politique. Surtout \u00e0 Washington, o\u00f9 des lieux embl\u00e9matiques comme le National Mall servent souvent de sc\u00e8ne de protestation et d\u2019activisme, les \u0153uvres d\u2019art sont souvent utilis\u00e9es pour rendre visibles les messages politiques. (cr\u00e9er)<\/p>\n","protected":false},"excerpt":{"rendered":"<p>Une installation artistique inhabituelle a attir\u00e9 une large attention \u00e0 Washington. Une sculpture de 3,7 m\u00e8tres de haut repr\u00e9sentant le pr\u00e9sident am\u00e9ricain Donald Trump et<\/p>\n","protected":false},"author":1,"featured_media":12983,"comment_status":"","ping_status":"","sticky":false,"template":"","format":"standard","meta":{"footnotes":""},"categories":[298],"tags":[61,166,9536,635,2870,10220,5036,1709,10221,2425,5056],"class_list":["post-12982","post","type-post","status-publish","format-standard","has-post-thumbnail","hentry","category-belgique","tag-avec","tag-dans","tag-epstein","tag-fait","tag-pose","tag-satirique","tag-sculpture","tag-sensation","tag-titanic","tag-trump","tag-washington","generate-columns","tablet-grid-50","mobile-grid-100","grid-parent","grid-33"],"yoast_head":"<!-- This site is optimized with the Yoast SEO plugin v24.0 - https:\/\/yoast.com\/wordpress\/plugins\/seo\/ -->\n<title>La sculpture satirique de Trump avec Epstein dans la pose du \u00ab Titanic \u00bb \u00e0 Washington fait sensation | Vie Associative<\/title>\n<meta name=\"robots\" content=\"index, follow, max-snippet:-1, max-image-preview:large, max-video-preview:-1\" \/>\n<link rel=\"canonical\" href=\"https:\/\/vieassociative.be\/actualites\/la-sculpture-satirique-de-trump-avec-epstein-dans-la-pose-du-titanic-a-washington-fait-sensation\/\" \/>\n<meta property=\"og:locale\" content=\"fr_FR\" \/>\n<meta property=\"og:type\" content=\"article\" \/>\n<meta property=\"og:title\" content=\"La sculpture satirique de Trump avec Epstein dans la pose du \u00ab Titanic \u00bb \u00e0 Washington fait sensation | Vie Associative\" \/>\n<meta property=\"og:description\" content=\"Une installation artistique inhabituelle a attir\u00e9 une large attention \u00e0 Washington. Une sculpture de 3,7 m\u00e8tres de haut repr\u00e9sentant le pr\u00e9sident am\u00e9ricain Donald Trump et\" \/>\n<meta property=\"og:url\" content=\"https:\/\/vieassociative.be\/actualites\/la-sculpture-satirique-de-trump-avec-epstein-dans-la-pose-du-titanic-a-washington-fait-sensation\/\" \/>\n<meta property=\"og:site_name\" content=\"Vie Associative\" \/>\n<meta property=\"article:published_time\" content=\"2026-03-11T15:18:11+00:00\" \/>\n<meta property=\"og:image\" content=\"https:\/\/vieassociative.be\/actualites\/wp-content\/uploads\/2024\/09\/header_backgroundk-01-e1726694325946.png\" \/>\n\t<meta property=\"og:image:width\" content=\"279\" \/>\n\t<meta property=\"og:image:height\" content=\"92\" \/>\n\t<meta property=\"og:image:type\" content=\"image\/png\" \/>\n<meta name=\"author\" content=\"Julien\" \/>\n<meta name=\"twitter:card\" content=\"summary_large_image\" \/>\n<meta name=\"twitter:label1\" content=\"\u00c9crit par\" \/>\n\t<meta name=\"twitter:data1\" content=\"Julien\" \/>\n\t<meta name=\"twitter:label2\" content=\"Dur\u00e9e de lecture est.\" \/>\n\t<meta name=\"twitter:data2\" content=\"3 minutes\" \/>\n<script type=\"application\/ld+json\" class=\"yoast-schema-graph\">{\"@context\":\"https:\/\/schema.org\",\"@graph\":[{\"@type\":\"Article\",\"@id\":\"https:\/\/vieassociative.be\/actualites\/la-sculpture-satirique-de-trump-avec-epstein-dans-la-pose-du-titanic-a-washington-fait-sensation\/#article\",\"isPartOf\":{\"@id\":\"https:\/\/vieassociative.be\/actualites\/la-sculpture-satirique-de-trump-avec-epstein-dans-la-pose-du-titanic-a-washington-fait-sensation\/\"},\"author\":{\"name\":\"Julien\",\"@id\":\"https:\/\/vieassociative.be\/actualites\/#\/schema\/person\/b87ac4f82f9d4e7b7cec7395b679edc4\"},\"headline\":\"La sculpture satirique de Trump avec Epstein dans la pose du \u00ab Titanic \u00bb \u00e0 Washington fait sensation\",\"datePublished\":\"2026-03-11T15:18:11+00:00\",\"dateModified\":\"2026-03-11T15:18:11+00:00\",\"mainEntityOfPage\":{\"@id\":\"https:\/\/vieassociative.be\/actualites\/la-sculpture-satirique-de-trump-avec-epstein-dans-la-pose-du-titanic-a-washington-fait-sensation\/\"},\"wordCount\":609,\"publisher\":{\"@id\":\"https:\/\/vieassociative.be\/actualites\/#organization\"},\"image\":{\"@id\":\"https:\/\/vieassociative.be\/actualites\/la-sculpture-satirique-de-trump-avec-epstein-dans-la-pose-du-titanic-a-washington-fait-sensation\/#primaryimage\"},\"thumbnailUrl\":\"https:\/\/vieassociative.be\/actualites\/wp-content\/uploads\/2026\/03\/1773242292_La-sculpture-satirique-de-Trump-avec-Epstein-dans-la-pose.jpg\",\"keywords\":[\"avec\",\"dans\",\"Epstein\",\"fait\",\"pose\",\"satirique\",\"sculpture\",\"sensation\",\"Titanic\",\"Trump\",\"Washington\"],\"articleSection\":[\"Belgique\"],\"inLanguage\":\"fr-BE\"},{\"@type\":\"WebPage\",\"@id\":\"https:\/\/vieassociative.be\/actualites\/la-sculpture-satirique-de-trump-avec-epstein-dans-la-pose-du-titanic-a-washington-fait-sensation\/\",\"url\":\"https:\/\/vieassociative.be\/actualites\/la-sculpture-satirique-de-trump-avec-epstein-dans-la-pose-du-titanic-a-washington-fait-sensation\/\",\"name\":\"La sculpture satirique de Trump avec Epstein dans la pose du \u00ab Titanic \u00bb \u00e0 Washington fait sensation | Vie Associative\",\"isPartOf\":{\"@id\":\"https:\/\/vieassociative.be\/actualites\/#website\"},\"primaryImageOfPage\":{\"@id\":\"https:\/\/vieassociative.be\/actualites\/la-sculpture-satirique-de-trump-avec-epstein-dans-la-pose-du-titanic-a-washington-fait-sensation\/#primaryimage\"},\"image\":{\"@id\":\"https:\/\/vieassociative.be\/actualites\/la-sculpture-satirique-de-trump-avec-epstein-dans-la-pose-du-titanic-a-washington-fait-sensation\/#primaryimage\"},\"thumbnailUrl\":\"https:\/\/vieassociative.be\/actualites\/wp-content\/uploads\/2026\/03\/1773242292_La-sculpture-satirique-de-Trump-avec-Epstein-dans-la-pose.jpg\",\"datePublished\":\"2026-03-11T15:18:11+00:00\",\"dateModified\":\"2026-03-11T15:18:11+00:00\",\"breadcrumb\":{\"@id\":\"https:\/\/vieassociative.be\/actualites\/la-sculpture-satirique-de-trump-avec-epstein-dans-la-pose-du-titanic-a-washington-fait-sensation\/#breadcrumb\"},\"inLanguage\":\"fr-BE\",\"potentialAction\":[{\"@type\":\"ReadAction\",\"target\":[\"https:\/\/vieassociative.be\/actualites\/la-sculpture-satirique-de-trump-avec-epstein-dans-la-pose-du-titanic-a-washington-fait-sensation\/\"]}]},{\"@type\":\"ImageObject\",\"inLanguage\":\"fr-BE\",\"@id\":\"https:\/\/vieassociative.be\/actualites\/la-sculpture-satirique-de-trump-avec-epstein-dans-la-pose-du-titanic-a-washington-fait-sensation\/#primaryimage\",\"url\":\"https:\/\/vieassociative.be\/actualites\/wp-content\/uploads\/2026\/03\/1773242292_La-sculpture-satirique-de-Trump-avec-Epstein-dans-la-pose.jpg\",\"contentUrl\":\"https:\/\/vieassociative.be\/actualites\/wp-content\/uploads\/2026\/03\/1773242292_La-sculpture-satirique-de-Trump-avec-Epstein-dans-la-pose.jpg\",\"width\":1200,\"height\":800,\"caption\":\"La sculpture satirique de Trump avec Epstein dans la pose du \u00ab Titanic \u00bb \u00e0 Washington fait sensation\"},{\"@type\":\"BreadcrumbList\",\"@id\":\"https:\/\/vieassociative.be\/actualites\/la-sculpture-satirique-de-trump-avec-epstein-dans-la-pose-du-titanic-a-washington-fait-sensation\/#breadcrumb\",\"itemListElement\":[{\"@type\":\"ListItem\",\"position\":1,\"name\":\"Accueil\",\"item\":\"https:\/\/vieassociative.be\/actualites\/\"},{\"@type\":\"ListItem\",\"position\":2,\"name\":\"La sculpture satirique de Trump avec Epstein dans la pose du \u00ab Titanic \u00bb \u00e0 Washington fait sensation\"}]},{\"@type\":\"WebSite\",\"@id\":\"https:\/\/vieassociative.be\/actualites\/#website\",\"url\":\"https:\/\/vieassociative.be\/actualites\/\",\"name\":\"Vie Associative\",\"description\":\"\",\"publisher\":{\"@id\":\"https:\/\/vieassociative.be\/actualites\/#organization\"},\"potentialAction\":[{\"@type\":\"SearchAction\",\"target\":{\"@type\":\"EntryPoint\",\"urlTemplate\":\"https:\/\/vieassociative.be\/actualites\/?s={search_term_string}\"},\"query-input\":{\"@type\":\"PropertyValueSpecification\",\"valueRequired\":true,\"valueName\":\"search_term_string\"}}],\"inLanguage\":\"fr-BE\"},{\"@type\":\"Organization\",\"@id\":\"https:\/\/vieassociative.be\/actualites\/#organization\",\"name\":\"Vie Associative\",\"url\":\"https:\/\/vieassociative.be\/actualites\/\",\"logo\":{\"@type\":\"ImageObject\",\"inLanguage\":\"fr-BE\",\"@id\":\"https:\/\/vieassociative.be\/actualites\/#\/schema\/logo\/image\/\",\"url\":\"https:\/\/vieassociative.be\/actualites\/wp-content\/uploads\/2024\/09\/cropped-vieassociative_favicon.ico.png\",\"contentUrl\":\"https:\/\/vieassociative.be\/actualites\/wp-content\/uploads\/2024\/09\/cropped-vieassociative_favicon.ico.png\",\"width\":512,\"height\":512,\"caption\":\"Vie Associative\"},\"image\":{\"@id\":\"https:\/\/vieassociative.be\/actualites\/#\/schema\/logo\/image\/\"}},{\"@type\":\"Person\",\"@id\":\"https:\/\/vieassociative.be\/actualites\/#\/schema\/person\/b87ac4f82f9d4e7b7cec7395b679edc4\",\"name\":\"Julien\",\"image\":{\"@type\":\"ImageObject\",\"inLanguage\":\"fr-BE\",\"@id\":\"https:\/\/vieassociative.be\/actualites\/#\/schema\/person\/image\/\",\"url\":\"https:\/\/vieassociative.be\/actualites\/wp-content\/uploads\/2024\/09\/vie-associative-1-150x150.jpg\",\"contentUrl\":\"https:\/\/vieassociative.be\/actualites\/wp-content\/uploads\/2024\/09\/vie-associative-1-150x150.jpg\",\"caption\":\"Julien\"},\"description\":\"Je suis Julien, r\u00e9dacteur pour Vie Associative. Passionn\u00e9 par le monde associatif depuis plus de 10 ans, j'ai \u00e0 c\u0153ur de partager des histoires inspirantes et de mettre en lumi\u00e8re les initiatives locales. Mon objectif est de sensibiliser et d'encourager l'engagement communautaire \u00e0 travers mes articles.\",\"sameAs\":[\"https:\/\/vieassociative.be\/\"]}]}<\/script>\n<!-- \/ Yoast SEO plugin. -->","yoast_head_json":{"title":"La sculpture satirique de Trump avec Epstein dans la pose du \u00ab Titanic \u00bb \u00e0 Washington fait sensation | Vie Associative","robots":{"index":"index","follow":"follow","max-snippet":"max-snippet:-1","max-image-preview":"max-image-preview:large","max-video-preview":"max-video-preview:-1"},"canonical":"https:\/\/vieassociative.be\/actualites\/la-sculpture-satirique-de-trump-avec-epstein-dans-la-pose-du-titanic-a-washington-fait-sensation\/","og_locale":"fr_FR","og_type":"article","og_title":"La sculpture satirique de Trump avec Epstein dans la pose du \u00ab Titanic \u00bb \u00e0 Washington fait sensation | Vie Associative","og_description":"Une installation artistique inhabituelle a attir\u00e9 une large attention \u00e0 Washington. Une sculpture de 3,7 m\u00e8tres de haut repr\u00e9sentant le pr\u00e9sident am\u00e9ricain Donald Trump et","og_url":"https:\/\/vieassociative.be\/actualites\/la-sculpture-satirique-de-trump-avec-epstein-dans-la-pose-du-titanic-a-washington-fait-sensation\/","og_site_name":"Vie Associative","article_published_time":"2026-03-11T15:18:11+00:00","og_image":[{"width":279,"height":92,"url":"https:\/\/vieassociative.be\/actualites\/wp-content\/uploads\/2024\/09\/header_backgroundk-01-e1726694325946.png","type":"image\/png"}],"author":"Julien","twitter_card":"summary_large_image","twitter_misc":{"\u00c9crit par":"Julien","Dur\u00e9e de lecture est.":"3 minutes"},"schema":{"@context":"https:\/\/schema.org","@graph":[{"@type":"Article","@id":"https:\/\/vieassociative.be\/actualites\/la-sculpture-satirique-de-trump-avec-epstein-dans-la-pose-du-titanic-a-washington-fait-sensation\/#article","isPartOf":{"@id":"https:\/\/vieassociative.be\/actualites\/la-sculpture-satirique-de-trump-avec-epstein-dans-la-pose-du-titanic-a-washington-fait-sensation\/"},"author":{"name":"Julien","@id":"https:\/\/vieassociative.be\/actualites\/#\/schema\/person\/b87ac4f82f9d4e7b7cec7395b679edc4"},"headline":"La sculpture satirique de Trump avec Epstein dans la pose du \u00ab Titanic \u00bb \u00e0 Washington fait sensation","datePublished":"2026-03-11T15:18:11+00:00","dateModified":"2026-03-11T15:18:11+00:00","mainEntityOfPage":{"@id":"https:\/\/vieassociative.be\/actualites\/la-sculpture-satirique-de-trump-avec-epstein-dans-la-pose-du-titanic-a-washington-fait-sensation\/"},"wordCount":609,"publisher":{"@id":"https:\/\/vieassociative.be\/actualites\/#organization"},"image":{"@id":"https:\/\/vieassociative.be\/actualites\/la-sculpture-satirique-de-trump-avec-epstein-dans-la-pose-du-titanic-a-washington-fait-sensation\/#primaryimage"},"thumbnailUrl":"https:\/\/vieassociative.be\/actualites\/wp-content\/uploads\/2026\/03\/1773242292_La-sculpture-satirique-de-Trump-avec-Epstein-dans-la-pose.jpg","keywords":["avec","dans","Epstein","fait","pose","satirique","sculpture","sensation","Titanic","Trump","Washington"],"articleSection":["Belgique"],"inLanguage":"fr-BE"},{"@type":"WebPage","@id":"https:\/\/vieassociative.be\/actualites\/la-sculpture-satirique-de-trump-avec-epstein-dans-la-pose-du-titanic-a-washington-fait-sensation\/","url":"https:\/\/vieassociative.be\/actualites\/la-sculpture-satirique-de-trump-avec-epstein-dans-la-pose-du-titanic-a-washington-fait-sensation\/","name":"La sculpture satirique de Trump avec Epstein dans la pose du \u00ab Titanic \u00bb \u00e0 Washington fait sensation | Vie Associative","isPartOf":{"@id":"https:\/\/vieassociative.be\/actualites\/#website"},"primaryImageOfPage":{"@id":"https:\/\/vieassociative.be\/actualites\/la-sculpture-satirique-de-trump-avec-epstein-dans-la-pose-du-titanic-a-washington-fait-sensation\/#primaryimage"},"image":{"@id":"https:\/\/vieassociative.be\/actualites\/la-sculpture-satirique-de-trump-avec-epstein-dans-la-pose-du-titanic-a-washington-fait-sensation\/#primaryimage"},"thumbnailUrl":"https:\/\/vieassociative.be\/actualites\/wp-content\/uploads\/2026\/03\/1773242292_La-sculpture-satirique-de-Trump-avec-Epstein-dans-la-pose.jpg","datePublished":"2026-03-11T15:18:11+00:00","dateModified":"2026-03-11T15:18:11+00:00","breadcrumb":{"@id":"https:\/\/vieassociative.be\/actualites\/la-sculpture-satirique-de-trump-avec-epstein-dans-la-pose-du-titanic-a-washington-fait-sensation\/#breadcrumb"},"inLanguage":"fr-BE","potentialAction":[{"@type":"ReadAction","target":["https:\/\/vieassociative.be\/actualites\/la-sculpture-satirique-de-trump-avec-epstein-dans-la-pose-du-titanic-a-washington-fait-sensation\/"]}]},{"@type":"ImageObject","inLanguage":"fr-BE","@id":"https:\/\/vieassociative.be\/actualites\/la-sculpture-satirique-de-trump-avec-epstein-dans-la-pose-du-titanic-a-washington-fait-sensation\/#primaryimage","url":"https:\/\/vieassociative.be\/actualites\/wp-content\/uploads\/2026\/03\/1773242292_La-sculpture-satirique-de-Trump-avec-Epstein-dans-la-pose.jpg","contentUrl":"https:\/\/vieassociative.be\/actualites\/wp-content\/uploads\/2026\/03\/1773242292_La-sculpture-satirique-de-Trump-avec-Epstein-dans-la-pose.jpg","width":1200,"height":800,"caption":"La sculpture satirique de Trump avec Epstein dans la pose du \u00ab Titanic \u00bb \u00e0 Washington fait sensation"},{"@type":"BreadcrumbList","@id":"https:\/\/vieassociative.be\/actualites\/la-sculpture-satirique-de-trump-avec-epstein-dans-la-pose-du-titanic-a-washington-fait-sensation\/#breadcrumb","itemListElement":[{"@type":"ListItem","position":1,"name":"Accueil","item":"https:\/\/vieassociative.be\/actualites\/"},{"@type":"ListItem","position":2,"name":"La sculpture satirique de Trump avec Epstein dans la pose du \u00ab Titanic \u00bb \u00e0 Washington fait sensation"}]},{"@type":"WebSite","@id":"https:\/\/vieassociative.be\/actualites\/#website","url":"https:\/\/vieassociative.be\/actualites\/","name":"Vie Associative","description":"","publisher":{"@id":"https:\/\/vieassociative.be\/actualites\/#organization"},"potentialAction":[{"@type":"SearchAction","target":{"@type":"EntryPoint","urlTemplate":"https:\/\/vieassociative.be\/actualites\/?s={search_term_string}"},"query-input":{"@type":"PropertyValueSpecification","valueRequired":true,"valueName":"search_term_string"}}],"inLanguage":"fr-BE"},{"@type":"Organization","@id":"https:\/\/vieassociative.be\/actualites\/#organization","name":"Vie Associative","url":"https:\/\/vieassociative.be\/actualites\/","logo":{"@type":"ImageObject","inLanguage":"fr-BE","@id":"https:\/\/vieassociative.be\/actualites\/#\/schema\/logo\/image\/","url":"https:\/\/vieassociative.be\/actualites\/wp-content\/uploads\/2024\/09\/cropped-vieassociative_favicon.ico.png","contentUrl":"https:\/\/vieassociative.be\/actualites\/wp-content\/uploads\/2024\/09\/cropped-vieassociative_favicon.ico.png","width":512,"height":512,"caption":"Vie Associative"},"image":{"@id":"https:\/\/vieassociative.be\/actualites\/#\/schema\/logo\/image\/"}},{"@type":"Person","@id":"https:\/\/vieassociative.be\/actualites\/#\/schema\/person\/b87ac4f82f9d4e7b7cec7395b679edc4","name":"Julien","image":{"@type":"ImageObject","inLanguage":"fr-BE","@id":"https:\/\/vieassociative.be\/actualites\/#\/schema\/person\/image\/","url":"https:\/\/vieassociative.be\/actualites\/wp-content\/uploads\/2024\/09\/vie-associative-1-150x150.jpg","contentUrl":"https:\/\/vieassociative.be\/actualites\/wp-content\/uploads\/2024\/09\/vie-associative-1-150x150.jpg","caption":"Julien"},"description":"Je suis Julien, r\u00e9dacteur pour Vie Associative. Passionn\u00e9 par le monde associatif depuis plus de 10 ans, j'ai \u00e0 c\u0153ur de partager des histoires inspirantes et de mettre en lumi\u00e8re les initiatives locales. Mon objectif est de sensibiliser et d'encourager l'engagement communautaire \u00e0 travers mes articles.","sameAs":["https:\/\/vieassociative.be\/"]}]}},"_links":{"self":[{"href":"https:\/\/vieassociative.be\/actualites\/wp-json\/wp\/v2\/posts\/12982"}],"collection":[{"href":"https:\/\/vieassociative.be\/actualites\/wp-json\/wp\/v2\/posts"}],"about":[{"href":"https:\/\/vieassociative.be\/actualites\/wp-json\/wp\/v2\/types\/post"}],"author":[{"embeddable":true,"href":"https:\/\/vieassociative.be\/actualites\/wp-json\/wp\/v2\/users\/1"}],"replies":[{"embeddable":true,"href":"https:\/\/vieassociative.be\/actualites\/wp-json\/wp\/v2\/comments?post=12982"}],"version-history":[{"count":0,"href":"https:\/\/vieassociative.be\/actualites\/wp-json\/wp\/v2\/posts\/12982\/revisions"}],"wp:featuredmedia":[{"embeddable":true,"href":"https:\/\/vieassociative.be\/actualites\/wp-json\/wp\/v2\/media\/12983"}],"wp:attachment":[{"href":"https:\/\/vieassociative.be\/actualites\/wp-json\/wp\/v2\/media?parent=12982"}],"wp:term":[{"taxonomy":"category","embeddable":true,"href":"https:\/\/vieassociative.be\/actualites\/wp-json\/wp\/v2\/categories?post=12982"},{"taxonomy":"post_tag","embeddable":true,"href":"https:\/\/vieassociative.be\/actualites\/wp-json\/wp\/v2\/tags?post=12982"}],"curies":[{"name":"wp","href":"https:\/\/api.w.org\/{rel}","templated":true}]}}