{"id":12978,"date":"2026-03-11T09:17:02","date_gmt":"2026-03-11T08:17:02","guid":{"rendered":"https:\/\/vieassociative.be\/actualites\/hr-block-deluxe-state-2025-est-a-50-de-reduction-avant-la-date-limite-des-taxes\/"},"modified":"2026-03-11T09:17:02","modified_gmt":"2026-03-11T08:17:02","slug":"hr-block-deluxe-state-2025-est-a-50-de-reduction-avant-la-date-limite-des-taxes","status":"publish","type":"post","link":"https:\/\/vieassociative.be\/actualites\/hr-block-deluxe-state-2025-est-a-50-de-reduction-avant-la-date-limite-des-taxes\/","title":{"rendered":"H&#038;R Block Deluxe + State 2025 est \u00e0 50 % de r\u00e9duction avant la date limite des taxes"},"content":{"rendered":"<p>Nous pouvons gagner une commission sur les liens sur cette page. Les prix et la disponibilit\u00e9 de l&rsquo;offre sont sujets \u00e0 changement apr\u00e8s la publication.<\/p>\n<p>Confier vos imp\u00f4ts \u00e0 un comptable n&rsquo;est pas toujours n\u00e9cessaire, mais tout faire \u00e0 l&rsquo;aveugle n&rsquo;est pas non plus id\u00e9al. H&#038;R Block Deluxe + State 2025 remplit l&rsquo;espace interm\u00e9diaire : il est con\u00e7u pour les personnes dont les retours d\u00e9passent un seul W-2, sans transformer le processus en un cauchemar de feuille de calcul. \u00c0 l&rsquo;heure actuelle, il est en vente \u00e0 50 % de r\u00e9duction \u00e0 29,97 $ sur StackSocial, contre 59,99 $, ce qui le place fermement dans la cat\u00e9gorie \u00ab \u00e0 consid\u00e9rer \u00bb si vous souhaitez une structure pour d\u00e9clarer vos imp\u00f4ts sans externaliser l&rsquo;ensemble du travail. Cette version est limit\u00e9e aux d\u00e9clarants am\u00e9ricains et \u00e0 un seul \u00c9tat, et la licence doit \u00eatre utilis\u00e9e dans les 30 jours suivant l&rsquo;achat pour pouvoir l&rsquo;utiliser pour l&rsquo;ann\u00e9e fiscale 2025.<\/p>\n<p>L\u2019exp\u00e9rience consiste moins \u00e0 remplir des formulaires fiscaux qu\u2019\u00e0 r\u00e9pondre \u00e0 des invites claires et \u00e9tape par \u00e9tape. Le logiciel s&rsquo;ex\u00e9cute localement sur Windows et Mac, vous n&rsquo;\u00eates donc pas enferm\u00e9 dans une session de navigateur et vous pouvez faire une pause et reprendre les choses sans perdre la progression. Les outils d&rsquo;importation int\u00e9gr\u00e9s extraient les informations des d\u00e9clarations W-2, 1099 et m\u00eame des d\u00e9clarations TurboTax ou Quicken des ann\u00e9es pr\u00e9c\u00e9dentes, r\u00e9duisant ainsi le besoin de ressaisir les m\u00eames donn\u00e9es ann\u00e9e apr\u00e8s ann\u00e9e. Et ce niveau Deluxe est destin\u00e9 aux situations qui provoquent g\u00e9n\u00e9ralement du stress (int\u00e9r\u00eats hypoth\u00e9caires, imp\u00f4ts fonciers, revenus de placement, ventes d&rsquo;actions et distributions de retraite). Les conseils sont donc plus d\u00e9taill\u00e9s l\u00e0 o\u00f9 les erreurs sont les plus courantes.<\/p>\n<p>Vous pouvez d\u00e9poser par voie \u00e9lectronique jusqu&rsquo;\u00e0 cinq d\u00e9clarations f\u00e9d\u00e9rales sans frais suppl\u00e9mentaires, ce qui est pratique si vous d\u00e9posez pour des membres de votre famille. Une d\u00e9claration d&rsquo;\u00c9tat est incluse, bien que le d\u00e9p\u00f4t \u00e9lectronique d&rsquo;\u00c9tat co\u00fbte plus cher (19,95 $) et ne soit pas disponible partout, ce qui est \u00e0 prendre en compte dans le prix total. Il existe \u00e9galement une biblioth\u00e8que d&rsquo;aide consultable contenant des milliers d&rsquo;articles, ainsi qu&rsquo;un support d&rsquo;audit qui comprend une repr\u00e9sentation en personne si jamais l&rsquo;IRS vient frapper. Un outil AI Tax Assist plus r\u00e9cent offre des explications en temps r\u00e9el lors du d\u00e9p\u00f4t, ce qui peut \u00eatre utile pour une clart\u00e9 rapide, bien qu&rsquo;il ne remplace pas les conseils professionnels dans les cas complexes.<\/p>\n<p>Le logiciel fiscal H&#038;R Block Deluxe + State 2025 est en vente au prix de 29,97 $ sur StackSocial, contre 59,99 $. Il aide les propri\u00e9taires, les investisseurs et les retrait\u00e9s \u00e0 d\u00e9clarer leurs imp\u00f4ts f\u00e9d\u00e9raux et \u00e9tatiques avec des questions guid\u00e9es, des outils d&rsquo;importation et une assistance \u00e0 l&rsquo;audit, et constitue un compromis pratique entre le logiciel de bricolage et l&#8217;embauche d&rsquo;un comptable.<\/p>\n<div class=\" relative flex justify-center py-16 md:left-1\/2 md:w-(780px) md:max-w-max md:-translate-x-1\/2\">\n<div class=\"w-max text-center sm:text-left\">\n<div class=\"custom-gradient-background mb-6 rounded-md p-(2px) sm:rounded-tl-none\">\n<div class=\"flex flex-col rounded bg-white sm:rounded-tl-none\">\n                    <span class=\"-mt-4 block w-fit max-w-(calc(100%-1rem)) self-center bg-white px-3 text-center font-akshar text-xl font-medium capitalize text-gray-800 sm:max-w-(calc(100%-2.5rem)) sm:self-start sm:px-10 sm:text-left sm:text-2xl\">Nos meilleures offres technologiques approuv\u00e9es par les \u00e9diteurs en ce moment<\/span><\/p>\n<div class=\"flex flex-col gap-3 p-3 pb-4 text-sm sm:p-10 sm:pt-6 sm:text-justify sm:text-base\">\n<div>\n<p>    \u00c9couteurs sans fil \u00e0 suppression active du bruit Apple AirPods 4<\/p>\n<p>                                <span class=\"text-black\"><br \/>\n                                    \u2014<br \/>\n                                    <span class=\"font-bold\">153,99\u00a0$<\/span><br \/>\n                                    <span class=\"!text-xs italic sm:!text-sm\"><\/p>\n<p>                                        (Prix catalogue 179,00 $)<br \/>\n                                    <\/span><br \/>\n                                <\/span>\n                            <\/div>\n<div>\n<p>    Samsung Galaxy S26 512 Go + carte-cadeau Amazon de 100 $ (noir)<\/p>\n<p>                                <span class=\"text-black\"><br \/>\n                                    \u2014<br \/>\n                                    <span class=\"font-bold\">899,99\u00a0$<\/span><br \/>\n                                    <span class=\"!text-xs italic sm:!text-sm\"><\/p>\n<p>                                        (Prix catalogue 1\u00a0099,99\u00a0$)<br \/>\n                                    <\/span><br \/>\n                                <\/span>\n                            <\/div>\n<div>\n<p>    \u00c9couteurs sans fil \u00e0 r\u00e9duction de bruit Samsung Galaxy Buds 4 AI + carte-cadeau Amazon de 20 $<\/p>\n<p>                                <span class=\"text-black\"><br \/>\n                                    \u2014<br \/>\n                                    <span class=\"font-bold\">179,99\u00a0$<\/span><br \/>\n                                    <span class=\"!text-xs italic sm:!text-sm\"><\/p>\n<p>                                        (Prix catalogue 199,99 $)<br \/>\n                                    <\/span><br \/>\n                                <\/span>\n                            <\/div>\n<div>\n<p>    Google Pixel 10a 128 Go 6,3&Prime; Smartphone d\u00e9bloqu\u00e9 + carte-cadeau de 100\u00a0$<\/p>\n<p>                                <span class=\"text-black\"><br \/>\n                                    \u2014<br \/>\n                                    <span class=\"font-bold\">499,00\u00a0$<\/span><br \/>\n                                    <span class=\"!text-xs italic sm:!text-sm\"><\/p>\n<p>                                        (Prix catalogue 599,00 $)<br \/>\n                                    <\/span><br \/>\n                                <\/span>\n                            <\/div>\n<div>\n<p>    Apple iPad 11&Prime; 128 Go A16 WiFi Tablette (Bleu, 2025)<\/p>\n<p>                                <span class=\"text-black\"><br \/>\n                                    \u2014<br \/>\n                                    <span class=\"font-bold\">329,99\u00a0$<\/span><br \/>\n                                    <span class=\"!text-xs italic sm:!text-sm\"><\/p>\n<p>                                        (Prix catalogue 349,00 $)<br \/>\n                                    <\/span><br \/>\n                                <\/span>\n                            <\/div>\n<div>\n<p>    Apple Watch Series 11 (GPS, 42 mm, bracelet sport noir S\/M)<\/p>\n<p>                                <span class=\"text-black\"><br \/>\n                                    \u2014<br \/>\n                                    <span class=\"font-bold\">299,00\u00a0$<\/span><br \/>\n                                    <span class=\"!text-xs italic sm:!text-sm\"><\/p>\n<p>                                        (Prix catalogue 399,00 $)<br \/>\n                                    <\/span><br \/>\n                                <\/span>\n                            <\/div>\n<div>\n<p>    Barre de son Amazon Fire TV<\/p>\n<p>                                <span class=\"text-black\"><br \/>\n                                    \u2014<br \/>\n                                    <span class=\"font-bold\">99,99\u00a0$<\/span><br \/>\n                                    <span class=\"!text-xs italic sm:!text-sm\"><\/p>\n<p>                                        (Prix catalogue 119,99 $)<br \/>\n                                    <\/span><br \/>\n                                <\/span>\n                            <\/div>\n<\/p><\/div>\n<\/p><\/div>\n<\/p><\/div>\n<div class=\"flex flex-col items-center justify-between text-black sm:flex-row sm:px-6\">\n                <span class=\"text-xs italic sm:ml-7 sm:text-sm\">Les offres sont s\u00e9lectionn\u00e9es par notre \u00e9quipe commerciale<\/span><\/p><\/div>\n<\/p><\/div>\n<\/p><\/div>\n","protected":false},"excerpt":{"rendered":"<p>Nous pouvons gagner une commission sur les liens sur cette page. Les prix et la disponibilit\u00e9 de l&rsquo;offre sont sujets \u00e0 changement apr\u00e8s la publication.<\/p>\n","protected":false},"author":1,"featured_media":12979,"comment_status":"","ping_status":"","sticky":false,"template":"","format":"standard","meta":{"footnotes":""},"categories":[13],"tags":[142,4310,1336,10217,29,76,1640,308,10218,10219],"class_list":["post-12978","post","type-post","status-publish","format-standard","has-post-thumbnail","hentry","category-technologie","tag-avant","tag-block","tag-date","tag-deluxe","tag-des","tag-est","tag-limite","tag-reduction","tag-state","tag-taxes","generate-columns","tablet-grid-50","mobile-grid-100","grid-parent","grid-33"],"yoast_head":"<!-- This site is optimized with the Yoast SEO plugin v24.0 - https:\/\/yoast.com\/wordpress\/plugins\/seo\/ -->\n<title>H&amp;R Block Deluxe + State 2025 est \u00e0 50 % de r\u00e9duction avant la date limite des taxes | Vie Associative<\/title>\n<meta name=\"robots\" content=\"index, follow, max-snippet:-1, max-image-preview:large, max-video-preview:-1\" \/>\n<link rel=\"canonical\" href=\"https:\/\/vieassociative.be\/actualites\/hr-block-deluxe-state-2025-est-a-50-de-reduction-avant-la-date-limite-des-taxes\/\" \/>\n<meta property=\"og:locale\" content=\"fr_FR\" \/>\n<meta property=\"og:type\" content=\"article\" \/>\n<meta property=\"og:title\" content=\"H&amp;R Block Deluxe + State 2025 est \u00e0 50 % de r\u00e9duction avant la date limite des taxes | Vie Associative\" \/>\n<meta property=\"og:description\" content=\"Nous pouvons gagner une commission sur les liens sur cette page. Les prix et la disponibilit\u00e9 de l&rsquo;offre sont sujets \u00e0 changement apr\u00e8s la publication.\" \/>\n<meta property=\"og:url\" content=\"https:\/\/vieassociative.be\/actualites\/hr-block-deluxe-state-2025-est-a-50-de-reduction-avant-la-date-limite-des-taxes\/\" \/>\n<meta property=\"og:site_name\" content=\"Vie Associative\" \/>\n<meta property=\"article:published_time\" content=\"2026-03-11T08:17:02+00:00\" \/>\n<meta property=\"og:image\" content=\"https:\/\/vieassociative.be\/actualites\/wp-content\/uploads\/2024\/09\/header_backgroundk-01-e1726694325946.png\" \/>\n\t<meta property=\"og:image:width\" content=\"279\" \/>\n\t<meta property=\"og:image:height\" content=\"92\" \/>\n\t<meta property=\"og:image:type\" content=\"image\/png\" \/>\n<meta name=\"author\" content=\"Julien\" \/>\n<meta name=\"twitter:card\" content=\"summary_large_image\" \/>\n<meta name=\"twitter:label1\" content=\"\u00c9crit par\" \/>\n\t<meta name=\"twitter:data1\" content=\"Julien\" \/>\n\t<meta name=\"twitter:label2\" content=\"Dur\u00e9e de lecture est.\" \/>\n\t<meta name=\"twitter:data2\" content=\"3 minutes\" \/>\n<script type=\"application\/ld+json\" class=\"yoast-schema-graph\">{\"@context\":\"https:\/\/schema.org\",\"@graph\":[{\"@type\":\"Article\",\"@id\":\"https:\/\/vieassociative.be\/actualites\/hr-block-deluxe-state-2025-est-a-50-de-reduction-avant-la-date-limite-des-taxes\/#article\",\"isPartOf\":{\"@id\":\"https:\/\/vieassociative.be\/actualites\/hr-block-deluxe-state-2025-est-a-50-de-reduction-avant-la-date-limite-des-taxes\/\"},\"author\":{\"name\":\"Julien\",\"@id\":\"https:\/\/vieassociative.be\/actualites\/#\/schema\/person\/b87ac4f82f9d4e7b7cec7395b679edc4\"},\"headline\":\"H&#038;R Block Deluxe + State 2025 est \u00e0 50 % de r\u00e9duction avant la date limite des taxes\",\"datePublished\":\"2026-03-11T08:17:02+00:00\",\"dateModified\":\"2026-03-11T08:17:02+00:00\",\"mainEntityOfPage\":{\"@id\":\"https:\/\/vieassociative.be\/actualites\/hr-block-deluxe-state-2025-est-a-50-de-reduction-avant-la-date-limite-des-taxes\/\"},\"wordCount\":638,\"publisher\":{\"@id\":\"https:\/\/vieassociative.be\/actualites\/#organization\"},\"image\":{\"@id\":\"https:\/\/vieassociative.be\/actualites\/hr-block-deluxe-state-2025-est-a-50-de-reduction-avant-la-date-limite-des-taxes\/#primaryimage\"},\"thumbnailUrl\":\"https:\/\/vieassociative.be\/actualites\/wp-content\/uploads\/2026\/03\/HR-Block-Deluxe-State-2025-est-a-50.png\",\"keywords\":[\"avant\",\"Block\",\"date\",\"Deluxe\",\"Des\",\"est\",\"limite\",\"r\u00e9duction\",\"State\",\"taxes\"],\"articleSection\":[\"Technologie\"],\"inLanguage\":\"fr-BE\"},{\"@type\":\"WebPage\",\"@id\":\"https:\/\/vieassociative.be\/actualites\/hr-block-deluxe-state-2025-est-a-50-de-reduction-avant-la-date-limite-des-taxes\/\",\"url\":\"https:\/\/vieassociative.be\/actualites\/hr-block-deluxe-state-2025-est-a-50-de-reduction-avant-la-date-limite-des-taxes\/\",\"name\":\"H&R Block Deluxe + State 2025 est \u00e0 50 % de r\u00e9duction avant la date limite des taxes | Vie Associative\",\"isPartOf\":{\"@id\":\"https:\/\/vieassociative.be\/actualites\/#website\"},\"primaryImageOfPage\":{\"@id\":\"https:\/\/vieassociative.be\/actualites\/hr-block-deluxe-state-2025-est-a-50-de-reduction-avant-la-date-limite-des-taxes\/#primaryimage\"},\"image\":{\"@id\":\"https:\/\/vieassociative.be\/actualites\/hr-block-deluxe-state-2025-est-a-50-de-reduction-avant-la-date-limite-des-taxes\/#primaryimage\"},\"thumbnailUrl\":\"https:\/\/vieassociative.be\/actualites\/wp-content\/uploads\/2026\/03\/HR-Block-Deluxe-State-2025-est-a-50.png\",\"datePublished\":\"2026-03-11T08:17:02+00:00\",\"dateModified\":\"2026-03-11T08:17:02+00:00\",\"breadcrumb\":{\"@id\":\"https:\/\/vieassociative.be\/actualites\/hr-block-deluxe-state-2025-est-a-50-de-reduction-avant-la-date-limite-des-taxes\/#breadcrumb\"},\"inLanguage\":\"fr-BE\",\"potentialAction\":[{\"@type\":\"ReadAction\",\"target\":[\"https:\/\/vieassociative.be\/actualites\/hr-block-deluxe-state-2025-est-a-50-de-reduction-avant-la-date-limite-des-taxes\/\"]}]},{\"@type\":\"ImageObject\",\"inLanguage\":\"fr-BE\",\"@id\":\"https:\/\/vieassociative.be\/actualites\/hr-block-deluxe-state-2025-est-a-50-de-reduction-avant-la-date-limite-des-taxes\/#primaryimage\",\"url\":\"https:\/\/vieassociative.be\/actualites\/wp-content\/uploads\/2026\/03\/HR-Block-Deluxe-State-2025-est-a-50.png\",\"contentUrl\":\"https:\/\/vieassociative.be\/actualites\/wp-content\/uploads\/2026\/03\/HR-Block-Deluxe-State-2025-est-a-50.png\",\"width\":1200,\"height\":675,\"caption\":\"H&R Block Deluxe + State 2025 est \u00e0 50 % de r\u00e9duction avant la date limite des taxes\"},{\"@type\":\"BreadcrumbList\",\"@id\":\"https:\/\/vieassociative.be\/actualites\/hr-block-deluxe-state-2025-est-a-50-de-reduction-avant-la-date-limite-des-taxes\/#breadcrumb\",\"itemListElement\":[{\"@type\":\"ListItem\",\"position\":1,\"name\":\"Accueil\",\"item\":\"https:\/\/vieassociative.be\/actualites\/\"},{\"@type\":\"ListItem\",\"position\":2,\"name\":\"H&#038;R Block Deluxe + State 2025 est \u00e0 50 % de r\u00e9duction avant la date limite des taxes\"}]},{\"@type\":\"WebSite\",\"@id\":\"https:\/\/vieassociative.be\/actualites\/#website\",\"url\":\"https:\/\/vieassociative.be\/actualites\/\",\"name\":\"Vie Associative\",\"description\":\"\",\"publisher\":{\"@id\":\"https:\/\/vieassociative.be\/actualites\/#organization\"},\"potentialAction\":[{\"@type\":\"SearchAction\",\"target\":{\"@type\":\"EntryPoint\",\"urlTemplate\":\"https:\/\/vieassociative.be\/actualites\/?s={search_term_string}\"},\"query-input\":{\"@type\":\"PropertyValueSpecification\",\"valueRequired\":true,\"valueName\":\"search_term_string\"}}],\"inLanguage\":\"fr-BE\"},{\"@type\":\"Organization\",\"@id\":\"https:\/\/vieassociative.be\/actualites\/#organization\",\"name\":\"Vie Associative\",\"url\":\"https:\/\/vieassociative.be\/actualites\/\",\"logo\":{\"@type\":\"ImageObject\",\"inLanguage\":\"fr-BE\",\"@id\":\"https:\/\/vieassociative.be\/actualites\/#\/schema\/logo\/image\/\",\"url\":\"https:\/\/vieassociative.be\/actualites\/wp-content\/uploads\/2024\/09\/cropped-vieassociative_favicon.ico.png\",\"contentUrl\":\"https:\/\/vieassociative.be\/actualites\/wp-content\/uploads\/2024\/09\/cropped-vieassociative_favicon.ico.png\",\"width\":512,\"height\":512,\"caption\":\"Vie Associative\"},\"image\":{\"@id\":\"https:\/\/vieassociative.be\/actualites\/#\/schema\/logo\/image\/\"}},{\"@type\":\"Person\",\"@id\":\"https:\/\/vieassociative.be\/actualites\/#\/schema\/person\/b87ac4f82f9d4e7b7cec7395b679edc4\",\"name\":\"Julien\",\"image\":{\"@type\":\"ImageObject\",\"inLanguage\":\"fr-BE\",\"@id\":\"https:\/\/vieassociative.be\/actualites\/#\/schema\/person\/image\/\",\"url\":\"https:\/\/vieassociative.be\/actualites\/wp-content\/uploads\/2024\/09\/vie-associative-1-150x150.jpg\",\"contentUrl\":\"https:\/\/vieassociative.be\/actualites\/wp-content\/uploads\/2024\/09\/vie-associative-1-150x150.jpg\",\"caption\":\"Julien\"},\"description\":\"Je suis Julien, r\u00e9dacteur pour Vie Associative. Passionn\u00e9 par le monde associatif depuis plus de 10 ans, j'ai \u00e0 c\u0153ur de partager des histoires inspirantes et de mettre en lumi\u00e8re les initiatives locales. Mon objectif est de sensibiliser et d'encourager l'engagement communautaire \u00e0 travers mes articles.\",\"sameAs\":[\"https:\/\/vieassociative.be\/\"]}]}<\/script>\n<!-- \/ Yoast SEO plugin. -->","yoast_head_json":{"title":"H&R Block Deluxe + State 2025 est \u00e0 50 % de r\u00e9duction avant la date limite des taxes | Vie Associative","robots":{"index":"index","follow":"follow","max-snippet":"max-snippet:-1","max-image-preview":"max-image-preview:large","max-video-preview":"max-video-preview:-1"},"canonical":"https:\/\/vieassociative.be\/actualites\/hr-block-deluxe-state-2025-est-a-50-de-reduction-avant-la-date-limite-des-taxes\/","og_locale":"fr_FR","og_type":"article","og_title":"H&R Block Deluxe + State 2025 est \u00e0 50 % de r\u00e9duction avant la date limite des taxes | Vie Associative","og_description":"Nous pouvons gagner une commission sur les liens sur cette page. Les prix et la disponibilit\u00e9 de l&rsquo;offre sont sujets \u00e0 changement apr\u00e8s la publication.","og_url":"https:\/\/vieassociative.be\/actualites\/hr-block-deluxe-state-2025-est-a-50-de-reduction-avant-la-date-limite-des-taxes\/","og_site_name":"Vie Associative","article_published_time":"2026-03-11T08:17:02+00:00","og_image":[{"width":279,"height":92,"url":"https:\/\/vieassociative.be\/actualites\/wp-content\/uploads\/2024\/09\/header_backgroundk-01-e1726694325946.png","type":"image\/png"}],"author":"Julien","twitter_card":"summary_large_image","twitter_misc":{"\u00c9crit par":"Julien","Dur\u00e9e de lecture est.":"3 minutes"},"schema":{"@context":"https:\/\/schema.org","@graph":[{"@type":"Article","@id":"https:\/\/vieassociative.be\/actualites\/hr-block-deluxe-state-2025-est-a-50-de-reduction-avant-la-date-limite-des-taxes\/#article","isPartOf":{"@id":"https:\/\/vieassociative.be\/actualites\/hr-block-deluxe-state-2025-est-a-50-de-reduction-avant-la-date-limite-des-taxes\/"},"author":{"name":"Julien","@id":"https:\/\/vieassociative.be\/actualites\/#\/schema\/person\/b87ac4f82f9d4e7b7cec7395b679edc4"},"headline":"H&#038;R Block Deluxe + State 2025 est \u00e0 50 % de r\u00e9duction avant la date limite des taxes","datePublished":"2026-03-11T08:17:02+00:00","dateModified":"2026-03-11T08:17:02+00:00","mainEntityOfPage":{"@id":"https:\/\/vieassociative.be\/actualites\/hr-block-deluxe-state-2025-est-a-50-de-reduction-avant-la-date-limite-des-taxes\/"},"wordCount":638,"publisher":{"@id":"https:\/\/vieassociative.be\/actualites\/#organization"},"image":{"@id":"https:\/\/vieassociative.be\/actualites\/hr-block-deluxe-state-2025-est-a-50-de-reduction-avant-la-date-limite-des-taxes\/#primaryimage"},"thumbnailUrl":"https:\/\/vieassociative.be\/actualites\/wp-content\/uploads\/2026\/03\/HR-Block-Deluxe-State-2025-est-a-50.png","keywords":["avant","Block","date","Deluxe","Des","est","limite","r\u00e9duction","State","taxes"],"articleSection":["Technologie"],"inLanguage":"fr-BE"},{"@type":"WebPage","@id":"https:\/\/vieassociative.be\/actualites\/hr-block-deluxe-state-2025-est-a-50-de-reduction-avant-la-date-limite-des-taxes\/","url":"https:\/\/vieassociative.be\/actualites\/hr-block-deluxe-state-2025-est-a-50-de-reduction-avant-la-date-limite-des-taxes\/","name":"H&R Block Deluxe + State 2025 est \u00e0 50 % de r\u00e9duction avant la date limite des taxes | Vie Associative","isPartOf":{"@id":"https:\/\/vieassociative.be\/actualites\/#website"},"primaryImageOfPage":{"@id":"https:\/\/vieassociative.be\/actualites\/hr-block-deluxe-state-2025-est-a-50-de-reduction-avant-la-date-limite-des-taxes\/#primaryimage"},"image":{"@id":"https:\/\/vieassociative.be\/actualites\/hr-block-deluxe-state-2025-est-a-50-de-reduction-avant-la-date-limite-des-taxes\/#primaryimage"},"thumbnailUrl":"https:\/\/vieassociative.be\/actualites\/wp-content\/uploads\/2026\/03\/HR-Block-Deluxe-State-2025-est-a-50.png","datePublished":"2026-03-11T08:17:02+00:00","dateModified":"2026-03-11T08:17:02+00:00","breadcrumb":{"@id":"https:\/\/vieassociative.be\/actualites\/hr-block-deluxe-state-2025-est-a-50-de-reduction-avant-la-date-limite-des-taxes\/#breadcrumb"},"inLanguage":"fr-BE","potentialAction":[{"@type":"ReadAction","target":["https:\/\/vieassociative.be\/actualites\/hr-block-deluxe-state-2025-est-a-50-de-reduction-avant-la-date-limite-des-taxes\/"]}]},{"@type":"ImageObject","inLanguage":"fr-BE","@id":"https:\/\/vieassociative.be\/actualites\/hr-block-deluxe-state-2025-est-a-50-de-reduction-avant-la-date-limite-des-taxes\/#primaryimage","url":"https:\/\/vieassociative.be\/actualites\/wp-content\/uploads\/2026\/03\/HR-Block-Deluxe-State-2025-est-a-50.png","contentUrl":"https:\/\/vieassociative.be\/actualites\/wp-content\/uploads\/2026\/03\/HR-Block-Deluxe-State-2025-est-a-50.png","width":1200,"height":675,"caption":"H&R Block Deluxe + State 2025 est \u00e0 50 % de r\u00e9duction avant la date limite des taxes"},{"@type":"BreadcrumbList","@id":"https:\/\/vieassociative.be\/actualites\/hr-block-deluxe-state-2025-est-a-50-de-reduction-avant-la-date-limite-des-taxes\/#breadcrumb","itemListElement":[{"@type":"ListItem","position":1,"name":"Accueil","item":"https:\/\/vieassociative.be\/actualites\/"},{"@type":"ListItem","position":2,"name":"H&#038;R Block Deluxe + State 2025 est \u00e0 50 % de r\u00e9duction avant la date limite des taxes"}]},{"@type":"WebSite","@id":"https:\/\/vieassociative.be\/actualites\/#website","url":"https:\/\/vieassociative.be\/actualites\/","name":"Vie Associative","description":"","publisher":{"@id":"https:\/\/vieassociative.be\/actualites\/#organization"},"potentialAction":[{"@type":"SearchAction","target":{"@type":"EntryPoint","urlTemplate":"https:\/\/vieassociative.be\/actualites\/?s={search_term_string}"},"query-input":{"@type":"PropertyValueSpecification","valueRequired":true,"valueName":"search_term_string"}}],"inLanguage":"fr-BE"},{"@type":"Organization","@id":"https:\/\/vieassociative.be\/actualites\/#organization","name":"Vie Associative","url":"https:\/\/vieassociative.be\/actualites\/","logo":{"@type":"ImageObject","inLanguage":"fr-BE","@id":"https:\/\/vieassociative.be\/actualites\/#\/schema\/logo\/image\/","url":"https:\/\/vieassociative.be\/actualites\/wp-content\/uploads\/2024\/09\/cropped-vieassociative_favicon.ico.png","contentUrl":"https:\/\/vieassociative.be\/actualites\/wp-content\/uploads\/2024\/09\/cropped-vieassociative_favicon.ico.png","width":512,"height":512,"caption":"Vie Associative"},"image":{"@id":"https:\/\/vieassociative.be\/actualites\/#\/schema\/logo\/image\/"}},{"@type":"Person","@id":"https:\/\/vieassociative.be\/actualites\/#\/schema\/person\/b87ac4f82f9d4e7b7cec7395b679edc4","name":"Julien","image":{"@type":"ImageObject","inLanguage":"fr-BE","@id":"https:\/\/vieassociative.be\/actualites\/#\/schema\/person\/image\/","url":"https:\/\/vieassociative.be\/actualites\/wp-content\/uploads\/2024\/09\/vie-associative-1-150x150.jpg","contentUrl":"https:\/\/vieassociative.be\/actualites\/wp-content\/uploads\/2024\/09\/vie-associative-1-150x150.jpg","caption":"Julien"},"description":"Je suis Julien, r\u00e9dacteur pour Vie Associative. Passionn\u00e9 par le monde associatif depuis plus de 10 ans, j'ai \u00e0 c\u0153ur de partager des histoires inspirantes et de mettre en lumi\u00e8re les initiatives locales. Mon objectif est de sensibiliser et d'encourager l'engagement communautaire \u00e0 travers mes articles.","sameAs":["https:\/\/vieassociative.be\/"]}]}},"_links":{"self":[{"href":"https:\/\/vieassociative.be\/actualites\/wp-json\/wp\/v2\/posts\/12978"}],"collection":[{"href":"https:\/\/vieassociative.be\/actualites\/wp-json\/wp\/v2\/posts"}],"about":[{"href":"https:\/\/vieassociative.be\/actualites\/wp-json\/wp\/v2\/types\/post"}],"author":[{"embeddable":true,"href":"https:\/\/vieassociative.be\/actualites\/wp-json\/wp\/v2\/users\/1"}],"replies":[{"embeddable":true,"href":"https:\/\/vieassociative.be\/actualites\/wp-json\/wp\/v2\/comments?post=12978"}],"version-history":[{"count":0,"href":"https:\/\/vieassociative.be\/actualites\/wp-json\/wp\/v2\/posts\/12978\/revisions"}],"wp:featuredmedia":[{"embeddable":true,"href":"https:\/\/vieassociative.be\/actualites\/wp-json\/wp\/v2\/media\/12979"}],"wp:attachment":[{"href":"https:\/\/vieassociative.be\/actualites\/wp-json\/wp\/v2\/media?parent=12978"}],"wp:term":[{"taxonomy":"category","embeddable":true,"href":"https:\/\/vieassociative.be\/actualites\/wp-json\/wp\/v2\/categories?post=12978"},{"taxonomy":"post_tag","embeddable":true,"href":"https:\/\/vieassociative.be\/actualites\/wp-json\/wp\/v2\/tags?post=12978"}],"curies":[{"name":"wp","href":"https:\/\/api.w.org\/{rel}","templated":true}]}}