{"id":12976,"date":"2026-03-11T04:17:19","date_gmt":"2026-03-11T03:17:19","guid":{"rendered":"https:\/\/vieassociative.be\/actualites\/scholl-part-avec-rancune-un-ancien-juge-de-la-construction-demissionne\/"},"modified":"2026-03-11T04:17:19","modified_gmt":"2026-03-11T03:17:19","slug":"scholl-part-avec-rancune-un-ancien-juge-de-la-construction-demissionne","status":"publish","type":"post","link":"https:\/\/vieassociative.be\/actualites\/scholl-part-avec-rancune-un-ancien-juge-de-la-construction-demissionne\/","title":{"rendered":"Scholl part avec rancune : un ancien juge de la construction d\u00e9missionne"},"content":{"rendered":"<p><strong>C&rsquo;\u00e9tait pr\u00e9visible, mais c&rsquo;est d\u00e9sormais officiel : l&rsquo;ancien juge du b\u00e2timent d&rsquo;Eupen Michael Scholl (PFF) tourne le dos \u00e0 la politique avec col\u00e8re et d\u00e9missionne d\u00e9sormais de son poste de simple conseiller municipal.<\/strong><\/p>\n<p><span id=\"more-437469\"><\/span>Apr\u00e8s les derni\u00e8res \u00e9lections communales du 13 octobre 2024, l&rsquo;aujourd&rsquo;hui \u00e2g\u00e9 de 60 ans aurait souhait\u00e9 rester \u00e9chevin, mais il n&rsquo;\u00e9tait plus recherch\u00e9 dans le nouveau conseil communal des CSP, OBL et PFF.<\/p>\n<p>\u00ab\u00a0Je l&rsquo;ai vraiment grignot\u00e9 pendant quelques mois\u00a0\u00bb, a admis Scholl lors d&rsquo;une conversation avec Grenz-Echo : \u00ab\u00a0C&rsquo;\u00e9tait difficile \u00e0 dig\u00e9rer car du jour au lendemain, beaucoup de gens ont arr\u00eat\u00e9 de signaler. Ce n&rsquo;\u00e9tait certainement pas une exp\u00e9rience agr\u00e9able. \u00c0 cela s&rsquo;ajoute la mani\u00e8re dont j&rsquo;ai \u00e9t\u00e9 d\u00e9barqu\u00e9 &#8211; j&rsquo;ai trouv\u00e9 cela antid\u00e9mocratique et tr\u00e8s injuste envers moi.\u00a0\u00bb<\/p>\n<div id=\"attachment_402907\" class=\"wp-caption alignleft\" style=\"max-width: 300px\"><img fetchpriority=\"high\" decoding=\"async\" class=\"wp-image-402907 size-medium\" src=\"https:\/\/vieassociative.be\/actualites\/wp-content\/uploads\/2026\/03\/Scholl-part-avec-rancune-un-ancien-juge-de-la.jpg\" alt=\"\" width=\"300\" height=\"213\"><\/div>\n<p>Au d\u00e9part, la rumeur disait que Scholl pourrait rejoindre Ecolo. Apr\u00e8s tout, son partenaire est actif au sein du Parti vert et, selon ses propres mots, il s&rsquo;entend tr\u00e8s bien avec l&rsquo;ancienne maire Claudia Niessen. Cependant, un \u00ab changement rapide \u00bb du bleu au vert n\u2019est pas encore une option.<\/p>\n<p>Les r\u00e9serves quant au maintien de Scholl au conseil communautaire \u00e9taient connues depuis longtemps. Scholl peut \u00eatre d&rsquo;un c\u00f4t\u00e9 aimable et courtois, mais aussi autoritaire et plein de ressentiment lorsque quelque chose ne lui convient pas. La fa\u00e7on dont il a trait\u00e9 \u00e0 la fois ses opposants politiques et une partie de la presse de 2012 \u00e0 2024 a \u00e9t\u00e9 sa perte apr\u00e8s les \u00e9lections municipales de 2024. Le d\u00e9part de Scholl du poste de jur\u00e9 a \u00e9t\u00e9 not\u00e9 par certains avec une certaine joie.<\/p>\n<p>Scholl ne sera pas compl\u00e8tement exclu de la politique \u00e0 l\u2019avenir. Il reste membre du PFF et pr\u00e9sident du Logement Public de l&rsquo;Est de la Belgique (\u00d6WOB). \u00ab\u00a0Je ne m&rsquo;ennuierai pas\u00a0\u00bb, a-t-il avou\u00e9 dans l&rsquo;interview de GE. Et il peut encore rire \u2013 en tant que Pr\u00e9sident des Ex-Princes d&rsquo;Eupen\u2026 (cre)<\/p>\n","protected":false},"excerpt":{"rendered":"<p>C&rsquo;\u00e9tait pr\u00e9visible, mais c&rsquo;est d\u00e9sormais officiel : l&rsquo;ancien juge du b\u00e2timent d&rsquo;Eupen Michael Scholl (PFF) tourne le dos \u00e0 la politique avec col\u00e8re et d\u00e9missionne<\/p>\n","protected":false},"author":1,"featured_media":12977,"comment_status":"","ping_status":"","sticky":false,"template":"","format":"standard","meta":{"footnotes":""},"categories":[298],"tags":[2252,61,674,6839,6129,1553,10216,3616],"class_list":["post-12976","post","type-post","status-publish","format-standard","has-post-thumbnail","hentry","category-belgique","tag-ancien","tag-avec","tag-construction","tag-demissionne","tag-juge","tag-part","tag-rancune","tag-scholl","generate-columns","tablet-grid-50","mobile-grid-100","grid-parent","grid-33"],"yoast_head":"<!-- This site is optimized with the Yoast SEO plugin v24.0 - https:\/\/yoast.com\/wordpress\/plugins\/seo\/ -->\n<title>Scholl part avec rancune : un ancien juge de la construction d\u00e9missionne | Vie Associative<\/title>\n<meta name=\"robots\" content=\"index, follow, max-snippet:-1, max-image-preview:large, max-video-preview:-1\" \/>\n<link rel=\"canonical\" href=\"https:\/\/vieassociative.be\/actualites\/scholl-part-avec-rancune-un-ancien-juge-de-la-construction-demissionne\/\" \/>\n<meta property=\"og:locale\" content=\"fr_FR\" \/>\n<meta property=\"og:type\" content=\"article\" \/>\n<meta property=\"og:title\" content=\"Scholl part avec rancune : un ancien juge de la construction d\u00e9missionne | Vie Associative\" \/>\n<meta property=\"og:description\" content=\"C&rsquo;\u00e9tait pr\u00e9visible, mais c&rsquo;est d\u00e9sormais officiel : l&rsquo;ancien juge du b\u00e2timent d&rsquo;Eupen Michael Scholl (PFF) tourne le dos \u00e0 la politique avec col\u00e8re et d\u00e9missionne\" \/>\n<meta property=\"og:url\" content=\"https:\/\/vieassociative.be\/actualites\/scholl-part-avec-rancune-un-ancien-juge-de-la-construction-demissionne\/\" \/>\n<meta property=\"og:site_name\" content=\"Vie Associative\" \/>\n<meta property=\"article:published_time\" content=\"2026-03-11T03:17:19+00:00\" \/>\n<meta property=\"og:image\" content=\"https:\/\/vieassociative.be\/actualites\/wp-content\/uploads\/2024\/09\/header_backgroundk-01-e1726694325946.png\" \/>\n\t<meta property=\"og:image:width\" content=\"279\" \/>\n\t<meta property=\"og:image:height\" content=\"92\" \/>\n\t<meta property=\"og:image:type\" content=\"image\/png\" \/>\n<meta name=\"author\" content=\"Julien\" \/>\n<meta name=\"twitter:card\" content=\"summary_large_image\" \/>\n<meta name=\"twitter:label1\" content=\"\u00c9crit par\" \/>\n\t<meta name=\"twitter:data1\" content=\"Julien\" \/>\n\t<meta name=\"twitter:label2\" content=\"Dur\u00e9e de lecture est.\" \/>\n\t<meta name=\"twitter:data2\" content=\"2 minutes\" \/>\n<script type=\"application\/ld+json\" class=\"yoast-schema-graph\">{\"@context\":\"https:\/\/schema.org\",\"@graph\":[{\"@type\":\"Article\",\"@id\":\"https:\/\/vieassociative.be\/actualites\/scholl-part-avec-rancune-un-ancien-juge-de-la-construction-demissionne\/#article\",\"isPartOf\":{\"@id\":\"https:\/\/vieassociative.be\/actualites\/scholl-part-avec-rancune-un-ancien-juge-de-la-construction-demissionne\/\"},\"author\":{\"name\":\"Julien\",\"@id\":\"https:\/\/vieassociative.be\/actualites\/#\/schema\/person\/b87ac4f82f9d4e7b7cec7395b679edc4\"},\"headline\":\"Scholl part avec rancune : un ancien juge de la construction d\u00e9missionne\",\"datePublished\":\"2026-03-11T03:17:19+00:00\",\"dateModified\":\"2026-03-11T03:17:19+00:00\",\"mainEntityOfPage\":{\"@id\":\"https:\/\/vieassociative.be\/actualites\/scholl-part-avec-rancune-un-ancien-juge-de-la-construction-demissionne\/\"},\"wordCount\":355,\"publisher\":{\"@id\":\"https:\/\/vieassociative.be\/actualites\/#organization\"},\"image\":{\"@id\":\"https:\/\/vieassociative.be\/actualites\/scholl-part-avec-rancune-un-ancien-juge-de-la-construction-demissionne\/#primaryimage\"},\"thumbnailUrl\":\"https:\/\/vieassociative.be\/actualites\/wp-content\/uploads\/2026\/03\/1773199040_Scholl-part-avec-rancune-un-ancien-juge-de-la.jpg\",\"keywords\":[\"ancien\",\"avec\",\"construction\",\"d\u00e9missionne\",\"juge\",\"part\",\"rancune\",\"Scholl\"],\"articleSection\":[\"Belgique\"],\"inLanguage\":\"fr-BE\"},{\"@type\":\"WebPage\",\"@id\":\"https:\/\/vieassociative.be\/actualites\/scholl-part-avec-rancune-un-ancien-juge-de-la-construction-demissionne\/\",\"url\":\"https:\/\/vieassociative.be\/actualites\/scholl-part-avec-rancune-un-ancien-juge-de-la-construction-demissionne\/\",\"name\":\"Scholl part avec rancune : un ancien juge de la construction d\u00e9missionne | Vie Associative\",\"isPartOf\":{\"@id\":\"https:\/\/vieassociative.be\/actualites\/#website\"},\"primaryImageOfPage\":{\"@id\":\"https:\/\/vieassociative.be\/actualites\/scholl-part-avec-rancune-un-ancien-juge-de-la-construction-demissionne\/#primaryimage\"},\"image\":{\"@id\":\"https:\/\/vieassociative.be\/actualites\/scholl-part-avec-rancune-un-ancien-juge-de-la-construction-demissionne\/#primaryimage\"},\"thumbnailUrl\":\"https:\/\/vieassociative.be\/actualites\/wp-content\/uploads\/2026\/03\/1773199040_Scholl-part-avec-rancune-un-ancien-juge-de-la.jpg\",\"datePublished\":\"2026-03-11T03:17:19+00:00\",\"dateModified\":\"2026-03-11T03:17:19+00:00\",\"breadcrumb\":{\"@id\":\"https:\/\/vieassociative.be\/actualites\/scholl-part-avec-rancune-un-ancien-juge-de-la-construction-demissionne\/#breadcrumb\"},\"inLanguage\":\"fr-BE\",\"potentialAction\":[{\"@type\":\"ReadAction\",\"target\":[\"https:\/\/vieassociative.be\/actualites\/scholl-part-avec-rancune-un-ancien-juge-de-la-construction-demissionne\/\"]}]},{\"@type\":\"ImageObject\",\"inLanguage\":\"fr-BE\",\"@id\":\"https:\/\/vieassociative.be\/actualites\/scholl-part-avec-rancune-un-ancien-juge-de-la-construction-demissionne\/#primaryimage\",\"url\":\"https:\/\/vieassociative.be\/actualites\/wp-content\/uploads\/2026\/03\/1773199040_Scholl-part-avec-rancune-un-ancien-juge-de-la.jpg\",\"contentUrl\":\"https:\/\/vieassociative.be\/actualites\/wp-content\/uploads\/2026\/03\/1773199040_Scholl-part-avec-rancune-un-ancien-juge-de-la.jpg\",\"width\":1200,\"height\":800,\"caption\":\"Scholl part avec rancune : un ancien juge de la construction d\u00e9missionne\"},{\"@type\":\"BreadcrumbList\",\"@id\":\"https:\/\/vieassociative.be\/actualites\/scholl-part-avec-rancune-un-ancien-juge-de-la-construction-demissionne\/#breadcrumb\",\"itemListElement\":[{\"@type\":\"ListItem\",\"position\":1,\"name\":\"Accueil\",\"item\":\"https:\/\/vieassociative.be\/actualites\/\"},{\"@type\":\"ListItem\",\"position\":2,\"name\":\"Scholl part avec rancune : un ancien juge de la construction d\u00e9missionne\"}]},{\"@type\":\"WebSite\",\"@id\":\"https:\/\/vieassociative.be\/actualites\/#website\",\"url\":\"https:\/\/vieassociative.be\/actualites\/\",\"name\":\"Vie Associative\",\"description\":\"\",\"publisher\":{\"@id\":\"https:\/\/vieassociative.be\/actualites\/#organization\"},\"potentialAction\":[{\"@type\":\"SearchAction\",\"target\":{\"@type\":\"EntryPoint\",\"urlTemplate\":\"https:\/\/vieassociative.be\/actualites\/?s={search_term_string}\"},\"query-input\":{\"@type\":\"PropertyValueSpecification\",\"valueRequired\":true,\"valueName\":\"search_term_string\"}}],\"inLanguage\":\"fr-BE\"},{\"@type\":\"Organization\",\"@id\":\"https:\/\/vieassociative.be\/actualites\/#organization\",\"name\":\"Vie Associative\",\"url\":\"https:\/\/vieassociative.be\/actualites\/\",\"logo\":{\"@type\":\"ImageObject\",\"inLanguage\":\"fr-BE\",\"@id\":\"https:\/\/vieassociative.be\/actualites\/#\/schema\/logo\/image\/\",\"url\":\"https:\/\/vieassociative.be\/actualites\/wp-content\/uploads\/2024\/09\/cropped-vieassociative_favicon.ico.png\",\"contentUrl\":\"https:\/\/vieassociative.be\/actualites\/wp-content\/uploads\/2024\/09\/cropped-vieassociative_favicon.ico.png\",\"width\":512,\"height\":512,\"caption\":\"Vie Associative\"},\"image\":{\"@id\":\"https:\/\/vieassociative.be\/actualites\/#\/schema\/logo\/image\/\"}},{\"@type\":\"Person\",\"@id\":\"https:\/\/vieassociative.be\/actualites\/#\/schema\/person\/b87ac4f82f9d4e7b7cec7395b679edc4\",\"name\":\"Julien\",\"image\":{\"@type\":\"ImageObject\",\"inLanguage\":\"fr-BE\",\"@id\":\"https:\/\/vieassociative.be\/actualites\/#\/schema\/person\/image\/\",\"url\":\"https:\/\/vieassociative.be\/actualites\/wp-content\/uploads\/2024\/09\/vie-associative-1-150x150.jpg\",\"contentUrl\":\"https:\/\/vieassociative.be\/actualites\/wp-content\/uploads\/2024\/09\/vie-associative-1-150x150.jpg\",\"caption\":\"Julien\"},\"description\":\"Je suis Julien, r\u00e9dacteur pour Vie Associative. Passionn\u00e9 par le monde associatif depuis plus de 10 ans, j'ai \u00e0 c\u0153ur de partager des histoires inspirantes et de mettre en lumi\u00e8re les initiatives locales. Mon objectif est de sensibiliser et d'encourager l'engagement communautaire \u00e0 travers mes articles.\",\"sameAs\":[\"https:\/\/vieassociative.be\/\"]}]}<\/script>\n<!-- \/ Yoast SEO plugin. -->","yoast_head_json":{"title":"Scholl part avec rancune : un ancien juge de la construction d\u00e9missionne | Vie Associative","robots":{"index":"index","follow":"follow","max-snippet":"max-snippet:-1","max-image-preview":"max-image-preview:large","max-video-preview":"max-video-preview:-1"},"canonical":"https:\/\/vieassociative.be\/actualites\/scholl-part-avec-rancune-un-ancien-juge-de-la-construction-demissionne\/","og_locale":"fr_FR","og_type":"article","og_title":"Scholl part avec rancune : un ancien juge de la construction d\u00e9missionne | Vie Associative","og_description":"C&rsquo;\u00e9tait pr\u00e9visible, mais c&rsquo;est d\u00e9sormais officiel : l&rsquo;ancien juge du b\u00e2timent d&rsquo;Eupen Michael Scholl (PFF) tourne le dos \u00e0 la politique avec col\u00e8re et d\u00e9missionne","og_url":"https:\/\/vieassociative.be\/actualites\/scholl-part-avec-rancune-un-ancien-juge-de-la-construction-demissionne\/","og_site_name":"Vie Associative","article_published_time":"2026-03-11T03:17:19+00:00","og_image":[{"width":279,"height":92,"url":"https:\/\/vieassociative.be\/actualites\/wp-content\/uploads\/2024\/09\/header_backgroundk-01-e1726694325946.png","type":"image\/png"}],"author":"Julien","twitter_card":"summary_large_image","twitter_misc":{"\u00c9crit par":"Julien","Dur\u00e9e de lecture est.":"2 minutes"},"schema":{"@context":"https:\/\/schema.org","@graph":[{"@type":"Article","@id":"https:\/\/vieassociative.be\/actualites\/scholl-part-avec-rancune-un-ancien-juge-de-la-construction-demissionne\/#article","isPartOf":{"@id":"https:\/\/vieassociative.be\/actualites\/scholl-part-avec-rancune-un-ancien-juge-de-la-construction-demissionne\/"},"author":{"name":"Julien","@id":"https:\/\/vieassociative.be\/actualites\/#\/schema\/person\/b87ac4f82f9d4e7b7cec7395b679edc4"},"headline":"Scholl part avec rancune : un ancien juge de la construction d\u00e9missionne","datePublished":"2026-03-11T03:17:19+00:00","dateModified":"2026-03-11T03:17:19+00:00","mainEntityOfPage":{"@id":"https:\/\/vieassociative.be\/actualites\/scholl-part-avec-rancune-un-ancien-juge-de-la-construction-demissionne\/"},"wordCount":355,"publisher":{"@id":"https:\/\/vieassociative.be\/actualites\/#organization"},"image":{"@id":"https:\/\/vieassociative.be\/actualites\/scholl-part-avec-rancune-un-ancien-juge-de-la-construction-demissionne\/#primaryimage"},"thumbnailUrl":"https:\/\/vieassociative.be\/actualites\/wp-content\/uploads\/2026\/03\/1773199040_Scholl-part-avec-rancune-un-ancien-juge-de-la.jpg","keywords":["ancien","avec","construction","d\u00e9missionne","juge","part","rancune","Scholl"],"articleSection":["Belgique"],"inLanguage":"fr-BE"},{"@type":"WebPage","@id":"https:\/\/vieassociative.be\/actualites\/scholl-part-avec-rancune-un-ancien-juge-de-la-construction-demissionne\/","url":"https:\/\/vieassociative.be\/actualites\/scholl-part-avec-rancune-un-ancien-juge-de-la-construction-demissionne\/","name":"Scholl part avec rancune : un ancien juge de la construction d\u00e9missionne | Vie Associative","isPartOf":{"@id":"https:\/\/vieassociative.be\/actualites\/#website"},"primaryImageOfPage":{"@id":"https:\/\/vieassociative.be\/actualites\/scholl-part-avec-rancune-un-ancien-juge-de-la-construction-demissionne\/#primaryimage"},"image":{"@id":"https:\/\/vieassociative.be\/actualites\/scholl-part-avec-rancune-un-ancien-juge-de-la-construction-demissionne\/#primaryimage"},"thumbnailUrl":"https:\/\/vieassociative.be\/actualites\/wp-content\/uploads\/2026\/03\/1773199040_Scholl-part-avec-rancune-un-ancien-juge-de-la.jpg","datePublished":"2026-03-11T03:17:19+00:00","dateModified":"2026-03-11T03:17:19+00:00","breadcrumb":{"@id":"https:\/\/vieassociative.be\/actualites\/scholl-part-avec-rancune-un-ancien-juge-de-la-construction-demissionne\/#breadcrumb"},"inLanguage":"fr-BE","potentialAction":[{"@type":"ReadAction","target":["https:\/\/vieassociative.be\/actualites\/scholl-part-avec-rancune-un-ancien-juge-de-la-construction-demissionne\/"]}]},{"@type":"ImageObject","inLanguage":"fr-BE","@id":"https:\/\/vieassociative.be\/actualites\/scholl-part-avec-rancune-un-ancien-juge-de-la-construction-demissionne\/#primaryimage","url":"https:\/\/vieassociative.be\/actualites\/wp-content\/uploads\/2026\/03\/1773199040_Scholl-part-avec-rancune-un-ancien-juge-de-la.jpg","contentUrl":"https:\/\/vieassociative.be\/actualites\/wp-content\/uploads\/2026\/03\/1773199040_Scholl-part-avec-rancune-un-ancien-juge-de-la.jpg","width":1200,"height":800,"caption":"Scholl part avec rancune : un ancien juge de la construction d\u00e9missionne"},{"@type":"BreadcrumbList","@id":"https:\/\/vieassociative.be\/actualites\/scholl-part-avec-rancune-un-ancien-juge-de-la-construction-demissionne\/#breadcrumb","itemListElement":[{"@type":"ListItem","position":1,"name":"Accueil","item":"https:\/\/vieassociative.be\/actualites\/"},{"@type":"ListItem","position":2,"name":"Scholl part avec rancune : un ancien juge de la construction d\u00e9missionne"}]},{"@type":"WebSite","@id":"https:\/\/vieassociative.be\/actualites\/#website","url":"https:\/\/vieassociative.be\/actualites\/","name":"Vie Associative","description":"","publisher":{"@id":"https:\/\/vieassociative.be\/actualites\/#organization"},"potentialAction":[{"@type":"SearchAction","target":{"@type":"EntryPoint","urlTemplate":"https:\/\/vieassociative.be\/actualites\/?s={search_term_string}"},"query-input":{"@type":"PropertyValueSpecification","valueRequired":true,"valueName":"search_term_string"}}],"inLanguage":"fr-BE"},{"@type":"Organization","@id":"https:\/\/vieassociative.be\/actualites\/#organization","name":"Vie Associative","url":"https:\/\/vieassociative.be\/actualites\/","logo":{"@type":"ImageObject","inLanguage":"fr-BE","@id":"https:\/\/vieassociative.be\/actualites\/#\/schema\/logo\/image\/","url":"https:\/\/vieassociative.be\/actualites\/wp-content\/uploads\/2024\/09\/cropped-vieassociative_favicon.ico.png","contentUrl":"https:\/\/vieassociative.be\/actualites\/wp-content\/uploads\/2024\/09\/cropped-vieassociative_favicon.ico.png","width":512,"height":512,"caption":"Vie Associative"},"image":{"@id":"https:\/\/vieassociative.be\/actualites\/#\/schema\/logo\/image\/"}},{"@type":"Person","@id":"https:\/\/vieassociative.be\/actualites\/#\/schema\/person\/b87ac4f82f9d4e7b7cec7395b679edc4","name":"Julien","image":{"@type":"ImageObject","inLanguage":"fr-BE","@id":"https:\/\/vieassociative.be\/actualites\/#\/schema\/person\/image\/","url":"https:\/\/vieassociative.be\/actualites\/wp-content\/uploads\/2024\/09\/vie-associative-1-150x150.jpg","contentUrl":"https:\/\/vieassociative.be\/actualites\/wp-content\/uploads\/2024\/09\/vie-associative-1-150x150.jpg","caption":"Julien"},"description":"Je suis Julien, r\u00e9dacteur pour Vie Associative. Passionn\u00e9 par le monde associatif depuis plus de 10 ans, j'ai \u00e0 c\u0153ur de partager des histoires inspirantes et de mettre en lumi\u00e8re les initiatives locales. Mon objectif est de sensibiliser et d'encourager l'engagement communautaire \u00e0 travers mes articles.","sameAs":["https:\/\/vieassociative.be\/"]}]}},"_links":{"self":[{"href":"https:\/\/vieassociative.be\/actualites\/wp-json\/wp\/v2\/posts\/12976"}],"collection":[{"href":"https:\/\/vieassociative.be\/actualites\/wp-json\/wp\/v2\/posts"}],"about":[{"href":"https:\/\/vieassociative.be\/actualites\/wp-json\/wp\/v2\/types\/post"}],"author":[{"embeddable":true,"href":"https:\/\/vieassociative.be\/actualites\/wp-json\/wp\/v2\/users\/1"}],"replies":[{"embeddable":true,"href":"https:\/\/vieassociative.be\/actualites\/wp-json\/wp\/v2\/comments?post=12976"}],"version-history":[{"count":0,"href":"https:\/\/vieassociative.be\/actualites\/wp-json\/wp\/v2\/posts\/12976\/revisions"}],"wp:featuredmedia":[{"embeddable":true,"href":"https:\/\/vieassociative.be\/actualites\/wp-json\/wp\/v2\/media\/12977"}],"wp:attachment":[{"href":"https:\/\/vieassociative.be\/actualites\/wp-json\/wp\/v2\/media?parent=12976"}],"wp:term":[{"taxonomy":"category","embeddable":true,"href":"https:\/\/vieassociative.be\/actualites\/wp-json\/wp\/v2\/categories?post=12976"},{"taxonomy":"post_tag","embeddable":true,"href":"https:\/\/vieassociative.be\/actualites\/wp-json\/wp\/v2\/tags?post=12976"}],"curies":[{"name":"wp","href":"https:\/\/api.w.org\/{rel}","templated":true}]}}