{"id":1297,"date":"2024-10-16T18:30:13","date_gmt":"2024-10-16T16:30:13","guid":{"rendered":"https:\/\/vieassociative.be\/actualites\/mon-offre-amazon-preferee-du-jour-moniteur-samsung-viewfinity-s50gc-ultrawide\/"},"modified":"2024-10-16T18:30:13","modified_gmt":"2024-10-16T16:30:13","slug":"mon-offre-amazon-preferee-du-jour-moniteur-samsung-viewfinity-s50gc-ultrawide","status":"publish","type":"post","link":"https:\/\/vieassociative.be\/actualites\/mon-offre-amazon-preferee-du-jour-moniteur-samsung-viewfinity-s50gc-ultrawide\/","title":{"rendered":"Mon offre Amazon pr\u00e9f\u00e9r\u00e9e du jour : moniteur Samsung ViewFinity S50GC UltraWide"},"content":{"rendered":"<div class=\"mt-4 leading-6 md:mb-8\">Ce moniteur UltraWide \u00e9conomique de 34 pouces g\u00e8re les jeux et le travail \u2013 et il est \u00e0 son prix le plus bas jamais vu, apr\u00e8s une remise de 43 %.<\/div>\n<p><\/p>\n<p>Avec l&rsquo;augmentation du nombre de personnes travaillant encore \u00e0 domicile apr\u00e8s la pand\u00e9mie, trouver le moniteur parfait est probablement une t\u00e2che qui pr\u00e9occupe de nombreuses personnes. Si vous avez un budget limit\u00e9 et recherchez un nouveau moniteur spacieux capable \u00e9galement de g\u00e9rer des jeux occasionnels, pensez au Samsung ViewFinity S50GC pour <strong>199,99\u00a0$<\/strong> (\u00e0 l\u2019origine 349,99 $), le prix le plus bas jamais enregistr\u00e9 apr\u00e8s une remise de 43 %. <\/p>\n<p>Le Samsung ViewFinity S50GC est un moniteur \u00e0 panneau VA ultra-large de 34 pouces avec un \u00e9cran plat qui vous offre une r\u00e9solution de 3440 x 1440 et un taux de rafra\u00eechissement de 100 Hz. Il n&rsquo;est pas comparable \u00e0 un moniteur de jeu haut de gamme puisqu&rsquo;il n&rsquo;est pas incurv\u00e9, mais il a un meilleur taux de rafra\u00eechissement que le moniteur 60 Hz standard. Le d\u00e9calage d\u2019entr\u00e9e est \u00e9galement bien meilleur qu\u2019un ordinateur portable classique, avec 5 ms de retard. Cela signifie que vos jeux para\u00eetront plus nets pendant les mouvements et que le timing de vos actions sera plus r\u00e9aliste. <\/p>\n<p>L&rsquo;\u00e9cran de 34 pouces a un format d&rsquo;image de 21:9, il est donc tr\u00e8s long. Il ne peut que s&rsquo;incliner, contrairement \u00e0 de nombreux moniteurs de jeu haut de gamme, mais il poss\u00e8de un rapport de contraste \u00e9lev\u00e9, une densit\u00e9 de pixels \u00e9lev\u00e9e et de nombreuses fonctionnalit\u00e9s qui en font un excellent moniteur si vous avez besoin de travailler. Il existe un capteur de lumi\u00e8re qui ajuste la luminosit\u00e9 de l&rsquo;\u00e9cran en fonction de la lumi\u00e8re de votre pi\u00e8ce, vous n&rsquo;avez donc pas \u00e0 modifier les param\u00e8tres tout au long de la journ\u00e9e. Il existe \u00e9galement un pr\u00e9r\u00e9glage d&rsquo;image \u00e0 faible lumi\u00e8re bleue pour ne pas vous fatiguer les yeux pendant de longues heures de travail et un r\u00e9tro\u00e9clairage sans scintillement. Si vous souhaitez disposer de deux \u00e9crans s\u00e9par\u00e9s \u00e0 la fois pour tirer le meilleur parti du grand \u00e9cran, vous pouvez utiliser les fonctionnalit\u00e9s Picture in Picture et Picture by Picture, qui vous permettent de connecter deux appareils au moniteur simultan\u00e9ment.<\/p>\n","protected":false},"excerpt":{"rendered":"<p>Ce moniteur UltraWide \u00e9conomique de 34 pouces g\u00e8re les jeux et le travail \u2013 et il est \u00e0 son prix le plus bas jamais vu,<\/p>\n","protected":false},"author":1,"featured_media":1298,"comment_status":"","ping_status":"","sticky":false,"template":"","format":"standard","meta":{"footnotes":""},"categories":[13],"tags":[51,53,49,1877,50,52,1880,1878,1881,1879],"class_list":["post-1297","post","type-post","status-publish","format-standard","has-post-thumbnail","hentry","category-technologie","tag-amazon","tag-jour","tag-mon","tag-moniteur","tag-offre","tag-preferee","tag-s50gc","tag-samsung","tag-ultrawide","tag-viewfinity","generate-columns","tablet-grid-50","mobile-grid-100","grid-parent","grid-33"],"yoast_head":"<!-- This site is optimized with the Yoast SEO plugin v24.0 - https:\/\/yoast.com\/wordpress\/plugins\/seo\/ -->\n<title>Mon offre Amazon pr\u00e9f\u00e9r\u00e9e du jour : moniteur Samsung ViewFinity S50GC UltraWide | Vie Associative<\/title>\n<meta name=\"robots\" content=\"index, follow, max-snippet:-1, max-image-preview:large, max-video-preview:-1\" \/>\n<link rel=\"canonical\" href=\"https:\/\/vieassociative.be\/actualites\/mon-offre-amazon-preferee-du-jour-moniteur-samsung-viewfinity-s50gc-ultrawide\/\" \/>\n<meta property=\"og:locale\" content=\"fr_FR\" \/>\n<meta property=\"og:type\" content=\"article\" \/>\n<meta property=\"og:title\" content=\"Mon offre Amazon pr\u00e9f\u00e9r\u00e9e du jour : moniteur Samsung ViewFinity S50GC UltraWide | Vie Associative\" \/>\n<meta property=\"og:description\" content=\"Ce moniteur UltraWide \u00e9conomique de 34 pouces g\u00e8re les jeux et le travail \u2013 et il est \u00e0 son prix le plus bas jamais vu,\" \/>\n<meta property=\"og:url\" content=\"https:\/\/vieassociative.be\/actualites\/mon-offre-amazon-preferee-du-jour-moniteur-samsung-viewfinity-s50gc-ultrawide\/\" \/>\n<meta property=\"og:site_name\" content=\"Vie Associative\" \/>\n<meta property=\"article:published_time\" content=\"2024-10-16T16:30:13+00:00\" \/>\n<meta property=\"og:image\" content=\"https:\/\/vieassociative.be\/actualites\/wp-content\/uploads\/2024\/09\/header_backgroundk-01-e1726694325946.png\" \/>\n\t<meta property=\"og:image:width\" content=\"279\" \/>\n\t<meta property=\"og:image:height\" content=\"92\" \/>\n\t<meta property=\"og:image:type\" content=\"image\/png\" \/>\n<meta name=\"author\" content=\"Julien\" \/>\n<meta name=\"twitter:card\" content=\"summary_large_image\" \/>\n<meta name=\"twitter:label1\" content=\"\u00c9crit par\" \/>\n\t<meta name=\"twitter:data1\" content=\"Julien\" \/>\n\t<meta name=\"twitter:label2\" content=\"Dur\u00e9e de lecture est.\" \/>\n\t<meta name=\"twitter:data2\" content=\"2 minutes\" \/>\n<script type=\"application\/ld+json\" class=\"yoast-schema-graph\">{\"@context\":\"https:\/\/schema.org\",\"@graph\":[{\"@type\":\"Article\",\"@id\":\"https:\/\/vieassociative.be\/actualites\/mon-offre-amazon-preferee-du-jour-moniteur-samsung-viewfinity-s50gc-ultrawide\/#article\",\"isPartOf\":{\"@id\":\"https:\/\/vieassociative.be\/actualites\/mon-offre-amazon-preferee-du-jour-moniteur-samsung-viewfinity-s50gc-ultrawide\/\"},\"author\":{\"name\":\"Julien\",\"@id\":\"https:\/\/vieassociative.be\/actualites\/#\/schema\/person\/b87ac4f82f9d4e7b7cec7395b679edc4\"},\"headline\":\"Mon offre Amazon pr\u00e9f\u00e9r\u00e9e du jour : moniteur Samsung ViewFinity S50GC UltraWide\",\"datePublished\":\"2024-10-16T16:30:13+00:00\",\"dateModified\":\"2024-10-16T16:30:13+00:00\",\"mainEntityOfPage\":{\"@id\":\"https:\/\/vieassociative.be\/actualites\/mon-offre-amazon-preferee-du-jour-moniteur-samsung-viewfinity-s50gc-ultrawide\/\"},\"wordCount\":401,\"publisher\":{\"@id\":\"https:\/\/vieassociative.be\/actualites\/#organization\"},\"image\":{\"@id\":\"https:\/\/vieassociative.be\/actualites\/mon-offre-amazon-preferee-du-jour-moniteur-samsung-viewfinity-s50gc-ultrawide\/#primaryimage\"},\"thumbnailUrl\":\"https:\/\/vieassociative.be\/actualites\/wp-content\/uploads\/2024\/10\/Mon-offre-Amazon-preferee-du-jour-moniteur-Samsung-ViewFinity.png\",\"keywords\":[\"Amazon\",\"jour\",\"Mon\",\"moniteur\",\"offre\",\"pr\u00e9f\u00e9r\u00e9e\",\"S50GC\",\"Samsung\",\"UltraWide\",\"ViewFinity\"],\"articleSection\":[\"Technologie\"],\"inLanguage\":\"fr-BE\"},{\"@type\":\"WebPage\",\"@id\":\"https:\/\/vieassociative.be\/actualites\/mon-offre-amazon-preferee-du-jour-moniteur-samsung-viewfinity-s50gc-ultrawide\/\",\"url\":\"https:\/\/vieassociative.be\/actualites\/mon-offre-amazon-preferee-du-jour-moniteur-samsung-viewfinity-s50gc-ultrawide\/\",\"name\":\"Mon offre Amazon pr\u00e9f\u00e9r\u00e9e du jour : moniteur Samsung ViewFinity S50GC UltraWide | Vie Associative\",\"isPartOf\":{\"@id\":\"https:\/\/vieassociative.be\/actualites\/#website\"},\"primaryImageOfPage\":{\"@id\":\"https:\/\/vieassociative.be\/actualites\/mon-offre-amazon-preferee-du-jour-moniteur-samsung-viewfinity-s50gc-ultrawide\/#primaryimage\"},\"image\":{\"@id\":\"https:\/\/vieassociative.be\/actualites\/mon-offre-amazon-preferee-du-jour-moniteur-samsung-viewfinity-s50gc-ultrawide\/#primaryimage\"},\"thumbnailUrl\":\"https:\/\/vieassociative.be\/actualites\/wp-content\/uploads\/2024\/10\/Mon-offre-Amazon-preferee-du-jour-moniteur-Samsung-ViewFinity.png\",\"datePublished\":\"2024-10-16T16:30:13+00:00\",\"dateModified\":\"2024-10-16T16:30:13+00:00\",\"breadcrumb\":{\"@id\":\"https:\/\/vieassociative.be\/actualites\/mon-offre-amazon-preferee-du-jour-moniteur-samsung-viewfinity-s50gc-ultrawide\/#breadcrumb\"},\"inLanguage\":\"fr-BE\",\"potentialAction\":[{\"@type\":\"ReadAction\",\"target\":[\"https:\/\/vieassociative.be\/actualites\/mon-offre-amazon-preferee-du-jour-moniteur-samsung-viewfinity-s50gc-ultrawide\/\"]}]},{\"@type\":\"ImageObject\",\"inLanguage\":\"fr-BE\",\"@id\":\"https:\/\/vieassociative.be\/actualites\/mon-offre-amazon-preferee-du-jour-moniteur-samsung-viewfinity-s50gc-ultrawide\/#primaryimage\",\"url\":\"https:\/\/vieassociative.be\/actualites\/wp-content\/uploads\/2024\/10\/Mon-offre-Amazon-preferee-du-jour-moniteur-Samsung-ViewFinity.png\",\"contentUrl\":\"https:\/\/vieassociative.be\/actualites\/wp-content\/uploads\/2024\/10\/Mon-offre-Amazon-preferee-du-jour-moniteur-Samsung-ViewFinity.png\",\"width\":1200,\"height\":675,\"caption\":\"Mon offre Amazon pr\u00e9f\u00e9r\u00e9e du jour : moniteur Samsung ViewFinity S50GC UltraWide\"},{\"@type\":\"BreadcrumbList\",\"@id\":\"https:\/\/vieassociative.be\/actualites\/mon-offre-amazon-preferee-du-jour-moniteur-samsung-viewfinity-s50gc-ultrawide\/#breadcrumb\",\"itemListElement\":[{\"@type\":\"ListItem\",\"position\":1,\"name\":\"Accueil\",\"item\":\"https:\/\/vieassociative.be\/actualites\/\"},{\"@type\":\"ListItem\",\"position\":2,\"name\":\"Mon offre Amazon pr\u00e9f\u00e9r\u00e9e du jour : moniteur Samsung ViewFinity S50GC UltraWide\"}]},{\"@type\":\"WebSite\",\"@id\":\"https:\/\/vieassociative.be\/actualites\/#website\",\"url\":\"https:\/\/vieassociative.be\/actualites\/\",\"name\":\"Vie Associative\",\"description\":\"\",\"publisher\":{\"@id\":\"https:\/\/vieassociative.be\/actualites\/#organization\"},\"potentialAction\":[{\"@type\":\"SearchAction\",\"target\":{\"@type\":\"EntryPoint\",\"urlTemplate\":\"https:\/\/vieassociative.be\/actualites\/?s={search_term_string}\"},\"query-input\":{\"@type\":\"PropertyValueSpecification\",\"valueRequired\":true,\"valueName\":\"search_term_string\"}}],\"inLanguage\":\"fr-BE\"},{\"@type\":\"Organization\",\"@id\":\"https:\/\/vieassociative.be\/actualites\/#organization\",\"name\":\"Vie Associative\",\"url\":\"https:\/\/vieassociative.be\/actualites\/\",\"logo\":{\"@type\":\"ImageObject\",\"inLanguage\":\"fr-BE\",\"@id\":\"https:\/\/vieassociative.be\/actualites\/#\/schema\/logo\/image\/\",\"url\":\"https:\/\/vieassociative.be\/actualites\/wp-content\/uploads\/2024\/09\/cropped-vieassociative_favicon.ico.png\",\"contentUrl\":\"https:\/\/vieassociative.be\/actualites\/wp-content\/uploads\/2024\/09\/cropped-vieassociative_favicon.ico.png\",\"width\":512,\"height\":512,\"caption\":\"Vie Associative\"},\"image\":{\"@id\":\"https:\/\/vieassociative.be\/actualites\/#\/schema\/logo\/image\/\"}},{\"@type\":\"Person\",\"@id\":\"https:\/\/vieassociative.be\/actualites\/#\/schema\/person\/b87ac4f82f9d4e7b7cec7395b679edc4\",\"name\":\"Julien\",\"image\":{\"@type\":\"ImageObject\",\"inLanguage\":\"fr-BE\",\"@id\":\"https:\/\/vieassociative.be\/actualites\/#\/schema\/person\/image\/\",\"url\":\"https:\/\/vieassociative.be\/actualites\/wp-content\/uploads\/2024\/09\/vie-associative-1-150x150.jpg\",\"contentUrl\":\"https:\/\/vieassociative.be\/actualites\/wp-content\/uploads\/2024\/09\/vie-associative-1-150x150.jpg\",\"caption\":\"Julien\"},\"description\":\"Je suis Julien, r\u00e9dacteur pour Vie Associative. Passionn\u00e9 par le monde associatif depuis plus de 10 ans, j'ai \u00e0 c\u0153ur de partager des histoires inspirantes et de mettre en lumi\u00e8re les initiatives locales. Mon objectif est de sensibiliser et d'encourager l'engagement communautaire \u00e0 travers mes articles.\",\"sameAs\":[\"https:\/\/vieassociative.be\/\"]}]}<\/script>\n<!-- \/ Yoast SEO plugin. -->","yoast_head_json":{"title":"Mon offre Amazon pr\u00e9f\u00e9r\u00e9e du jour : moniteur Samsung ViewFinity S50GC UltraWide | Vie Associative","robots":{"index":"index","follow":"follow","max-snippet":"max-snippet:-1","max-image-preview":"max-image-preview:large","max-video-preview":"max-video-preview:-1"},"canonical":"https:\/\/vieassociative.be\/actualites\/mon-offre-amazon-preferee-du-jour-moniteur-samsung-viewfinity-s50gc-ultrawide\/","og_locale":"fr_FR","og_type":"article","og_title":"Mon offre Amazon pr\u00e9f\u00e9r\u00e9e du jour : moniteur Samsung ViewFinity S50GC UltraWide | Vie Associative","og_description":"Ce moniteur UltraWide \u00e9conomique de 34 pouces g\u00e8re les jeux et le travail \u2013 et il est \u00e0 son prix le plus bas jamais vu,","og_url":"https:\/\/vieassociative.be\/actualites\/mon-offre-amazon-preferee-du-jour-moniteur-samsung-viewfinity-s50gc-ultrawide\/","og_site_name":"Vie Associative","article_published_time":"2024-10-16T16:30:13+00:00","og_image":[{"width":279,"height":92,"url":"https:\/\/vieassociative.be\/actualites\/wp-content\/uploads\/2024\/09\/header_backgroundk-01-e1726694325946.png","type":"image\/png"}],"author":"Julien","twitter_card":"summary_large_image","twitter_misc":{"\u00c9crit par":"Julien","Dur\u00e9e de lecture est.":"2 minutes"},"schema":{"@context":"https:\/\/schema.org","@graph":[{"@type":"Article","@id":"https:\/\/vieassociative.be\/actualites\/mon-offre-amazon-preferee-du-jour-moniteur-samsung-viewfinity-s50gc-ultrawide\/#article","isPartOf":{"@id":"https:\/\/vieassociative.be\/actualites\/mon-offre-amazon-preferee-du-jour-moniteur-samsung-viewfinity-s50gc-ultrawide\/"},"author":{"name":"Julien","@id":"https:\/\/vieassociative.be\/actualites\/#\/schema\/person\/b87ac4f82f9d4e7b7cec7395b679edc4"},"headline":"Mon offre Amazon pr\u00e9f\u00e9r\u00e9e du jour : moniteur Samsung ViewFinity S50GC UltraWide","datePublished":"2024-10-16T16:30:13+00:00","dateModified":"2024-10-16T16:30:13+00:00","mainEntityOfPage":{"@id":"https:\/\/vieassociative.be\/actualites\/mon-offre-amazon-preferee-du-jour-moniteur-samsung-viewfinity-s50gc-ultrawide\/"},"wordCount":401,"publisher":{"@id":"https:\/\/vieassociative.be\/actualites\/#organization"},"image":{"@id":"https:\/\/vieassociative.be\/actualites\/mon-offre-amazon-preferee-du-jour-moniteur-samsung-viewfinity-s50gc-ultrawide\/#primaryimage"},"thumbnailUrl":"https:\/\/vieassociative.be\/actualites\/wp-content\/uploads\/2024\/10\/Mon-offre-Amazon-preferee-du-jour-moniteur-Samsung-ViewFinity.png","keywords":["Amazon","jour","Mon","moniteur","offre","pr\u00e9f\u00e9r\u00e9e","S50GC","Samsung","UltraWide","ViewFinity"],"articleSection":["Technologie"],"inLanguage":"fr-BE"},{"@type":"WebPage","@id":"https:\/\/vieassociative.be\/actualites\/mon-offre-amazon-preferee-du-jour-moniteur-samsung-viewfinity-s50gc-ultrawide\/","url":"https:\/\/vieassociative.be\/actualites\/mon-offre-amazon-preferee-du-jour-moniteur-samsung-viewfinity-s50gc-ultrawide\/","name":"Mon offre Amazon pr\u00e9f\u00e9r\u00e9e du jour : moniteur Samsung ViewFinity S50GC UltraWide | Vie Associative","isPartOf":{"@id":"https:\/\/vieassociative.be\/actualites\/#website"},"primaryImageOfPage":{"@id":"https:\/\/vieassociative.be\/actualites\/mon-offre-amazon-preferee-du-jour-moniteur-samsung-viewfinity-s50gc-ultrawide\/#primaryimage"},"image":{"@id":"https:\/\/vieassociative.be\/actualites\/mon-offre-amazon-preferee-du-jour-moniteur-samsung-viewfinity-s50gc-ultrawide\/#primaryimage"},"thumbnailUrl":"https:\/\/vieassociative.be\/actualites\/wp-content\/uploads\/2024\/10\/Mon-offre-Amazon-preferee-du-jour-moniteur-Samsung-ViewFinity.png","datePublished":"2024-10-16T16:30:13+00:00","dateModified":"2024-10-16T16:30:13+00:00","breadcrumb":{"@id":"https:\/\/vieassociative.be\/actualites\/mon-offre-amazon-preferee-du-jour-moniteur-samsung-viewfinity-s50gc-ultrawide\/#breadcrumb"},"inLanguage":"fr-BE","potentialAction":[{"@type":"ReadAction","target":["https:\/\/vieassociative.be\/actualites\/mon-offre-amazon-preferee-du-jour-moniteur-samsung-viewfinity-s50gc-ultrawide\/"]}]},{"@type":"ImageObject","inLanguage":"fr-BE","@id":"https:\/\/vieassociative.be\/actualites\/mon-offre-amazon-preferee-du-jour-moniteur-samsung-viewfinity-s50gc-ultrawide\/#primaryimage","url":"https:\/\/vieassociative.be\/actualites\/wp-content\/uploads\/2024\/10\/Mon-offre-Amazon-preferee-du-jour-moniteur-Samsung-ViewFinity.png","contentUrl":"https:\/\/vieassociative.be\/actualites\/wp-content\/uploads\/2024\/10\/Mon-offre-Amazon-preferee-du-jour-moniteur-Samsung-ViewFinity.png","width":1200,"height":675,"caption":"Mon offre Amazon pr\u00e9f\u00e9r\u00e9e du jour : moniteur Samsung ViewFinity S50GC UltraWide"},{"@type":"BreadcrumbList","@id":"https:\/\/vieassociative.be\/actualites\/mon-offre-amazon-preferee-du-jour-moniteur-samsung-viewfinity-s50gc-ultrawide\/#breadcrumb","itemListElement":[{"@type":"ListItem","position":1,"name":"Accueil","item":"https:\/\/vieassociative.be\/actualites\/"},{"@type":"ListItem","position":2,"name":"Mon offre Amazon pr\u00e9f\u00e9r\u00e9e du jour : moniteur Samsung ViewFinity S50GC UltraWide"}]},{"@type":"WebSite","@id":"https:\/\/vieassociative.be\/actualites\/#website","url":"https:\/\/vieassociative.be\/actualites\/","name":"Vie Associative","description":"","publisher":{"@id":"https:\/\/vieassociative.be\/actualites\/#organization"},"potentialAction":[{"@type":"SearchAction","target":{"@type":"EntryPoint","urlTemplate":"https:\/\/vieassociative.be\/actualites\/?s={search_term_string}"},"query-input":{"@type":"PropertyValueSpecification","valueRequired":true,"valueName":"search_term_string"}}],"inLanguage":"fr-BE"},{"@type":"Organization","@id":"https:\/\/vieassociative.be\/actualites\/#organization","name":"Vie Associative","url":"https:\/\/vieassociative.be\/actualites\/","logo":{"@type":"ImageObject","inLanguage":"fr-BE","@id":"https:\/\/vieassociative.be\/actualites\/#\/schema\/logo\/image\/","url":"https:\/\/vieassociative.be\/actualites\/wp-content\/uploads\/2024\/09\/cropped-vieassociative_favicon.ico.png","contentUrl":"https:\/\/vieassociative.be\/actualites\/wp-content\/uploads\/2024\/09\/cropped-vieassociative_favicon.ico.png","width":512,"height":512,"caption":"Vie Associative"},"image":{"@id":"https:\/\/vieassociative.be\/actualites\/#\/schema\/logo\/image\/"}},{"@type":"Person","@id":"https:\/\/vieassociative.be\/actualites\/#\/schema\/person\/b87ac4f82f9d4e7b7cec7395b679edc4","name":"Julien","image":{"@type":"ImageObject","inLanguage":"fr-BE","@id":"https:\/\/vieassociative.be\/actualites\/#\/schema\/person\/image\/","url":"https:\/\/vieassociative.be\/actualites\/wp-content\/uploads\/2024\/09\/vie-associative-1-150x150.jpg","contentUrl":"https:\/\/vieassociative.be\/actualites\/wp-content\/uploads\/2024\/09\/vie-associative-1-150x150.jpg","caption":"Julien"},"description":"Je suis Julien, r\u00e9dacteur pour Vie Associative. Passionn\u00e9 par le monde associatif depuis plus de 10 ans, j'ai \u00e0 c\u0153ur de partager des histoires inspirantes et de mettre en lumi\u00e8re les initiatives locales. Mon objectif est de sensibiliser et d'encourager l'engagement communautaire \u00e0 travers mes articles.","sameAs":["https:\/\/vieassociative.be\/"]}]}},"_links":{"self":[{"href":"https:\/\/vieassociative.be\/actualites\/wp-json\/wp\/v2\/posts\/1297"}],"collection":[{"href":"https:\/\/vieassociative.be\/actualites\/wp-json\/wp\/v2\/posts"}],"about":[{"href":"https:\/\/vieassociative.be\/actualites\/wp-json\/wp\/v2\/types\/post"}],"author":[{"embeddable":true,"href":"https:\/\/vieassociative.be\/actualites\/wp-json\/wp\/v2\/users\/1"}],"replies":[{"embeddable":true,"href":"https:\/\/vieassociative.be\/actualites\/wp-json\/wp\/v2\/comments?post=1297"}],"version-history":[{"count":0,"href":"https:\/\/vieassociative.be\/actualites\/wp-json\/wp\/v2\/posts\/1297\/revisions"}],"wp:featuredmedia":[{"embeddable":true,"href":"https:\/\/vieassociative.be\/actualites\/wp-json\/wp\/v2\/media\/1298"}],"wp:attachment":[{"href":"https:\/\/vieassociative.be\/actualites\/wp-json\/wp\/v2\/media?parent=1297"}],"wp:term":[{"taxonomy":"category","embeddable":true,"href":"https:\/\/vieassociative.be\/actualites\/wp-json\/wp\/v2\/categories?post=1297"},{"taxonomy":"post_tag","embeddable":true,"href":"https:\/\/vieassociative.be\/actualites\/wp-json\/wp\/v2\/tags?post=1297"}],"curies":[{"name":"wp","href":"https:\/\/api.w.org\/{rel}","templated":true}]}}