{"id":12968,"date":"2026-03-10T15:18:57","date_gmt":"2026-03-10T14:18:57","guid":{"rendered":"https:\/\/vieassociative.be\/actualites\/ce-haut-parleur-bluetooth-jbl-pret-pour-lexterieur-est-actuellement-a-plus-de-20-de-reduction\/"},"modified":"2026-03-10T15:18:57","modified_gmt":"2026-03-10T14:18:57","slug":"ce-haut-parleur-bluetooth-jbl-pret-pour-lexterieur-est-actuellement-a-plus-de-20-de-reduction","status":"publish","type":"post","link":"https:\/\/vieassociative.be\/actualites\/ce-haut-parleur-bluetooth-jbl-pret-pour-lexterieur-est-actuellement-a-plus-de-20-de-reduction\/","title":{"rendered":"Ce haut-parleur Bluetooth JBL pr\u00eat pour l&rsquo;ext\u00e9rieur est actuellement \u00e0 plus de 20 % de r\u00e9duction"},"content":{"rendered":"<p>Nous pouvons gagner une commission sur les liens sur cette page. Les prix et la disponibilit\u00e9 de l&rsquo;offre sont sujets \u00e0 changement apr\u00e8s la publication.<\/p>\n<p>Les haut-parleurs Bluetooth portables imposent g\u00e9n\u00e9ralement un compromis. Les plus petits sont faciles \u00e0 transporter mais semblent minces ; les plus gros sonnent mieux mais prennent plus de place dans un sac. Le haut-parleur Bluetooth JBL Grip, actuellement \u00e0 77,36 $ sur Amazon (contre 99,95 $), se trouve en plein milieu. Les suivis de prix montrent que ce n&rsquo;est qu&rsquo;un dollar au-dessus de son prix le plus bas enregistr\u00e9 jusqu&rsquo;\u00e0 pr\u00e9sent, et Amazon regroupe \u00e9galement 90 jours d&rsquo;Amazon Music avec l&rsquo;achat, ce qui vous donne quelque chose sur lequel jouer imm\u00e9diatement. Il est suffisamment petit pour se glisser dans une poche de sac \u00e0 dos o\u00f9 se trouverait normalement une bouteille d&rsquo;eau, et une boucle en nylon \u00e0 l&rsquo;arri\u00e8re vous permet de l&rsquo;attacher \u00e0 un mousqueton ou de l&rsquo;accrocher \u00e0 un crochet. De plus, il est class\u00e9 IP68, ce qui lui permet de r\u00e9sister \u00e0 la poussi\u00e8re et m\u00eame de survivre \u00e0 une immersion dans pr\u00e8s de cinq pieds d&rsquo;eau pendant environ 30 minutes. JBL dit \u00e9galement qu&rsquo;il peut supporter une chute de trois pieds sur du b\u00e9ton, donc le jeter dans un sac \u00e0 dos ou un sac de plage ne risque pas de le blesser.<\/p>\n<div class=\"pogoClear mb-12 mt-10 rounded-md border-2 border-gray-100 py-7 shadow-xl md:py-6\">\n<div class=\"flex flex-wrap justify-between px-7 text-black no-underline md:flex-nowrap md:px-8\">\n<div class=\"order-1 mx-auto flex flex-col justify-center md:order-2 md:ml-4 md:w-full md:grow\">\n<div class=\"block cursor-pointer text-center font-akshar text-2xl font-medium leading-7 text-brand-green duration-200 ease-in-out hover:text-brand-green-700 md:text-left md:text-xl md:leading-6\">Enceinte Bluetooth compacte JBL Grip\n                <\/div>\n<div class=\"mt-4 block font-sans text-sm font-medium leading-4 text-gray-900 md:mx-0 md:mt-2\">\n                    <\/div>\n<div class=\"mt-4 hidden md:flex md:justify-between\">\n<div class=\"self-end\">\n<div class=\"mb-0 h-11 md:flex md:flex-col md:justify-center\">\n<div class=\" font-sans leading-4 text-black\">\n<div class=\"flex flex-wrap items-center justify-center gap-1 md:justify-start\">\n        <span class=\"font-bold\"><\/p>\n<p>            77,36\u00a0$<br \/>\n                            <span class=\"font-medium\">chez Amazon<\/span><br \/>\n                    <\/span>\n            <\/div>\n<div class=\"flex items-center justify-center gap-x-1 font-bold md:justify-start\">\n            <span class=\"text-sm line-through\">99,95\u00a0$<\/span><br \/>\n            <span class=\"text-sm text-brand-green\">\u00c9conomisez 22,59 $<\/span>\n        <\/div>\n<\/p><\/div>\n<\/p><\/div>\n<\/p><\/div>\n<div class=\"w-44 self-end\">\n                            <button class=\"flex justify-center items-center w-full bg-brand-green text-white text-base font-sans font-medium rounded-md hover:bg-brand-green-700 hover:cursor-pointer md:text-sm h-11\"><\/p>\n<p>    Obtenez une offre<br \/>\n<\/button>\n                        <\/div>\n<\/p><\/div>\n<\/p><\/div>\n<div class=\"order-2 mt-5 h-auto w-full md:order-1 md:mt-0 md:hidden\">\n<div class=\"flex aspect-video items-center justify-center\">\n                                            <img decoding=\"async\" class=\"m-0 max-h-full max-w-full rounded-md\" src=\"https:\/\/vieassociative.be\/actualites\/wp-content\/uploads\/2026\/03\/Ce-haut-parleur-Bluetooth-JBL-pret-pour-lexterieur-est-actuellement-a.jpg\" alt=\"JBL Grip - Haut-parleur Bluetooth compact avec son JBL Pro audacieux et lumi\u00e8re ambiante, jusqu'\u00e0 14 heures d'autonomie, r\u00e9sistant \u00e0 l'eau, \u00e0 la poussi\u00e8re et aux chutes (IP68), et connexion multi-haut-parleurs avec Auracast\u2122 (violet)\" width=\"auto\" height=\"auto\" loading=\"lazy\">\n                                    <\/div>\n<\/p><\/div>\n<div class=\"order-2 ml-2 hidden w-32 shrink-0 items-center md:order-1 md:ml-0 md:flex\">\n<div class=\"flex aspect-video items-center justify-center\">\n                                            <img decoding=\"async\" class=\"m-0 max-h-full max-w-full rounded-md\" src=\"https:\/\/vieassociative.be\/actualites\/wp-content\/uploads\/2026\/03\/Ce-haut-parleur-Bluetooth-JBL-pret-pour-lexterieur-est-actuellement-a.jpg\" alt=\"JBL Grip - Haut-parleur Bluetooth compact avec son JBL Pro audacieux et lumi\u00e8re ambiante, jusqu'\u00e0 14 heures d'autonomie, r\u00e9sistant \u00e0 l'eau, \u00e0 la poussi\u00e8re et aux chutes (IP68), et connexion multi-haut-parleurs avec Auracast\u2122 (violet)\" width=\"auto\" height=\"auto\" loading=\"lazy\">\n                                    <\/div>\n<\/p><\/div>\n<div class=\"order-3 flex grow flex-wrap md:hidden md:grow-0\">\n<div class=\"mt-4 w-full\">\n                        <button class=\"flex justify-center items-center w-full bg-brand-green text-white text-base font-sans font-medium rounded-md hover:bg-brand-green-700 hover:cursor-pointer md:text-sm h-11\"><\/p>\n<p>    Obtenez une offre<br \/>\n<\/button>\n                    <\/div>\n<div class=\"mx-2 mt-4 w-full\">\n<div class=\" font-sans leading-4 text-black\">\n<div class=\"flex flex-wrap items-center justify-center gap-1 md:justify-start\">\n        <span class=\"font-bold\"><\/p>\n<p>            77,36\u00a0$<br \/>\n                            <span class=\"font-medium\">chez Amazon<\/span><br \/>\n                    <\/span>\n            <\/div>\n<div class=\"flex items-center justify-center gap-x-1 font-bold md:justify-start\">\n            <span class=\"text-sm line-through\">99,95\u00a0$<\/span><br \/>\n            <span class=\"text-sm text-brand-green\">\u00c9conomisez 22,59 $<\/span>\n        <\/div>\n<\/p><\/div>\n<\/p><\/div>\n<\/p><\/div>\n<\/p><\/div>\n<\/div>\n<p>Au quotidien, le Grip se concentre davantage sur la portabilit\u00e9 et la durabilit\u00e9 que sur un son \u00e9norme. \u00c0 l\u2019int\u00e9rieur se trouve un haut-parleur large bande de 43 mm sur 80 mm qui couvre des fr\u00e9quences de 70 Hz \u00e0 20 kHz, connect\u00e9 via Bluetooth 5.4. Il s&rsquo;agit d&rsquo;un haut-parleur mono, il ne produit donc pas de son st\u00e9r\u00e9o \u00e0 lui seul, mais vous pouvez le coupler avec un autre haut-parleur JBL si vous souhaitez cet effet plus large. En pratique, il g\u00e8re bien les podcasts, les listes de lecture et l\u2019\u00e9coute occasionnelle. Les voix ressortent clairement et les m\u00e9diums restent \u00e9quilibr\u00e9s, bien que les basses n&rsquo;aient pas le grondement plus profond que vous obtiendriez d&rsquo;un haut-parleur plus grand comme la s\u00e9rie JBL Flip, et les d\u00e9tails haut de gamme peuvent sembler l\u00e9g\u00e8rement att\u00e9nu\u00e9s, note cette revue PCMag. Pourtant, le son a suffisamment de corps pour une enceinte de cette taille.<\/p>\n<p>JBL inclut plusieurs fa\u00e7ons de r\u00e9gler l&rsquo;audio via l&rsquo;application JBL Portable, notamment quatre pr\u00e9r\u00e9glages d&rsquo;\u00e9galisation et un simple \u00e9galiseur \u00e0 sept bandes. Les commandes sur le haut-parleur lui-m\u00eame sont simples, avec des boutons d&rsquo;alimentation, Bluetooth et Auracast sur le dessus et des commandes de volume et de lecture \u00e0 l&rsquo;avant. Il y a \u00e9galement une petite bande lumineuse LED \u00e0 l&rsquo;arri\u00e8re qui passe en revue les effets de lumi\u00e8re et peut agir comme une source de lumi\u00e8re douce dans une pi\u00e8ce sombre ou une tente. Quant \u00e0 la dur\u00e9e de vie de sa batterie, elle est \u00e9valu\u00e9e jusqu&rsquo;\u00e0 14 heures \u00e0 volume mod\u00e9r\u00e9, ce qui devrait permettre de passer une journ\u00e9e compl\u00e8te en ext\u00e9rieur sans avoir besoin d&rsquo;une recharge. Lorsqu\u2019il est \u00e9puis\u00e9, le haut-parleur se charge via un port USB-C et met environ trois heures pour atteindre sa pleine puissance. Gardez simplement \u00e0 l\u2019esprit que JBL n\u2019inclut pas le c\u00e2ble USB-C, vous devrez donc en utiliser un que vous poss\u00e9dez d\u00e9j\u00e0.<\/p>\n<hr>\n<div class=\" relative flex justify-center py-16 md:left-1\/2 md:w-(780px) md:max-w-max md:-translate-x-1\/2\">\n<div class=\"w-max text-center sm:text-left\">\n<div class=\"custom-gradient-background mb-6 rounded-md p-(2px) sm:rounded-tl-none\">\n<div class=\"flex flex-col rounded bg-white sm:rounded-tl-none\">\n                    <span class=\"-mt-4 block w-fit max-w-(calc(100%-1rem)) self-center bg-white px-3 text-center font-akshar text-xl font-medium capitalize text-gray-800 sm:max-w-(calc(100%-2.5rem)) sm:self-start sm:px-10 sm:text-left sm:text-2xl\">Nos meilleures offres technologiques approuv\u00e9es par les \u00e9diteurs en ce moment<\/span><\/p>\n<div class=\"flex flex-col gap-3 p-3 pb-4 text-sm sm:p-10 sm:pt-6 sm:text-justify sm:text-base\">\n<div>\n<p>    \u00c9couteurs sans fil \u00e0 suppression active du bruit Apple AirPods 4<\/p>\n<p>                                <span class=\"text-black\"><br \/>\n                                    \u2014<br \/>\n                                    <span class=\"font-bold\">153,99\u00a0$<\/span><br \/>\n                                    <span class=\"!text-xs italic sm:!text-sm\"><\/p>\n<p>                                        (Prix catalogue 179,00 $)<br \/>\n                                    <\/span><br \/>\n                                <\/span>\n                            <\/div>\n<div>\n<p>    Samsung Galaxy S26 512 Go + carte-cadeau Amazon de 100 $ (noir)<\/p>\n<p>                                <span class=\"text-black\"><br \/>\n                                    \u2014<br \/>\n                                    <span class=\"font-bold\">899,99\u00a0$<\/span><br \/>\n                                    <span class=\"!text-xs italic sm:!text-sm\"><\/p>\n<p>                                        (Prix catalogue 1\u00a0099,99\u00a0$)<br \/>\n                                    <\/span><br \/>\n                                <\/span>\n                            <\/div>\n<div>\n<p>    \u00c9couteurs sans fil \u00e0 r\u00e9duction de bruit Samsung Galaxy Buds 4 AI + carte-cadeau Amazon de 20 $<\/p>\n<p>                                <span class=\"text-black\"><br \/>\n                                    \u2014<br \/>\n                                    <span class=\"font-bold\">179,99\u00a0$<\/span><br \/>\n                                    <span class=\"!text-xs italic sm:!text-sm\"><\/p>\n<p>                                        (Prix catalogue 199,99 $)<br \/>\n                                    <\/span><br \/>\n                                <\/span>\n                            <\/div>\n<div>\n<p>    Google Pixel 10a 128 Go 6,3&Prime; Smartphone d\u00e9bloqu\u00e9 + carte-cadeau de 100\u00a0$<\/p>\n<p>                                <span class=\"text-black\"><br \/>\n                                    \u2014<br \/>\n                                    <span class=\"font-bold\">499,00\u00a0$<\/span><br \/>\n                                    <span class=\"!text-xs italic sm:!text-sm\"><\/p>\n<p>                                        (Prix catalogue 599,00 $)<br \/>\n                                    <\/span><br \/>\n                                <\/span>\n                            <\/div>\n<div>\n<p>    Apple iPad 11&Prime; 128 Go A16 WiFi Tablette (Bleu, 2025)<\/p>\n<p>                                <span class=\"text-black\"><br \/>\n                                    \u2014<br \/>\n                                    <span class=\"font-bold\">329,99\u00a0$<\/span><br \/>\n                                    <span class=\"!text-xs italic sm:!text-sm\"><\/p>\n<p>                                        (Prix catalogue 349,00 $)<br \/>\n                                    <\/span><br \/>\n                                <\/span>\n                            <\/div>\n<div>\n<p>    Apple Watch Series 11 (GPS, 42 mm, bracelet sport noir S\/M)<\/p>\n<p>                                <span class=\"text-black\"><br \/>\n                                    \u2014<br \/>\n                                    <span class=\"font-bold\">299,00\u00a0$<\/span><br \/>\n                                    <span class=\"!text-xs italic sm:!text-sm\"><\/p>\n<p>                                        (Prix catalogue 399,00 $)<br \/>\n                                    <\/span><br \/>\n                                <\/span>\n                            <\/div>\n<div>\n<p>    Barre de son Amazon Fire TV<\/p>\n<p>                                <span class=\"text-black\"><br \/>\n                                    \u2014<br \/>\n                                    <span class=\"font-bold\">99,99\u00a0$<\/span><br \/>\n                                    <span class=\"!text-xs italic sm:!text-sm\"><\/p>\n<p>                                        (Prix catalogue 119,99 $)<br \/>\n                                    <\/span><br \/>\n                                <\/span>\n                            <\/div>\n<\/p><\/div>\n<\/p><\/div>\n<\/p><\/div>\n<div class=\"flex flex-col items-center justify-between text-black sm:flex-row sm:px-6\">\n                <span class=\"text-xs italic sm:ml-7 sm:text-sm\">Les offres sont s\u00e9lectionn\u00e9es par notre \u00e9quipe commerciale<\/span><\/p><\/div>\n<\/p><\/div>\n<\/p><\/div>\n","protected":false},"excerpt":{"rendered":"<p>Nous pouvons gagner une commission sur les liens sur cette page. Les prix et la disponibilit\u00e9 de l&rsquo;offre sont sujets \u00e0 changement apr\u00e8s la publication.<\/p>\n","protected":false},"author":1,"featured_media":12969,"comment_status":"","ping_status":"","sticky":false,"template":"","format":"standard","meta":{"footnotes":""},"categories":[13],"tags":[19,5248,76,3545,6985,1037,81,185,308],"class_list":["post-12968","post","type-post","status-publish","format-standard","has-post-thumbnail","hentry","category-technologie","tag-actuellement","tag-bluetooth","tag-est","tag-hautparleur","tag-jbl","tag-lexterieur","tag-pour","tag-pret","tag-reduction","generate-columns","tablet-grid-50","mobile-grid-100","grid-parent","grid-33"],"yoast_head":"<!-- This site is optimized with the Yoast SEO plugin v24.0 - https:\/\/yoast.com\/wordpress\/plugins\/seo\/ -->\n<title>Ce haut-parleur Bluetooth JBL pr\u00eat pour l&#039;ext\u00e9rieur est actuellement \u00e0 plus de 20 % de r\u00e9duction | Vie Associative<\/title>\n<meta name=\"robots\" content=\"index, follow, max-snippet:-1, max-image-preview:large, max-video-preview:-1\" \/>\n<link rel=\"canonical\" href=\"https:\/\/vieassociative.be\/actualites\/ce-haut-parleur-bluetooth-jbl-pret-pour-lexterieur-est-actuellement-a-plus-de-20-de-reduction\/\" \/>\n<meta property=\"og:locale\" content=\"fr_FR\" \/>\n<meta property=\"og:type\" content=\"article\" \/>\n<meta property=\"og:title\" content=\"Ce haut-parleur Bluetooth JBL pr\u00eat pour l&#039;ext\u00e9rieur est actuellement \u00e0 plus de 20 % de r\u00e9duction | Vie Associative\" \/>\n<meta property=\"og:description\" content=\"Nous pouvons gagner une commission sur les liens sur cette page. Les prix et la disponibilit\u00e9 de l&rsquo;offre sont sujets \u00e0 changement apr\u00e8s la publication.\" \/>\n<meta property=\"og:url\" content=\"https:\/\/vieassociative.be\/actualites\/ce-haut-parleur-bluetooth-jbl-pret-pour-lexterieur-est-actuellement-a-plus-de-20-de-reduction\/\" \/>\n<meta property=\"og:site_name\" content=\"Vie Associative\" \/>\n<meta property=\"article:published_time\" content=\"2026-03-10T14:18:57+00:00\" \/>\n<meta property=\"og:image\" content=\"https:\/\/vieassociative.be\/actualites\/wp-content\/uploads\/2026\/03\/Ce-haut-parleur-Bluetooth-JBL-pret-pour-lexterieur-est-actuellement-a.jpg\" \/>\n<meta name=\"author\" content=\"Julien\" \/>\n<meta name=\"twitter:card\" content=\"summary_large_image\" \/>\n<meta name=\"twitter:label1\" content=\"\u00c9crit par\" \/>\n\t<meta name=\"twitter:data1\" content=\"Julien\" \/>\n\t<meta name=\"twitter:label2\" content=\"Dur\u00e9e de lecture est.\" \/>\n\t<meta name=\"twitter:data2\" content=\"3 minutes\" \/>\n<script type=\"application\/ld+json\" class=\"yoast-schema-graph\">{\"@context\":\"https:\/\/schema.org\",\"@graph\":[{\"@type\":\"Article\",\"@id\":\"https:\/\/vieassociative.be\/actualites\/ce-haut-parleur-bluetooth-jbl-pret-pour-lexterieur-est-actuellement-a-plus-de-20-de-reduction\/#article\",\"isPartOf\":{\"@id\":\"https:\/\/vieassociative.be\/actualites\/ce-haut-parleur-bluetooth-jbl-pret-pour-lexterieur-est-actuellement-a-plus-de-20-de-reduction\/\"},\"author\":{\"name\":\"Julien\",\"@id\":\"https:\/\/vieassociative.be\/actualites\/#\/schema\/person\/b87ac4f82f9d4e7b7cec7395b679edc4\"},\"headline\":\"Ce haut-parleur Bluetooth JBL pr\u00eat pour l&rsquo;ext\u00e9rieur est actuellement \u00e0 plus de 20 % de r\u00e9duction\",\"datePublished\":\"2026-03-10T14:18:57+00:00\",\"dateModified\":\"2026-03-10T14:18:57+00:00\",\"mainEntityOfPage\":{\"@id\":\"https:\/\/vieassociative.be\/actualites\/ce-haut-parleur-bluetooth-jbl-pret-pour-lexterieur-est-actuellement-a-plus-de-20-de-reduction\/\"},\"wordCount\":704,\"publisher\":{\"@id\":\"https:\/\/vieassociative.be\/actualites\/#organization\"},\"image\":{\"@id\":\"https:\/\/vieassociative.be\/actualites\/ce-haut-parleur-bluetooth-jbl-pret-pour-lexterieur-est-actuellement-a-plus-de-20-de-reduction\/#primaryimage\"},\"thumbnailUrl\":\"https:\/\/vieassociative.be\/actualites\/wp-content\/uploads\/2026\/03\/Ce-haut-parleur-Bluetooth-JBL-pret-pour-lexterieur-est-actuellement-a.png\",\"keywords\":[\"actuellement\",\"Bluetooth\",\"est\",\"hautparleur\",\"JBL\",\"lext\u00e9rieur\",\"pour\",\"pr\u00eat\",\"r\u00e9duction\"],\"articleSection\":[\"Technologie\"],\"inLanguage\":\"fr-BE\"},{\"@type\":\"WebPage\",\"@id\":\"https:\/\/vieassociative.be\/actualites\/ce-haut-parleur-bluetooth-jbl-pret-pour-lexterieur-est-actuellement-a-plus-de-20-de-reduction\/\",\"url\":\"https:\/\/vieassociative.be\/actualites\/ce-haut-parleur-bluetooth-jbl-pret-pour-lexterieur-est-actuellement-a-plus-de-20-de-reduction\/\",\"name\":\"Ce haut-parleur Bluetooth JBL pr\u00eat pour l'ext\u00e9rieur est actuellement \u00e0 plus de 20 % de r\u00e9duction | Vie Associative\",\"isPartOf\":{\"@id\":\"https:\/\/vieassociative.be\/actualites\/#website\"},\"primaryImageOfPage\":{\"@id\":\"https:\/\/vieassociative.be\/actualites\/ce-haut-parleur-bluetooth-jbl-pret-pour-lexterieur-est-actuellement-a-plus-de-20-de-reduction\/#primaryimage\"},\"image\":{\"@id\":\"https:\/\/vieassociative.be\/actualites\/ce-haut-parleur-bluetooth-jbl-pret-pour-lexterieur-est-actuellement-a-plus-de-20-de-reduction\/#primaryimage\"},\"thumbnailUrl\":\"https:\/\/vieassociative.be\/actualites\/wp-content\/uploads\/2026\/03\/Ce-haut-parleur-Bluetooth-JBL-pret-pour-lexterieur-est-actuellement-a.png\",\"datePublished\":\"2026-03-10T14:18:57+00:00\",\"dateModified\":\"2026-03-10T14:18:57+00:00\",\"breadcrumb\":{\"@id\":\"https:\/\/vieassociative.be\/actualites\/ce-haut-parleur-bluetooth-jbl-pret-pour-lexterieur-est-actuellement-a-plus-de-20-de-reduction\/#breadcrumb\"},\"inLanguage\":\"fr-BE\",\"potentialAction\":[{\"@type\":\"ReadAction\",\"target\":[\"https:\/\/vieassociative.be\/actualites\/ce-haut-parleur-bluetooth-jbl-pret-pour-lexterieur-est-actuellement-a-plus-de-20-de-reduction\/\"]}]},{\"@type\":\"ImageObject\",\"inLanguage\":\"fr-BE\",\"@id\":\"https:\/\/vieassociative.be\/actualites\/ce-haut-parleur-bluetooth-jbl-pret-pour-lexterieur-est-actuellement-a-plus-de-20-de-reduction\/#primaryimage\",\"url\":\"https:\/\/vieassociative.be\/actualites\/wp-content\/uploads\/2026\/03\/Ce-haut-parleur-Bluetooth-JBL-pret-pour-lexterieur-est-actuellement-a.png\",\"contentUrl\":\"https:\/\/vieassociative.be\/actualites\/wp-content\/uploads\/2026\/03\/Ce-haut-parleur-Bluetooth-JBL-pret-pour-lexterieur-est-actuellement-a.png\",\"width\":1200,\"height\":675,\"caption\":\"Ce haut-parleur Bluetooth JBL pr\u00eat pour l'ext\u00e9rieur est actuellement \u00e0 plus de 20 % de r\u00e9duction\"},{\"@type\":\"BreadcrumbList\",\"@id\":\"https:\/\/vieassociative.be\/actualites\/ce-haut-parleur-bluetooth-jbl-pret-pour-lexterieur-est-actuellement-a-plus-de-20-de-reduction\/#breadcrumb\",\"itemListElement\":[{\"@type\":\"ListItem\",\"position\":1,\"name\":\"Accueil\",\"item\":\"https:\/\/vieassociative.be\/actualites\/\"},{\"@type\":\"ListItem\",\"position\":2,\"name\":\"Ce haut-parleur Bluetooth JBL pr\u00eat pour l&rsquo;ext\u00e9rieur est actuellement \u00e0 plus de 20 % de r\u00e9duction\"}]},{\"@type\":\"WebSite\",\"@id\":\"https:\/\/vieassociative.be\/actualites\/#website\",\"url\":\"https:\/\/vieassociative.be\/actualites\/\",\"name\":\"Vie Associative\",\"description\":\"\",\"publisher\":{\"@id\":\"https:\/\/vieassociative.be\/actualites\/#organization\"},\"potentialAction\":[{\"@type\":\"SearchAction\",\"target\":{\"@type\":\"EntryPoint\",\"urlTemplate\":\"https:\/\/vieassociative.be\/actualites\/?s={search_term_string}\"},\"query-input\":{\"@type\":\"PropertyValueSpecification\",\"valueRequired\":true,\"valueName\":\"search_term_string\"}}],\"inLanguage\":\"fr-BE\"},{\"@type\":\"Organization\",\"@id\":\"https:\/\/vieassociative.be\/actualites\/#organization\",\"name\":\"Vie Associative\",\"url\":\"https:\/\/vieassociative.be\/actualites\/\",\"logo\":{\"@type\":\"ImageObject\",\"inLanguage\":\"fr-BE\",\"@id\":\"https:\/\/vieassociative.be\/actualites\/#\/schema\/logo\/image\/\",\"url\":\"https:\/\/vieassociative.be\/actualites\/wp-content\/uploads\/2024\/09\/cropped-vieassociative_favicon.ico.png\",\"contentUrl\":\"https:\/\/vieassociative.be\/actualites\/wp-content\/uploads\/2024\/09\/cropped-vieassociative_favicon.ico.png\",\"width\":512,\"height\":512,\"caption\":\"Vie Associative\"},\"image\":{\"@id\":\"https:\/\/vieassociative.be\/actualites\/#\/schema\/logo\/image\/\"}},{\"@type\":\"Person\",\"@id\":\"https:\/\/vieassociative.be\/actualites\/#\/schema\/person\/b87ac4f82f9d4e7b7cec7395b679edc4\",\"name\":\"Julien\",\"image\":{\"@type\":\"ImageObject\",\"inLanguage\":\"fr-BE\",\"@id\":\"https:\/\/vieassociative.be\/actualites\/#\/schema\/person\/image\/\",\"url\":\"https:\/\/vieassociative.be\/actualites\/wp-content\/uploads\/2024\/09\/vie-associative-1-150x150.jpg\",\"contentUrl\":\"https:\/\/vieassociative.be\/actualites\/wp-content\/uploads\/2024\/09\/vie-associative-1-150x150.jpg\",\"caption\":\"Julien\"},\"description\":\"Je suis Julien, r\u00e9dacteur pour Vie Associative. Passionn\u00e9 par le monde associatif depuis plus de 10 ans, j'ai \u00e0 c\u0153ur de partager des histoires inspirantes et de mettre en lumi\u00e8re les initiatives locales. Mon objectif est de sensibiliser et d'encourager l'engagement communautaire \u00e0 travers mes articles.\",\"sameAs\":[\"https:\/\/vieassociative.be\/\"]}]}<\/script>\n<!-- \/ Yoast SEO plugin. -->","yoast_head_json":{"title":"Ce haut-parleur Bluetooth JBL pr\u00eat pour l'ext\u00e9rieur est actuellement \u00e0 plus de 20 % de r\u00e9duction | Vie Associative","robots":{"index":"index","follow":"follow","max-snippet":"max-snippet:-1","max-image-preview":"max-image-preview:large","max-video-preview":"max-video-preview:-1"},"canonical":"https:\/\/vieassociative.be\/actualites\/ce-haut-parleur-bluetooth-jbl-pret-pour-lexterieur-est-actuellement-a-plus-de-20-de-reduction\/","og_locale":"fr_FR","og_type":"article","og_title":"Ce haut-parleur Bluetooth JBL pr\u00eat pour l'ext\u00e9rieur est actuellement \u00e0 plus de 20 % de r\u00e9duction | Vie Associative","og_description":"Nous pouvons gagner une commission sur les liens sur cette page. Les prix et la disponibilit\u00e9 de l&rsquo;offre sont sujets \u00e0 changement apr\u00e8s la publication.","og_url":"https:\/\/vieassociative.be\/actualites\/ce-haut-parleur-bluetooth-jbl-pret-pour-lexterieur-est-actuellement-a-plus-de-20-de-reduction\/","og_site_name":"Vie Associative","article_published_time":"2026-03-10T14:18:57+00:00","og_image":[{"url":"https:\/\/vieassociative.be\/actualites\/wp-content\/uploads\/2026\/03\/Ce-haut-parleur-Bluetooth-JBL-pret-pour-lexterieur-est-actuellement-a.jpg","type":"","width":"","height":""}],"author":"Julien","twitter_card":"summary_large_image","twitter_misc":{"\u00c9crit par":"Julien","Dur\u00e9e de lecture est.":"3 minutes"},"schema":{"@context":"https:\/\/schema.org","@graph":[{"@type":"Article","@id":"https:\/\/vieassociative.be\/actualites\/ce-haut-parleur-bluetooth-jbl-pret-pour-lexterieur-est-actuellement-a-plus-de-20-de-reduction\/#article","isPartOf":{"@id":"https:\/\/vieassociative.be\/actualites\/ce-haut-parleur-bluetooth-jbl-pret-pour-lexterieur-est-actuellement-a-plus-de-20-de-reduction\/"},"author":{"name":"Julien","@id":"https:\/\/vieassociative.be\/actualites\/#\/schema\/person\/b87ac4f82f9d4e7b7cec7395b679edc4"},"headline":"Ce haut-parleur Bluetooth JBL pr\u00eat pour l&rsquo;ext\u00e9rieur est actuellement \u00e0 plus de 20 % de r\u00e9duction","datePublished":"2026-03-10T14:18:57+00:00","dateModified":"2026-03-10T14:18:57+00:00","mainEntityOfPage":{"@id":"https:\/\/vieassociative.be\/actualites\/ce-haut-parleur-bluetooth-jbl-pret-pour-lexterieur-est-actuellement-a-plus-de-20-de-reduction\/"},"wordCount":704,"publisher":{"@id":"https:\/\/vieassociative.be\/actualites\/#organization"},"image":{"@id":"https:\/\/vieassociative.be\/actualites\/ce-haut-parleur-bluetooth-jbl-pret-pour-lexterieur-est-actuellement-a-plus-de-20-de-reduction\/#primaryimage"},"thumbnailUrl":"https:\/\/vieassociative.be\/actualites\/wp-content\/uploads\/2026\/03\/Ce-haut-parleur-Bluetooth-JBL-pret-pour-lexterieur-est-actuellement-a.png","keywords":["actuellement","Bluetooth","est","hautparleur","JBL","lext\u00e9rieur","pour","pr\u00eat","r\u00e9duction"],"articleSection":["Technologie"],"inLanguage":"fr-BE"},{"@type":"WebPage","@id":"https:\/\/vieassociative.be\/actualites\/ce-haut-parleur-bluetooth-jbl-pret-pour-lexterieur-est-actuellement-a-plus-de-20-de-reduction\/","url":"https:\/\/vieassociative.be\/actualites\/ce-haut-parleur-bluetooth-jbl-pret-pour-lexterieur-est-actuellement-a-plus-de-20-de-reduction\/","name":"Ce haut-parleur Bluetooth JBL pr\u00eat pour l'ext\u00e9rieur est actuellement \u00e0 plus de 20 % de r\u00e9duction | Vie Associative","isPartOf":{"@id":"https:\/\/vieassociative.be\/actualites\/#website"},"primaryImageOfPage":{"@id":"https:\/\/vieassociative.be\/actualites\/ce-haut-parleur-bluetooth-jbl-pret-pour-lexterieur-est-actuellement-a-plus-de-20-de-reduction\/#primaryimage"},"image":{"@id":"https:\/\/vieassociative.be\/actualites\/ce-haut-parleur-bluetooth-jbl-pret-pour-lexterieur-est-actuellement-a-plus-de-20-de-reduction\/#primaryimage"},"thumbnailUrl":"https:\/\/vieassociative.be\/actualites\/wp-content\/uploads\/2026\/03\/Ce-haut-parleur-Bluetooth-JBL-pret-pour-lexterieur-est-actuellement-a.png","datePublished":"2026-03-10T14:18:57+00:00","dateModified":"2026-03-10T14:18:57+00:00","breadcrumb":{"@id":"https:\/\/vieassociative.be\/actualites\/ce-haut-parleur-bluetooth-jbl-pret-pour-lexterieur-est-actuellement-a-plus-de-20-de-reduction\/#breadcrumb"},"inLanguage":"fr-BE","potentialAction":[{"@type":"ReadAction","target":["https:\/\/vieassociative.be\/actualites\/ce-haut-parleur-bluetooth-jbl-pret-pour-lexterieur-est-actuellement-a-plus-de-20-de-reduction\/"]}]},{"@type":"ImageObject","inLanguage":"fr-BE","@id":"https:\/\/vieassociative.be\/actualites\/ce-haut-parleur-bluetooth-jbl-pret-pour-lexterieur-est-actuellement-a-plus-de-20-de-reduction\/#primaryimage","url":"https:\/\/vieassociative.be\/actualites\/wp-content\/uploads\/2026\/03\/Ce-haut-parleur-Bluetooth-JBL-pret-pour-lexterieur-est-actuellement-a.png","contentUrl":"https:\/\/vieassociative.be\/actualites\/wp-content\/uploads\/2026\/03\/Ce-haut-parleur-Bluetooth-JBL-pret-pour-lexterieur-est-actuellement-a.png","width":1200,"height":675,"caption":"Ce haut-parleur Bluetooth JBL pr\u00eat pour l'ext\u00e9rieur est actuellement \u00e0 plus de 20 % de r\u00e9duction"},{"@type":"BreadcrumbList","@id":"https:\/\/vieassociative.be\/actualites\/ce-haut-parleur-bluetooth-jbl-pret-pour-lexterieur-est-actuellement-a-plus-de-20-de-reduction\/#breadcrumb","itemListElement":[{"@type":"ListItem","position":1,"name":"Accueil","item":"https:\/\/vieassociative.be\/actualites\/"},{"@type":"ListItem","position":2,"name":"Ce haut-parleur Bluetooth JBL pr\u00eat pour l&rsquo;ext\u00e9rieur est actuellement \u00e0 plus de 20 % de r\u00e9duction"}]},{"@type":"WebSite","@id":"https:\/\/vieassociative.be\/actualites\/#website","url":"https:\/\/vieassociative.be\/actualites\/","name":"Vie Associative","description":"","publisher":{"@id":"https:\/\/vieassociative.be\/actualites\/#organization"},"potentialAction":[{"@type":"SearchAction","target":{"@type":"EntryPoint","urlTemplate":"https:\/\/vieassociative.be\/actualites\/?s={search_term_string}"},"query-input":{"@type":"PropertyValueSpecification","valueRequired":true,"valueName":"search_term_string"}}],"inLanguage":"fr-BE"},{"@type":"Organization","@id":"https:\/\/vieassociative.be\/actualites\/#organization","name":"Vie Associative","url":"https:\/\/vieassociative.be\/actualites\/","logo":{"@type":"ImageObject","inLanguage":"fr-BE","@id":"https:\/\/vieassociative.be\/actualites\/#\/schema\/logo\/image\/","url":"https:\/\/vieassociative.be\/actualites\/wp-content\/uploads\/2024\/09\/cropped-vieassociative_favicon.ico.png","contentUrl":"https:\/\/vieassociative.be\/actualites\/wp-content\/uploads\/2024\/09\/cropped-vieassociative_favicon.ico.png","width":512,"height":512,"caption":"Vie Associative"},"image":{"@id":"https:\/\/vieassociative.be\/actualites\/#\/schema\/logo\/image\/"}},{"@type":"Person","@id":"https:\/\/vieassociative.be\/actualites\/#\/schema\/person\/b87ac4f82f9d4e7b7cec7395b679edc4","name":"Julien","image":{"@type":"ImageObject","inLanguage":"fr-BE","@id":"https:\/\/vieassociative.be\/actualites\/#\/schema\/person\/image\/","url":"https:\/\/vieassociative.be\/actualites\/wp-content\/uploads\/2024\/09\/vie-associative-1-150x150.jpg","contentUrl":"https:\/\/vieassociative.be\/actualites\/wp-content\/uploads\/2024\/09\/vie-associative-1-150x150.jpg","caption":"Julien"},"description":"Je suis Julien, r\u00e9dacteur pour Vie Associative. Passionn\u00e9 par le monde associatif depuis plus de 10 ans, j'ai \u00e0 c\u0153ur de partager des histoires inspirantes et de mettre en lumi\u00e8re les initiatives locales. Mon objectif est de sensibiliser et d'encourager l'engagement communautaire \u00e0 travers mes articles.","sameAs":["https:\/\/vieassociative.be\/"]}]}},"_links":{"self":[{"href":"https:\/\/vieassociative.be\/actualites\/wp-json\/wp\/v2\/posts\/12968"}],"collection":[{"href":"https:\/\/vieassociative.be\/actualites\/wp-json\/wp\/v2\/posts"}],"about":[{"href":"https:\/\/vieassociative.be\/actualites\/wp-json\/wp\/v2\/types\/post"}],"author":[{"embeddable":true,"href":"https:\/\/vieassociative.be\/actualites\/wp-json\/wp\/v2\/users\/1"}],"replies":[{"embeddable":true,"href":"https:\/\/vieassociative.be\/actualites\/wp-json\/wp\/v2\/comments?post=12968"}],"version-history":[{"count":0,"href":"https:\/\/vieassociative.be\/actualites\/wp-json\/wp\/v2\/posts\/12968\/revisions"}],"wp:featuredmedia":[{"embeddable":true,"href":"https:\/\/vieassociative.be\/actualites\/wp-json\/wp\/v2\/media\/12969"}],"wp:attachment":[{"href":"https:\/\/vieassociative.be\/actualites\/wp-json\/wp\/v2\/media?parent=12968"}],"wp:term":[{"taxonomy":"category","embeddable":true,"href":"https:\/\/vieassociative.be\/actualites\/wp-json\/wp\/v2\/categories?post=12968"},{"taxonomy":"post_tag","embeddable":true,"href":"https:\/\/vieassociative.be\/actualites\/wp-json\/wp\/v2\/tags?post=12968"}],"curies":[{"name":"wp","href":"https:\/\/api.w.org\/{rel}","templated":true}]}}