{"id":12966,"date":"2026-03-10T10:17:27","date_gmt":"2026-03-10T09:17:27","guid":{"rendered":"https:\/\/vieassociative.be\/actualites\/haute-tension-dans-la-lutte-pour-le-top-6-las-eupen-talonne-le-fc-luttt-et-eisden-aujourdhui-contre-le-lierse\/"},"modified":"2026-03-10T10:17:27","modified_gmt":"2026-03-10T09:17:27","slug":"haute-tension-dans-la-lutte-pour-le-top-6-las-eupen-talonne-le-fc-luttt-et-eisden-aujourdhui-contre-le-lierse","status":"publish","type":"post","link":"https:\/\/vieassociative.be\/actualites\/haute-tension-dans-la-lutte-pour-le-top-6-las-eupen-talonne-le-fc-luttt-et-eisden-aujourdhui-contre-le-lierse\/","title":{"rendered":"Haute tension dans la lutte pour le top 6 \u2013 l&rsquo;AS Eupen talonne le FC L\u00fcttt et Eisden \u2013 aujourd&rsquo;hui contre le Lierse"},"content":{"rendered":"<p><strong>\u00ab\u00a0L&rsquo;\u00e9quipe li\u00e9geoise occupe actuellement la 6\u00e8me place avec 43 points et doit maintenant engranger le plus de points possible, car Eupen (39 points) la talonne\u00a0\u00bb, \u00e9crit mardi le quotidien \u00ab\u00a0La Derni\u00e8re Heure \u2013 Les Sports\u00a0\u00bb. En effet, on peut \u00e0 nouveau compter sur l&rsquo;AS Eupen dans la course au top 6 apr\u00e8s la victoire 4-0 contre Jong Gent.<\/strong><\/p>\n<p><span id=\"more-437466\"><\/span>A six journ\u00e9es de la fin du championnat r\u00e9gulier de Challenger Pro League, l&rsquo;AS Eupen n&rsquo;est qu&rsquo;\u00e0 4 points du FC L\u00fbttich et \u00e0 5 points du Patro Eisden, m\u00eame si les Limbourgeois ont disput\u00e9 un match de plus. Et aujourd&rsquo;hui mardi, il y aura un duel direct entre le Patro Eisden et le FC L\u00fcttich. Ce dernier accueille l&rsquo;AS Eupen lors de la derni\u00e8re journ\u00e9e.<\/p>\n<p>Maintenant, la situation du tableau est la suivante (Jeux \u2013 Victoires \u2013 United)<\/p>\n<p>4. Lommel SK 27 13 46<br \/>\n5. Patro Eisden 27 12 44<br \/>\n6. FC Li\u00e8ge 26 13 43<br \/>\n7. AS Eupen 26 10 39<\/p>\n<div id=\"attachment_423052\" class=\"wp-caption alignleft\" style=\"max-width: 300px\"><img fetchpriority=\"high\" decoding=\"async\" class=\"wp-image-423052 size-medium\" src=\"https:\/\/vieassociative.be\/actualites\/wp-content\/uploads\/2026\/03\/Haute-tension-dans-la-lutte-pour-le-top-6-\u2013.jpg\" alt=\"\" width=\"300\" height=\"200\"><\/div>\n<p>Un aper\u00e7u du programme restant des pr\u00e9tendants \u00e0 la 6\u00e8me place est \u00e9galement tr\u00e8s instructif (A = match \u00e0 l&rsquo;ext\u00e9rieur, H = match \u00e0 domicile) :<\/p>\n<p><em>Lommel SK\u00a0:<\/em> Jong Gent (A), Francs Borains (H), RWDM (H), Club NXT (H), Beerschot (A)<br \/>\n<em>P\u00e8re Eisden :<\/em> FC Li\u00e8ge (H), Lierse SK (A), Beerschot (H), Seraing (A), Francs Borains (H)<br \/>\n<em>FC Li\u00e8ge :<\/em> Patro Eisden (A), Beerschot (H), Beveren (A), Olympic (H), Jong Gent (A), AS Eupen (H)<br \/>\n<em>AS Eupen :<\/em> Lierse SK (H), Anderlecht U23 (A), Seraing (H), Club NXT (A), Beerschot (H), FC Li\u00e8ge (A)<\/p>\n<p>L&rsquo;adversaire du jour de l&rsquo;AS Eupen, le Lierse SK, ressent une existence sombre au-del\u00e0 du bien et du mal au milieu du tableau. Cependant, les Noirs et Blancs ont perdu les trois matchs qu&rsquo;ils ont disput\u00e9s en Challenger Pro League apr\u00e8s avoir \u00e9t\u00e9 rel\u00e9gu\u00e9s de la chambre haute. De plus, le Lierse SK a remport\u00e9 ses deux derniers matchs.<\/p>\n<p>Pour la rencontre contre la table 11. En Challenger Pro League, l&rsquo;entra\u00eeneur de l&rsquo;AS Bruno Pinheiro doit se passer de Nicolas Gavory, Logan Delaurier-Chabet, Moustafa Mashaal et Ga\u00ebtan Hendrickx. Yoram Zague et Lorenzo Youndje ont cependant fait leur retour et font partie du groupe. (cr\u00e9er)<\/p>\n","protected":false},"excerpt":{"rendered":"<p>\u00ab\u00a0L&rsquo;\u00e9quipe li\u00e9geoise occupe actuellement la 6\u00e8me place avec 43 points et doit maintenant engranger le plus de points possible, car Eupen (39 points) la talonne\u00a0\u00bb,<\/p>\n","protected":false},"author":1,"featured_media":12967,"comment_status":"","ping_status":"","sticky":false,"template":"","format":"standard","meta":{"footnotes":""},"categories":[298],"tags":[2330,796,166,3043,2329,4108,2353,5250,8704,10211,81,10210,8969,3169],"class_list":["post-12966","post","type-post","status-publish","format-standard","has-post-thumbnail","hentry","category-belgique","tag-aujourdhui","tag-contre","tag-dans","tag-eisden","tag-eupen","tag-haute","tag-las","tag-lierse","tag-lutte","tag-luttt","tag-pour","tag-talonne","tag-tension","tag-top","generate-columns","tablet-grid-50","mobile-grid-100","grid-parent","grid-33"],"yoast_head":"<!-- This site is optimized with the Yoast SEO plugin v24.0 - https:\/\/yoast.com\/wordpress\/plugins\/seo\/ -->\n<title>Haute tension dans la lutte pour le top 6 \u2013 l&#039;AS Eupen talonne le FC L\u00fcttt et Eisden \u2013 aujourd&#039;hui contre le Lierse | Vie Associative<\/title>\n<meta name=\"robots\" content=\"index, follow, max-snippet:-1, max-image-preview:large, max-video-preview:-1\" \/>\n<link rel=\"canonical\" href=\"https:\/\/vieassociative.be\/actualites\/haute-tension-dans-la-lutte-pour-le-top-6-las-eupen-talonne-le-fc-luttt-et-eisden-aujourdhui-contre-le-lierse\/\" \/>\n<meta property=\"og:locale\" content=\"fr_FR\" \/>\n<meta property=\"og:type\" content=\"article\" \/>\n<meta property=\"og:title\" content=\"Haute tension dans la lutte pour le top 6 \u2013 l&#039;AS Eupen talonne le FC L\u00fcttt et Eisden \u2013 aujourd&#039;hui contre le Lierse | Vie Associative\" \/>\n<meta property=\"og:description\" content=\"\u00ab\u00a0L&rsquo;\u00e9quipe li\u00e9geoise occupe actuellement la 6\u00e8me place avec 43 points et doit maintenant engranger le plus de points possible, car Eupen (39 points) la talonne\u00a0\u00bb,\" \/>\n<meta property=\"og:url\" content=\"https:\/\/vieassociative.be\/actualites\/haute-tension-dans-la-lutte-pour-le-top-6-las-eupen-talonne-le-fc-luttt-et-eisden-aujourdhui-contre-le-lierse\/\" \/>\n<meta property=\"og:site_name\" content=\"Vie Associative\" \/>\n<meta property=\"article:published_time\" content=\"2026-03-10T09:17:27+00:00\" \/>\n<meta property=\"og:image\" content=\"https:\/\/vieassociative.be\/actualites\/wp-content\/uploads\/2024\/09\/header_backgroundk-01-e1726694325946.png\" \/>\n\t<meta property=\"og:image:width\" content=\"279\" \/>\n\t<meta property=\"og:image:height\" content=\"92\" \/>\n\t<meta property=\"og:image:type\" content=\"image\/png\" \/>\n<meta name=\"author\" content=\"Julien\" \/>\n<meta name=\"twitter:card\" content=\"summary_large_image\" \/>\n<meta name=\"twitter:label1\" content=\"\u00c9crit par\" \/>\n\t<meta name=\"twitter:data1\" content=\"Julien\" \/>\n\t<meta name=\"twitter:label2\" content=\"Dur\u00e9e de lecture est.\" \/>\n\t<meta name=\"twitter:data2\" content=\"2 minutes\" \/>\n<script type=\"application\/ld+json\" class=\"yoast-schema-graph\">{\"@context\":\"https:\/\/schema.org\",\"@graph\":[{\"@type\":\"Article\",\"@id\":\"https:\/\/vieassociative.be\/actualites\/haute-tension-dans-la-lutte-pour-le-top-6-las-eupen-talonne-le-fc-luttt-et-eisden-aujourdhui-contre-le-lierse\/#article\",\"isPartOf\":{\"@id\":\"https:\/\/vieassociative.be\/actualites\/haute-tension-dans-la-lutte-pour-le-top-6-las-eupen-talonne-le-fc-luttt-et-eisden-aujourdhui-contre-le-lierse\/\"},\"author\":{\"name\":\"Julien\",\"@id\":\"https:\/\/vieassociative.be\/actualites\/#\/schema\/person\/b87ac4f82f9d4e7b7cec7395b679edc4\"},\"headline\":\"Haute tension dans la lutte pour le top 6 \u2013 l&rsquo;AS Eupen talonne le FC L\u00fcttt et Eisden \u2013 aujourd&rsquo;hui contre le Lierse\",\"datePublished\":\"2026-03-10T09:17:27+00:00\",\"dateModified\":\"2026-03-10T09:17:27+00:00\",\"mainEntityOfPage\":{\"@id\":\"https:\/\/vieassociative.be\/actualites\/haute-tension-dans-la-lutte-pour-le-top-6-las-eupen-talonne-le-fc-luttt-et-eisden-aujourdhui-contre-le-lierse\/\"},\"wordCount\":384,\"publisher\":{\"@id\":\"https:\/\/vieassociative.be\/actualites\/#organization\"},\"image\":{\"@id\":\"https:\/\/vieassociative.be\/actualites\/haute-tension-dans-la-lutte-pour-le-top-6-las-eupen-talonne-le-fc-luttt-et-eisden-aujourdhui-contre-le-lierse\/#primaryimage\"},\"thumbnailUrl\":\"https:\/\/vieassociative.be\/actualites\/wp-content\/uploads\/2026\/03\/1773134248_Haute-tension-dans-la-lutte-pour-le-top-6-\u2013.jpg\",\"keywords\":[\"aujourdhui\",\"contre\",\"dans\",\"Eisden\",\"Eupen\",\"haute\",\"lAS\",\"lierse\",\"lutte\",\"L\u00fcttt\",\"pour\",\"talonne\",\"tension\",\"top\"],\"articleSection\":[\"Belgique\"],\"inLanguage\":\"fr-BE\"},{\"@type\":\"WebPage\",\"@id\":\"https:\/\/vieassociative.be\/actualites\/haute-tension-dans-la-lutte-pour-le-top-6-las-eupen-talonne-le-fc-luttt-et-eisden-aujourdhui-contre-le-lierse\/\",\"url\":\"https:\/\/vieassociative.be\/actualites\/haute-tension-dans-la-lutte-pour-le-top-6-las-eupen-talonne-le-fc-luttt-et-eisden-aujourdhui-contre-le-lierse\/\",\"name\":\"Haute tension dans la lutte pour le top 6 \u2013 l'AS Eupen talonne le FC L\u00fcttt et Eisden \u2013 aujourd'hui contre le Lierse | Vie Associative\",\"isPartOf\":{\"@id\":\"https:\/\/vieassociative.be\/actualites\/#website\"},\"primaryImageOfPage\":{\"@id\":\"https:\/\/vieassociative.be\/actualites\/haute-tension-dans-la-lutte-pour-le-top-6-las-eupen-talonne-le-fc-luttt-et-eisden-aujourdhui-contre-le-lierse\/#primaryimage\"},\"image\":{\"@id\":\"https:\/\/vieassociative.be\/actualites\/haute-tension-dans-la-lutte-pour-le-top-6-las-eupen-talonne-le-fc-luttt-et-eisden-aujourdhui-contre-le-lierse\/#primaryimage\"},\"thumbnailUrl\":\"https:\/\/vieassociative.be\/actualites\/wp-content\/uploads\/2026\/03\/1773134248_Haute-tension-dans-la-lutte-pour-le-top-6-\u2013.jpg\",\"datePublished\":\"2026-03-10T09:17:27+00:00\",\"dateModified\":\"2026-03-10T09:17:27+00:00\",\"breadcrumb\":{\"@id\":\"https:\/\/vieassociative.be\/actualites\/haute-tension-dans-la-lutte-pour-le-top-6-las-eupen-talonne-le-fc-luttt-et-eisden-aujourdhui-contre-le-lierse\/#breadcrumb\"},\"inLanguage\":\"fr-BE\",\"potentialAction\":[{\"@type\":\"ReadAction\",\"target\":[\"https:\/\/vieassociative.be\/actualites\/haute-tension-dans-la-lutte-pour-le-top-6-las-eupen-talonne-le-fc-luttt-et-eisden-aujourdhui-contre-le-lierse\/\"]}]},{\"@type\":\"ImageObject\",\"inLanguage\":\"fr-BE\",\"@id\":\"https:\/\/vieassociative.be\/actualites\/haute-tension-dans-la-lutte-pour-le-top-6-las-eupen-talonne-le-fc-luttt-et-eisden-aujourdhui-contre-le-lierse\/#primaryimage\",\"url\":\"https:\/\/vieassociative.be\/actualites\/wp-content\/uploads\/2026\/03\/1773134248_Haute-tension-dans-la-lutte-pour-le-top-6-\u2013.jpg\",\"contentUrl\":\"https:\/\/vieassociative.be\/actualites\/wp-content\/uploads\/2026\/03\/1773134248_Haute-tension-dans-la-lutte-pour-le-top-6-\u2013.jpg\",\"width\":1200,\"height\":800,\"caption\":\"Haute tension dans la lutte pour le top 6 \u2013 l'AS Eupen talonne le FC L\u00fcttt et Eisden \u2013 aujourd'hui contre le Lierse\"},{\"@type\":\"BreadcrumbList\",\"@id\":\"https:\/\/vieassociative.be\/actualites\/haute-tension-dans-la-lutte-pour-le-top-6-las-eupen-talonne-le-fc-luttt-et-eisden-aujourdhui-contre-le-lierse\/#breadcrumb\",\"itemListElement\":[{\"@type\":\"ListItem\",\"position\":1,\"name\":\"Accueil\",\"item\":\"https:\/\/vieassociative.be\/actualites\/\"},{\"@type\":\"ListItem\",\"position\":2,\"name\":\"Haute tension dans la lutte pour le top 6 \u2013 l&rsquo;AS Eupen talonne le FC L\u00fcttt et Eisden \u2013 aujourd&rsquo;hui contre le Lierse\"}]},{\"@type\":\"WebSite\",\"@id\":\"https:\/\/vieassociative.be\/actualites\/#website\",\"url\":\"https:\/\/vieassociative.be\/actualites\/\",\"name\":\"Vie Associative\",\"description\":\"\",\"publisher\":{\"@id\":\"https:\/\/vieassociative.be\/actualites\/#organization\"},\"potentialAction\":[{\"@type\":\"SearchAction\",\"target\":{\"@type\":\"EntryPoint\",\"urlTemplate\":\"https:\/\/vieassociative.be\/actualites\/?s={search_term_string}\"},\"query-input\":{\"@type\":\"PropertyValueSpecification\",\"valueRequired\":true,\"valueName\":\"search_term_string\"}}],\"inLanguage\":\"fr-BE\"},{\"@type\":\"Organization\",\"@id\":\"https:\/\/vieassociative.be\/actualites\/#organization\",\"name\":\"Vie Associative\",\"url\":\"https:\/\/vieassociative.be\/actualites\/\",\"logo\":{\"@type\":\"ImageObject\",\"inLanguage\":\"fr-BE\",\"@id\":\"https:\/\/vieassociative.be\/actualites\/#\/schema\/logo\/image\/\",\"url\":\"https:\/\/vieassociative.be\/actualites\/wp-content\/uploads\/2024\/09\/cropped-vieassociative_favicon.ico.png\",\"contentUrl\":\"https:\/\/vieassociative.be\/actualites\/wp-content\/uploads\/2024\/09\/cropped-vieassociative_favicon.ico.png\",\"width\":512,\"height\":512,\"caption\":\"Vie Associative\"},\"image\":{\"@id\":\"https:\/\/vieassociative.be\/actualites\/#\/schema\/logo\/image\/\"}},{\"@type\":\"Person\",\"@id\":\"https:\/\/vieassociative.be\/actualites\/#\/schema\/person\/b87ac4f82f9d4e7b7cec7395b679edc4\",\"name\":\"Julien\",\"image\":{\"@type\":\"ImageObject\",\"inLanguage\":\"fr-BE\",\"@id\":\"https:\/\/vieassociative.be\/actualites\/#\/schema\/person\/image\/\",\"url\":\"https:\/\/vieassociative.be\/actualites\/wp-content\/uploads\/2024\/09\/vie-associative-1-150x150.jpg\",\"contentUrl\":\"https:\/\/vieassociative.be\/actualites\/wp-content\/uploads\/2024\/09\/vie-associative-1-150x150.jpg\",\"caption\":\"Julien\"},\"description\":\"Je suis Julien, r\u00e9dacteur pour Vie Associative. Passionn\u00e9 par le monde associatif depuis plus de 10 ans, j'ai \u00e0 c\u0153ur de partager des histoires inspirantes et de mettre en lumi\u00e8re les initiatives locales. Mon objectif est de sensibiliser et d'encourager l'engagement communautaire \u00e0 travers mes articles.\",\"sameAs\":[\"https:\/\/vieassociative.be\/\"]}]}<\/script>\n<!-- \/ Yoast SEO plugin. -->","yoast_head_json":{"title":"Haute tension dans la lutte pour le top 6 \u2013 l'AS Eupen talonne le FC L\u00fcttt et Eisden \u2013 aujourd'hui contre le Lierse | Vie Associative","robots":{"index":"index","follow":"follow","max-snippet":"max-snippet:-1","max-image-preview":"max-image-preview:large","max-video-preview":"max-video-preview:-1"},"canonical":"https:\/\/vieassociative.be\/actualites\/haute-tension-dans-la-lutte-pour-le-top-6-las-eupen-talonne-le-fc-luttt-et-eisden-aujourdhui-contre-le-lierse\/","og_locale":"fr_FR","og_type":"article","og_title":"Haute tension dans la lutte pour le top 6 \u2013 l'AS Eupen talonne le FC L\u00fcttt et Eisden \u2013 aujourd'hui contre le Lierse | Vie Associative","og_description":"\u00ab\u00a0L&rsquo;\u00e9quipe li\u00e9geoise occupe actuellement la 6\u00e8me place avec 43 points et doit maintenant engranger le plus de points possible, car Eupen (39 points) la talonne\u00a0\u00bb,","og_url":"https:\/\/vieassociative.be\/actualites\/haute-tension-dans-la-lutte-pour-le-top-6-las-eupen-talonne-le-fc-luttt-et-eisden-aujourdhui-contre-le-lierse\/","og_site_name":"Vie Associative","article_published_time":"2026-03-10T09:17:27+00:00","og_image":[{"width":279,"height":92,"url":"https:\/\/vieassociative.be\/actualites\/wp-content\/uploads\/2024\/09\/header_backgroundk-01-e1726694325946.png","type":"image\/png"}],"author":"Julien","twitter_card":"summary_large_image","twitter_misc":{"\u00c9crit par":"Julien","Dur\u00e9e de lecture est.":"2 minutes"},"schema":{"@context":"https:\/\/schema.org","@graph":[{"@type":"Article","@id":"https:\/\/vieassociative.be\/actualites\/haute-tension-dans-la-lutte-pour-le-top-6-las-eupen-talonne-le-fc-luttt-et-eisden-aujourdhui-contre-le-lierse\/#article","isPartOf":{"@id":"https:\/\/vieassociative.be\/actualites\/haute-tension-dans-la-lutte-pour-le-top-6-las-eupen-talonne-le-fc-luttt-et-eisden-aujourdhui-contre-le-lierse\/"},"author":{"name":"Julien","@id":"https:\/\/vieassociative.be\/actualites\/#\/schema\/person\/b87ac4f82f9d4e7b7cec7395b679edc4"},"headline":"Haute tension dans la lutte pour le top 6 \u2013 l&rsquo;AS Eupen talonne le FC L\u00fcttt et Eisden \u2013 aujourd&rsquo;hui contre le Lierse","datePublished":"2026-03-10T09:17:27+00:00","dateModified":"2026-03-10T09:17:27+00:00","mainEntityOfPage":{"@id":"https:\/\/vieassociative.be\/actualites\/haute-tension-dans-la-lutte-pour-le-top-6-las-eupen-talonne-le-fc-luttt-et-eisden-aujourdhui-contre-le-lierse\/"},"wordCount":384,"publisher":{"@id":"https:\/\/vieassociative.be\/actualites\/#organization"},"image":{"@id":"https:\/\/vieassociative.be\/actualites\/haute-tension-dans-la-lutte-pour-le-top-6-las-eupen-talonne-le-fc-luttt-et-eisden-aujourdhui-contre-le-lierse\/#primaryimage"},"thumbnailUrl":"https:\/\/vieassociative.be\/actualites\/wp-content\/uploads\/2026\/03\/1773134248_Haute-tension-dans-la-lutte-pour-le-top-6-\u2013.jpg","keywords":["aujourdhui","contre","dans","Eisden","Eupen","haute","lAS","lierse","lutte","L\u00fcttt","pour","talonne","tension","top"],"articleSection":["Belgique"],"inLanguage":"fr-BE"},{"@type":"WebPage","@id":"https:\/\/vieassociative.be\/actualites\/haute-tension-dans-la-lutte-pour-le-top-6-las-eupen-talonne-le-fc-luttt-et-eisden-aujourdhui-contre-le-lierse\/","url":"https:\/\/vieassociative.be\/actualites\/haute-tension-dans-la-lutte-pour-le-top-6-las-eupen-talonne-le-fc-luttt-et-eisden-aujourdhui-contre-le-lierse\/","name":"Haute tension dans la lutte pour le top 6 \u2013 l'AS Eupen talonne le FC L\u00fcttt et Eisden \u2013 aujourd'hui contre le Lierse | Vie Associative","isPartOf":{"@id":"https:\/\/vieassociative.be\/actualites\/#website"},"primaryImageOfPage":{"@id":"https:\/\/vieassociative.be\/actualites\/haute-tension-dans-la-lutte-pour-le-top-6-las-eupen-talonne-le-fc-luttt-et-eisden-aujourdhui-contre-le-lierse\/#primaryimage"},"image":{"@id":"https:\/\/vieassociative.be\/actualites\/haute-tension-dans-la-lutte-pour-le-top-6-las-eupen-talonne-le-fc-luttt-et-eisden-aujourdhui-contre-le-lierse\/#primaryimage"},"thumbnailUrl":"https:\/\/vieassociative.be\/actualites\/wp-content\/uploads\/2026\/03\/1773134248_Haute-tension-dans-la-lutte-pour-le-top-6-\u2013.jpg","datePublished":"2026-03-10T09:17:27+00:00","dateModified":"2026-03-10T09:17:27+00:00","breadcrumb":{"@id":"https:\/\/vieassociative.be\/actualites\/haute-tension-dans-la-lutte-pour-le-top-6-las-eupen-talonne-le-fc-luttt-et-eisden-aujourdhui-contre-le-lierse\/#breadcrumb"},"inLanguage":"fr-BE","potentialAction":[{"@type":"ReadAction","target":["https:\/\/vieassociative.be\/actualites\/haute-tension-dans-la-lutte-pour-le-top-6-las-eupen-talonne-le-fc-luttt-et-eisden-aujourdhui-contre-le-lierse\/"]}]},{"@type":"ImageObject","inLanguage":"fr-BE","@id":"https:\/\/vieassociative.be\/actualites\/haute-tension-dans-la-lutte-pour-le-top-6-las-eupen-talonne-le-fc-luttt-et-eisden-aujourdhui-contre-le-lierse\/#primaryimage","url":"https:\/\/vieassociative.be\/actualites\/wp-content\/uploads\/2026\/03\/1773134248_Haute-tension-dans-la-lutte-pour-le-top-6-\u2013.jpg","contentUrl":"https:\/\/vieassociative.be\/actualites\/wp-content\/uploads\/2026\/03\/1773134248_Haute-tension-dans-la-lutte-pour-le-top-6-\u2013.jpg","width":1200,"height":800,"caption":"Haute tension dans la lutte pour le top 6 \u2013 l'AS Eupen talonne le FC L\u00fcttt et Eisden \u2013 aujourd'hui contre le Lierse"},{"@type":"BreadcrumbList","@id":"https:\/\/vieassociative.be\/actualites\/haute-tension-dans-la-lutte-pour-le-top-6-las-eupen-talonne-le-fc-luttt-et-eisden-aujourdhui-contre-le-lierse\/#breadcrumb","itemListElement":[{"@type":"ListItem","position":1,"name":"Accueil","item":"https:\/\/vieassociative.be\/actualites\/"},{"@type":"ListItem","position":2,"name":"Haute tension dans la lutte pour le top 6 \u2013 l&rsquo;AS Eupen talonne le FC L\u00fcttt et Eisden \u2013 aujourd&rsquo;hui contre le Lierse"}]},{"@type":"WebSite","@id":"https:\/\/vieassociative.be\/actualites\/#website","url":"https:\/\/vieassociative.be\/actualites\/","name":"Vie Associative","description":"","publisher":{"@id":"https:\/\/vieassociative.be\/actualites\/#organization"},"potentialAction":[{"@type":"SearchAction","target":{"@type":"EntryPoint","urlTemplate":"https:\/\/vieassociative.be\/actualites\/?s={search_term_string}"},"query-input":{"@type":"PropertyValueSpecification","valueRequired":true,"valueName":"search_term_string"}}],"inLanguage":"fr-BE"},{"@type":"Organization","@id":"https:\/\/vieassociative.be\/actualites\/#organization","name":"Vie Associative","url":"https:\/\/vieassociative.be\/actualites\/","logo":{"@type":"ImageObject","inLanguage":"fr-BE","@id":"https:\/\/vieassociative.be\/actualites\/#\/schema\/logo\/image\/","url":"https:\/\/vieassociative.be\/actualites\/wp-content\/uploads\/2024\/09\/cropped-vieassociative_favicon.ico.png","contentUrl":"https:\/\/vieassociative.be\/actualites\/wp-content\/uploads\/2024\/09\/cropped-vieassociative_favicon.ico.png","width":512,"height":512,"caption":"Vie Associative"},"image":{"@id":"https:\/\/vieassociative.be\/actualites\/#\/schema\/logo\/image\/"}},{"@type":"Person","@id":"https:\/\/vieassociative.be\/actualites\/#\/schema\/person\/b87ac4f82f9d4e7b7cec7395b679edc4","name":"Julien","image":{"@type":"ImageObject","inLanguage":"fr-BE","@id":"https:\/\/vieassociative.be\/actualites\/#\/schema\/person\/image\/","url":"https:\/\/vieassociative.be\/actualites\/wp-content\/uploads\/2024\/09\/vie-associative-1-150x150.jpg","contentUrl":"https:\/\/vieassociative.be\/actualites\/wp-content\/uploads\/2024\/09\/vie-associative-1-150x150.jpg","caption":"Julien"},"description":"Je suis Julien, r\u00e9dacteur pour Vie Associative. Passionn\u00e9 par le monde associatif depuis plus de 10 ans, j'ai \u00e0 c\u0153ur de partager des histoires inspirantes et de mettre en lumi\u00e8re les initiatives locales. Mon objectif est de sensibiliser et d'encourager l'engagement communautaire \u00e0 travers mes articles.","sameAs":["https:\/\/vieassociative.be\/"]}]}},"_links":{"self":[{"href":"https:\/\/vieassociative.be\/actualites\/wp-json\/wp\/v2\/posts\/12966"}],"collection":[{"href":"https:\/\/vieassociative.be\/actualites\/wp-json\/wp\/v2\/posts"}],"about":[{"href":"https:\/\/vieassociative.be\/actualites\/wp-json\/wp\/v2\/types\/post"}],"author":[{"embeddable":true,"href":"https:\/\/vieassociative.be\/actualites\/wp-json\/wp\/v2\/users\/1"}],"replies":[{"embeddable":true,"href":"https:\/\/vieassociative.be\/actualites\/wp-json\/wp\/v2\/comments?post=12966"}],"version-history":[{"count":0,"href":"https:\/\/vieassociative.be\/actualites\/wp-json\/wp\/v2\/posts\/12966\/revisions"}],"wp:featuredmedia":[{"embeddable":true,"href":"https:\/\/vieassociative.be\/actualites\/wp-json\/wp\/v2\/media\/12967"}],"wp:attachment":[{"href":"https:\/\/vieassociative.be\/actualites\/wp-json\/wp\/v2\/media?parent=12966"}],"wp:term":[{"taxonomy":"category","embeddable":true,"href":"https:\/\/vieassociative.be\/actualites\/wp-json\/wp\/v2\/categories?post=12966"},{"taxonomy":"post_tag","embeddable":true,"href":"https:\/\/vieassociative.be\/actualites\/wp-json\/wp\/v2\/tags?post=12966"}],"curies":[{"name":"wp","href":"https:\/\/api.w.org\/{rel}","templated":true}]}}