{"id":12961,"date":"2026-03-10T09:23:44","date_gmt":"2026-03-10T08:23:44","guid":{"rendered":"https:\/\/vieassociative.be\/actualites\/?p=12961"},"modified":"2026-03-10T09:25:06","modified_gmt":"2026-03-10T08:25:06","slug":"le-specialiste-du-voyage-pas-cher-sinstalle-enfin-en-belgique","status":"publish","type":"post","link":"https:\/\/vieassociative.be\/actualites\/le-specialiste-du-voyage-pas-cher-sinstalle-enfin-en-belgique\/","title":{"rendered":"Le sp\u00e9cialiste du voyage pas cher s&rsquo;installe enfin en Belgique !"},"content":{"rendered":"<div>\n<div>\n<p>Lorsqu&rsquo;on consid\u00e8re la m\u00e9t\u00e9o bien trop souvent maussade en Belgique, on se prend tr\u00e8s souvent \u00e0 r\u00eaver d&rsquo;\u00e9vasion, avec des plages ensoleill\u00e9es ainsi que des mers bleues \u00e0 perte de vue&#8230; La bonne nouvelle, c&rsquo;est qu&rsquo;<strong>une grande enseigne fran\u00e7aise du voyage vient enfin de franchir la fronti\u00e8re<\/strong>. Dans ses valises, elle apporte des centaines de destinations propos\u00e9es \u00e0 des prix qui risquent de vous choquer.<\/p>\n<\/div>\n<div>\n<h2>Fram propose des offres que les voyageurs belges ne peuvent pas refuser<\/h2>\n<\/div>\n<div>\n<p>Voil\u00e0 qui est enfin officiel : <a href=\"https:\/\/www.fram.be\/\" target=\"_blank\" rel=\"noopener\">les offres Voyage Fram<\/a> sont enfin accessibles depuis la Belgique. En attendant de voir fleurir de nouvelles agences un peu partout dans le pays, notamment apr\u00e8s celle de Bruxelles, vous pouvez profiter de ces offres<strong> en vous rendant sur le site fram.be<\/strong>. Le catalogue est relativement vaste et il existe forc\u00e9ment une offre correspondant \u00e0 votre niveau des exigences ainsi qu&rsquo;\u00e0 vos go\u00fbts\u00a0:<\/p>\n<\/div>\n<div>\n<ul>\n<li>des s\u00e9jours baln\u00e9aires\u00a0;<\/li>\n<\/ul>\n<\/div>\n<div>\n<ul>\n<li>des circuits culturels\u00a0;<\/li>\n<\/ul>\n<\/div>\n<div>\n<ul>\n<li>des vacances en club tout compris\u00a0;<\/li>\n<\/ul>\n<\/div>\n<div>\n<ul>\n<li>des voyages en famille\u00a0;<\/li>\n<\/ul>\n<\/div>\n<div>\n<ul>\n<li>des escapades en solo.<\/li>\n<\/ul>\n<\/div>\n<div>\n<p>Les destinations elles aussi, sont relativement vari\u00e9es. Vous pourriez par exemple opter pour <strong>le d\u00e9paysement du Maroc<\/strong> en allant notamment chiner dans les souks, tandis que <strong>les \u00eeles Canaries<\/strong> vous permettent de fl\u00e2ner sur les plages et de profiter du soleil. Et pourquoi ne partiriez-vous pas du c\u00f4t\u00e9 du <strong>sud de l&rsquo;Italie afin de d\u00e9couvrir la Sicile<\/strong>\u00a0?<\/p>\n<\/div>\n<div>\n<p>Comme vous pouvez le constater, tous les moyens sont bons pour quitter le plat pays, le temps d&rsquo;un s\u00e9jour.<\/p>\n<\/div>\n<div>\n<h2>Il existe forc\u00e9ment une formule pour votre profil et pour votre budget<\/h2>\n<\/div>\n<div>\n<p>S&rsquo;il est une chose que<strong> l&rsquo;enseigne Fram <\/strong>a bien comprise, c&rsquo;est que les vacances ne doivent pas rimer avec complication. C&rsquo;est la raison pour laquelle l&rsquo;enseigne d\u00e9sormais belge propose concr\u00e8tement des s\u00e9jours tout compris, avec une s\u00e9lection drastique des meilleurs h\u00f4tels, mais aussi un s\u00e9jour incluant le billet d&rsquo;avion, ainsi que les repas. Avec Fram, aucune inqui\u00e9tude \u00e0 avoir. Vous avez aussi acc\u00e8s \u00e0 <strong>des formules club<\/strong> gr\u00e2ce auxquelles vous pouvez profiter d&rsquo;animations sur place, mais aussi des services de restauration afin de profiter de <strong>vacances cl\u00e9s en main.\u00a0<\/strong><\/p>\n<\/div>\n<div>\n<p>Vous pouvez aussi opter pour des circuits complets afin de visiter des pays lointains tels que la Tha\u00eflande ou encore le Vietnam. Quant aux <strong>offres de derni\u00e8re minute <\/strong>et au s\u00e9jour famille, ces solutions vous permettent de profiter de prix cass\u00e9s ou encore de destinations pens\u00e9es pour les enfants, mais aussi pour les parents.<\/p>\n<\/div>\n<div>\n<h2>Une r\u00e9servation simple, rapide et s\u00e9curis\u00e9e depuis la Belgique<\/h2>\n<\/div>\n<div>\n<p>Vous n&rsquo;avez concr\u00e8tement plus besoin de passer par un interm\u00e9diaire. Maintenant que vous avez <strong>acc\u00e8s \u00e0 fram.be<\/strong>, vous n&rsquo;avez plus qu&rsquo;\u00e0 r\u00e9server votre billet d&rsquo;avion en quelques clics au d\u00e9part de Bruxelles notamment. Sachez d&rsquo;ailleurs que vous pouvez joindre des conseillers par t\u00e9l\u00e9phone du lundi au samedi et m\u00eame le dimanche. Le service client est aux petits oignons afin de <strong>mieux coller \u00e0 vos besoins et de mieux s&rsquo;adapter \u00e0 votre quotidien<\/strong>. Cerise sur le g\u00e2teau, les transactions se font via un syst\u00e8me de<strong> paiement s\u00e9curis\u00e9<\/strong>.<\/p>\n<\/div>\n<div>\n<p>Vos vacances d\u00e9marrent sous les meilleurs hospices comme vous pouvez le constater\u2026<\/p>\n<\/div>\n<\/div>\n","protected":false},"excerpt":{"rendered":"<p>Lorsqu&rsquo;on consid\u00e8re la m\u00e9t\u00e9o bien trop souvent maussade en Belgique, on se prend tr\u00e8s souvent \u00e0 r\u00eaver d&rsquo;\u00e9vasion, avec des plages ensoleill\u00e9es ainsi que des<\/p>\n","protected":false},"author":1,"featured_media":12963,"comment_status":"closed","ping_status":"closed","sticky":false,"template":"","format":"standard","meta":{"footnotes":""},"categories":[12],"tags":[],"class_list":["post-12961","post","type-post","status-publish","format-standard","has-post-thumbnail","hentry","category-voyage","generate-columns","tablet-grid-50","mobile-grid-100","grid-parent","grid-33"],"yoast_head":"<!-- This site is optimized with the Yoast SEO plugin v24.0 - https:\/\/yoast.com\/wordpress\/plugins\/seo\/ -->\n<title>Le sp\u00e9cialiste du voyage pas cher s&#039;installe enfin en Belgique ! | Vie Associative<\/title>\n<meta name=\"robots\" content=\"index, follow, max-snippet:-1, max-image-preview:large, max-video-preview:-1\" \/>\n<link rel=\"canonical\" href=\"https:\/\/vieassociative.be\/actualites\/le-specialiste-du-voyage-pas-cher-sinstalle-enfin-en-belgique\/\" \/>\n<meta property=\"og:locale\" content=\"fr_FR\" \/>\n<meta property=\"og:type\" content=\"article\" \/>\n<meta property=\"og:title\" content=\"Le sp\u00e9cialiste du voyage pas cher s&#039;installe enfin en Belgique ! | Vie Associative\" \/>\n<meta property=\"og:description\" content=\"Lorsqu&rsquo;on consid\u00e8re la m\u00e9t\u00e9o bien trop souvent maussade en Belgique, on se prend tr\u00e8s souvent \u00e0 r\u00eaver d&rsquo;\u00e9vasion, avec des plages ensoleill\u00e9es ainsi que des\" \/>\n<meta property=\"og:url\" content=\"https:\/\/vieassociative.be\/actualites\/le-specialiste-du-voyage-pas-cher-sinstalle-enfin-en-belgique\/\" \/>\n<meta property=\"og:site_name\" content=\"Vie Associative\" \/>\n<meta property=\"article:published_time\" content=\"2026-03-10T08:23:44+00:00\" \/>\n<meta property=\"article:modified_time\" content=\"2026-03-10T08:25:06+00:00\" \/>\n<meta property=\"og:image\" content=\"https:\/\/vieassociative.be\/actualites\/wp-content\/uploads\/2026\/03\/le-specialiste-du-voyage-pas-cher-sinstalle-enfin-en-belgique.jpg\" \/>\n\t<meta property=\"og:image:width\" content=\"1920\" \/>\n\t<meta property=\"og:image:height\" content=\"1080\" \/>\n\t<meta property=\"og:image:type\" content=\"image\/jpeg\" \/>\n<meta name=\"author\" content=\"Julien\" \/>\n<meta name=\"twitter:card\" content=\"summary_large_image\" \/>\n<meta name=\"twitter:label1\" content=\"\u00c9crit par\" \/>\n\t<meta name=\"twitter:data1\" content=\"Julien\" \/>\n\t<meta name=\"twitter:label2\" content=\"Dur\u00e9e de lecture est.\" \/>\n\t<meta name=\"twitter:data2\" content=\"3 minutes\" \/>\n<script type=\"application\/ld+json\" class=\"yoast-schema-graph\">{\"@context\":\"https:\/\/schema.org\",\"@graph\":[{\"@type\":\"Article\",\"@id\":\"https:\/\/vieassociative.be\/actualites\/le-specialiste-du-voyage-pas-cher-sinstalle-enfin-en-belgique\/#article\",\"isPartOf\":{\"@id\":\"https:\/\/vieassociative.be\/actualites\/le-specialiste-du-voyage-pas-cher-sinstalle-enfin-en-belgique\/\"},\"author\":{\"name\":\"Julien\",\"@id\":\"https:\/\/vieassociative.be\/actualites\/#\/schema\/person\/b87ac4f82f9d4e7b7cec7395b679edc4\"},\"headline\":\"Le sp\u00e9cialiste du voyage pas cher s&rsquo;installe enfin en Belgique !\",\"datePublished\":\"2026-03-10T08:23:44+00:00\",\"dateModified\":\"2026-03-10T08:25:06+00:00\",\"mainEntityOfPage\":{\"@id\":\"https:\/\/vieassociative.be\/actualites\/le-specialiste-du-voyage-pas-cher-sinstalle-enfin-en-belgique\/\"},\"wordCount\":577,\"publisher\":{\"@id\":\"https:\/\/vieassociative.be\/actualites\/#organization\"},\"image\":{\"@id\":\"https:\/\/vieassociative.be\/actualites\/le-specialiste-du-voyage-pas-cher-sinstalle-enfin-en-belgique\/#primaryimage\"},\"thumbnailUrl\":\"https:\/\/vieassociative.be\/actualites\/wp-content\/uploads\/2026\/03\/le-specialiste-du-voyage-pas-cher-sinstalle-enfin-en-belgique.jpg\",\"articleSection\":[\"Voyage\"],\"inLanguage\":\"fr-BE\"},{\"@type\":\"WebPage\",\"@id\":\"https:\/\/vieassociative.be\/actualites\/le-specialiste-du-voyage-pas-cher-sinstalle-enfin-en-belgique\/\",\"url\":\"https:\/\/vieassociative.be\/actualites\/le-specialiste-du-voyage-pas-cher-sinstalle-enfin-en-belgique\/\",\"name\":\"Le sp\u00e9cialiste du voyage pas cher s'installe enfin en Belgique ! | Vie Associative\",\"isPartOf\":{\"@id\":\"https:\/\/vieassociative.be\/actualites\/#website\"},\"primaryImageOfPage\":{\"@id\":\"https:\/\/vieassociative.be\/actualites\/le-specialiste-du-voyage-pas-cher-sinstalle-enfin-en-belgique\/#primaryimage\"},\"image\":{\"@id\":\"https:\/\/vieassociative.be\/actualites\/le-specialiste-du-voyage-pas-cher-sinstalle-enfin-en-belgique\/#primaryimage\"},\"thumbnailUrl\":\"https:\/\/vieassociative.be\/actualites\/wp-content\/uploads\/2026\/03\/le-specialiste-du-voyage-pas-cher-sinstalle-enfin-en-belgique.jpg\",\"datePublished\":\"2026-03-10T08:23:44+00:00\",\"dateModified\":\"2026-03-10T08:25:06+00:00\",\"breadcrumb\":{\"@id\":\"https:\/\/vieassociative.be\/actualites\/le-specialiste-du-voyage-pas-cher-sinstalle-enfin-en-belgique\/#breadcrumb\"},\"inLanguage\":\"fr-BE\",\"potentialAction\":[{\"@type\":\"ReadAction\",\"target\":[\"https:\/\/vieassociative.be\/actualites\/le-specialiste-du-voyage-pas-cher-sinstalle-enfin-en-belgique\/\"]}]},{\"@type\":\"ImageObject\",\"inLanguage\":\"fr-BE\",\"@id\":\"https:\/\/vieassociative.be\/actualites\/le-specialiste-du-voyage-pas-cher-sinstalle-enfin-en-belgique\/#primaryimage\",\"url\":\"https:\/\/vieassociative.be\/actualites\/wp-content\/uploads\/2026\/03\/le-specialiste-du-voyage-pas-cher-sinstalle-enfin-en-belgique.jpg\",\"contentUrl\":\"https:\/\/vieassociative.be\/actualites\/wp-content\/uploads\/2026\/03\/le-specialiste-du-voyage-pas-cher-sinstalle-enfin-en-belgique.jpg\",\"width\":1920,\"height\":1080,\"caption\":\"Le sp\u00e9cialiste du voyage pas cher s'installe enfin en Belgique !\"},{\"@type\":\"BreadcrumbList\",\"@id\":\"https:\/\/vieassociative.be\/actualites\/le-specialiste-du-voyage-pas-cher-sinstalle-enfin-en-belgique\/#breadcrumb\",\"itemListElement\":[{\"@type\":\"ListItem\",\"position\":1,\"name\":\"Accueil\",\"item\":\"https:\/\/vieassociative.be\/actualites\/\"},{\"@type\":\"ListItem\",\"position\":2,\"name\":\"Le sp\u00e9cialiste du voyage pas cher s&rsquo;installe enfin en Belgique !\"}]},{\"@type\":\"WebSite\",\"@id\":\"https:\/\/vieassociative.be\/actualites\/#website\",\"url\":\"https:\/\/vieassociative.be\/actualites\/\",\"name\":\"Vie Associative\",\"description\":\"\",\"publisher\":{\"@id\":\"https:\/\/vieassociative.be\/actualites\/#organization\"},\"potentialAction\":[{\"@type\":\"SearchAction\",\"target\":{\"@type\":\"EntryPoint\",\"urlTemplate\":\"https:\/\/vieassociative.be\/actualites\/?s={search_term_string}\"},\"query-input\":{\"@type\":\"PropertyValueSpecification\",\"valueRequired\":true,\"valueName\":\"search_term_string\"}}],\"inLanguage\":\"fr-BE\"},{\"@type\":\"Organization\",\"@id\":\"https:\/\/vieassociative.be\/actualites\/#organization\",\"name\":\"Vie Associative\",\"url\":\"https:\/\/vieassociative.be\/actualites\/\",\"logo\":{\"@type\":\"ImageObject\",\"inLanguage\":\"fr-BE\",\"@id\":\"https:\/\/vieassociative.be\/actualites\/#\/schema\/logo\/image\/\",\"url\":\"https:\/\/vieassociative.be\/actualites\/wp-content\/uploads\/2024\/09\/cropped-vieassociative_favicon.ico.png\",\"contentUrl\":\"https:\/\/vieassociative.be\/actualites\/wp-content\/uploads\/2024\/09\/cropped-vieassociative_favicon.ico.png\",\"width\":512,\"height\":512,\"caption\":\"Vie Associative\"},\"image\":{\"@id\":\"https:\/\/vieassociative.be\/actualites\/#\/schema\/logo\/image\/\"}},{\"@type\":\"Person\",\"@id\":\"https:\/\/vieassociative.be\/actualites\/#\/schema\/person\/b87ac4f82f9d4e7b7cec7395b679edc4\",\"name\":\"Julien\",\"image\":{\"@type\":\"ImageObject\",\"inLanguage\":\"fr-BE\",\"@id\":\"https:\/\/vieassociative.be\/actualites\/#\/schema\/person\/image\/\",\"url\":\"https:\/\/vieassociative.be\/actualites\/wp-content\/uploads\/2024\/09\/vie-associative-1-150x150.jpg\",\"contentUrl\":\"https:\/\/vieassociative.be\/actualites\/wp-content\/uploads\/2024\/09\/vie-associative-1-150x150.jpg\",\"caption\":\"Julien\"},\"description\":\"Je suis Julien, r\u00e9dacteur pour Vie Associative. Passionn\u00e9 par le monde associatif depuis plus de 10 ans, j'ai \u00e0 c\u0153ur de partager des histoires inspirantes et de mettre en lumi\u00e8re les initiatives locales. Mon objectif est de sensibiliser et d'encourager l'engagement communautaire \u00e0 travers mes articles.\",\"sameAs\":[\"https:\/\/vieassociative.be\/\"]}]}<\/script>\n<!-- \/ Yoast SEO plugin. -->","yoast_head_json":{"title":"Le sp\u00e9cialiste du voyage pas cher s'installe enfin en Belgique ! | Vie Associative","robots":{"index":"index","follow":"follow","max-snippet":"max-snippet:-1","max-image-preview":"max-image-preview:large","max-video-preview":"max-video-preview:-1"},"canonical":"https:\/\/vieassociative.be\/actualites\/le-specialiste-du-voyage-pas-cher-sinstalle-enfin-en-belgique\/","og_locale":"fr_FR","og_type":"article","og_title":"Le sp\u00e9cialiste du voyage pas cher s'installe enfin en Belgique ! | Vie Associative","og_description":"Lorsqu&rsquo;on consid\u00e8re la m\u00e9t\u00e9o bien trop souvent maussade en Belgique, on se prend tr\u00e8s souvent \u00e0 r\u00eaver d&rsquo;\u00e9vasion, avec des plages ensoleill\u00e9es ainsi que des","og_url":"https:\/\/vieassociative.be\/actualites\/le-specialiste-du-voyage-pas-cher-sinstalle-enfin-en-belgique\/","og_site_name":"Vie Associative","article_published_time":"2026-03-10T08:23:44+00:00","article_modified_time":"2026-03-10T08:25:06+00:00","og_image":[{"width":1920,"height":1080,"url":"https:\/\/vieassociative.be\/actualites\/wp-content\/uploads\/2026\/03\/le-specialiste-du-voyage-pas-cher-sinstalle-enfin-en-belgique.jpg","type":"image\/jpeg"}],"author":"Julien","twitter_card":"summary_large_image","twitter_misc":{"\u00c9crit par":"Julien","Dur\u00e9e de lecture est.":"3 minutes"},"schema":{"@context":"https:\/\/schema.org","@graph":[{"@type":"Article","@id":"https:\/\/vieassociative.be\/actualites\/le-specialiste-du-voyage-pas-cher-sinstalle-enfin-en-belgique\/#article","isPartOf":{"@id":"https:\/\/vieassociative.be\/actualites\/le-specialiste-du-voyage-pas-cher-sinstalle-enfin-en-belgique\/"},"author":{"name":"Julien","@id":"https:\/\/vieassociative.be\/actualites\/#\/schema\/person\/b87ac4f82f9d4e7b7cec7395b679edc4"},"headline":"Le sp\u00e9cialiste du voyage pas cher s&rsquo;installe enfin en Belgique !","datePublished":"2026-03-10T08:23:44+00:00","dateModified":"2026-03-10T08:25:06+00:00","mainEntityOfPage":{"@id":"https:\/\/vieassociative.be\/actualites\/le-specialiste-du-voyage-pas-cher-sinstalle-enfin-en-belgique\/"},"wordCount":577,"publisher":{"@id":"https:\/\/vieassociative.be\/actualites\/#organization"},"image":{"@id":"https:\/\/vieassociative.be\/actualites\/le-specialiste-du-voyage-pas-cher-sinstalle-enfin-en-belgique\/#primaryimage"},"thumbnailUrl":"https:\/\/vieassociative.be\/actualites\/wp-content\/uploads\/2026\/03\/le-specialiste-du-voyage-pas-cher-sinstalle-enfin-en-belgique.jpg","articleSection":["Voyage"],"inLanguage":"fr-BE"},{"@type":"WebPage","@id":"https:\/\/vieassociative.be\/actualites\/le-specialiste-du-voyage-pas-cher-sinstalle-enfin-en-belgique\/","url":"https:\/\/vieassociative.be\/actualites\/le-specialiste-du-voyage-pas-cher-sinstalle-enfin-en-belgique\/","name":"Le sp\u00e9cialiste du voyage pas cher s'installe enfin en Belgique ! | Vie Associative","isPartOf":{"@id":"https:\/\/vieassociative.be\/actualites\/#website"},"primaryImageOfPage":{"@id":"https:\/\/vieassociative.be\/actualites\/le-specialiste-du-voyage-pas-cher-sinstalle-enfin-en-belgique\/#primaryimage"},"image":{"@id":"https:\/\/vieassociative.be\/actualites\/le-specialiste-du-voyage-pas-cher-sinstalle-enfin-en-belgique\/#primaryimage"},"thumbnailUrl":"https:\/\/vieassociative.be\/actualites\/wp-content\/uploads\/2026\/03\/le-specialiste-du-voyage-pas-cher-sinstalle-enfin-en-belgique.jpg","datePublished":"2026-03-10T08:23:44+00:00","dateModified":"2026-03-10T08:25:06+00:00","breadcrumb":{"@id":"https:\/\/vieassociative.be\/actualites\/le-specialiste-du-voyage-pas-cher-sinstalle-enfin-en-belgique\/#breadcrumb"},"inLanguage":"fr-BE","potentialAction":[{"@type":"ReadAction","target":["https:\/\/vieassociative.be\/actualites\/le-specialiste-du-voyage-pas-cher-sinstalle-enfin-en-belgique\/"]}]},{"@type":"ImageObject","inLanguage":"fr-BE","@id":"https:\/\/vieassociative.be\/actualites\/le-specialiste-du-voyage-pas-cher-sinstalle-enfin-en-belgique\/#primaryimage","url":"https:\/\/vieassociative.be\/actualites\/wp-content\/uploads\/2026\/03\/le-specialiste-du-voyage-pas-cher-sinstalle-enfin-en-belgique.jpg","contentUrl":"https:\/\/vieassociative.be\/actualites\/wp-content\/uploads\/2026\/03\/le-specialiste-du-voyage-pas-cher-sinstalle-enfin-en-belgique.jpg","width":1920,"height":1080,"caption":"Le sp\u00e9cialiste du voyage pas cher s'installe enfin en Belgique !"},{"@type":"BreadcrumbList","@id":"https:\/\/vieassociative.be\/actualites\/le-specialiste-du-voyage-pas-cher-sinstalle-enfin-en-belgique\/#breadcrumb","itemListElement":[{"@type":"ListItem","position":1,"name":"Accueil","item":"https:\/\/vieassociative.be\/actualites\/"},{"@type":"ListItem","position":2,"name":"Le sp\u00e9cialiste du voyage pas cher s&rsquo;installe enfin en Belgique !"}]},{"@type":"WebSite","@id":"https:\/\/vieassociative.be\/actualites\/#website","url":"https:\/\/vieassociative.be\/actualites\/","name":"Vie Associative","description":"","publisher":{"@id":"https:\/\/vieassociative.be\/actualites\/#organization"},"potentialAction":[{"@type":"SearchAction","target":{"@type":"EntryPoint","urlTemplate":"https:\/\/vieassociative.be\/actualites\/?s={search_term_string}"},"query-input":{"@type":"PropertyValueSpecification","valueRequired":true,"valueName":"search_term_string"}}],"inLanguage":"fr-BE"},{"@type":"Organization","@id":"https:\/\/vieassociative.be\/actualites\/#organization","name":"Vie Associative","url":"https:\/\/vieassociative.be\/actualites\/","logo":{"@type":"ImageObject","inLanguage":"fr-BE","@id":"https:\/\/vieassociative.be\/actualites\/#\/schema\/logo\/image\/","url":"https:\/\/vieassociative.be\/actualites\/wp-content\/uploads\/2024\/09\/cropped-vieassociative_favicon.ico.png","contentUrl":"https:\/\/vieassociative.be\/actualites\/wp-content\/uploads\/2024\/09\/cropped-vieassociative_favicon.ico.png","width":512,"height":512,"caption":"Vie Associative"},"image":{"@id":"https:\/\/vieassociative.be\/actualites\/#\/schema\/logo\/image\/"}},{"@type":"Person","@id":"https:\/\/vieassociative.be\/actualites\/#\/schema\/person\/b87ac4f82f9d4e7b7cec7395b679edc4","name":"Julien","image":{"@type":"ImageObject","inLanguage":"fr-BE","@id":"https:\/\/vieassociative.be\/actualites\/#\/schema\/person\/image\/","url":"https:\/\/vieassociative.be\/actualites\/wp-content\/uploads\/2024\/09\/vie-associative-1-150x150.jpg","contentUrl":"https:\/\/vieassociative.be\/actualites\/wp-content\/uploads\/2024\/09\/vie-associative-1-150x150.jpg","caption":"Julien"},"description":"Je suis Julien, r\u00e9dacteur pour Vie Associative. Passionn\u00e9 par le monde associatif depuis plus de 10 ans, j'ai \u00e0 c\u0153ur de partager des histoires inspirantes et de mettre en lumi\u00e8re les initiatives locales. Mon objectif est de sensibiliser et d'encourager l'engagement communautaire \u00e0 travers mes articles.","sameAs":["https:\/\/vieassociative.be\/"]}]}},"_links":{"self":[{"href":"https:\/\/vieassociative.be\/actualites\/wp-json\/wp\/v2\/posts\/12961"}],"collection":[{"href":"https:\/\/vieassociative.be\/actualites\/wp-json\/wp\/v2\/posts"}],"about":[{"href":"https:\/\/vieassociative.be\/actualites\/wp-json\/wp\/v2\/types\/post"}],"author":[{"embeddable":true,"href":"https:\/\/vieassociative.be\/actualites\/wp-json\/wp\/v2\/users\/1"}],"replies":[{"embeddable":true,"href":"https:\/\/vieassociative.be\/actualites\/wp-json\/wp\/v2\/comments?post=12961"}],"version-history":[{"count":2,"href":"https:\/\/vieassociative.be\/actualites\/wp-json\/wp\/v2\/posts\/12961\/revisions"}],"predecessor-version":[{"id":12965,"href":"https:\/\/vieassociative.be\/actualites\/wp-json\/wp\/v2\/posts\/12961\/revisions\/12965"}],"wp:featuredmedia":[{"embeddable":true,"href":"https:\/\/vieassociative.be\/actualites\/wp-json\/wp\/v2\/media\/12963"}],"wp:attachment":[{"href":"https:\/\/vieassociative.be\/actualites\/wp-json\/wp\/v2\/media?parent=12961"}],"wp:term":[{"taxonomy":"category","embeddable":true,"href":"https:\/\/vieassociative.be\/actualites\/wp-json\/wp\/v2\/categories?post=12961"},{"taxonomy":"post_tag","embeddable":true,"href":"https:\/\/vieassociative.be\/actualites\/wp-json\/wp\/v2\/tags?post=12961"}],"curies":[{"name":"wp","href":"https:\/\/api.w.org\/{rel}","templated":true}]}}