{"id":12959,"date":"2026-03-10T09:16:59","date_gmt":"2026-03-10T08:16:59","guid":{"rendered":"https:\/\/vieassociative.be\/actualites\/comment-utiliser-les-modes-de-mise-au-point-de-mon-iphone-pour-ne-plus-me-laisser-distraire-au-gymnase\/"},"modified":"2026-03-10T09:16:59","modified_gmt":"2026-03-10T08:16:59","slug":"comment-utiliser-les-modes-de-mise-au-point-de-mon-iphone-pour-ne-plus-me-laisser-distraire-au-gymnase","status":"publish","type":"post","link":"https:\/\/vieassociative.be\/actualites\/comment-utiliser-les-modes-de-mise-au-point-de-mon-iphone-pour-ne-plus-me-laisser-distraire-au-gymnase\/","title":{"rendered":"Comment utiliser les modes de mise au point de mon iPhone pour ne plus me laisser distraire au gymnase"},"content":{"rendered":"<p>Il existe un st\u00e9r\u00e9otype selon lequel les rats de salle de sport, obs\u00e9d\u00e9s par le t\u00e9l\u00e9phone, monopolisent l&rsquo;\u00e9quipement pendant qu&rsquo;ils \u00ab restent assis l\u00e0 et font d\u00e9filer leur t\u00e9l\u00e9phone \u00bb. Excusez-moi, je suis <em>enregistrer mes sets<\/em> et <em>d\u00e9couper mes vid\u00e9os d&rsquo;entra\u00eenement<\/em> et, euh, faire d\u00e9filer Reddit, et ouais, je me suis en quelque sorte aspir\u00e9 par TikTok ? Et il y a un email professionnel, merde, \u00e7a pourrait attendre apr\u00e8s mais je suis vraiment curieux de savoir ce qu&rsquo;il dit. Juste une seconde pendant que je l&rsquo;ouvre&#8230;<\/p>\n<p>Oui, je ne suis pas le seul \u00e0 pouvoir \u00eatre un peu distrait pendant une s\u00e9ance d&rsquo;entra\u00eenement. Vous le faites probablement aussi. J&rsquo;ai donc toujours ador\u00e9 ce conseil de l&rsquo;entra\u00eeneure de dynamophilie Claire Zai concernant la mise au point sur votre t\u00e9l\u00e9phone lorsque vous vous entra\u00eenez. <\/p>\n<h2 id=\"how-your-phone-can-actually-help-you-focus-during-a-workout\">Comment votre t\u00e9l\u00e9phone peut r\u00e9ellement vous aider \u00e0 vous concentrer pendant une s\u00e9ance d&rsquo;entra\u00eenement<\/h2>\n<p>Votre t\u00e9l\u00e9phone dispose probablement d&rsquo;une fonction de mode de mise au point. Je ferai une d\u00e9monstration avec mon iPhone, mais Android l&rsquo;a aussi. (Recherchez les \u00ab\u00a0modes\u00a0\u00bb dans votre panneau de configuration). Cr\u00e9ez un mode fitness et d\u00e9finissez les d\u00e9clencheurs appropri\u00e9s ou gardez-le simplement disponible pour l&rsquo;activer manuellement lorsque vous vous entra\u00eenez. Voici plus d&rsquo;informations sur la configuration des modes de mise au point sur iOS.<\/p>\n<p>Avec un mode focus, vous pouvez :<\/p>\n<ul>\n<li>\n<p>N&rsquo;ayez que certaines applications sur votre \u00e9cran d&rsquo;accueil (vous choisirez bien s\u00fbr celles qui sont li\u00e9es au fitness)<\/p>\n<\/li>\n<li>\n<p>Faire taire les notifications du travail ou des applications sociales (vous recevrez ces notifications lorsque vous quitterez le focus)<\/p>\n<\/li>\n<li>\n<p>Cr\u00e9ez un fond d&rsquo;\u00e9cran avec quelque chose d&rsquo;utile ou d&rsquo;inspirant, comme une liste de vos objectifs ou une citation de motivation.<\/p>\n<\/li>\n<li>\n<p>Ajoutez des widgets qui vous seront utiles pendant votre entra\u00eenement<\/p>\n<\/li>\n<\/ul>\n<div class=\"eloquent-imagery-image\">\n<div class=\"flex justify-center\">\n                    <img decoding=\"async\" class=\"border border-gray-100\" src=\"https:\/\/vieassociative.be\/actualites\/wp-content\/uploads\/2026\/03\/Comment-utiliser-les-modes-de-mise-au-point-de-mon.jpg\" alt=\"Captures d'\u00e9cran du mode mise au point\" width=\"2000\" height=\"1125\" loading=\"lazy\">\n            <\/div>\n<div class=\"mt-2 font-akshar\">\n                            <span class=\"image-caption block text-sm leading-4 tracking-wide text-(#1F2937)\"><\/span><br \/>\n                                        <span class=\"mt-1 block font-sans text-xs tracking-normal text-gray-600\">Cr\u00e9dit : Beth Skwarecki<\/span>\n                    <\/div>\n<\/p><\/div>\n<p>Voici un exemple ci-dessus. J&rsquo;ai un widget qui me permet de d\u00e9marrer mes entra\u00eenements Apple Watch les plus courants, un pour mes r\u00e9centes listes de lecture YouTube Music et un pour les minuteurs d&rsquo;intervalles couramment utilis\u00e9s. J&rsquo;ai \u00e9galement des ic\u00f4nes pour certaines de mes applications de fitness couramment utilis\u00e9es et une calculatrice pour savoir quand j&rsquo;ai besoin de trouver des pourcentages pour certains entra\u00eenements. J&rsquo;ai choisi une photo de poids pour mon fond d&rsquo;\u00e9cran pour me rappeler que je suis en mode fitness.<\/p>\n<div class=\"eloquent-imagery-image\">\n<div class=\"flex justify-center\">\n                    <img decoding=\"async\" class=\"border border-gray-100\" src=\"https:\/\/vieassociative.be\/actualites\/wp-content\/uploads\/2026\/03\/1773130619_369_Comment-utiliser-les-modes-de-mise-au-point-de-mon.jpg\" alt=\"\u00c9cran de verrouillage du mode Fitness avec des objectifs et l'\u00e9cran d'accueil correspondant.\" width=\"2000\" height=\"1125\" loading=\"lazy\">\n            <\/div>\n<div class=\"mt-2 font-akshar\">\n                            <span class=\"image-caption block text-sm leading-4 tracking-wide text-(#1F2937)\"><\/span><br \/>\n                                        <span class=\"mt-1 block font-sans text-xs tracking-normal text-gray-600\">Cr\u00e9dit : Beth Skwarecki<\/span>\n                    <\/div>\n<\/p><\/div>\n<p>En voici un autre que j&rsquo;utilisais, qui est un peu plus inspirant. J&rsquo;avais une liste d&rsquo;objectifs sur la couverture de mon journal d&rsquo;entra\u00eenement\u00a0; l&rsquo;\u00e9cran de verrouillage a ici une version num\u00e9rique. Sur l&rsquo;\u00e9cran d&rsquo;accueil, au-dessus des applications, j&rsquo;ai un widget de l&rsquo;application Countdown qui m&rsquo;indique combien de jours il me reste avant ma prochaine grande comp\u00e9tition. <\/p>\n<p>Vous pouvez d\u00e9clencher l\u2019activation du mode fitness \u00e0 chaque fois que vous d\u00e9marrez une s\u00e9ance d\u2019entra\u00eenement, ou \u00e0 une certaine heure ou \u00e0 un certain endroit, par exemple lorsque vous arrivez \u00e0 la salle de sport. Ou vous pouvez simplement le d\u00e9marrer depuis le Centre de contr\u00f4le (faites glisser votre doigt depuis le coin sup\u00e9rieur droit de votre t\u00e9l\u00e9phone) et demander \u00e0 votre t\u00e9l\u00e9phone de le garder allum\u00e9 pendant une heure, pendant la dur\u00e9e de votre \u00e9v\u00e9nement de calendrier en cours ou jusqu&rsquo;\u00e0 ce que vous l&rsquo;\u00e9teigniez. Et maintenant, vous avez tout ce dont vous avez besoin pour faire votre entra\u00eenement, sans les distractions.<\/p>\n<p><script async src=\"\/\/www.instagram.com\/embed.js\"><\/script><\/p>\n","protected":false},"excerpt":{"rendered":"<p>Il existe un st\u00e9r\u00e9otype selon lequel les rats de salle de sport, obs\u00e9d\u00e9s par le t\u00e9l\u00e9phone, monopolisent l&rsquo;\u00e9quipement pendant qu&rsquo;ils \u00ab restent assis l\u00e0 et<\/p>\n","protected":false},"author":1,"featured_media":12960,"comment_status":"","ping_status":"","sticky":false,"template":"","format":"standard","meta":{"footnotes":""},"categories":[1],"tags":[44,10209,3624,652,2421,14,2183,8124,49,174,81,239],"class_list":["post-12959","post","type-post","status-publish","format-standard","has-post-thumbnail","hentry","category-non-classe","tag-comment","tag-distraire","tag-gymnase","tag-iphone","tag-laisser","tag-les","tag-mise","tag-modes","tag-mon","tag-point","tag-pour","tag-utiliser","generate-columns","tablet-grid-50","mobile-grid-100","grid-parent","grid-33"],"yoast_head":"<!-- This site is optimized with the Yoast SEO plugin v24.0 - https:\/\/yoast.com\/wordpress\/plugins\/seo\/ -->\n<title>Comment utiliser les modes de mise au point de mon iPhone pour ne plus me laisser distraire au gymnase | Vie Associative<\/title>\n<meta name=\"robots\" content=\"index, follow, max-snippet:-1, max-image-preview:large, max-video-preview:-1\" \/>\n<link rel=\"canonical\" href=\"https:\/\/vieassociative.be\/actualites\/comment-utiliser-les-modes-de-mise-au-point-de-mon-iphone-pour-ne-plus-me-laisser-distraire-au-gymnase\/\" \/>\n<meta property=\"og:locale\" content=\"fr_FR\" \/>\n<meta property=\"og:type\" content=\"article\" \/>\n<meta property=\"og:title\" content=\"Comment utiliser les modes de mise au point de mon iPhone pour ne plus me laisser distraire au gymnase | Vie Associative\" \/>\n<meta property=\"og:description\" content=\"Il existe un st\u00e9r\u00e9otype selon lequel les rats de salle de sport, obs\u00e9d\u00e9s par le t\u00e9l\u00e9phone, monopolisent l&rsquo;\u00e9quipement pendant qu&rsquo;ils \u00ab restent assis l\u00e0 et\" \/>\n<meta property=\"og:url\" content=\"https:\/\/vieassociative.be\/actualites\/comment-utiliser-les-modes-de-mise-au-point-de-mon-iphone-pour-ne-plus-me-laisser-distraire-au-gymnase\/\" \/>\n<meta property=\"og:site_name\" content=\"Vie Associative\" \/>\n<meta property=\"article:published_time\" content=\"2026-03-10T08:16:59+00:00\" \/>\n<meta property=\"og:image\" content=\"https:\/\/vieassociative.be\/actualites\/wp-content\/uploads\/2026\/03\/Comment-utiliser-les-modes-de-mise-au-point-de-mon.jpg\" \/>\n<meta name=\"author\" content=\"Julien\" \/>\n<meta name=\"twitter:card\" content=\"summary_large_image\" \/>\n<meta name=\"twitter:label1\" content=\"\u00c9crit par\" \/>\n\t<meta name=\"twitter:data1\" content=\"Julien\" \/>\n\t<meta name=\"twitter:label2\" content=\"Dur\u00e9e de lecture est.\" \/>\n\t<meta name=\"twitter:data2\" content=\"3 minutes\" \/>\n<script type=\"application\/ld+json\" class=\"yoast-schema-graph\">{\"@context\":\"https:\/\/schema.org\",\"@graph\":[{\"@type\":\"Article\",\"@id\":\"https:\/\/vieassociative.be\/actualites\/comment-utiliser-les-modes-de-mise-au-point-de-mon-iphone-pour-ne-plus-me-laisser-distraire-au-gymnase\/#article\",\"isPartOf\":{\"@id\":\"https:\/\/vieassociative.be\/actualites\/comment-utiliser-les-modes-de-mise-au-point-de-mon-iphone-pour-ne-plus-me-laisser-distraire-au-gymnase\/\"},\"author\":{\"name\":\"Julien\",\"@id\":\"https:\/\/vieassociative.be\/actualites\/#\/schema\/person\/b87ac4f82f9d4e7b7cec7395b679edc4\"},\"headline\":\"Comment utiliser les modes de mise au point de mon iPhone pour ne plus me laisser distraire au gymnase\",\"datePublished\":\"2026-03-10T08:16:59+00:00\",\"dateModified\":\"2026-03-10T08:16:59+00:00\",\"mainEntityOfPage\":{\"@id\":\"https:\/\/vieassociative.be\/actualites\/comment-utiliser-les-modes-de-mise-au-point-de-mon-iphone-pour-ne-plus-me-laisser-distraire-au-gymnase\/\"},\"wordCount\":644,\"publisher\":{\"@id\":\"https:\/\/vieassociative.be\/actualites\/#organization\"},\"image\":{\"@id\":\"https:\/\/vieassociative.be\/actualites\/comment-utiliser-les-modes-de-mise-au-point-de-mon-iphone-pour-ne-plus-me-laisser-distraire-au-gymnase\/#primaryimage\"},\"thumbnailUrl\":\"https:\/\/vieassociative.be\/actualites\/wp-content\/uploads\/2026\/03\/1773130620_Comment-utiliser-les-modes-de-mise-au-point-de-mon.jpg\",\"keywords\":[\"Comment\",\"distraire\",\"gymnase\",\"iPhone\",\"laisser\",\"Les\",\"mise\",\"modes\",\"Mon\",\"point\",\"pour\",\"utiliser\"],\"inLanguage\":\"fr-BE\"},{\"@type\":\"WebPage\",\"@id\":\"https:\/\/vieassociative.be\/actualites\/comment-utiliser-les-modes-de-mise-au-point-de-mon-iphone-pour-ne-plus-me-laisser-distraire-au-gymnase\/\",\"url\":\"https:\/\/vieassociative.be\/actualites\/comment-utiliser-les-modes-de-mise-au-point-de-mon-iphone-pour-ne-plus-me-laisser-distraire-au-gymnase\/\",\"name\":\"Comment utiliser les modes de mise au point de mon iPhone pour ne plus me laisser distraire au gymnase | Vie Associative\",\"isPartOf\":{\"@id\":\"https:\/\/vieassociative.be\/actualites\/#website\"},\"primaryImageOfPage\":{\"@id\":\"https:\/\/vieassociative.be\/actualites\/comment-utiliser-les-modes-de-mise-au-point-de-mon-iphone-pour-ne-plus-me-laisser-distraire-au-gymnase\/#primaryimage\"},\"image\":{\"@id\":\"https:\/\/vieassociative.be\/actualites\/comment-utiliser-les-modes-de-mise-au-point-de-mon-iphone-pour-ne-plus-me-laisser-distraire-au-gymnase\/#primaryimage\"},\"thumbnailUrl\":\"https:\/\/vieassociative.be\/actualites\/wp-content\/uploads\/2026\/03\/1773130620_Comment-utiliser-les-modes-de-mise-au-point-de-mon.jpg\",\"datePublished\":\"2026-03-10T08:16:59+00:00\",\"dateModified\":\"2026-03-10T08:16:59+00:00\",\"breadcrumb\":{\"@id\":\"https:\/\/vieassociative.be\/actualites\/comment-utiliser-les-modes-de-mise-au-point-de-mon-iphone-pour-ne-plus-me-laisser-distraire-au-gymnase\/#breadcrumb\"},\"inLanguage\":\"fr-BE\",\"potentialAction\":[{\"@type\":\"ReadAction\",\"target\":[\"https:\/\/vieassociative.be\/actualites\/comment-utiliser-les-modes-de-mise-au-point-de-mon-iphone-pour-ne-plus-me-laisser-distraire-au-gymnase\/\"]}]},{\"@type\":\"ImageObject\",\"inLanguage\":\"fr-BE\",\"@id\":\"https:\/\/vieassociative.be\/actualites\/comment-utiliser-les-modes-de-mise-au-point-de-mon-iphone-pour-ne-plus-me-laisser-distraire-au-gymnase\/#primaryimage\",\"url\":\"https:\/\/vieassociative.be\/actualites\/wp-content\/uploads\/2026\/03\/1773130620_Comment-utiliser-les-modes-de-mise-au-point-de-mon.jpg\",\"contentUrl\":\"https:\/\/vieassociative.be\/actualites\/wp-content\/uploads\/2026\/03\/1773130620_Comment-utiliser-les-modes-de-mise-au-point-de-mon.jpg\",\"width\":1200,\"height\":675,\"caption\":\"Comment utiliser les modes de mise au point de mon iPhone pour ne plus me laisser distraire au gymnase\"},{\"@type\":\"BreadcrumbList\",\"@id\":\"https:\/\/vieassociative.be\/actualites\/comment-utiliser-les-modes-de-mise-au-point-de-mon-iphone-pour-ne-plus-me-laisser-distraire-au-gymnase\/#breadcrumb\",\"itemListElement\":[{\"@type\":\"ListItem\",\"position\":1,\"name\":\"Accueil\",\"item\":\"https:\/\/vieassociative.be\/actualites\/\"},{\"@type\":\"ListItem\",\"position\":2,\"name\":\"Comment utiliser les modes de mise au point de mon iPhone pour ne plus me laisser distraire au gymnase\"}]},{\"@type\":\"WebSite\",\"@id\":\"https:\/\/vieassociative.be\/actualites\/#website\",\"url\":\"https:\/\/vieassociative.be\/actualites\/\",\"name\":\"Vie Associative\",\"description\":\"\",\"publisher\":{\"@id\":\"https:\/\/vieassociative.be\/actualites\/#organization\"},\"potentialAction\":[{\"@type\":\"SearchAction\",\"target\":{\"@type\":\"EntryPoint\",\"urlTemplate\":\"https:\/\/vieassociative.be\/actualites\/?s={search_term_string}\"},\"query-input\":{\"@type\":\"PropertyValueSpecification\",\"valueRequired\":true,\"valueName\":\"search_term_string\"}}],\"inLanguage\":\"fr-BE\"},{\"@type\":\"Organization\",\"@id\":\"https:\/\/vieassociative.be\/actualites\/#organization\",\"name\":\"Vie Associative\",\"url\":\"https:\/\/vieassociative.be\/actualites\/\",\"logo\":{\"@type\":\"ImageObject\",\"inLanguage\":\"fr-BE\",\"@id\":\"https:\/\/vieassociative.be\/actualites\/#\/schema\/logo\/image\/\",\"url\":\"https:\/\/vieassociative.be\/actualites\/wp-content\/uploads\/2024\/09\/cropped-vieassociative_favicon.ico.png\",\"contentUrl\":\"https:\/\/vieassociative.be\/actualites\/wp-content\/uploads\/2024\/09\/cropped-vieassociative_favicon.ico.png\",\"width\":512,\"height\":512,\"caption\":\"Vie Associative\"},\"image\":{\"@id\":\"https:\/\/vieassociative.be\/actualites\/#\/schema\/logo\/image\/\"}},{\"@type\":\"Person\",\"@id\":\"https:\/\/vieassociative.be\/actualites\/#\/schema\/person\/b87ac4f82f9d4e7b7cec7395b679edc4\",\"name\":\"Julien\",\"image\":{\"@type\":\"ImageObject\",\"inLanguage\":\"fr-BE\",\"@id\":\"https:\/\/vieassociative.be\/actualites\/#\/schema\/person\/image\/\",\"url\":\"https:\/\/vieassociative.be\/actualites\/wp-content\/uploads\/2024\/09\/vie-associative-1-150x150.jpg\",\"contentUrl\":\"https:\/\/vieassociative.be\/actualites\/wp-content\/uploads\/2024\/09\/vie-associative-1-150x150.jpg\",\"caption\":\"Julien\"},\"description\":\"Je suis Julien, r\u00e9dacteur pour Vie Associative. Passionn\u00e9 par le monde associatif depuis plus de 10 ans, j'ai \u00e0 c\u0153ur de partager des histoires inspirantes et de mettre en lumi\u00e8re les initiatives locales. Mon objectif est de sensibiliser et d'encourager l'engagement communautaire \u00e0 travers mes articles.\",\"sameAs\":[\"https:\/\/vieassociative.be\/\"]}]}<\/script>\n<!-- \/ Yoast SEO plugin. -->","yoast_head_json":{"title":"Comment utiliser les modes de mise au point de mon iPhone pour ne plus me laisser distraire au gymnase | Vie Associative","robots":{"index":"index","follow":"follow","max-snippet":"max-snippet:-1","max-image-preview":"max-image-preview:large","max-video-preview":"max-video-preview:-1"},"canonical":"https:\/\/vieassociative.be\/actualites\/comment-utiliser-les-modes-de-mise-au-point-de-mon-iphone-pour-ne-plus-me-laisser-distraire-au-gymnase\/","og_locale":"fr_FR","og_type":"article","og_title":"Comment utiliser les modes de mise au point de mon iPhone pour ne plus me laisser distraire au gymnase | Vie Associative","og_description":"Il existe un st\u00e9r\u00e9otype selon lequel les rats de salle de sport, obs\u00e9d\u00e9s par le t\u00e9l\u00e9phone, monopolisent l&rsquo;\u00e9quipement pendant qu&rsquo;ils \u00ab restent assis l\u00e0 et","og_url":"https:\/\/vieassociative.be\/actualites\/comment-utiliser-les-modes-de-mise-au-point-de-mon-iphone-pour-ne-plus-me-laisser-distraire-au-gymnase\/","og_site_name":"Vie Associative","article_published_time":"2026-03-10T08:16:59+00:00","og_image":[{"url":"https:\/\/vieassociative.be\/actualites\/wp-content\/uploads\/2026\/03\/Comment-utiliser-les-modes-de-mise-au-point-de-mon.jpg","type":"","width":"","height":""}],"author":"Julien","twitter_card":"summary_large_image","twitter_misc":{"\u00c9crit par":"Julien","Dur\u00e9e de lecture est.":"3 minutes"},"schema":{"@context":"https:\/\/schema.org","@graph":[{"@type":"Article","@id":"https:\/\/vieassociative.be\/actualites\/comment-utiliser-les-modes-de-mise-au-point-de-mon-iphone-pour-ne-plus-me-laisser-distraire-au-gymnase\/#article","isPartOf":{"@id":"https:\/\/vieassociative.be\/actualites\/comment-utiliser-les-modes-de-mise-au-point-de-mon-iphone-pour-ne-plus-me-laisser-distraire-au-gymnase\/"},"author":{"name":"Julien","@id":"https:\/\/vieassociative.be\/actualites\/#\/schema\/person\/b87ac4f82f9d4e7b7cec7395b679edc4"},"headline":"Comment utiliser les modes de mise au point de mon iPhone pour ne plus me laisser distraire au gymnase","datePublished":"2026-03-10T08:16:59+00:00","dateModified":"2026-03-10T08:16:59+00:00","mainEntityOfPage":{"@id":"https:\/\/vieassociative.be\/actualites\/comment-utiliser-les-modes-de-mise-au-point-de-mon-iphone-pour-ne-plus-me-laisser-distraire-au-gymnase\/"},"wordCount":644,"publisher":{"@id":"https:\/\/vieassociative.be\/actualites\/#organization"},"image":{"@id":"https:\/\/vieassociative.be\/actualites\/comment-utiliser-les-modes-de-mise-au-point-de-mon-iphone-pour-ne-plus-me-laisser-distraire-au-gymnase\/#primaryimage"},"thumbnailUrl":"https:\/\/vieassociative.be\/actualites\/wp-content\/uploads\/2026\/03\/1773130620_Comment-utiliser-les-modes-de-mise-au-point-de-mon.jpg","keywords":["Comment","distraire","gymnase","iPhone","laisser","Les","mise","modes","Mon","point","pour","utiliser"],"inLanguage":"fr-BE"},{"@type":"WebPage","@id":"https:\/\/vieassociative.be\/actualites\/comment-utiliser-les-modes-de-mise-au-point-de-mon-iphone-pour-ne-plus-me-laisser-distraire-au-gymnase\/","url":"https:\/\/vieassociative.be\/actualites\/comment-utiliser-les-modes-de-mise-au-point-de-mon-iphone-pour-ne-plus-me-laisser-distraire-au-gymnase\/","name":"Comment utiliser les modes de mise au point de mon iPhone pour ne plus me laisser distraire au gymnase | Vie Associative","isPartOf":{"@id":"https:\/\/vieassociative.be\/actualites\/#website"},"primaryImageOfPage":{"@id":"https:\/\/vieassociative.be\/actualites\/comment-utiliser-les-modes-de-mise-au-point-de-mon-iphone-pour-ne-plus-me-laisser-distraire-au-gymnase\/#primaryimage"},"image":{"@id":"https:\/\/vieassociative.be\/actualites\/comment-utiliser-les-modes-de-mise-au-point-de-mon-iphone-pour-ne-plus-me-laisser-distraire-au-gymnase\/#primaryimage"},"thumbnailUrl":"https:\/\/vieassociative.be\/actualites\/wp-content\/uploads\/2026\/03\/1773130620_Comment-utiliser-les-modes-de-mise-au-point-de-mon.jpg","datePublished":"2026-03-10T08:16:59+00:00","dateModified":"2026-03-10T08:16:59+00:00","breadcrumb":{"@id":"https:\/\/vieassociative.be\/actualites\/comment-utiliser-les-modes-de-mise-au-point-de-mon-iphone-pour-ne-plus-me-laisser-distraire-au-gymnase\/#breadcrumb"},"inLanguage":"fr-BE","potentialAction":[{"@type":"ReadAction","target":["https:\/\/vieassociative.be\/actualites\/comment-utiliser-les-modes-de-mise-au-point-de-mon-iphone-pour-ne-plus-me-laisser-distraire-au-gymnase\/"]}]},{"@type":"ImageObject","inLanguage":"fr-BE","@id":"https:\/\/vieassociative.be\/actualites\/comment-utiliser-les-modes-de-mise-au-point-de-mon-iphone-pour-ne-plus-me-laisser-distraire-au-gymnase\/#primaryimage","url":"https:\/\/vieassociative.be\/actualites\/wp-content\/uploads\/2026\/03\/1773130620_Comment-utiliser-les-modes-de-mise-au-point-de-mon.jpg","contentUrl":"https:\/\/vieassociative.be\/actualites\/wp-content\/uploads\/2026\/03\/1773130620_Comment-utiliser-les-modes-de-mise-au-point-de-mon.jpg","width":1200,"height":675,"caption":"Comment utiliser les modes de mise au point de mon iPhone pour ne plus me laisser distraire au gymnase"},{"@type":"BreadcrumbList","@id":"https:\/\/vieassociative.be\/actualites\/comment-utiliser-les-modes-de-mise-au-point-de-mon-iphone-pour-ne-plus-me-laisser-distraire-au-gymnase\/#breadcrumb","itemListElement":[{"@type":"ListItem","position":1,"name":"Accueil","item":"https:\/\/vieassociative.be\/actualites\/"},{"@type":"ListItem","position":2,"name":"Comment utiliser les modes de mise au point de mon iPhone pour ne plus me laisser distraire au gymnase"}]},{"@type":"WebSite","@id":"https:\/\/vieassociative.be\/actualites\/#website","url":"https:\/\/vieassociative.be\/actualites\/","name":"Vie Associative","description":"","publisher":{"@id":"https:\/\/vieassociative.be\/actualites\/#organization"},"potentialAction":[{"@type":"SearchAction","target":{"@type":"EntryPoint","urlTemplate":"https:\/\/vieassociative.be\/actualites\/?s={search_term_string}"},"query-input":{"@type":"PropertyValueSpecification","valueRequired":true,"valueName":"search_term_string"}}],"inLanguage":"fr-BE"},{"@type":"Organization","@id":"https:\/\/vieassociative.be\/actualites\/#organization","name":"Vie Associative","url":"https:\/\/vieassociative.be\/actualites\/","logo":{"@type":"ImageObject","inLanguage":"fr-BE","@id":"https:\/\/vieassociative.be\/actualites\/#\/schema\/logo\/image\/","url":"https:\/\/vieassociative.be\/actualites\/wp-content\/uploads\/2024\/09\/cropped-vieassociative_favicon.ico.png","contentUrl":"https:\/\/vieassociative.be\/actualites\/wp-content\/uploads\/2024\/09\/cropped-vieassociative_favicon.ico.png","width":512,"height":512,"caption":"Vie Associative"},"image":{"@id":"https:\/\/vieassociative.be\/actualites\/#\/schema\/logo\/image\/"}},{"@type":"Person","@id":"https:\/\/vieassociative.be\/actualites\/#\/schema\/person\/b87ac4f82f9d4e7b7cec7395b679edc4","name":"Julien","image":{"@type":"ImageObject","inLanguage":"fr-BE","@id":"https:\/\/vieassociative.be\/actualites\/#\/schema\/person\/image\/","url":"https:\/\/vieassociative.be\/actualites\/wp-content\/uploads\/2024\/09\/vie-associative-1-150x150.jpg","contentUrl":"https:\/\/vieassociative.be\/actualites\/wp-content\/uploads\/2024\/09\/vie-associative-1-150x150.jpg","caption":"Julien"},"description":"Je suis Julien, r\u00e9dacteur pour Vie Associative. Passionn\u00e9 par le monde associatif depuis plus de 10 ans, j'ai \u00e0 c\u0153ur de partager des histoires inspirantes et de mettre en lumi\u00e8re les initiatives locales. Mon objectif est de sensibiliser et d'encourager l'engagement communautaire \u00e0 travers mes articles.","sameAs":["https:\/\/vieassociative.be\/"]}]}},"_links":{"self":[{"href":"https:\/\/vieassociative.be\/actualites\/wp-json\/wp\/v2\/posts\/12959"}],"collection":[{"href":"https:\/\/vieassociative.be\/actualites\/wp-json\/wp\/v2\/posts"}],"about":[{"href":"https:\/\/vieassociative.be\/actualites\/wp-json\/wp\/v2\/types\/post"}],"author":[{"embeddable":true,"href":"https:\/\/vieassociative.be\/actualites\/wp-json\/wp\/v2\/users\/1"}],"replies":[{"embeddable":true,"href":"https:\/\/vieassociative.be\/actualites\/wp-json\/wp\/v2\/comments?post=12959"}],"version-history":[{"count":0,"href":"https:\/\/vieassociative.be\/actualites\/wp-json\/wp\/v2\/posts\/12959\/revisions"}],"wp:featuredmedia":[{"embeddable":true,"href":"https:\/\/vieassociative.be\/actualites\/wp-json\/wp\/v2\/media\/12960"}],"wp:attachment":[{"href":"https:\/\/vieassociative.be\/actualites\/wp-json\/wp\/v2\/media?parent=12959"}],"wp:term":[{"taxonomy":"category","embeddable":true,"href":"https:\/\/vieassociative.be\/actualites\/wp-json\/wp\/v2\/categories?post=12959"},{"taxonomy":"post_tag","embeddable":true,"href":"https:\/\/vieassociative.be\/actualites\/wp-json\/wp\/v2\/tags?post=12959"}],"curies":[{"name":"wp","href":"https:\/\/api.w.org\/{rel}","templated":true}]}}