{"id":12957,"date":"2026-03-10T03:19:17","date_gmt":"2026-03-10T02:19:17","guid":{"rendered":"https:\/\/vieassociative.be\/actualites\/le-guide-de-la-culture-des-enfants-pour-les-adultes-deconnectes-alysa-liu-et-goonbait\/"},"modified":"2026-03-10T03:19:17","modified_gmt":"2026-03-10T02:19:17","slug":"le-guide-de-la-culture-des-enfants-pour-les-adultes-deconnectes-alysa-liu-et-goonbait","status":"publish","type":"post","link":"https:\/\/vieassociative.be\/actualites\/le-guide-de-la-culture-des-enfants-pour-les-adultes-deconnectes-alysa-liu-et-goonbait\/","title":{"rendered":"Le guide de la culture des enfants pour les adultes d\u00e9connect\u00e9s\u00a0: Alysa Liu et \u00ab\u00a0Goonbait\u00a0\u00bb"},"content":{"rendered":"<p>Cette semaine, nous examinons goonbait et RegencyCore, et d\u00e9composons la tristement c\u00e9l\u00e8bre vid\u00e9o du PDG de McDonald&rsquo;s mangeant \u00e0 peine un hamburger. Si tu ne sais m\u00eame pas ce que tout \u00e7a <em>est<\/em>vous \u00eates d\u00e9finitivement au bon endroit, alors laissez-moi m&rsquo;effondrer pour vous. <\/p>\n<h2 id=\"alysa-liu-and-goonbait\">Alysa Liu et goonbait<\/h2>\n<p>Dans l&rsquo;argot des g\u00e9n\u00e9rations Z et A, \u00ab gooning \u00bb fait r\u00e9f\u00e9rence \u00e0 une masturbation prolong\u00e9e sans orgasme, parfois r\u00e9alis\u00e9e dans le but d&rsquo;entrer dans un \u00e9tat de conscience modifi\u00e9. \u00ab\u00a0Goonbait\u00a0\u00bb est essentiellement un m\u00e9dia qui existe pour inspirer les gens. <\/p>\n<p>En parlant de goonbait, il y a quelques semaines, j&rsquo;ai parl\u00e9 de la patineuse artistique m\u00e9daill\u00e9e d&rsquo;or olympique Alysa Liu comme <em>le<\/em> athl\u00e8te h\u00e9ros des g\u00e9n\u00e9rations Z et A. Il n&rsquo;a pas fallu beaucoup de temps \u00e0 certains des membres les plus \u00e9tranges des jeunes g\u00e9n\u00e9rations pour le rendre effrayant. Il s\u2019agit d\u2019une r\u00e9action famili\u00e8re que trop de jeunes ont face aux femmes qui font quoi que ce soit en public. <\/p>\n<p>Le probl\u00e8me est une photo largement partag\u00e9e de Liu regardant avidement sa m\u00e9daille d&rsquo;or, que certains appellent goonbait. Voici un post X qui r\u00e9sume la situation\u00a0: <\/p>\n<blockquote class=\"twitterEmbed twitter-tweet\"><p>\n    <a rel=\"nofollow noopener\" class=\"text-gray-600\" href=\"https:\/\/twitter.com\/NewsBarron\/status\/2024698911743508668\" title=\"open in a new window\" target=\"_blank\"><\/p>\n<p>        Ce Tweet est actuellement indisponible. Il est peut-\u00eatre en cours de chargement ou a \u00e9t\u00e9 supprim\u00e9.<br \/>\n    <\/a>\n<\/p><\/blockquote>\n<p>Cela a inspir\u00e9 beaucoup \u00e0 souligner <a rel=\"nofollow noopener\" href=\"https:\/\/www.twitter.com\/keefsosaB\/status\/2024764089415970966\" target=\"_blank\" title=\"open in a new window\">comme c&rsquo;est effrayant<\/a> et \u00e0 <a rel=\"nofollow noopener\" href=\"https:\/\/www.twitter.com\/_PrezDez_\/status\/2025012309425283254\" target=\"_blank\" title=\"open in a new window\">faire des m\u00e8mes<\/a> de choses qui sont aussi des \u00ab goonbait \u00bb, comme ce qui suit\u00a0:<\/p>\n<blockquote class=\"twitterEmbed twitter-tweet\"><p>\n    <a rel=\"nofollow noopener\" class=\"text-gray-600\" href=\"https:\/\/twitter.com\/tonyhawktruther\/status\/2025227434799362250\" title=\"open in a new window\" target=\"_blank\"><\/p>\n<p>        Ce Tweet est actuellement indisponible. Il est peut-\u00eatre en cours de chargement ou a \u00e9t\u00e9 supprim\u00e9.<br \/>\n    <\/a>\n<\/p><\/blockquote>\n<p>La v\u00e9rit\u00e9 est que les gens avaient l&rsquo;habitude de v\u00e9rifier si une pi\u00e8ce \u00e9tait en or en la marquant avec leurs dents (l&rsquo;or est un m\u00e9tal mou) et les photos d&rsquo;athl\u00e8tes mordant leurs m\u00e9dailles d&rsquo;or sont une tradition olympique qui existe depuis au moins 1992, lorsque le champion de lutte gr\u00e9co-romaine P\u00e9ter Farkas a mordu la sienne pour une photo. Je suis presque s\u00fbr que personne n&rsquo;a qualifi\u00e9 cette photo de goonbait. Depuis lors, on s&rsquo;attend \u00e0 ce que tous les m\u00e9daill\u00e9s prennent cette pose pour les photographies amusantes. Liu semble faire une blague sur cette tradition sur sa photo, sans cr\u00e9er de \u00ab goonbait \u00bb. <\/p>\n<p>Il n\u2019y a pas que les internautes qui sont bizarres \u00e0 propos d\u2019Alysa Liu ; les gens du monde r\u00e9el s\u2019y mettent aussi. Le 4 mars, la patineuse de 20 ans a post\u00e9 une story sur son Instagram avec le texte : \u00ab\u00a0Alors j&rsquo;atterris \u00e0 l&rsquo;a\u00e9roport, et il y a une foule qui attend \u00e0 la sortie avec des cam\u00e9ras et des choses pour que je signe. Le tout dans mon espace personnel. Quelqu&rsquo;un m&rsquo;a poursuivi jusqu&rsquo;\u00e0 ma voiture. S&rsquo;il te pla\u00eet, ne me fais pas \u00e7a.\u00a0\u00bb<\/p>\n<h2 id=\"what-is-regencycore\">Qu&rsquo;est-ce que \u00ab RegencyCore \u00bb\u00a0?<\/h2>\n<p>Esth\u00e9tique de la mode et du design populaire parmi certains membres des g\u00e9n\u00e9rations Z et A, RegencyCore na\u00eet de la popularit\u00e9 du look fantastique-r\u00e9gence de la s\u00e9rie Netflix. <em>La Chronique des Bridgerton<\/em>. Il s&rsquo;inspire du style opulent de la R\u00e9gence britannique du d\u00e9but des ann\u00e9es 1800, mais ajoute un \u00e9l\u00e9ment fantastique de couleurs pastel et d&rsquo;accents dor\u00e9s. <\/p>\n<p>RegencyCore devient un style de vie \u00e0 part enti\u00e8re. Il existe des vid\u00e9os de d\u00e9coration RegencyCore sur TikTok, les go\u00fbters deviennent populaires, les gens portent des corsets et des gants d&rsquo;op\u00e9ra, et certains se sont m\u00eame lanc\u00e9s dans des passe-temps archa\u00efques comme l&rsquo;am\u00e9nagement de tables et l&rsquo;\u00e9criture de lettres, avec des plumes et de la cire \u00e0 cacheter. <\/p>\n<h2 id=\"viral-video-of-the-week-the-mcdonalds-ceo-tastes-his-companys-new-burger\">Vid\u00e9o virale de la semaine : Le PDG de McDonald&rsquo;s d\u00e9guste le nouveau burger de son entreprise<\/h2>\n<p>La semaine derni\u00e8re, le PDG de McDonald&rsquo;s, Chris Kempczinski, a d\u00e9clench\u00e9 une tendance virale mondiale en publiant cette vid\u00e9o\u00a0: <\/p>\n<blockquote class=\"mx-auto instagram-media\" data-instgrm-captioned data-instgrm-permalink=\"https:\/\/www.instagram.com\/p\/DUTZ_ilDl41\/?utm_source=ig_embed&amp;utm_campaign=loading\" data-instgrm-version=\"12\" style=\"background:#FFF;border:0;border-radius:3px;margin-top: 1px;margin-bottom:1px;max-width:540px;min-width:326px;padding:0;width:99.375%;width:-webkit-calc(100% - 2px);width:calc(100% - 2px)\">\n<div style=\"padding:16px\">\n<div style=\"flex-direction: row;align-items: center\">\n<div style=\"background-color: #F4F4F4;border-radius: 50%;flex-grow: 0;height: 40px;margin-right: 14px;width: 40px\"><\/div>\n<div style=\"flex-direction: column;flex-grow: 1;justify-content: center\">\n<div style=\"background-color: #F4F4F4;border-radius: 4px;flex-grow: 0;height: 14px;margin-bottom: 6px;width: 100px\"><\/div>\n<div style=\"background-color: #F4F4F4;border-radius: 4px;flex-grow: 0;height: 14px;width: 60px\"><\/div>\n<\/p><\/div>\n<\/p><\/div>\n<div style=\"padding: 19% 0\"><\/div>\n<div style=\"height:50px;margin:0 auto 12px;width:50px\"><\/div>\n<div style=\"padding-top: 8px\">\n<div class=\"text-sm\" style=\"color:#3897f0;font-family:Arial,sans-serif;font-style:normal;font-weight:550;line-height:18px\">\n<p>                    Voir cette publication sur Instagram\n                <\/p><\/div>\n<\/p><\/div>\n<div style=\"padding: 12.5% 0\"><\/div>\n<div style=\"flex-direction: row;margin-bottom: 14px;align-items: center\">\n<div>\n<div style=\"background-color: #F4F4F4;border-radius: 50%;height: 12.5px;width: 12.5px\"><\/div>\n<div style=\"background-color: #F4F4F4;height: 12.5px;width: 12.5px;flex-grow: 0;margin-right: 14px;margin-left: 2px\"><\/div>\n<div style=\"background-color: #F4F4F4;border-radius: 50%;height: 12.5px;width: 12.5px\"><\/div>\n<\/p><\/div>\n<div style=\"margin-left: 8px\">\n<div style=\"background-color: #F4F4F4;border-radius: 50%;flex-grow: 0;height: 20px;width: 20px\"><\/div>\n<div style=\"width: 0;height: 0;border-top: 2px solid transparent;border-left: 6px solid #f4f4f4;border-bottom: 2px solid transparent\"><\/div>\n<\/p><\/div>\n<div style=\"margin-left: auto\">\n<div style=\"width: 0px;border-top: 8px solid #F4F4F4;border-right: 8px solid transparent\"><\/div>\n<div style=\"background-color: #F4F4F4;flex-grow: 0;height: 12px;width: 16px\"><\/div>\n<div style=\"width: 0;height: 0;border-top: 8px solid #F4F4F4;border-left: 8px solid transparent\"><\/div>\n<\/p><\/div>\n<\/p><\/div>\n<\/p><\/div>\n<\/blockquote>\n<p>Dans le but de promouvoir le nouveau hamburger de l&rsquo;entreprise, le Big Arch (un gros hamburger), Kempczinski d\u00e9clare : \u00ab J&rsquo;adore ce produit \u00bb, \u00ab Je ne sais m\u00eame pas comment l&rsquo;attaquer \u00bb et rassure les t\u00e9l\u00e9spectateurs : \u00ab Je vais manger \u00e7a pour mon d\u00e9jeuner, juste pour que vous le sachiez. \u00bb<\/p>\n<p>\u00ab\u00a0Je suis indemne et je consomme ce produit de mon plein gr\u00e9\u00a0\u00bb, ne dit pas Kempczinski. Mais il prend la plus petite bouch\u00e9e d&rsquo;un hamburger et conclut : \u00ab C&rsquo;est un produit d\u00e9licieux \u00bb, en ressemblant \u00e0 ceci :<\/p>\n<div class=\"eloquent-imagery-image\">\n<div class=\"flex justify-center\">\n                    <img decoding=\"async\" class=\"border border-gray-100\" src=\"https:\/\/vieassociative.be\/actualites\/wp-content\/uploads\/2026\/03\/Le-guide-de-la-culture-des-enfants-pour-les-adultes.png\" alt=\"D\u00e9gustation de la Grande Arche\" width=\"422\" height=\"750\" loading=\"lazy\">\n            <\/div>\n<div class=\"mt-2 font-akshar\">\n                            <span class=\"image-caption block text-sm leading-4 tracking-wide text-(#1F2937)\">\u00ab\u00a0J&rsquo;adore ce produit.\u00a0\u00bb<\/span><br \/>\n                                        <span class=\"mt-1 block font-sans text-xs tracking-normal text-gray-600\">Cr\u00e9dit : @chrisk_mcd \u2013 Instagram<\/span>\n                    <\/div>\n<\/p><\/div>\n<p>Cela soul\u00e8ve tellement de questions. Pourquoi ressemble-t-il \u00e0 une sc\u00e8ne supprim\u00e9e de <em>Facteur de peur<\/em>? Pourquoi y a-t-il une coupure juste apr\u00e8s qu&rsquo;il ait mordu dans le produit, de sorte que nous ne pouvons m\u00eame pas v\u00e9rifier qu&rsquo;il l&rsquo;a mang\u00e9\u00a0? Chris Kempczinski est-il r\u00e9ellement un extraterrestre ? <\/p>\n<p>Les gens l&rsquo;ont remarqu\u00e9 et ont commenc\u00e9 \u00e0 partager la vid\u00e9o pour le tremper. Instagram ne vous donnera pas le nombre de vues, mais la vid\u00e9o compte jusqu&rsquo;\u00e0 225,3 000 likes avec plus de 30 000 commentaires. <\/p>\n<p>D&rsquo;autres PDG de cha\u00eenes de hamburgers ont r\u00e9pondu avec des vid\u00e9os qui semblent dire\u00a0: \u00ab\u00a0Je suis <em>pas<\/em> un extraterrestre envoy\u00e9 sur Terre pour \u00e9tudier les habitudes culinaires des humains. \u00bb Mais ces efforts des millionnaires envers un \u00ab gars ordinaire \u00bb un autre millionnaire sont \u00e9galement \u00e9tranges, de mani\u00e8re plus subtile.<\/p>\n<p>Voici le pr\u00e9sident de Burger King, Tom Curtis. <\/p>\n<blockquote class=\"tiktokEmbed tiktok-embed\" data-video-id=\"7612805160967884063\" style=\"max-width: 605px;min-width: 325px\">\n<section><\/section>\n<\/blockquote>\n<p>Le pr\u00e9sident de Wendy&rsquo;s, Pete Suerken, est all\u00e9 encore plus loin en publiant une vid\u00e9o de lui-m\u00eame. <em>grillage<\/em> un Baconator (un hamburger avec du bacon dessus), puis en a pris une \u00e9norme bouch\u00e9e, mais il a post\u00e9 la vid\u00e9o sur LinkedIn, ce qui est en soi un peu bizarre. <\/p>\n<p>Jack in the Box a r\u00e9alis\u00e9 une vid\u00e9o parodique, mais la bouche de sa mascotte est peinte, donc il n&rsquo;a pas mang\u00e9 le hamburger non plus.<\/p>\n<blockquote class=\"mx-auto instagram-media\" data-instgrm-captioned data-instgrm-permalink=\"https:\/\/www.instagram.com\/p\/DVfFI8ukaXM\/?utm_source=ig_embed&amp;utm_campaign=loading\" data-instgrm-version=\"12\" style=\"background:#FFF;border:0;border-radius:3px;margin-top: 1px;margin-bottom:1px;max-width:540px;min-width:326px;padding:0;width:99.375%;width:-webkit-calc(100% - 2px);width:calc(100% - 2px)\">\n<div style=\"padding:16px\">\n<div style=\"flex-direction: row;align-items: center\">\n<div style=\"background-color: #F4F4F4;border-radius: 50%;flex-grow: 0;height: 40px;margin-right: 14px;width: 40px\"><\/div>\n<div style=\"flex-direction: column;flex-grow: 1;justify-content: center\">\n<div style=\"background-color: #F4F4F4;border-radius: 4px;flex-grow: 0;height: 14px;margin-bottom: 6px;width: 100px\"><\/div>\n<div style=\"background-color: #F4F4F4;border-radius: 4px;flex-grow: 0;height: 14px;width: 60px\"><\/div>\n<\/p><\/div>\n<\/p><\/div>\n<div style=\"padding: 19% 0\"><\/div>\n<div style=\"height:50px;margin:0 auto 12px;width:50px\"><\/div>\n<div style=\"padding-top: 8px\">\n<div class=\"text-sm\" style=\"color:#3897f0;font-family:Arial,sans-serif;font-style:normal;font-weight:550;line-height:18px\">\n<p>                    Voir cette publication sur Instagram\n                <\/p><\/div>\n<\/p><\/div>\n<div style=\"padding: 12.5% 0\"><\/div>\n<div style=\"flex-direction: row;margin-bottom: 14px;align-items: center\">\n<div>\n<div style=\"background-color: #F4F4F4;border-radius: 50%;height: 12.5px;width: 12.5px\"><\/div>\n<div style=\"background-color: #F4F4F4;height: 12.5px;width: 12.5px;flex-grow: 0;margin-right: 14px;margin-left: 2px\"><\/div>\n<div style=\"background-color: #F4F4F4;border-radius: 50%;height: 12.5px;width: 12.5px\"><\/div>\n<\/p><\/div>\n<div style=\"margin-left: 8px\">\n<div style=\"background-color: #F4F4F4;border-radius: 50%;flex-grow: 0;height: 20px;width: 20px\"><\/div>\n<div style=\"width: 0;height: 0;border-top: 2px solid transparent;border-left: 6px solid #f4f4f4;border-bottom: 2px solid transparent\"><\/div>\n<\/p><\/div>\n<div style=\"margin-left: auto\">\n<div style=\"width: 0px;border-top: 8px solid #F4F4F4;border-right: 8px solid transparent\"><\/div>\n<div style=\"background-color: #F4F4F4;flex-grow: 0;height: 12px;width: 16px\"><\/div>\n<div style=\"width: 0;height: 0;border-top: 8px solid #F4F4F4;border-left: 8px solid transparent\"><\/div>\n<\/p><\/div>\n<\/p><\/div>\n<\/p><\/div>\n<\/blockquote>\n<p>A&#038;W Canada a fait une parodie assez dr\u00f4le, mais des points sont d\u00e9duits parce que ce type est un acteur, pas le v\u00e9ritable PDG, et \u00e0 quand remonte la derni\u00e8re fois que quelqu&rsquo;un a mang\u00e9 chez A&#038;W ?<\/p>\n<p>La vid\u00e9o originale soul\u00e8ve une question int\u00e9ressante : et si McDonald&rsquo;s le faisait expr\u00e8s ? M\u00eame si tout le monde appelle Kempczinski \u00ab McNibbles \u00bb, peut-\u00eatre qu&rsquo;il est d&rsquo;accord avec \u00e7a si cela signifie des ventes suppl\u00e9mentaires. S&rsquo;il s&rsquo;agissait d&rsquo;une vid\u00e9o \u00e0 moiti\u00e9 normale, personne ne l&rsquo;aurait partag\u00e9e, mais selon Marketwatch, la vid\u00e9o a \u00e9t\u00e9 visionn\u00e9e plus de 70 millions de fois sous une forme ou une autre, et sa diffusion virale vaut environ 18,4 millions de dollars en valeur de marque pour McDonald&rsquo;s. Si c&rsquo;\u00e9tait expr\u00e8s, c&rsquo;\u00e9tait g\u00e9nial, mais je n&rsquo;y crois pas.<\/p>\n<p>Je ne pense pas que ce soit intentionnel parce que l&rsquo;Instagram de Kempczinski est <em>rempli<\/em> avec des vid\u00e9os de d\u00e9gustation qui ne sont qu&rsquo;environ 8 % moins g\u00eanantes que celle-ci, et l&rsquo;autod\u00e9rision ironique n&rsquo;a jamais \u00e9t\u00e9 le sac de McDonald&rsquo;s &#8211; c&rsquo;est plut\u00f4t un truc de Wendy&rsquo;s. Je ne peux pas non plus imaginer le responsable du marketing dire au PDG : \u00ab Le but de la vid\u00e9o est que vous n&rsquo;aimez pas tellement le hamburger, vous pouvez \u00e0 peine vous r\u00e9soudre \u00e0 le manger \u00bb et esp\u00e9rer conserver son emploi. <\/p>\n<p><script async src=\"https:\/\/platform.twitter.com\/widgets.js\" charset=\"utf-8\"><\/script><script async src=\"\/\/www.instagram.com\/embed.js\"><\/script><script async src=\"\/\/www.tiktok.com\/embed.js\"><\/script><\/p>\n","protected":false},"excerpt":{"rendered":"<p>Cette semaine, nous examinons goonbait et RegencyCore, et d\u00e9composons la tristement c\u00e9l\u00e8bre vid\u00e9o du PDG de McDonald&rsquo;s mangeant \u00e0 peine un hamburger. Si tu ne<\/p>\n","protected":false},"author":1,"featured_media":12958,"comment_status":"","ping_status":"","sticky":false,"template":"","format":"standard","meta":{"footnotes":""},"categories":[36],"tags":[899,10206,2805,2806,29,324,10208,461,14,10207,81],"class_list":["post-12957","post","type-post","status-publish","format-standard","has-post-thumbnail","hentry","category-divertissement","tag-adultes","tag-alysa","tag-culture","tag-deconnectes","tag-des","tag-enfants","tag-goonbait","tag-guide","tag-les","tag-liu","tag-pour","generate-columns","tablet-grid-50","mobile-grid-100","grid-parent","grid-33"],"yoast_head":"<!-- This site is optimized with the Yoast SEO plugin v24.0 - https:\/\/yoast.com\/wordpress\/plugins\/seo\/ -->\n<title>Le guide de la culture des enfants pour les adultes d\u00e9connect\u00e9s\u00a0: Alysa Liu et \u00ab\u00a0Goonbait\u00a0\u00bb | Vie Associative<\/title>\n<meta name=\"robots\" content=\"index, follow, max-snippet:-1, max-image-preview:large, max-video-preview:-1\" \/>\n<link rel=\"canonical\" href=\"https:\/\/vieassociative.be\/actualites\/le-guide-de-la-culture-des-enfants-pour-les-adultes-deconnectes-alysa-liu-et-goonbait\/\" \/>\n<meta property=\"og:locale\" content=\"fr_FR\" \/>\n<meta property=\"og:type\" content=\"article\" \/>\n<meta property=\"og:title\" content=\"Le guide de la culture des enfants pour les adultes d\u00e9connect\u00e9s\u00a0: Alysa Liu et \u00ab\u00a0Goonbait\u00a0\u00bb | Vie Associative\" \/>\n<meta property=\"og:description\" content=\"Cette semaine, nous examinons goonbait et RegencyCore, et d\u00e9composons la tristement c\u00e9l\u00e8bre vid\u00e9o du PDG de McDonald&rsquo;s mangeant \u00e0 peine un hamburger. Si tu ne\" \/>\n<meta property=\"og:url\" content=\"https:\/\/vieassociative.be\/actualites\/le-guide-de-la-culture-des-enfants-pour-les-adultes-deconnectes-alysa-liu-et-goonbait\/\" \/>\n<meta property=\"og:site_name\" content=\"Vie Associative\" \/>\n<meta property=\"article:published_time\" content=\"2026-03-10T02:19:17+00:00\" \/>\n<meta property=\"og:image\" content=\"https:\/\/vieassociative.be\/actualites\/wp-content\/uploads\/2026\/03\/Le-guide-de-la-culture-des-enfants-pour-les-adultes.png\" \/>\n<meta name=\"author\" content=\"Julien\" \/>\n<meta name=\"twitter:card\" content=\"summary_large_image\" \/>\n<meta name=\"twitter:label1\" content=\"\u00c9crit par\" \/>\n\t<meta name=\"twitter:data1\" content=\"Julien\" \/>\n\t<meta name=\"twitter:label2\" content=\"Dur\u00e9e de lecture est.\" \/>\n\t<meta name=\"twitter:data2\" content=\"6 minutes\" \/>\n<script type=\"application\/ld+json\" class=\"yoast-schema-graph\">{\"@context\":\"https:\/\/schema.org\",\"@graph\":[{\"@type\":\"Article\",\"@id\":\"https:\/\/vieassociative.be\/actualites\/le-guide-de-la-culture-des-enfants-pour-les-adultes-deconnectes-alysa-liu-et-goonbait\/#article\",\"isPartOf\":{\"@id\":\"https:\/\/vieassociative.be\/actualites\/le-guide-de-la-culture-des-enfants-pour-les-adultes-deconnectes-alysa-liu-et-goonbait\/\"},\"author\":{\"name\":\"Julien\",\"@id\":\"https:\/\/vieassociative.be\/actualites\/#\/schema\/person\/b87ac4f82f9d4e7b7cec7395b679edc4\"},\"headline\":\"Le guide de la culture des enfants pour les adultes d\u00e9connect\u00e9s\u00a0: Alysa Liu et \u00ab\u00a0Goonbait\u00a0\u00bb\",\"datePublished\":\"2026-03-10T02:19:17+00:00\",\"dateModified\":\"2026-03-10T02:19:17+00:00\",\"mainEntityOfPage\":{\"@id\":\"https:\/\/vieassociative.be\/actualites\/le-guide-de-la-culture-des-enfants-pour-les-adultes-deconnectes-alysa-liu-et-goonbait\/\"},\"wordCount\":1289,\"publisher\":{\"@id\":\"https:\/\/vieassociative.be\/actualites\/#organization\"},\"image\":{\"@id\":\"https:\/\/vieassociative.be\/actualites\/le-guide-de-la-culture-des-enfants-pour-les-adultes-deconnectes-alysa-liu-et-goonbait\/#primaryimage\"},\"thumbnailUrl\":\"https:\/\/vieassociative.be\/actualites\/wp-content\/uploads\/2026\/03\/1773109159_Le-guide-de-la-culture-des-enfants-pour-les-adultes.png\",\"keywords\":[\"adultes\",\"Alysa\",\"culture\",\"d\u00e9connect\u00e9s\",\"Des\",\"enfants\",\"Goonbait\",\"Guide\",\"Les\",\"Liu\",\"pour\"],\"articleSection\":[\"Divertissement\"],\"inLanguage\":\"fr-BE\"},{\"@type\":\"WebPage\",\"@id\":\"https:\/\/vieassociative.be\/actualites\/le-guide-de-la-culture-des-enfants-pour-les-adultes-deconnectes-alysa-liu-et-goonbait\/\",\"url\":\"https:\/\/vieassociative.be\/actualites\/le-guide-de-la-culture-des-enfants-pour-les-adultes-deconnectes-alysa-liu-et-goonbait\/\",\"name\":\"Le guide de la culture des enfants pour les adultes d\u00e9connect\u00e9s\u00a0: Alysa Liu et \u00ab\u00a0Goonbait\u00a0\u00bb | Vie Associative\",\"isPartOf\":{\"@id\":\"https:\/\/vieassociative.be\/actualites\/#website\"},\"primaryImageOfPage\":{\"@id\":\"https:\/\/vieassociative.be\/actualites\/le-guide-de-la-culture-des-enfants-pour-les-adultes-deconnectes-alysa-liu-et-goonbait\/#primaryimage\"},\"image\":{\"@id\":\"https:\/\/vieassociative.be\/actualites\/le-guide-de-la-culture-des-enfants-pour-les-adultes-deconnectes-alysa-liu-et-goonbait\/#primaryimage\"},\"thumbnailUrl\":\"https:\/\/vieassociative.be\/actualites\/wp-content\/uploads\/2026\/03\/1773109159_Le-guide-de-la-culture-des-enfants-pour-les-adultes.png\",\"datePublished\":\"2026-03-10T02:19:17+00:00\",\"dateModified\":\"2026-03-10T02:19:17+00:00\",\"breadcrumb\":{\"@id\":\"https:\/\/vieassociative.be\/actualites\/le-guide-de-la-culture-des-enfants-pour-les-adultes-deconnectes-alysa-liu-et-goonbait\/#breadcrumb\"},\"inLanguage\":\"fr-BE\",\"potentialAction\":[{\"@type\":\"ReadAction\",\"target\":[\"https:\/\/vieassociative.be\/actualites\/le-guide-de-la-culture-des-enfants-pour-les-adultes-deconnectes-alysa-liu-et-goonbait\/\"]}]},{\"@type\":\"ImageObject\",\"inLanguage\":\"fr-BE\",\"@id\":\"https:\/\/vieassociative.be\/actualites\/le-guide-de-la-culture-des-enfants-pour-les-adultes-deconnectes-alysa-liu-et-goonbait\/#primaryimage\",\"url\":\"https:\/\/vieassociative.be\/actualites\/wp-content\/uploads\/2026\/03\/1773109159_Le-guide-de-la-culture-des-enfants-pour-les-adultes.png\",\"contentUrl\":\"https:\/\/vieassociative.be\/actualites\/wp-content\/uploads\/2026\/03\/1773109159_Le-guide-de-la-culture-des-enfants-pour-les-adultes.png\",\"width\":1200,\"height\":675,\"caption\":\"Le guide de la culture des enfants pour les adultes d\u00e9connect\u00e9s\u00a0: Alysa Liu et \u00ab\u00a0Goonbait\u00a0\u00bb\"},{\"@type\":\"BreadcrumbList\",\"@id\":\"https:\/\/vieassociative.be\/actualites\/le-guide-de-la-culture-des-enfants-pour-les-adultes-deconnectes-alysa-liu-et-goonbait\/#breadcrumb\",\"itemListElement\":[{\"@type\":\"ListItem\",\"position\":1,\"name\":\"Accueil\",\"item\":\"https:\/\/vieassociative.be\/actualites\/\"},{\"@type\":\"ListItem\",\"position\":2,\"name\":\"Le guide de la culture des enfants pour les adultes d\u00e9connect\u00e9s\u00a0: Alysa Liu et \u00ab\u00a0Goonbait\u00a0\u00bb\"}]},{\"@type\":\"WebSite\",\"@id\":\"https:\/\/vieassociative.be\/actualites\/#website\",\"url\":\"https:\/\/vieassociative.be\/actualites\/\",\"name\":\"Vie Associative\",\"description\":\"\",\"publisher\":{\"@id\":\"https:\/\/vieassociative.be\/actualites\/#organization\"},\"potentialAction\":[{\"@type\":\"SearchAction\",\"target\":{\"@type\":\"EntryPoint\",\"urlTemplate\":\"https:\/\/vieassociative.be\/actualites\/?s={search_term_string}\"},\"query-input\":{\"@type\":\"PropertyValueSpecification\",\"valueRequired\":true,\"valueName\":\"search_term_string\"}}],\"inLanguage\":\"fr-BE\"},{\"@type\":\"Organization\",\"@id\":\"https:\/\/vieassociative.be\/actualites\/#organization\",\"name\":\"Vie Associative\",\"url\":\"https:\/\/vieassociative.be\/actualites\/\",\"logo\":{\"@type\":\"ImageObject\",\"inLanguage\":\"fr-BE\",\"@id\":\"https:\/\/vieassociative.be\/actualites\/#\/schema\/logo\/image\/\",\"url\":\"https:\/\/vieassociative.be\/actualites\/wp-content\/uploads\/2024\/09\/cropped-vieassociative_favicon.ico.png\",\"contentUrl\":\"https:\/\/vieassociative.be\/actualites\/wp-content\/uploads\/2024\/09\/cropped-vieassociative_favicon.ico.png\",\"width\":512,\"height\":512,\"caption\":\"Vie Associative\"},\"image\":{\"@id\":\"https:\/\/vieassociative.be\/actualites\/#\/schema\/logo\/image\/\"}},{\"@type\":\"Person\",\"@id\":\"https:\/\/vieassociative.be\/actualites\/#\/schema\/person\/b87ac4f82f9d4e7b7cec7395b679edc4\",\"name\":\"Julien\",\"image\":{\"@type\":\"ImageObject\",\"inLanguage\":\"fr-BE\",\"@id\":\"https:\/\/vieassociative.be\/actualites\/#\/schema\/person\/image\/\",\"url\":\"https:\/\/vieassociative.be\/actualites\/wp-content\/uploads\/2024\/09\/vie-associative-1-150x150.jpg\",\"contentUrl\":\"https:\/\/vieassociative.be\/actualites\/wp-content\/uploads\/2024\/09\/vie-associative-1-150x150.jpg\",\"caption\":\"Julien\"},\"description\":\"Je suis Julien, r\u00e9dacteur pour Vie Associative. Passionn\u00e9 par le monde associatif depuis plus de 10 ans, j'ai \u00e0 c\u0153ur de partager des histoires inspirantes et de mettre en lumi\u00e8re les initiatives locales. Mon objectif est de sensibiliser et d'encourager l'engagement communautaire \u00e0 travers mes articles.\",\"sameAs\":[\"https:\/\/vieassociative.be\/\"]}]}<\/script>\n<!-- \/ Yoast SEO plugin. -->","yoast_head_json":{"title":"Le guide de la culture des enfants pour les adultes d\u00e9connect\u00e9s\u00a0: Alysa Liu et \u00ab\u00a0Goonbait\u00a0\u00bb | Vie Associative","robots":{"index":"index","follow":"follow","max-snippet":"max-snippet:-1","max-image-preview":"max-image-preview:large","max-video-preview":"max-video-preview:-1"},"canonical":"https:\/\/vieassociative.be\/actualites\/le-guide-de-la-culture-des-enfants-pour-les-adultes-deconnectes-alysa-liu-et-goonbait\/","og_locale":"fr_FR","og_type":"article","og_title":"Le guide de la culture des enfants pour les adultes d\u00e9connect\u00e9s\u00a0: Alysa Liu et \u00ab\u00a0Goonbait\u00a0\u00bb | Vie Associative","og_description":"Cette semaine, nous examinons goonbait et RegencyCore, et d\u00e9composons la tristement c\u00e9l\u00e8bre vid\u00e9o du PDG de McDonald&rsquo;s mangeant \u00e0 peine un hamburger. Si tu ne","og_url":"https:\/\/vieassociative.be\/actualites\/le-guide-de-la-culture-des-enfants-pour-les-adultes-deconnectes-alysa-liu-et-goonbait\/","og_site_name":"Vie Associative","article_published_time":"2026-03-10T02:19:17+00:00","og_image":[{"url":"https:\/\/vieassociative.be\/actualites\/wp-content\/uploads\/2026\/03\/Le-guide-de-la-culture-des-enfants-pour-les-adultes.png","type":"","width":"","height":""}],"author":"Julien","twitter_card":"summary_large_image","twitter_misc":{"\u00c9crit par":"Julien","Dur\u00e9e de lecture est.":"6 minutes"},"schema":{"@context":"https:\/\/schema.org","@graph":[{"@type":"Article","@id":"https:\/\/vieassociative.be\/actualites\/le-guide-de-la-culture-des-enfants-pour-les-adultes-deconnectes-alysa-liu-et-goonbait\/#article","isPartOf":{"@id":"https:\/\/vieassociative.be\/actualites\/le-guide-de-la-culture-des-enfants-pour-les-adultes-deconnectes-alysa-liu-et-goonbait\/"},"author":{"name":"Julien","@id":"https:\/\/vieassociative.be\/actualites\/#\/schema\/person\/b87ac4f82f9d4e7b7cec7395b679edc4"},"headline":"Le guide de la culture des enfants pour les adultes d\u00e9connect\u00e9s\u00a0: Alysa Liu et \u00ab\u00a0Goonbait\u00a0\u00bb","datePublished":"2026-03-10T02:19:17+00:00","dateModified":"2026-03-10T02:19:17+00:00","mainEntityOfPage":{"@id":"https:\/\/vieassociative.be\/actualites\/le-guide-de-la-culture-des-enfants-pour-les-adultes-deconnectes-alysa-liu-et-goonbait\/"},"wordCount":1289,"publisher":{"@id":"https:\/\/vieassociative.be\/actualites\/#organization"},"image":{"@id":"https:\/\/vieassociative.be\/actualites\/le-guide-de-la-culture-des-enfants-pour-les-adultes-deconnectes-alysa-liu-et-goonbait\/#primaryimage"},"thumbnailUrl":"https:\/\/vieassociative.be\/actualites\/wp-content\/uploads\/2026\/03\/1773109159_Le-guide-de-la-culture-des-enfants-pour-les-adultes.png","keywords":["adultes","Alysa","culture","d\u00e9connect\u00e9s","Des","enfants","Goonbait","Guide","Les","Liu","pour"],"articleSection":["Divertissement"],"inLanguage":"fr-BE"},{"@type":"WebPage","@id":"https:\/\/vieassociative.be\/actualites\/le-guide-de-la-culture-des-enfants-pour-les-adultes-deconnectes-alysa-liu-et-goonbait\/","url":"https:\/\/vieassociative.be\/actualites\/le-guide-de-la-culture-des-enfants-pour-les-adultes-deconnectes-alysa-liu-et-goonbait\/","name":"Le guide de la culture des enfants pour les adultes d\u00e9connect\u00e9s\u00a0: Alysa Liu et \u00ab\u00a0Goonbait\u00a0\u00bb | Vie Associative","isPartOf":{"@id":"https:\/\/vieassociative.be\/actualites\/#website"},"primaryImageOfPage":{"@id":"https:\/\/vieassociative.be\/actualites\/le-guide-de-la-culture-des-enfants-pour-les-adultes-deconnectes-alysa-liu-et-goonbait\/#primaryimage"},"image":{"@id":"https:\/\/vieassociative.be\/actualites\/le-guide-de-la-culture-des-enfants-pour-les-adultes-deconnectes-alysa-liu-et-goonbait\/#primaryimage"},"thumbnailUrl":"https:\/\/vieassociative.be\/actualites\/wp-content\/uploads\/2026\/03\/1773109159_Le-guide-de-la-culture-des-enfants-pour-les-adultes.png","datePublished":"2026-03-10T02:19:17+00:00","dateModified":"2026-03-10T02:19:17+00:00","breadcrumb":{"@id":"https:\/\/vieassociative.be\/actualites\/le-guide-de-la-culture-des-enfants-pour-les-adultes-deconnectes-alysa-liu-et-goonbait\/#breadcrumb"},"inLanguage":"fr-BE","potentialAction":[{"@type":"ReadAction","target":["https:\/\/vieassociative.be\/actualites\/le-guide-de-la-culture-des-enfants-pour-les-adultes-deconnectes-alysa-liu-et-goonbait\/"]}]},{"@type":"ImageObject","inLanguage":"fr-BE","@id":"https:\/\/vieassociative.be\/actualites\/le-guide-de-la-culture-des-enfants-pour-les-adultes-deconnectes-alysa-liu-et-goonbait\/#primaryimage","url":"https:\/\/vieassociative.be\/actualites\/wp-content\/uploads\/2026\/03\/1773109159_Le-guide-de-la-culture-des-enfants-pour-les-adultes.png","contentUrl":"https:\/\/vieassociative.be\/actualites\/wp-content\/uploads\/2026\/03\/1773109159_Le-guide-de-la-culture-des-enfants-pour-les-adultes.png","width":1200,"height":675,"caption":"Le guide de la culture des enfants pour les adultes d\u00e9connect\u00e9s\u00a0: Alysa Liu et \u00ab\u00a0Goonbait\u00a0\u00bb"},{"@type":"BreadcrumbList","@id":"https:\/\/vieassociative.be\/actualites\/le-guide-de-la-culture-des-enfants-pour-les-adultes-deconnectes-alysa-liu-et-goonbait\/#breadcrumb","itemListElement":[{"@type":"ListItem","position":1,"name":"Accueil","item":"https:\/\/vieassociative.be\/actualites\/"},{"@type":"ListItem","position":2,"name":"Le guide de la culture des enfants pour les adultes d\u00e9connect\u00e9s\u00a0: Alysa Liu et \u00ab\u00a0Goonbait\u00a0\u00bb"}]},{"@type":"WebSite","@id":"https:\/\/vieassociative.be\/actualites\/#website","url":"https:\/\/vieassociative.be\/actualites\/","name":"Vie Associative","description":"","publisher":{"@id":"https:\/\/vieassociative.be\/actualites\/#organization"},"potentialAction":[{"@type":"SearchAction","target":{"@type":"EntryPoint","urlTemplate":"https:\/\/vieassociative.be\/actualites\/?s={search_term_string}"},"query-input":{"@type":"PropertyValueSpecification","valueRequired":true,"valueName":"search_term_string"}}],"inLanguage":"fr-BE"},{"@type":"Organization","@id":"https:\/\/vieassociative.be\/actualites\/#organization","name":"Vie Associative","url":"https:\/\/vieassociative.be\/actualites\/","logo":{"@type":"ImageObject","inLanguage":"fr-BE","@id":"https:\/\/vieassociative.be\/actualites\/#\/schema\/logo\/image\/","url":"https:\/\/vieassociative.be\/actualites\/wp-content\/uploads\/2024\/09\/cropped-vieassociative_favicon.ico.png","contentUrl":"https:\/\/vieassociative.be\/actualites\/wp-content\/uploads\/2024\/09\/cropped-vieassociative_favicon.ico.png","width":512,"height":512,"caption":"Vie Associative"},"image":{"@id":"https:\/\/vieassociative.be\/actualites\/#\/schema\/logo\/image\/"}},{"@type":"Person","@id":"https:\/\/vieassociative.be\/actualites\/#\/schema\/person\/b87ac4f82f9d4e7b7cec7395b679edc4","name":"Julien","image":{"@type":"ImageObject","inLanguage":"fr-BE","@id":"https:\/\/vieassociative.be\/actualites\/#\/schema\/person\/image\/","url":"https:\/\/vieassociative.be\/actualites\/wp-content\/uploads\/2024\/09\/vie-associative-1-150x150.jpg","contentUrl":"https:\/\/vieassociative.be\/actualites\/wp-content\/uploads\/2024\/09\/vie-associative-1-150x150.jpg","caption":"Julien"},"description":"Je suis Julien, r\u00e9dacteur pour Vie Associative. Passionn\u00e9 par le monde associatif depuis plus de 10 ans, j'ai \u00e0 c\u0153ur de partager des histoires inspirantes et de mettre en lumi\u00e8re les initiatives locales. Mon objectif est de sensibiliser et d'encourager l'engagement communautaire \u00e0 travers mes articles.","sameAs":["https:\/\/vieassociative.be\/"]}]}},"_links":{"self":[{"href":"https:\/\/vieassociative.be\/actualites\/wp-json\/wp\/v2\/posts\/12957"}],"collection":[{"href":"https:\/\/vieassociative.be\/actualites\/wp-json\/wp\/v2\/posts"}],"about":[{"href":"https:\/\/vieassociative.be\/actualites\/wp-json\/wp\/v2\/types\/post"}],"author":[{"embeddable":true,"href":"https:\/\/vieassociative.be\/actualites\/wp-json\/wp\/v2\/users\/1"}],"replies":[{"embeddable":true,"href":"https:\/\/vieassociative.be\/actualites\/wp-json\/wp\/v2\/comments?post=12957"}],"version-history":[{"count":0,"href":"https:\/\/vieassociative.be\/actualites\/wp-json\/wp\/v2\/posts\/12957\/revisions"}],"wp:featuredmedia":[{"embeddable":true,"href":"https:\/\/vieassociative.be\/actualites\/wp-json\/wp\/v2\/media\/12958"}],"wp:attachment":[{"href":"https:\/\/vieassociative.be\/actualites\/wp-json\/wp\/v2\/media?parent=12957"}],"wp:term":[{"taxonomy":"category","embeddable":true,"href":"https:\/\/vieassociative.be\/actualites\/wp-json\/wp\/v2\/categories?post=12957"},{"taxonomy":"post_tag","embeddable":true,"href":"https:\/\/vieassociative.be\/actualites\/wp-json\/wp\/v2\/tags?post=12957"}],"curies":[{"name":"wp","href":"https:\/\/api.w.org\/{rel}","templated":true}]}}