{"id":12955,"date":"2026-03-09T22:17:10","date_gmt":"2026-03-09T21:17:10","guid":{"rendered":"https:\/\/vieassociative.be\/actualites\/une-boule-de-feu-impressionnante-egalement-au-dessus-de-lest-de-la-belgique-une-partie-dune-meteorite-endommage-le-toit-dune-maison-a-coblence\/"},"modified":"2026-03-09T22:17:10","modified_gmt":"2026-03-09T21:17:10","slug":"une-boule-de-feu-impressionnante-egalement-au-dessus-de-lest-de-la-belgique-une-partie-dune-meteorite-endommage-le-toit-dune-maison-a-coblence","status":"publish","type":"post","link":"https:\/\/vieassociative.be\/actualites\/une-boule-de-feu-impressionnante-egalement-au-dessus-de-lest-de-la-belgique-une-partie-dune-meteorite-endommage-le-toit-dune-maison-a-coblence\/","title":{"rendered":"Une boule de feu impressionnante \u00e9galement au-dessus de l&rsquo;est de la Belgique &#8211; une partie d&rsquo;une m\u00e9t\u00e9orite endommage le toit d&rsquo;une maison \u00e0 Coblence"},"content":{"rendered":"<p><strong>Une impressionnante boule de feu a balay\u00e9 notre pays dimanche soir et a surpris de nombreux habitants de l&rsquo;Est de la Belgique. Le ph\u00e9nom\u00e8ne lumineux, visible seulement quelques secondes, n\u2019est pas pass\u00e9 inaper\u00e7u et a d\u00e9clench\u00e9 un flot de r\u00e9actions.<\/strong><\/p>\n<p><span id=\"more-437445\"><\/span>De nombreux t\u00e9moignages oculaires sont rapidement apparus sur les r\u00e9seaux sociaux. \u00ab Cela ressemblait \u00e0 une fus\u00e9e traversant le ciel \u00bb, raconte un t\u00e9moin, toujours impressionn\u00e9 par ce spectacle.<\/p>\n<p>D&rsquo;autres r\u00e9sidents ont \u00e9galement \u00e9t\u00e9 impressionn\u00e9s par l&rsquo;intensit\u00e9 de la lumi\u00e8re. \u00ab On a eu tr\u00e8s peur, le ballon \u00e9tait \u00e9norme et tr\u00e8s lumineux \u00bb, rapporte un habitant. Certains pensaient m\u00eame qu\u2019un objet \u00e0 proximit\u00e9 allait s\u2019\u00e9craser. \u00abJe pensais que \u00e7a allait tomber sur ma maison\u00bb, explique un habitant qui regardait la sc\u00e8ne depuis sa terrasse.<\/p>\n<div id=\"attachment_437449\" class=\"wp-caption alignleft\" style=\"max-width: 300px\"><img fetchpriority=\"high\" decoding=\"async\" class=\"wp-image-437449 size-medium\" src=\"https:\/\/vieassociative.be\/actualites\/wp-content\/uploads\/2026\/03\/Une-boule-de-feu-impressionnante-egalement-au-dessus-de-lest-de.jpg\" alt=\"\" width=\"300\" height=\"200\"><\/div>\n<p>Pour Emmanuel Jehin, astrophysicien \u00e0 l&rsquo;Universit\u00e9 de Li\u00e8ge, le ph\u00e9nom\u00e8ne peut d\u00e9j\u00e0 \u00eatre identifi\u00e9 gr\u00e2ce aux images et descriptions recueillies. \u00ab\u00a0Si vous regardez la vid\u00e9o, il s&rsquo;agit clairement d&rsquo;une m\u00e9t\u00e9orite. Cela se voit \u00e0 la vitesse extr\u00eamement \u00e9lev\u00e9e \u00e0 laquelle l&rsquo;objet p\u00e9n\u00e8tre dans l&rsquo;atmosph\u00e8re et \u00e0 la mani\u00e8re dont il explose. Cependant, on ne peut pas encore totalement exclure qu&rsquo;il s&rsquo;agisse de d\u00e9bris spatiaux, comme un \u00e9tage de fus\u00e9e ou un satellite\u00a0\u00bb, a expliqu\u00e9 l&rsquo;expert \u00e0 Sudinfo. En entrant dans l\u2019atmosph\u00e8re, l\u2019astre s\u2019est bris\u00e9 en de nombreux morceaux tout au long de sa trajectoire.<\/p>\n<p><strong>\u2013 Une partie d\u2019une m\u00e9t\u00e9orite endommage le toit d\u2019une maison en Rh\u00e9nanie-Palatinat :<\/strong> Un morceau de m\u00e9t\u00e9orite a endommag\u00e9 le toit d&rsquo;une maison \u00e0 Coblence, en Rh\u00e9nanie-Palatinat. Selon l&rsquo;Office national de protection contre les incendies et les catastrophes, l&rsquo;impact de dimanche soir a cr\u00e9\u00e9 un trou de la taille d&rsquo;un ballon de football. La m\u00e9t\u00e9orite a d&rsquo;abord touch\u00e9 le toit, puis la chambre de la maison, mais personne n&rsquo;a \u00e9t\u00e9 bless\u00e9. \u00ab\u00a0Il y avait aussi des gens dans le b\u00e2timent, mais pas dans cette pi\u00e8ce\u00a0\u00bb, a d\u00e9clar\u00e9 Benjamin Marx, responsable des op\u00e9rations des pompiers de Coblence.<\/p>\n<div id=\"attachment_437450\" class=\"wp-caption alignleft\" style=\"max-width: 300px\"><img decoding=\"async\" class=\"wp-image-437450 size-medium\" src=\"https:\/\/vieassociative.be\/actualites\/wp-content\/uploads\/2026\/03\/1773091030_779_Une-boule-de-feu-impressionnante-egalement-au-dessus-de-lest-de.jpg\" alt=\"\" width=\"300\" height=\"197\"><\/div>\n<p>Les d\u00e9g\u00e2ts seront r\u00e9\u00e9valu\u00e9s ce lundi \u00e0 la lumi\u00e8re du jour. La question de savoir ce qui reste de la partie m\u00e9t\u00e9orite est \u00e9galement ouverte. D&rsquo;autres d\u00e9g\u00e2ts provenant d&rsquo;autres endroits n&rsquo;\u00e9taient initialement pas connus.<\/p>\n<p>\u00ab\u00a0Il a \u00e9t\u00e9 confirm\u00e9 que nous avions survol\u00e9 la Rh\u00e9nanie-Palatinat une m\u00e9t\u00e9orite qui s&rsquo;\u00e9tait divis\u00e9e. Il y a eu plusieurs chutes en Rh\u00e9nanie-Palatinat et un impact sur un immeuble d&rsquo;habitation ici\u00a0\u00bb, a d\u00e9clar\u00e9 Marx.<\/p>\n<p><strong>\u2013 Les impacts de m\u00e9t\u00e9orites se produisent rarement\u00a0:<\/strong> Lorsqu\u2019un ast\u00e9ro\u00efde heurte l\u2019atmosph\u00e8re terrestre, il se brise souvent en plusieurs petits morceaux. Certains d\u2019entre eux br\u00fblent, d\u2019autres finissent sur terre. Ces morceaux sont appel\u00e9s m\u00e9t\u00e9orites. Selon les experts, les m\u00e9t\u00e9orites proviennent g\u00e9n\u00e9ralement de la ceinture d\u2019ast\u00e9ro\u00efdes situ\u00e9e entre Mars et Jupiter et peuvent \u00eatre vieilles de plusieurs milliards d\u2019ann\u00e9es. Ce sont des vestiges de la formation de notre syst\u00e8me solaire. Les impacts de m\u00e9t\u00e9orites sur Terre sont tr\u00e8s rares. (cr\u00e9\/dpa)<\/p>\n","protected":false},"excerpt":{"rendered":"<p>Une impressionnante boule de feu a balay\u00e9 notre pays dimanche soir et a surpris de nombreux habitants de l&rsquo;Est de la Belgique. Le ph\u00e9nom\u00e8ne lumineux,<\/p>\n","protected":false},"author":1,"featured_media":12956,"comment_status":"","ping_status":"","sticky":false,"template":"","format":"standard","meta":{"footnotes":""},"categories":[298],"tags":[9126,383,10200,10205,698,172,10203,2114,10201,560,10202,1663,10204,110],"class_list":["post-12955","post","type-post","status-publish","format-standard","has-post-thumbnail","hentry","category-belgique","tag-audessus","tag-belgique","tag-boule","tag-coblence","tag-dune","tag-egalement","tag-endommage","tag-feu","tag-impressionnante","tag-maison","tag-meteorite","tag-partie","tag-toit","tag-une","generate-columns","tablet-grid-50","mobile-grid-100","grid-parent","grid-33"],"yoast_head":"<!-- This site is optimized with the Yoast SEO plugin v24.0 - https:\/\/yoast.com\/wordpress\/plugins\/seo\/ -->\n<title>Une boule de feu impressionnante \u00e9galement au-dessus de l&#039;est de la Belgique - une partie d&#039;une m\u00e9t\u00e9orite endommage le toit d&#039;une maison \u00e0 Coblence | Vie Associative<\/title>\n<meta name=\"robots\" content=\"index, follow, max-snippet:-1, max-image-preview:large, max-video-preview:-1\" \/>\n<link rel=\"canonical\" href=\"https:\/\/vieassociative.be\/actualites\/une-boule-de-feu-impressionnante-egalement-au-dessus-de-lest-de-la-belgique-une-partie-dune-meteorite-endommage-le-toit-dune-maison-a-coblence\/\" \/>\n<meta property=\"og:locale\" content=\"fr_FR\" \/>\n<meta property=\"og:type\" content=\"article\" \/>\n<meta property=\"og:title\" content=\"Une boule de feu impressionnante \u00e9galement au-dessus de l&#039;est de la Belgique - une partie d&#039;une m\u00e9t\u00e9orite endommage le toit d&#039;une maison \u00e0 Coblence | Vie Associative\" \/>\n<meta property=\"og:description\" content=\"Une impressionnante boule de feu a balay\u00e9 notre pays dimanche soir et a surpris de nombreux habitants de l&rsquo;Est de la Belgique. Le ph\u00e9nom\u00e8ne lumineux,\" \/>\n<meta property=\"og:url\" content=\"https:\/\/vieassociative.be\/actualites\/une-boule-de-feu-impressionnante-egalement-au-dessus-de-lest-de-la-belgique-une-partie-dune-meteorite-endommage-le-toit-dune-maison-a-coblence\/\" \/>\n<meta property=\"og:site_name\" content=\"Vie Associative\" \/>\n<meta property=\"article:published_time\" content=\"2026-03-09T21:17:10+00:00\" \/>\n<meta property=\"og:image\" content=\"https:\/\/vieassociative.be\/actualites\/wp-content\/uploads\/2024\/09\/header_backgroundk-01-e1726694325946.png\" \/>\n\t<meta property=\"og:image:width\" content=\"279\" \/>\n\t<meta property=\"og:image:height\" content=\"92\" \/>\n\t<meta property=\"og:image:type\" content=\"image\/png\" \/>\n<meta name=\"author\" content=\"Julien\" \/>\n<meta name=\"twitter:card\" content=\"summary_large_image\" \/>\n<meta name=\"twitter:label1\" content=\"\u00c9crit par\" \/>\n\t<meta name=\"twitter:data1\" content=\"Julien\" \/>\n\t<meta name=\"twitter:label2\" content=\"Dur\u00e9e de lecture est.\" \/>\n\t<meta name=\"twitter:data2\" content=\"3 minutes\" \/>\n<script type=\"application\/ld+json\" class=\"yoast-schema-graph\">{\"@context\":\"https:\/\/schema.org\",\"@graph\":[{\"@type\":\"Article\",\"@id\":\"https:\/\/vieassociative.be\/actualites\/une-boule-de-feu-impressionnante-egalement-au-dessus-de-lest-de-la-belgique-une-partie-dune-meteorite-endommage-le-toit-dune-maison-a-coblence\/#article\",\"isPartOf\":{\"@id\":\"https:\/\/vieassociative.be\/actualites\/une-boule-de-feu-impressionnante-egalement-au-dessus-de-lest-de-la-belgique-une-partie-dune-meteorite-endommage-le-toit-dune-maison-a-coblence\/\"},\"author\":{\"name\":\"Julien\",\"@id\":\"https:\/\/vieassociative.be\/actualites\/#\/schema\/person\/b87ac4f82f9d4e7b7cec7395b679edc4\"},\"headline\":\"Une boule de feu impressionnante \u00e9galement au-dessus de l&rsquo;est de la Belgique &#8211; une partie d&rsquo;une m\u00e9t\u00e9orite endommage le toit d&rsquo;une maison \u00e0 Coblence\",\"datePublished\":\"2026-03-09T21:17:10+00:00\",\"dateModified\":\"2026-03-09T21:17:10+00:00\",\"mainEntityOfPage\":{\"@id\":\"https:\/\/vieassociative.be\/actualites\/une-boule-de-feu-impressionnante-egalement-au-dessus-de-lest-de-la-belgique-une-partie-dune-meteorite-endommage-le-toit-dune-maison-a-coblence\/\"},\"wordCount\":592,\"publisher\":{\"@id\":\"https:\/\/vieassociative.be\/actualites\/#organization\"},\"image\":{\"@id\":\"https:\/\/vieassociative.be\/actualites\/une-boule-de-feu-impressionnante-egalement-au-dessus-de-lest-de-la-belgique-une-partie-dune-meteorite-endommage-le-toit-dune-maison-a-coblence\/#primaryimage\"},\"thumbnailUrl\":\"https:\/\/vieassociative.be\/actualites\/wp-content\/uploads\/2026\/03\/1773091031_Une-boule-de-feu-impressionnante-egalement-au-dessus-de-lest-de.jpg\",\"keywords\":[\"audessus\",\"Belgique\",\"boule\",\"Coblence\",\"dune\",\"\u00e9galement\",\"endommage\",\"feu\",\"impressionnante\",\"maison\",\"m\u00e9t\u00e9orite\",\"partie\",\"toit\",\"une\"],\"articleSection\":[\"Belgique\"],\"inLanguage\":\"fr-BE\"},{\"@type\":\"WebPage\",\"@id\":\"https:\/\/vieassociative.be\/actualites\/une-boule-de-feu-impressionnante-egalement-au-dessus-de-lest-de-la-belgique-une-partie-dune-meteorite-endommage-le-toit-dune-maison-a-coblence\/\",\"url\":\"https:\/\/vieassociative.be\/actualites\/une-boule-de-feu-impressionnante-egalement-au-dessus-de-lest-de-la-belgique-une-partie-dune-meteorite-endommage-le-toit-dune-maison-a-coblence\/\",\"name\":\"Une boule de feu impressionnante \u00e9galement au-dessus de l'est de la Belgique - une partie d'une m\u00e9t\u00e9orite endommage le toit d'une maison \u00e0 Coblence | Vie Associative\",\"isPartOf\":{\"@id\":\"https:\/\/vieassociative.be\/actualites\/#website\"},\"primaryImageOfPage\":{\"@id\":\"https:\/\/vieassociative.be\/actualites\/une-boule-de-feu-impressionnante-egalement-au-dessus-de-lest-de-la-belgique-une-partie-dune-meteorite-endommage-le-toit-dune-maison-a-coblence\/#primaryimage\"},\"image\":{\"@id\":\"https:\/\/vieassociative.be\/actualites\/une-boule-de-feu-impressionnante-egalement-au-dessus-de-lest-de-la-belgique-une-partie-dune-meteorite-endommage-le-toit-dune-maison-a-coblence\/#primaryimage\"},\"thumbnailUrl\":\"https:\/\/vieassociative.be\/actualites\/wp-content\/uploads\/2026\/03\/1773091031_Une-boule-de-feu-impressionnante-egalement-au-dessus-de-lest-de.jpg\",\"datePublished\":\"2026-03-09T21:17:10+00:00\",\"dateModified\":\"2026-03-09T21:17:10+00:00\",\"breadcrumb\":{\"@id\":\"https:\/\/vieassociative.be\/actualites\/une-boule-de-feu-impressionnante-egalement-au-dessus-de-lest-de-la-belgique-une-partie-dune-meteorite-endommage-le-toit-dune-maison-a-coblence\/#breadcrumb\"},\"inLanguage\":\"fr-BE\",\"potentialAction\":[{\"@type\":\"ReadAction\",\"target\":[\"https:\/\/vieassociative.be\/actualites\/une-boule-de-feu-impressionnante-egalement-au-dessus-de-lest-de-la-belgique-une-partie-dune-meteorite-endommage-le-toit-dune-maison-a-coblence\/\"]}]},{\"@type\":\"ImageObject\",\"inLanguage\":\"fr-BE\",\"@id\":\"https:\/\/vieassociative.be\/actualites\/une-boule-de-feu-impressionnante-egalement-au-dessus-de-lest-de-la-belgique-une-partie-dune-meteorite-endommage-le-toit-dune-maison-a-coblence\/#primaryimage\",\"url\":\"https:\/\/vieassociative.be\/actualites\/wp-content\/uploads\/2026\/03\/1773091031_Une-boule-de-feu-impressionnante-egalement-au-dessus-de-lest-de.jpg\",\"contentUrl\":\"https:\/\/vieassociative.be\/actualites\/wp-content\/uploads\/2026\/03\/1773091031_Une-boule-de-feu-impressionnante-egalement-au-dessus-de-lest-de.jpg\",\"width\":900,\"height\":600,\"caption\":\"Une boule de feu impressionnante \u00e9galement au-dessus de l'est de la Belgique - une partie d'une m\u00e9t\u00e9orite endommage le toit d'une maison \u00e0 Coblence\"},{\"@type\":\"BreadcrumbList\",\"@id\":\"https:\/\/vieassociative.be\/actualites\/une-boule-de-feu-impressionnante-egalement-au-dessus-de-lest-de-la-belgique-une-partie-dune-meteorite-endommage-le-toit-dune-maison-a-coblence\/#breadcrumb\",\"itemListElement\":[{\"@type\":\"ListItem\",\"position\":1,\"name\":\"Accueil\",\"item\":\"https:\/\/vieassociative.be\/actualites\/\"},{\"@type\":\"ListItem\",\"position\":2,\"name\":\"Une boule de feu impressionnante \u00e9galement au-dessus de l&rsquo;est de la Belgique &#8211; une partie d&rsquo;une m\u00e9t\u00e9orite endommage le toit d&rsquo;une maison \u00e0 Coblence\"}]},{\"@type\":\"WebSite\",\"@id\":\"https:\/\/vieassociative.be\/actualites\/#website\",\"url\":\"https:\/\/vieassociative.be\/actualites\/\",\"name\":\"Vie Associative\",\"description\":\"\",\"publisher\":{\"@id\":\"https:\/\/vieassociative.be\/actualites\/#organization\"},\"potentialAction\":[{\"@type\":\"SearchAction\",\"target\":{\"@type\":\"EntryPoint\",\"urlTemplate\":\"https:\/\/vieassociative.be\/actualites\/?s={search_term_string}\"},\"query-input\":{\"@type\":\"PropertyValueSpecification\",\"valueRequired\":true,\"valueName\":\"search_term_string\"}}],\"inLanguage\":\"fr-BE\"},{\"@type\":\"Organization\",\"@id\":\"https:\/\/vieassociative.be\/actualites\/#organization\",\"name\":\"Vie Associative\",\"url\":\"https:\/\/vieassociative.be\/actualites\/\",\"logo\":{\"@type\":\"ImageObject\",\"inLanguage\":\"fr-BE\",\"@id\":\"https:\/\/vieassociative.be\/actualites\/#\/schema\/logo\/image\/\",\"url\":\"https:\/\/vieassociative.be\/actualites\/wp-content\/uploads\/2024\/09\/cropped-vieassociative_favicon.ico.png\",\"contentUrl\":\"https:\/\/vieassociative.be\/actualites\/wp-content\/uploads\/2024\/09\/cropped-vieassociative_favicon.ico.png\",\"width\":512,\"height\":512,\"caption\":\"Vie Associative\"},\"image\":{\"@id\":\"https:\/\/vieassociative.be\/actualites\/#\/schema\/logo\/image\/\"}},{\"@type\":\"Person\",\"@id\":\"https:\/\/vieassociative.be\/actualites\/#\/schema\/person\/b87ac4f82f9d4e7b7cec7395b679edc4\",\"name\":\"Julien\",\"image\":{\"@type\":\"ImageObject\",\"inLanguage\":\"fr-BE\",\"@id\":\"https:\/\/vieassociative.be\/actualites\/#\/schema\/person\/image\/\",\"url\":\"https:\/\/vieassociative.be\/actualites\/wp-content\/uploads\/2024\/09\/vie-associative-1-150x150.jpg\",\"contentUrl\":\"https:\/\/vieassociative.be\/actualites\/wp-content\/uploads\/2024\/09\/vie-associative-1-150x150.jpg\",\"caption\":\"Julien\"},\"description\":\"Je suis Julien, r\u00e9dacteur pour Vie Associative. Passionn\u00e9 par le monde associatif depuis plus de 10 ans, j'ai \u00e0 c\u0153ur de partager des histoires inspirantes et de mettre en lumi\u00e8re les initiatives locales. Mon objectif est de sensibiliser et d'encourager l'engagement communautaire \u00e0 travers mes articles.\",\"sameAs\":[\"https:\/\/vieassociative.be\/\"]}]}<\/script>\n<!-- \/ Yoast SEO plugin. -->","yoast_head_json":{"title":"Une boule de feu impressionnante \u00e9galement au-dessus de l'est de la Belgique - une partie d'une m\u00e9t\u00e9orite endommage le toit d'une maison \u00e0 Coblence | Vie Associative","robots":{"index":"index","follow":"follow","max-snippet":"max-snippet:-1","max-image-preview":"max-image-preview:large","max-video-preview":"max-video-preview:-1"},"canonical":"https:\/\/vieassociative.be\/actualites\/une-boule-de-feu-impressionnante-egalement-au-dessus-de-lest-de-la-belgique-une-partie-dune-meteorite-endommage-le-toit-dune-maison-a-coblence\/","og_locale":"fr_FR","og_type":"article","og_title":"Une boule de feu impressionnante \u00e9galement au-dessus de l'est de la Belgique - une partie d'une m\u00e9t\u00e9orite endommage le toit d'une maison \u00e0 Coblence | Vie Associative","og_description":"Une impressionnante boule de feu a balay\u00e9 notre pays dimanche soir et a surpris de nombreux habitants de l&rsquo;Est de la Belgique. Le ph\u00e9nom\u00e8ne lumineux,","og_url":"https:\/\/vieassociative.be\/actualites\/une-boule-de-feu-impressionnante-egalement-au-dessus-de-lest-de-la-belgique-une-partie-dune-meteorite-endommage-le-toit-dune-maison-a-coblence\/","og_site_name":"Vie Associative","article_published_time":"2026-03-09T21:17:10+00:00","og_image":[{"width":279,"height":92,"url":"https:\/\/vieassociative.be\/actualites\/wp-content\/uploads\/2024\/09\/header_backgroundk-01-e1726694325946.png","type":"image\/png"}],"author":"Julien","twitter_card":"summary_large_image","twitter_misc":{"\u00c9crit par":"Julien","Dur\u00e9e de lecture est.":"3 minutes"},"schema":{"@context":"https:\/\/schema.org","@graph":[{"@type":"Article","@id":"https:\/\/vieassociative.be\/actualites\/une-boule-de-feu-impressionnante-egalement-au-dessus-de-lest-de-la-belgique-une-partie-dune-meteorite-endommage-le-toit-dune-maison-a-coblence\/#article","isPartOf":{"@id":"https:\/\/vieassociative.be\/actualites\/une-boule-de-feu-impressionnante-egalement-au-dessus-de-lest-de-la-belgique-une-partie-dune-meteorite-endommage-le-toit-dune-maison-a-coblence\/"},"author":{"name":"Julien","@id":"https:\/\/vieassociative.be\/actualites\/#\/schema\/person\/b87ac4f82f9d4e7b7cec7395b679edc4"},"headline":"Une boule de feu impressionnante \u00e9galement au-dessus de l&rsquo;est de la Belgique &#8211; une partie d&rsquo;une m\u00e9t\u00e9orite endommage le toit d&rsquo;une maison \u00e0 Coblence","datePublished":"2026-03-09T21:17:10+00:00","dateModified":"2026-03-09T21:17:10+00:00","mainEntityOfPage":{"@id":"https:\/\/vieassociative.be\/actualites\/une-boule-de-feu-impressionnante-egalement-au-dessus-de-lest-de-la-belgique-une-partie-dune-meteorite-endommage-le-toit-dune-maison-a-coblence\/"},"wordCount":592,"publisher":{"@id":"https:\/\/vieassociative.be\/actualites\/#organization"},"image":{"@id":"https:\/\/vieassociative.be\/actualites\/une-boule-de-feu-impressionnante-egalement-au-dessus-de-lest-de-la-belgique-une-partie-dune-meteorite-endommage-le-toit-dune-maison-a-coblence\/#primaryimage"},"thumbnailUrl":"https:\/\/vieassociative.be\/actualites\/wp-content\/uploads\/2026\/03\/1773091031_Une-boule-de-feu-impressionnante-egalement-au-dessus-de-lest-de.jpg","keywords":["audessus","Belgique","boule","Coblence","dune","\u00e9galement","endommage","feu","impressionnante","maison","m\u00e9t\u00e9orite","partie","toit","une"],"articleSection":["Belgique"],"inLanguage":"fr-BE"},{"@type":"WebPage","@id":"https:\/\/vieassociative.be\/actualites\/une-boule-de-feu-impressionnante-egalement-au-dessus-de-lest-de-la-belgique-une-partie-dune-meteorite-endommage-le-toit-dune-maison-a-coblence\/","url":"https:\/\/vieassociative.be\/actualites\/une-boule-de-feu-impressionnante-egalement-au-dessus-de-lest-de-la-belgique-une-partie-dune-meteorite-endommage-le-toit-dune-maison-a-coblence\/","name":"Une boule de feu impressionnante \u00e9galement au-dessus de l'est de la Belgique - une partie d'une m\u00e9t\u00e9orite endommage le toit d'une maison \u00e0 Coblence | Vie Associative","isPartOf":{"@id":"https:\/\/vieassociative.be\/actualites\/#website"},"primaryImageOfPage":{"@id":"https:\/\/vieassociative.be\/actualites\/une-boule-de-feu-impressionnante-egalement-au-dessus-de-lest-de-la-belgique-une-partie-dune-meteorite-endommage-le-toit-dune-maison-a-coblence\/#primaryimage"},"image":{"@id":"https:\/\/vieassociative.be\/actualites\/une-boule-de-feu-impressionnante-egalement-au-dessus-de-lest-de-la-belgique-une-partie-dune-meteorite-endommage-le-toit-dune-maison-a-coblence\/#primaryimage"},"thumbnailUrl":"https:\/\/vieassociative.be\/actualites\/wp-content\/uploads\/2026\/03\/1773091031_Une-boule-de-feu-impressionnante-egalement-au-dessus-de-lest-de.jpg","datePublished":"2026-03-09T21:17:10+00:00","dateModified":"2026-03-09T21:17:10+00:00","breadcrumb":{"@id":"https:\/\/vieassociative.be\/actualites\/une-boule-de-feu-impressionnante-egalement-au-dessus-de-lest-de-la-belgique-une-partie-dune-meteorite-endommage-le-toit-dune-maison-a-coblence\/#breadcrumb"},"inLanguage":"fr-BE","potentialAction":[{"@type":"ReadAction","target":["https:\/\/vieassociative.be\/actualites\/une-boule-de-feu-impressionnante-egalement-au-dessus-de-lest-de-la-belgique-une-partie-dune-meteorite-endommage-le-toit-dune-maison-a-coblence\/"]}]},{"@type":"ImageObject","inLanguage":"fr-BE","@id":"https:\/\/vieassociative.be\/actualites\/une-boule-de-feu-impressionnante-egalement-au-dessus-de-lest-de-la-belgique-une-partie-dune-meteorite-endommage-le-toit-dune-maison-a-coblence\/#primaryimage","url":"https:\/\/vieassociative.be\/actualites\/wp-content\/uploads\/2026\/03\/1773091031_Une-boule-de-feu-impressionnante-egalement-au-dessus-de-lest-de.jpg","contentUrl":"https:\/\/vieassociative.be\/actualites\/wp-content\/uploads\/2026\/03\/1773091031_Une-boule-de-feu-impressionnante-egalement-au-dessus-de-lest-de.jpg","width":900,"height":600,"caption":"Une boule de feu impressionnante \u00e9galement au-dessus de l'est de la Belgique - une partie d'une m\u00e9t\u00e9orite endommage le toit d'une maison \u00e0 Coblence"},{"@type":"BreadcrumbList","@id":"https:\/\/vieassociative.be\/actualites\/une-boule-de-feu-impressionnante-egalement-au-dessus-de-lest-de-la-belgique-une-partie-dune-meteorite-endommage-le-toit-dune-maison-a-coblence\/#breadcrumb","itemListElement":[{"@type":"ListItem","position":1,"name":"Accueil","item":"https:\/\/vieassociative.be\/actualites\/"},{"@type":"ListItem","position":2,"name":"Une boule de feu impressionnante \u00e9galement au-dessus de l&rsquo;est de la Belgique &#8211; une partie d&rsquo;une m\u00e9t\u00e9orite endommage le toit d&rsquo;une maison \u00e0 Coblence"}]},{"@type":"WebSite","@id":"https:\/\/vieassociative.be\/actualites\/#website","url":"https:\/\/vieassociative.be\/actualites\/","name":"Vie Associative","description":"","publisher":{"@id":"https:\/\/vieassociative.be\/actualites\/#organization"},"potentialAction":[{"@type":"SearchAction","target":{"@type":"EntryPoint","urlTemplate":"https:\/\/vieassociative.be\/actualites\/?s={search_term_string}"},"query-input":{"@type":"PropertyValueSpecification","valueRequired":true,"valueName":"search_term_string"}}],"inLanguage":"fr-BE"},{"@type":"Organization","@id":"https:\/\/vieassociative.be\/actualites\/#organization","name":"Vie Associative","url":"https:\/\/vieassociative.be\/actualites\/","logo":{"@type":"ImageObject","inLanguage":"fr-BE","@id":"https:\/\/vieassociative.be\/actualites\/#\/schema\/logo\/image\/","url":"https:\/\/vieassociative.be\/actualites\/wp-content\/uploads\/2024\/09\/cropped-vieassociative_favicon.ico.png","contentUrl":"https:\/\/vieassociative.be\/actualites\/wp-content\/uploads\/2024\/09\/cropped-vieassociative_favicon.ico.png","width":512,"height":512,"caption":"Vie Associative"},"image":{"@id":"https:\/\/vieassociative.be\/actualites\/#\/schema\/logo\/image\/"}},{"@type":"Person","@id":"https:\/\/vieassociative.be\/actualites\/#\/schema\/person\/b87ac4f82f9d4e7b7cec7395b679edc4","name":"Julien","image":{"@type":"ImageObject","inLanguage":"fr-BE","@id":"https:\/\/vieassociative.be\/actualites\/#\/schema\/person\/image\/","url":"https:\/\/vieassociative.be\/actualites\/wp-content\/uploads\/2024\/09\/vie-associative-1-150x150.jpg","contentUrl":"https:\/\/vieassociative.be\/actualites\/wp-content\/uploads\/2024\/09\/vie-associative-1-150x150.jpg","caption":"Julien"},"description":"Je suis Julien, r\u00e9dacteur pour Vie Associative. Passionn\u00e9 par le monde associatif depuis plus de 10 ans, j'ai \u00e0 c\u0153ur de partager des histoires inspirantes et de mettre en lumi\u00e8re les initiatives locales. Mon objectif est de sensibiliser et d'encourager l'engagement communautaire \u00e0 travers mes articles.","sameAs":["https:\/\/vieassociative.be\/"]}]}},"_links":{"self":[{"href":"https:\/\/vieassociative.be\/actualites\/wp-json\/wp\/v2\/posts\/12955"}],"collection":[{"href":"https:\/\/vieassociative.be\/actualites\/wp-json\/wp\/v2\/posts"}],"about":[{"href":"https:\/\/vieassociative.be\/actualites\/wp-json\/wp\/v2\/types\/post"}],"author":[{"embeddable":true,"href":"https:\/\/vieassociative.be\/actualites\/wp-json\/wp\/v2\/users\/1"}],"replies":[{"embeddable":true,"href":"https:\/\/vieassociative.be\/actualites\/wp-json\/wp\/v2\/comments?post=12955"}],"version-history":[{"count":0,"href":"https:\/\/vieassociative.be\/actualites\/wp-json\/wp\/v2\/posts\/12955\/revisions"}],"wp:featuredmedia":[{"embeddable":true,"href":"https:\/\/vieassociative.be\/actualites\/wp-json\/wp\/v2\/media\/12956"}],"wp:attachment":[{"href":"https:\/\/vieassociative.be\/actualites\/wp-json\/wp\/v2\/media?parent=12955"}],"wp:term":[{"taxonomy":"category","embeddable":true,"href":"https:\/\/vieassociative.be\/actualites\/wp-json\/wp\/v2\/categories?post=12955"},{"taxonomy":"post_tag","embeddable":true,"href":"https:\/\/vieassociative.be\/actualites\/wp-json\/wp\/v2\/tags?post=12955"}],"curies":[{"name":"wp","href":"https:\/\/api.w.org\/{rel}","templated":true}]}}