{"id":12951,"date":"2026-03-09T16:17:09","date_gmt":"2026-03-09T15:17:09","guid":{"rendered":"https:\/\/vieassociative.be\/actualites\/de-nouvelles-turbulences-sur-les-marches-petroliers-internationaux-la-hausse-peut-elle-encore-etre-ralentie-questions-et-reponses\/"},"modified":"2026-03-09T16:17:09","modified_gmt":"2026-03-09T15:17:09","slug":"de-nouvelles-turbulences-sur-les-marches-petroliers-internationaux-la-hausse-peut-elle-encore-etre-ralentie-questions-et-reponses","status":"publish","type":"post","link":"https:\/\/vieassociative.be\/actualites\/de-nouvelles-turbulences-sur-les-marches-petroliers-internationaux-la-hausse-peut-elle-encore-etre-ralentie-questions-et-reponses\/","title":{"rendered":"De nouvelles turbulences sur les march\u00e9s p\u00e9troliers internationaux : la hausse peut-elle encore \u00eatre ralentie ? (Questions et r\u00e9ponses)"},"content":{"rendered":"<p><strong>Prix \u200b\u200bdu p\u00e9trole record : pourquoi le blocage du d\u00e9troit d&rsquo;Ormuz bouleverse le march\u00e9 mondial et les pays du G7 discutent d\u00e9sormais d&rsquo;une urgence en mati\u00e8re de r\u00e9serves.<\/strong><\/p>\n<p><span id=\"more-437451\"><\/span>Les prix du p\u00e9trole ont continu\u00e9 de s\u2019envoler en raison de la guerre au Moyen-Orient, d\u00e9passant les 100 dollars pour la premi\u00e8re fois depuis 2022. Depuis plus d\u2019une semaine, les march\u00e9s mondiaux de l\u2019\u00e9nergie sont durement touch\u00e9s par les attaques am\u00e9ricaines et isra\u00e9liennes contre l\u2019Iran.<\/p>\n<p>Le transport de p\u00e9trole brut en provenance des r\u00e9gions productrices du golfe Persique via le d\u00e9troit d\u2019Ormuz est effectivement au point mort. Selon un article du Financial Times, les principaux pays industrialis\u00e9s occidentaux (G7) discutent d&rsquo;une \u00e9ventuelle lib\u00e9ration de leurs r\u00e9serves p\u00e9troli\u00e8res afin de ralentir la hausse des prix du p\u00e9trole sur le march\u00e9 mondial.<\/p>\n<p><strong>\u2013 Une lib\u00e9ration des r\u00e9serves p\u00e9troli\u00e8res du G7 peut-elle ralentir les prix du p\u00e9trole ?<\/strong> Comme le rapporte le \u00abFinancial Times\u00bb, citant des sources internes, les \u00c9tats-Unis souhaitent obtenir une lib\u00e9ration conjointe des r\u00e9serves des pays du G7 de 300 \u00e0 400 millions de barils. Cela repr\u00e9senterait environ 25 \u00e0 30 pour cent des r\u00e9serves totales, estim\u00e9es \u00e0 1,2 milliard de barils. A titre de comparaison : la consommation mondiale de p\u00e9trole brut est d\u2019environ 100 millions de barils par jour.<\/p>\n<div id=\"attachment_321880\" class=\"wp-caption alignleft\" style=\"max-width: 300px\"><img fetchpriority=\"high\" decoding=\"async\" class=\"wp-image-321880 size-medium\" src=\"https:\/\/vieassociative.be\/actualites\/wp-content\/uploads\/2026\/03\/De-nouvelles-turbulences-sur-les-marches-petroliers-internationaux-la.jpeg\" alt=\"\" width=\"300\" height=\"200\"  ><\/div>\n<p>Sur le march\u00e9 p\u00e9trolier, le rapport du \u00ab Financial Times \u00bb a suffi \u00e0 ralentir sensiblement la hausse des prix du p\u00e9trole. Apr\u00e8s que le prix du p\u00e9trole brut Brent ait temporairement grimp\u00e9 \u00e0 pr\u00e8s de 120 dollars le baril lundi soir, il a c\u00e9d\u00e9 une partie des gains et s&rsquo;\u00e9changeait \u00e0 105 dollars le matin. Mais c\u2019est toujours 40 % de plus qu\u2019avant le d\u00e9but des attaques contre l\u2019Iran.<\/p>\n<p><strong>\u2013 Qu\u2019est-ce qui est particuli\u00e8rement important en ce qui concerne l\u2019\u00e9volution des prix du p\u00e9trole ?<\/strong> Une chose est particuli\u00e8rement importante : pendant combien de temps le transport du p\u00e9trole brut en provenance des r\u00e9gions productrices du golfe Persique via le d\u00e9troit d\u2019Ormuz sera-t-il bloqu\u00e9. \u00abPlus la route restera ferm\u00e9e longtemps, plus la production devra \u00eatre r\u00e9duite dans la r\u00e9gion\u00bb, estime la banque Metzler. \u00ab\u00a0Tant que le p\u00e9trole ne sera pas transport\u00e9 par le d\u00e9troit d&rsquo;Ormuz, les prix du p\u00e9trole continueront d&rsquo;augmenter\u00a0\u00bb, a d\u00e9clar\u00e9 Warren Patterson, expert en mati\u00e8res premi\u00e8res et responsable de la strat\u00e9gie mati\u00e8res premi\u00e8res \u00e0 la banque ING.<\/p>\n<p>Cependant, il n\u2019y a actuellement aucun signe d\u2019une fin rapide de la guerre au Moyen-Orient et des perturbations qui en d\u00e9coulent dans l\u2019approvisionnement en mati\u00e8res premi\u00e8res \u00e9nerg\u00e9tiques. Avec les r\u00e9centes d\u00e9clarations du pr\u00e9sident am\u00e9ricain Donald Trump, qui a appel\u00e9 \u00e0 une capitulation inconditionnelle de l&rsquo;Iran, et avec la nomination du radical Moschtaba Khamenei comme nouveau dirigeant iranien, \u00ab\u00a0les risques d&rsquo;une p\u00e9riode plus longue continuent d&rsquo;augmenter\u00a0\u00bb, selon une analyse de Dekabank.<\/p>\n<p><strong>\u2013 Pourquoi le d\u00e9troit d\u2019Ormuz est-il si important pour le commerce p\u00e9trolier ?<\/strong><\/p>\n<div id=\"attachment_437331\" class=\"wp-caption alignleft\" style=\"max-width: 300px\"><img decoding=\"async\" class=\"wp-image-437331 size-medium\" src=\"https:\/\/vieassociative.be\/actualites\/wp-content\/uploads\/2026\/03\/1772486316_278_Les-prix-du-petrole-augmentent-considerablement-en-raison-du-conflit.jpg\" alt=\"\" width=\"300\" height=\"196\"><\/div>\n<p>Les p\u00e9troliers jouent un r\u00f4le central dans le transport du p\u00e9trole brut dans l\u2019\u00e9conomie mondiale. Ils transportent les mati\u00e8res premi\u00e8res vers les ports de destination pendant des semaines et assurent des flux de livraison mondiaux. Outre le canal de Suez, le d\u00e9troit d&rsquo;Ormuz entre l&rsquo;Iran et Oman est particuli\u00e8rement important \u00e0 cet \u00e9gard. En 2023, pr\u00e8s de 30 % du p\u00e9trole exp\u00e9di\u00e9 dans le monde a transit\u00e9 par le d\u00e9troit du golfe Persique, soit environ un cinqui\u00e8me de la demande mondiale.<\/p>\n<p><strong>\u2013 Y a-t-il suffisamment de p\u00e9trole brut sur le march\u00e9 mondial ?<\/strong><\/p>\n<p>Ces derniers mois, l\u2019OPEP+ a augment\u00e9 ses volumes de production \u00e0 plusieurs reprises, alimentant les craintes d\u2019une offre trop \u00e9lev\u00e9e. C\u2019est \u00e9galement l\u2019une des principales raisons pour lesquelles les prix du p\u00e9trole ont eu tendance \u00e0 baisser au cours du second semestre de l\u2019ann\u00e9e derni\u00e8re. En d\u00e9cembre, le p\u00e9trole Brent de la mer du Nord s&rsquo;\u00e9changeait toujours autour de 60 dollars le baril.<\/p>\n<p>Avec la forte hausse des prix depuis le d\u00e9but de la guerre en Iran, l&rsquo;offre \u00e9lev\u00e9e pourrait ne pas suffire \u00e0 ramener les prix du p\u00e9trole au niveau de l&rsquo;ann\u00e9e derni\u00e8re. La flamb\u00e9e actuelle des prix du p\u00e9trole attire l\u2019attention des \u00e9conomistes qui mettent en garde contre les risques qui p\u00e8sent sur le d\u00e9veloppement \u00e9conomique, y compris en Allemagne. La dur\u00e9e de la guerre sera probablement d\u00e9cisive. (dpa)<\/p>\n","protected":false},"excerpt":{"rendered":"<p>Prix \u200b\u200bdu p\u00e9trole record : pourquoi le blocage du d\u00e9troit d&rsquo;Ormuz bouleverse le march\u00e9 mondial et les pays du G7 discutent d\u00e9sormais d&rsquo;une urgence en<\/p>\n","protected":false},"author":1,"featured_media":12952,"comment_status":"","ping_status":"","sticky":false,"template":"","format":"standard","meta":{"footnotes":""},"categories":[298],"tags":[592,23,5508,10199,14,3594,1215,10198,379,481,9085,1882,33,10197],"class_list":["post-12951","post","type-post","status-publish","format-standard","has-post-thumbnail","hentry","category-belgique","tag-encore","tag-etre","tag-hausse","tag-internationaux","tag-les","tag-marches","tag-nouvelles","tag-petroliers","tag-peutelle","tag-questions","tag-ralentie","tag-reponses","tag-sur","tag-turbulences","generate-columns","tablet-grid-50","mobile-grid-100","grid-parent","grid-33"],"yoast_head":"<!-- This site is optimized with the Yoast SEO plugin v24.0 - https:\/\/yoast.com\/wordpress\/plugins\/seo\/ -->\n<title>De nouvelles turbulences sur les march\u00e9s p\u00e9troliers internationaux : la hausse peut-elle encore \u00eatre ralentie ? (Questions et r\u00e9ponses) | Vie Associative<\/title>\n<meta name=\"robots\" content=\"index, follow, max-snippet:-1, max-image-preview:large, max-video-preview:-1\" \/>\n<link rel=\"canonical\" href=\"https:\/\/vieassociative.be\/actualites\/de-nouvelles-turbulences-sur-les-marches-petroliers-internationaux-la-hausse-peut-elle-encore-etre-ralentie-questions-et-reponses\/\" \/>\n<meta property=\"og:locale\" content=\"fr_FR\" \/>\n<meta property=\"og:type\" content=\"article\" \/>\n<meta property=\"og:title\" content=\"De nouvelles turbulences sur les march\u00e9s p\u00e9troliers internationaux : la hausse peut-elle encore \u00eatre ralentie ? (Questions et r\u00e9ponses) | Vie Associative\" \/>\n<meta property=\"og:description\" content=\"Prix \u200b\u200bdu p\u00e9trole record : pourquoi le blocage du d\u00e9troit d&rsquo;Ormuz bouleverse le march\u00e9 mondial et les pays du G7 discutent d\u00e9sormais d&rsquo;une urgence en\" \/>\n<meta property=\"og:url\" content=\"https:\/\/vieassociative.be\/actualites\/de-nouvelles-turbulences-sur-les-marches-petroliers-internationaux-la-hausse-peut-elle-encore-etre-ralentie-questions-et-reponses\/\" \/>\n<meta property=\"og:site_name\" content=\"Vie Associative\" \/>\n<meta property=\"article:published_time\" content=\"2026-03-09T15:17:09+00:00\" \/>\n<meta property=\"og:image\" content=\"https:\/\/vieassociative.be\/actualites\/wp-content\/uploads\/2024\/09\/header_backgroundk-01-e1726694325946.png\" \/>\n\t<meta property=\"og:image:width\" content=\"279\" \/>\n\t<meta property=\"og:image:height\" content=\"92\" \/>\n\t<meta property=\"og:image:type\" content=\"image\/png\" \/>\n<meta name=\"author\" content=\"Julien\" \/>\n<meta name=\"twitter:card\" content=\"summary_large_image\" \/>\n<meta name=\"twitter:label1\" content=\"\u00c9crit par\" \/>\n\t<meta name=\"twitter:data1\" content=\"Julien\" \/>\n\t<meta name=\"twitter:label2\" content=\"Dur\u00e9e de lecture est.\" \/>\n\t<meta name=\"twitter:data2\" content=\"4 minutes\" \/>\n<script type=\"application\/ld+json\" class=\"yoast-schema-graph\">{\"@context\":\"https:\/\/schema.org\",\"@graph\":[{\"@type\":\"Article\",\"@id\":\"https:\/\/vieassociative.be\/actualites\/de-nouvelles-turbulences-sur-les-marches-petroliers-internationaux-la-hausse-peut-elle-encore-etre-ralentie-questions-et-reponses\/#article\",\"isPartOf\":{\"@id\":\"https:\/\/vieassociative.be\/actualites\/de-nouvelles-turbulences-sur-les-marches-petroliers-internationaux-la-hausse-peut-elle-encore-etre-ralentie-questions-et-reponses\/\"},\"author\":{\"name\":\"Julien\",\"@id\":\"https:\/\/vieassociative.be\/actualites\/#\/schema\/person\/b87ac4f82f9d4e7b7cec7395b679edc4\"},\"headline\":\"De nouvelles turbulences sur les march\u00e9s p\u00e9troliers internationaux : la hausse peut-elle encore \u00eatre ralentie ? (Questions et r\u00e9ponses)\",\"datePublished\":\"2026-03-09T15:17:09+00:00\",\"dateModified\":\"2026-03-09T15:17:09+00:00\",\"mainEntityOfPage\":{\"@id\":\"https:\/\/vieassociative.be\/actualites\/de-nouvelles-turbulences-sur-les-marches-petroliers-internationaux-la-hausse-peut-elle-encore-etre-ralentie-questions-et-reponses\/\"},\"wordCount\":801,\"publisher\":{\"@id\":\"https:\/\/vieassociative.be\/actualites\/#organization\"},\"image\":{\"@id\":\"https:\/\/vieassociative.be\/actualites\/de-nouvelles-turbulences-sur-les-marches-petroliers-internationaux-la-hausse-peut-elle-encore-etre-ralentie-questions-et-reponses\/#primaryimage\"},\"thumbnailUrl\":\"https:\/\/vieassociative.be\/actualites\/wp-content\/uploads\/2026\/03\/De-nouvelles-turbulences-sur-les-marches-petroliers-internationaux-la.jpg\",\"keywords\":[\"encore\",\"\u00eatre\",\"hausse\",\"internationaux\",\"Les\",\"march\u00e9s\",\"nouvelles\",\"p\u00e9troliers\",\"peutelle\",\"questions\",\"ralentie\",\"r\u00e9ponses\",\"sur\",\"turbulences\"],\"articleSection\":[\"Belgique\"],\"inLanguage\":\"fr-BE\"},{\"@type\":\"WebPage\",\"@id\":\"https:\/\/vieassociative.be\/actualites\/de-nouvelles-turbulences-sur-les-marches-petroliers-internationaux-la-hausse-peut-elle-encore-etre-ralentie-questions-et-reponses\/\",\"url\":\"https:\/\/vieassociative.be\/actualites\/de-nouvelles-turbulences-sur-les-marches-petroliers-internationaux-la-hausse-peut-elle-encore-etre-ralentie-questions-et-reponses\/\",\"name\":\"De nouvelles turbulences sur les march\u00e9s p\u00e9troliers internationaux : la hausse peut-elle encore \u00eatre ralentie ? (Questions et r\u00e9ponses) | Vie Associative\",\"isPartOf\":{\"@id\":\"https:\/\/vieassociative.be\/actualites\/#website\"},\"primaryImageOfPage\":{\"@id\":\"https:\/\/vieassociative.be\/actualites\/de-nouvelles-turbulences-sur-les-marches-petroliers-internationaux-la-hausse-peut-elle-encore-etre-ralentie-questions-et-reponses\/#primaryimage\"},\"image\":{\"@id\":\"https:\/\/vieassociative.be\/actualites\/de-nouvelles-turbulences-sur-les-marches-petroliers-internationaux-la-hausse-peut-elle-encore-etre-ralentie-questions-et-reponses\/#primaryimage\"},\"thumbnailUrl\":\"https:\/\/vieassociative.be\/actualites\/wp-content\/uploads\/2026\/03\/De-nouvelles-turbulences-sur-les-marches-petroliers-internationaux-la.jpg\",\"datePublished\":\"2026-03-09T15:17:09+00:00\",\"dateModified\":\"2026-03-09T15:17:09+00:00\",\"breadcrumb\":{\"@id\":\"https:\/\/vieassociative.be\/actualites\/de-nouvelles-turbulences-sur-les-marches-petroliers-internationaux-la-hausse-peut-elle-encore-etre-ralentie-questions-et-reponses\/#breadcrumb\"},\"inLanguage\":\"fr-BE\",\"potentialAction\":[{\"@type\":\"ReadAction\",\"target\":[\"https:\/\/vieassociative.be\/actualites\/de-nouvelles-turbulences-sur-les-marches-petroliers-internationaux-la-hausse-peut-elle-encore-etre-ralentie-questions-et-reponses\/\"]}]},{\"@type\":\"ImageObject\",\"inLanguage\":\"fr-BE\",\"@id\":\"https:\/\/vieassociative.be\/actualites\/de-nouvelles-turbulences-sur-les-marches-petroliers-internationaux-la-hausse-peut-elle-encore-etre-ralentie-questions-et-reponses\/#primaryimage\",\"url\":\"https:\/\/vieassociative.be\/actualites\/wp-content\/uploads\/2026\/03\/De-nouvelles-turbulences-sur-les-marches-petroliers-internationaux-la.jpg\",\"contentUrl\":\"https:\/\/vieassociative.be\/actualites\/wp-content\/uploads\/2026\/03\/De-nouvelles-turbulences-sur-les-marches-petroliers-internationaux-la.jpg\",\"width\":2560,\"height\":1440,\"caption\":\"De nouvelles turbulences sur les march\u00e9s p\u00e9troliers internationaux : la hausse peut-elle encore \u00eatre ralentie ? (Questions et r\u00e9ponses)\"},{\"@type\":\"BreadcrumbList\",\"@id\":\"https:\/\/vieassociative.be\/actualites\/de-nouvelles-turbulences-sur-les-marches-petroliers-internationaux-la-hausse-peut-elle-encore-etre-ralentie-questions-et-reponses\/#breadcrumb\",\"itemListElement\":[{\"@type\":\"ListItem\",\"position\":1,\"name\":\"Accueil\",\"item\":\"https:\/\/vieassociative.be\/actualites\/\"},{\"@type\":\"ListItem\",\"position\":2,\"name\":\"De nouvelles turbulences sur les march\u00e9s p\u00e9troliers internationaux : la hausse peut-elle encore \u00eatre ralentie ? (Questions et r\u00e9ponses)\"}]},{\"@type\":\"WebSite\",\"@id\":\"https:\/\/vieassociative.be\/actualites\/#website\",\"url\":\"https:\/\/vieassociative.be\/actualites\/\",\"name\":\"Vie Associative\",\"description\":\"\",\"publisher\":{\"@id\":\"https:\/\/vieassociative.be\/actualites\/#organization\"},\"potentialAction\":[{\"@type\":\"SearchAction\",\"target\":{\"@type\":\"EntryPoint\",\"urlTemplate\":\"https:\/\/vieassociative.be\/actualites\/?s={search_term_string}\"},\"query-input\":{\"@type\":\"PropertyValueSpecification\",\"valueRequired\":true,\"valueName\":\"search_term_string\"}}],\"inLanguage\":\"fr-BE\"},{\"@type\":\"Organization\",\"@id\":\"https:\/\/vieassociative.be\/actualites\/#organization\",\"name\":\"Vie Associative\",\"url\":\"https:\/\/vieassociative.be\/actualites\/\",\"logo\":{\"@type\":\"ImageObject\",\"inLanguage\":\"fr-BE\",\"@id\":\"https:\/\/vieassociative.be\/actualites\/#\/schema\/logo\/image\/\",\"url\":\"https:\/\/vieassociative.be\/actualites\/wp-content\/uploads\/2024\/09\/cropped-vieassociative_favicon.ico.png\",\"contentUrl\":\"https:\/\/vieassociative.be\/actualites\/wp-content\/uploads\/2024\/09\/cropped-vieassociative_favicon.ico.png\",\"width\":512,\"height\":512,\"caption\":\"Vie Associative\"},\"image\":{\"@id\":\"https:\/\/vieassociative.be\/actualites\/#\/schema\/logo\/image\/\"}},{\"@type\":\"Person\",\"@id\":\"https:\/\/vieassociative.be\/actualites\/#\/schema\/person\/b87ac4f82f9d4e7b7cec7395b679edc4\",\"name\":\"Julien\",\"image\":{\"@type\":\"ImageObject\",\"inLanguage\":\"fr-BE\",\"@id\":\"https:\/\/vieassociative.be\/actualites\/#\/schema\/person\/image\/\",\"url\":\"https:\/\/vieassociative.be\/actualites\/wp-content\/uploads\/2024\/09\/vie-associative-1-150x150.jpg\",\"contentUrl\":\"https:\/\/vieassociative.be\/actualites\/wp-content\/uploads\/2024\/09\/vie-associative-1-150x150.jpg\",\"caption\":\"Julien\"},\"description\":\"Je suis Julien, r\u00e9dacteur pour Vie Associative. Passionn\u00e9 par le monde associatif depuis plus de 10 ans, j'ai \u00e0 c\u0153ur de partager des histoires inspirantes et de mettre en lumi\u00e8re les initiatives locales. Mon objectif est de sensibiliser et d'encourager l'engagement communautaire \u00e0 travers mes articles.\",\"sameAs\":[\"https:\/\/vieassociative.be\/\"]}]}<\/script>\n<!-- \/ Yoast SEO plugin. -->","yoast_head_json":{"title":"De nouvelles turbulences sur les march\u00e9s p\u00e9troliers internationaux : la hausse peut-elle encore \u00eatre ralentie ? (Questions et r\u00e9ponses) | Vie Associative","robots":{"index":"index","follow":"follow","max-snippet":"max-snippet:-1","max-image-preview":"max-image-preview:large","max-video-preview":"max-video-preview:-1"},"canonical":"https:\/\/vieassociative.be\/actualites\/de-nouvelles-turbulences-sur-les-marches-petroliers-internationaux-la-hausse-peut-elle-encore-etre-ralentie-questions-et-reponses\/","og_locale":"fr_FR","og_type":"article","og_title":"De nouvelles turbulences sur les march\u00e9s p\u00e9troliers internationaux : la hausse peut-elle encore \u00eatre ralentie ? (Questions et r\u00e9ponses) | Vie Associative","og_description":"Prix \u200b\u200bdu p\u00e9trole record : pourquoi le blocage du d\u00e9troit d&rsquo;Ormuz bouleverse le march\u00e9 mondial et les pays du G7 discutent d\u00e9sormais d&rsquo;une urgence en","og_url":"https:\/\/vieassociative.be\/actualites\/de-nouvelles-turbulences-sur-les-marches-petroliers-internationaux-la-hausse-peut-elle-encore-etre-ralentie-questions-et-reponses\/","og_site_name":"Vie Associative","article_published_time":"2026-03-09T15:17:09+00:00","og_image":[{"width":279,"height":92,"url":"https:\/\/vieassociative.be\/actualites\/wp-content\/uploads\/2024\/09\/header_backgroundk-01-e1726694325946.png","type":"image\/png"}],"author":"Julien","twitter_card":"summary_large_image","twitter_misc":{"\u00c9crit par":"Julien","Dur\u00e9e de lecture est.":"4 minutes"},"schema":{"@context":"https:\/\/schema.org","@graph":[{"@type":"Article","@id":"https:\/\/vieassociative.be\/actualites\/de-nouvelles-turbulences-sur-les-marches-petroliers-internationaux-la-hausse-peut-elle-encore-etre-ralentie-questions-et-reponses\/#article","isPartOf":{"@id":"https:\/\/vieassociative.be\/actualites\/de-nouvelles-turbulences-sur-les-marches-petroliers-internationaux-la-hausse-peut-elle-encore-etre-ralentie-questions-et-reponses\/"},"author":{"name":"Julien","@id":"https:\/\/vieassociative.be\/actualites\/#\/schema\/person\/b87ac4f82f9d4e7b7cec7395b679edc4"},"headline":"De nouvelles turbulences sur les march\u00e9s p\u00e9troliers internationaux : la hausse peut-elle encore \u00eatre ralentie ? (Questions et r\u00e9ponses)","datePublished":"2026-03-09T15:17:09+00:00","dateModified":"2026-03-09T15:17:09+00:00","mainEntityOfPage":{"@id":"https:\/\/vieassociative.be\/actualites\/de-nouvelles-turbulences-sur-les-marches-petroliers-internationaux-la-hausse-peut-elle-encore-etre-ralentie-questions-et-reponses\/"},"wordCount":801,"publisher":{"@id":"https:\/\/vieassociative.be\/actualites\/#organization"},"image":{"@id":"https:\/\/vieassociative.be\/actualites\/de-nouvelles-turbulences-sur-les-marches-petroliers-internationaux-la-hausse-peut-elle-encore-etre-ralentie-questions-et-reponses\/#primaryimage"},"thumbnailUrl":"https:\/\/vieassociative.be\/actualites\/wp-content\/uploads\/2026\/03\/De-nouvelles-turbulences-sur-les-marches-petroliers-internationaux-la.jpg","keywords":["encore","\u00eatre","hausse","internationaux","Les","march\u00e9s","nouvelles","p\u00e9troliers","peutelle","questions","ralentie","r\u00e9ponses","sur","turbulences"],"articleSection":["Belgique"],"inLanguage":"fr-BE"},{"@type":"WebPage","@id":"https:\/\/vieassociative.be\/actualites\/de-nouvelles-turbulences-sur-les-marches-petroliers-internationaux-la-hausse-peut-elle-encore-etre-ralentie-questions-et-reponses\/","url":"https:\/\/vieassociative.be\/actualites\/de-nouvelles-turbulences-sur-les-marches-petroliers-internationaux-la-hausse-peut-elle-encore-etre-ralentie-questions-et-reponses\/","name":"De nouvelles turbulences sur les march\u00e9s p\u00e9troliers internationaux : la hausse peut-elle encore \u00eatre ralentie ? (Questions et r\u00e9ponses) | Vie Associative","isPartOf":{"@id":"https:\/\/vieassociative.be\/actualites\/#website"},"primaryImageOfPage":{"@id":"https:\/\/vieassociative.be\/actualites\/de-nouvelles-turbulences-sur-les-marches-petroliers-internationaux-la-hausse-peut-elle-encore-etre-ralentie-questions-et-reponses\/#primaryimage"},"image":{"@id":"https:\/\/vieassociative.be\/actualites\/de-nouvelles-turbulences-sur-les-marches-petroliers-internationaux-la-hausse-peut-elle-encore-etre-ralentie-questions-et-reponses\/#primaryimage"},"thumbnailUrl":"https:\/\/vieassociative.be\/actualites\/wp-content\/uploads\/2026\/03\/De-nouvelles-turbulences-sur-les-marches-petroliers-internationaux-la.jpg","datePublished":"2026-03-09T15:17:09+00:00","dateModified":"2026-03-09T15:17:09+00:00","breadcrumb":{"@id":"https:\/\/vieassociative.be\/actualites\/de-nouvelles-turbulences-sur-les-marches-petroliers-internationaux-la-hausse-peut-elle-encore-etre-ralentie-questions-et-reponses\/#breadcrumb"},"inLanguage":"fr-BE","potentialAction":[{"@type":"ReadAction","target":["https:\/\/vieassociative.be\/actualites\/de-nouvelles-turbulences-sur-les-marches-petroliers-internationaux-la-hausse-peut-elle-encore-etre-ralentie-questions-et-reponses\/"]}]},{"@type":"ImageObject","inLanguage":"fr-BE","@id":"https:\/\/vieassociative.be\/actualites\/de-nouvelles-turbulences-sur-les-marches-petroliers-internationaux-la-hausse-peut-elle-encore-etre-ralentie-questions-et-reponses\/#primaryimage","url":"https:\/\/vieassociative.be\/actualites\/wp-content\/uploads\/2026\/03\/De-nouvelles-turbulences-sur-les-marches-petroliers-internationaux-la.jpg","contentUrl":"https:\/\/vieassociative.be\/actualites\/wp-content\/uploads\/2026\/03\/De-nouvelles-turbulences-sur-les-marches-petroliers-internationaux-la.jpg","width":2560,"height":1440,"caption":"De nouvelles turbulences sur les march\u00e9s p\u00e9troliers internationaux : la hausse peut-elle encore \u00eatre ralentie ? (Questions et r\u00e9ponses)"},{"@type":"BreadcrumbList","@id":"https:\/\/vieassociative.be\/actualites\/de-nouvelles-turbulences-sur-les-marches-petroliers-internationaux-la-hausse-peut-elle-encore-etre-ralentie-questions-et-reponses\/#breadcrumb","itemListElement":[{"@type":"ListItem","position":1,"name":"Accueil","item":"https:\/\/vieassociative.be\/actualites\/"},{"@type":"ListItem","position":2,"name":"De nouvelles turbulences sur les march\u00e9s p\u00e9troliers internationaux : la hausse peut-elle encore \u00eatre ralentie ? (Questions et r\u00e9ponses)"}]},{"@type":"WebSite","@id":"https:\/\/vieassociative.be\/actualites\/#website","url":"https:\/\/vieassociative.be\/actualites\/","name":"Vie Associative","description":"","publisher":{"@id":"https:\/\/vieassociative.be\/actualites\/#organization"},"potentialAction":[{"@type":"SearchAction","target":{"@type":"EntryPoint","urlTemplate":"https:\/\/vieassociative.be\/actualites\/?s={search_term_string}"},"query-input":{"@type":"PropertyValueSpecification","valueRequired":true,"valueName":"search_term_string"}}],"inLanguage":"fr-BE"},{"@type":"Organization","@id":"https:\/\/vieassociative.be\/actualites\/#organization","name":"Vie Associative","url":"https:\/\/vieassociative.be\/actualites\/","logo":{"@type":"ImageObject","inLanguage":"fr-BE","@id":"https:\/\/vieassociative.be\/actualites\/#\/schema\/logo\/image\/","url":"https:\/\/vieassociative.be\/actualites\/wp-content\/uploads\/2024\/09\/cropped-vieassociative_favicon.ico.png","contentUrl":"https:\/\/vieassociative.be\/actualites\/wp-content\/uploads\/2024\/09\/cropped-vieassociative_favicon.ico.png","width":512,"height":512,"caption":"Vie Associative"},"image":{"@id":"https:\/\/vieassociative.be\/actualites\/#\/schema\/logo\/image\/"}},{"@type":"Person","@id":"https:\/\/vieassociative.be\/actualites\/#\/schema\/person\/b87ac4f82f9d4e7b7cec7395b679edc4","name":"Julien","image":{"@type":"ImageObject","inLanguage":"fr-BE","@id":"https:\/\/vieassociative.be\/actualites\/#\/schema\/person\/image\/","url":"https:\/\/vieassociative.be\/actualites\/wp-content\/uploads\/2024\/09\/vie-associative-1-150x150.jpg","contentUrl":"https:\/\/vieassociative.be\/actualites\/wp-content\/uploads\/2024\/09\/vie-associative-1-150x150.jpg","caption":"Julien"},"description":"Je suis Julien, r\u00e9dacteur pour Vie Associative. Passionn\u00e9 par le monde associatif depuis plus de 10 ans, j'ai \u00e0 c\u0153ur de partager des histoires inspirantes et de mettre en lumi\u00e8re les initiatives locales. Mon objectif est de sensibiliser et d'encourager l'engagement communautaire \u00e0 travers mes articles.","sameAs":["https:\/\/vieassociative.be\/"]}]}},"_links":{"self":[{"href":"https:\/\/vieassociative.be\/actualites\/wp-json\/wp\/v2\/posts\/12951"}],"collection":[{"href":"https:\/\/vieassociative.be\/actualites\/wp-json\/wp\/v2\/posts"}],"about":[{"href":"https:\/\/vieassociative.be\/actualites\/wp-json\/wp\/v2\/types\/post"}],"author":[{"embeddable":true,"href":"https:\/\/vieassociative.be\/actualites\/wp-json\/wp\/v2\/users\/1"}],"replies":[{"embeddable":true,"href":"https:\/\/vieassociative.be\/actualites\/wp-json\/wp\/v2\/comments?post=12951"}],"version-history":[{"count":0,"href":"https:\/\/vieassociative.be\/actualites\/wp-json\/wp\/v2\/posts\/12951\/revisions"}],"wp:featuredmedia":[{"embeddable":true,"href":"https:\/\/vieassociative.be\/actualites\/wp-json\/wp\/v2\/media\/12952"}],"wp:attachment":[{"href":"https:\/\/vieassociative.be\/actualites\/wp-json\/wp\/v2\/media?parent=12951"}],"wp:term":[{"taxonomy":"category","embeddable":true,"href":"https:\/\/vieassociative.be\/actualites\/wp-json\/wp\/v2\/categories?post=12951"},{"taxonomy":"post_tag","embeddable":true,"href":"https:\/\/vieassociative.be\/actualites\/wp-json\/wp\/v2\/tags?post=12951"}],"curies":[{"name":"wp","href":"https:\/\/api.w.org\/{rel}","templated":true}]}}