{"id":12949,"date":"2026-03-09T15:17:00","date_gmt":"2026-03-09T14:17:00","guid":{"rendered":"https:\/\/vieassociative.be\/actualites\/ce-pack-de-deux-cameras-exterieures-arlo-est-actuellement-a-plus-de-100-de-reduction\/"},"modified":"2026-03-09T15:17:00","modified_gmt":"2026-03-09T14:17:00","slug":"ce-pack-de-deux-cameras-exterieures-arlo-est-actuellement-a-plus-de-100-de-reduction","status":"publish","type":"post","link":"https:\/\/vieassociative.be\/actualites\/ce-pack-de-deux-cameras-exterieures-arlo-est-actuellement-a-plus-de-100-de-reduction\/","title":{"rendered":"Ce pack de deux cam\u00e9ras ext\u00e9rieures Arlo est actuellement \u00e0 plus de 100 $ de r\u00e9duction"},"content":{"rendered":"<p>Nous pouvons gagner une commission sur les liens sur cette page. Les prix et la disponibilit\u00e9 de l&rsquo;offre sont sujets \u00e0 changement apr\u00e8s la publication.<\/p>\n<p>Les cam\u00e9ras de s\u00e9curit\u00e9 ext\u00e9rieures sont devenues courantes, mais celles qui \u00e9quilibrent une bonne qualit\u00e9 vid\u00e9o avec une configuration simple ont toujours tendance \u00e0 co\u00fbter assez cher. C&rsquo;est pourquoi cette offre m\u00e9rite le d\u00e9tour. \u00c0 l\u2019heure actuelle, un pack de deux cam\u00e9ras Arlo Essential Spotlight co\u00fbte 151,29 $ chez Woot, contre 259,99 $ sur Amazon pour le m\u00eame forfait. Si vous disposez d&rsquo;Amazon Prime, vous b\u00e9n\u00e9ficierez de la livraison standard gratuite\u00a0; sinon, les frais d&rsquo;exp\u00e9dition sont de 6 $. Woot ne livre pas en Alaska, \u00e0 Hawa\u00ef, aux bo\u00eetes postales ou aux adresses APO. L&rsquo;accord devrait durer une semaine, mais il pourrait se terminer plus t\u00f4t si les cam\u00e9ras sont \u00e9puis\u00e9es.<\/p>\n<p>Physiquement, les cam\u00e9ras sont petites et con\u00e7ues pour une utilisation en ext\u00e9rieur, avec un bo\u00eetier r\u00e9sistant aux intemp\u00e9ries IP65 capable de r\u00e9sister \u00e0 la pluie et \u00e0 la poussi\u00e8re. Ils fonctionnent avec une batterie rechargeable d\u2019une dur\u00e9e allant jusqu\u2019\u00e0 six mois, bien que la dur\u00e9e de vie exacte d\u00e9pend de la fr\u00e9quence \u00e0 laquelle les \u00e9v\u00e9nements de mouvement se produisent. De plus, la batterie n&rsquo;est pas amovible, vous devrez donc retirer l&rsquo;ensemble de l&rsquo;appareil photo et le rentrer \u00e0 l&rsquo;int\u00e9rieur lorsqu&rsquo;il sera temps de le recharger, note cette revue de PCMag.<\/p>\n<div class=\"pogoClear mb-12 mt-10 rounded-md border-2 border-gray-100 py-7 shadow-xl md:py-6\">\n<div class=\"flex flex-wrap justify-between px-7 text-black no-underline md:flex-nowrap md:px-8\">\n<div class=\"order-1 mx-auto flex flex-col justify-center md:order-2 md:ml-4 md:w-full md:grow\">\n<div class=\"block cursor-pointer text-center font-akshar text-2xl font-medium leading-7 text-brand-green duration-200 ease-in-out hover:text-brand-green-700 md:text-left md:text-xl md:leading-6\">Cam\u00e9ra Spotlight Arlo Essential\n                <\/div>\n<div class=\"mt-4 block font-sans text-sm font-medium leading-4 text-gray-900 md:mx-0 md:mt-2\">\n                    <\/div>\n<div class=\"mt-4 hidden md:flex md:justify-between\">\n<div class=\"self-end\">\n<div class=\"mb-0 h-11 md:flex md:flex-col md:justify-center\">\n<div class=\" font-sans leading-4 text-black\">\n<div class=\"flex flex-wrap items-center justify-center gap-1 md:justify-start\">\n        <span class=\"font-bold\"><\/p>\n<p>            151,29\u00a0$<br \/>\n                            <span class=\"font-medium\">chez Woot<\/span><br \/>\n                    <\/span>\n            <\/div>\n<div class=\"flex items-center justify-center gap-x-1 font-bold md:justify-start\">\n            <span class=\"text-sm line-through\">259,99\u00a0$<\/span><br \/>\n            <span class=\"text-sm text-brand-green\">\u00c9conomisez 108,70 $<\/span>\n        <\/div>\n<\/p><\/div>\n<\/p><\/div>\n<\/p><\/div>\n<div class=\"w-44 self-end\">\n                            <button class=\"flex justify-center items-center w-full bg-brand-green text-white text-base font-sans font-medium rounded-md hover:bg-brand-green-700 hover:cursor-pointer md:text-sm h-11\"><\/p>\n<p>    Obtenez une offre<br \/>\n<\/button>\n                        <\/div>\n<\/p><\/div>\n<\/p><\/div>\n<div class=\"order-2 mt-5 h-auto w-full md:order-1 md:mt-0 md:hidden\">\n<div class=\"flex aspect-video items-center justify-center\">\n                                            <img decoding=\"async\" class=\"m-0 max-h-full max-w-full rounded-md\" src=\"https:\/\/vieassociative.be\/actualites\/wp-content\/uploads\/2026\/03\/Ce-pack-de-deux-cameras-exterieures-Arlo-est-actuellement-a.png\" alt=\"Cam\u00e9ra Spotlight Arlo Essential\" width=\"auto\" height=\"auto\" loading=\"lazy\">\n                                    <\/div>\n<\/p><\/div>\n<div class=\"order-2 ml-2 hidden w-32 shrink-0 items-center md:order-1 md:ml-0 md:flex\">\n<div class=\"flex aspect-video items-center justify-center\">\n                                            <img decoding=\"async\" class=\"m-0 max-h-full max-w-full rounded-md\" src=\"https:\/\/vieassociative.be\/actualites\/wp-content\/uploads\/2026\/03\/Ce-pack-de-deux-cameras-exterieures-Arlo-est-actuellement-a.png\" alt=\"Cam\u00e9ra Spotlight Arlo Essential\" width=\"auto\" height=\"auto\" loading=\"lazy\">\n                                    <\/div>\n<\/p><\/div>\n<div class=\"order-3 flex grow flex-wrap md:hidden md:grow-0\">\n<div class=\"mt-4 w-full\">\n                        <button class=\"flex justify-center items-center w-full bg-brand-green text-white text-base font-sans font-medium rounded-md hover:bg-brand-green-700 hover:cursor-pointer md:text-sm h-11\"><\/p>\n<p>    Obtenez une offre<br \/>\n<\/button>\n                    <\/div>\n<div class=\"mx-2 mt-4 w-full\">\n<div class=\" font-sans leading-4 text-black\">\n<div class=\"flex flex-wrap items-center justify-center gap-1 md:justify-start\">\n        <span class=\"font-bold\"><\/p>\n<p>            151,29\u00a0$<br \/>\n                            <span class=\"font-medium\">chez Woot<\/span><br \/>\n                    <\/span>\n            <\/div>\n<div class=\"flex items-center justify-center gap-x-1 font-bold md:justify-start\">\n            <span class=\"text-sm line-through\">259,99\u00a0$<\/span><br \/>\n            <span class=\"text-sm text-brand-green\">\u00c9conomisez 108,70 $<\/span>\n        <\/div>\n<\/p><\/div>\n<\/p><\/div>\n<\/p><\/div>\n<\/p><\/div>\n<\/div>\n<p>La cam\u00e9ra enregistre une vid\u00e9o 1080p avec un champ de vision de 130 degr\u00e9s, ce qui vous donne une vue large des all\u00e9es, des cours ou des entr\u00e9es sans avoir besoin de plusieurs cam\u00e9ras. Les images de jour semblent nettes et d\u00e9taill\u00e9es, et la cam\u00e9ra comprend un zoom num\u00e9rique 12 \u00d7 si vous souhaitez inspecter quelque chose dans le cadre de plus pr\u00e8s. Quant aux images nocturnes, lorsqu&rsquo;un mouvement est d\u00e9tect\u00e9, un projecteur LED int\u00e9gr\u00e9 peut s&rsquo;allumer et \u00e9clairer la sc\u00e8ne afin que la cam\u00e9ra enregistre une vid\u00e9o nocturne en couleur au lieu de la vue habituelle en noir et blanc. Il fonctionne \u00e9galement avec Amazon Alexa, Google Assistant et IFTTT, ce qui signifie que vous pouvez afficher le flux sur un \u00e9cran intelligent ou d\u00e9clencher d&rsquo;autres appareils intelligents lorsqu&rsquo;un mouvement est d\u00e9tect\u00e9. Cette cam\u00e9ra ne prend pas en charge Apple HomeKit. <\/p>\n<p>Les alertes de mouvement s&rsquo;affichent rapidement sur votre t\u00e9l\u00e9phone et le syst\u00e8me peut identifier les personnes, les animaux et les v\u00e9hicules gr\u00e2ce aux fonctionnalit\u00e9s de d\u00e9tection avanc\u00e9es d&rsquo;Arlo. Le probl\u00e8me est que ces alertes plus intelligentes et ces clips enregistr\u00e9s n\u00e9cessitent un abonnement Arlo Secure. Sans cela, vous b\u00e9n\u00e9ficiez toujours d&rsquo;une visualisation en direct et d&rsquo;alertes de base, mais les vid\u00e9os enregistr\u00e9es et certains outils de d\u00e9tection sont verrouill\u00e9s derri\u00e8re un forfait mensuel commen\u00e7ant \u00e0 7,99 $ par mois pour une cam\u00e9ra.<\/p>\n<hr>\n<div class=\" relative flex justify-center py-16 md:left-1\/2 md:w-(780px) md:max-w-max md:-translate-x-1\/2\">\n<div class=\"w-max text-center sm:text-left\">\n<div class=\"custom-gradient-background mb-6 rounded-md p-(2px) sm:rounded-tl-none\">\n<div class=\"flex flex-col rounded bg-white sm:rounded-tl-none\">\n                    <span class=\"-mt-4 block w-fit max-w-(calc(100%-1rem)) self-center bg-white px-3 text-center font-akshar text-xl font-medium capitalize text-gray-800 sm:max-w-(calc(100%-2.5rem)) sm:self-start sm:px-10 sm:text-left sm:text-2xl\">Nos meilleures offres technologiques approuv\u00e9es par les \u00e9diteurs en ce moment<\/span><\/p>\n<div class=\"flex flex-col gap-3 p-3 pb-4 text-sm sm:p-10 sm:pt-6 sm:text-justify sm:text-base\">\n<div>\n<p>    \u00c9couteurs sans fil \u00e0 suppression active du bruit Apple AirPods 4<\/p>\n<p>                                <span class=\"text-black\"><br \/>\n                                    \u2014<br \/>\n                                    <span class=\"font-bold\">119,00\u00a0$<\/span><br \/>\n                                    <span class=\"!text-xs italic sm:!text-sm\"><\/p>\n<p>                                        (Prix catalogue 179,00 $)<br \/>\n                                    <\/span><br \/>\n                                <\/span>\n                            <\/div>\n<div>\n<p>    Samsung Galaxy S26 512 Go + carte-cadeau Amazon de 100 $ (noir)<\/p>\n<p>                                <span class=\"text-black\"><br \/>\n                                    \u2014<br \/>\n                                    <span class=\"font-bold\">899,99\u00a0$<\/span><br \/>\n                                    <span class=\"!text-xs italic sm:!text-sm\"><\/p>\n<p>                                        (Prix catalogue 1\u00a0099,99\u00a0$)<br \/>\n                                    <\/span><br \/>\n                                <\/span>\n                            <\/div>\n<div>\n<p>    \u00c9couteurs sans fil \u00e0 r\u00e9duction de bruit Samsung Galaxy Buds 4 AI + carte-cadeau Amazon de 20 $<\/p>\n<p>                                <span class=\"text-black\"><br \/>\n                                    \u2014<br \/>\n                                    <span class=\"font-bold\">179,99\u00a0$<\/span><br \/>\n                                    <span class=\"!text-xs italic sm:!text-sm\"><\/p>\n<p>                                        (Prix catalogue 199,99 $)<br \/>\n                                    <\/span><br \/>\n                                <\/span>\n                            <\/div>\n<div>\n<p>    Google Pixel 10a 128 Go 6,3&Prime; Smartphone d\u00e9bloqu\u00e9 + carte-cadeau de 100\u00a0$<\/p>\n<p>                                <span class=\"text-black\"><br \/>\n                                    \u2014<br \/>\n                                    <span class=\"font-bold\">499,00\u00a0$<\/span><br \/>\n                                    <span class=\"!text-xs italic sm:!text-sm\"><\/p>\n<p>                                        (Prix catalogue 599,00 $)<br \/>\n                                    <\/span><br \/>\n                                <\/span>\n                            <\/div>\n<div>\n<p>    Apple iPad 11&Prime; 128 Go A16 WiFi Tablette (Bleu, 2025)<\/p>\n<p>                                <span class=\"text-black\"><br \/>\n                                    \u2014<br \/>\n                                    <span class=\"font-bold\">329,00\u00a0$<\/span><br \/>\n                                    <span class=\"!text-xs italic sm:!text-sm\"><\/p>\n<p>                                        (Prix catalogue 349,00 $)<br \/>\n                                    <\/span><br \/>\n                                <\/span>\n                            <\/div>\n<div>\n<p>    Montre intelligente Apple Watch Series 11 (GPS 46 mm) avec bo\u00eetier en aluminium noir de jais et bracelet sport noir &#8211; M\/L. Score de sommeil, tracker d&rsquo;activit\u00e9, surveillance de la sant\u00e9, affichage permanent, r\u00e9sistant \u00e0 l&rsquo;eau<\/p>\n<p>                                <span class=\"text-black\"><br \/>\n                                    \u2014<br \/>\n                                    <span class=\"font-bold\">329,00\u00a0$<\/span><br \/>\n                                    <span class=\"!text-xs italic sm:!text-sm\"><\/p>\n<p>                                        (Prix catalogue 429,00 $)<br \/>\n                                    <\/span><br \/>\n                                <\/span>\n                            <\/div>\n<div>\n<p>    Barre de son Amazon Fire TV<\/p>\n<p>                                <span class=\"text-black\"><br \/>\n                                    \u2014<br \/>\n                                    <span class=\"font-bold\">99,99\u00a0$<\/span><br \/>\n                                    <span class=\"!text-xs italic sm:!text-sm\"><\/p>\n<p>                                        (Prix catalogue 119,99 $)<br \/>\n                                    <\/span><br \/>\n                                <\/span>\n                            <\/div>\n<\/p><\/div>\n<\/p><\/div>\n<\/p><\/div>\n<div class=\"flex flex-col items-center justify-between text-black sm:flex-row sm:px-6\">\n                <span class=\"text-xs italic sm:ml-7 sm:text-sm\">Les offres sont s\u00e9lectionn\u00e9es par notre \u00e9quipe commerciale<\/span><\/p><\/div>\n<\/p><\/div>\n<\/p><\/div>\n","protected":false},"excerpt":{"rendered":"<p>Nous pouvons gagner une commission sur les liens sur cette page. Les prix et la disponibilit\u00e9 de l&rsquo;offre sont sujets \u00e0 changement apr\u00e8s la publication.<\/p>\n","protected":false},"author":1,"featured_media":12950,"comment_status":"","ping_status":"","sticky":false,"template":"","format":"standard","meta":{"footnotes":""},"categories":[13],"tags":[19,2739,3519,114,76,3520,7248,308],"class_list":["post-12949","post","type-post","status-publish","format-standard","has-post-thumbnail","hentry","category-technologie","tag-actuellement","tag-arlo","tag-cameras","tag-deux","tag-est","tag-exterieures","tag-pack","tag-reduction","generate-columns","tablet-grid-50","mobile-grid-100","grid-parent","grid-33"],"yoast_head":"<!-- This site is optimized with the Yoast SEO plugin v24.0 - https:\/\/yoast.com\/wordpress\/plugins\/seo\/ -->\n<title>Ce pack de deux cam\u00e9ras ext\u00e9rieures Arlo est actuellement \u00e0 plus de 100 $ de r\u00e9duction | Vie Associative<\/title>\n<meta name=\"robots\" content=\"index, follow, max-snippet:-1, max-image-preview:large, max-video-preview:-1\" \/>\n<link rel=\"canonical\" href=\"https:\/\/vieassociative.be\/actualites\/ce-pack-de-deux-cameras-exterieures-arlo-est-actuellement-a-plus-de-100-de-reduction\/\" \/>\n<meta property=\"og:locale\" content=\"fr_FR\" \/>\n<meta property=\"og:type\" content=\"article\" \/>\n<meta property=\"og:title\" content=\"Ce pack de deux cam\u00e9ras ext\u00e9rieures Arlo est actuellement \u00e0 plus de 100 $ de r\u00e9duction | Vie Associative\" \/>\n<meta property=\"og:description\" content=\"Nous pouvons gagner une commission sur les liens sur cette page. Les prix et la disponibilit\u00e9 de l&rsquo;offre sont sujets \u00e0 changement apr\u00e8s la publication.\" \/>\n<meta property=\"og:url\" content=\"https:\/\/vieassociative.be\/actualites\/ce-pack-de-deux-cameras-exterieures-arlo-est-actuellement-a-plus-de-100-de-reduction\/\" \/>\n<meta property=\"og:site_name\" content=\"Vie Associative\" \/>\n<meta property=\"article:published_time\" content=\"2026-03-09T14:17:00+00:00\" \/>\n<meta property=\"og:image\" content=\"https:\/\/vieassociative.be\/actualites\/wp-content\/uploads\/2026\/03\/Ce-pack-de-deux-cameras-exterieures-Arlo-est-actuellement-a.png\" \/>\n<meta name=\"author\" content=\"Julien\" \/>\n<meta name=\"twitter:card\" content=\"summary_large_image\" \/>\n<meta name=\"twitter:label1\" content=\"\u00c9crit par\" \/>\n\t<meta name=\"twitter:data1\" content=\"Julien\" \/>\n\t<meta name=\"twitter:label2\" content=\"Dur\u00e9e de lecture est.\" \/>\n\t<meta name=\"twitter:data2\" content=\"3 minutes\" \/>\n<script type=\"application\/ld+json\" class=\"yoast-schema-graph\">{\"@context\":\"https:\/\/schema.org\",\"@graph\":[{\"@type\":\"Article\",\"@id\":\"https:\/\/vieassociative.be\/actualites\/ce-pack-de-deux-cameras-exterieures-arlo-est-actuellement-a-plus-de-100-de-reduction\/#article\",\"isPartOf\":{\"@id\":\"https:\/\/vieassociative.be\/actualites\/ce-pack-de-deux-cameras-exterieures-arlo-est-actuellement-a-plus-de-100-de-reduction\/\"},\"author\":{\"name\":\"Julien\",\"@id\":\"https:\/\/vieassociative.be\/actualites\/#\/schema\/person\/b87ac4f82f9d4e7b7cec7395b679edc4\"},\"headline\":\"Ce pack de deux cam\u00e9ras ext\u00e9rieures Arlo est actuellement \u00e0 plus de 100 $ de r\u00e9duction\",\"datePublished\":\"2026-03-09T14:17:00+00:00\",\"dateModified\":\"2026-03-09T14:17:00+00:00\",\"mainEntityOfPage\":{\"@id\":\"https:\/\/vieassociative.be\/actualites\/ce-pack-de-deux-cameras-exterieures-arlo-est-actuellement-a-plus-de-100-de-reduction\/\"},\"wordCount\":682,\"publisher\":{\"@id\":\"https:\/\/vieassociative.be\/actualites\/#organization\"},\"image\":{\"@id\":\"https:\/\/vieassociative.be\/actualites\/ce-pack-de-deux-cameras-exterieures-arlo-est-actuellement-a-plus-de-100-de-reduction\/#primaryimage\"},\"thumbnailUrl\":\"https:\/\/vieassociative.be\/actualites\/wp-content\/uploads\/2026\/03\/1773065822_Ce-pack-de-deux-cameras-exterieures-Arlo-est-actuellement-a.png\",\"keywords\":[\"actuellement\",\"Arlo\",\"cam\u00e9ras\",\"deux\",\"est\",\"ext\u00e9rieures\",\"pack\",\"r\u00e9duction\"],\"articleSection\":[\"Technologie\"],\"inLanguage\":\"fr-BE\"},{\"@type\":\"WebPage\",\"@id\":\"https:\/\/vieassociative.be\/actualites\/ce-pack-de-deux-cameras-exterieures-arlo-est-actuellement-a-plus-de-100-de-reduction\/\",\"url\":\"https:\/\/vieassociative.be\/actualites\/ce-pack-de-deux-cameras-exterieures-arlo-est-actuellement-a-plus-de-100-de-reduction\/\",\"name\":\"Ce pack de deux cam\u00e9ras ext\u00e9rieures Arlo est actuellement \u00e0 plus de 100 $ de r\u00e9duction | Vie Associative\",\"isPartOf\":{\"@id\":\"https:\/\/vieassociative.be\/actualites\/#website\"},\"primaryImageOfPage\":{\"@id\":\"https:\/\/vieassociative.be\/actualites\/ce-pack-de-deux-cameras-exterieures-arlo-est-actuellement-a-plus-de-100-de-reduction\/#primaryimage\"},\"image\":{\"@id\":\"https:\/\/vieassociative.be\/actualites\/ce-pack-de-deux-cameras-exterieures-arlo-est-actuellement-a-plus-de-100-de-reduction\/#primaryimage\"},\"thumbnailUrl\":\"https:\/\/vieassociative.be\/actualites\/wp-content\/uploads\/2026\/03\/1773065822_Ce-pack-de-deux-cameras-exterieures-Arlo-est-actuellement-a.png\",\"datePublished\":\"2026-03-09T14:17:00+00:00\",\"dateModified\":\"2026-03-09T14:17:00+00:00\",\"breadcrumb\":{\"@id\":\"https:\/\/vieassociative.be\/actualites\/ce-pack-de-deux-cameras-exterieures-arlo-est-actuellement-a-plus-de-100-de-reduction\/#breadcrumb\"},\"inLanguage\":\"fr-BE\",\"potentialAction\":[{\"@type\":\"ReadAction\",\"target\":[\"https:\/\/vieassociative.be\/actualites\/ce-pack-de-deux-cameras-exterieures-arlo-est-actuellement-a-plus-de-100-de-reduction\/\"]}]},{\"@type\":\"ImageObject\",\"inLanguage\":\"fr-BE\",\"@id\":\"https:\/\/vieassociative.be\/actualites\/ce-pack-de-deux-cameras-exterieures-arlo-est-actuellement-a-plus-de-100-de-reduction\/#primaryimage\",\"url\":\"https:\/\/vieassociative.be\/actualites\/wp-content\/uploads\/2026\/03\/1773065822_Ce-pack-de-deux-cameras-exterieures-Arlo-est-actuellement-a.png\",\"contentUrl\":\"https:\/\/vieassociative.be\/actualites\/wp-content\/uploads\/2026\/03\/1773065822_Ce-pack-de-deux-cameras-exterieures-Arlo-est-actuellement-a.png\",\"width\":1200,\"height\":675,\"caption\":\"Ce pack de deux cam\u00e9ras ext\u00e9rieures Arlo est actuellement \u00e0 plus de 100 $ de r\u00e9duction\"},{\"@type\":\"BreadcrumbList\",\"@id\":\"https:\/\/vieassociative.be\/actualites\/ce-pack-de-deux-cameras-exterieures-arlo-est-actuellement-a-plus-de-100-de-reduction\/#breadcrumb\",\"itemListElement\":[{\"@type\":\"ListItem\",\"position\":1,\"name\":\"Accueil\",\"item\":\"https:\/\/vieassociative.be\/actualites\/\"},{\"@type\":\"ListItem\",\"position\":2,\"name\":\"Ce pack de deux cam\u00e9ras ext\u00e9rieures Arlo est actuellement \u00e0 plus de 100 $ de r\u00e9duction\"}]},{\"@type\":\"WebSite\",\"@id\":\"https:\/\/vieassociative.be\/actualites\/#website\",\"url\":\"https:\/\/vieassociative.be\/actualites\/\",\"name\":\"Vie Associative\",\"description\":\"\",\"publisher\":{\"@id\":\"https:\/\/vieassociative.be\/actualites\/#organization\"},\"potentialAction\":[{\"@type\":\"SearchAction\",\"target\":{\"@type\":\"EntryPoint\",\"urlTemplate\":\"https:\/\/vieassociative.be\/actualites\/?s={search_term_string}\"},\"query-input\":{\"@type\":\"PropertyValueSpecification\",\"valueRequired\":true,\"valueName\":\"search_term_string\"}}],\"inLanguage\":\"fr-BE\"},{\"@type\":\"Organization\",\"@id\":\"https:\/\/vieassociative.be\/actualites\/#organization\",\"name\":\"Vie Associative\",\"url\":\"https:\/\/vieassociative.be\/actualites\/\",\"logo\":{\"@type\":\"ImageObject\",\"inLanguage\":\"fr-BE\",\"@id\":\"https:\/\/vieassociative.be\/actualites\/#\/schema\/logo\/image\/\",\"url\":\"https:\/\/vieassociative.be\/actualites\/wp-content\/uploads\/2024\/09\/cropped-vieassociative_favicon.ico.png\",\"contentUrl\":\"https:\/\/vieassociative.be\/actualites\/wp-content\/uploads\/2024\/09\/cropped-vieassociative_favicon.ico.png\",\"width\":512,\"height\":512,\"caption\":\"Vie Associative\"},\"image\":{\"@id\":\"https:\/\/vieassociative.be\/actualites\/#\/schema\/logo\/image\/\"}},{\"@type\":\"Person\",\"@id\":\"https:\/\/vieassociative.be\/actualites\/#\/schema\/person\/b87ac4f82f9d4e7b7cec7395b679edc4\",\"name\":\"Julien\",\"image\":{\"@type\":\"ImageObject\",\"inLanguage\":\"fr-BE\",\"@id\":\"https:\/\/vieassociative.be\/actualites\/#\/schema\/person\/image\/\",\"url\":\"https:\/\/vieassociative.be\/actualites\/wp-content\/uploads\/2024\/09\/vie-associative-1-150x150.jpg\",\"contentUrl\":\"https:\/\/vieassociative.be\/actualites\/wp-content\/uploads\/2024\/09\/vie-associative-1-150x150.jpg\",\"caption\":\"Julien\"},\"description\":\"Je suis Julien, r\u00e9dacteur pour Vie Associative. Passionn\u00e9 par le monde associatif depuis plus de 10 ans, j'ai \u00e0 c\u0153ur de partager des histoires inspirantes et de mettre en lumi\u00e8re les initiatives locales. Mon objectif est de sensibiliser et d'encourager l'engagement communautaire \u00e0 travers mes articles.\",\"sameAs\":[\"https:\/\/vieassociative.be\/\"]}]}<\/script>\n<!-- \/ Yoast SEO plugin. -->","yoast_head_json":{"title":"Ce pack de deux cam\u00e9ras ext\u00e9rieures Arlo est actuellement \u00e0 plus de 100 $ de r\u00e9duction | Vie Associative","robots":{"index":"index","follow":"follow","max-snippet":"max-snippet:-1","max-image-preview":"max-image-preview:large","max-video-preview":"max-video-preview:-1"},"canonical":"https:\/\/vieassociative.be\/actualites\/ce-pack-de-deux-cameras-exterieures-arlo-est-actuellement-a-plus-de-100-de-reduction\/","og_locale":"fr_FR","og_type":"article","og_title":"Ce pack de deux cam\u00e9ras ext\u00e9rieures Arlo est actuellement \u00e0 plus de 100 $ de r\u00e9duction | Vie Associative","og_description":"Nous pouvons gagner une commission sur les liens sur cette page. Les prix et la disponibilit\u00e9 de l&rsquo;offre sont sujets \u00e0 changement apr\u00e8s la publication.","og_url":"https:\/\/vieassociative.be\/actualites\/ce-pack-de-deux-cameras-exterieures-arlo-est-actuellement-a-plus-de-100-de-reduction\/","og_site_name":"Vie Associative","article_published_time":"2026-03-09T14:17:00+00:00","og_image":[{"url":"https:\/\/vieassociative.be\/actualites\/wp-content\/uploads\/2026\/03\/Ce-pack-de-deux-cameras-exterieures-Arlo-est-actuellement-a.png","type":"","width":"","height":""}],"author":"Julien","twitter_card":"summary_large_image","twitter_misc":{"\u00c9crit par":"Julien","Dur\u00e9e de lecture est.":"3 minutes"},"schema":{"@context":"https:\/\/schema.org","@graph":[{"@type":"Article","@id":"https:\/\/vieassociative.be\/actualites\/ce-pack-de-deux-cameras-exterieures-arlo-est-actuellement-a-plus-de-100-de-reduction\/#article","isPartOf":{"@id":"https:\/\/vieassociative.be\/actualites\/ce-pack-de-deux-cameras-exterieures-arlo-est-actuellement-a-plus-de-100-de-reduction\/"},"author":{"name":"Julien","@id":"https:\/\/vieassociative.be\/actualites\/#\/schema\/person\/b87ac4f82f9d4e7b7cec7395b679edc4"},"headline":"Ce pack de deux cam\u00e9ras ext\u00e9rieures Arlo est actuellement \u00e0 plus de 100 $ de r\u00e9duction","datePublished":"2026-03-09T14:17:00+00:00","dateModified":"2026-03-09T14:17:00+00:00","mainEntityOfPage":{"@id":"https:\/\/vieassociative.be\/actualites\/ce-pack-de-deux-cameras-exterieures-arlo-est-actuellement-a-plus-de-100-de-reduction\/"},"wordCount":682,"publisher":{"@id":"https:\/\/vieassociative.be\/actualites\/#organization"},"image":{"@id":"https:\/\/vieassociative.be\/actualites\/ce-pack-de-deux-cameras-exterieures-arlo-est-actuellement-a-plus-de-100-de-reduction\/#primaryimage"},"thumbnailUrl":"https:\/\/vieassociative.be\/actualites\/wp-content\/uploads\/2026\/03\/1773065822_Ce-pack-de-deux-cameras-exterieures-Arlo-est-actuellement-a.png","keywords":["actuellement","Arlo","cam\u00e9ras","deux","est","ext\u00e9rieures","pack","r\u00e9duction"],"articleSection":["Technologie"],"inLanguage":"fr-BE"},{"@type":"WebPage","@id":"https:\/\/vieassociative.be\/actualites\/ce-pack-de-deux-cameras-exterieures-arlo-est-actuellement-a-plus-de-100-de-reduction\/","url":"https:\/\/vieassociative.be\/actualites\/ce-pack-de-deux-cameras-exterieures-arlo-est-actuellement-a-plus-de-100-de-reduction\/","name":"Ce pack de deux cam\u00e9ras ext\u00e9rieures Arlo est actuellement \u00e0 plus de 100 $ de r\u00e9duction | Vie Associative","isPartOf":{"@id":"https:\/\/vieassociative.be\/actualites\/#website"},"primaryImageOfPage":{"@id":"https:\/\/vieassociative.be\/actualites\/ce-pack-de-deux-cameras-exterieures-arlo-est-actuellement-a-plus-de-100-de-reduction\/#primaryimage"},"image":{"@id":"https:\/\/vieassociative.be\/actualites\/ce-pack-de-deux-cameras-exterieures-arlo-est-actuellement-a-plus-de-100-de-reduction\/#primaryimage"},"thumbnailUrl":"https:\/\/vieassociative.be\/actualites\/wp-content\/uploads\/2026\/03\/1773065822_Ce-pack-de-deux-cameras-exterieures-Arlo-est-actuellement-a.png","datePublished":"2026-03-09T14:17:00+00:00","dateModified":"2026-03-09T14:17:00+00:00","breadcrumb":{"@id":"https:\/\/vieassociative.be\/actualites\/ce-pack-de-deux-cameras-exterieures-arlo-est-actuellement-a-plus-de-100-de-reduction\/#breadcrumb"},"inLanguage":"fr-BE","potentialAction":[{"@type":"ReadAction","target":["https:\/\/vieassociative.be\/actualites\/ce-pack-de-deux-cameras-exterieures-arlo-est-actuellement-a-plus-de-100-de-reduction\/"]}]},{"@type":"ImageObject","inLanguage":"fr-BE","@id":"https:\/\/vieassociative.be\/actualites\/ce-pack-de-deux-cameras-exterieures-arlo-est-actuellement-a-plus-de-100-de-reduction\/#primaryimage","url":"https:\/\/vieassociative.be\/actualites\/wp-content\/uploads\/2026\/03\/1773065822_Ce-pack-de-deux-cameras-exterieures-Arlo-est-actuellement-a.png","contentUrl":"https:\/\/vieassociative.be\/actualites\/wp-content\/uploads\/2026\/03\/1773065822_Ce-pack-de-deux-cameras-exterieures-Arlo-est-actuellement-a.png","width":1200,"height":675,"caption":"Ce pack de deux cam\u00e9ras ext\u00e9rieures Arlo est actuellement \u00e0 plus de 100 $ de r\u00e9duction"},{"@type":"BreadcrumbList","@id":"https:\/\/vieassociative.be\/actualites\/ce-pack-de-deux-cameras-exterieures-arlo-est-actuellement-a-plus-de-100-de-reduction\/#breadcrumb","itemListElement":[{"@type":"ListItem","position":1,"name":"Accueil","item":"https:\/\/vieassociative.be\/actualites\/"},{"@type":"ListItem","position":2,"name":"Ce pack de deux cam\u00e9ras ext\u00e9rieures Arlo est actuellement \u00e0 plus de 100 $ de r\u00e9duction"}]},{"@type":"WebSite","@id":"https:\/\/vieassociative.be\/actualites\/#website","url":"https:\/\/vieassociative.be\/actualites\/","name":"Vie Associative","description":"","publisher":{"@id":"https:\/\/vieassociative.be\/actualites\/#organization"},"potentialAction":[{"@type":"SearchAction","target":{"@type":"EntryPoint","urlTemplate":"https:\/\/vieassociative.be\/actualites\/?s={search_term_string}"},"query-input":{"@type":"PropertyValueSpecification","valueRequired":true,"valueName":"search_term_string"}}],"inLanguage":"fr-BE"},{"@type":"Organization","@id":"https:\/\/vieassociative.be\/actualites\/#organization","name":"Vie Associative","url":"https:\/\/vieassociative.be\/actualites\/","logo":{"@type":"ImageObject","inLanguage":"fr-BE","@id":"https:\/\/vieassociative.be\/actualites\/#\/schema\/logo\/image\/","url":"https:\/\/vieassociative.be\/actualites\/wp-content\/uploads\/2024\/09\/cropped-vieassociative_favicon.ico.png","contentUrl":"https:\/\/vieassociative.be\/actualites\/wp-content\/uploads\/2024\/09\/cropped-vieassociative_favicon.ico.png","width":512,"height":512,"caption":"Vie Associative"},"image":{"@id":"https:\/\/vieassociative.be\/actualites\/#\/schema\/logo\/image\/"}},{"@type":"Person","@id":"https:\/\/vieassociative.be\/actualites\/#\/schema\/person\/b87ac4f82f9d4e7b7cec7395b679edc4","name":"Julien","image":{"@type":"ImageObject","inLanguage":"fr-BE","@id":"https:\/\/vieassociative.be\/actualites\/#\/schema\/person\/image\/","url":"https:\/\/vieassociative.be\/actualites\/wp-content\/uploads\/2024\/09\/vie-associative-1-150x150.jpg","contentUrl":"https:\/\/vieassociative.be\/actualites\/wp-content\/uploads\/2024\/09\/vie-associative-1-150x150.jpg","caption":"Julien"},"description":"Je suis Julien, r\u00e9dacteur pour Vie Associative. Passionn\u00e9 par le monde associatif depuis plus de 10 ans, j'ai \u00e0 c\u0153ur de partager des histoires inspirantes et de mettre en lumi\u00e8re les initiatives locales. Mon objectif est de sensibiliser et d'encourager l'engagement communautaire \u00e0 travers mes articles.","sameAs":["https:\/\/vieassociative.be\/"]}]}},"_links":{"self":[{"href":"https:\/\/vieassociative.be\/actualites\/wp-json\/wp\/v2\/posts\/12949"}],"collection":[{"href":"https:\/\/vieassociative.be\/actualites\/wp-json\/wp\/v2\/posts"}],"about":[{"href":"https:\/\/vieassociative.be\/actualites\/wp-json\/wp\/v2\/types\/post"}],"author":[{"embeddable":true,"href":"https:\/\/vieassociative.be\/actualites\/wp-json\/wp\/v2\/users\/1"}],"replies":[{"embeddable":true,"href":"https:\/\/vieassociative.be\/actualites\/wp-json\/wp\/v2\/comments?post=12949"}],"version-history":[{"count":0,"href":"https:\/\/vieassociative.be\/actualites\/wp-json\/wp\/v2\/posts\/12949\/revisions"}],"wp:featuredmedia":[{"embeddable":true,"href":"https:\/\/vieassociative.be\/actualites\/wp-json\/wp\/v2\/media\/12950"}],"wp:attachment":[{"href":"https:\/\/vieassociative.be\/actualites\/wp-json\/wp\/v2\/media?parent=12949"}],"wp:term":[{"taxonomy":"category","embeddable":true,"href":"https:\/\/vieassociative.be\/actualites\/wp-json\/wp\/v2\/categories?post=12949"},{"taxonomy":"post_tag","embeddable":true,"href":"https:\/\/vieassociative.be\/actualites\/wp-json\/wp\/v2\/tags?post=12949"}],"curies":[{"name":"wp","href":"https:\/\/api.w.org\/{rel}","templated":true}]}}