{"id":12948,"date":"2026-03-09T10:16:58","date_gmt":"2026-03-09T09:16:58","guid":{"rendered":"https:\/\/vieassociative.be\/actualites\/explosion-devant-la-synagogue-de-liege-aucun-blesse\/"},"modified":"2026-03-09T10:16:58","modified_gmt":"2026-03-09T09:16:58","slug":"explosion-devant-la-synagogue-de-liege-aucun-blesse","status":"publish","type":"post","link":"https:\/\/vieassociative.be\/actualites\/explosion-devant-la-synagogue-de-liege-aucun-blesse\/","title":{"rendered":"Explosion devant la synagogue de Li\u00e8ge \u2013 aucun bless\u00e9"},"content":{"rendered":"<p><strong>Dans la nuit de dimanche \u00e0 lundi, une explosion s&rsquo;est produite devant la synagogue de Li\u00e8ge. Personne n&rsquo;a \u00e9t\u00e9 bless\u00e9.<\/strong><\/p>\n<p><span id=\"more-437443\"><\/span>Cependant, comme le rapporte la police, des d\u00e9g\u00e2ts mat\u00e9riels ont \u00e9t\u00e9 constat\u00e9s. Les vitres des b\u00e2timents de l&rsquo;autre c\u00f4t\u00e9 de la rue ont \u00e9t\u00e9 d\u00e9truites par l&rsquo;explosion. La route est initialement rest\u00e9e ferm\u00e9e pendant l&rsquo;enqu\u00eate.<\/p>\n<p>Le bourgmestre de Li\u00e8ge, Willy Demeyer, a qualifi\u00e9 l\u2019explosion d\u2019\u00ab acte d\u2019antis\u00e9mitisme extr\u00eamement violent \u00bb. \u00ab Le maire et le corps professoral expriment leur plus ferme condamnation de cet acte d\u2019antis\u00e9mitisme extr\u00eamement violent. \u00bb<\/p>\n<p>Le pr\u00e9sident du Comit\u00e9 de coordination des organisations juives de Belgique (CCOJB), Yves Oschinsky, a \u00e9voqu\u00e9 un \u00ab acte antis\u00e9mite extr\u00eamement inqui\u00e9tant, grave et inqui\u00e9tant \u00bb, a rapport\u00e9 l&rsquo;agence de presse Belga. (dpa\/cr\u00e9)<\/p>\n","protected":false},"excerpt":{"rendered":"<p>Dans la nuit de dimanche \u00e0 lundi, une explosion s&rsquo;est produite devant la synagogue de Li\u00e8ge. Personne n&rsquo;a \u00e9t\u00e9 bless\u00e9. Cependant, comme le rapporte la<\/p>\n","protected":false},"author":1,"featured_media":2282,"comment_status":"","ping_status":"","sticky":false,"template":"","format":"standard","meta":{"footnotes":""},"categories":[298],"tags":[3202,981,2381,10195,6554,10196],"class_list":["post-12948","post","type-post","status-publish","format-standard","has-post-thumbnail","hentry","category-belgique","tag-aucun","tag-blesse","tag-devant","tag-explosion","tag-liege","tag-synagogue","generate-columns","tablet-grid-50","mobile-grid-100","grid-parent","grid-33"],"yoast_head":"<!-- This site is optimized with the Yoast SEO plugin v24.0 - https:\/\/yoast.com\/wordpress\/plugins\/seo\/ -->\n<title>Explosion devant la synagogue de Li\u00e8ge \u2013 aucun bless\u00e9 | Vie Associative<\/title>\n<meta name=\"robots\" content=\"index, follow, max-snippet:-1, max-image-preview:large, max-video-preview:-1\" \/>\n<link rel=\"canonical\" href=\"https:\/\/vieassociative.be\/actualites\/explosion-devant-la-synagogue-de-liege-aucun-blesse\/\" \/>\n<meta property=\"og:locale\" content=\"fr_FR\" \/>\n<meta property=\"og:type\" content=\"article\" \/>\n<meta property=\"og:title\" content=\"Explosion devant la synagogue de Li\u00e8ge \u2013 aucun bless\u00e9 | Vie Associative\" \/>\n<meta property=\"og:description\" content=\"Dans la nuit de dimanche \u00e0 lundi, une explosion s&rsquo;est produite devant la synagogue de Li\u00e8ge. Personne n&rsquo;a \u00e9t\u00e9 bless\u00e9. Cependant, comme le rapporte la\" \/>\n<meta property=\"og:url\" content=\"https:\/\/vieassociative.be\/actualites\/explosion-devant-la-synagogue-de-liege-aucun-blesse\/\" \/>\n<meta property=\"og:site_name\" content=\"Vie Associative\" \/>\n<meta property=\"article:published_time\" content=\"2026-03-09T09:16:58+00:00\" \/>\n<meta property=\"og:image\" content=\"https:\/\/vieassociative.be\/actualites\/wp-content\/uploads\/2024\/09\/header_backgroundk-01-e1726694325946.png\" \/>\n\t<meta property=\"og:image:width\" content=\"279\" \/>\n\t<meta property=\"og:image:height\" content=\"92\" \/>\n\t<meta property=\"og:image:type\" content=\"image\/png\" \/>\n<meta name=\"author\" content=\"Julien\" \/>\n<meta name=\"twitter:card\" content=\"summary_large_image\" \/>\n<meta name=\"twitter:label1\" content=\"\u00c9crit par\" \/>\n\t<meta name=\"twitter:data1\" content=\"Julien\" \/>\n\t<meta name=\"twitter:label2\" content=\"Dur\u00e9e de lecture est.\" \/>\n\t<meta name=\"twitter:data2\" content=\"1 minute\" \/>\n<script type=\"application\/ld+json\" class=\"yoast-schema-graph\">{\"@context\":\"https:\/\/schema.org\",\"@graph\":[{\"@type\":\"Article\",\"@id\":\"https:\/\/vieassociative.be\/actualites\/explosion-devant-la-synagogue-de-liege-aucun-blesse\/#article\",\"isPartOf\":{\"@id\":\"https:\/\/vieassociative.be\/actualites\/explosion-devant-la-synagogue-de-liege-aucun-blesse\/\"},\"author\":{\"name\":\"Julien\",\"@id\":\"https:\/\/vieassociative.be\/actualites\/#\/schema\/person\/b87ac4f82f9d4e7b7cec7395b679edc4\"},\"headline\":\"Explosion devant la synagogue de Li\u00e8ge \u2013 aucun bless\u00e9\",\"datePublished\":\"2026-03-09T09:16:58+00:00\",\"dateModified\":\"2026-03-09T09:16:58+00:00\",\"mainEntityOfPage\":{\"@id\":\"https:\/\/vieassociative.be\/actualites\/explosion-devant-la-synagogue-de-liege-aucun-blesse\/\"},\"wordCount\":156,\"publisher\":{\"@id\":\"https:\/\/vieassociative.be\/actualites\/#organization\"},\"image\":{\"@id\":\"https:\/\/vieassociative.be\/actualites\/explosion-devant-la-synagogue-de-liege-aucun-blesse\/#primaryimage\"},\"thumbnailUrl\":\"https:\/\/vieassociative.be\/actualites\/wp-content\/uploads\/2024\/11\/Berloz-Un-enfant-de-quatre-ans-retrouve-mort-la.jpg\",\"keywords\":[\"aucun\",\"blesse\",\"devant\",\"Explosion\",\"Li\u00e8ge\",\"synagogue\"],\"articleSection\":[\"Belgique\"],\"inLanguage\":\"fr-BE\"},{\"@type\":\"WebPage\",\"@id\":\"https:\/\/vieassociative.be\/actualites\/explosion-devant-la-synagogue-de-liege-aucun-blesse\/\",\"url\":\"https:\/\/vieassociative.be\/actualites\/explosion-devant-la-synagogue-de-liege-aucun-blesse\/\",\"name\":\"Explosion devant la synagogue de Li\u00e8ge \u2013 aucun bless\u00e9 | Vie Associative\",\"isPartOf\":{\"@id\":\"https:\/\/vieassociative.be\/actualites\/#website\"},\"primaryImageOfPage\":{\"@id\":\"https:\/\/vieassociative.be\/actualites\/explosion-devant-la-synagogue-de-liege-aucun-blesse\/#primaryimage\"},\"image\":{\"@id\":\"https:\/\/vieassociative.be\/actualites\/explosion-devant-la-synagogue-de-liege-aucun-blesse\/#primaryimage\"},\"thumbnailUrl\":\"https:\/\/vieassociative.be\/actualites\/wp-content\/uploads\/2024\/11\/Berloz-Un-enfant-de-quatre-ans-retrouve-mort-la.jpg\",\"datePublished\":\"2026-03-09T09:16:58+00:00\",\"dateModified\":\"2026-03-09T09:16:58+00:00\",\"breadcrumb\":{\"@id\":\"https:\/\/vieassociative.be\/actualites\/explosion-devant-la-synagogue-de-liege-aucun-blesse\/#breadcrumb\"},\"inLanguage\":\"fr-BE\",\"potentialAction\":[{\"@type\":\"ReadAction\",\"target\":[\"https:\/\/vieassociative.be\/actualites\/explosion-devant-la-synagogue-de-liege-aucun-blesse\/\"]}]},{\"@type\":\"ImageObject\",\"inLanguage\":\"fr-BE\",\"@id\":\"https:\/\/vieassociative.be\/actualites\/explosion-devant-la-synagogue-de-liege-aucun-blesse\/#primaryimage\",\"url\":\"https:\/\/vieassociative.be\/actualites\/wp-content\/uploads\/2024\/11\/Berloz-Un-enfant-de-quatre-ans-retrouve-mort-la.jpg\",\"contentUrl\":\"https:\/\/vieassociative.be\/actualites\/wp-content\/uploads\/2024\/11\/Berloz-Un-enfant-de-quatre-ans-retrouve-mort-la.jpg\",\"width\":1200,\"height\":800,\"caption\":\"Berloz : Un enfant de quatre ans retrouv\u00e9 mort, la gorge tranch\u00e9e - parents en garde \u00e0 vue\"},{\"@type\":\"BreadcrumbList\",\"@id\":\"https:\/\/vieassociative.be\/actualites\/explosion-devant-la-synagogue-de-liege-aucun-blesse\/#breadcrumb\",\"itemListElement\":[{\"@type\":\"ListItem\",\"position\":1,\"name\":\"Accueil\",\"item\":\"https:\/\/vieassociative.be\/actualites\/\"},{\"@type\":\"ListItem\",\"position\":2,\"name\":\"Explosion devant la synagogue de Li\u00e8ge \u2013 aucun bless\u00e9\"}]},{\"@type\":\"WebSite\",\"@id\":\"https:\/\/vieassociative.be\/actualites\/#website\",\"url\":\"https:\/\/vieassociative.be\/actualites\/\",\"name\":\"Vie Associative\",\"description\":\"\",\"publisher\":{\"@id\":\"https:\/\/vieassociative.be\/actualites\/#organization\"},\"potentialAction\":[{\"@type\":\"SearchAction\",\"target\":{\"@type\":\"EntryPoint\",\"urlTemplate\":\"https:\/\/vieassociative.be\/actualites\/?s={search_term_string}\"},\"query-input\":{\"@type\":\"PropertyValueSpecification\",\"valueRequired\":true,\"valueName\":\"search_term_string\"}}],\"inLanguage\":\"fr-BE\"},{\"@type\":\"Organization\",\"@id\":\"https:\/\/vieassociative.be\/actualites\/#organization\",\"name\":\"Vie Associative\",\"url\":\"https:\/\/vieassociative.be\/actualites\/\",\"logo\":{\"@type\":\"ImageObject\",\"inLanguage\":\"fr-BE\",\"@id\":\"https:\/\/vieassociative.be\/actualites\/#\/schema\/logo\/image\/\",\"url\":\"https:\/\/vieassociative.be\/actualites\/wp-content\/uploads\/2024\/09\/cropped-vieassociative_favicon.ico.png\",\"contentUrl\":\"https:\/\/vieassociative.be\/actualites\/wp-content\/uploads\/2024\/09\/cropped-vieassociative_favicon.ico.png\",\"width\":512,\"height\":512,\"caption\":\"Vie Associative\"},\"image\":{\"@id\":\"https:\/\/vieassociative.be\/actualites\/#\/schema\/logo\/image\/\"}},{\"@type\":\"Person\",\"@id\":\"https:\/\/vieassociative.be\/actualites\/#\/schema\/person\/b87ac4f82f9d4e7b7cec7395b679edc4\",\"name\":\"Julien\",\"image\":{\"@type\":\"ImageObject\",\"inLanguage\":\"fr-BE\",\"@id\":\"https:\/\/vieassociative.be\/actualites\/#\/schema\/person\/image\/\",\"url\":\"https:\/\/vieassociative.be\/actualites\/wp-content\/uploads\/2024\/09\/vie-associative-1-150x150.jpg\",\"contentUrl\":\"https:\/\/vieassociative.be\/actualites\/wp-content\/uploads\/2024\/09\/vie-associative-1-150x150.jpg\",\"caption\":\"Julien\"},\"description\":\"Je suis Julien, r\u00e9dacteur pour Vie Associative. Passionn\u00e9 par le monde associatif depuis plus de 10 ans, j'ai \u00e0 c\u0153ur de partager des histoires inspirantes et de mettre en lumi\u00e8re les initiatives locales. Mon objectif est de sensibiliser et d'encourager l'engagement communautaire \u00e0 travers mes articles.\",\"sameAs\":[\"https:\/\/vieassociative.be\/\"]}]}<\/script>\n<!-- \/ Yoast SEO plugin. -->","yoast_head_json":{"title":"Explosion devant la synagogue de Li\u00e8ge \u2013 aucun bless\u00e9 | Vie Associative","robots":{"index":"index","follow":"follow","max-snippet":"max-snippet:-1","max-image-preview":"max-image-preview:large","max-video-preview":"max-video-preview:-1"},"canonical":"https:\/\/vieassociative.be\/actualites\/explosion-devant-la-synagogue-de-liege-aucun-blesse\/","og_locale":"fr_FR","og_type":"article","og_title":"Explosion devant la synagogue de Li\u00e8ge \u2013 aucun bless\u00e9 | Vie Associative","og_description":"Dans la nuit de dimanche \u00e0 lundi, une explosion s&rsquo;est produite devant la synagogue de Li\u00e8ge. Personne n&rsquo;a \u00e9t\u00e9 bless\u00e9. Cependant, comme le rapporte la","og_url":"https:\/\/vieassociative.be\/actualites\/explosion-devant-la-synagogue-de-liege-aucun-blesse\/","og_site_name":"Vie Associative","article_published_time":"2026-03-09T09:16:58+00:00","og_image":[{"width":279,"height":92,"url":"https:\/\/vieassociative.be\/actualites\/wp-content\/uploads\/2024\/09\/header_backgroundk-01-e1726694325946.png","type":"image\/png"}],"author":"Julien","twitter_card":"summary_large_image","twitter_misc":{"\u00c9crit par":"Julien","Dur\u00e9e de lecture est.":"1 minute"},"schema":{"@context":"https:\/\/schema.org","@graph":[{"@type":"Article","@id":"https:\/\/vieassociative.be\/actualites\/explosion-devant-la-synagogue-de-liege-aucun-blesse\/#article","isPartOf":{"@id":"https:\/\/vieassociative.be\/actualites\/explosion-devant-la-synagogue-de-liege-aucun-blesse\/"},"author":{"name":"Julien","@id":"https:\/\/vieassociative.be\/actualites\/#\/schema\/person\/b87ac4f82f9d4e7b7cec7395b679edc4"},"headline":"Explosion devant la synagogue de Li\u00e8ge \u2013 aucun bless\u00e9","datePublished":"2026-03-09T09:16:58+00:00","dateModified":"2026-03-09T09:16:58+00:00","mainEntityOfPage":{"@id":"https:\/\/vieassociative.be\/actualites\/explosion-devant-la-synagogue-de-liege-aucun-blesse\/"},"wordCount":156,"publisher":{"@id":"https:\/\/vieassociative.be\/actualites\/#organization"},"image":{"@id":"https:\/\/vieassociative.be\/actualites\/explosion-devant-la-synagogue-de-liege-aucun-blesse\/#primaryimage"},"thumbnailUrl":"https:\/\/vieassociative.be\/actualites\/wp-content\/uploads\/2024\/11\/Berloz-Un-enfant-de-quatre-ans-retrouve-mort-la.jpg","keywords":["aucun","blesse","devant","Explosion","Li\u00e8ge","synagogue"],"articleSection":["Belgique"],"inLanguage":"fr-BE"},{"@type":"WebPage","@id":"https:\/\/vieassociative.be\/actualites\/explosion-devant-la-synagogue-de-liege-aucun-blesse\/","url":"https:\/\/vieassociative.be\/actualites\/explosion-devant-la-synagogue-de-liege-aucun-blesse\/","name":"Explosion devant la synagogue de Li\u00e8ge \u2013 aucun bless\u00e9 | Vie Associative","isPartOf":{"@id":"https:\/\/vieassociative.be\/actualites\/#website"},"primaryImageOfPage":{"@id":"https:\/\/vieassociative.be\/actualites\/explosion-devant-la-synagogue-de-liege-aucun-blesse\/#primaryimage"},"image":{"@id":"https:\/\/vieassociative.be\/actualites\/explosion-devant-la-synagogue-de-liege-aucun-blesse\/#primaryimage"},"thumbnailUrl":"https:\/\/vieassociative.be\/actualites\/wp-content\/uploads\/2024\/11\/Berloz-Un-enfant-de-quatre-ans-retrouve-mort-la.jpg","datePublished":"2026-03-09T09:16:58+00:00","dateModified":"2026-03-09T09:16:58+00:00","breadcrumb":{"@id":"https:\/\/vieassociative.be\/actualites\/explosion-devant-la-synagogue-de-liege-aucun-blesse\/#breadcrumb"},"inLanguage":"fr-BE","potentialAction":[{"@type":"ReadAction","target":["https:\/\/vieassociative.be\/actualites\/explosion-devant-la-synagogue-de-liege-aucun-blesse\/"]}]},{"@type":"ImageObject","inLanguage":"fr-BE","@id":"https:\/\/vieassociative.be\/actualites\/explosion-devant-la-synagogue-de-liege-aucun-blesse\/#primaryimage","url":"https:\/\/vieassociative.be\/actualites\/wp-content\/uploads\/2024\/11\/Berloz-Un-enfant-de-quatre-ans-retrouve-mort-la.jpg","contentUrl":"https:\/\/vieassociative.be\/actualites\/wp-content\/uploads\/2024\/11\/Berloz-Un-enfant-de-quatre-ans-retrouve-mort-la.jpg","width":1200,"height":800,"caption":"Berloz : Un enfant de quatre ans retrouv\u00e9 mort, la gorge tranch\u00e9e - parents en garde \u00e0 vue"},{"@type":"BreadcrumbList","@id":"https:\/\/vieassociative.be\/actualites\/explosion-devant-la-synagogue-de-liege-aucun-blesse\/#breadcrumb","itemListElement":[{"@type":"ListItem","position":1,"name":"Accueil","item":"https:\/\/vieassociative.be\/actualites\/"},{"@type":"ListItem","position":2,"name":"Explosion devant la synagogue de Li\u00e8ge \u2013 aucun bless\u00e9"}]},{"@type":"WebSite","@id":"https:\/\/vieassociative.be\/actualites\/#website","url":"https:\/\/vieassociative.be\/actualites\/","name":"Vie Associative","description":"","publisher":{"@id":"https:\/\/vieassociative.be\/actualites\/#organization"},"potentialAction":[{"@type":"SearchAction","target":{"@type":"EntryPoint","urlTemplate":"https:\/\/vieassociative.be\/actualites\/?s={search_term_string}"},"query-input":{"@type":"PropertyValueSpecification","valueRequired":true,"valueName":"search_term_string"}}],"inLanguage":"fr-BE"},{"@type":"Organization","@id":"https:\/\/vieassociative.be\/actualites\/#organization","name":"Vie Associative","url":"https:\/\/vieassociative.be\/actualites\/","logo":{"@type":"ImageObject","inLanguage":"fr-BE","@id":"https:\/\/vieassociative.be\/actualites\/#\/schema\/logo\/image\/","url":"https:\/\/vieassociative.be\/actualites\/wp-content\/uploads\/2024\/09\/cropped-vieassociative_favicon.ico.png","contentUrl":"https:\/\/vieassociative.be\/actualites\/wp-content\/uploads\/2024\/09\/cropped-vieassociative_favicon.ico.png","width":512,"height":512,"caption":"Vie Associative"},"image":{"@id":"https:\/\/vieassociative.be\/actualites\/#\/schema\/logo\/image\/"}},{"@type":"Person","@id":"https:\/\/vieassociative.be\/actualites\/#\/schema\/person\/b87ac4f82f9d4e7b7cec7395b679edc4","name":"Julien","image":{"@type":"ImageObject","inLanguage":"fr-BE","@id":"https:\/\/vieassociative.be\/actualites\/#\/schema\/person\/image\/","url":"https:\/\/vieassociative.be\/actualites\/wp-content\/uploads\/2024\/09\/vie-associative-1-150x150.jpg","contentUrl":"https:\/\/vieassociative.be\/actualites\/wp-content\/uploads\/2024\/09\/vie-associative-1-150x150.jpg","caption":"Julien"},"description":"Je suis Julien, r\u00e9dacteur pour Vie Associative. Passionn\u00e9 par le monde associatif depuis plus de 10 ans, j'ai \u00e0 c\u0153ur de partager des histoires inspirantes et de mettre en lumi\u00e8re les initiatives locales. Mon objectif est de sensibiliser et d'encourager l'engagement communautaire \u00e0 travers mes articles.","sameAs":["https:\/\/vieassociative.be\/"]}]}},"_links":{"self":[{"href":"https:\/\/vieassociative.be\/actualites\/wp-json\/wp\/v2\/posts\/12948"}],"collection":[{"href":"https:\/\/vieassociative.be\/actualites\/wp-json\/wp\/v2\/posts"}],"about":[{"href":"https:\/\/vieassociative.be\/actualites\/wp-json\/wp\/v2\/types\/post"}],"author":[{"embeddable":true,"href":"https:\/\/vieassociative.be\/actualites\/wp-json\/wp\/v2\/users\/1"}],"replies":[{"embeddable":true,"href":"https:\/\/vieassociative.be\/actualites\/wp-json\/wp\/v2\/comments?post=12948"}],"version-history":[{"count":0,"href":"https:\/\/vieassociative.be\/actualites\/wp-json\/wp\/v2\/posts\/12948\/revisions"}],"wp:featuredmedia":[{"embeddable":true,"href":"https:\/\/vieassociative.be\/actualites\/wp-json\/wp\/v2\/media\/2282"}],"wp:attachment":[{"href":"https:\/\/vieassociative.be\/actualites\/wp-json\/wp\/v2\/media?parent=12948"}],"wp:term":[{"taxonomy":"category","embeddable":true,"href":"https:\/\/vieassociative.be\/actualites\/wp-json\/wp\/v2\/categories?post=12948"},{"taxonomy":"post_tag","embeddable":true,"href":"https:\/\/vieassociative.be\/actualites\/wp-json\/wp\/v2\/tags?post=12948"}],"curies":[{"name":"wp","href":"https:\/\/api.w.org\/{rel}","templated":true}]}}