{"id":12944,"date":"2026-03-09T03:17:15","date_gmt":"2026-03-09T02:17:15","guid":{"rendered":"https:\/\/vieassociative.be\/actualites\/15-fonctionnalites-manquantes-sur-le-macbook-neo\/"},"modified":"2026-03-09T03:17:15","modified_gmt":"2026-03-09T02:17:15","slug":"15-fonctionnalites-manquantes-sur-le-macbook-neo","status":"publish","type":"post","link":"https:\/\/vieassociative.be\/actualites\/15-fonctionnalites-manquantes-sur-le-macbook-neo\/","title":{"rendered":"15 fonctionnalit\u00e9s manquantes sur le MacBook Neo"},"content":{"rendered":"<p>Le MacBook Neo d&rsquo;Apple est exactement l&rsquo;ordinateur portable que de nombreuses personnes soucieuses de leur budget recherchent. Son prix est inf\u00e9rieur \u00e0 500 $ pour les \u00e9tudiants (599 $ pour tous les autres) et ses sp\u00e9cifications sont suffisamment d\u00e9centes pour constituer un excellent ordinateur portable de d\u00e9marrage pour la plupart des utilisateurs. Cependant, pour en faire un \u00ab ordinateur portable \u00e9conomique \u00bb, il a fallu faire quelques \u00e9conomies. En cons\u00e9quence, le MacBook Neo manque de quelques fonctionnalit\u00e9s que vous pourriez attendre d\u2019un MacBook. Voici les plus gros compromis qu&rsquo;Apple fait pour atteindre le prix le plus bas du Neo.<\/p>\n<h2 id=\"no-touch-id-in-the-base-model\">Pas de Touch ID dans le mod\u00e8le de base<\/h2>\n<p>Le mod\u00e8le de base du MacBook Neo n&rsquo;a pas de capteur Touch ID, ce qui signifie que vous devrez saisir vos mots de passe \u00e0 chaque fois que vous devrez les saisir. Certaines personnes pr\u00e9f\u00e9reront peut-\u00eatre cela \u00e0 l&rsquo;utilisation d&rsquo;un capteur d&#8217;empreintes digitales, mais je pr\u00e9f\u00e8re payer 100 $ suppl\u00e9mentaires pour cela. Cette variante est \u00e9galement livr\u00e9e avec 512 Go de stockage, alors que le mod\u00e8le de base ne dispose que de 256 Go.<\/p>\n<h2 id=\"it-lacks-a-backlit-keyboard\">Il manque un clavier r\u00e9tro\u00e9clair\u00e9<\/h2>\n<p>Traditionnellement, les MacBook d&rsquo;Apple sont \u00e9quip\u00e9s de claviers r\u00e9tro\u00e9clair\u00e9s pour vous aider \u00e0 voir ce que vous tapez lorsque vous \u00eates dans des conditions de faible luminosit\u00e9. Malheureusement, le MacBook Neo a supprim\u00e9 cette fonctionnalit\u00e9 pour r\u00e9duire les co\u00fbts, mais cela ne fera pas beaucoup de diff\u00e9rence dans les environnements lumineux ou pour ceux qui ne regardent pas leur clavier en tapant.<\/p>\n<h2 id=\"you-wont-get-a-true-tone-display\">Vous n&rsquo;obtiendrez pas d&rsquo;affichage True Tone<\/h2>\n<p>La fonction d&rsquo;affichage True Tone d&rsquo;Apple ajuste automatiquement la couleur et l&rsquo;intensit\u00e9 de l&rsquo;\u00e9cran en fonction de la lumi\u00e8re ambiante, o\u00f9 que vous soyez. Cela signifie que votre \u00e9cran ne sera pas aveugl\u00e9ment lumineux dans des conditions de faible luminosit\u00e9 et que les couleurs appara\u00eetront plus naturelles dans un certain nombre de conditions d&rsquo;\u00e9clairage. Cependant, le MacBook Neo n&rsquo;est pas livr\u00e9 avec un capteur de lumi\u00e8re ambiante, alors ne vous attendez pas \u00e0 la prise en charge de True Tone ici.<\/p>\n<h2 id=\"there-are-no-ram-upgrade-options\">Il n&rsquo;y a pas d&rsquo;options de mise \u00e0 niveau de RAM<\/h2>\n<p>Mon ordinateur portable quotidien est toujours le MacBook Air M1 avec 8 Go de RAM. Je n&rsquo;ai rien \u00e0 redire sur cet ordinateur portable, mais \u00e0 plusieurs reprises, il a ralenti \u00e0 un rythme effr\u00e9n\u00e9 lors de l&rsquo;ex\u00e9cution de plusieurs applications \u00e0 la fois. Parfois, j&rsquo;aurais aim\u00e9 d\u00e9penser un peu plus pour obtenir 16 Go de RAM. Malheureusement, cette option n\u2019existe pas pour le MacBook Neo. 8 Go devraient suffire pour le moment, \u00e0 condition que vous vous en teniez \u00e0 une utilisation l\u00e9g\u00e8re, mais cela pourrait devenir un probl\u00e8me \u00e0 long terme.<\/p>\n<h2 id=\"fast-charging-is-missing\">Il manque la charge rapide<\/h2>\n<p>Contrairement \u00e0 la plupart des autres MacBook, le Neo ne prend pas en charge la charge rapide et est livr\u00e9 avec un adaptateur USB-C de 20 W. Cependant, cela devrait \u00eatre suffisant pour charger la batterie de 36,5 watts-heure, qui est plus petite que la batterie de 53,8 watts-heure du MacBook Air M5.<\/p>\n<h2 id=\"you-wont-get-any-thunderbolt-ports\">Vous n&rsquo;aurez aucun port Thunderbolt <\/h2>\n<p>Le MacBook Neo dispose de deux ports USB-C (un USB 3 et un USB 2), mais aucun d\u2019eux ne prend en charge Thunderbolt. Cela ne posera pas de probl\u00e8me pour la plupart des gens, mais si vous utilisez des accessoires exclusifs Thunderbolt tels que des stations d&rsquo;accueil ou des \u00e9crans externes, ils ne fonctionneront pas avec le MacBook Neo.<\/p>\n<h2 id=\"the-force-touch-trackpad-has-been-removed\">Le trackpad Force Touch a \u00e9t\u00e9 supprim\u00e9<\/h2>\n<p>Le trackpad du MacBook Neo n&rsquo;a pas Force Touch. Cela signifie que le trackpad n&rsquo;est pas sensible \u00e0 la pression comme celui des autres MacBook. Il ne prend pas en charge les dessins sensibles \u00e0 la pression, les gestes multi-touch ou les clics forc\u00e9s.<\/p>\n<h2 id=\"other-missing-features\">Autres fonctionnalit\u00e9s manquantes<\/h2>\n<p>Bien que j&rsquo;aie couvert ci-dessus les fonctionnalit\u00e9s manquantes que les utilisateurs moyens sont les plus susceptibles de remarquer, il existe quelques r\u00e9ductions suppl\u00e9mentaires qui pourraient avoir un impact particulier sur les utilisateurs exp\u00e9riment\u00e9s. Voici les fonctionnalit\u00e9s restantes qui manquent au MacBook Neo :<\/p>\n<ul>\n<li>\n<p>Sc\u00e8ne centrale pour la cam\u00e9ra frontale<\/p>\n<\/li>\n<li>\n<p>\u00c9cran couleur large (P3)<\/p>\n<\/li>\n<li>\n<p>Acc\u00e9l\u00e9rateurs neuronaux<\/p>\n<\/li>\n<li>\n<p>Syst\u00e8me audio \u00e0 quatre haut-parleurs (le Neo a deux haut-parleurs)<\/p>\n<\/li>\n<li>\n<p>R\u00e9seau de trois micros (le Neo a un r\u00e9seau de deux micros)<\/p>\n<\/li>\n<li>\n<p>La prise jack 3,5 mm ne prend pas en charge les \u00e9couteurs \u00e0 haute imp\u00e9dance<\/p>\n<\/li>\n<li>\n<p>Wi-Fi 7<\/p>\n<\/li>\n<li>\n<p>Prise en charge dynamique du suivi de la t\u00eate avec les AirPods<\/p>\n<\/li>\n<\/ul>\n","protected":false},"excerpt":{"rendered":"<p>Le MacBook Neo d&rsquo;Apple est exactement l&rsquo;ordinateur portable que de nombreuses personnes soucieuses de leur budget recherchent. Son prix est inf\u00e9rieur \u00e0 500 $ pour<\/p>\n","protected":false},"author":1,"featured_media":12945,"comment_status":"","ping_status":"","sticky":false,"template":"","format":"standard","meta":{"footnotes":""},"categories":[1],"tags":[1216,686,10193,10155,33],"class_list":["post-12944","post","type-post","status-publish","format-standard","has-post-thumbnail","hentry","category-non-classe","tag-fonctionnalites","tag-macbook","tag-manquantes","tag-neo","tag-sur","generate-columns","tablet-grid-50","mobile-grid-100","grid-parent","grid-33"],"yoast_head":"<!-- This site is optimized with the Yoast SEO plugin v24.0 - https:\/\/yoast.com\/wordpress\/plugins\/seo\/ -->\n<title>15 fonctionnalit\u00e9s manquantes sur le MacBook Neo | Vie Associative<\/title>\n<meta name=\"robots\" content=\"index, follow, max-snippet:-1, max-image-preview:large, max-video-preview:-1\" \/>\n<link rel=\"canonical\" href=\"https:\/\/vieassociative.be\/actualites\/15-fonctionnalites-manquantes-sur-le-macbook-neo\/\" \/>\n<meta property=\"og:locale\" content=\"fr_FR\" \/>\n<meta property=\"og:type\" content=\"article\" \/>\n<meta property=\"og:title\" content=\"15 fonctionnalit\u00e9s manquantes sur le MacBook Neo | Vie Associative\" \/>\n<meta property=\"og:description\" content=\"Le MacBook Neo d&rsquo;Apple est exactement l&rsquo;ordinateur portable que de nombreuses personnes soucieuses de leur budget recherchent. Son prix est inf\u00e9rieur \u00e0 500 $ pour\" \/>\n<meta property=\"og:url\" content=\"https:\/\/vieassociative.be\/actualites\/15-fonctionnalites-manquantes-sur-le-macbook-neo\/\" \/>\n<meta property=\"og:site_name\" content=\"Vie Associative\" \/>\n<meta property=\"article:published_time\" content=\"2026-03-09T02:17:15+00:00\" \/>\n<meta property=\"og:image\" content=\"https:\/\/vieassociative.be\/actualites\/wp-content\/uploads\/2024\/09\/header_backgroundk-01-e1726694325946.png\" \/>\n\t<meta property=\"og:image:width\" content=\"279\" \/>\n\t<meta property=\"og:image:height\" content=\"92\" \/>\n\t<meta property=\"og:image:type\" content=\"image\/png\" \/>\n<meta name=\"author\" content=\"Julien\" \/>\n<meta name=\"twitter:card\" content=\"summary_large_image\" \/>\n<meta name=\"twitter:label1\" content=\"\u00c9crit par\" \/>\n\t<meta name=\"twitter:data1\" content=\"Julien\" \/>\n\t<meta name=\"twitter:label2\" content=\"Dur\u00e9e de lecture est.\" \/>\n\t<meta name=\"twitter:data2\" content=\"4 minutes\" \/>\n<script type=\"application\/ld+json\" class=\"yoast-schema-graph\">{\"@context\":\"https:\/\/schema.org\",\"@graph\":[{\"@type\":\"Article\",\"@id\":\"https:\/\/vieassociative.be\/actualites\/15-fonctionnalites-manquantes-sur-le-macbook-neo\/#article\",\"isPartOf\":{\"@id\":\"https:\/\/vieassociative.be\/actualites\/15-fonctionnalites-manquantes-sur-le-macbook-neo\/\"},\"author\":{\"name\":\"Julien\",\"@id\":\"https:\/\/vieassociative.be\/actualites\/#\/schema\/person\/b87ac4f82f9d4e7b7cec7395b679edc4\"},\"headline\":\"15 fonctionnalit\u00e9s manquantes sur le MacBook Neo\",\"datePublished\":\"2026-03-09T02:17:15+00:00\",\"dateModified\":\"2026-03-09T02:17:15+00:00\",\"mainEntityOfPage\":{\"@id\":\"https:\/\/vieassociative.be\/actualites\/15-fonctionnalites-manquantes-sur-le-macbook-neo\/\"},\"wordCount\":772,\"publisher\":{\"@id\":\"https:\/\/vieassociative.be\/actualites\/#organization\"},\"image\":{\"@id\":\"https:\/\/vieassociative.be\/actualites\/15-fonctionnalites-manquantes-sur-le-macbook-neo\/#primaryimage\"},\"thumbnailUrl\":\"https:\/\/vieassociative.be\/actualites\/wp-content\/uploads\/2026\/03\/15-fonctionnalites-manquantes-sur-le-MacBook-Neo.png\",\"keywords\":[\"fonctionnalit\u00e9s\",\"MacBook\",\"manquantes\",\"Neo\",\"sur\"],\"inLanguage\":\"fr-BE\"},{\"@type\":\"WebPage\",\"@id\":\"https:\/\/vieassociative.be\/actualites\/15-fonctionnalites-manquantes-sur-le-macbook-neo\/\",\"url\":\"https:\/\/vieassociative.be\/actualites\/15-fonctionnalites-manquantes-sur-le-macbook-neo\/\",\"name\":\"15 fonctionnalit\u00e9s manquantes sur le MacBook Neo | Vie Associative\",\"isPartOf\":{\"@id\":\"https:\/\/vieassociative.be\/actualites\/#website\"},\"primaryImageOfPage\":{\"@id\":\"https:\/\/vieassociative.be\/actualites\/15-fonctionnalites-manquantes-sur-le-macbook-neo\/#primaryimage\"},\"image\":{\"@id\":\"https:\/\/vieassociative.be\/actualites\/15-fonctionnalites-manquantes-sur-le-macbook-neo\/#primaryimage\"},\"thumbnailUrl\":\"https:\/\/vieassociative.be\/actualites\/wp-content\/uploads\/2026\/03\/15-fonctionnalites-manquantes-sur-le-MacBook-Neo.png\",\"datePublished\":\"2026-03-09T02:17:15+00:00\",\"dateModified\":\"2026-03-09T02:17:15+00:00\",\"breadcrumb\":{\"@id\":\"https:\/\/vieassociative.be\/actualites\/15-fonctionnalites-manquantes-sur-le-macbook-neo\/#breadcrumb\"},\"inLanguage\":\"fr-BE\",\"potentialAction\":[{\"@type\":\"ReadAction\",\"target\":[\"https:\/\/vieassociative.be\/actualites\/15-fonctionnalites-manquantes-sur-le-macbook-neo\/\"]}]},{\"@type\":\"ImageObject\",\"inLanguage\":\"fr-BE\",\"@id\":\"https:\/\/vieassociative.be\/actualites\/15-fonctionnalites-manquantes-sur-le-macbook-neo\/#primaryimage\",\"url\":\"https:\/\/vieassociative.be\/actualites\/wp-content\/uploads\/2026\/03\/15-fonctionnalites-manquantes-sur-le-MacBook-Neo.png\",\"contentUrl\":\"https:\/\/vieassociative.be\/actualites\/wp-content\/uploads\/2026\/03\/15-fonctionnalites-manquantes-sur-le-MacBook-Neo.png\",\"width\":1200,\"height\":675,\"caption\":\"15 fonctionnalit\u00e9s manquantes sur le MacBook Neo\"},{\"@type\":\"BreadcrumbList\",\"@id\":\"https:\/\/vieassociative.be\/actualites\/15-fonctionnalites-manquantes-sur-le-macbook-neo\/#breadcrumb\",\"itemListElement\":[{\"@type\":\"ListItem\",\"position\":1,\"name\":\"Accueil\",\"item\":\"https:\/\/vieassociative.be\/actualites\/\"},{\"@type\":\"ListItem\",\"position\":2,\"name\":\"15 fonctionnalit\u00e9s manquantes sur le MacBook Neo\"}]},{\"@type\":\"WebSite\",\"@id\":\"https:\/\/vieassociative.be\/actualites\/#website\",\"url\":\"https:\/\/vieassociative.be\/actualites\/\",\"name\":\"Vie Associative\",\"description\":\"\",\"publisher\":{\"@id\":\"https:\/\/vieassociative.be\/actualites\/#organization\"},\"potentialAction\":[{\"@type\":\"SearchAction\",\"target\":{\"@type\":\"EntryPoint\",\"urlTemplate\":\"https:\/\/vieassociative.be\/actualites\/?s={search_term_string}\"},\"query-input\":{\"@type\":\"PropertyValueSpecification\",\"valueRequired\":true,\"valueName\":\"search_term_string\"}}],\"inLanguage\":\"fr-BE\"},{\"@type\":\"Organization\",\"@id\":\"https:\/\/vieassociative.be\/actualites\/#organization\",\"name\":\"Vie Associative\",\"url\":\"https:\/\/vieassociative.be\/actualites\/\",\"logo\":{\"@type\":\"ImageObject\",\"inLanguage\":\"fr-BE\",\"@id\":\"https:\/\/vieassociative.be\/actualites\/#\/schema\/logo\/image\/\",\"url\":\"https:\/\/vieassociative.be\/actualites\/wp-content\/uploads\/2024\/09\/cropped-vieassociative_favicon.ico.png\",\"contentUrl\":\"https:\/\/vieassociative.be\/actualites\/wp-content\/uploads\/2024\/09\/cropped-vieassociative_favicon.ico.png\",\"width\":512,\"height\":512,\"caption\":\"Vie Associative\"},\"image\":{\"@id\":\"https:\/\/vieassociative.be\/actualites\/#\/schema\/logo\/image\/\"}},{\"@type\":\"Person\",\"@id\":\"https:\/\/vieassociative.be\/actualites\/#\/schema\/person\/b87ac4f82f9d4e7b7cec7395b679edc4\",\"name\":\"Julien\",\"image\":{\"@type\":\"ImageObject\",\"inLanguage\":\"fr-BE\",\"@id\":\"https:\/\/vieassociative.be\/actualites\/#\/schema\/person\/image\/\",\"url\":\"https:\/\/vieassociative.be\/actualites\/wp-content\/uploads\/2024\/09\/vie-associative-1-150x150.jpg\",\"contentUrl\":\"https:\/\/vieassociative.be\/actualites\/wp-content\/uploads\/2024\/09\/vie-associative-1-150x150.jpg\",\"caption\":\"Julien\"},\"description\":\"Je suis Julien, r\u00e9dacteur pour Vie Associative. Passionn\u00e9 par le monde associatif depuis plus de 10 ans, j'ai \u00e0 c\u0153ur de partager des histoires inspirantes et de mettre en lumi\u00e8re les initiatives locales. Mon objectif est de sensibiliser et d'encourager l'engagement communautaire \u00e0 travers mes articles.\",\"sameAs\":[\"https:\/\/vieassociative.be\/\"]}]}<\/script>\n<!-- \/ Yoast SEO plugin. -->","yoast_head_json":{"title":"15 fonctionnalit\u00e9s manquantes sur le MacBook Neo | Vie Associative","robots":{"index":"index","follow":"follow","max-snippet":"max-snippet:-1","max-image-preview":"max-image-preview:large","max-video-preview":"max-video-preview:-1"},"canonical":"https:\/\/vieassociative.be\/actualites\/15-fonctionnalites-manquantes-sur-le-macbook-neo\/","og_locale":"fr_FR","og_type":"article","og_title":"15 fonctionnalit\u00e9s manquantes sur le MacBook Neo | Vie Associative","og_description":"Le MacBook Neo d&rsquo;Apple est exactement l&rsquo;ordinateur portable que de nombreuses personnes soucieuses de leur budget recherchent. Son prix est inf\u00e9rieur \u00e0 500 $ pour","og_url":"https:\/\/vieassociative.be\/actualites\/15-fonctionnalites-manquantes-sur-le-macbook-neo\/","og_site_name":"Vie Associative","article_published_time":"2026-03-09T02:17:15+00:00","og_image":[{"width":279,"height":92,"url":"https:\/\/vieassociative.be\/actualites\/wp-content\/uploads\/2024\/09\/header_backgroundk-01-e1726694325946.png","type":"image\/png"}],"author":"Julien","twitter_card":"summary_large_image","twitter_misc":{"\u00c9crit par":"Julien","Dur\u00e9e de lecture est.":"4 minutes"},"schema":{"@context":"https:\/\/schema.org","@graph":[{"@type":"Article","@id":"https:\/\/vieassociative.be\/actualites\/15-fonctionnalites-manquantes-sur-le-macbook-neo\/#article","isPartOf":{"@id":"https:\/\/vieassociative.be\/actualites\/15-fonctionnalites-manquantes-sur-le-macbook-neo\/"},"author":{"name":"Julien","@id":"https:\/\/vieassociative.be\/actualites\/#\/schema\/person\/b87ac4f82f9d4e7b7cec7395b679edc4"},"headline":"15 fonctionnalit\u00e9s manquantes sur le MacBook Neo","datePublished":"2026-03-09T02:17:15+00:00","dateModified":"2026-03-09T02:17:15+00:00","mainEntityOfPage":{"@id":"https:\/\/vieassociative.be\/actualites\/15-fonctionnalites-manquantes-sur-le-macbook-neo\/"},"wordCount":772,"publisher":{"@id":"https:\/\/vieassociative.be\/actualites\/#organization"},"image":{"@id":"https:\/\/vieassociative.be\/actualites\/15-fonctionnalites-manquantes-sur-le-macbook-neo\/#primaryimage"},"thumbnailUrl":"https:\/\/vieassociative.be\/actualites\/wp-content\/uploads\/2026\/03\/15-fonctionnalites-manquantes-sur-le-MacBook-Neo.png","keywords":["fonctionnalit\u00e9s","MacBook","manquantes","Neo","sur"],"inLanguage":"fr-BE"},{"@type":"WebPage","@id":"https:\/\/vieassociative.be\/actualites\/15-fonctionnalites-manquantes-sur-le-macbook-neo\/","url":"https:\/\/vieassociative.be\/actualites\/15-fonctionnalites-manquantes-sur-le-macbook-neo\/","name":"15 fonctionnalit\u00e9s manquantes sur le MacBook Neo | Vie Associative","isPartOf":{"@id":"https:\/\/vieassociative.be\/actualites\/#website"},"primaryImageOfPage":{"@id":"https:\/\/vieassociative.be\/actualites\/15-fonctionnalites-manquantes-sur-le-macbook-neo\/#primaryimage"},"image":{"@id":"https:\/\/vieassociative.be\/actualites\/15-fonctionnalites-manquantes-sur-le-macbook-neo\/#primaryimage"},"thumbnailUrl":"https:\/\/vieassociative.be\/actualites\/wp-content\/uploads\/2026\/03\/15-fonctionnalites-manquantes-sur-le-MacBook-Neo.png","datePublished":"2026-03-09T02:17:15+00:00","dateModified":"2026-03-09T02:17:15+00:00","breadcrumb":{"@id":"https:\/\/vieassociative.be\/actualites\/15-fonctionnalites-manquantes-sur-le-macbook-neo\/#breadcrumb"},"inLanguage":"fr-BE","potentialAction":[{"@type":"ReadAction","target":["https:\/\/vieassociative.be\/actualites\/15-fonctionnalites-manquantes-sur-le-macbook-neo\/"]}]},{"@type":"ImageObject","inLanguage":"fr-BE","@id":"https:\/\/vieassociative.be\/actualites\/15-fonctionnalites-manquantes-sur-le-macbook-neo\/#primaryimage","url":"https:\/\/vieassociative.be\/actualites\/wp-content\/uploads\/2026\/03\/15-fonctionnalites-manquantes-sur-le-MacBook-Neo.png","contentUrl":"https:\/\/vieassociative.be\/actualites\/wp-content\/uploads\/2026\/03\/15-fonctionnalites-manquantes-sur-le-MacBook-Neo.png","width":1200,"height":675,"caption":"15 fonctionnalit\u00e9s manquantes sur le MacBook Neo"},{"@type":"BreadcrumbList","@id":"https:\/\/vieassociative.be\/actualites\/15-fonctionnalites-manquantes-sur-le-macbook-neo\/#breadcrumb","itemListElement":[{"@type":"ListItem","position":1,"name":"Accueil","item":"https:\/\/vieassociative.be\/actualites\/"},{"@type":"ListItem","position":2,"name":"15 fonctionnalit\u00e9s manquantes sur le MacBook Neo"}]},{"@type":"WebSite","@id":"https:\/\/vieassociative.be\/actualites\/#website","url":"https:\/\/vieassociative.be\/actualites\/","name":"Vie Associative","description":"","publisher":{"@id":"https:\/\/vieassociative.be\/actualites\/#organization"},"potentialAction":[{"@type":"SearchAction","target":{"@type":"EntryPoint","urlTemplate":"https:\/\/vieassociative.be\/actualites\/?s={search_term_string}"},"query-input":{"@type":"PropertyValueSpecification","valueRequired":true,"valueName":"search_term_string"}}],"inLanguage":"fr-BE"},{"@type":"Organization","@id":"https:\/\/vieassociative.be\/actualites\/#organization","name":"Vie Associative","url":"https:\/\/vieassociative.be\/actualites\/","logo":{"@type":"ImageObject","inLanguage":"fr-BE","@id":"https:\/\/vieassociative.be\/actualites\/#\/schema\/logo\/image\/","url":"https:\/\/vieassociative.be\/actualites\/wp-content\/uploads\/2024\/09\/cropped-vieassociative_favicon.ico.png","contentUrl":"https:\/\/vieassociative.be\/actualites\/wp-content\/uploads\/2024\/09\/cropped-vieassociative_favicon.ico.png","width":512,"height":512,"caption":"Vie Associative"},"image":{"@id":"https:\/\/vieassociative.be\/actualites\/#\/schema\/logo\/image\/"}},{"@type":"Person","@id":"https:\/\/vieassociative.be\/actualites\/#\/schema\/person\/b87ac4f82f9d4e7b7cec7395b679edc4","name":"Julien","image":{"@type":"ImageObject","inLanguage":"fr-BE","@id":"https:\/\/vieassociative.be\/actualites\/#\/schema\/person\/image\/","url":"https:\/\/vieassociative.be\/actualites\/wp-content\/uploads\/2024\/09\/vie-associative-1-150x150.jpg","contentUrl":"https:\/\/vieassociative.be\/actualites\/wp-content\/uploads\/2024\/09\/vie-associative-1-150x150.jpg","caption":"Julien"},"description":"Je suis Julien, r\u00e9dacteur pour Vie Associative. Passionn\u00e9 par le monde associatif depuis plus de 10 ans, j'ai \u00e0 c\u0153ur de partager des histoires inspirantes et de mettre en lumi\u00e8re les initiatives locales. Mon objectif est de sensibiliser et d'encourager l'engagement communautaire \u00e0 travers mes articles.","sameAs":["https:\/\/vieassociative.be\/"]}]}},"_links":{"self":[{"href":"https:\/\/vieassociative.be\/actualites\/wp-json\/wp\/v2\/posts\/12944"}],"collection":[{"href":"https:\/\/vieassociative.be\/actualites\/wp-json\/wp\/v2\/posts"}],"about":[{"href":"https:\/\/vieassociative.be\/actualites\/wp-json\/wp\/v2\/types\/post"}],"author":[{"embeddable":true,"href":"https:\/\/vieassociative.be\/actualites\/wp-json\/wp\/v2\/users\/1"}],"replies":[{"embeddable":true,"href":"https:\/\/vieassociative.be\/actualites\/wp-json\/wp\/v2\/comments?post=12944"}],"version-history":[{"count":0,"href":"https:\/\/vieassociative.be\/actualites\/wp-json\/wp\/v2\/posts\/12944\/revisions"}],"wp:featuredmedia":[{"embeddable":true,"href":"https:\/\/vieassociative.be\/actualites\/wp-json\/wp\/v2\/media\/12945"}],"wp:attachment":[{"href":"https:\/\/vieassociative.be\/actualites\/wp-json\/wp\/v2\/media?parent=12944"}],"wp:term":[{"taxonomy":"category","embeddable":true,"href":"https:\/\/vieassociative.be\/actualites\/wp-json\/wp\/v2\/categories?post=12944"},{"taxonomy":"post_tag","embeddable":true,"href":"https:\/\/vieassociative.be\/actualites\/wp-json\/wp\/v2\/tags?post=12944"}],"curies":[{"name":"wp","href":"https:\/\/api.w.org\/{rel}","templated":true}]}}