{"id":12941,"date":"2026-03-08T16:17:53","date_gmt":"2026-03-08T15:17:53","guid":{"rendered":"https:\/\/vieassociative.be\/actualites\/tessa-wullaert-franchit-la-barre-des-100-buts-pour-les-red-flames\/"},"modified":"2026-03-08T16:17:53","modified_gmt":"2026-03-08T15:17:53","slug":"tessa-wullaert-franchit-la-barre-des-100-buts-pour-les-red-flames","status":"publish","type":"post","link":"https:\/\/vieassociative.be\/actualites\/tessa-wullaert-franchit-la-barre-des-100-buts-pour-les-red-flames\/","title":{"rendered":"Tessa Wullaert franchit la barre des 100 buts pour les Red Flames"},"content":{"rendered":"<p><strong>La footballeuse nationale belge Tessa Wullaert a franchi une \u00e9tape historique : la capitaine des Red Flames a marqu\u00e9 son 100e but international pour la Belgique.<\/strong><\/p>\n<p><span id=\"more-437431\"><\/span>L&rsquo;attaquante de 32 ans a marqu\u00e9 son but anniversaire samedi lors du match de qualification pour la Coupe du monde f\u00e9minine contre Isra\u00ebl. Lors de la nette victoire des Belges 5-0, Wullaert a marqu\u00e9 \u00e0 plusieurs reprises et a ainsi d\u00e9pass\u00e9 la barre symbolique des 100 buts.<\/p>\n<div id=\"attachment_433661\" class=\"wp-caption alignleft\" style=\"max-width: 300px\"><img fetchpriority=\"high\" decoding=\"async\" class=\"wp-image-433661 size-medium\" src=\"https:\/\/vieassociative.be\/actualites\/wp-content\/uploads\/2026\/03\/Tessa-Wullaert-franchit-la-barre-des-100-buts-pour-les.jpg\" alt=\"\" width=\"300\" height=\"225\"  ><\/div>\n<p>Wullaert a atteint ce cap lors de son 154e match international avec l&rsquo;\u00e9quipe belge, pour laquelle elle joue depuis 2011. Elle est depuis des ann\u00e9es la force offensive la plus importante des Red Flames. En janvier 2026, elle a re\u00e7u pour la sixi\u00e8me fois le \u00ab Soulier d\u2019Or \u00bb de la meilleure footballeuse belge de l\u2019ann\u00e9e.<\/p>\n<p>La joueuse de 32 ans a d\u00e9but\u00e9 sa carri\u00e8re professionnelle au SV Zulte Waregem. Elle a ensuite jou\u00e9 pour le RSC Anderlecht et le Standard Femina L\u00fcttich, entre autres, avant de faire le grand saut dans les grands clubs internationaux.<\/p>\n<p>Cela a \u00e9t\u00e9 suivi par des postes dans le meilleur club allemand du VfL Wolfsburg et dans l&rsquo;\u00e9quipe anglaise de Manchester City. En 2020, Wullaert est d&rsquo;abord retourn\u00e9 en Belgique au RSC Anderlecht avant de jouer plus tard pour Fortuna Sittard aux Pays-Bas. L&rsquo;attaquant est sous contrat avec l&rsquo;Inter Milan en Italie depuis 2024. (cre)<\/p>\n","protected":false},"excerpt":{"rendered":"<p>La footballeuse nationale belge Tessa Wullaert a franchi une \u00e9tape historique : la capitaine des Red Flames a marqu\u00e9 son 100e but international pour la<\/p>\n","protected":false},"author":1,"featured_media":10885,"comment_status":"","ping_status":"","sticky":false,"template":"","format":"standard","meta":{"footnotes":""},"categories":[298],"tags":[2178,3241,29,7651,10191,14,81,3312,10189,10190],"class_list":["post-12941","post","type-post","status-publish","format-standard","has-post-thumbnail","hentry","category-belgique","tag-barre","tag-buts","tag-des","tag-flames","tag-franchit","tag-les","tag-pour","tag-red","tag-tessa","tag-wullaert","generate-columns","tablet-grid-50","mobile-grid-100","grid-parent","grid-33"],"yoast_head":"<!-- This site is optimized with the Yoast SEO plugin v24.0 - https:\/\/yoast.com\/wordpress\/plugins\/seo\/ -->\n<title>Tessa Wullaert franchit la barre des 100 buts pour les Red Flames | Vie Associative<\/title>\n<meta name=\"robots\" content=\"index, follow, max-snippet:-1, max-image-preview:large, max-video-preview:-1\" \/>\n<link rel=\"canonical\" href=\"https:\/\/vieassociative.be\/actualites\/tessa-wullaert-franchit-la-barre-des-100-buts-pour-les-red-flames\/\" \/>\n<meta property=\"og:locale\" content=\"fr_FR\" \/>\n<meta property=\"og:type\" content=\"article\" \/>\n<meta property=\"og:title\" content=\"Tessa Wullaert franchit la barre des 100 buts pour les Red Flames | Vie Associative\" \/>\n<meta property=\"og:description\" content=\"La footballeuse nationale belge Tessa Wullaert a franchi une \u00e9tape historique : la capitaine des Red Flames a marqu\u00e9 son 100e but international pour la\" \/>\n<meta property=\"og:url\" content=\"https:\/\/vieassociative.be\/actualites\/tessa-wullaert-franchit-la-barre-des-100-buts-pour-les-red-flames\/\" \/>\n<meta property=\"og:site_name\" content=\"Vie Associative\" \/>\n<meta property=\"article:published_time\" content=\"2026-03-08T15:17:53+00:00\" \/>\n<meta property=\"og:image\" content=\"https:\/\/vieassociative.be\/actualites\/wp-content\/uploads\/2024\/09\/header_backgroundk-01-e1726694325946.png\" \/>\n\t<meta property=\"og:image:width\" content=\"279\" \/>\n\t<meta property=\"og:image:height\" content=\"92\" \/>\n\t<meta property=\"og:image:type\" content=\"image\/png\" \/>\n<meta name=\"author\" content=\"Julien\" \/>\n<meta name=\"twitter:card\" content=\"summary_large_image\" \/>\n<meta name=\"twitter:label1\" content=\"\u00c9crit par\" \/>\n\t<meta name=\"twitter:data1\" content=\"Julien\" \/>\n\t<meta name=\"twitter:label2\" content=\"Dur\u00e9e de lecture est.\" \/>\n\t<meta name=\"twitter:data2\" content=\"1 minute\" \/>\n<script type=\"application\/ld+json\" class=\"yoast-schema-graph\">{\"@context\":\"https:\/\/schema.org\",\"@graph\":[{\"@type\":\"Article\",\"@id\":\"https:\/\/vieassociative.be\/actualites\/tessa-wullaert-franchit-la-barre-des-100-buts-pour-les-red-flames\/#article\",\"isPartOf\":{\"@id\":\"https:\/\/vieassociative.be\/actualites\/tessa-wullaert-franchit-la-barre-des-100-buts-pour-les-red-flames\/\"},\"author\":{\"name\":\"Julien\",\"@id\":\"https:\/\/vieassociative.be\/actualites\/#\/schema\/person\/b87ac4f82f9d4e7b7cec7395b679edc4\"},\"headline\":\"Tessa Wullaert franchit la barre des 100 buts pour les Red Flames\",\"datePublished\":\"2026-03-08T15:17:53+00:00\",\"dateModified\":\"2026-03-08T15:17:53+00:00\",\"mainEntityOfPage\":{\"@id\":\"https:\/\/vieassociative.be\/actualites\/tessa-wullaert-franchit-la-barre-des-100-buts-pour-les-red-flames\/\"},\"wordCount\":242,\"publisher\":{\"@id\":\"https:\/\/vieassociative.be\/actualites\/#organization\"},\"image\":{\"@id\":\"https:\/\/vieassociative.be\/actualites\/tessa-wullaert-franchit-la-barre-des-100-buts-pour-les-red-flames\/#primaryimage\"},\"thumbnailUrl\":\"https:\/\/vieassociative.be\/actualites\/wp-content\/uploads\/2025\/10\/Il-reste-peu-despoir-pour-les-Red-Flames-de-rester.jpeg\",\"keywords\":[\"barre\",\"buts\",\"Des\",\"Flames\",\"franchit\",\"Les\",\"pour\",\"Red\",\"Tessa\",\"Wullaert\"],\"articleSection\":[\"Belgique\"],\"inLanguage\":\"fr-BE\"},{\"@type\":\"WebPage\",\"@id\":\"https:\/\/vieassociative.be\/actualites\/tessa-wullaert-franchit-la-barre-des-100-buts-pour-les-red-flames\/\",\"url\":\"https:\/\/vieassociative.be\/actualites\/tessa-wullaert-franchit-la-barre-des-100-buts-pour-les-red-flames\/\",\"name\":\"Tessa Wullaert franchit la barre des 100 buts pour les Red Flames | Vie Associative\",\"isPartOf\":{\"@id\":\"https:\/\/vieassociative.be\/actualites\/#website\"},\"primaryImageOfPage\":{\"@id\":\"https:\/\/vieassociative.be\/actualites\/tessa-wullaert-franchit-la-barre-des-100-buts-pour-les-red-flames\/#primaryimage\"},\"image\":{\"@id\":\"https:\/\/vieassociative.be\/actualites\/tessa-wullaert-franchit-la-barre-des-100-buts-pour-les-red-flames\/#primaryimage\"},\"thumbnailUrl\":\"https:\/\/vieassociative.be\/actualites\/wp-content\/uploads\/2025\/10\/Il-reste-peu-despoir-pour-les-Red-Flames-de-rester.jpeg\",\"datePublished\":\"2026-03-08T15:17:53+00:00\",\"dateModified\":\"2026-03-08T15:17:53+00:00\",\"breadcrumb\":{\"@id\":\"https:\/\/vieassociative.be\/actualites\/tessa-wullaert-franchit-la-barre-des-100-buts-pour-les-red-flames\/#breadcrumb\"},\"inLanguage\":\"fr-BE\",\"potentialAction\":[{\"@type\":\"ReadAction\",\"target\":[\"https:\/\/vieassociative.be\/actualites\/tessa-wullaert-franchit-la-barre-des-100-buts-pour-les-red-flames\/\"]}]},{\"@type\":\"ImageObject\",\"inLanguage\":\"fr-BE\",\"@id\":\"https:\/\/vieassociative.be\/actualites\/tessa-wullaert-franchit-la-barre-des-100-buts-pour-les-red-flames\/#primaryimage\",\"url\":\"https:\/\/vieassociative.be\/actualites\/wp-content\/uploads\/2025\/10\/Il-reste-peu-despoir-pour-les-Red-Flames-de-rester.jpeg\",\"contentUrl\":\"https:\/\/vieassociative.be\/actualites\/wp-content\/uploads\/2025\/10\/Il-reste-peu-despoir-pour-les-Red-Flames-de-rester.jpeg\",\"width\":900,\"height\":600,\"caption\":\"Il reste peu d'espoir pour les Red Flames de rester dans la A-League de la Ligue des Nations\"},{\"@type\":\"BreadcrumbList\",\"@id\":\"https:\/\/vieassociative.be\/actualites\/tessa-wullaert-franchit-la-barre-des-100-buts-pour-les-red-flames\/#breadcrumb\",\"itemListElement\":[{\"@type\":\"ListItem\",\"position\":1,\"name\":\"Accueil\",\"item\":\"https:\/\/vieassociative.be\/actualites\/\"},{\"@type\":\"ListItem\",\"position\":2,\"name\":\"Tessa Wullaert franchit la barre des 100 buts pour les Red Flames\"}]},{\"@type\":\"WebSite\",\"@id\":\"https:\/\/vieassociative.be\/actualites\/#website\",\"url\":\"https:\/\/vieassociative.be\/actualites\/\",\"name\":\"Vie Associative\",\"description\":\"\",\"publisher\":{\"@id\":\"https:\/\/vieassociative.be\/actualites\/#organization\"},\"potentialAction\":[{\"@type\":\"SearchAction\",\"target\":{\"@type\":\"EntryPoint\",\"urlTemplate\":\"https:\/\/vieassociative.be\/actualites\/?s={search_term_string}\"},\"query-input\":{\"@type\":\"PropertyValueSpecification\",\"valueRequired\":true,\"valueName\":\"search_term_string\"}}],\"inLanguage\":\"fr-BE\"},{\"@type\":\"Organization\",\"@id\":\"https:\/\/vieassociative.be\/actualites\/#organization\",\"name\":\"Vie Associative\",\"url\":\"https:\/\/vieassociative.be\/actualites\/\",\"logo\":{\"@type\":\"ImageObject\",\"inLanguage\":\"fr-BE\",\"@id\":\"https:\/\/vieassociative.be\/actualites\/#\/schema\/logo\/image\/\",\"url\":\"https:\/\/vieassociative.be\/actualites\/wp-content\/uploads\/2024\/09\/cropped-vieassociative_favicon.ico.png\",\"contentUrl\":\"https:\/\/vieassociative.be\/actualites\/wp-content\/uploads\/2024\/09\/cropped-vieassociative_favicon.ico.png\",\"width\":512,\"height\":512,\"caption\":\"Vie Associative\"},\"image\":{\"@id\":\"https:\/\/vieassociative.be\/actualites\/#\/schema\/logo\/image\/\"}},{\"@type\":\"Person\",\"@id\":\"https:\/\/vieassociative.be\/actualites\/#\/schema\/person\/b87ac4f82f9d4e7b7cec7395b679edc4\",\"name\":\"Julien\",\"image\":{\"@type\":\"ImageObject\",\"inLanguage\":\"fr-BE\",\"@id\":\"https:\/\/vieassociative.be\/actualites\/#\/schema\/person\/image\/\",\"url\":\"https:\/\/vieassociative.be\/actualites\/wp-content\/uploads\/2024\/09\/vie-associative-1-150x150.jpg\",\"contentUrl\":\"https:\/\/vieassociative.be\/actualites\/wp-content\/uploads\/2024\/09\/vie-associative-1-150x150.jpg\",\"caption\":\"Julien\"},\"description\":\"Je suis Julien, r\u00e9dacteur pour Vie Associative. Passionn\u00e9 par le monde associatif depuis plus de 10 ans, j'ai \u00e0 c\u0153ur de partager des histoires inspirantes et de mettre en lumi\u00e8re les initiatives locales. Mon objectif est de sensibiliser et d'encourager l'engagement communautaire \u00e0 travers mes articles.\",\"sameAs\":[\"https:\/\/vieassociative.be\/\"]}]}<\/script>\n<!-- \/ Yoast SEO plugin. -->","yoast_head_json":{"title":"Tessa Wullaert franchit la barre des 100 buts pour les Red Flames | Vie Associative","robots":{"index":"index","follow":"follow","max-snippet":"max-snippet:-1","max-image-preview":"max-image-preview:large","max-video-preview":"max-video-preview:-1"},"canonical":"https:\/\/vieassociative.be\/actualites\/tessa-wullaert-franchit-la-barre-des-100-buts-pour-les-red-flames\/","og_locale":"fr_FR","og_type":"article","og_title":"Tessa Wullaert franchit la barre des 100 buts pour les Red Flames | Vie Associative","og_description":"La footballeuse nationale belge Tessa Wullaert a franchi une \u00e9tape historique : la capitaine des Red Flames a marqu\u00e9 son 100e but international pour la","og_url":"https:\/\/vieassociative.be\/actualites\/tessa-wullaert-franchit-la-barre-des-100-buts-pour-les-red-flames\/","og_site_name":"Vie Associative","article_published_time":"2026-03-08T15:17:53+00:00","og_image":[{"width":279,"height":92,"url":"https:\/\/vieassociative.be\/actualites\/wp-content\/uploads\/2024\/09\/header_backgroundk-01-e1726694325946.png","type":"image\/png"}],"author":"Julien","twitter_card":"summary_large_image","twitter_misc":{"\u00c9crit par":"Julien","Dur\u00e9e de lecture est.":"1 minute"},"schema":{"@context":"https:\/\/schema.org","@graph":[{"@type":"Article","@id":"https:\/\/vieassociative.be\/actualites\/tessa-wullaert-franchit-la-barre-des-100-buts-pour-les-red-flames\/#article","isPartOf":{"@id":"https:\/\/vieassociative.be\/actualites\/tessa-wullaert-franchit-la-barre-des-100-buts-pour-les-red-flames\/"},"author":{"name":"Julien","@id":"https:\/\/vieassociative.be\/actualites\/#\/schema\/person\/b87ac4f82f9d4e7b7cec7395b679edc4"},"headline":"Tessa Wullaert franchit la barre des 100 buts pour les Red Flames","datePublished":"2026-03-08T15:17:53+00:00","dateModified":"2026-03-08T15:17:53+00:00","mainEntityOfPage":{"@id":"https:\/\/vieassociative.be\/actualites\/tessa-wullaert-franchit-la-barre-des-100-buts-pour-les-red-flames\/"},"wordCount":242,"publisher":{"@id":"https:\/\/vieassociative.be\/actualites\/#organization"},"image":{"@id":"https:\/\/vieassociative.be\/actualites\/tessa-wullaert-franchit-la-barre-des-100-buts-pour-les-red-flames\/#primaryimage"},"thumbnailUrl":"https:\/\/vieassociative.be\/actualites\/wp-content\/uploads\/2025\/10\/Il-reste-peu-despoir-pour-les-Red-Flames-de-rester.jpeg","keywords":["barre","buts","Des","Flames","franchit","Les","pour","Red","Tessa","Wullaert"],"articleSection":["Belgique"],"inLanguage":"fr-BE"},{"@type":"WebPage","@id":"https:\/\/vieassociative.be\/actualites\/tessa-wullaert-franchit-la-barre-des-100-buts-pour-les-red-flames\/","url":"https:\/\/vieassociative.be\/actualites\/tessa-wullaert-franchit-la-barre-des-100-buts-pour-les-red-flames\/","name":"Tessa Wullaert franchit la barre des 100 buts pour les Red Flames | Vie Associative","isPartOf":{"@id":"https:\/\/vieassociative.be\/actualites\/#website"},"primaryImageOfPage":{"@id":"https:\/\/vieassociative.be\/actualites\/tessa-wullaert-franchit-la-barre-des-100-buts-pour-les-red-flames\/#primaryimage"},"image":{"@id":"https:\/\/vieassociative.be\/actualites\/tessa-wullaert-franchit-la-barre-des-100-buts-pour-les-red-flames\/#primaryimage"},"thumbnailUrl":"https:\/\/vieassociative.be\/actualites\/wp-content\/uploads\/2025\/10\/Il-reste-peu-despoir-pour-les-Red-Flames-de-rester.jpeg","datePublished":"2026-03-08T15:17:53+00:00","dateModified":"2026-03-08T15:17:53+00:00","breadcrumb":{"@id":"https:\/\/vieassociative.be\/actualites\/tessa-wullaert-franchit-la-barre-des-100-buts-pour-les-red-flames\/#breadcrumb"},"inLanguage":"fr-BE","potentialAction":[{"@type":"ReadAction","target":["https:\/\/vieassociative.be\/actualites\/tessa-wullaert-franchit-la-barre-des-100-buts-pour-les-red-flames\/"]}]},{"@type":"ImageObject","inLanguage":"fr-BE","@id":"https:\/\/vieassociative.be\/actualites\/tessa-wullaert-franchit-la-barre-des-100-buts-pour-les-red-flames\/#primaryimage","url":"https:\/\/vieassociative.be\/actualites\/wp-content\/uploads\/2025\/10\/Il-reste-peu-despoir-pour-les-Red-Flames-de-rester.jpeg","contentUrl":"https:\/\/vieassociative.be\/actualites\/wp-content\/uploads\/2025\/10\/Il-reste-peu-despoir-pour-les-Red-Flames-de-rester.jpeg","width":900,"height":600,"caption":"Il reste peu d'espoir pour les Red Flames de rester dans la A-League de la Ligue des Nations"},{"@type":"BreadcrumbList","@id":"https:\/\/vieassociative.be\/actualites\/tessa-wullaert-franchit-la-barre-des-100-buts-pour-les-red-flames\/#breadcrumb","itemListElement":[{"@type":"ListItem","position":1,"name":"Accueil","item":"https:\/\/vieassociative.be\/actualites\/"},{"@type":"ListItem","position":2,"name":"Tessa Wullaert franchit la barre des 100 buts pour les Red Flames"}]},{"@type":"WebSite","@id":"https:\/\/vieassociative.be\/actualites\/#website","url":"https:\/\/vieassociative.be\/actualites\/","name":"Vie Associative","description":"","publisher":{"@id":"https:\/\/vieassociative.be\/actualites\/#organization"},"potentialAction":[{"@type":"SearchAction","target":{"@type":"EntryPoint","urlTemplate":"https:\/\/vieassociative.be\/actualites\/?s={search_term_string}"},"query-input":{"@type":"PropertyValueSpecification","valueRequired":true,"valueName":"search_term_string"}}],"inLanguage":"fr-BE"},{"@type":"Organization","@id":"https:\/\/vieassociative.be\/actualites\/#organization","name":"Vie Associative","url":"https:\/\/vieassociative.be\/actualites\/","logo":{"@type":"ImageObject","inLanguage":"fr-BE","@id":"https:\/\/vieassociative.be\/actualites\/#\/schema\/logo\/image\/","url":"https:\/\/vieassociative.be\/actualites\/wp-content\/uploads\/2024\/09\/cropped-vieassociative_favicon.ico.png","contentUrl":"https:\/\/vieassociative.be\/actualites\/wp-content\/uploads\/2024\/09\/cropped-vieassociative_favicon.ico.png","width":512,"height":512,"caption":"Vie Associative"},"image":{"@id":"https:\/\/vieassociative.be\/actualites\/#\/schema\/logo\/image\/"}},{"@type":"Person","@id":"https:\/\/vieassociative.be\/actualites\/#\/schema\/person\/b87ac4f82f9d4e7b7cec7395b679edc4","name":"Julien","image":{"@type":"ImageObject","inLanguage":"fr-BE","@id":"https:\/\/vieassociative.be\/actualites\/#\/schema\/person\/image\/","url":"https:\/\/vieassociative.be\/actualites\/wp-content\/uploads\/2024\/09\/vie-associative-1-150x150.jpg","contentUrl":"https:\/\/vieassociative.be\/actualites\/wp-content\/uploads\/2024\/09\/vie-associative-1-150x150.jpg","caption":"Julien"},"description":"Je suis Julien, r\u00e9dacteur pour Vie Associative. Passionn\u00e9 par le monde associatif depuis plus de 10 ans, j'ai \u00e0 c\u0153ur de partager des histoires inspirantes et de mettre en lumi\u00e8re les initiatives locales. Mon objectif est de sensibiliser et d'encourager l'engagement communautaire \u00e0 travers mes articles.","sameAs":["https:\/\/vieassociative.be\/"]}]}},"_links":{"self":[{"href":"https:\/\/vieassociative.be\/actualites\/wp-json\/wp\/v2\/posts\/12941"}],"collection":[{"href":"https:\/\/vieassociative.be\/actualites\/wp-json\/wp\/v2\/posts"}],"about":[{"href":"https:\/\/vieassociative.be\/actualites\/wp-json\/wp\/v2\/types\/post"}],"author":[{"embeddable":true,"href":"https:\/\/vieassociative.be\/actualites\/wp-json\/wp\/v2\/users\/1"}],"replies":[{"embeddable":true,"href":"https:\/\/vieassociative.be\/actualites\/wp-json\/wp\/v2\/comments?post=12941"}],"version-history":[{"count":0,"href":"https:\/\/vieassociative.be\/actualites\/wp-json\/wp\/v2\/posts\/12941\/revisions"}],"wp:featuredmedia":[{"embeddable":true,"href":"https:\/\/vieassociative.be\/actualites\/wp-json\/wp\/v2\/media\/10885"}],"wp:attachment":[{"href":"https:\/\/vieassociative.be\/actualites\/wp-json\/wp\/v2\/media?parent=12941"}],"wp:term":[{"taxonomy":"category","embeddable":true,"href":"https:\/\/vieassociative.be\/actualites\/wp-json\/wp\/v2\/categories?post=12941"},{"taxonomy":"post_tag","embeddable":true,"href":"https:\/\/vieassociative.be\/actualites\/wp-json\/wp\/v2\/tags?post=12941"}],"curies":[{"name":"wp","href":"https:\/\/api.w.org\/{rel}","templated":true}]}}