{"id":12939,"date":"2026-03-08T15:17:57","date_gmt":"2026-03-08T14:17:57","guid":{"rendered":"https:\/\/vieassociative.be\/actualites\/best-buy-propose-les-meilleures-offres-de-precommande-sur-la-nouvelle-gamme-macbook\/"},"modified":"2026-03-08T15:17:57","modified_gmt":"2026-03-08T14:17:57","slug":"best-buy-propose-les-meilleures-offres-de-precommande-sur-la-nouvelle-gamme-macbook","status":"publish","type":"post","link":"https:\/\/vieassociative.be\/actualites\/best-buy-propose-les-meilleures-offres-de-precommande-sur-la-nouvelle-gamme-macbook\/","title":{"rendered":"Best Buy propose les meilleures offres de pr\u00e9commande sur la nouvelle gamme MacBook"},"content":{"rendered":"<p>Nous pouvons gagner une commission sur les liens sur cette page. Les prix et la disponibilit\u00e9 de l&rsquo;offre sont sujets \u00e0 changement apr\u00e8s la publication.<\/p>\n<p>Apple a annonc\u00e9 cette semaine de nouveaux produits, tous d\u00e9j\u00e0 disponibles en pr\u00e9commande et qui sortiront le 11 mars. Mais avant de passer votre commande, il est pr\u00e9f\u00e9rable de comparer les offres de pr\u00e9commande de diff\u00e9rents d\u00e9taillants. Walmart propose par exemple la meilleure offre de pr\u00e9commande d&rsquo;iPad Air, offrant 40 $ de r\u00e9duction sur le prix catalogue. Cependant, si vous \u00eates int\u00e9ress\u00e9 par un nouveau MacBook, Best Buy est l&rsquo;endroit o\u00f9 chercher : c&rsquo;est le seul grand d\u00e9taillant proposant des offres de pr\u00e9commande pour les trois nouveaux MacBook.<\/p>\n<div class=\"shadow-b-2 mb-12 mt-10 rounded-md border-2 border-(#F0F0F0) px-6 py-2 shadow-lg md:px-12\" role=\"region\" aria-label=\"Products List\">\n<div class=\"flex w-full gap-x-5\">\n<div class=\"flex w-full flex-col flex-nowrap justify-center gap-2 text-black no-underline md:order-2 md:gap-y-6\">\n<div class=\"flex flex-col justify-between gap-y-2 md:w-full md:gap-y-1\">\n<div class=\"block font-sans text-xs font-semibold capitalize leading-3 text-gray-900 md:leading-4\">Puce Apple A18 Pro avec processeur 6 c\u0153urs et GPU 5 c\u0153urs &#8211; M\u00e9moire 8 Go &#8211; SSD 256 Go &#8211; Indigo<\/div>\n<div class=\"block w-fit cursor-pointer font-akshar text-lg font-medium leading-5 text-brand-green duration-200 ease-in-out hover:text-brand-green-700 md:text-xl md:leading-6\">\n<p>                            MacBook Neo 13 pouces (carte-cadeau Best Buy de 25 $)\n                        <\/p><\/div>\n<\/p><\/div>\n<div class=\"hidden md:flex md:justify-between md:gap-x-4\">\n<div class=\"w-full mb-0 md:flex md:flex-col md:justify-center font-sans leading-4 text-black\">\n<div class=\"flex flex-wrap items-center justify-center gap-1 md:justify-start\">\n        <span class=\"font-bold\"><\/p>\n<p>            599,00\u00a0$<br \/>\n                            <span class=\"font-medium\">chez Best Buy<\/span><br \/>\n                    <\/span>\n            <\/div>\n<\/p><\/div>\n<p>                            <button class=\"flex justify-center items-center w-full bg-brand-green text-white text-base font-sans font-medium rounded-md hover:bg-brand-green-700 hover:cursor-pointer md:text-sm hidden self-end h-12 max-w-(10rem) duration-200 ease-in-out hover:bg-brand-green-700 md:flex md:h-10\"><\/p>\n<p>    Pr\u00e9-commander ici<br \/>\n<\/button>\n                        <\/div>\n<\/p><\/div>\n<div class=\"flex aspect-video h-(90px) shrink-0 items-center justify-center self-center md:order-1\">\n                        <img decoding=\"async\" class=\"m-0 max-h-full max-w-full rounded-md\" src=\"https:\/\/vieassociative.be\/actualites\/wp-content\/uploads\/2026\/03\/Best-Buy-propose-les-meilleures-offres-de-precommande-sur-la.jpg\" alt=\"MacBook N\u00e9o 13 pouces\" width=\"auto\" height=\"auto\" loading=\"lazy\">\n                    <\/div>\n<\/p><\/div>\n<p>                            <button class=\"flex justify-center items-center w-full bg-brand-green text-white text-base font-sans font-medium rounded-md hover:bg-brand-green-700 hover:cursor-pointer md:text-sm w-full h-12 duration-200 ease-in-out hover:bg-brand-green-700 md:hidden md:h-10\"><\/p>\n<p>    Pr\u00e9-commander ici<br \/>\n<\/button><\/p>\n<div class=\"flex flex-col items-center w-full md:hidden font-sans leading-4 text-black\">\n<div class=\"flex flex-wrap items-center justify-center gap-1 md:justify-start\">\n        <span class=\"font-bold\"><\/p>\n<p>            599,00\u00a0$<br \/>\n                            <span class=\"font-medium\">chez Best Buy<\/span><br \/>\n                    <\/span>\n            <\/div>\n<\/p><\/div>\n<div class=\"flex w-full gap-x-5\">\n<div class=\"flex w-full flex-col flex-nowrap justify-center gap-2 text-black no-underline md:order-2 md:gap-y-6\">\n<div class=\"flex flex-col justify-between gap-y-2 md:w-full md:gap-y-1\">\n<div class=\"block font-sans text-xs font-semibold capitalize leading-3 text-gray-900 md:leading-4\">Puce Apple M5 avec CPU 10 c\u0153urs et GPU 8 c\u0153urs &#8211; M\u00e9moire 16 Go &#8211; SSD 512 Go &#8211; Minuit<\/div>\n<div class=\"block w-fit cursor-pointer font-akshar text-lg font-medium leading-5 text-brand-green duration-200 ease-in-out hover:text-brand-green-700 md:text-xl md:leading-6\">\n<p>                            MacBook Air 13 pouces (carte-cadeau Best Buy de 50 $)\n                        <\/p><\/div>\n<\/p><\/div>\n<div class=\"hidden md:flex md:justify-between md:gap-x-4\">\n<div class=\"w-full mb-0 md:flex md:flex-col md:justify-center font-sans leading-4 text-black\">\n<div class=\"flex flex-wrap items-center justify-center gap-1 md:justify-start\">\n        <span class=\"font-bold\"><\/p>\n<p>            1\u00a0099,00\u00a0$<br \/>\n                            <span class=\"font-medium\">chez Best Buy<\/span><br \/>\n                    <\/span>\n            <\/div>\n<\/p><\/div>\n<p>                            <button class=\"flex justify-center items-center w-full bg-brand-green text-white text-base font-sans font-medium rounded-md hover:bg-brand-green-700 hover:cursor-pointer md:text-sm hidden self-end h-12 max-w-(10rem) duration-200 ease-in-out hover:bg-brand-green-700 md:flex md:h-10\"><\/p>\n<p>    Pr\u00e9-commander ici<br \/>\n<\/button>\n                        <\/div>\n<\/p><\/div>\n<div class=\"flex aspect-video h-(90px) shrink-0 items-center justify-center self-center md:order-1\">\n                        <img decoding=\"async\" class=\"m-0 max-h-full max-w-full rounded-md\" src=\"https:\/\/vieassociative.be\/actualites\/wp-content\/uploads\/2026\/03\/1772979476_623_Best-Buy-propose-les-meilleures-offres-de-precommande-sur-la.jpg\" alt=\"MacBook Air 13 pouces (carte-cadeau Best Buy de 50 $)\" width=\"auto\" height=\"auto\" loading=\"lazy\">\n                    <\/div>\n<\/p><\/div>\n<p>                            <button class=\"flex justify-center items-center w-full bg-brand-green text-white text-base font-sans font-medium rounded-md hover:bg-brand-green-700 hover:cursor-pointer md:text-sm w-full h-12 duration-200 ease-in-out hover:bg-brand-green-700 md:hidden md:h-10\"><\/p>\n<p>    Pr\u00e9-commander ici<br \/>\n<\/button><\/p>\n<div class=\"flex flex-col items-center w-full md:hidden font-sans leading-4 text-black\">\n<div class=\"flex flex-wrap items-center justify-center gap-1 md:justify-start\">\n        <span class=\"font-bold\"><\/p>\n<p>            1\u00a0099,00\u00a0$<br \/>\n                            <span class=\"font-medium\">chez Best Buy<\/span><br \/>\n                    <\/span>\n            <\/div>\n<\/p><\/div>\n<div class=\"flex w-full gap-x-5\">\n<div class=\"flex w-full flex-col flex-nowrap justify-center gap-2 text-black no-underline md:order-2 md:gap-y-6\">\n<div class=\"flex flex-col justify-between gap-y-2 md:w-full md:gap-y-1\">\n<div class=\"block font-sans text-xs font-semibold capitalize leading-3 text-gray-900 md:leading-4\">Puce Apple M5 Pro avec processeur 15 c\u0153urs et GPU 16 c\u0153urs &#8211; M\u00e9moire 24 Go &#8211; SSD 1 To &#8211; Noir sid\u00e9ral<\/div>\n<div class=\"block w-fit cursor-pointer font-akshar text-lg font-medium leading-5 text-brand-green duration-200 ease-in-out hover:text-brand-green-700 md:text-xl md:leading-6\">\n<p>                            MacBook Pro 14 pouces (carte-cadeau Best Buy de 100 $)\n                        <\/p><\/div>\n<\/p><\/div>\n<div class=\"hidden md:flex md:justify-between md:gap-x-4\">\n<div class=\"w-full mb-0 md:flex md:flex-col md:justify-center font-sans leading-4 text-black\">\n<div class=\"flex flex-wrap items-center justify-center gap-1 md:justify-start\">\n        <span class=\"font-bold\"><\/p>\n<p>            2\u00a0199,00\u00a0$<br \/>\n                            <span class=\"font-medium\">chez Best Buy<\/span><br \/>\n                    <\/span>\n            <\/div>\n<\/p><\/div>\n<p>                            <button class=\"flex justify-center items-center w-full bg-brand-green text-white text-base font-sans font-medium rounded-md hover:bg-brand-green-700 hover:cursor-pointer md:text-sm hidden self-end h-12 max-w-(10rem) duration-200 ease-in-out hover:bg-brand-green-700 md:flex md:h-10\"><\/p>\n<p>    Pr\u00e9-commander ici<br \/>\n<\/button>\n                        <\/div>\n<\/p><\/div>\n<div class=\"flex aspect-video h-(90px) shrink-0 items-center justify-center self-center md:order-1\">\n                        <img decoding=\"async\" class=\"m-0 max-h-full max-w-full rounded-md\" src=\"https:\/\/vieassociative.be\/actualites\/wp-content\/uploads\/2026\/03\/1772979477_546_Best-Buy-propose-les-meilleures-offres-de-precommande-sur-la.jpg\" alt=\"MacBook Pro 14 pouces - Puce Apple M5 Pro avec processeur 15 c\u0153urs et GPU 16 c\u0153urs - M\u00e9moire 24 Go - SSD 1 To - Noir sid\u00e9ral\" width=\"auto\" height=\"auto\" loading=\"lazy\">\n                    <\/div>\n<\/p><\/div>\n<p>                            <button class=\"flex justify-center items-center w-full bg-brand-green text-white text-base font-sans font-medium rounded-md hover:bg-brand-green-700 hover:cursor-pointer md:text-sm w-full h-12 duration-200 ease-in-out hover:bg-brand-green-700 md:hidden md:h-10\"><\/p>\n<p>    Pr\u00e9-commander ici<br \/>\n<\/button><\/p>\n<div class=\"flex flex-col items-center w-full md:hidden font-sans leading-4 text-black\">\n<div class=\"flex flex-wrap items-center justify-center gap-1 md:justify-start\">\n        <span class=\"font-bold\"><\/p>\n<p>            2\u00a0199,00\u00a0$<br \/>\n                            <span class=\"font-medium\">chez Best Buy<\/span><br \/>\n                    <\/span>\n            <\/div>\n<\/p><\/div>\n<p>        <button class=\"mb-4 mt-6 pr-4 font-akshar text-sm font-medium text-gray-900 hover:cursor-pointer hover:text-brand-green md:pr-8\"><\/p>\n<p>        VOIR 0 PLUS<\/p>\n<p>    <\/button>\n<\/div>\n<p>Auparavant, tous ceux qui recherchaient un MacBook abordable se tournaient vers les mod\u00e8les plus anciens, comme le M1 et le M2. Le MacBook Neo change cela, tout comme le march\u00e9 de l&rsquo;informatique personnelle en g\u00e9n\u00e9ral. Le Neo n\u2019est pas \u00e9poustouflant en termes de sp\u00e9cifications \u2013 il poss\u00e8de le processeur A18 Pro, la m\u00eame puce que l\u2019iPhone 16 Pro \u2013 mais c\u2019est son prix qui le rend attrayant. \u00c0 <strong>599\u00a0$<\/strong>je vois beaucoup de gens opter pour ce MacBook plut\u00f4t que pour d&rsquo;autres ordinateurs portables \u00e9conomiques, en particulier avec la carte-cadeau de pr\u00e9commande de 25 $. (Vous devriez cependant toujours consid\u00e9rer les M1 et M2 comme de bonnes options si vous trouvez de bonnes affaires.) Le Neo manque \u00e9galement de certaines fonctionnalit\u00e9s haut de gamme que vous attendez des autres MacBook, comme un r\u00e9tro\u00e9clairage pour le clavier, Touch ID et le chargement MagSafe. Il est \u00e9galement limit\u00e9 \u00e0 8 Go de RAM, ce qui est inf\u00e9rieur aux normes actuelles.<\/p>\n<p>Le MacBook Air M5 est tentant, \u00e0 partir de <strong>1\u00a0099\u00a0$<\/strong>mais vous ne devriez pas vous laisser influencer si vous poss\u00e9dez d\u00e9j\u00e0 un M4. Le reste de l&rsquo;ordinateur portable est pratiquement le m\u00eame. Bien s\u00fbr, le mod\u00e8le de base double le stockage \u00e0 512 Go, ce qui est agr\u00e9able et seulement 100 $ de plus que le prix catalogue lors de la sortie du M4. Ajoutez une carte-cadeau de 50 $, et c&rsquo;est une excellente option pour quelqu&rsquo;un qui passe du M2, du M1 ou qui obtient son premier MacBook.<\/p>\n<p>Le nouveau MacBook Pro est une b\u00eate. Cela commence avec 1 To de stockage, la puce M5 Pro avec un processeur \u00e0 15 c\u0153urs et un GPU \u00e0 16 c\u0153urs. La RAM est de 24 Go, ce qui offre aux utilisateurs tout le multit\u00e2che et la fluidit\u00e9 dont ils ont besoin pour ex\u00e9cuter plusieurs programmes \u00e0 la fois. \u00c0 partir de <strong>2 199 $<\/strong>la carte-cadeau de 100 $ n&rsquo;att\u00e9nue pas beaucoup le coup, mais c&rsquo;est 100 $ de plus que ce que quiconque offre.<\/p>\n<div class=\" relative flex justify-center py-16 md:left-1\/2 md:w-(780px) md:max-w-max md:-translate-x-1\/2\">\n<div class=\"w-max text-center sm:text-left\">\n<div class=\"custom-gradient-background mb-6 rounded-md p-(2px) sm:rounded-tl-none\">\n<div class=\"flex flex-col rounded bg-white sm:rounded-tl-none\">\n                    <span class=\"-mt-4 block w-fit max-w-(calc(100%-1rem)) self-center bg-white px-3 text-center font-akshar text-xl font-medium capitalize text-gray-800 sm:max-w-(calc(100%-2.5rem)) sm:self-start sm:px-10 sm:text-left sm:text-2xl\">Nos meilleures offres technologiques approuv\u00e9es par les \u00e9diteurs en ce moment<\/span><\/p>\n<div class=\"flex flex-col gap-3 p-3 pb-4 text-sm sm:p-10 sm:pt-6 sm:text-justify sm:text-base\">\n<div>\n<p>    \u00c9couteurs sans fil \u00e0 suppression active du bruit Apple AirPods 4<\/p>\n<p>                                <span class=\"text-black\"><br \/>\n                                    \u2014<br \/>\n                                    <span class=\"font-bold\">119,00\u00a0$<\/span><br \/>\n                                    <span class=\"!text-xs italic sm:!text-sm\"><\/p>\n<p>                                        (Prix catalogue 179,00 $)<br \/>\n                                    <\/span><br \/>\n                                <\/span>\n                            <\/div>\n<div>\n<p>    Samsung Galaxy S26 Ultra, smartphone Android d\u00e9bloqu\u00e9 + carte cadeau de 200 $, 512 Go, \u00e9cran de confidentialit\u00e9, Galaxy AI, cam\u00e9ra AI, charge super rapide 3.0, batterie durable, 2026, garantie am\u00e9ricaine 1 an, noir<\/p>\n<p>                                <span class=\"text-black\"><br \/>\n                                    \u2014<br \/>\n                                    <span class=\"font-bold\">1\u00a0299,99\u00a0$<\/span><br \/>\n                                    <span class=\"!text-xs italic sm:!text-sm\"><\/p>\n<p>                                        (Prix catalogue 1 499,99\u00a0$)<br \/>\n                                    <\/span><br \/>\n                                <\/span>\n                            <\/div>\n<div>\n<p>    \u00c9couteurs sans fil \u00e0 r\u00e9duction de bruit Samsung Galaxy Buds 4 AI + carte-cadeau Amazon de 20 $<\/p>\n<p>                                <span class=\"text-black\"><br \/>\n                                    \u2014<br \/>\n                                    <span class=\"font-bold\">179,99\u00a0$<\/span><br \/>\n                                    <span class=\"!text-xs italic sm:!text-sm\"><\/p>\n<p>                                        (Prix catalogue 199,99 $)<br \/>\n                                    <\/span><br \/>\n                                <\/span>\n                            <\/div>\n<div>\n<p>    Google Pixel 10a 128 Go 6,3&Prime; Smartphone d\u00e9bloqu\u00e9 + carte-cadeau de 100\u00a0$<\/p>\n<p>                                <span class=\"text-black\"><br \/>\n                                    \u2014<br \/>\n                                    <span class=\"font-bold\">499,00\u00a0$<\/span><br \/>\n                                    <span class=\"!text-xs italic sm:!text-sm\"><\/p>\n<p>                                        (Prix catalogue 599,00 $)<br \/>\n                                    <\/span><br \/>\n                                <\/span>\n                            <\/div>\n<div>\n<p>    Apple iPad 11&Prime; 128 Go A16 WiFi Tablette (Bleu, 2025)<\/p>\n<p>                                <span class=\"text-black\"><br \/>\n                                    \u2014<br \/>\n                                    <span class=\"font-bold\">329,00\u00a0$<\/span><br \/>\n                                    <span class=\"!text-xs italic sm:!text-sm\"><\/p>\n<p>                                        (Prix catalogue 349,00 $)<br \/>\n                                    <\/span><br \/>\n                                <\/span>\n                            <\/div>\n<div>\n<p>    Montre intelligente Apple Watch Series 11 (GPS 46 mm) avec bo\u00eetier en aluminium noir de jais et bracelet sport noir &#8211; M\/L. Score de sommeil, tracker d&rsquo;activit\u00e9, surveillance de la sant\u00e9, affichage permanent, r\u00e9sistant \u00e0 l&rsquo;eau<\/p>\n<p>                                <span class=\"text-black\"><br \/>\n                                    \u2014<br \/>\n                                    <span class=\"font-bold\">329,00\u00a0$<\/span><br \/>\n                                    <span class=\"!text-xs italic sm:!text-sm\"><\/p>\n<p>                                        (Prix catalogue 429,00 $)<br \/>\n                                    <\/span><br \/>\n                                <\/span>\n                            <\/div>\n<div>\n<p>    Barre de son Amazon Fire TV<\/p>\n<p>                                <span class=\"text-black\"><br \/>\n                                    \u2014<br \/>\n                                    <span class=\"font-bold\">99,99\u00a0$<\/span><br \/>\n                                    <span class=\"!text-xs italic sm:!text-sm\"><\/p>\n<p>                                        (Prix catalogue 119,99 $)<br \/>\n                                    <\/span><br \/>\n                                <\/span>\n                            <\/div>\n<\/p><\/div>\n<\/p><\/div>\n<\/p><\/div>\n<div class=\"flex flex-col items-center justify-between text-black sm:flex-row sm:px-6\">\n                <span class=\"text-xs italic sm:ml-7 sm:text-sm\">Les offres sont s\u00e9lectionn\u00e9es par notre \u00e9quipe commerciale<\/span><\/p><\/div>\n<\/p><\/div>\n<\/p><\/div>\n","protected":false},"excerpt":{"rendered":"<p>Nous pouvons gagner une commission sur les liens sur cette page. Les prix et la disponibilit\u00e9 de l&rsquo;offre sont sujets \u00e0 changement apr\u00e8s la publication.<\/p>\n","protected":false},"author":1,"featured_media":12940,"comment_status":"","ping_status":"","sticky":false,"template":"","format":"standard","meta":{"footnotes":""},"categories":[1],"tags":[1256,1490,14,686,79,491,345,954,1546,33],"class_list":["post-12939","post","type-post","status-publish","format-standard","has-post-thumbnail","hentry","category-non-classe","tag-buy","tag-gamme","tag-les","tag-macbook","tag-meilleures","tag-nouvelle","tag-offres","tag-precommande","tag-propose","tag-sur","generate-columns","tablet-grid-50","mobile-grid-100","grid-parent","grid-33"],"yoast_head":"<!-- This site is optimized with the Yoast SEO plugin v24.0 - https:\/\/yoast.com\/wordpress\/plugins\/seo\/ -->\n<title>Best Buy propose les meilleures offres de pr\u00e9commande sur la nouvelle gamme MacBook | Vie Associative<\/title>\n<meta name=\"robots\" content=\"index, follow, max-snippet:-1, max-image-preview:large, max-video-preview:-1\" \/>\n<link rel=\"canonical\" href=\"https:\/\/vieassociative.be\/actualites\/best-buy-propose-les-meilleures-offres-de-precommande-sur-la-nouvelle-gamme-macbook\/\" \/>\n<meta property=\"og:locale\" content=\"fr_FR\" \/>\n<meta property=\"og:type\" content=\"article\" \/>\n<meta property=\"og:title\" content=\"Best Buy propose les meilleures offres de pr\u00e9commande sur la nouvelle gamme MacBook | Vie Associative\" \/>\n<meta property=\"og:description\" content=\"Nous pouvons gagner une commission sur les liens sur cette page. Les prix et la disponibilit\u00e9 de l&rsquo;offre sont sujets \u00e0 changement apr\u00e8s la publication.\" \/>\n<meta property=\"og:url\" content=\"https:\/\/vieassociative.be\/actualites\/best-buy-propose-les-meilleures-offres-de-precommande-sur-la-nouvelle-gamme-macbook\/\" \/>\n<meta property=\"og:site_name\" content=\"Vie Associative\" \/>\n<meta property=\"article:published_time\" content=\"2026-03-08T14:17:57+00:00\" \/>\n<meta property=\"og:image\" content=\"https:\/\/vieassociative.be\/actualites\/wp-content\/uploads\/2026\/03\/Best-Buy-propose-les-meilleures-offres-de-precommande-sur-la.jpg\" \/>\n<meta name=\"author\" content=\"Julien\" \/>\n<meta name=\"twitter:card\" content=\"summary_large_image\" \/>\n<meta name=\"twitter:label1\" content=\"\u00c9crit par\" \/>\n\t<meta name=\"twitter:data1\" content=\"Julien\" \/>\n\t<meta name=\"twitter:label2\" content=\"Dur\u00e9e de lecture est.\" \/>\n\t<meta name=\"twitter:data2\" content=\"4 minutes\" \/>\n<script type=\"application\/ld+json\" class=\"yoast-schema-graph\">{\"@context\":\"https:\/\/schema.org\",\"@graph\":[{\"@type\":\"Article\",\"@id\":\"https:\/\/vieassociative.be\/actualites\/best-buy-propose-les-meilleures-offres-de-precommande-sur-la-nouvelle-gamme-macbook\/#article\",\"isPartOf\":{\"@id\":\"https:\/\/vieassociative.be\/actualites\/best-buy-propose-les-meilleures-offres-de-precommande-sur-la-nouvelle-gamme-macbook\/\"},\"author\":{\"name\":\"Julien\",\"@id\":\"https:\/\/vieassociative.be\/actualites\/#\/schema\/person\/b87ac4f82f9d4e7b7cec7395b679edc4\"},\"headline\":\"Best Buy propose les meilleures offres de pr\u00e9commande sur la nouvelle gamme MacBook\",\"datePublished\":\"2026-03-08T14:17:57+00:00\",\"dateModified\":\"2026-03-08T14:17:57+00:00\",\"mainEntityOfPage\":{\"@id\":\"https:\/\/vieassociative.be\/actualites\/best-buy-propose-les-meilleures-offres-de-precommande-sur-la-nouvelle-gamme-macbook\/\"},\"wordCount\":747,\"publisher\":{\"@id\":\"https:\/\/vieassociative.be\/actualites\/#organization\"},\"image\":{\"@id\":\"https:\/\/vieassociative.be\/actualites\/best-buy-propose-les-meilleures-offres-de-precommande-sur-la-nouvelle-gamme-macbook\/#primaryimage\"},\"thumbnailUrl\":\"https:\/\/vieassociative.be\/actualites\/wp-content\/uploads\/2026\/03\/Best-Buy-propose-les-meilleures-offres-de-precommande-sur-la.png\",\"keywords\":[\"Buy\",\"gamme\",\"Les\",\"MacBook\",\"meilleures\",\"nouvelle\",\"offres\",\"pr\u00e9commande\",\"propose\",\"sur\"],\"inLanguage\":\"fr-BE\"},{\"@type\":\"WebPage\",\"@id\":\"https:\/\/vieassociative.be\/actualites\/best-buy-propose-les-meilleures-offres-de-precommande-sur-la-nouvelle-gamme-macbook\/\",\"url\":\"https:\/\/vieassociative.be\/actualites\/best-buy-propose-les-meilleures-offres-de-precommande-sur-la-nouvelle-gamme-macbook\/\",\"name\":\"Best Buy propose les meilleures offres de pr\u00e9commande sur la nouvelle gamme MacBook | Vie Associative\",\"isPartOf\":{\"@id\":\"https:\/\/vieassociative.be\/actualites\/#website\"},\"primaryImageOfPage\":{\"@id\":\"https:\/\/vieassociative.be\/actualites\/best-buy-propose-les-meilleures-offres-de-precommande-sur-la-nouvelle-gamme-macbook\/#primaryimage\"},\"image\":{\"@id\":\"https:\/\/vieassociative.be\/actualites\/best-buy-propose-les-meilleures-offres-de-precommande-sur-la-nouvelle-gamme-macbook\/#primaryimage\"},\"thumbnailUrl\":\"https:\/\/vieassociative.be\/actualites\/wp-content\/uploads\/2026\/03\/Best-Buy-propose-les-meilleures-offres-de-precommande-sur-la.png\",\"datePublished\":\"2026-03-08T14:17:57+00:00\",\"dateModified\":\"2026-03-08T14:17:57+00:00\",\"breadcrumb\":{\"@id\":\"https:\/\/vieassociative.be\/actualites\/best-buy-propose-les-meilleures-offres-de-precommande-sur-la-nouvelle-gamme-macbook\/#breadcrumb\"},\"inLanguage\":\"fr-BE\",\"potentialAction\":[{\"@type\":\"ReadAction\",\"target\":[\"https:\/\/vieassociative.be\/actualites\/best-buy-propose-les-meilleures-offres-de-precommande-sur-la-nouvelle-gamme-macbook\/\"]}]},{\"@type\":\"ImageObject\",\"inLanguage\":\"fr-BE\",\"@id\":\"https:\/\/vieassociative.be\/actualites\/best-buy-propose-les-meilleures-offres-de-precommande-sur-la-nouvelle-gamme-macbook\/#primaryimage\",\"url\":\"https:\/\/vieassociative.be\/actualites\/wp-content\/uploads\/2026\/03\/Best-Buy-propose-les-meilleures-offres-de-precommande-sur-la.png\",\"contentUrl\":\"https:\/\/vieassociative.be\/actualites\/wp-content\/uploads\/2026\/03\/Best-Buy-propose-les-meilleures-offres-de-precommande-sur-la.png\",\"width\":1200,\"height\":675,\"caption\":\"Best Buy propose les meilleures offres de pr\u00e9commande sur la nouvelle gamme MacBook\"},{\"@type\":\"BreadcrumbList\",\"@id\":\"https:\/\/vieassociative.be\/actualites\/best-buy-propose-les-meilleures-offres-de-precommande-sur-la-nouvelle-gamme-macbook\/#breadcrumb\",\"itemListElement\":[{\"@type\":\"ListItem\",\"position\":1,\"name\":\"Accueil\",\"item\":\"https:\/\/vieassociative.be\/actualites\/\"},{\"@type\":\"ListItem\",\"position\":2,\"name\":\"Best Buy propose les meilleures offres de pr\u00e9commande sur la nouvelle gamme MacBook\"}]},{\"@type\":\"WebSite\",\"@id\":\"https:\/\/vieassociative.be\/actualites\/#website\",\"url\":\"https:\/\/vieassociative.be\/actualites\/\",\"name\":\"Vie Associative\",\"description\":\"\",\"publisher\":{\"@id\":\"https:\/\/vieassociative.be\/actualites\/#organization\"},\"potentialAction\":[{\"@type\":\"SearchAction\",\"target\":{\"@type\":\"EntryPoint\",\"urlTemplate\":\"https:\/\/vieassociative.be\/actualites\/?s={search_term_string}\"},\"query-input\":{\"@type\":\"PropertyValueSpecification\",\"valueRequired\":true,\"valueName\":\"search_term_string\"}}],\"inLanguage\":\"fr-BE\"},{\"@type\":\"Organization\",\"@id\":\"https:\/\/vieassociative.be\/actualites\/#organization\",\"name\":\"Vie Associative\",\"url\":\"https:\/\/vieassociative.be\/actualites\/\",\"logo\":{\"@type\":\"ImageObject\",\"inLanguage\":\"fr-BE\",\"@id\":\"https:\/\/vieassociative.be\/actualites\/#\/schema\/logo\/image\/\",\"url\":\"https:\/\/vieassociative.be\/actualites\/wp-content\/uploads\/2024\/09\/cropped-vieassociative_favicon.ico.png\",\"contentUrl\":\"https:\/\/vieassociative.be\/actualites\/wp-content\/uploads\/2024\/09\/cropped-vieassociative_favicon.ico.png\",\"width\":512,\"height\":512,\"caption\":\"Vie Associative\"},\"image\":{\"@id\":\"https:\/\/vieassociative.be\/actualites\/#\/schema\/logo\/image\/\"}},{\"@type\":\"Person\",\"@id\":\"https:\/\/vieassociative.be\/actualites\/#\/schema\/person\/b87ac4f82f9d4e7b7cec7395b679edc4\",\"name\":\"Julien\",\"image\":{\"@type\":\"ImageObject\",\"inLanguage\":\"fr-BE\",\"@id\":\"https:\/\/vieassociative.be\/actualites\/#\/schema\/person\/image\/\",\"url\":\"https:\/\/vieassociative.be\/actualites\/wp-content\/uploads\/2024\/09\/vie-associative-1-150x150.jpg\",\"contentUrl\":\"https:\/\/vieassociative.be\/actualites\/wp-content\/uploads\/2024\/09\/vie-associative-1-150x150.jpg\",\"caption\":\"Julien\"},\"description\":\"Je suis Julien, r\u00e9dacteur pour Vie Associative. Passionn\u00e9 par le monde associatif depuis plus de 10 ans, j'ai \u00e0 c\u0153ur de partager des histoires inspirantes et de mettre en lumi\u00e8re les initiatives locales. Mon objectif est de sensibiliser et d'encourager l'engagement communautaire \u00e0 travers mes articles.\",\"sameAs\":[\"https:\/\/vieassociative.be\/\"]}]}<\/script>\n<!-- \/ Yoast SEO plugin. -->","yoast_head_json":{"title":"Best Buy propose les meilleures offres de pr\u00e9commande sur la nouvelle gamme MacBook | Vie Associative","robots":{"index":"index","follow":"follow","max-snippet":"max-snippet:-1","max-image-preview":"max-image-preview:large","max-video-preview":"max-video-preview:-1"},"canonical":"https:\/\/vieassociative.be\/actualites\/best-buy-propose-les-meilleures-offres-de-precommande-sur-la-nouvelle-gamme-macbook\/","og_locale":"fr_FR","og_type":"article","og_title":"Best Buy propose les meilleures offres de pr\u00e9commande sur la nouvelle gamme MacBook | Vie Associative","og_description":"Nous pouvons gagner une commission sur les liens sur cette page. Les prix et la disponibilit\u00e9 de l&rsquo;offre sont sujets \u00e0 changement apr\u00e8s la publication.","og_url":"https:\/\/vieassociative.be\/actualites\/best-buy-propose-les-meilleures-offres-de-precommande-sur-la-nouvelle-gamme-macbook\/","og_site_name":"Vie Associative","article_published_time":"2026-03-08T14:17:57+00:00","og_image":[{"url":"https:\/\/vieassociative.be\/actualites\/wp-content\/uploads\/2026\/03\/Best-Buy-propose-les-meilleures-offres-de-precommande-sur-la.jpg","type":"","width":"","height":""}],"author":"Julien","twitter_card":"summary_large_image","twitter_misc":{"\u00c9crit par":"Julien","Dur\u00e9e de lecture est.":"4 minutes"},"schema":{"@context":"https:\/\/schema.org","@graph":[{"@type":"Article","@id":"https:\/\/vieassociative.be\/actualites\/best-buy-propose-les-meilleures-offres-de-precommande-sur-la-nouvelle-gamme-macbook\/#article","isPartOf":{"@id":"https:\/\/vieassociative.be\/actualites\/best-buy-propose-les-meilleures-offres-de-precommande-sur-la-nouvelle-gamme-macbook\/"},"author":{"name":"Julien","@id":"https:\/\/vieassociative.be\/actualites\/#\/schema\/person\/b87ac4f82f9d4e7b7cec7395b679edc4"},"headline":"Best Buy propose les meilleures offres de pr\u00e9commande sur la nouvelle gamme MacBook","datePublished":"2026-03-08T14:17:57+00:00","dateModified":"2026-03-08T14:17:57+00:00","mainEntityOfPage":{"@id":"https:\/\/vieassociative.be\/actualites\/best-buy-propose-les-meilleures-offres-de-precommande-sur-la-nouvelle-gamme-macbook\/"},"wordCount":747,"publisher":{"@id":"https:\/\/vieassociative.be\/actualites\/#organization"},"image":{"@id":"https:\/\/vieassociative.be\/actualites\/best-buy-propose-les-meilleures-offres-de-precommande-sur-la-nouvelle-gamme-macbook\/#primaryimage"},"thumbnailUrl":"https:\/\/vieassociative.be\/actualites\/wp-content\/uploads\/2026\/03\/Best-Buy-propose-les-meilleures-offres-de-precommande-sur-la.png","keywords":["Buy","gamme","Les","MacBook","meilleures","nouvelle","offres","pr\u00e9commande","propose","sur"],"inLanguage":"fr-BE"},{"@type":"WebPage","@id":"https:\/\/vieassociative.be\/actualites\/best-buy-propose-les-meilleures-offres-de-precommande-sur-la-nouvelle-gamme-macbook\/","url":"https:\/\/vieassociative.be\/actualites\/best-buy-propose-les-meilleures-offres-de-precommande-sur-la-nouvelle-gamme-macbook\/","name":"Best Buy propose les meilleures offres de pr\u00e9commande sur la nouvelle gamme MacBook | Vie Associative","isPartOf":{"@id":"https:\/\/vieassociative.be\/actualites\/#website"},"primaryImageOfPage":{"@id":"https:\/\/vieassociative.be\/actualites\/best-buy-propose-les-meilleures-offres-de-precommande-sur-la-nouvelle-gamme-macbook\/#primaryimage"},"image":{"@id":"https:\/\/vieassociative.be\/actualites\/best-buy-propose-les-meilleures-offres-de-precommande-sur-la-nouvelle-gamme-macbook\/#primaryimage"},"thumbnailUrl":"https:\/\/vieassociative.be\/actualites\/wp-content\/uploads\/2026\/03\/Best-Buy-propose-les-meilleures-offres-de-precommande-sur-la.png","datePublished":"2026-03-08T14:17:57+00:00","dateModified":"2026-03-08T14:17:57+00:00","breadcrumb":{"@id":"https:\/\/vieassociative.be\/actualites\/best-buy-propose-les-meilleures-offres-de-precommande-sur-la-nouvelle-gamme-macbook\/#breadcrumb"},"inLanguage":"fr-BE","potentialAction":[{"@type":"ReadAction","target":["https:\/\/vieassociative.be\/actualites\/best-buy-propose-les-meilleures-offres-de-precommande-sur-la-nouvelle-gamme-macbook\/"]}]},{"@type":"ImageObject","inLanguage":"fr-BE","@id":"https:\/\/vieassociative.be\/actualites\/best-buy-propose-les-meilleures-offres-de-precommande-sur-la-nouvelle-gamme-macbook\/#primaryimage","url":"https:\/\/vieassociative.be\/actualites\/wp-content\/uploads\/2026\/03\/Best-Buy-propose-les-meilleures-offres-de-precommande-sur-la.png","contentUrl":"https:\/\/vieassociative.be\/actualites\/wp-content\/uploads\/2026\/03\/Best-Buy-propose-les-meilleures-offres-de-precommande-sur-la.png","width":1200,"height":675,"caption":"Best Buy propose les meilleures offres de pr\u00e9commande sur la nouvelle gamme MacBook"},{"@type":"BreadcrumbList","@id":"https:\/\/vieassociative.be\/actualites\/best-buy-propose-les-meilleures-offres-de-precommande-sur-la-nouvelle-gamme-macbook\/#breadcrumb","itemListElement":[{"@type":"ListItem","position":1,"name":"Accueil","item":"https:\/\/vieassociative.be\/actualites\/"},{"@type":"ListItem","position":2,"name":"Best Buy propose les meilleures offres de pr\u00e9commande sur la nouvelle gamme MacBook"}]},{"@type":"WebSite","@id":"https:\/\/vieassociative.be\/actualites\/#website","url":"https:\/\/vieassociative.be\/actualites\/","name":"Vie Associative","description":"","publisher":{"@id":"https:\/\/vieassociative.be\/actualites\/#organization"},"potentialAction":[{"@type":"SearchAction","target":{"@type":"EntryPoint","urlTemplate":"https:\/\/vieassociative.be\/actualites\/?s={search_term_string}"},"query-input":{"@type":"PropertyValueSpecification","valueRequired":true,"valueName":"search_term_string"}}],"inLanguage":"fr-BE"},{"@type":"Organization","@id":"https:\/\/vieassociative.be\/actualites\/#organization","name":"Vie Associative","url":"https:\/\/vieassociative.be\/actualites\/","logo":{"@type":"ImageObject","inLanguage":"fr-BE","@id":"https:\/\/vieassociative.be\/actualites\/#\/schema\/logo\/image\/","url":"https:\/\/vieassociative.be\/actualites\/wp-content\/uploads\/2024\/09\/cropped-vieassociative_favicon.ico.png","contentUrl":"https:\/\/vieassociative.be\/actualites\/wp-content\/uploads\/2024\/09\/cropped-vieassociative_favicon.ico.png","width":512,"height":512,"caption":"Vie Associative"},"image":{"@id":"https:\/\/vieassociative.be\/actualites\/#\/schema\/logo\/image\/"}},{"@type":"Person","@id":"https:\/\/vieassociative.be\/actualites\/#\/schema\/person\/b87ac4f82f9d4e7b7cec7395b679edc4","name":"Julien","image":{"@type":"ImageObject","inLanguage":"fr-BE","@id":"https:\/\/vieassociative.be\/actualites\/#\/schema\/person\/image\/","url":"https:\/\/vieassociative.be\/actualites\/wp-content\/uploads\/2024\/09\/vie-associative-1-150x150.jpg","contentUrl":"https:\/\/vieassociative.be\/actualites\/wp-content\/uploads\/2024\/09\/vie-associative-1-150x150.jpg","caption":"Julien"},"description":"Je suis Julien, r\u00e9dacteur pour Vie Associative. Passionn\u00e9 par le monde associatif depuis plus de 10 ans, j'ai \u00e0 c\u0153ur de partager des histoires inspirantes et de mettre en lumi\u00e8re les initiatives locales. Mon objectif est de sensibiliser et d'encourager l'engagement communautaire \u00e0 travers mes articles.","sameAs":["https:\/\/vieassociative.be\/"]}]}},"_links":{"self":[{"href":"https:\/\/vieassociative.be\/actualites\/wp-json\/wp\/v2\/posts\/12939"}],"collection":[{"href":"https:\/\/vieassociative.be\/actualites\/wp-json\/wp\/v2\/posts"}],"about":[{"href":"https:\/\/vieassociative.be\/actualites\/wp-json\/wp\/v2\/types\/post"}],"author":[{"embeddable":true,"href":"https:\/\/vieassociative.be\/actualites\/wp-json\/wp\/v2\/users\/1"}],"replies":[{"embeddable":true,"href":"https:\/\/vieassociative.be\/actualites\/wp-json\/wp\/v2\/comments?post=12939"}],"version-history":[{"count":0,"href":"https:\/\/vieassociative.be\/actualites\/wp-json\/wp\/v2\/posts\/12939\/revisions"}],"wp:featuredmedia":[{"embeddable":true,"href":"https:\/\/vieassociative.be\/actualites\/wp-json\/wp\/v2\/media\/12940"}],"wp:attachment":[{"href":"https:\/\/vieassociative.be\/actualites\/wp-json\/wp\/v2\/media?parent=12939"}],"wp:term":[{"taxonomy":"category","embeddable":true,"href":"https:\/\/vieassociative.be\/actualites\/wp-json\/wp\/v2\/categories?post=12939"},{"taxonomy":"post_tag","embeddable":true,"href":"https:\/\/vieassociative.be\/actualites\/wp-json\/wp\/v2\/tags?post=12939"}],"curies":[{"name":"wp","href":"https:\/\/api.w.org\/{rel}","templated":true}]}}