{"id":12937,"date":"2026-03-08T09:17:28","date_gmt":"2026-03-08T08:17:28","guid":{"rendered":"https:\/\/vieassociative.be\/actualites\/oui-amazon-est-en-panne\/"},"modified":"2026-03-08T09:17:28","modified_gmt":"2026-03-08T08:17:28","slug":"oui-amazon-est-en-panne","status":"publish","type":"post","link":"https:\/\/vieassociative.be\/actualites\/oui-amazon-est-en-panne\/","title":{"rendered":"Oui, Amazon est en panne"},"content":{"rendered":"<p>Si vous faites des achats en ligne ou essayez simplement d&rsquo;acc\u00e9der \u00e0 certains sites Web et que les choses ne se chargent pas correctement, ce n&rsquo;est (probablement) pas votre Internet : Amazon est en panne. Jeudi apr\u00e8s-midi, les services Amazon, notamment Amazon.com et AWS, rencontraient des probl\u00e8mes de chargement et de fonctionnement. <\/p>\n<p>Vous pouvez le constater sur Downdetector, un site utilis\u00e9 pour suivre les rapports des utilisateurs sur les probl\u00e8mes li\u00e9s aux sites Web et aux services. (Divulgation\u00a0: la soci\u00e9t\u00e9 m\u00e8re de Vie Associative, Ziff Davis, poss\u00e8de Downdetector.) \u00c0 la date de cet article, Amazon.com dispose de dizaines de milliers de rapports d&rsquo;utilisateurs, tandis qu&rsquo;AWS en compte des milliers. Prime Video, le service de streaming d&rsquo;Amazon, propose \u00e9galement des rapports d&rsquo;utilisateurs pour le moment, m\u00eame s&rsquo;ils ne sont pas aussi drastiques.<\/p>\n<p>On ne sait pas encore exactement ce qui cause les probl\u00e8mes, mais ce n&rsquo;est pas la premi\u00e8re fois qu&rsquo;Amazon fait la une des journaux en mati\u00e8re de pannes. En octobre dernier, AWS a connu une p\u00e9riode d&rsquo;arr\u00eat importante, interrompant une grande partie d&rsquo;Internet. De nombreux sites et services d\u00e9pendent d&rsquo;AWS pour fonctionner. Ainsi, lorsqu&rsquo;Amazon rencontre des probl\u00e8mes, toutes ces entreprises en rencontrent \u00e9galement.<\/p>\n<p>Je suis s\u00fbr que nous saurons quel est le probl\u00e8me en temps voulu, et Amazon publiera sans aucun doute un correctif peu de temps apr\u00e8s. Mais cela montre que m\u00eame les plus grandes entreprises du monde ne sont pas \u00e0 l\u2019abri des probl\u00e8mes. Et lorsque ces probl\u00e8mes surviennent, cela affecte un <em>parcelle<\/em> des utilisateurs.  <\/p>\n","protected":false},"excerpt":{"rendered":"<p>Si vous faites des achats en ligne ou essayez simplement d&rsquo;acc\u00e9der \u00e0 certains sites Web et que les choses ne se chargent pas correctement, ce<\/p>\n","protected":false},"author":1,"featured_media":12938,"comment_status":"","ping_status":"","sticky":false,"template":"","format":"standard","meta":{"footnotes":""},"categories":[13],"tags":[51,76,2793,1137],"class_list":["post-12937","post","type-post","status-publish","format-standard","has-post-thumbnail","hentry","category-technologie","tag-amazon","tag-est","tag-oui","tag-panne","generate-columns","tablet-grid-50","mobile-grid-100","grid-parent","grid-33"],"yoast_head":"<!-- This site is optimized with the Yoast SEO plugin v24.0 - https:\/\/yoast.com\/wordpress\/plugins\/seo\/ -->\n<title>Oui, Amazon est en panne | Vie Associative<\/title>\n<meta name=\"robots\" content=\"index, follow, max-snippet:-1, max-image-preview:large, max-video-preview:-1\" \/>\n<link rel=\"canonical\" href=\"https:\/\/vieassociative.be\/actualites\/oui-amazon-est-en-panne\/\" \/>\n<meta property=\"og:locale\" content=\"fr_FR\" \/>\n<meta property=\"og:type\" content=\"article\" \/>\n<meta property=\"og:title\" content=\"Oui, Amazon est en panne | Vie Associative\" \/>\n<meta property=\"og:description\" content=\"Si vous faites des achats en ligne ou essayez simplement d&rsquo;acc\u00e9der \u00e0 certains sites Web et que les choses ne se chargent pas correctement, ce\" \/>\n<meta property=\"og:url\" content=\"https:\/\/vieassociative.be\/actualites\/oui-amazon-est-en-panne\/\" \/>\n<meta property=\"og:site_name\" content=\"Vie Associative\" \/>\n<meta property=\"article:published_time\" content=\"2026-03-08T08:17:28+00:00\" \/>\n<meta property=\"og:image\" content=\"https:\/\/vieassociative.be\/actualites\/wp-content\/uploads\/2024\/09\/header_backgroundk-01-e1726694325946.png\" \/>\n\t<meta property=\"og:image:width\" content=\"279\" \/>\n\t<meta property=\"og:image:height\" content=\"92\" \/>\n\t<meta property=\"og:image:type\" content=\"image\/png\" \/>\n<meta name=\"author\" content=\"Julien\" \/>\n<meta name=\"twitter:card\" content=\"summary_large_image\" \/>\n<meta name=\"twitter:label1\" content=\"\u00c9crit par\" \/>\n\t<meta name=\"twitter:data1\" content=\"Julien\" \/>\n\t<meta name=\"twitter:label2\" content=\"Dur\u00e9e de lecture est.\" \/>\n\t<meta name=\"twitter:data2\" content=\"1 minute\" \/>\n<script type=\"application\/ld+json\" class=\"yoast-schema-graph\">{\"@context\":\"https:\/\/schema.org\",\"@graph\":[{\"@type\":\"Article\",\"@id\":\"https:\/\/vieassociative.be\/actualites\/oui-amazon-est-en-panne\/#article\",\"isPartOf\":{\"@id\":\"https:\/\/vieassociative.be\/actualites\/oui-amazon-est-en-panne\/\"},\"author\":{\"name\":\"Julien\",\"@id\":\"https:\/\/vieassociative.be\/actualites\/#\/schema\/person\/b87ac4f82f9d4e7b7cec7395b679edc4\"},\"headline\":\"Oui, Amazon est en panne\",\"datePublished\":\"2026-03-08T08:17:28+00:00\",\"dateModified\":\"2026-03-08T08:17:28+00:00\",\"mainEntityOfPage\":{\"@id\":\"https:\/\/vieassociative.be\/actualites\/oui-amazon-est-en-panne\/\"},\"wordCount\":287,\"publisher\":{\"@id\":\"https:\/\/vieassociative.be\/actualites\/#organization\"},\"image\":{\"@id\":\"https:\/\/vieassociative.be\/actualites\/oui-amazon-est-en-panne\/#primaryimage\"},\"thumbnailUrl\":\"https:\/\/vieassociative.be\/actualites\/wp-content\/uploads\/2026\/03\/Oui-Amazon-est-en-panne.jpg\",\"keywords\":[\"Amazon\",\"est\",\"oui\",\"panne\"],\"articleSection\":[\"Technologie\"],\"inLanguage\":\"fr-BE\"},{\"@type\":\"WebPage\",\"@id\":\"https:\/\/vieassociative.be\/actualites\/oui-amazon-est-en-panne\/\",\"url\":\"https:\/\/vieassociative.be\/actualites\/oui-amazon-est-en-panne\/\",\"name\":\"Oui, Amazon est en panne | Vie Associative\",\"isPartOf\":{\"@id\":\"https:\/\/vieassociative.be\/actualites\/#website\"},\"primaryImageOfPage\":{\"@id\":\"https:\/\/vieassociative.be\/actualites\/oui-amazon-est-en-panne\/#primaryimage\"},\"image\":{\"@id\":\"https:\/\/vieassociative.be\/actualites\/oui-amazon-est-en-panne\/#primaryimage\"},\"thumbnailUrl\":\"https:\/\/vieassociative.be\/actualites\/wp-content\/uploads\/2026\/03\/Oui-Amazon-est-en-panne.jpg\",\"datePublished\":\"2026-03-08T08:17:28+00:00\",\"dateModified\":\"2026-03-08T08:17:28+00:00\",\"breadcrumb\":{\"@id\":\"https:\/\/vieassociative.be\/actualites\/oui-amazon-est-en-panne\/#breadcrumb\"},\"inLanguage\":\"fr-BE\",\"potentialAction\":[{\"@type\":\"ReadAction\",\"target\":[\"https:\/\/vieassociative.be\/actualites\/oui-amazon-est-en-panne\/\"]}]},{\"@type\":\"ImageObject\",\"inLanguage\":\"fr-BE\",\"@id\":\"https:\/\/vieassociative.be\/actualites\/oui-amazon-est-en-panne\/#primaryimage\",\"url\":\"https:\/\/vieassociative.be\/actualites\/wp-content\/uploads\/2026\/03\/Oui-Amazon-est-en-panne.jpg\",\"contentUrl\":\"https:\/\/vieassociative.be\/actualites\/wp-content\/uploads\/2026\/03\/Oui-Amazon-est-en-panne.jpg\",\"width\":1200,\"height\":675,\"caption\":\"Oui, Amazon est en panne\"},{\"@type\":\"BreadcrumbList\",\"@id\":\"https:\/\/vieassociative.be\/actualites\/oui-amazon-est-en-panne\/#breadcrumb\",\"itemListElement\":[{\"@type\":\"ListItem\",\"position\":1,\"name\":\"Accueil\",\"item\":\"https:\/\/vieassociative.be\/actualites\/\"},{\"@type\":\"ListItem\",\"position\":2,\"name\":\"Oui, Amazon est en panne\"}]},{\"@type\":\"WebSite\",\"@id\":\"https:\/\/vieassociative.be\/actualites\/#website\",\"url\":\"https:\/\/vieassociative.be\/actualites\/\",\"name\":\"Vie Associative\",\"description\":\"\",\"publisher\":{\"@id\":\"https:\/\/vieassociative.be\/actualites\/#organization\"},\"potentialAction\":[{\"@type\":\"SearchAction\",\"target\":{\"@type\":\"EntryPoint\",\"urlTemplate\":\"https:\/\/vieassociative.be\/actualites\/?s={search_term_string}\"},\"query-input\":{\"@type\":\"PropertyValueSpecification\",\"valueRequired\":true,\"valueName\":\"search_term_string\"}}],\"inLanguage\":\"fr-BE\"},{\"@type\":\"Organization\",\"@id\":\"https:\/\/vieassociative.be\/actualites\/#organization\",\"name\":\"Vie Associative\",\"url\":\"https:\/\/vieassociative.be\/actualites\/\",\"logo\":{\"@type\":\"ImageObject\",\"inLanguage\":\"fr-BE\",\"@id\":\"https:\/\/vieassociative.be\/actualites\/#\/schema\/logo\/image\/\",\"url\":\"https:\/\/vieassociative.be\/actualites\/wp-content\/uploads\/2024\/09\/cropped-vieassociative_favicon.ico.png\",\"contentUrl\":\"https:\/\/vieassociative.be\/actualites\/wp-content\/uploads\/2024\/09\/cropped-vieassociative_favicon.ico.png\",\"width\":512,\"height\":512,\"caption\":\"Vie Associative\"},\"image\":{\"@id\":\"https:\/\/vieassociative.be\/actualites\/#\/schema\/logo\/image\/\"}},{\"@type\":\"Person\",\"@id\":\"https:\/\/vieassociative.be\/actualites\/#\/schema\/person\/b87ac4f82f9d4e7b7cec7395b679edc4\",\"name\":\"Julien\",\"image\":{\"@type\":\"ImageObject\",\"inLanguage\":\"fr-BE\",\"@id\":\"https:\/\/vieassociative.be\/actualites\/#\/schema\/person\/image\/\",\"url\":\"https:\/\/vieassociative.be\/actualites\/wp-content\/uploads\/2024\/09\/vie-associative-1-150x150.jpg\",\"contentUrl\":\"https:\/\/vieassociative.be\/actualites\/wp-content\/uploads\/2024\/09\/vie-associative-1-150x150.jpg\",\"caption\":\"Julien\"},\"description\":\"Je suis Julien, r\u00e9dacteur pour Vie Associative. Passionn\u00e9 par le monde associatif depuis plus de 10 ans, j'ai \u00e0 c\u0153ur de partager des histoires inspirantes et de mettre en lumi\u00e8re les initiatives locales. Mon objectif est de sensibiliser et d'encourager l'engagement communautaire \u00e0 travers mes articles.\",\"sameAs\":[\"https:\/\/vieassociative.be\/\"]}]}<\/script>\n<!-- \/ Yoast SEO plugin. -->","yoast_head_json":{"title":"Oui, Amazon est en panne | Vie Associative","robots":{"index":"index","follow":"follow","max-snippet":"max-snippet:-1","max-image-preview":"max-image-preview:large","max-video-preview":"max-video-preview:-1"},"canonical":"https:\/\/vieassociative.be\/actualites\/oui-amazon-est-en-panne\/","og_locale":"fr_FR","og_type":"article","og_title":"Oui, Amazon est en panne | Vie Associative","og_description":"Si vous faites des achats en ligne ou essayez simplement d&rsquo;acc\u00e9der \u00e0 certains sites Web et que les choses ne se chargent pas correctement, ce","og_url":"https:\/\/vieassociative.be\/actualites\/oui-amazon-est-en-panne\/","og_site_name":"Vie Associative","article_published_time":"2026-03-08T08:17:28+00:00","og_image":[{"width":279,"height":92,"url":"https:\/\/vieassociative.be\/actualites\/wp-content\/uploads\/2024\/09\/header_backgroundk-01-e1726694325946.png","type":"image\/png"}],"author":"Julien","twitter_card":"summary_large_image","twitter_misc":{"\u00c9crit par":"Julien","Dur\u00e9e de lecture est.":"1 minute"},"schema":{"@context":"https:\/\/schema.org","@graph":[{"@type":"Article","@id":"https:\/\/vieassociative.be\/actualites\/oui-amazon-est-en-panne\/#article","isPartOf":{"@id":"https:\/\/vieassociative.be\/actualites\/oui-amazon-est-en-panne\/"},"author":{"name":"Julien","@id":"https:\/\/vieassociative.be\/actualites\/#\/schema\/person\/b87ac4f82f9d4e7b7cec7395b679edc4"},"headline":"Oui, Amazon est en panne","datePublished":"2026-03-08T08:17:28+00:00","dateModified":"2026-03-08T08:17:28+00:00","mainEntityOfPage":{"@id":"https:\/\/vieassociative.be\/actualites\/oui-amazon-est-en-panne\/"},"wordCount":287,"publisher":{"@id":"https:\/\/vieassociative.be\/actualites\/#organization"},"image":{"@id":"https:\/\/vieassociative.be\/actualites\/oui-amazon-est-en-panne\/#primaryimage"},"thumbnailUrl":"https:\/\/vieassociative.be\/actualites\/wp-content\/uploads\/2026\/03\/Oui-Amazon-est-en-panne.jpg","keywords":["Amazon","est","oui","panne"],"articleSection":["Technologie"],"inLanguage":"fr-BE"},{"@type":"WebPage","@id":"https:\/\/vieassociative.be\/actualites\/oui-amazon-est-en-panne\/","url":"https:\/\/vieassociative.be\/actualites\/oui-amazon-est-en-panne\/","name":"Oui, Amazon est en panne | Vie Associative","isPartOf":{"@id":"https:\/\/vieassociative.be\/actualites\/#website"},"primaryImageOfPage":{"@id":"https:\/\/vieassociative.be\/actualites\/oui-amazon-est-en-panne\/#primaryimage"},"image":{"@id":"https:\/\/vieassociative.be\/actualites\/oui-amazon-est-en-panne\/#primaryimage"},"thumbnailUrl":"https:\/\/vieassociative.be\/actualites\/wp-content\/uploads\/2026\/03\/Oui-Amazon-est-en-panne.jpg","datePublished":"2026-03-08T08:17:28+00:00","dateModified":"2026-03-08T08:17:28+00:00","breadcrumb":{"@id":"https:\/\/vieassociative.be\/actualites\/oui-amazon-est-en-panne\/#breadcrumb"},"inLanguage":"fr-BE","potentialAction":[{"@type":"ReadAction","target":["https:\/\/vieassociative.be\/actualites\/oui-amazon-est-en-panne\/"]}]},{"@type":"ImageObject","inLanguage":"fr-BE","@id":"https:\/\/vieassociative.be\/actualites\/oui-amazon-est-en-panne\/#primaryimage","url":"https:\/\/vieassociative.be\/actualites\/wp-content\/uploads\/2026\/03\/Oui-Amazon-est-en-panne.jpg","contentUrl":"https:\/\/vieassociative.be\/actualites\/wp-content\/uploads\/2026\/03\/Oui-Amazon-est-en-panne.jpg","width":1200,"height":675,"caption":"Oui, Amazon est en panne"},{"@type":"BreadcrumbList","@id":"https:\/\/vieassociative.be\/actualites\/oui-amazon-est-en-panne\/#breadcrumb","itemListElement":[{"@type":"ListItem","position":1,"name":"Accueil","item":"https:\/\/vieassociative.be\/actualites\/"},{"@type":"ListItem","position":2,"name":"Oui, Amazon est en panne"}]},{"@type":"WebSite","@id":"https:\/\/vieassociative.be\/actualites\/#website","url":"https:\/\/vieassociative.be\/actualites\/","name":"Vie Associative","description":"","publisher":{"@id":"https:\/\/vieassociative.be\/actualites\/#organization"},"potentialAction":[{"@type":"SearchAction","target":{"@type":"EntryPoint","urlTemplate":"https:\/\/vieassociative.be\/actualites\/?s={search_term_string}"},"query-input":{"@type":"PropertyValueSpecification","valueRequired":true,"valueName":"search_term_string"}}],"inLanguage":"fr-BE"},{"@type":"Organization","@id":"https:\/\/vieassociative.be\/actualites\/#organization","name":"Vie Associative","url":"https:\/\/vieassociative.be\/actualites\/","logo":{"@type":"ImageObject","inLanguage":"fr-BE","@id":"https:\/\/vieassociative.be\/actualites\/#\/schema\/logo\/image\/","url":"https:\/\/vieassociative.be\/actualites\/wp-content\/uploads\/2024\/09\/cropped-vieassociative_favicon.ico.png","contentUrl":"https:\/\/vieassociative.be\/actualites\/wp-content\/uploads\/2024\/09\/cropped-vieassociative_favicon.ico.png","width":512,"height":512,"caption":"Vie Associative"},"image":{"@id":"https:\/\/vieassociative.be\/actualites\/#\/schema\/logo\/image\/"}},{"@type":"Person","@id":"https:\/\/vieassociative.be\/actualites\/#\/schema\/person\/b87ac4f82f9d4e7b7cec7395b679edc4","name":"Julien","image":{"@type":"ImageObject","inLanguage":"fr-BE","@id":"https:\/\/vieassociative.be\/actualites\/#\/schema\/person\/image\/","url":"https:\/\/vieassociative.be\/actualites\/wp-content\/uploads\/2024\/09\/vie-associative-1-150x150.jpg","contentUrl":"https:\/\/vieassociative.be\/actualites\/wp-content\/uploads\/2024\/09\/vie-associative-1-150x150.jpg","caption":"Julien"},"description":"Je suis Julien, r\u00e9dacteur pour Vie Associative. Passionn\u00e9 par le monde associatif depuis plus de 10 ans, j'ai \u00e0 c\u0153ur de partager des histoires inspirantes et de mettre en lumi\u00e8re les initiatives locales. Mon objectif est de sensibiliser et d'encourager l'engagement communautaire \u00e0 travers mes articles.","sameAs":["https:\/\/vieassociative.be\/"]}]}},"_links":{"self":[{"href":"https:\/\/vieassociative.be\/actualites\/wp-json\/wp\/v2\/posts\/12937"}],"collection":[{"href":"https:\/\/vieassociative.be\/actualites\/wp-json\/wp\/v2\/posts"}],"about":[{"href":"https:\/\/vieassociative.be\/actualites\/wp-json\/wp\/v2\/types\/post"}],"author":[{"embeddable":true,"href":"https:\/\/vieassociative.be\/actualites\/wp-json\/wp\/v2\/users\/1"}],"replies":[{"embeddable":true,"href":"https:\/\/vieassociative.be\/actualites\/wp-json\/wp\/v2\/comments?post=12937"}],"version-history":[{"count":0,"href":"https:\/\/vieassociative.be\/actualites\/wp-json\/wp\/v2\/posts\/12937\/revisions"}],"wp:featuredmedia":[{"embeddable":true,"href":"https:\/\/vieassociative.be\/actualites\/wp-json\/wp\/v2\/media\/12938"}],"wp:attachment":[{"href":"https:\/\/vieassociative.be\/actualites\/wp-json\/wp\/v2\/media?parent=12937"}],"wp:term":[{"taxonomy":"category","embeddable":true,"href":"https:\/\/vieassociative.be\/actualites\/wp-json\/wp\/v2\/categories?post=12937"},{"taxonomy":"post_tag","embeddable":true,"href":"https:\/\/vieassociative.be\/actualites\/wp-json\/wp\/v2\/tags?post=12937"}],"curies":[{"name":"wp","href":"https:\/\/api.w.org\/{rel}","templated":true}]}}