{"id":12931,"date":"2026-03-07T22:17:40","date_gmt":"2026-03-07T21:17:40","guid":{"rendered":"https:\/\/vieassociative.be\/actualites\/il-a-toujours-ete-un-grand-chevalier-alfred-bourseaux-est-decede-a-lage-de-97-ans-necrologie-de-freddy-derwahl\/"},"modified":"2026-03-07T22:17:40","modified_gmt":"2026-03-07T21:17:40","slug":"il-a-toujours-ete-un-grand-chevalier-alfred-bourseaux-est-decede-a-lage-de-97-ans-necrologie-de-freddy-derwahl","status":"publish","type":"post","link":"https:\/\/vieassociative.be\/actualites\/il-a-toujours-ete-un-grand-chevalier-alfred-bourseaux-est-decede-a-lage-de-97-ans-necrologie-de-freddy-derwahl\/","title":{"rendered":"Il a toujours \u00e9t\u00e9 un grand chevalier : Alfred Bourseaux est d\u00e9c\u00e9d\u00e9 \u00e0 l&rsquo;\u00e2ge de 97 ans &#8211; n\u00e9crologie de Freddy Derwahl"},"content":{"rendered":"<p><strong>Ritter Alfred Bourseaux, directeur g\u00e9n\u00e9ral et pr\u00e9sident du conseil d&rsquo;administration d&rsquo;Eupener Kabelwerk AG, est d\u00e9c\u00e9d\u00e9 \u00e0 l&rsquo;\u00e2ge de 97 ans. N\u00e9crologie du journaliste et \u00e9crivain Freddy Derwahl.<\/strong><\/p>\n<p><span id=\"more-414168\"><\/span>Alfred Bourseaux a conserv\u00e9 sa chevalerie jusqu&rsquo;\u00e0 un \u00e2ge avanc\u00e9. Il \u00e9tait un rare m\u00e9lange de travail acharn\u00e9, de responsabilit\u00e9 et d\u2019amour de sa patrie. Le fait qu&rsquo;il ne s&rsquo;en vante pas lui-m\u00eame fait partie d&rsquo;une humilit\u00e9 qui est en soi une exception apr\u00e8s une telle histoire de vie.<\/p>\n<p>Il admirait son p\u00e8re, le \u00ab vieux monsieur \u00bb Carl Bourseaux, comme mod\u00e8le. Il \u00e9tait un pionnier industriel non seulement \u00e0 Eupen, mais aussi en Belgique, dont l&rsquo;invention de fils de cuivre r\u00e9sistants envelopp\u00e9s dans du tissu \u00e9tait demand\u00e9e non seulement en Europe mais dans le monde entier. C&rsquo;\u00e9tait un industriel remarquable, tr\u00e8s talentueux mais modeste, que les vieillards d&rsquo;Eupen v\u00e9n\u00e9raient sous le nom de \u00ab docteur H\u00e4r \u00bb.<\/p>\n<div id=\"attachment_85446\" class=\"wp-caption alignleft\" style=\"max-width: 300px\"><img fetchpriority=\"high\" decoding=\"async\" class=\"wp-image-85446 size-medium\" src=\"https:\/\/vieassociative.be\/actualites\/wp-content\/uploads\/2026\/03\/Il-a-toujours-ete-un-grand-chevalier-Alfred-Bourseaux.jpg\" alt=\"\" width=\"300\" height=\"199\"  ><\/div>\n<p>Le chevalier, qui avait \u00e9galement \u00e9t\u00e9 pr\u00e9sident de la Chambre de commerce et d&rsquo;industrie, pr\u00e9f\u00e9rait parler de sa m\u00e8re, une femme charismatique de Bonn en Rh\u00e9nanie devenue professeur de gymnastique dipl\u00f4m\u00e9e au d\u00e9but du dernier si\u00e8cle, encore misogyne. Son plus jeune fils se souvient d&rsquo;elle comme d&rsquo;une m\u00e8re gentille et clairvoyante.<\/p>\n<p><strong>\u2013 L\u2019\u00e9cole primaire de la ville basse :<\/strong> Son chemin vers l&rsquo;\u00e9cole correspondait \u00e0 sa d\u00e9cision, qui le conduisait quotidiennement de la villa du Lascheterweg en short et chaussures montantes \u00e0 l&rsquo;\u00e9cole primaire Unterst\u00e4dter dans la Scheiblerhaus derri\u00e8re le pont de la Weser. C&rsquo;\u00e9tait une pr\u00e9voyance sociale : la dame intelligente ne voulait pas que son petit Alfred devienne un lyc\u00e9en blas\u00e9, mais plut\u00f4t un vrai gar\u00e7on d&rsquo;Eupen qui apprenait d&rsquo;abord le robuste Oepener Platt au lieu d&rsquo;une langue \u00e9trang\u00e8re.<\/p>\n<p>Dans une population qui vacillait alors entre l\u2019Empire allemand et le Royaume de Belgique, l\u2019\u00e9l\u00e8ve du primaire devait r\u00e9pondre \u00e0 des questions : \u00ab Bourseaux met weem h\u00f6lste ? Le jeune diplomate r\u00e9pondit malicieusement : \u00ab Met jen Hand \u00bb. Il devait aussi \u00e9couter : \u00ab Bourseaux, qu&rsquo;est-ce que tu fous ici, esp\u00e8ce d&rsquo;Oberstadter Krau\u2026 \u00bb<\/p>\n<p>Le chevalier n&rsquo;a jamais eu honte de son dialecte parfaitement courant et a r\u00e9cit\u00e9 \u00e0 plusieurs reprises un po\u00e8me \u00e0 plusieurs strophes de quatre copains de beuverie en comp\u00e9tition au \u00ab buffet \u00bb et, mettant sa main sur sa bouche, a ajout\u00e9 : \u00ab Ce n&rsquo;est probablement pas tout \u00e0 fait fait maison\u2026 \u00bb Il a utilis\u00e9 sa connaissance de Platt, m\u00eame lorsqu&rsquo;il a distribu\u00e9 une \u00ab enveloppe \u00bb aux employ\u00e9s qui partaient et l&rsquo;a remerci\u00e9 en Platt. Raerener, Kelmiser et le luxembourgeois Platt inclus dans le sl\u00e4ng.<\/p>\n<div id=\"attachment_361876\" class=\"wp-caption alignleft\" style=\"max-width: 300px\"><img decoding=\"async\" class=\"wp-image-361876 size-medium\" src=\"https:\/\/vieassociative.be\/actualites\/wp-content\/uploads\/2026\/03\/1772918260_694_Il-a-toujours-ete-un-grand-chevalier-Alfred-Bourseaux.jpg\" alt=\"\" width=\"300\" height=\"231\"  ><\/div>\n<p><strong>\u2013 Les chevaux \u00e9taient sa passion de toujours :<\/strong> Il s&rsquo;est passionn\u00e9 tr\u00e8s t\u00f4t pour l&rsquo;agriculture, a aid\u00e9 les agriculteurs de Stockem et a m\u00eame aid\u00e9 \u00e0 la traite. Il se souvenait encore du go\u00fbt du lait. C&rsquo;est de l\u00e0 que lui vient son amour des animaux. Il a particuli\u00e8rement aim\u00e9 les chevaux tout au long de sa vie. Chaque jour, sur le chemin du retour, il admirait les charrettes en bois tir\u00e9es par des chevaux, tir\u00e9es par les animaux robustes depuis l&rsquo;Olengraben jusqu&rsquo;\u00e0 l&rsquo;abreuvoir de l&rsquo;ancien orphelinat. Il \u00e9tait naturel qu&rsquo;il apprenne bient\u00f4t \u00e0 monter \u00e0 cheval, mais il se faisait \u00e9galement un devoir de ne jamais tomber de cheval ; les oreilles dress\u00e9es l&rsquo;avaient pr\u00e9venu. Il a travers\u00e9 Bonn en diligence avec son joyeux oncle. Les animaux et l&rsquo;agriculture modeste sont devenus sa passion.<\/p>\n<p>Mais ensuite, la riche famille d\u2019industriels a subi de graves coups du sort. Ses deux fr\u00e8res a\u00een\u00e9s sont morts sur le front de l&rsquo;Est ou ont \u00e9t\u00e9 port\u00e9s disparus. Quelqu\u2019un lui a dit lorsqu\u2019il lui a dit au revoir : \u00ab Maintenant, je dois retourner \u00e0 la folie. \u00bb Heinz \u00e9tait m\u00e9decin, Paul \u00e9tait destin\u00e9 \u00e0 devenir directeur de l&rsquo;usine de c\u00e2bles. Alfred a \u00e9t\u00e9 enr\u00f4l\u00e9 dans la Wehrmacht an der Flack avec plusieurs de ses pairs.<\/p>\n<p>Ce service a failli provoquer sa perte, car apr\u00e8s l\u2019\u00e9chec de la tentative d\u2019assassinat d\u2019Hitler, il a os\u00e9 dire : \u00ab Quelle honte \u00bb. Il \u00e9chappe \u00e0 une menace d&rsquo;arrestation de la part de la Gestapo gr\u00e2ce \u00e0 une intervention de Gert No\u00ebl aupr\u00e8s du maire nazi d&rsquo;Eupen, Rexroth.<\/p>\n<p>Il doit son attitude critique \u00e0 l&rsquo;industriel textile d&rsquo;Eupen Theodor K\u00fcchenberg, qui venait prendre le th\u00e9 chez ses parents tous les samedis et devait cacher son rejet du \u00ab\u00a0F\u00fchrer\u00a0\u00bb m\u00eame dans les conversations priv\u00e9es et disait toujours \u00ab\u00a0Arnold\u00a0\u00bb au lieu de \u00ab\u00a0Adolf\u00a0\u00bb (Hitler).<\/p>\n<p>Alors qu&rsquo;Alfred refusait de reprendre la direction de l&rsquo;usine de c\u00e2bles et, selon sa vocation, de reprendre un domaine agricole dans les prairies du pays d&rsquo;Eupener, M. K\u00fcchenberg, inquiet, passa la main autour de son \u00e9paule devant la porte d&rsquo;entr\u00e9e et murmura : \u00ab\u00a0Jeune homme, ton d\u00e9sir est honor\u00e9, mais tu ne dois pas faire \u00e7a \u00e0 tes parents en deuil.\u00a0\u00bb Sa vie et l&rsquo;histoire industrielle de sa ville natale bien-aim\u00e9e, dont il allait devenir citoyen d&rsquo;honneur, prirent donc un cours compl\u00e8tement diff\u00e9rent.<\/p>\n<div id=\"attachment_182010\" class=\"wp-caption alignleft\" style=\"max-width: 300px\"><img decoding=\"async\" class=\"wp-image-182010 size-medium\" src=\"https:\/\/vieassociative.be\/actualites\/wp-content\/uploads\/2026\/03\/Il-a-toujours-ete-un-grand-chevalier-Alfred-Bourseaux.jpeg\" alt=\"\" width=\"300\" height=\"168\"  ><\/div>\n<p><strong>\u2013 Les \u00ab Kabeles \u00bb comme \u00ab armoire \u00e0 pain \u00bb d\u2019Eupen :<\/strong> En plus de son Platt, il parlait \u00e9galement anglais et fran\u00e7ais. Il se souvient surtout avec \u00e9motion de sa retraite \u00e0 Fribourg, en Suisse, et de ses premiers grands voyages qui l&rsquo;ont conduit au Canada, aux \u00c9tats-Unis et dans ce qui \u00e9tait alors la colonie belge du Congo. Mais il resta toujours li\u00e9 \u00e0 Eupen, notamment \u00e0 Haas, d&rsquo;o\u00f9 des centaines d&rsquo;ouvriers allaient travailler chaque jour dans la \u00ab salle bleue \u00bb au-dessus du Pang. Ensemble, ils ont r\u00e9ussi, malgr\u00e9 de nombreux conflits du travail, \u00e0 faire de leur \u00ab Kabele \u00bb une entreprise mondiale et une \u00ab armoire \u00e0 pain \u00bb dans leur ville natale d&rsquo;Eupen.<\/p>\n<p>Lorsqu&rsquo;il se retira dans sa propri\u00e9t\u00e9 de Stockem, il se retrouva avec ses chevaux bien-aim\u00e9s, auxquels il continua \u00e0 consacrer toute une recherche scientifique. Enfin en fauteuil roulant, il s&rsquo;entoure de livres. Il y avait beaucoup d&rsquo;histoire contemporaine, y compris les horreurs des camps de concentration et des sites de torture pendant la Troisi\u00e8me Guerre mondiale. Riche. Horrifi\u00e9, il se demandait \u00e0 plusieurs reprises \u00ab\u00a0comment un peuple aussi nombreux avait pu faire cela\u00a0\u00bb. Le dimanche apr\u00e8s-midi, je pouvais lui rendre visite pour des rencontres toujours instructives.<\/p>\n<p>Sa m\u00e9moire immense et durable et son aimable solidarit\u00e9 envers les personnes dans le besoin \u00e9taient admirables. Puis il \u00e9teint la t\u00e9l\u00e9vision et souhaite en apprendre davantage sur l&rsquo;art et la litt\u00e9rature : il s&rsquo;int\u00e9resse particuli\u00e8rement \u00e0 Paul Celan, Heinrich Heine, Martin Heidegger, Guillaume Apollinaire et James Joyce.<\/p>\n<p>En tant que chr\u00e9tien discret, il s&rsquo;int\u00e9ressait \u00e9galement aux biographies des saints et \u00e0 l&rsquo;histoire contemporaine de l&rsquo;\u00c9glise. Chaque mois, je devais apporter le \u00ab Vatican Magazine \u00bb chez lui. L&rsquo;\u00e9loge fun\u00e8bre de Martin Kehlmann pour Salman Rushdie \u00e0 l&rsquo;occasion de la remise du c\u00e9l\u00e8bre prix allemand du livre \u00e0 la Foire du livre de Francfort l&rsquo;a autant enthousiasm\u00e9 que le d\u00e9fil\u00e9 de cal\u00e8ches \u00e0 l&rsquo;ouverture de l&rsquo;Oktoberfest de Munich. Il avait une sympathie particuli\u00e8re pour la nature intacte de l&rsquo;Eifel et des Ardennes.<\/p>\n<div id=\"attachment_341362\" class=\"wp-caption alignleft\" style=\"max-width: 300px\"><img loading=\"lazy\" decoding=\"async\" class=\"wp-image-341362 size-medium\" src=\"https:\/\/vieassociative.be\/actualites\/wp-content\/uploads\/2026\/03\/1772918260_582_Il-a-toujours-ete-un-grand-chevalier-Alfred-Bourseaux.jpeg\" alt=\"\" width=\"300\" height=\"200\"  ><\/div>\n<p><strong>\u2013 Dans les buissons VW \u00e0 \u00ab l\u2019op\u00e9ration \u00bb :<\/strong> Il se souvient notamment de deux conseils d&rsquo;un officier belge rest\u00e9 avec eux apr\u00e8s la guerre : \u00ab Alfred, en cas de doute, tu dois t&rsquo;abstenir \u00bb et \u00ab Tu dois pratiquer une politique de pr\u00e9sence \u00bb.<\/p>\n<p>Il n&rsquo;\u00e9tait donc pas surprenant que notre chevalier, m\u00eame apr\u00e8s un s\u00e9jour \u00e0 l&rsquo;h\u00f4pital, se fasse toujours conduire chaque jour \u00e0 son bureau de travail dans un fauteuil roulant \u00e0 l&rsquo;arri\u00e8re d&rsquo;un bus VW.<\/p>\n<p>Sa derni\u00e8re lettre \u00e9tait adress\u00e9e au pr\u00e9sident f\u00e9d\u00e9ral allemand Frank Walter Steinmeier, Spreeweg, Berlin. Une lettre de remerciement accompagn\u00e9e d&rsquo;une collection de photos pour la visite des chefs d&rsquo;Etat germanophones \u00e0 Eupen.<\/p>\n<p>L&rsquo;\u00e9v\u00e9nement le plus marquant de l&rsquo;histoire mouvement\u00e9e de l&rsquo;Est de la Belgique. Il ne pouvait plus assister au banquet avec le roi. Mais dans son fauteuil roulant, il a murmur\u00e9 quelque chose aux oreilles des pr\u00e9sidents f\u00e9d\u00e9raux d&rsquo;Allemagne et d&rsquo;Autriche qui se penchaient vers lui. Puis il se laissa reconduire chez son bien-aim\u00e9 Stockem et sourit : \u00ab\u00a0J&rsquo;aimerais quand m\u00eame avoir quelques petits pains am\u00e9ricains. Psst, secret d&rsquo;\u00c9tat.\u00a0\u00bb <strong>FREDDY DERWAHL<\/strong><\/p>\n","protected":false},"excerpt":{"rendered":"<p>Ritter Alfred Bourseaux, directeur g\u00e9n\u00e9ral et pr\u00e9sident du conseil d&rsquo;administration d&rsquo;Eupener Kabelwerk AG, est d\u00e9c\u00e9d\u00e9 \u00e0 l&rsquo;\u00e2ge de 97 ans. N\u00e9crologie du journaliste et \u00e9crivain<\/p>\n","protected":false},"author":1,"featured_media":12932,"comment_status":"","ping_status":"","sticky":false,"template":"","format":"standard","meta":{"footnotes":""},"categories":[298],"tags":[10181,584,10182,10180,1223,4913,76,217,4912,1119,501,7524,572],"class_list":["post-12931","post","type-post","status-publish","format-standard","has-post-thumbnail","hentry","category-belgique","tag-alfred","tag-ans","tag-bourseaux","tag-chevalier","tag-decede","tag-derwahl","tag-est","tag-ete","tag-freddy","tag-grand","tag-lage","tag-necrologie","tag-toujours","generate-columns","tablet-grid-50","mobile-grid-100","grid-parent","grid-33"],"yoast_head":"<!-- This site is optimized with the Yoast SEO plugin v24.0 - https:\/\/yoast.com\/wordpress\/plugins\/seo\/ -->\n<title>Il a toujours \u00e9t\u00e9 un grand chevalier : Alfred Bourseaux est d\u00e9c\u00e9d\u00e9 \u00e0 l&#039;\u00e2ge de 97 ans - n\u00e9crologie de Freddy Derwahl | Vie Associative<\/title>\n<meta name=\"robots\" content=\"index, follow, max-snippet:-1, max-image-preview:large, max-video-preview:-1\" \/>\n<link rel=\"canonical\" href=\"https:\/\/vieassociative.be\/actualites\/il-a-toujours-ete-un-grand-chevalier-alfred-bourseaux-est-decede-a-lage-de-97-ans-necrologie-de-freddy-derwahl\/\" \/>\n<meta property=\"og:locale\" content=\"fr_FR\" \/>\n<meta property=\"og:type\" content=\"article\" \/>\n<meta property=\"og:title\" content=\"Il a toujours \u00e9t\u00e9 un grand chevalier : Alfred Bourseaux est d\u00e9c\u00e9d\u00e9 \u00e0 l&#039;\u00e2ge de 97 ans - n\u00e9crologie de Freddy Derwahl | Vie Associative\" \/>\n<meta property=\"og:description\" content=\"Ritter Alfred Bourseaux, directeur g\u00e9n\u00e9ral et pr\u00e9sident du conseil d&rsquo;administration d&rsquo;Eupener Kabelwerk AG, est d\u00e9c\u00e9d\u00e9 \u00e0 l&rsquo;\u00e2ge de 97 ans. N\u00e9crologie du journaliste et \u00e9crivain\" \/>\n<meta property=\"og:url\" content=\"https:\/\/vieassociative.be\/actualites\/il-a-toujours-ete-un-grand-chevalier-alfred-bourseaux-est-decede-a-lage-de-97-ans-necrologie-de-freddy-derwahl\/\" \/>\n<meta property=\"og:site_name\" content=\"Vie Associative\" \/>\n<meta property=\"article:published_time\" content=\"2026-03-07T21:17:40+00:00\" \/>\n<meta property=\"og:image\" content=\"https:\/\/vieassociative.be\/actualites\/wp-content\/uploads\/2024\/09\/header_backgroundk-01-e1726694325946.png\" \/>\n\t<meta property=\"og:image:width\" content=\"279\" \/>\n\t<meta property=\"og:image:height\" content=\"92\" \/>\n\t<meta property=\"og:image:type\" content=\"image\/png\" \/>\n<meta name=\"author\" content=\"Julien\" \/>\n<meta name=\"twitter:card\" content=\"summary_large_image\" \/>\n<meta name=\"twitter:label1\" content=\"\u00c9crit par\" \/>\n\t<meta name=\"twitter:data1\" content=\"Julien\" \/>\n\t<meta name=\"twitter:label2\" content=\"Dur\u00e9e de lecture est.\" \/>\n\t<meta name=\"twitter:data2\" content=\"7 minutes\" \/>\n<script type=\"application\/ld+json\" class=\"yoast-schema-graph\">{\"@context\":\"https:\/\/schema.org\",\"@graph\":[{\"@type\":\"Article\",\"@id\":\"https:\/\/vieassociative.be\/actualites\/il-a-toujours-ete-un-grand-chevalier-alfred-bourseaux-est-decede-a-lage-de-97-ans-necrologie-de-freddy-derwahl\/#article\",\"isPartOf\":{\"@id\":\"https:\/\/vieassociative.be\/actualites\/il-a-toujours-ete-un-grand-chevalier-alfred-bourseaux-est-decede-a-lage-de-97-ans-necrologie-de-freddy-derwahl\/\"},\"author\":{\"name\":\"Julien\",\"@id\":\"https:\/\/vieassociative.be\/actualites\/#\/schema\/person\/b87ac4f82f9d4e7b7cec7395b679edc4\"},\"headline\":\"Il a toujours \u00e9t\u00e9 un grand chevalier : Alfred Bourseaux est d\u00e9c\u00e9d\u00e9 \u00e0 l&rsquo;\u00e2ge de 97 ans &#8211; n\u00e9crologie de Freddy Derwahl\",\"datePublished\":\"2026-03-07T21:17:40+00:00\",\"dateModified\":\"2026-03-07T21:17:40+00:00\",\"mainEntityOfPage\":{\"@id\":\"https:\/\/vieassociative.be\/actualites\/il-a-toujours-ete-un-grand-chevalier-alfred-bourseaux-est-decede-a-lage-de-97-ans-necrologie-de-freddy-derwahl\/\"},\"wordCount\":1468,\"publisher\":{\"@id\":\"https:\/\/vieassociative.be\/actualites\/#organization\"},\"image\":{\"@id\":\"https:\/\/vieassociative.be\/actualites\/il-a-toujours-ete-un-grand-chevalier-alfred-bourseaux-est-decede-a-lage-de-97-ans-necrologie-de-freddy-derwahl\/#primaryimage\"},\"thumbnailUrl\":\"https:\/\/vieassociative.be\/actualites\/wp-content\/uploads\/2026\/03\/1772918261_Il-a-toujours-ete-un-grand-chevalier-Alfred-Bourseaux.jpeg\",\"keywords\":[\"Alfred\",\"ans\",\"Bourseaux\",\"chevalier\",\"d\u00e9c\u00e9d\u00e9\",\"Derwahl\",\"est\",\"\u00e9t\u00e9\",\"Freddy\",\"grand\",\"l\u00e2ge\",\"n\u00e9crologie\",\"toujours\"],\"articleSection\":[\"Belgique\"],\"inLanguage\":\"fr-BE\"},{\"@type\":\"WebPage\",\"@id\":\"https:\/\/vieassociative.be\/actualites\/il-a-toujours-ete-un-grand-chevalier-alfred-bourseaux-est-decede-a-lage-de-97-ans-necrologie-de-freddy-derwahl\/\",\"url\":\"https:\/\/vieassociative.be\/actualites\/il-a-toujours-ete-un-grand-chevalier-alfred-bourseaux-est-decede-a-lage-de-97-ans-necrologie-de-freddy-derwahl\/\",\"name\":\"Il a toujours \u00e9t\u00e9 un grand chevalier : Alfred Bourseaux est d\u00e9c\u00e9d\u00e9 \u00e0 l'\u00e2ge de 97 ans - n\u00e9crologie de Freddy Derwahl | Vie Associative\",\"isPartOf\":{\"@id\":\"https:\/\/vieassociative.be\/actualites\/#website\"},\"primaryImageOfPage\":{\"@id\":\"https:\/\/vieassociative.be\/actualites\/il-a-toujours-ete-un-grand-chevalier-alfred-bourseaux-est-decede-a-lage-de-97-ans-necrologie-de-freddy-derwahl\/#primaryimage\"},\"image\":{\"@id\":\"https:\/\/vieassociative.be\/actualites\/il-a-toujours-ete-un-grand-chevalier-alfred-bourseaux-est-decede-a-lage-de-97-ans-necrologie-de-freddy-derwahl\/#primaryimage\"},\"thumbnailUrl\":\"https:\/\/vieassociative.be\/actualites\/wp-content\/uploads\/2026\/03\/1772918261_Il-a-toujours-ete-un-grand-chevalier-Alfred-Bourseaux.jpeg\",\"datePublished\":\"2026-03-07T21:17:40+00:00\",\"dateModified\":\"2026-03-07T21:17:40+00:00\",\"breadcrumb\":{\"@id\":\"https:\/\/vieassociative.be\/actualites\/il-a-toujours-ete-un-grand-chevalier-alfred-bourseaux-est-decede-a-lage-de-97-ans-necrologie-de-freddy-derwahl\/#breadcrumb\"},\"inLanguage\":\"fr-BE\",\"potentialAction\":[{\"@type\":\"ReadAction\",\"target\":[\"https:\/\/vieassociative.be\/actualites\/il-a-toujours-ete-un-grand-chevalier-alfred-bourseaux-est-decede-a-lage-de-97-ans-necrologie-de-freddy-derwahl\/\"]}]},{\"@type\":\"ImageObject\",\"inLanguage\":\"fr-BE\",\"@id\":\"https:\/\/vieassociative.be\/actualites\/il-a-toujours-ete-un-grand-chevalier-alfred-bourseaux-est-decede-a-lage-de-97-ans-necrologie-de-freddy-derwahl\/#primaryimage\",\"url\":\"https:\/\/vieassociative.be\/actualites\/wp-content\/uploads\/2026\/03\/1772918261_Il-a-toujours-ete-un-grand-chevalier-Alfred-Bourseaux.jpeg\",\"contentUrl\":\"https:\/\/vieassociative.be\/actualites\/wp-content\/uploads\/2026\/03\/1772918261_Il-a-toujours-ete-un-grand-chevalier-Alfred-Bourseaux.jpeg\",\"width\":1200,\"height\":800,\"caption\":\"Il a toujours \u00e9t\u00e9 un grand chevalier : Alfred Bourseaux est d\u00e9c\u00e9d\u00e9 \u00e0 l'\u00e2ge de 97 ans - n\u00e9crologie de Freddy Derwahl\"},{\"@type\":\"BreadcrumbList\",\"@id\":\"https:\/\/vieassociative.be\/actualites\/il-a-toujours-ete-un-grand-chevalier-alfred-bourseaux-est-decede-a-lage-de-97-ans-necrologie-de-freddy-derwahl\/#breadcrumb\",\"itemListElement\":[{\"@type\":\"ListItem\",\"position\":1,\"name\":\"Accueil\",\"item\":\"https:\/\/vieassociative.be\/actualites\/\"},{\"@type\":\"ListItem\",\"position\":2,\"name\":\"Il a toujours \u00e9t\u00e9 un grand chevalier : Alfred Bourseaux est d\u00e9c\u00e9d\u00e9 \u00e0 l&rsquo;\u00e2ge de 97 ans &#8211; n\u00e9crologie de Freddy Derwahl\"}]},{\"@type\":\"WebSite\",\"@id\":\"https:\/\/vieassociative.be\/actualites\/#website\",\"url\":\"https:\/\/vieassociative.be\/actualites\/\",\"name\":\"Vie Associative\",\"description\":\"\",\"publisher\":{\"@id\":\"https:\/\/vieassociative.be\/actualites\/#organization\"},\"potentialAction\":[{\"@type\":\"SearchAction\",\"target\":{\"@type\":\"EntryPoint\",\"urlTemplate\":\"https:\/\/vieassociative.be\/actualites\/?s={search_term_string}\"},\"query-input\":{\"@type\":\"PropertyValueSpecification\",\"valueRequired\":true,\"valueName\":\"search_term_string\"}}],\"inLanguage\":\"fr-BE\"},{\"@type\":\"Organization\",\"@id\":\"https:\/\/vieassociative.be\/actualites\/#organization\",\"name\":\"Vie Associative\",\"url\":\"https:\/\/vieassociative.be\/actualites\/\",\"logo\":{\"@type\":\"ImageObject\",\"inLanguage\":\"fr-BE\",\"@id\":\"https:\/\/vieassociative.be\/actualites\/#\/schema\/logo\/image\/\",\"url\":\"https:\/\/vieassociative.be\/actualites\/wp-content\/uploads\/2024\/09\/cropped-vieassociative_favicon.ico.png\",\"contentUrl\":\"https:\/\/vieassociative.be\/actualites\/wp-content\/uploads\/2024\/09\/cropped-vieassociative_favicon.ico.png\",\"width\":512,\"height\":512,\"caption\":\"Vie Associative\"},\"image\":{\"@id\":\"https:\/\/vieassociative.be\/actualites\/#\/schema\/logo\/image\/\"}},{\"@type\":\"Person\",\"@id\":\"https:\/\/vieassociative.be\/actualites\/#\/schema\/person\/b87ac4f82f9d4e7b7cec7395b679edc4\",\"name\":\"Julien\",\"image\":{\"@type\":\"ImageObject\",\"inLanguage\":\"fr-BE\",\"@id\":\"https:\/\/vieassociative.be\/actualites\/#\/schema\/person\/image\/\",\"url\":\"https:\/\/vieassociative.be\/actualites\/wp-content\/uploads\/2024\/09\/vie-associative-1-150x150.jpg\",\"contentUrl\":\"https:\/\/vieassociative.be\/actualites\/wp-content\/uploads\/2024\/09\/vie-associative-1-150x150.jpg\",\"caption\":\"Julien\"},\"description\":\"Je suis Julien, r\u00e9dacteur pour Vie Associative. Passionn\u00e9 par le monde associatif depuis plus de 10 ans, j'ai \u00e0 c\u0153ur de partager des histoires inspirantes et de mettre en lumi\u00e8re les initiatives locales. Mon objectif est de sensibiliser et d'encourager l'engagement communautaire \u00e0 travers mes articles.\",\"sameAs\":[\"https:\/\/vieassociative.be\/\"]}]}<\/script>\n<!-- \/ Yoast SEO plugin. -->","yoast_head_json":{"title":"Il a toujours \u00e9t\u00e9 un grand chevalier : Alfred Bourseaux est d\u00e9c\u00e9d\u00e9 \u00e0 l'\u00e2ge de 97 ans - n\u00e9crologie de Freddy Derwahl | Vie Associative","robots":{"index":"index","follow":"follow","max-snippet":"max-snippet:-1","max-image-preview":"max-image-preview:large","max-video-preview":"max-video-preview:-1"},"canonical":"https:\/\/vieassociative.be\/actualites\/il-a-toujours-ete-un-grand-chevalier-alfred-bourseaux-est-decede-a-lage-de-97-ans-necrologie-de-freddy-derwahl\/","og_locale":"fr_FR","og_type":"article","og_title":"Il a toujours \u00e9t\u00e9 un grand chevalier : Alfred Bourseaux est d\u00e9c\u00e9d\u00e9 \u00e0 l'\u00e2ge de 97 ans - n\u00e9crologie de Freddy Derwahl | Vie Associative","og_description":"Ritter Alfred Bourseaux, directeur g\u00e9n\u00e9ral et pr\u00e9sident du conseil d&rsquo;administration d&rsquo;Eupener Kabelwerk AG, est d\u00e9c\u00e9d\u00e9 \u00e0 l&rsquo;\u00e2ge de 97 ans. N\u00e9crologie du journaliste et \u00e9crivain","og_url":"https:\/\/vieassociative.be\/actualites\/il-a-toujours-ete-un-grand-chevalier-alfred-bourseaux-est-decede-a-lage-de-97-ans-necrologie-de-freddy-derwahl\/","og_site_name":"Vie Associative","article_published_time":"2026-03-07T21:17:40+00:00","og_image":[{"width":279,"height":92,"url":"https:\/\/vieassociative.be\/actualites\/wp-content\/uploads\/2024\/09\/header_backgroundk-01-e1726694325946.png","type":"image\/png"}],"author":"Julien","twitter_card":"summary_large_image","twitter_misc":{"\u00c9crit par":"Julien","Dur\u00e9e de lecture est.":"7 minutes"},"schema":{"@context":"https:\/\/schema.org","@graph":[{"@type":"Article","@id":"https:\/\/vieassociative.be\/actualites\/il-a-toujours-ete-un-grand-chevalier-alfred-bourseaux-est-decede-a-lage-de-97-ans-necrologie-de-freddy-derwahl\/#article","isPartOf":{"@id":"https:\/\/vieassociative.be\/actualites\/il-a-toujours-ete-un-grand-chevalier-alfred-bourseaux-est-decede-a-lage-de-97-ans-necrologie-de-freddy-derwahl\/"},"author":{"name":"Julien","@id":"https:\/\/vieassociative.be\/actualites\/#\/schema\/person\/b87ac4f82f9d4e7b7cec7395b679edc4"},"headline":"Il a toujours \u00e9t\u00e9 un grand chevalier : Alfred Bourseaux est d\u00e9c\u00e9d\u00e9 \u00e0 l&rsquo;\u00e2ge de 97 ans &#8211; n\u00e9crologie de Freddy Derwahl","datePublished":"2026-03-07T21:17:40+00:00","dateModified":"2026-03-07T21:17:40+00:00","mainEntityOfPage":{"@id":"https:\/\/vieassociative.be\/actualites\/il-a-toujours-ete-un-grand-chevalier-alfred-bourseaux-est-decede-a-lage-de-97-ans-necrologie-de-freddy-derwahl\/"},"wordCount":1468,"publisher":{"@id":"https:\/\/vieassociative.be\/actualites\/#organization"},"image":{"@id":"https:\/\/vieassociative.be\/actualites\/il-a-toujours-ete-un-grand-chevalier-alfred-bourseaux-est-decede-a-lage-de-97-ans-necrologie-de-freddy-derwahl\/#primaryimage"},"thumbnailUrl":"https:\/\/vieassociative.be\/actualites\/wp-content\/uploads\/2026\/03\/1772918261_Il-a-toujours-ete-un-grand-chevalier-Alfred-Bourseaux.jpeg","keywords":["Alfred","ans","Bourseaux","chevalier","d\u00e9c\u00e9d\u00e9","Derwahl","est","\u00e9t\u00e9","Freddy","grand","l\u00e2ge","n\u00e9crologie","toujours"],"articleSection":["Belgique"],"inLanguage":"fr-BE"},{"@type":"WebPage","@id":"https:\/\/vieassociative.be\/actualites\/il-a-toujours-ete-un-grand-chevalier-alfred-bourseaux-est-decede-a-lage-de-97-ans-necrologie-de-freddy-derwahl\/","url":"https:\/\/vieassociative.be\/actualites\/il-a-toujours-ete-un-grand-chevalier-alfred-bourseaux-est-decede-a-lage-de-97-ans-necrologie-de-freddy-derwahl\/","name":"Il a toujours \u00e9t\u00e9 un grand chevalier : Alfred Bourseaux est d\u00e9c\u00e9d\u00e9 \u00e0 l'\u00e2ge de 97 ans - n\u00e9crologie de Freddy Derwahl | Vie Associative","isPartOf":{"@id":"https:\/\/vieassociative.be\/actualites\/#website"},"primaryImageOfPage":{"@id":"https:\/\/vieassociative.be\/actualites\/il-a-toujours-ete-un-grand-chevalier-alfred-bourseaux-est-decede-a-lage-de-97-ans-necrologie-de-freddy-derwahl\/#primaryimage"},"image":{"@id":"https:\/\/vieassociative.be\/actualites\/il-a-toujours-ete-un-grand-chevalier-alfred-bourseaux-est-decede-a-lage-de-97-ans-necrologie-de-freddy-derwahl\/#primaryimage"},"thumbnailUrl":"https:\/\/vieassociative.be\/actualites\/wp-content\/uploads\/2026\/03\/1772918261_Il-a-toujours-ete-un-grand-chevalier-Alfred-Bourseaux.jpeg","datePublished":"2026-03-07T21:17:40+00:00","dateModified":"2026-03-07T21:17:40+00:00","breadcrumb":{"@id":"https:\/\/vieassociative.be\/actualites\/il-a-toujours-ete-un-grand-chevalier-alfred-bourseaux-est-decede-a-lage-de-97-ans-necrologie-de-freddy-derwahl\/#breadcrumb"},"inLanguage":"fr-BE","potentialAction":[{"@type":"ReadAction","target":["https:\/\/vieassociative.be\/actualites\/il-a-toujours-ete-un-grand-chevalier-alfred-bourseaux-est-decede-a-lage-de-97-ans-necrologie-de-freddy-derwahl\/"]}]},{"@type":"ImageObject","inLanguage":"fr-BE","@id":"https:\/\/vieassociative.be\/actualites\/il-a-toujours-ete-un-grand-chevalier-alfred-bourseaux-est-decede-a-lage-de-97-ans-necrologie-de-freddy-derwahl\/#primaryimage","url":"https:\/\/vieassociative.be\/actualites\/wp-content\/uploads\/2026\/03\/1772918261_Il-a-toujours-ete-un-grand-chevalier-Alfred-Bourseaux.jpeg","contentUrl":"https:\/\/vieassociative.be\/actualites\/wp-content\/uploads\/2026\/03\/1772918261_Il-a-toujours-ete-un-grand-chevalier-Alfred-Bourseaux.jpeg","width":1200,"height":800,"caption":"Il a toujours \u00e9t\u00e9 un grand chevalier : Alfred Bourseaux est d\u00e9c\u00e9d\u00e9 \u00e0 l'\u00e2ge de 97 ans - n\u00e9crologie de Freddy Derwahl"},{"@type":"BreadcrumbList","@id":"https:\/\/vieassociative.be\/actualites\/il-a-toujours-ete-un-grand-chevalier-alfred-bourseaux-est-decede-a-lage-de-97-ans-necrologie-de-freddy-derwahl\/#breadcrumb","itemListElement":[{"@type":"ListItem","position":1,"name":"Accueil","item":"https:\/\/vieassociative.be\/actualites\/"},{"@type":"ListItem","position":2,"name":"Il a toujours \u00e9t\u00e9 un grand chevalier : Alfred Bourseaux est d\u00e9c\u00e9d\u00e9 \u00e0 l&rsquo;\u00e2ge de 97 ans &#8211; n\u00e9crologie de Freddy Derwahl"}]},{"@type":"WebSite","@id":"https:\/\/vieassociative.be\/actualites\/#website","url":"https:\/\/vieassociative.be\/actualites\/","name":"Vie Associative","description":"","publisher":{"@id":"https:\/\/vieassociative.be\/actualites\/#organization"},"potentialAction":[{"@type":"SearchAction","target":{"@type":"EntryPoint","urlTemplate":"https:\/\/vieassociative.be\/actualites\/?s={search_term_string}"},"query-input":{"@type":"PropertyValueSpecification","valueRequired":true,"valueName":"search_term_string"}}],"inLanguage":"fr-BE"},{"@type":"Organization","@id":"https:\/\/vieassociative.be\/actualites\/#organization","name":"Vie Associative","url":"https:\/\/vieassociative.be\/actualites\/","logo":{"@type":"ImageObject","inLanguage":"fr-BE","@id":"https:\/\/vieassociative.be\/actualites\/#\/schema\/logo\/image\/","url":"https:\/\/vieassociative.be\/actualites\/wp-content\/uploads\/2024\/09\/cropped-vieassociative_favicon.ico.png","contentUrl":"https:\/\/vieassociative.be\/actualites\/wp-content\/uploads\/2024\/09\/cropped-vieassociative_favicon.ico.png","width":512,"height":512,"caption":"Vie Associative"},"image":{"@id":"https:\/\/vieassociative.be\/actualites\/#\/schema\/logo\/image\/"}},{"@type":"Person","@id":"https:\/\/vieassociative.be\/actualites\/#\/schema\/person\/b87ac4f82f9d4e7b7cec7395b679edc4","name":"Julien","image":{"@type":"ImageObject","inLanguage":"fr-BE","@id":"https:\/\/vieassociative.be\/actualites\/#\/schema\/person\/image\/","url":"https:\/\/vieassociative.be\/actualites\/wp-content\/uploads\/2024\/09\/vie-associative-1-150x150.jpg","contentUrl":"https:\/\/vieassociative.be\/actualites\/wp-content\/uploads\/2024\/09\/vie-associative-1-150x150.jpg","caption":"Julien"},"description":"Je suis Julien, r\u00e9dacteur pour Vie Associative. Passionn\u00e9 par le monde associatif depuis plus de 10 ans, j'ai \u00e0 c\u0153ur de partager des histoires inspirantes et de mettre en lumi\u00e8re les initiatives locales. Mon objectif est de sensibiliser et d'encourager l'engagement communautaire \u00e0 travers mes articles.","sameAs":["https:\/\/vieassociative.be\/"]}]}},"_links":{"self":[{"href":"https:\/\/vieassociative.be\/actualites\/wp-json\/wp\/v2\/posts\/12931"}],"collection":[{"href":"https:\/\/vieassociative.be\/actualites\/wp-json\/wp\/v2\/posts"}],"about":[{"href":"https:\/\/vieassociative.be\/actualites\/wp-json\/wp\/v2\/types\/post"}],"author":[{"embeddable":true,"href":"https:\/\/vieassociative.be\/actualites\/wp-json\/wp\/v2\/users\/1"}],"replies":[{"embeddable":true,"href":"https:\/\/vieassociative.be\/actualites\/wp-json\/wp\/v2\/comments?post=12931"}],"version-history":[{"count":0,"href":"https:\/\/vieassociative.be\/actualites\/wp-json\/wp\/v2\/posts\/12931\/revisions"}],"wp:featuredmedia":[{"embeddable":true,"href":"https:\/\/vieassociative.be\/actualites\/wp-json\/wp\/v2\/media\/12932"}],"wp:attachment":[{"href":"https:\/\/vieassociative.be\/actualites\/wp-json\/wp\/v2\/media?parent=12931"}],"wp:term":[{"taxonomy":"category","embeddable":true,"href":"https:\/\/vieassociative.be\/actualites\/wp-json\/wp\/v2\/categories?post=12931"},{"taxonomy":"post_tag","embeddable":true,"href":"https:\/\/vieassociative.be\/actualites\/wp-json\/wp\/v2\/tags?post=12931"}],"curies":[{"name":"wp","href":"https:\/\/api.w.org\/{rel}","templated":true}]}}