{"id":1293,"date":"2024-10-16T16:18:36","date_gmt":"2024-10-16T14:18:36","guid":{"rendered":"https:\/\/vieassociative.be\/actualites\/ce-que-signifie-etre-un-enfant-deux-fois-exceptionnel-et-comment-le-soutenir\/"},"modified":"2024-10-16T16:18:36","modified_gmt":"2024-10-16T14:18:36","slug":"ce-que-signifie-etre-un-enfant-deux-fois-exceptionnel-et-comment-le-soutenir","status":"publish","type":"post","link":"https:\/\/vieassociative.be\/actualites\/ce-que-signifie-etre-un-enfant-deux-fois-exceptionnel-et-comment-le-soutenir\/","title":{"rendered":"Ce que signifie \u00eatre un enfant \u00ab deux fois exceptionnel \u00bb (et comment le soutenir)"},"content":{"rendered":"<div class=\"mt-4 leading-6 md:mb-8\">Ces enfants sont identifi\u00e9s comme \u00ab surdou\u00e9s \u00bb et souffrent d\u2019une condition qui les qualifierait pour des services d\u2019\u00e9ducation sp\u00e9cialis\u00e9e suppl\u00e9mentaires.<\/div>\n<p><\/p>\n<p>Il n\u2019existe pas de d\u00e9finition claire de ce que signifie \u00eatre \u00ab surdou\u00e9 \u00bb \u2013 et l\u2019identification des surdou\u00e9s peut varier consid\u00e9rablement d\u2019un \u00c9tat \u00e0 l\u2019autre et m\u00eame d\u2019un district \u00e0 l\u2019autre. Mais quand un enfant est identifi\u00e9 comme \u00ab surdou\u00e9 \u00bb <em>et<\/em> comme ayant une condition qui les qualifierait pour les services d&rsquo;\u00e9ducation sp\u00e9cialis\u00e9e (comme une diff\u00e9rence d&rsquo;apprentissage comme le TDAH, l&rsquo;autisme ou la dyslexie, ou des probl\u00e8mes de sant\u00e9 mentale comme l&rsquo;anxi\u00e9t\u00e9), ils sont consid\u00e9r\u00e9s comme \u00ab deux fois exceptionnels \u00bb ou \u00ab 2e \u00bb. Et les enfants qui sont deux fois exceptionnel et qui pr\u00e9sente \u00e9galement des diff\u00e9rences culturelles, de genre ou \u00e9conomiques pourrait \u00eatre qualifi\u00e9 de <em>3e<\/em>. Nous avons discut\u00e9 avec Julie Skolnick, fondatrice de With Understanding Comes Calm et auteur du prochain livre <em>Surdou\u00e9 et distrait\u00a0: comprendre, soutenir et d\u00e9fendre votre enfant deux fois exceptionnel<\/em> sur la meilleure fa\u00e7on de soutenir les enfants de 2e et 3e. <\/p>\n<h2 id=\"the-unique-challenges-that-2e-kids-face\">Les d\u00e9fis uniques auxquels sont confront\u00e9s les enfants de 2e<\/h2>\n<p>Le premier et le plus flagrant d\u00e9fi auquel sont confront\u00e9s de nombreux enfants de 2e ann\u00e9e est qu\u2019ils se sentent diff\u00e9rents. \u00ab\u00a0Ces enfants arrivent souvent \u00e0 l&rsquo;\u00e9cole le premier jour avec cette rage d&rsquo;apprendre et soudain, ils regardent autour d&rsquo;eux ou se retrouvent tellement au-del\u00e0 de l&rsquo;endroit o\u00f9 se trouvent leurs camarades\u00a0\u00bb, explique Skolnick. Elle dit que les qualit\u00e9s qu&rsquo;une personne surdou\u00e9e poss\u00e8de ne sont pas seulement qu&rsquo;elle peut \u00eatre intellectuellement avanc\u00e9e, mais qu&rsquo;elle a \u00e9galement une intensit\u00e9 \u00e9motionnelle, sensorielle, psychomotrice et imaginative. Ces qualit\u00e9s peuvent ou non se chevaucher avec d&rsquo;autres conditions telles que le trouble du traitement sensoriel (SPD), l&rsquo;autisme ou le TDAH. Skolnick dit \u00e9galement qu\u2019il y a \u00ab des recherches int\u00e9ressantes en cours sur le croisement accru des personnes surdou\u00e9es et la fluidit\u00e9 des genres \u00bb. Ils peuvent souvent avoir eu un d\u00e9veloppement asynchrone, dans le sens o\u00f9 ils sont avanc\u00e9s dans certains domaines et en retard dans d\u2019autres, et se sentent souvent perfectionnistes, ce qui peut \u00eatre associ\u00e9 \u00e0 l\u2019anxi\u00e9t\u00e9. <\/p>\n<p>En plus de se sentir diff\u00e9rents, ce qui peut entra\u00eener des d\u00e9fis en mati\u00e8re d&rsquo;estime de soi et de relations sociales, les enfants de 2e ann\u00e9e peuvent \u00e9galement avoir des difficult\u00e9s avec leurs surexcitabilit\u00e9s ou leurs sensibilit\u00e9s. Les exemples donn\u00e9s par Skolnick sont la caf\u00e9t\u00e9ria, qui, selon elle, est \u00ab un bastion de la folie sensorielle \u00bb avec toutes les images, odeurs, go\u00fbts et dynamiques sociales, et, pour des raisons similaires, le bus ou le covoiturage. Certains enfants \u00ab ressentent m\u00eame les sentiments des autres \u00bb, ce qui peut s&rsquo;av\u00e9rer difficile dans une \u00e9cole tr\u00e8s occup\u00e9e. Ces divers facteurs de stress peuvent donner \u00e0 un enfant le sentiment que son seau de r\u00e9silience est vide, dit Skolnick. <\/p>\n<p>Enfin, la combinaison du fait d\u2019\u00eatre \u00e0 la fois dou\u00e9 et d\u2019avoir des connaissances ou d\u2019autres diff\u00e9rences peut s\u2019av\u00e9rer difficile \u00e0 concilier. Devoir apprendre d&rsquo;une mani\u00e8re diff\u00e9rente ou bien apprendre d&rsquo;une mani\u00e8re mais pas d&rsquo;une autre, comme par exemple un enfant qui apprend auditivement mais qui apprend visuellement, peut provoquer des troubles et des comportements observables du point de vue des parents ou de l&rsquo;enseignant. <\/p>\n<h2 id=\"how-to-accommodate-a-2e-kid-at-school\">Comment accueillir un enfant de 2e \u00e0 l&rsquo;\u00e9cole<\/h2>\n<p>Skolnick dit que, que votre district le traite comme tel ou non, \u00ab les surdou\u00e9s sont une \u00e9ducation sp\u00e9cialis\u00e9e \u00bb et les \u00e9l\u00e8ves dou\u00e9s ont besoin d&rsquo;am\u00e9nagements individualis\u00e9s. Aider l&rsquo;enseignant de votre enfant \u00e0 comprendre votre enfant peut \u00eatre d\u00e9licat, c&rsquo;est pourquoi Skolnick sugg\u00e8re de cr\u00e9er une fiche d&rsquo;une page sur votre enfant, surtout s&rsquo;il a un long programme d&rsquo;\u00e9ducation individualis\u00e9 (PEI) ou s&rsquo;il n&rsquo;a pas de PEI sp\u00e9cifique aux surdou\u00e9s (appel\u00e9 \u00a0\u00bb GIEP \u00bb dans certains \u00c9tats). Cette page doit inclure les forces et les d\u00e9fis de votre enfant, les diff\u00e9renciations qui fonctionnent et celles qui ne fonctionnent pas, ainsi qu&rsquo;une chose que vous voulez qu&rsquo;il sache. Skolnick dit que cela devrait \u00eatre quelque chose qui \u00ab \u00e9largit leur perspective \u00bb sur votre enfant, par exemple, il semble \u00eatre distant, mais a vraiment soif de connexion. Elle conseille d&rsquo;inclure une photo de votre enfant \u00ab dans le courant, faisant ce qu&rsquo;il aime \u00bb, comme construire un ensemble LEGO. <\/p>\n<p>\u00c0 partir de l\u00e0, une diff\u00e9renciation appropri\u00e9e est importante, m\u00eame si elle peut \u00eatre difficile. Skolnick dit que m\u00eame si les enfants surdou\u00e9s n\u00e9cessitent des interventions au cas par cas, la meilleure chose pour toutes les personnes impliqu\u00e9es est \u00ab d\u2019essayer de cr\u00e9er une atmosph\u00e8re de collaboration \u00bb avec le personnel de l\u2019\u00e9cole et d\u2019essayer de \u00ab se donner mutuellement le b\u00e9n\u00e9fice du doute \u00bb. Vous voulez tous ce qu&rsquo;il y a de mieux pour votre enfant. \u00ab\u00a0De nombreux districts pensent qu&rsquo;un cours AP s&rsquo;adresse aux surdou\u00e9s, mais ce n&rsquo;est pas le cas\u00a0\u00bb, explique Skolnick. Un enfant qui est assis \u00ab face vers l\u2019avant et qui se tourne au travail \u00bb ne verra probablement pas ses besoins satisfaits. Ils n&rsquo;ont pas besoin <em>plus<\/em> du travail, dit-elle, mais un \u00ab travail plus approfondi \u00bb o\u00f9 l&rsquo;enseignant \u00ab pose des questions pour aider l&rsquo;enfant \u00e0 approfondir et \u00e0 approfondir un sujet \u00bb. Ils doivent \u00e9galement comprendre pourquoi le travail est significatif afin de se sentir motiv\u00e9s \u00e0 le faire. <\/p>\n<p>S&rsquo;ils sont capables de l&rsquo;exprimer, ce qui d\u00e9pend de nombreux facteurs, notamment de leur \u00e2ge, dit Skolnick, \u00ab \u200b\u200bvous devez inclure votre enfant dans la conversation \u00bb et lui demander : \u00ab qu&rsquo;est-ce qui va am\u00e9liorer les choses pour vous ? \u00bb Ils peuvent \u00eatre capables d&rsquo;identifier certains d\u00e9clencheurs de leurs comportements difficiles, comme des lumi\u00e8res fluorescentes trop lumineuses ou le fait d&rsquo;\u00eatre invit\u00e9 \u00e0 enseigner en classe alors qu&rsquo;ils ne trouvent pas cela utile pour leur propre apprentissage. Si vous pensez toujours que les besoins de votre enfant ne sont pas satisfaits, Skolnick sugg\u00e8re d&#8217;embaucher un d\u00e9fenseur sp\u00e9cialis\u00e9 dans les PEI et les enfants surdou\u00e9s. <\/p>\n<h2 id=\"how-to-help-your-2e-kid-at-home\">Comment aider votre 2e enfant \u00e0 la maison<\/h2>\n<p>Il est important de se rappeler que \u00ab le comportement est une communication \u00bb, dit Skolnick, et que les soignants doivent \u00ab r\u00e9agir au d\u00e9clencheur, pas au comportement \u00bb. C&rsquo;est l&rsquo;environnement qui doit changer, pas l&rsquo;enfant. Elle dit que tout comme on s&rsquo;assure qu&rsquo;une salle de classe est exempte d&rsquo;obstacles pour un enfant aveugle, nous devons tenir compte des \u00ab handicaps \u00bb et des besoins invisibles. F\u00e9licitez votre enfant d&rsquo;avoir d\u00e9fendu ses besoins par son comportement et f\u00e9licitez-le d&rsquo;avoir choisi de ne pas s&rsquo;engager dans des actions n\u00e9gatives. Si un enfant court dans sa chambre pendant un conflit, f\u00e9licitez-le de ne pas avoir renvers\u00e9 la table ou de ne pas avoir cri\u00e9 apr\u00e8s sa s\u0153ur. Mod\u00e9lisez cette pens\u00e9e interne en vous-m\u00eame afin que votre enfant puisse \u00e9galement l&rsquo;articuler pour lui-m\u00eame. Par exemple, dites\u00a0:\u00a0\u00ab\u00a0Je me sens d\u00e9pass\u00e9 et j&rsquo;ai l&rsquo;impression que je pourrais dire quelque chose que je regrette, alors je vais faire une pause.\u00a0\u00bb<\/p>\n<p>\u00c0 l\u2019\u00e9cole comme \u00e0 la maison, concentrez-vous sur la connexion. Skolnick dit : \u00ab Les enfants de 2e ann\u00e9e sont motiv\u00e9s par la connexion, ce qui peut \u00eatre paradoxal car les enfants de 2e ann\u00e9e ont du mal \u00e0 se sentir connect\u00e9s. \u00bb Participez \u00e0 leurs int\u00e9r\u00eats et travaillez \u00e0 \u00e9tablir des routines qui fonctionnent pour votre enfant. <\/p>\n<p>La meilleure fa\u00e7on pour un enfant de r\u00e9ussir \u00e0 la maison ou \u00e0 l\u2019\u00e9cole est de sentir que ses adultes l\u2019acceptent tel qu\u2019il est. \u00ab Lorsqu&rsquo;ils sont en pr\u00e9sence de quelqu&rsquo;un qui les comprend \u00bb, Skolnick a constat\u00e9 une r\u00e9duction des difficult\u00e9s d&rsquo;apprentissage ou des comportements de passage \u00e0 l&rsquo;acte. Les personnes 2e, les adultes et les enfants se sentent souvent \u00e9mus lorsqu&rsquo;ils sont enfin compris. Skolnick dit qu&rsquo;ils pourraient int\u00e9rioriser cela : \u00ab Si quelqu&rsquo;un me voit r\u00e9ellement, m&rsquo;aime r\u00e9ellement et me c\u00e9l\u00e8bre, je peux arr\u00eater de me battre contre moi-m\u00eame. \u00bb Cela conduit \u00e0 des adultes 2e en meilleure sant\u00e9 et plus heureux. <\/p>\n","protected":false},"excerpt":{"rendered":"<p>Ces enfants sont identifi\u00e9s comme \u00ab surdou\u00e9s \u00bb et souffrent d\u2019une condition qui les qualifierait pour des services d\u2019\u00e9ducation sp\u00e9cialis\u00e9e suppl\u00e9mentaires. Il n\u2019existe pas de<\/p>\n","protected":false},"author":1,"featured_media":1294,"comment_status":"","ping_status":"","sticky":false,"template":"","format":"standard","meta":{"footnotes":""},"categories":[37],"tags":[44,114,295,23,1873,774,1872,1874],"class_list":["post-1293","post","type-post","status-publish","format-standard","has-post-thumbnail","hentry","category-famille","tag-comment","tag-deux","tag-enfant","tag-etre","tag-exceptionnel","tag-fois","tag-signifie","tag-soutenir","generate-columns","tablet-grid-50","mobile-grid-100","grid-parent","grid-33"],"yoast_head":"<!-- This site is optimized with the Yoast SEO plugin v24.0 - https:\/\/yoast.com\/wordpress\/plugins\/seo\/ -->\n<title>Ce que signifie \u00eatre un enfant \u00ab deux fois exceptionnel \u00bb (et comment le soutenir) | Vie Associative<\/title>\n<meta name=\"robots\" content=\"index, follow, max-snippet:-1, max-image-preview:large, max-video-preview:-1\" \/>\n<link rel=\"canonical\" href=\"https:\/\/vieassociative.be\/actualites\/ce-que-signifie-etre-un-enfant-deux-fois-exceptionnel-et-comment-le-soutenir\/\" \/>\n<meta property=\"og:locale\" content=\"fr_FR\" \/>\n<meta property=\"og:type\" content=\"article\" \/>\n<meta property=\"og:title\" content=\"Ce que signifie \u00eatre un enfant \u00ab deux fois exceptionnel \u00bb (et comment le soutenir) | Vie Associative\" \/>\n<meta property=\"og:description\" content=\"Ces enfants sont identifi\u00e9s comme \u00ab surdou\u00e9s \u00bb et souffrent d\u2019une condition qui les qualifierait pour des services d\u2019\u00e9ducation sp\u00e9cialis\u00e9e suppl\u00e9mentaires. Il n\u2019existe pas de\" \/>\n<meta property=\"og:url\" content=\"https:\/\/vieassociative.be\/actualites\/ce-que-signifie-etre-un-enfant-deux-fois-exceptionnel-et-comment-le-soutenir\/\" \/>\n<meta property=\"og:site_name\" content=\"Vie Associative\" \/>\n<meta property=\"article:published_time\" content=\"2024-10-16T14:18:36+00:00\" \/>\n<meta property=\"og:image\" content=\"https:\/\/vieassociative.be\/actualites\/wp-content\/uploads\/2024\/09\/header_backgroundk-01-e1726694325946.png\" \/>\n\t<meta property=\"og:image:width\" content=\"279\" \/>\n\t<meta property=\"og:image:height\" content=\"92\" \/>\n\t<meta property=\"og:image:type\" content=\"image\/png\" \/>\n<meta name=\"author\" content=\"Julien\" \/>\n<meta name=\"twitter:card\" content=\"summary_large_image\" \/>\n<meta name=\"twitter:label1\" content=\"\u00c9crit par\" \/>\n\t<meta name=\"twitter:data1\" content=\"Julien\" \/>\n\t<meta name=\"twitter:label2\" content=\"Dur\u00e9e de lecture est.\" \/>\n\t<meta name=\"twitter:data2\" content=\"7 minutes\" \/>\n<script type=\"application\/ld+json\" class=\"yoast-schema-graph\">{\"@context\":\"https:\/\/schema.org\",\"@graph\":[{\"@type\":\"Article\",\"@id\":\"https:\/\/vieassociative.be\/actualites\/ce-que-signifie-etre-un-enfant-deux-fois-exceptionnel-et-comment-le-soutenir\/#article\",\"isPartOf\":{\"@id\":\"https:\/\/vieassociative.be\/actualites\/ce-que-signifie-etre-un-enfant-deux-fois-exceptionnel-et-comment-le-soutenir\/\"},\"author\":{\"name\":\"Julien\",\"@id\":\"https:\/\/vieassociative.be\/actualites\/#\/schema\/person\/b87ac4f82f9d4e7b7cec7395b679edc4\"},\"headline\":\"Ce que signifie \u00eatre un enfant \u00ab deux fois exceptionnel \u00bb (et comment le soutenir)\",\"datePublished\":\"2024-10-16T14:18:36+00:00\",\"dateModified\":\"2024-10-16T14:18:36+00:00\",\"mainEntityOfPage\":{\"@id\":\"https:\/\/vieassociative.be\/actualites\/ce-que-signifie-etre-un-enfant-deux-fois-exceptionnel-et-comment-le-soutenir\/\"},\"wordCount\":1445,\"publisher\":{\"@id\":\"https:\/\/vieassociative.be\/actualites\/#organization\"},\"image\":{\"@id\":\"https:\/\/vieassociative.be\/actualites\/ce-que-signifie-etre-un-enfant-deux-fois-exceptionnel-et-comment-le-soutenir\/#primaryimage\"},\"thumbnailUrl\":\"https:\/\/vieassociative.be\/actualites\/wp-content\/uploads\/2024\/10\/Ce-que-signifie-etre-un-enfant-deux-fois-exceptionnel.jpg\",\"keywords\":[\"Comment\",\"deux\",\"enfant\",\"\u00eatre\",\"exceptionnel\",\"fois\",\"signifie\",\"soutenir\"],\"articleSection\":[\"Famille\"],\"inLanguage\":\"fr-BE\"},{\"@type\":\"WebPage\",\"@id\":\"https:\/\/vieassociative.be\/actualites\/ce-que-signifie-etre-un-enfant-deux-fois-exceptionnel-et-comment-le-soutenir\/\",\"url\":\"https:\/\/vieassociative.be\/actualites\/ce-que-signifie-etre-un-enfant-deux-fois-exceptionnel-et-comment-le-soutenir\/\",\"name\":\"Ce que signifie \u00eatre un enfant \u00ab deux fois exceptionnel \u00bb (et comment le soutenir) | Vie Associative\",\"isPartOf\":{\"@id\":\"https:\/\/vieassociative.be\/actualites\/#website\"},\"primaryImageOfPage\":{\"@id\":\"https:\/\/vieassociative.be\/actualites\/ce-que-signifie-etre-un-enfant-deux-fois-exceptionnel-et-comment-le-soutenir\/#primaryimage\"},\"image\":{\"@id\":\"https:\/\/vieassociative.be\/actualites\/ce-que-signifie-etre-un-enfant-deux-fois-exceptionnel-et-comment-le-soutenir\/#primaryimage\"},\"thumbnailUrl\":\"https:\/\/vieassociative.be\/actualites\/wp-content\/uploads\/2024\/10\/Ce-que-signifie-etre-un-enfant-deux-fois-exceptionnel.jpg\",\"datePublished\":\"2024-10-16T14:18:36+00:00\",\"dateModified\":\"2024-10-16T14:18:36+00:00\",\"breadcrumb\":{\"@id\":\"https:\/\/vieassociative.be\/actualites\/ce-que-signifie-etre-un-enfant-deux-fois-exceptionnel-et-comment-le-soutenir\/#breadcrumb\"},\"inLanguage\":\"fr-BE\",\"potentialAction\":[{\"@type\":\"ReadAction\",\"target\":[\"https:\/\/vieassociative.be\/actualites\/ce-que-signifie-etre-un-enfant-deux-fois-exceptionnel-et-comment-le-soutenir\/\"]}]},{\"@type\":\"ImageObject\",\"inLanguage\":\"fr-BE\",\"@id\":\"https:\/\/vieassociative.be\/actualites\/ce-que-signifie-etre-un-enfant-deux-fois-exceptionnel-et-comment-le-soutenir\/#primaryimage\",\"url\":\"https:\/\/vieassociative.be\/actualites\/wp-content\/uploads\/2024\/10\/Ce-que-signifie-etre-un-enfant-deux-fois-exceptionnel.jpg\",\"contentUrl\":\"https:\/\/vieassociative.be\/actualites\/wp-content\/uploads\/2024\/10\/Ce-que-signifie-etre-un-enfant-deux-fois-exceptionnel.jpg\",\"width\":1200,\"height\":675,\"caption\":\"Ce que signifie \u00eatre un enfant \u00ab deux fois exceptionnel \u00bb (et comment le soutenir)\"},{\"@type\":\"BreadcrumbList\",\"@id\":\"https:\/\/vieassociative.be\/actualites\/ce-que-signifie-etre-un-enfant-deux-fois-exceptionnel-et-comment-le-soutenir\/#breadcrumb\",\"itemListElement\":[{\"@type\":\"ListItem\",\"position\":1,\"name\":\"Accueil\",\"item\":\"https:\/\/vieassociative.be\/actualites\/\"},{\"@type\":\"ListItem\",\"position\":2,\"name\":\"Ce que signifie \u00eatre un enfant \u00ab deux fois exceptionnel \u00bb (et comment le soutenir)\"}]},{\"@type\":\"WebSite\",\"@id\":\"https:\/\/vieassociative.be\/actualites\/#website\",\"url\":\"https:\/\/vieassociative.be\/actualites\/\",\"name\":\"Vie Associative\",\"description\":\"\",\"publisher\":{\"@id\":\"https:\/\/vieassociative.be\/actualites\/#organization\"},\"potentialAction\":[{\"@type\":\"SearchAction\",\"target\":{\"@type\":\"EntryPoint\",\"urlTemplate\":\"https:\/\/vieassociative.be\/actualites\/?s={search_term_string}\"},\"query-input\":{\"@type\":\"PropertyValueSpecification\",\"valueRequired\":true,\"valueName\":\"search_term_string\"}}],\"inLanguage\":\"fr-BE\"},{\"@type\":\"Organization\",\"@id\":\"https:\/\/vieassociative.be\/actualites\/#organization\",\"name\":\"Vie Associative\",\"url\":\"https:\/\/vieassociative.be\/actualites\/\",\"logo\":{\"@type\":\"ImageObject\",\"inLanguage\":\"fr-BE\",\"@id\":\"https:\/\/vieassociative.be\/actualites\/#\/schema\/logo\/image\/\",\"url\":\"https:\/\/vieassociative.be\/actualites\/wp-content\/uploads\/2024\/09\/cropped-vieassociative_favicon.ico.png\",\"contentUrl\":\"https:\/\/vieassociative.be\/actualites\/wp-content\/uploads\/2024\/09\/cropped-vieassociative_favicon.ico.png\",\"width\":512,\"height\":512,\"caption\":\"Vie Associative\"},\"image\":{\"@id\":\"https:\/\/vieassociative.be\/actualites\/#\/schema\/logo\/image\/\"}},{\"@type\":\"Person\",\"@id\":\"https:\/\/vieassociative.be\/actualites\/#\/schema\/person\/b87ac4f82f9d4e7b7cec7395b679edc4\",\"name\":\"Julien\",\"image\":{\"@type\":\"ImageObject\",\"inLanguage\":\"fr-BE\",\"@id\":\"https:\/\/vieassociative.be\/actualites\/#\/schema\/person\/image\/\",\"url\":\"https:\/\/vieassociative.be\/actualites\/wp-content\/uploads\/2024\/09\/vie-associative-1-150x150.jpg\",\"contentUrl\":\"https:\/\/vieassociative.be\/actualites\/wp-content\/uploads\/2024\/09\/vie-associative-1-150x150.jpg\",\"caption\":\"Julien\"},\"description\":\"Je suis Julien, r\u00e9dacteur pour Vie Associative. Passionn\u00e9 par le monde associatif depuis plus de 10 ans, j'ai \u00e0 c\u0153ur de partager des histoires inspirantes et de mettre en lumi\u00e8re les initiatives locales. Mon objectif est de sensibiliser et d'encourager l'engagement communautaire \u00e0 travers mes articles.\",\"sameAs\":[\"https:\/\/vieassociative.be\/\"]}]}<\/script>\n<!-- \/ Yoast SEO plugin. -->","yoast_head_json":{"title":"Ce que signifie \u00eatre un enfant \u00ab deux fois exceptionnel \u00bb (et comment le soutenir) | Vie Associative","robots":{"index":"index","follow":"follow","max-snippet":"max-snippet:-1","max-image-preview":"max-image-preview:large","max-video-preview":"max-video-preview:-1"},"canonical":"https:\/\/vieassociative.be\/actualites\/ce-que-signifie-etre-un-enfant-deux-fois-exceptionnel-et-comment-le-soutenir\/","og_locale":"fr_FR","og_type":"article","og_title":"Ce que signifie \u00eatre un enfant \u00ab deux fois exceptionnel \u00bb (et comment le soutenir) | Vie Associative","og_description":"Ces enfants sont identifi\u00e9s comme \u00ab surdou\u00e9s \u00bb et souffrent d\u2019une condition qui les qualifierait pour des services d\u2019\u00e9ducation sp\u00e9cialis\u00e9e suppl\u00e9mentaires. Il n\u2019existe pas de","og_url":"https:\/\/vieassociative.be\/actualites\/ce-que-signifie-etre-un-enfant-deux-fois-exceptionnel-et-comment-le-soutenir\/","og_site_name":"Vie Associative","article_published_time":"2024-10-16T14:18:36+00:00","og_image":[{"width":279,"height":92,"url":"https:\/\/vieassociative.be\/actualites\/wp-content\/uploads\/2024\/09\/header_backgroundk-01-e1726694325946.png","type":"image\/png"}],"author":"Julien","twitter_card":"summary_large_image","twitter_misc":{"\u00c9crit par":"Julien","Dur\u00e9e de lecture est.":"7 minutes"},"schema":{"@context":"https:\/\/schema.org","@graph":[{"@type":"Article","@id":"https:\/\/vieassociative.be\/actualites\/ce-que-signifie-etre-un-enfant-deux-fois-exceptionnel-et-comment-le-soutenir\/#article","isPartOf":{"@id":"https:\/\/vieassociative.be\/actualites\/ce-que-signifie-etre-un-enfant-deux-fois-exceptionnel-et-comment-le-soutenir\/"},"author":{"name":"Julien","@id":"https:\/\/vieassociative.be\/actualites\/#\/schema\/person\/b87ac4f82f9d4e7b7cec7395b679edc4"},"headline":"Ce que signifie \u00eatre un enfant \u00ab deux fois exceptionnel \u00bb (et comment le soutenir)","datePublished":"2024-10-16T14:18:36+00:00","dateModified":"2024-10-16T14:18:36+00:00","mainEntityOfPage":{"@id":"https:\/\/vieassociative.be\/actualites\/ce-que-signifie-etre-un-enfant-deux-fois-exceptionnel-et-comment-le-soutenir\/"},"wordCount":1445,"publisher":{"@id":"https:\/\/vieassociative.be\/actualites\/#organization"},"image":{"@id":"https:\/\/vieassociative.be\/actualites\/ce-que-signifie-etre-un-enfant-deux-fois-exceptionnel-et-comment-le-soutenir\/#primaryimage"},"thumbnailUrl":"https:\/\/vieassociative.be\/actualites\/wp-content\/uploads\/2024\/10\/Ce-que-signifie-etre-un-enfant-deux-fois-exceptionnel.jpg","keywords":["Comment","deux","enfant","\u00eatre","exceptionnel","fois","signifie","soutenir"],"articleSection":["Famille"],"inLanguage":"fr-BE"},{"@type":"WebPage","@id":"https:\/\/vieassociative.be\/actualites\/ce-que-signifie-etre-un-enfant-deux-fois-exceptionnel-et-comment-le-soutenir\/","url":"https:\/\/vieassociative.be\/actualites\/ce-que-signifie-etre-un-enfant-deux-fois-exceptionnel-et-comment-le-soutenir\/","name":"Ce que signifie \u00eatre un enfant \u00ab deux fois exceptionnel \u00bb (et comment le soutenir) | Vie Associative","isPartOf":{"@id":"https:\/\/vieassociative.be\/actualites\/#website"},"primaryImageOfPage":{"@id":"https:\/\/vieassociative.be\/actualites\/ce-que-signifie-etre-un-enfant-deux-fois-exceptionnel-et-comment-le-soutenir\/#primaryimage"},"image":{"@id":"https:\/\/vieassociative.be\/actualites\/ce-que-signifie-etre-un-enfant-deux-fois-exceptionnel-et-comment-le-soutenir\/#primaryimage"},"thumbnailUrl":"https:\/\/vieassociative.be\/actualites\/wp-content\/uploads\/2024\/10\/Ce-que-signifie-etre-un-enfant-deux-fois-exceptionnel.jpg","datePublished":"2024-10-16T14:18:36+00:00","dateModified":"2024-10-16T14:18:36+00:00","breadcrumb":{"@id":"https:\/\/vieassociative.be\/actualites\/ce-que-signifie-etre-un-enfant-deux-fois-exceptionnel-et-comment-le-soutenir\/#breadcrumb"},"inLanguage":"fr-BE","potentialAction":[{"@type":"ReadAction","target":["https:\/\/vieassociative.be\/actualites\/ce-que-signifie-etre-un-enfant-deux-fois-exceptionnel-et-comment-le-soutenir\/"]}]},{"@type":"ImageObject","inLanguage":"fr-BE","@id":"https:\/\/vieassociative.be\/actualites\/ce-que-signifie-etre-un-enfant-deux-fois-exceptionnel-et-comment-le-soutenir\/#primaryimage","url":"https:\/\/vieassociative.be\/actualites\/wp-content\/uploads\/2024\/10\/Ce-que-signifie-etre-un-enfant-deux-fois-exceptionnel.jpg","contentUrl":"https:\/\/vieassociative.be\/actualites\/wp-content\/uploads\/2024\/10\/Ce-que-signifie-etre-un-enfant-deux-fois-exceptionnel.jpg","width":1200,"height":675,"caption":"Ce que signifie \u00eatre un enfant \u00ab deux fois exceptionnel \u00bb (et comment le soutenir)"},{"@type":"BreadcrumbList","@id":"https:\/\/vieassociative.be\/actualites\/ce-que-signifie-etre-un-enfant-deux-fois-exceptionnel-et-comment-le-soutenir\/#breadcrumb","itemListElement":[{"@type":"ListItem","position":1,"name":"Accueil","item":"https:\/\/vieassociative.be\/actualites\/"},{"@type":"ListItem","position":2,"name":"Ce que signifie \u00eatre un enfant \u00ab deux fois exceptionnel \u00bb (et comment le soutenir)"}]},{"@type":"WebSite","@id":"https:\/\/vieassociative.be\/actualites\/#website","url":"https:\/\/vieassociative.be\/actualites\/","name":"Vie Associative","description":"","publisher":{"@id":"https:\/\/vieassociative.be\/actualites\/#organization"},"potentialAction":[{"@type":"SearchAction","target":{"@type":"EntryPoint","urlTemplate":"https:\/\/vieassociative.be\/actualites\/?s={search_term_string}"},"query-input":{"@type":"PropertyValueSpecification","valueRequired":true,"valueName":"search_term_string"}}],"inLanguage":"fr-BE"},{"@type":"Organization","@id":"https:\/\/vieassociative.be\/actualites\/#organization","name":"Vie Associative","url":"https:\/\/vieassociative.be\/actualites\/","logo":{"@type":"ImageObject","inLanguage":"fr-BE","@id":"https:\/\/vieassociative.be\/actualites\/#\/schema\/logo\/image\/","url":"https:\/\/vieassociative.be\/actualites\/wp-content\/uploads\/2024\/09\/cropped-vieassociative_favicon.ico.png","contentUrl":"https:\/\/vieassociative.be\/actualites\/wp-content\/uploads\/2024\/09\/cropped-vieassociative_favicon.ico.png","width":512,"height":512,"caption":"Vie Associative"},"image":{"@id":"https:\/\/vieassociative.be\/actualites\/#\/schema\/logo\/image\/"}},{"@type":"Person","@id":"https:\/\/vieassociative.be\/actualites\/#\/schema\/person\/b87ac4f82f9d4e7b7cec7395b679edc4","name":"Julien","image":{"@type":"ImageObject","inLanguage":"fr-BE","@id":"https:\/\/vieassociative.be\/actualites\/#\/schema\/person\/image\/","url":"https:\/\/vieassociative.be\/actualites\/wp-content\/uploads\/2024\/09\/vie-associative-1-150x150.jpg","contentUrl":"https:\/\/vieassociative.be\/actualites\/wp-content\/uploads\/2024\/09\/vie-associative-1-150x150.jpg","caption":"Julien"},"description":"Je suis Julien, r\u00e9dacteur pour Vie Associative. Passionn\u00e9 par le monde associatif depuis plus de 10 ans, j'ai \u00e0 c\u0153ur de partager des histoires inspirantes et de mettre en lumi\u00e8re les initiatives locales. Mon objectif est de sensibiliser et d'encourager l'engagement communautaire \u00e0 travers mes articles.","sameAs":["https:\/\/vieassociative.be\/"]}]}},"_links":{"self":[{"href":"https:\/\/vieassociative.be\/actualites\/wp-json\/wp\/v2\/posts\/1293"}],"collection":[{"href":"https:\/\/vieassociative.be\/actualites\/wp-json\/wp\/v2\/posts"}],"about":[{"href":"https:\/\/vieassociative.be\/actualites\/wp-json\/wp\/v2\/types\/post"}],"author":[{"embeddable":true,"href":"https:\/\/vieassociative.be\/actualites\/wp-json\/wp\/v2\/users\/1"}],"replies":[{"embeddable":true,"href":"https:\/\/vieassociative.be\/actualites\/wp-json\/wp\/v2\/comments?post=1293"}],"version-history":[{"count":0,"href":"https:\/\/vieassociative.be\/actualites\/wp-json\/wp\/v2\/posts\/1293\/revisions"}],"wp:featuredmedia":[{"embeddable":true,"href":"https:\/\/vieassociative.be\/actualites\/wp-json\/wp\/v2\/media\/1294"}],"wp:attachment":[{"href":"https:\/\/vieassociative.be\/actualites\/wp-json\/wp\/v2\/media?parent=1293"}],"wp:term":[{"taxonomy":"category","embeddable":true,"href":"https:\/\/vieassociative.be\/actualites\/wp-json\/wp\/v2\/categories?post=1293"},{"taxonomy":"post_tag","embeddable":true,"href":"https:\/\/vieassociative.be\/actualites\/wp-json\/wp\/v2\/tags?post=1293"}],"curies":[{"name":"wp","href":"https:\/\/api.w.org\/{rel}","templated":true}]}}