{"id":12927,"date":"2026-03-07T16:20:20","date_gmt":"2026-03-07T15:20:20","guid":{"rendered":"https:\/\/vieassociative.be\/actualites\/la-super-annee-electorale-2026-commence-dimanche-pour-lallemagne-avec-les-elections-regionales-dans-le-bade-wurtemberg\/"},"modified":"2026-03-07T16:20:20","modified_gmt":"2026-03-07T15:20:20","slug":"la-super-annee-electorale-2026-commence-dimanche-pour-lallemagne-avec-les-elections-regionales-dans-le-bade-wurtemberg","status":"publish","type":"post","link":"https:\/\/vieassociative.be\/actualites\/la-super-annee-electorale-2026-commence-dimanche-pour-lallemagne-avec-les-elections-regionales-dans-le-bade-wurtemberg\/","title":{"rendered":"La super ann\u00e9e \u00e9lectorale 2026 commence dimanche pour l&rsquo;Allemagne avec les \u00e9lections r\u00e9gionales dans le Bade-Wurtemberg."},"content":{"rendered":"<p><strong>En Allemagne, la super ann\u00e9e \u00e9lectorale 2026 commence ce dimanche avec les \u00e9lections r\u00e9gionales dans le Bade-Wurtemberg. Il s&rsquo;agit de la premi\u00e8re d&rsquo;une s\u00e9rie de cinq \u00e9lections r\u00e9gionales et peut donc avoir un effet signal qui s&rsquo;\u00e9tend bien au-del\u00e0 des fronti\u00e8res du Land.<\/strong><\/p>\n<p><span id=\"more-437415\"><\/span>Apr\u00e8s le Bade-Wurtemberg le 8 mars, suivront la Rh\u00e9nanie-Palatinat le 22 mars, la Saxe-Anhalt le 6 septembre et le Mecklembourg-Pom\u00e9ranie occidentale et Berlin le 20 septembre.<\/p>\n<p>Des d\u00e9faites de la CDU pourraient affaiblir le chancelier Friedrich Merz et sa coalition. La CDU et le SPD doivent craindre pour le poste de Premier ministre. Le FDP pourrait continuer \u00e0 perdre de son importance. La gauche et l\u2019AfD, en revanche, pourraient gagner en force. Il n\u2019est pas impossible que l\u2019AfD nomme pour la premi\u00e8re fois un chef de gouvernement du Land \u00e0 la fin de l\u2019ann\u00e9e.<\/p>\n<p>Les \u00e9lections r\u00e9gionales dans le sud-ouest sont les premi\u00e8res depuis des ann\u00e9es sans Winfried Kretschmann et les premi\u00e8res avec un vote commen\u00e7ant le 16 mai.<\/p>\n<p><strong>\u2013 Lutte pour l\u2019h\u00e9ritage de Kretschmann :<\/strong> Winfried Kretschmann n&rsquo;est plus candidat. Cela seul rend l\u2019\u00e9lection historique. Apr\u00e8s 15 ans au poste de Premier ministre, son nom ne figure plus sur les bulletins de vote. Kretschmann prend sa retraite \u00e0 l&rsquo;\u00e2ge de 77 ans. Le parti vert Oberrealo r\u00e8gne depuis 2016 relativement tranquillement au sein de la CDU. Cem \u00d6zdemir (Verts) et Manuel Hagel (CDU) se battent pour lui succ\u00e9der.<\/p>\n<div id=\"attachment_437422\" class=\"wp-caption alignleft\" style=\"max-width: 300px\"><img fetchpriority=\"high\" decoding=\"async\" class=\"wp-image-437422 size-medium\" src=\"https:\/\/vieassociative.be\/actualites\/wp-content\/uploads\/2026\/03\/La-super-annee-electorale-2026-commence-dimanche-pour-lAllemagne-avec.jpg\" alt=\"\" width=\"300\" height=\"200\"  ><\/div>\n<p>\u00d6zdemir ou Hagel veulent h\u00e9riter du p\u00e8re du pays. Les pas sont grands. Hagel avait d\u00e9clar\u00e9 il y a longtemps que l&rsquo;h\u00e9ritage de Kretschmann serait entre de bonnes mains au sein de la CDU. \u00d6zdemir fait de la publicit\u00e9 sur des affiches \u00e9lectorales avec le chef du gouvernement et le slogan : \u00ab Vous le connaissez \u00bb. Il ne s&rsquo;agit pas de copier Kretschmann, il s&rsquo;agit de le comprendre, a d\u00e9clar\u00e9 le candidat t\u00eate de liste des Verts.<\/p>\n<p><strong>\u2013 Une campagne \u00e9lectorale qui s\u2019intensifie :<\/strong> Les Verts et la CDU ont largement \u00e9vit\u00e9 de s&rsquo;attaquer pendant la campagne \u00e9lectorale pendant de nombreux mois, non seulement parce qu&rsquo;ils sont partenaires du gouvernement, mais aussi parce qu&rsquo;ils le resteront probablement.<\/p>\n<p>Les sondages pr\u00e9disent une alliance noir-vert. Mais voil\u00e0, dans les derniers m\u00e8tres, la campagne \u00e9lectorale s&rsquo;est intensifi\u00e9e. Des vid\u00e9os sur les visites scolaires causent des ennuis \u00e0 Hagel ; la CDU accuse les Verts de \u00ab sale campagne \u00e9lectorale \u00bb. Et dans les sondages, les Verts et la CDU sont soudain au coude \u00e0 coude.<\/p>\n<p>Le point de d\u00e9part \u00e9tait une interview vieille d\u2019environ huit ans du candidat principal de la CDU, Manuel Hagel, qu\u2019un d\u00e9put\u00e9 vert du Bundestag avait publi\u00e9e sur les r\u00e9seaux sociaux. Hagel, alors \u00e2g\u00e9 de 29 ans et membre du parlement du Land, a rendu compte d&rsquo;une visite scolaire et d&rsquo;un \u00e9tudiant. \u00ab\u00a0Je n&rsquo;oublierai jamais la premi\u00e8re question, elle s&rsquo;appelait Eva, cheveux bruns, yeux fauves.\u00a0\u00bb Le clip a suscit\u00e9 de s\u00e9v\u00e8res critiques \u00e0 l\u2019encontre de l\u2019homme de la CDU.<\/p>\n<p><strong>\u2013 Nouveaux droits de vote :<\/strong> Pour la premi\u00e8re fois dans le Bade-Wurtemberg, les jeunes de 16 et 17 ans sont autoris\u00e9s \u00e0 voter aux \u00e9lections. Des dizaines de milliers de nouveaux \u00e9lecteurs entrent en sc\u00e8ne. Au total, environ 7,7 millions d&rsquo;\u00e9lecteurs pourront voter en mars, soit plus que jamais auparavant, selon l&rsquo;Office national des statistiques. Le bureau s&rsquo;attend \u00e0 environ 650 000 primo-votants \u00e2g\u00e9s de 16 \u00e0 22 ans, ce qui correspond \u00e0 8,4 pour cent de tous les \u00e9lecteurs \u00e9ligibles. On ne sait pas exactement dans quelle mesure l\u2019augmentation du nombre de jeunes \u00e9lecteurs \u00e9ligibles affectera le r\u00e9sultat.<\/p>\n<div id=\"attachment_437419\" class=\"wp-caption alignleft\" style=\"max-width: 300px\"><img decoding=\"async\" class=\"wp-image-437419 size-medium\" src=\"https:\/\/vieassociative.be\/actualites\/wp-content\/uploads\/2026\/03\/1772896820_624_La-super-annee-electorale-2026-commence-dimanche-pour-lAllemagne-avec.jpg\" alt=\"\" width=\"300\" height=\"200\"><\/div>\n<p>En outre, il existe une loi \u00e9lectorale r\u00e9form\u00e9e, avec de nouvelles r\u00e8gles pour la r\u00e9partition des mandats. Les \u00e9lecteurs disposent d\u00e9sormais de deux voix, comme aux \u00e9lections f\u00e9d\u00e9rales. Au premier vote, un candidat de circonscription est \u00e9lu directement. Un parti est \u00e9lu au deuxi\u00e8me vote. Cela cr\u00e9e une liste d&rsquo;\u00c9tat \u00e0 travers laquelle les candidats peuvent entrer au parlement de l&rsquo;\u00c9tat.<\/p>\n<p><strong>\u2013 L\u2019enjeu est de taille pour les Verts :<\/strong> Les enjeux sont importants pour les Verts. Jusqu\u2019\u00e0 pr\u00e9sent, vous avez \u00e9t\u00e9 le premier et le seul chef du gouvernement du Bade-Wurtemberg. Pendant longtemps, il a sembl\u00e9 que Kretschmann resterait pour le moment le dernier Premier ministre vert ; Le candidat t\u00eate de liste \u00d6zdemir et ses Verts \u00e9taient loin derri\u00e8re dans les sondages depuis des mois. Quelques jours avant les \u00e9lections, les Verts ont presque rattrap\u00e9 la CDU, auparavant en t\u00eate, dans plusieurs enqu\u00eates d&rsquo;opinion et sont m\u00eame \u00e0 \u00e9galit\u00e9 avec 28 pour cent dans le \u00ab Politbarom\u00e8tre \u00bb de ZDF.<\/p>\n<p>Les chr\u00e9tiens-d\u00e9mocrates du Bade-Wurtemberg tremblent et esp\u00e8rent avoir leur chance : ils ont dirig\u00e9 le sud-ouest pendant des d\u00e9cennies jusqu&rsquo;\u00e0 ce qu&rsquo;ils soient d\u00e9tr\u00f4n\u00e9s par les Verts en 2011. Le parti se concentre d\u00e9sormais sur le r\u00e9tablissement de \u00ab l&rsquo;ordre naturel \u00bb dans le pays. La gr\u00eale devrait permettre ce retour.<\/p>\n<p><strong>\u2013 Le FDP dehors, laiss\u00e9 de c\u00f4t\u00e9 ?<\/strong> La composition du Parlement du Land pourrait changer. Cette fois-ci, la barre des cinq pour cent rev\u00eat une importance particuli\u00e8re : pour la premi\u00e8re fois dans l&rsquo;histoire, le FDP pourrait \u00eatre expuls\u00e9 du parlement du Land de son pays d&rsquo;origine, dont il est membre depuis plus de 70 ans. Le leader du FDP du Bade-Wurtemberg, Hans-Ulrich R\u00fclke, parle donc de \u00ab la m\u00e8re de toutes les \u00e9lections \u00bb. Si le FDP ne peut pas le faire dans le sud-ouest, il ne pourra le faire nulle part ailleurs, en est-il convaincu. Selon les derniers sondages, les lib\u00e9raux pourraient tout juste r\u00e9ussir \u00e0 gagner.<\/p>\n<p>En revanche, la gauche, jusqu&rsquo;ici rest\u00e9e dans l&rsquo;ombre en dehors du Parlement, pourrait pour la premi\u00e8re fois entrer au Parlement du Bade-Wurtemberg. Le boom de la gauche est motiv\u00e9 par le m\u00e9contentement social, les in\u00e9galit\u00e9s sociales croissantes, la p\u00e9nurie de logements dans de nombreuses villes \u2013 et l\u2019ambiance g\u00e9n\u00e9rale de protestation dans le pays. En campagne \u00e9lectorale, la gauche se concentre particuli\u00e8rement sur la question du logement.<\/p>\n<div id=\"attachment_437420\" class=\"wp-caption alignleft\" style=\"max-width: 300px\"><img decoding=\"async\" class=\"wp-image-437420 size-medium\" src=\"https:\/\/vieassociative.be\/actualites\/wp-content\/uploads\/2026\/03\/1772896820_71_La-super-annee-electorale-2026-commence-dimanche-pour-lAllemagne-avec.jpg\" alt=\"\" width=\"300\" height=\"209\"><\/div>\n<p>En termes de contenu, l&rsquo;influence de la gauche serait toutefois limit\u00e9e : le parti du Bade-Wurtemberg ne cherche pas de coalition avec d&rsquo;autres partis. Elle veut \u00eatre une opposition bruyante et inconfortable. Personne ne souhaite non plus former une coalition avec l&rsquo;AfD : selon les sondages, les populistes de droite sont susceptibles de devenir le parti d&rsquo;opposition le plus puissant.<\/p>\n<p><strong>\u2013 L\u2019industrie automobile comme sujet de campagne \u00e9lectorale :<\/strong> La crise \u00e9conomique rend les \u00e9lections encore plus explosives. Le Bade-Wurtemberg est le c\u0153ur industriel de l&rsquo;Allemagne et d\u00e9pend particuli\u00e8rement de l&rsquo;industrie automobile. Le profond changement structurel frappe ici plus durement que dans d\u2019autres domaines. Des milliers d\u2019emplois sont menac\u00e9s, des r\u00e9gions enti\u00e8res envisagent l\u2019avenir avec inqui\u00e9tude.<\/p>\n<p>C&rsquo;est pourquoi la politique \u00e9conomique est au centre de la campagne \u00e9lectorale : il s&rsquo;agit de questions de localisation, de sauvegarde des emplois et de r\u00e9duction de la bureaucratie. Il s&rsquo;agit d&rsquo;\u00ab \u00e9conomie, \u00e9conomie, \u00e9conomie \u00bb, d\u00e9clare Hagel, t\u00eate de liste de la CDU, et il tourne sans rel\u00e2che d&rsquo;une entreprise de taille moyenne \u00e0 l&rsquo;autre. \u00abNous pouvons conduire\u00bb, d\u00e9clare son adversaire \u00d6zdemir \u2013 et malgr\u00e9 son adh\u00e9sion au parti vert, il peut \u00e9galement accepter un report de l&rsquo;interdiction des moteurs \u00e0 combustion. (dpa\/cr\u00e9)<\/p>\n","protected":false},"excerpt":{"rendered":"<p>En Allemagne, la super ann\u00e9e \u00e9lectorale 2026 commence ce dimanche avec les \u00e9lections r\u00e9gionales dans le Bade-Wurtemberg. Il s&rsquo;agit de la premi\u00e8re d&rsquo;une s\u00e9rie de<\/p>\n","protected":false},"author":1,"featured_media":12928,"comment_status":"","ping_status":"","sticky":false,"template":"","format":"standard","meta":{"footnotes":""},"categories":[298],"tags":[549,61,1051,471,2569,2842,2375,14,81,2810],"class_list":["post-12927","post","type-post","status-publish","format-standard","has-post-thumbnail","hentry","category-belgique","tag-annee","tag-avec","tag-commence","tag-dimanche","tag-elections","tag-electorale","tag-lallemagne","tag-les","tag-pour","tag-super","generate-columns","tablet-grid-50","mobile-grid-100","grid-parent","grid-33"],"yoast_head":"<!-- This site is optimized with the Yoast SEO plugin v24.0 - https:\/\/yoast.com\/wordpress\/plugins\/seo\/ -->\n<title>La super ann\u00e9e \u00e9lectorale 2026 commence dimanche pour l&#039;Allemagne avec les \u00e9lections r\u00e9gionales dans le Bade-Wurtemberg. | Vie Associative<\/title>\n<meta name=\"robots\" content=\"index, follow, max-snippet:-1, max-image-preview:large, max-video-preview:-1\" \/>\n<link rel=\"canonical\" href=\"https:\/\/vieassociative.be\/actualites\/la-super-annee-electorale-2026-commence-dimanche-pour-lallemagne-avec-les-elections-regionales-dans-le-bade-wurtemberg\/\" \/>\n<meta property=\"og:locale\" content=\"fr_FR\" \/>\n<meta property=\"og:type\" content=\"article\" \/>\n<meta property=\"og:title\" content=\"La super ann\u00e9e \u00e9lectorale 2026 commence dimanche pour l&#039;Allemagne avec les \u00e9lections r\u00e9gionales dans le Bade-Wurtemberg. | Vie Associative\" \/>\n<meta property=\"og:description\" content=\"En Allemagne, la super ann\u00e9e \u00e9lectorale 2026 commence ce dimanche avec les \u00e9lections r\u00e9gionales dans le Bade-Wurtemberg. Il s&rsquo;agit de la premi\u00e8re d&rsquo;une s\u00e9rie de\" \/>\n<meta property=\"og:url\" content=\"https:\/\/vieassociative.be\/actualites\/la-super-annee-electorale-2026-commence-dimanche-pour-lallemagne-avec-les-elections-regionales-dans-le-bade-wurtemberg\/\" \/>\n<meta property=\"og:site_name\" content=\"Vie Associative\" \/>\n<meta property=\"article:published_time\" content=\"2026-03-07T15:20:20+00:00\" \/>\n<meta property=\"og:image\" content=\"https:\/\/vieassociative.be\/actualites\/wp-content\/uploads\/2024\/09\/header_backgroundk-01-e1726694325946.png\" \/>\n\t<meta property=\"og:image:width\" content=\"279\" \/>\n\t<meta property=\"og:image:height\" content=\"92\" \/>\n\t<meta property=\"og:image:type\" content=\"image\/png\" \/>\n<meta name=\"author\" content=\"Julien\" \/>\n<meta name=\"twitter:card\" content=\"summary_large_image\" \/>\n<meta name=\"twitter:label1\" content=\"\u00c9crit par\" \/>\n\t<meta name=\"twitter:data1\" content=\"Julien\" \/>\n\t<meta name=\"twitter:label2\" content=\"Dur\u00e9e de lecture est.\" \/>\n\t<meta name=\"twitter:data2\" content=\"6 minutes\" \/>\n<script type=\"application\/ld+json\" class=\"yoast-schema-graph\">{\"@context\":\"https:\/\/schema.org\",\"@graph\":[{\"@type\":\"Article\",\"@id\":\"https:\/\/vieassociative.be\/actualites\/la-super-annee-electorale-2026-commence-dimanche-pour-lallemagne-avec-les-elections-regionales-dans-le-bade-wurtemberg\/#article\",\"isPartOf\":{\"@id\":\"https:\/\/vieassociative.be\/actualites\/la-super-annee-electorale-2026-commence-dimanche-pour-lallemagne-avec-les-elections-regionales-dans-le-bade-wurtemberg\/\"},\"author\":{\"name\":\"Julien\",\"@id\":\"https:\/\/vieassociative.be\/actualites\/#\/schema\/person\/b87ac4f82f9d4e7b7cec7395b679edc4\"},\"headline\":\"La super ann\u00e9e \u00e9lectorale 2026 commence dimanche pour l&rsquo;Allemagne avec les \u00e9lections r\u00e9gionales dans le Bade-Wurtemberg.\",\"datePublished\":\"2026-03-07T15:20:20+00:00\",\"dateModified\":\"2026-03-07T15:20:20+00:00\",\"mainEntityOfPage\":{\"@id\":\"https:\/\/vieassociative.be\/actualites\/la-super-annee-electorale-2026-commence-dimanche-pour-lallemagne-avec-les-elections-regionales-dans-le-bade-wurtemberg\/\"},\"wordCount\":1281,\"publisher\":{\"@id\":\"https:\/\/vieassociative.be\/actualites\/#organization\"},\"image\":{\"@id\":\"https:\/\/vieassociative.be\/actualites\/la-super-annee-electorale-2026-commence-dimanche-pour-lallemagne-avec-les-elections-regionales-dans-le-bade-wurtemberg\/#primaryimage\"},\"thumbnailUrl\":\"https:\/\/vieassociative.be\/actualites\/wp-content\/uploads\/2026\/03\/1772896821_La-super-annee-electorale-2026-commence-dimanche-pour-lAllemagne-avec.jpg\",\"keywords\":[\"ann\u00e9e\",\"avec\",\"commenc\u00e9\",\"dimanche\",\"\u00e9lections\",\"\u00e9lectorale\",\"lAllemagne\",\"Les\",\"pour\",\"Super\"],\"articleSection\":[\"Belgique\"],\"inLanguage\":\"fr-BE\"},{\"@type\":\"WebPage\",\"@id\":\"https:\/\/vieassociative.be\/actualites\/la-super-annee-electorale-2026-commence-dimanche-pour-lallemagne-avec-les-elections-regionales-dans-le-bade-wurtemberg\/\",\"url\":\"https:\/\/vieassociative.be\/actualites\/la-super-annee-electorale-2026-commence-dimanche-pour-lallemagne-avec-les-elections-regionales-dans-le-bade-wurtemberg\/\",\"name\":\"La super ann\u00e9e \u00e9lectorale 2026 commence dimanche pour l'Allemagne avec les \u00e9lections r\u00e9gionales dans le Bade-Wurtemberg. | Vie Associative\",\"isPartOf\":{\"@id\":\"https:\/\/vieassociative.be\/actualites\/#website\"},\"primaryImageOfPage\":{\"@id\":\"https:\/\/vieassociative.be\/actualites\/la-super-annee-electorale-2026-commence-dimanche-pour-lallemagne-avec-les-elections-regionales-dans-le-bade-wurtemberg\/#primaryimage\"},\"image\":{\"@id\":\"https:\/\/vieassociative.be\/actualites\/la-super-annee-electorale-2026-commence-dimanche-pour-lallemagne-avec-les-elections-regionales-dans-le-bade-wurtemberg\/#primaryimage\"},\"thumbnailUrl\":\"https:\/\/vieassociative.be\/actualites\/wp-content\/uploads\/2026\/03\/1772896821_La-super-annee-electorale-2026-commence-dimanche-pour-lAllemagne-avec.jpg\",\"datePublished\":\"2026-03-07T15:20:20+00:00\",\"dateModified\":\"2026-03-07T15:20:20+00:00\",\"breadcrumb\":{\"@id\":\"https:\/\/vieassociative.be\/actualites\/la-super-annee-electorale-2026-commence-dimanche-pour-lallemagne-avec-les-elections-regionales-dans-le-bade-wurtemberg\/#breadcrumb\"},\"inLanguage\":\"fr-BE\",\"potentialAction\":[{\"@type\":\"ReadAction\",\"target\":[\"https:\/\/vieassociative.be\/actualites\/la-super-annee-electorale-2026-commence-dimanche-pour-lallemagne-avec-les-elections-regionales-dans-le-bade-wurtemberg\/\"]}]},{\"@type\":\"ImageObject\",\"inLanguage\":\"fr-BE\",\"@id\":\"https:\/\/vieassociative.be\/actualites\/la-super-annee-electorale-2026-commence-dimanche-pour-lallemagne-avec-les-elections-regionales-dans-le-bade-wurtemberg\/#primaryimage\",\"url\":\"https:\/\/vieassociative.be\/actualites\/wp-content\/uploads\/2026\/03\/1772896821_La-super-annee-electorale-2026-commence-dimanche-pour-lAllemagne-avec.jpg\",\"contentUrl\":\"https:\/\/vieassociative.be\/actualites\/wp-content\/uploads\/2026\/03\/1772896821_La-super-annee-electorale-2026-commence-dimanche-pour-lAllemagne-avec.jpg\",\"width\":1200,\"height\":800,\"caption\":\"La super ann\u00e9e \u00e9lectorale 2026 commence dimanche pour l'Allemagne avec les \u00e9lections r\u00e9gionales dans le Bade-Wurtemberg.\"},{\"@type\":\"BreadcrumbList\",\"@id\":\"https:\/\/vieassociative.be\/actualites\/la-super-annee-electorale-2026-commence-dimanche-pour-lallemagne-avec-les-elections-regionales-dans-le-bade-wurtemberg\/#breadcrumb\",\"itemListElement\":[{\"@type\":\"ListItem\",\"position\":1,\"name\":\"Accueil\",\"item\":\"https:\/\/vieassociative.be\/actualites\/\"},{\"@type\":\"ListItem\",\"position\":2,\"name\":\"La super ann\u00e9e \u00e9lectorale 2026 commence dimanche pour l&rsquo;Allemagne avec les \u00e9lections r\u00e9gionales dans le Bade-Wurtemberg.\"}]},{\"@type\":\"WebSite\",\"@id\":\"https:\/\/vieassociative.be\/actualites\/#website\",\"url\":\"https:\/\/vieassociative.be\/actualites\/\",\"name\":\"Vie Associative\",\"description\":\"\",\"publisher\":{\"@id\":\"https:\/\/vieassociative.be\/actualites\/#organization\"},\"potentialAction\":[{\"@type\":\"SearchAction\",\"target\":{\"@type\":\"EntryPoint\",\"urlTemplate\":\"https:\/\/vieassociative.be\/actualites\/?s={search_term_string}\"},\"query-input\":{\"@type\":\"PropertyValueSpecification\",\"valueRequired\":true,\"valueName\":\"search_term_string\"}}],\"inLanguage\":\"fr-BE\"},{\"@type\":\"Organization\",\"@id\":\"https:\/\/vieassociative.be\/actualites\/#organization\",\"name\":\"Vie Associative\",\"url\":\"https:\/\/vieassociative.be\/actualites\/\",\"logo\":{\"@type\":\"ImageObject\",\"inLanguage\":\"fr-BE\",\"@id\":\"https:\/\/vieassociative.be\/actualites\/#\/schema\/logo\/image\/\",\"url\":\"https:\/\/vieassociative.be\/actualites\/wp-content\/uploads\/2024\/09\/cropped-vieassociative_favicon.ico.png\",\"contentUrl\":\"https:\/\/vieassociative.be\/actualites\/wp-content\/uploads\/2024\/09\/cropped-vieassociative_favicon.ico.png\",\"width\":512,\"height\":512,\"caption\":\"Vie Associative\"},\"image\":{\"@id\":\"https:\/\/vieassociative.be\/actualites\/#\/schema\/logo\/image\/\"}},{\"@type\":\"Person\",\"@id\":\"https:\/\/vieassociative.be\/actualites\/#\/schema\/person\/b87ac4f82f9d4e7b7cec7395b679edc4\",\"name\":\"Julien\",\"image\":{\"@type\":\"ImageObject\",\"inLanguage\":\"fr-BE\",\"@id\":\"https:\/\/vieassociative.be\/actualites\/#\/schema\/person\/image\/\",\"url\":\"https:\/\/vieassociative.be\/actualites\/wp-content\/uploads\/2024\/09\/vie-associative-1-150x150.jpg\",\"contentUrl\":\"https:\/\/vieassociative.be\/actualites\/wp-content\/uploads\/2024\/09\/vie-associative-1-150x150.jpg\",\"caption\":\"Julien\"},\"description\":\"Je suis Julien, r\u00e9dacteur pour Vie Associative. Passionn\u00e9 par le monde associatif depuis plus de 10 ans, j'ai \u00e0 c\u0153ur de partager des histoires inspirantes et de mettre en lumi\u00e8re les initiatives locales. Mon objectif est de sensibiliser et d'encourager l'engagement communautaire \u00e0 travers mes articles.\",\"sameAs\":[\"https:\/\/vieassociative.be\/\"]}]}<\/script>\n<!-- \/ Yoast SEO plugin. -->","yoast_head_json":{"title":"La super ann\u00e9e \u00e9lectorale 2026 commence dimanche pour l'Allemagne avec les \u00e9lections r\u00e9gionales dans le Bade-Wurtemberg. | Vie Associative","robots":{"index":"index","follow":"follow","max-snippet":"max-snippet:-1","max-image-preview":"max-image-preview:large","max-video-preview":"max-video-preview:-1"},"canonical":"https:\/\/vieassociative.be\/actualites\/la-super-annee-electorale-2026-commence-dimanche-pour-lallemagne-avec-les-elections-regionales-dans-le-bade-wurtemberg\/","og_locale":"fr_FR","og_type":"article","og_title":"La super ann\u00e9e \u00e9lectorale 2026 commence dimanche pour l'Allemagne avec les \u00e9lections r\u00e9gionales dans le Bade-Wurtemberg. | Vie Associative","og_description":"En Allemagne, la super ann\u00e9e \u00e9lectorale 2026 commence ce dimanche avec les \u00e9lections r\u00e9gionales dans le Bade-Wurtemberg. Il s&rsquo;agit de la premi\u00e8re d&rsquo;une s\u00e9rie de","og_url":"https:\/\/vieassociative.be\/actualites\/la-super-annee-electorale-2026-commence-dimanche-pour-lallemagne-avec-les-elections-regionales-dans-le-bade-wurtemberg\/","og_site_name":"Vie Associative","article_published_time":"2026-03-07T15:20:20+00:00","og_image":[{"width":279,"height":92,"url":"https:\/\/vieassociative.be\/actualites\/wp-content\/uploads\/2024\/09\/header_backgroundk-01-e1726694325946.png","type":"image\/png"}],"author":"Julien","twitter_card":"summary_large_image","twitter_misc":{"\u00c9crit par":"Julien","Dur\u00e9e de lecture est.":"6 minutes"},"schema":{"@context":"https:\/\/schema.org","@graph":[{"@type":"Article","@id":"https:\/\/vieassociative.be\/actualites\/la-super-annee-electorale-2026-commence-dimanche-pour-lallemagne-avec-les-elections-regionales-dans-le-bade-wurtemberg\/#article","isPartOf":{"@id":"https:\/\/vieassociative.be\/actualites\/la-super-annee-electorale-2026-commence-dimanche-pour-lallemagne-avec-les-elections-regionales-dans-le-bade-wurtemberg\/"},"author":{"name":"Julien","@id":"https:\/\/vieassociative.be\/actualites\/#\/schema\/person\/b87ac4f82f9d4e7b7cec7395b679edc4"},"headline":"La super ann\u00e9e \u00e9lectorale 2026 commence dimanche pour l&rsquo;Allemagne avec les \u00e9lections r\u00e9gionales dans le Bade-Wurtemberg.","datePublished":"2026-03-07T15:20:20+00:00","dateModified":"2026-03-07T15:20:20+00:00","mainEntityOfPage":{"@id":"https:\/\/vieassociative.be\/actualites\/la-super-annee-electorale-2026-commence-dimanche-pour-lallemagne-avec-les-elections-regionales-dans-le-bade-wurtemberg\/"},"wordCount":1281,"publisher":{"@id":"https:\/\/vieassociative.be\/actualites\/#organization"},"image":{"@id":"https:\/\/vieassociative.be\/actualites\/la-super-annee-electorale-2026-commence-dimanche-pour-lallemagne-avec-les-elections-regionales-dans-le-bade-wurtemberg\/#primaryimage"},"thumbnailUrl":"https:\/\/vieassociative.be\/actualites\/wp-content\/uploads\/2026\/03\/1772896821_La-super-annee-electorale-2026-commence-dimanche-pour-lAllemagne-avec.jpg","keywords":["ann\u00e9e","avec","commenc\u00e9","dimanche","\u00e9lections","\u00e9lectorale","lAllemagne","Les","pour","Super"],"articleSection":["Belgique"],"inLanguage":"fr-BE"},{"@type":"WebPage","@id":"https:\/\/vieassociative.be\/actualites\/la-super-annee-electorale-2026-commence-dimanche-pour-lallemagne-avec-les-elections-regionales-dans-le-bade-wurtemberg\/","url":"https:\/\/vieassociative.be\/actualites\/la-super-annee-electorale-2026-commence-dimanche-pour-lallemagne-avec-les-elections-regionales-dans-le-bade-wurtemberg\/","name":"La super ann\u00e9e \u00e9lectorale 2026 commence dimanche pour l'Allemagne avec les \u00e9lections r\u00e9gionales dans le Bade-Wurtemberg. | Vie Associative","isPartOf":{"@id":"https:\/\/vieassociative.be\/actualites\/#website"},"primaryImageOfPage":{"@id":"https:\/\/vieassociative.be\/actualites\/la-super-annee-electorale-2026-commence-dimanche-pour-lallemagne-avec-les-elections-regionales-dans-le-bade-wurtemberg\/#primaryimage"},"image":{"@id":"https:\/\/vieassociative.be\/actualites\/la-super-annee-electorale-2026-commence-dimanche-pour-lallemagne-avec-les-elections-regionales-dans-le-bade-wurtemberg\/#primaryimage"},"thumbnailUrl":"https:\/\/vieassociative.be\/actualites\/wp-content\/uploads\/2026\/03\/1772896821_La-super-annee-electorale-2026-commence-dimanche-pour-lAllemagne-avec.jpg","datePublished":"2026-03-07T15:20:20+00:00","dateModified":"2026-03-07T15:20:20+00:00","breadcrumb":{"@id":"https:\/\/vieassociative.be\/actualites\/la-super-annee-electorale-2026-commence-dimanche-pour-lallemagne-avec-les-elections-regionales-dans-le-bade-wurtemberg\/#breadcrumb"},"inLanguage":"fr-BE","potentialAction":[{"@type":"ReadAction","target":["https:\/\/vieassociative.be\/actualites\/la-super-annee-electorale-2026-commence-dimanche-pour-lallemagne-avec-les-elections-regionales-dans-le-bade-wurtemberg\/"]}]},{"@type":"ImageObject","inLanguage":"fr-BE","@id":"https:\/\/vieassociative.be\/actualites\/la-super-annee-electorale-2026-commence-dimanche-pour-lallemagne-avec-les-elections-regionales-dans-le-bade-wurtemberg\/#primaryimage","url":"https:\/\/vieassociative.be\/actualites\/wp-content\/uploads\/2026\/03\/1772896821_La-super-annee-electorale-2026-commence-dimanche-pour-lAllemagne-avec.jpg","contentUrl":"https:\/\/vieassociative.be\/actualites\/wp-content\/uploads\/2026\/03\/1772896821_La-super-annee-electorale-2026-commence-dimanche-pour-lAllemagne-avec.jpg","width":1200,"height":800,"caption":"La super ann\u00e9e \u00e9lectorale 2026 commence dimanche pour l'Allemagne avec les \u00e9lections r\u00e9gionales dans le Bade-Wurtemberg."},{"@type":"BreadcrumbList","@id":"https:\/\/vieassociative.be\/actualites\/la-super-annee-electorale-2026-commence-dimanche-pour-lallemagne-avec-les-elections-regionales-dans-le-bade-wurtemberg\/#breadcrumb","itemListElement":[{"@type":"ListItem","position":1,"name":"Accueil","item":"https:\/\/vieassociative.be\/actualites\/"},{"@type":"ListItem","position":2,"name":"La super ann\u00e9e \u00e9lectorale 2026 commence dimanche pour l&rsquo;Allemagne avec les \u00e9lections r\u00e9gionales dans le Bade-Wurtemberg."}]},{"@type":"WebSite","@id":"https:\/\/vieassociative.be\/actualites\/#website","url":"https:\/\/vieassociative.be\/actualites\/","name":"Vie Associative","description":"","publisher":{"@id":"https:\/\/vieassociative.be\/actualites\/#organization"},"potentialAction":[{"@type":"SearchAction","target":{"@type":"EntryPoint","urlTemplate":"https:\/\/vieassociative.be\/actualites\/?s={search_term_string}"},"query-input":{"@type":"PropertyValueSpecification","valueRequired":true,"valueName":"search_term_string"}}],"inLanguage":"fr-BE"},{"@type":"Organization","@id":"https:\/\/vieassociative.be\/actualites\/#organization","name":"Vie Associative","url":"https:\/\/vieassociative.be\/actualites\/","logo":{"@type":"ImageObject","inLanguage":"fr-BE","@id":"https:\/\/vieassociative.be\/actualites\/#\/schema\/logo\/image\/","url":"https:\/\/vieassociative.be\/actualites\/wp-content\/uploads\/2024\/09\/cropped-vieassociative_favicon.ico.png","contentUrl":"https:\/\/vieassociative.be\/actualites\/wp-content\/uploads\/2024\/09\/cropped-vieassociative_favicon.ico.png","width":512,"height":512,"caption":"Vie Associative"},"image":{"@id":"https:\/\/vieassociative.be\/actualites\/#\/schema\/logo\/image\/"}},{"@type":"Person","@id":"https:\/\/vieassociative.be\/actualites\/#\/schema\/person\/b87ac4f82f9d4e7b7cec7395b679edc4","name":"Julien","image":{"@type":"ImageObject","inLanguage":"fr-BE","@id":"https:\/\/vieassociative.be\/actualites\/#\/schema\/person\/image\/","url":"https:\/\/vieassociative.be\/actualites\/wp-content\/uploads\/2024\/09\/vie-associative-1-150x150.jpg","contentUrl":"https:\/\/vieassociative.be\/actualites\/wp-content\/uploads\/2024\/09\/vie-associative-1-150x150.jpg","caption":"Julien"},"description":"Je suis Julien, r\u00e9dacteur pour Vie Associative. Passionn\u00e9 par le monde associatif depuis plus de 10 ans, j'ai \u00e0 c\u0153ur de partager des histoires inspirantes et de mettre en lumi\u00e8re les initiatives locales. Mon objectif est de sensibiliser et d'encourager l'engagement communautaire \u00e0 travers mes articles.","sameAs":["https:\/\/vieassociative.be\/"]}]}},"_links":{"self":[{"href":"https:\/\/vieassociative.be\/actualites\/wp-json\/wp\/v2\/posts\/12927"}],"collection":[{"href":"https:\/\/vieassociative.be\/actualites\/wp-json\/wp\/v2\/posts"}],"about":[{"href":"https:\/\/vieassociative.be\/actualites\/wp-json\/wp\/v2\/types\/post"}],"author":[{"embeddable":true,"href":"https:\/\/vieassociative.be\/actualites\/wp-json\/wp\/v2\/users\/1"}],"replies":[{"embeddable":true,"href":"https:\/\/vieassociative.be\/actualites\/wp-json\/wp\/v2\/comments?post=12927"}],"version-history":[{"count":0,"href":"https:\/\/vieassociative.be\/actualites\/wp-json\/wp\/v2\/posts\/12927\/revisions"}],"wp:featuredmedia":[{"embeddable":true,"href":"https:\/\/vieassociative.be\/actualites\/wp-json\/wp\/v2\/media\/12928"}],"wp:attachment":[{"href":"https:\/\/vieassociative.be\/actualites\/wp-json\/wp\/v2\/media?parent=12927"}],"wp:term":[{"taxonomy":"category","embeddable":true,"href":"https:\/\/vieassociative.be\/actualites\/wp-json\/wp\/v2\/categories?post=12927"},{"taxonomy":"post_tag","embeddable":true,"href":"https:\/\/vieassociative.be\/actualites\/wp-json\/wp\/v2\/tags?post=12927"}],"curies":[{"name":"wp","href":"https:\/\/api.w.org\/{rel}","templated":true}]}}