{"id":12923,"date":"2026-03-07T09:17:49","date_gmt":"2026-03-07T08:17:49","guid":{"rendered":"https:\/\/vieassociative.be\/actualites\/google-i-o-2026-comment-regarder-et-ce-que-nous-savons-jusqua-present\/"},"modified":"2026-03-07T09:17:49","modified_gmt":"2026-03-07T08:17:49","slug":"google-i-o-2026-comment-regarder-et-ce-que-nous-savons-jusqua-present","status":"publish","type":"post","link":"https:\/\/vieassociative.be\/actualites\/google-i-o-2026-comment-regarder-et-ce-que-nous-savons-jusqua-present\/","title":{"rendered":"Google I\/O 2026\u00a0: comment regarder et ce que nous savons jusqu&rsquo;\u00e0 pr\u00e9sent"},"content":{"rendered":"<p>Google I\/O 2026 approche \u00e0 grands pas. Il s&rsquo;agit de l&rsquo;occasion annuelle pour Google de pr\u00e9senter les fonctionnalit\u00e9s logicielles (et peut-\u00eatre une partie du mat\u00e9riel) que la soci\u00e9t\u00e9 a pr\u00e9par\u00e9es en coulisses. Comme pour les autres grandes conf\u00e9rences technologiques, tout le monde peut se connecter en direct et suivre les derni\u00e8res annonces de Google au fur et \u00e0 mesure. Voici quand d\u00e9butera Google I\/O 2026 et ce que nous savons de la conf\u00e9rence \u00e0 ce moment-l\u00e0.   <\/p>\n<h2 id=\"when-and-what-time-is-google-io-2026\">Quand et \u00e0 quelle heure a lieu Google I\/O 2026\u00a0?<\/h2>\n<p>Google a tendance \u00e0 lancer son \u00e9v\u00e9nement I\/O en mai de chaque ann\u00e9e, et 2026 n&rsquo;est pas diff\u00e9rent. Cette ann\u00e9e, Google I\/O se d\u00e9roulera du 19 au 20 mai. Si vous avez l&rsquo;habitude de regarder un seul livestream, ce programme de deux jours pourrait surprendre. Mais I\/O n&rsquo;est pas seulement une annonce : il s&rsquo;agit d&rsquo;une conf\u00e9rence de d\u00e9veloppeurs, comprenant des keynotes, des d\u00e9monstrations et des sessions de produits. <\/p>\n<p>Mais si vous n&rsquo;\u00eates int\u00e9ress\u00e9 que par le discours principal de l&rsquo;entreprise, vous souhaiterez avoir le 19 mai sur votre calendrier. Google n&rsquo;a pas annonc\u00e9 l&rsquo;heure exacte de sa pr\u00e9sentation, mais elle commence g\u00e9n\u00e9ralement \u00e0 10 h HP (13 h HE), sur la base des ann\u00e9es pr\u00e9c\u00e9dentes. <\/p>\n<h2 id=\"how-to-watch-google-io-2026\">Comment regarder Google I\/O 2026<\/h2>\n<p>Alors que Google invite un groupe s\u00e9lectionn\u00e9 de journalistes \u00e0 regarder ses pr\u00e9sentations en direct et encourage les d\u00e9veloppeurs \u00e0 s&rsquo;inscrire pour assister \u00e0 ses diff\u00e9rents \u00e9v\u00e9nements, vous pouvez suivre le livestream o\u00f9 que vous soyez dans le monde. Google n&rsquo;a pas confirm\u00e9 o\u00f9 ses diffusions en direct seront h\u00e9berg\u00e9es cette ann\u00e9e, mais en regardant vers le pass\u00e9, vous pourrez probablement diffuser le discours d&rsquo;ouverture depuis le site Web officiel d&rsquo;I\/O, ainsi que depuis la cha\u00eene YouTube officielle de Google. <\/p>\n<h2 id=\"what-will-be-announced-at-google-io-2026\">Qu&rsquo;est-ce qui sera annonc\u00e9 lors de Google I\/O 2026\u00a0?<\/h2>\n<p>La r\u00e9ponse courte ? On ne sait pas vraiment ! Google garde les informations sur les E\/S \u00e0 proximit\u00e9, et les rumeurs n&rsquo;ont pas \u00e9t\u00e9 particuli\u00e8rement prolifiques cette ann\u00e9e, du moins pas encore. \u00c9tant donn\u00e9 que nous ne sommes qu&rsquo;en mars, il est tout \u00e0 fait possible que nous en entendions davantage sur Google I\/O 2026 \u00e0 mesure que nous nous rapprochons du mois de mai.<\/p>\n<p>Cela dit, il y a certaines choses auxquelles vous pouvez vous attendre, quelles que soient les fuites et les rumeurs. Android 17 occupera presque assur\u00e9ment le devant de la sc\u00e8ne lors de Google I\/O cette ann\u00e9e. Google vient de publier mercredi la premi\u00e8re version b\u00eata du syst\u00e8me d\u2019exploitation, m\u00eame si cela ne change pas grand-chose \u00e0 Android 16 pour le moment. Cela dit, je pense que les b\u00eata-testeurs d\u00e9couvriront un certain nombre de nouvelles fonctionnalit\u00e9s et de changements d&rsquo;ici mai, alors que Google continue d&rsquo;ajouter de nouvelles choses \u00e0 son logiciel de test avant les E\/S. <\/p>\n<p>Comme les deux derni\u00e8res E\/S, cette ann\u00e9e devrait \u00e9galement \u00eatre plac\u00e9e sous le signe de l\u2019IA. Google semble publier de nouvelles annonces en mati\u00e8re d&rsquo;IA plusieurs fois par semaine, notamment en ajoutant son mod\u00e8le musical Lyria 3 AI \u00e0 Gemini ou en ajoutant un robot agent \u00e0 Chrome pour naviguer sur Internet \u00e0 votre place. \u00c0 ce stade, Google a d\u00e9ploy\u00e9 son \u00ab casse-t\u00eate officiel \u00bb pour I\/O 2026 le 6 mars, mais cette ann\u00e9e, il s\u2019agit d\u2019un jeu en cinq \u00e9tapes qui utilisent chacune l\u2019IA dans une certaine mesure. Si vous terminez les cinq \u00ab builds \u00bb, vous d\u00e9bloquez la date Google I\/O (m\u00eame si vous le savez d\u00e9j\u00e0). Les jeux sont :<\/p>\n<ul>\n<li>\n<p>\u00ab\u00a0Trou en un\u00a0\u00bb, qui propose un assistant IA pour guider vos putts de golf dans le trou<\/p>\n<\/li>\n<li>\n<p>\u00ab\u00a0Nonogram\u00a0\u00bb, qui utilise Gemini pour cr\u00e9er des \u00ab\u00a0plateaux de jeu sans fin\u00a0\u00bb<\/p>\n<\/li>\n<li>\n<p>\u00ab\u00a0Roue des mots\u00a0\u00bb, qui utilise Gemini 3 pour automatiser la conception de chaque niveau<\/p>\n<\/li>\n<li>\n<p>\u00ab\u00a0Supersonic Bot\u00a0\u00bb, qui utilise Gemini pour ajouter des m\u00e9canismes de microphone permettant d&rsquo;ajuster l&rsquo;altitude du robot<\/p>\n<\/li>\n<li>\n<p>\u00ab\u00a0Stretchy cat\u00a0\u00bb, qui utilise Gemini 3 pour \u00e9quilibrer les m\u00e9canismes de jeu pour un \u00ab\u00a0jeu sans fin\u00a0\u00bb <\/p>\n<\/li>\n<\/ul>\n<p>Compte tenu des efforts d\u00e9ploy\u00e9s par Google pour cette simple sauvegarde des donn\u00e9es, attendez-vous \u00e0 ce que Google I\/O 2026 regorge de fonctionnalit\u00e9s d\u2019IA, peut-\u00eatre plus que ce que certains d\u2019entre nous aimeraient entendre.<\/p>\n<p>I\/O 2026 pourrait \u00e9galement pr\u00e9senter du mat\u00e9riel, mais ce n&rsquo;est pas une garantie. Google vient d&rsquo;annoncer le Pixel 10a, le dernier t\u00e9l\u00e9phone \u00ab \u00e9conomique \u00bb de la soci\u00e9t\u00e9, et il pourrait r\u00e9v\u00e9ler d&rsquo;autres appareils en mai, mais les E\/S concernent vraiment plus le logiciel que le mat\u00e9riel. (C&rsquo;est une conf\u00e9rence de d\u00e9veloppeurs, apr\u00e8s tout.)<\/p>\n","protected":false},"excerpt":{"rendered":"<p>Google I\/O 2026 approche \u00e0 grands pas. Il s&rsquo;agit de l&rsquo;occasion annuelle pour Google de pr\u00e9senter les fonctionnalit\u00e9s logicielles (et peut-\u00eatre une partie du mat\u00e9riel)<\/p>\n","protected":false},"author":1,"featured_media":12924,"comment_status":"","ping_status":"","sticky":false,"template":"","format":"standard","meta":{"footnotes":""},"categories":[1],"tags":[44,968,1269,393,3394,1924,4320],"class_list":["post-12923","post","type-post","status-publish","format-standard","has-post-thumbnail","hentry","category-non-classe","tag-comment","tag-google","tag-jusqua","tag-nous","tag-present","tag-regarder","tag-savons","generate-columns","tablet-grid-50","mobile-grid-100","grid-parent","grid-33"],"yoast_head":"<!-- This site is optimized with the Yoast SEO plugin v24.0 - https:\/\/yoast.com\/wordpress\/plugins\/seo\/ -->\n<title>Google I\/O 2026\u00a0: comment regarder et ce que nous savons jusqu&#039;\u00e0 pr\u00e9sent | Vie Associative<\/title>\n<meta name=\"robots\" content=\"index, follow, max-snippet:-1, max-image-preview:large, max-video-preview:-1\" \/>\n<link rel=\"canonical\" href=\"https:\/\/vieassociative.be\/actualites\/google-i-o-2026-comment-regarder-et-ce-que-nous-savons-jusqua-present\/\" \/>\n<meta property=\"og:locale\" content=\"fr_FR\" \/>\n<meta property=\"og:type\" content=\"article\" \/>\n<meta property=\"og:title\" content=\"Google I\/O 2026\u00a0: comment regarder et ce que nous savons jusqu&#039;\u00e0 pr\u00e9sent | Vie Associative\" \/>\n<meta property=\"og:description\" content=\"Google I\/O 2026 approche \u00e0 grands pas. Il s&rsquo;agit de l&rsquo;occasion annuelle pour Google de pr\u00e9senter les fonctionnalit\u00e9s logicielles (et peut-\u00eatre une partie du mat\u00e9riel)\" \/>\n<meta property=\"og:url\" content=\"https:\/\/vieassociative.be\/actualites\/google-i-o-2026-comment-regarder-et-ce-que-nous-savons-jusqua-present\/\" \/>\n<meta property=\"og:site_name\" content=\"Vie Associative\" \/>\n<meta property=\"article:published_time\" content=\"2026-03-07T08:17:49+00:00\" \/>\n<meta property=\"og:image\" content=\"https:\/\/vieassociative.be\/actualites\/wp-content\/uploads\/2024\/09\/header_backgroundk-01-e1726694325946.png\" \/>\n\t<meta property=\"og:image:width\" content=\"279\" \/>\n\t<meta property=\"og:image:height\" content=\"92\" \/>\n\t<meta property=\"og:image:type\" content=\"image\/png\" \/>\n<meta name=\"author\" content=\"Julien\" \/>\n<meta name=\"twitter:card\" content=\"summary_large_image\" \/>\n<meta name=\"twitter:label1\" content=\"\u00c9crit par\" \/>\n\t<meta name=\"twitter:data1\" content=\"Julien\" \/>\n\t<meta name=\"twitter:label2\" content=\"Dur\u00e9e de lecture est.\" \/>\n\t<meta name=\"twitter:data2\" content=\"4 minutes\" \/>\n<script type=\"application\/ld+json\" class=\"yoast-schema-graph\">{\"@context\":\"https:\/\/schema.org\",\"@graph\":[{\"@type\":\"Article\",\"@id\":\"https:\/\/vieassociative.be\/actualites\/google-i-o-2026-comment-regarder-et-ce-que-nous-savons-jusqua-present\/#article\",\"isPartOf\":{\"@id\":\"https:\/\/vieassociative.be\/actualites\/google-i-o-2026-comment-regarder-et-ce-que-nous-savons-jusqua-present\/\"},\"author\":{\"name\":\"Julien\",\"@id\":\"https:\/\/vieassociative.be\/actualites\/#\/schema\/person\/b87ac4f82f9d4e7b7cec7395b679edc4\"},\"headline\":\"Google I\/O 2026\u00a0: comment regarder et ce que nous savons jusqu&rsquo;\u00e0 pr\u00e9sent\",\"datePublished\":\"2026-03-07T08:17:49+00:00\",\"dateModified\":\"2026-03-07T08:17:49+00:00\",\"mainEntityOfPage\":{\"@id\":\"https:\/\/vieassociative.be\/actualites\/google-i-o-2026-comment-regarder-et-ce-que-nous-savons-jusqua-present\/\"},\"wordCount\":830,\"publisher\":{\"@id\":\"https:\/\/vieassociative.be\/actualites\/#organization\"},\"image\":{\"@id\":\"https:\/\/vieassociative.be\/actualites\/google-i-o-2026-comment-regarder-et-ce-que-nous-savons-jusqua-present\/#primaryimage\"},\"thumbnailUrl\":\"https:\/\/vieassociative.be\/actualites\/wp-content\/uploads\/2026\/03\/Google-IO-2026-comment-regarder-et-ce-que-nous-savons.jpg\",\"keywords\":[\"Comment\",\"Google\",\"jusqu\u00e0\",\"nous\",\"pr\u00e9sent\",\"regarder\",\"savons\"],\"inLanguage\":\"fr-BE\"},{\"@type\":\"WebPage\",\"@id\":\"https:\/\/vieassociative.be\/actualites\/google-i-o-2026-comment-regarder-et-ce-que-nous-savons-jusqua-present\/\",\"url\":\"https:\/\/vieassociative.be\/actualites\/google-i-o-2026-comment-regarder-et-ce-que-nous-savons-jusqua-present\/\",\"name\":\"Google I\/O 2026\u00a0: comment regarder et ce que nous savons jusqu'\u00e0 pr\u00e9sent | Vie Associative\",\"isPartOf\":{\"@id\":\"https:\/\/vieassociative.be\/actualites\/#website\"},\"primaryImageOfPage\":{\"@id\":\"https:\/\/vieassociative.be\/actualites\/google-i-o-2026-comment-regarder-et-ce-que-nous-savons-jusqua-present\/#primaryimage\"},\"image\":{\"@id\":\"https:\/\/vieassociative.be\/actualites\/google-i-o-2026-comment-regarder-et-ce-que-nous-savons-jusqua-present\/#primaryimage\"},\"thumbnailUrl\":\"https:\/\/vieassociative.be\/actualites\/wp-content\/uploads\/2026\/03\/Google-IO-2026-comment-regarder-et-ce-que-nous-savons.jpg\",\"datePublished\":\"2026-03-07T08:17:49+00:00\",\"dateModified\":\"2026-03-07T08:17:49+00:00\",\"breadcrumb\":{\"@id\":\"https:\/\/vieassociative.be\/actualites\/google-i-o-2026-comment-regarder-et-ce-que-nous-savons-jusqua-present\/#breadcrumb\"},\"inLanguage\":\"fr-BE\",\"potentialAction\":[{\"@type\":\"ReadAction\",\"target\":[\"https:\/\/vieassociative.be\/actualites\/google-i-o-2026-comment-regarder-et-ce-que-nous-savons-jusqua-present\/\"]}]},{\"@type\":\"ImageObject\",\"inLanguage\":\"fr-BE\",\"@id\":\"https:\/\/vieassociative.be\/actualites\/google-i-o-2026-comment-regarder-et-ce-que-nous-savons-jusqua-present\/#primaryimage\",\"url\":\"https:\/\/vieassociative.be\/actualites\/wp-content\/uploads\/2026\/03\/Google-IO-2026-comment-regarder-et-ce-que-nous-savons.jpg\",\"contentUrl\":\"https:\/\/vieassociative.be\/actualites\/wp-content\/uploads\/2026\/03\/Google-IO-2026-comment-regarder-et-ce-que-nous-savons.jpg\",\"width\":1200,\"height\":675,\"caption\":\"Google I\/O 2026\u00a0: comment regarder et ce que nous savons jusqu'\u00e0 pr\u00e9sent\"},{\"@type\":\"BreadcrumbList\",\"@id\":\"https:\/\/vieassociative.be\/actualites\/google-i-o-2026-comment-regarder-et-ce-que-nous-savons-jusqua-present\/#breadcrumb\",\"itemListElement\":[{\"@type\":\"ListItem\",\"position\":1,\"name\":\"Accueil\",\"item\":\"https:\/\/vieassociative.be\/actualites\/\"},{\"@type\":\"ListItem\",\"position\":2,\"name\":\"Google I\/O 2026\u00a0: comment regarder et ce que nous savons jusqu&rsquo;\u00e0 pr\u00e9sent\"}]},{\"@type\":\"WebSite\",\"@id\":\"https:\/\/vieassociative.be\/actualites\/#website\",\"url\":\"https:\/\/vieassociative.be\/actualites\/\",\"name\":\"Vie Associative\",\"description\":\"\",\"publisher\":{\"@id\":\"https:\/\/vieassociative.be\/actualites\/#organization\"},\"potentialAction\":[{\"@type\":\"SearchAction\",\"target\":{\"@type\":\"EntryPoint\",\"urlTemplate\":\"https:\/\/vieassociative.be\/actualites\/?s={search_term_string}\"},\"query-input\":{\"@type\":\"PropertyValueSpecification\",\"valueRequired\":true,\"valueName\":\"search_term_string\"}}],\"inLanguage\":\"fr-BE\"},{\"@type\":\"Organization\",\"@id\":\"https:\/\/vieassociative.be\/actualites\/#organization\",\"name\":\"Vie Associative\",\"url\":\"https:\/\/vieassociative.be\/actualites\/\",\"logo\":{\"@type\":\"ImageObject\",\"inLanguage\":\"fr-BE\",\"@id\":\"https:\/\/vieassociative.be\/actualites\/#\/schema\/logo\/image\/\",\"url\":\"https:\/\/vieassociative.be\/actualites\/wp-content\/uploads\/2024\/09\/cropped-vieassociative_favicon.ico.png\",\"contentUrl\":\"https:\/\/vieassociative.be\/actualites\/wp-content\/uploads\/2024\/09\/cropped-vieassociative_favicon.ico.png\",\"width\":512,\"height\":512,\"caption\":\"Vie Associative\"},\"image\":{\"@id\":\"https:\/\/vieassociative.be\/actualites\/#\/schema\/logo\/image\/\"}},{\"@type\":\"Person\",\"@id\":\"https:\/\/vieassociative.be\/actualites\/#\/schema\/person\/b87ac4f82f9d4e7b7cec7395b679edc4\",\"name\":\"Julien\",\"image\":{\"@type\":\"ImageObject\",\"inLanguage\":\"fr-BE\",\"@id\":\"https:\/\/vieassociative.be\/actualites\/#\/schema\/person\/image\/\",\"url\":\"https:\/\/vieassociative.be\/actualites\/wp-content\/uploads\/2024\/09\/vie-associative-1-150x150.jpg\",\"contentUrl\":\"https:\/\/vieassociative.be\/actualites\/wp-content\/uploads\/2024\/09\/vie-associative-1-150x150.jpg\",\"caption\":\"Julien\"},\"description\":\"Je suis Julien, r\u00e9dacteur pour Vie Associative. Passionn\u00e9 par le monde associatif depuis plus de 10 ans, j'ai \u00e0 c\u0153ur de partager des histoires inspirantes et de mettre en lumi\u00e8re les initiatives locales. Mon objectif est de sensibiliser et d'encourager l'engagement communautaire \u00e0 travers mes articles.\",\"sameAs\":[\"https:\/\/vieassociative.be\/\"]}]}<\/script>\n<!-- \/ Yoast SEO plugin. -->","yoast_head_json":{"title":"Google I\/O 2026\u00a0: comment regarder et ce que nous savons jusqu'\u00e0 pr\u00e9sent | Vie Associative","robots":{"index":"index","follow":"follow","max-snippet":"max-snippet:-1","max-image-preview":"max-image-preview:large","max-video-preview":"max-video-preview:-1"},"canonical":"https:\/\/vieassociative.be\/actualites\/google-i-o-2026-comment-regarder-et-ce-que-nous-savons-jusqua-present\/","og_locale":"fr_FR","og_type":"article","og_title":"Google I\/O 2026\u00a0: comment regarder et ce que nous savons jusqu'\u00e0 pr\u00e9sent | Vie Associative","og_description":"Google I\/O 2026 approche \u00e0 grands pas. Il s&rsquo;agit de l&rsquo;occasion annuelle pour Google de pr\u00e9senter les fonctionnalit\u00e9s logicielles (et peut-\u00eatre une partie du mat\u00e9riel)","og_url":"https:\/\/vieassociative.be\/actualites\/google-i-o-2026-comment-regarder-et-ce-que-nous-savons-jusqua-present\/","og_site_name":"Vie Associative","article_published_time":"2026-03-07T08:17:49+00:00","og_image":[{"width":279,"height":92,"url":"https:\/\/vieassociative.be\/actualites\/wp-content\/uploads\/2024\/09\/header_backgroundk-01-e1726694325946.png","type":"image\/png"}],"author":"Julien","twitter_card":"summary_large_image","twitter_misc":{"\u00c9crit par":"Julien","Dur\u00e9e de lecture est.":"4 minutes"},"schema":{"@context":"https:\/\/schema.org","@graph":[{"@type":"Article","@id":"https:\/\/vieassociative.be\/actualites\/google-i-o-2026-comment-regarder-et-ce-que-nous-savons-jusqua-present\/#article","isPartOf":{"@id":"https:\/\/vieassociative.be\/actualites\/google-i-o-2026-comment-regarder-et-ce-que-nous-savons-jusqua-present\/"},"author":{"name":"Julien","@id":"https:\/\/vieassociative.be\/actualites\/#\/schema\/person\/b87ac4f82f9d4e7b7cec7395b679edc4"},"headline":"Google I\/O 2026\u00a0: comment regarder et ce que nous savons jusqu&rsquo;\u00e0 pr\u00e9sent","datePublished":"2026-03-07T08:17:49+00:00","dateModified":"2026-03-07T08:17:49+00:00","mainEntityOfPage":{"@id":"https:\/\/vieassociative.be\/actualites\/google-i-o-2026-comment-regarder-et-ce-que-nous-savons-jusqua-present\/"},"wordCount":830,"publisher":{"@id":"https:\/\/vieassociative.be\/actualites\/#organization"},"image":{"@id":"https:\/\/vieassociative.be\/actualites\/google-i-o-2026-comment-regarder-et-ce-que-nous-savons-jusqua-present\/#primaryimage"},"thumbnailUrl":"https:\/\/vieassociative.be\/actualites\/wp-content\/uploads\/2026\/03\/Google-IO-2026-comment-regarder-et-ce-que-nous-savons.jpg","keywords":["Comment","Google","jusqu\u00e0","nous","pr\u00e9sent","regarder","savons"],"inLanguage":"fr-BE"},{"@type":"WebPage","@id":"https:\/\/vieassociative.be\/actualites\/google-i-o-2026-comment-regarder-et-ce-que-nous-savons-jusqua-present\/","url":"https:\/\/vieassociative.be\/actualites\/google-i-o-2026-comment-regarder-et-ce-que-nous-savons-jusqua-present\/","name":"Google I\/O 2026\u00a0: comment regarder et ce que nous savons jusqu'\u00e0 pr\u00e9sent | Vie Associative","isPartOf":{"@id":"https:\/\/vieassociative.be\/actualites\/#website"},"primaryImageOfPage":{"@id":"https:\/\/vieassociative.be\/actualites\/google-i-o-2026-comment-regarder-et-ce-que-nous-savons-jusqua-present\/#primaryimage"},"image":{"@id":"https:\/\/vieassociative.be\/actualites\/google-i-o-2026-comment-regarder-et-ce-que-nous-savons-jusqua-present\/#primaryimage"},"thumbnailUrl":"https:\/\/vieassociative.be\/actualites\/wp-content\/uploads\/2026\/03\/Google-IO-2026-comment-regarder-et-ce-que-nous-savons.jpg","datePublished":"2026-03-07T08:17:49+00:00","dateModified":"2026-03-07T08:17:49+00:00","breadcrumb":{"@id":"https:\/\/vieassociative.be\/actualites\/google-i-o-2026-comment-regarder-et-ce-que-nous-savons-jusqua-present\/#breadcrumb"},"inLanguage":"fr-BE","potentialAction":[{"@type":"ReadAction","target":["https:\/\/vieassociative.be\/actualites\/google-i-o-2026-comment-regarder-et-ce-que-nous-savons-jusqua-present\/"]}]},{"@type":"ImageObject","inLanguage":"fr-BE","@id":"https:\/\/vieassociative.be\/actualites\/google-i-o-2026-comment-regarder-et-ce-que-nous-savons-jusqua-present\/#primaryimage","url":"https:\/\/vieassociative.be\/actualites\/wp-content\/uploads\/2026\/03\/Google-IO-2026-comment-regarder-et-ce-que-nous-savons.jpg","contentUrl":"https:\/\/vieassociative.be\/actualites\/wp-content\/uploads\/2026\/03\/Google-IO-2026-comment-regarder-et-ce-que-nous-savons.jpg","width":1200,"height":675,"caption":"Google I\/O 2026\u00a0: comment regarder et ce que nous savons jusqu'\u00e0 pr\u00e9sent"},{"@type":"BreadcrumbList","@id":"https:\/\/vieassociative.be\/actualites\/google-i-o-2026-comment-regarder-et-ce-que-nous-savons-jusqua-present\/#breadcrumb","itemListElement":[{"@type":"ListItem","position":1,"name":"Accueil","item":"https:\/\/vieassociative.be\/actualites\/"},{"@type":"ListItem","position":2,"name":"Google I\/O 2026\u00a0: comment regarder et ce que nous savons jusqu&rsquo;\u00e0 pr\u00e9sent"}]},{"@type":"WebSite","@id":"https:\/\/vieassociative.be\/actualites\/#website","url":"https:\/\/vieassociative.be\/actualites\/","name":"Vie Associative","description":"","publisher":{"@id":"https:\/\/vieassociative.be\/actualites\/#organization"},"potentialAction":[{"@type":"SearchAction","target":{"@type":"EntryPoint","urlTemplate":"https:\/\/vieassociative.be\/actualites\/?s={search_term_string}"},"query-input":{"@type":"PropertyValueSpecification","valueRequired":true,"valueName":"search_term_string"}}],"inLanguage":"fr-BE"},{"@type":"Organization","@id":"https:\/\/vieassociative.be\/actualites\/#organization","name":"Vie Associative","url":"https:\/\/vieassociative.be\/actualites\/","logo":{"@type":"ImageObject","inLanguage":"fr-BE","@id":"https:\/\/vieassociative.be\/actualites\/#\/schema\/logo\/image\/","url":"https:\/\/vieassociative.be\/actualites\/wp-content\/uploads\/2024\/09\/cropped-vieassociative_favicon.ico.png","contentUrl":"https:\/\/vieassociative.be\/actualites\/wp-content\/uploads\/2024\/09\/cropped-vieassociative_favicon.ico.png","width":512,"height":512,"caption":"Vie Associative"},"image":{"@id":"https:\/\/vieassociative.be\/actualites\/#\/schema\/logo\/image\/"}},{"@type":"Person","@id":"https:\/\/vieassociative.be\/actualites\/#\/schema\/person\/b87ac4f82f9d4e7b7cec7395b679edc4","name":"Julien","image":{"@type":"ImageObject","inLanguage":"fr-BE","@id":"https:\/\/vieassociative.be\/actualites\/#\/schema\/person\/image\/","url":"https:\/\/vieassociative.be\/actualites\/wp-content\/uploads\/2024\/09\/vie-associative-1-150x150.jpg","contentUrl":"https:\/\/vieassociative.be\/actualites\/wp-content\/uploads\/2024\/09\/vie-associative-1-150x150.jpg","caption":"Julien"},"description":"Je suis Julien, r\u00e9dacteur pour Vie Associative. Passionn\u00e9 par le monde associatif depuis plus de 10 ans, j'ai \u00e0 c\u0153ur de partager des histoires inspirantes et de mettre en lumi\u00e8re les initiatives locales. Mon objectif est de sensibiliser et d'encourager l'engagement communautaire \u00e0 travers mes articles.","sameAs":["https:\/\/vieassociative.be\/"]}]}},"_links":{"self":[{"href":"https:\/\/vieassociative.be\/actualites\/wp-json\/wp\/v2\/posts\/12923"}],"collection":[{"href":"https:\/\/vieassociative.be\/actualites\/wp-json\/wp\/v2\/posts"}],"about":[{"href":"https:\/\/vieassociative.be\/actualites\/wp-json\/wp\/v2\/types\/post"}],"author":[{"embeddable":true,"href":"https:\/\/vieassociative.be\/actualites\/wp-json\/wp\/v2\/users\/1"}],"replies":[{"embeddable":true,"href":"https:\/\/vieassociative.be\/actualites\/wp-json\/wp\/v2\/comments?post=12923"}],"version-history":[{"count":0,"href":"https:\/\/vieassociative.be\/actualites\/wp-json\/wp\/v2\/posts\/12923\/revisions"}],"wp:featuredmedia":[{"embeddable":true,"href":"https:\/\/vieassociative.be\/actualites\/wp-json\/wp\/v2\/media\/12924"}],"wp:attachment":[{"href":"https:\/\/vieassociative.be\/actualites\/wp-json\/wp\/v2\/media?parent=12923"}],"wp:term":[{"taxonomy":"category","embeddable":true,"href":"https:\/\/vieassociative.be\/actualites\/wp-json\/wp\/v2\/categories?post=12923"},{"taxonomy":"post_tag","embeddable":true,"href":"https:\/\/vieassociative.be\/actualites\/wp-json\/wp\/v2\/tags?post=12923"}],"curies":[{"name":"wp","href":"https:\/\/api.w.org\/{rel}","templated":true}]}}