{"id":12922,"date":"2026-03-07T04:18:49","date_gmt":"2026-03-07T03:18:49","guid":{"rendered":"https:\/\/vieassociative.be\/actualites\/ministres-paasch-et-klinkenberg-prodg-les-institutions-federales-doivent-respecter-la-legislation-linguistique\/"},"modified":"2026-03-07T04:18:49","modified_gmt":"2026-03-07T03:18:49","slug":"ministres-paasch-et-klinkenberg-prodg-les-institutions-federales-doivent-respecter-la-legislation-linguistique","status":"publish","type":"post","link":"https:\/\/vieassociative.be\/actualites\/ministres-paasch-et-klinkenberg-prodg-les-institutions-federales-doivent-respecter-la-legislation-linguistique\/","title":{"rendered":"Ministres Paasch et Klinkenberg (ProDG) : les institutions f\u00e9d\u00e9rales doivent respecter la l\u00e9gislation linguistique"},"content":{"rendered":"<p><strong>Le Premier ministre Oliver Paasch et la ministre de la Sant\u00e9 Lydia Klinkenberg (tous deux ProDG) se sont adress\u00e9s d&rsquo;urgence aux institutions f\u00e9d\u00e9rales pour exiger la mise \u00e0 disposition d&rsquo;informations centrales en ligne en allemand.<\/strong><\/p>\n<p><span id=\"more-437389\"><\/span>Dans deux lettres &#8211; l&rsquo;une adress\u00e9e au ministre f\u00e9d\u00e9ral de la Mobilit\u00e9 Jean-Luc Crucke (Les Engag\u00e9s), l&rsquo;autre au directeur g\u00e9n\u00e9ral de l&rsquo;Institut belge de recherche pour la sant\u00e9, Sciensano &#8211; ils insistent sur l&rsquo;application coh\u00e9rente de la l\u00e9gislation linguistique.<\/p>\n<p>Il s&rsquo;agit notamment de la pr\u00e9sence Internet du Service public f\u00e9d\u00e9ral (SPF) Mobilit\u00e9 et Transports, qui n&rsquo;est pas encore enti\u00e8rement propos\u00e9e en allemand, ainsi que du site Internet Sciensano, sur lequel aucune information compl\u00e8te n&rsquo;est non plus disponible en allemand.<\/p>\n<div id=\"attachment_437391\" class=\"wp-caption alignleft\" style=\"max-width: 300px\"><img decoding=\"async\" class=\"wp-image-437391 size-medium\" src=\"https:\/\/vieassociative.be\/actualites\/wp-content\/uploads\/2026\/03\/Ministres-Paasch-et-Klinkenberg-ProDG-les-institutions-federales-doivent.jpg\" alt=\"\" width=\"300\" height=\"131\"  ><\/div>\n<p>Dans les deux cas, Paasch et Klinkenberg font r\u00e9f\u00e9rence aux lois coordonn\u00e9es du 18 juillet 1966 sur l&rsquo;usage des langues en mati\u00e8re administrative. Celles-ci obligent les services centraux de l&rsquo;\u00c9tat f\u00e9d\u00e9ral \u00e0 mettre \u00e0 la disposition de la population germanophone en allemand les communications et les annonces s&rsquo;adressant directement au public.<\/p>\n<p>La Commission permanente de contr\u00f4le linguistique a pr\u00e9cis\u00e9 dans des avis pr\u00e9c\u00e9dents que les sites Internet des services f\u00e9d\u00e9raux sont soumis \u00e0 cette obligation. Cela concerne aussi bien les offres en ligne de l&rsquo;administration de la mobilit\u00e9 &#8211; notamment toutes les informations pr\u00e9sentes sur le site Internet de la Direction de l&rsquo;immatriculation des v\u00e9hicules (DIV) &#8211; que la plateforme d&rsquo;information Sciensano.<\/p>\n<p>\u00ab\u00a0L&rsquo;\u00e9galit\u00e9 de traitement des langues nationales n&rsquo;est pas une option, mais une obligation l\u00e9gale\u00a0\u00bb, soulignent Paasch et Klinkenberg. \u00ab En particulier dans des domaines sensibles comme la sant\u00e9 publique et la mobilit\u00e9, les citoyens doivent avoir acc\u00e8s \u00e0 des informations fiables dans leur langue. \u00bb (cr\u00e9er)<\/p>\n","protected":false},"excerpt":{"rendered":"<p>Le Premier ministre Oliver Paasch et la ministre de la Sant\u00e9 Lydia Klinkenberg (tous deux ProDG) se sont adress\u00e9s d&rsquo;urgence aux institutions f\u00e9d\u00e9rales pour exiger<\/p>\n","protected":false},"author":1,"featured_media":12026,"comment_status":"","ping_status":"","sticky":false,"template":"","format":"standard","meta":{"footnotes":""},"categories":[298],"tags":[3350,3111,10177,8297,10178,14,8572,10176,2553,8522,3309],"class_list":["post-12922","post","type-post","status-publish","format-standard","has-post-thumbnail","hentry","category-belgique","tag-doivent","tag-federales","tag-institutions","tag-klinkenberg","tag-legislation","tag-les","tag-linguistique","tag-ministres","tag-paasch","tag-prodg","tag-respecter","generate-columns","tablet-grid-50","mobile-grid-100","grid-parent","grid-33"],"yoast_head":"<!-- This site is optimized with the Yoast SEO plugin v24.0 - https:\/\/yoast.com\/wordpress\/plugins\/seo\/ -->\n<title>Ministres Paasch et Klinkenberg (ProDG) : les institutions f\u00e9d\u00e9rales doivent respecter la l\u00e9gislation linguistique | Vie Associative<\/title>\n<meta name=\"robots\" content=\"index, follow, max-snippet:-1, max-image-preview:large, max-video-preview:-1\" \/>\n<link rel=\"canonical\" href=\"https:\/\/vieassociative.be\/actualites\/ministres-paasch-et-klinkenberg-prodg-les-institutions-federales-doivent-respecter-la-legislation-linguistique\/\" \/>\n<meta property=\"og:locale\" content=\"fr_FR\" \/>\n<meta property=\"og:type\" content=\"article\" \/>\n<meta property=\"og:title\" content=\"Ministres Paasch et Klinkenberg (ProDG) : les institutions f\u00e9d\u00e9rales doivent respecter la l\u00e9gislation linguistique | Vie Associative\" \/>\n<meta property=\"og:description\" content=\"Le Premier ministre Oliver Paasch et la ministre de la Sant\u00e9 Lydia Klinkenberg (tous deux ProDG) se sont adress\u00e9s d&rsquo;urgence aux institutions f\u00e9d\u00e9rales pour exiger\" \/>\n<meta property=\"og:url\" content=\"https:\/\/vieassociative.be\/actualites\/ministres-paasch-et-klinkenberg-prodg-les-institutions-federales-doivent-respecter-la-legislation-linguistique\/\" \/>\n<meta property=\"og:site_name\" content=\"Vie Associative\" \/>\n<meta property=\"article:published_time\" content=\"2026-03-07T03:18:49+00:00\" \/>\n<meta property=\"og:image\" content=\"https:\/\/vieassociative.be\/actualites\/wp-content\/uploads\/2024\/09\/header_backgroundk-01-e1726694325946.png\" \/>\n\t<meta property=\"og:image:width\" content=\"279\" \/>\n\t<meta property=\"og:image:height\" content=\"92\" \/>\n\t<meta property=\"og:image:type\" content=\"image\/png\" \/>\n<meta name=\"author\" content=\"Julien\" \/>\n<meta name=\"twitter:card\" content=\"summary_large_image\" \/>\n<meta name=\"twitter:label1\" content=\"\u00c9crit par\" \/>\n\t<meta name=\"twitter:data1\" content=\"Julien\" \/>\n\t<meta name=\"twitter:label2\" content=\"Dur\u00e9e de lecture est.\" \/>\n\t<meta name=\"twitter:data2\" content=\"1 minute\" \/>\n<script type=\"application\/ld+json\" class=\"yoast-schema-graph\">{\"@context\":\"https:\/\/schema.org\",\"@graph\":[{\"@type\":\"Article\",\"@id\":\"https:\/\/vieassociative.be\/actualites\/ministres-paasch-et-klinkenberg-prodg-les-institutions-federales-doivent-respecter-la-legislation-linguistique\/#article\",\"isPartOf\":{\"@id\":\"https:\/\/vieassociative.be\/actualites\/ministres-paasch-et-klinkenberg-prodg-les-institutions-federales-doivent-respecter-la-legislation-linguistique\/\"},\"author\":{\"name\":\"Julien\",\"@id\":\"https:\/\/vieassociative.be\/actualites\/#\/schema\/person\/b87ac4f82f9d4e7b7cec7395b679edc4\"},\"headline\":\"Ministres Paasch et Klinkenberg (ProDG) : les institutions f\u00e9d\u00e9rales doivent respecter la l\u00e9gislation linguistique\",\"datePublished\":\"2026-03-07T03:18:49+00:00\",\"dateModified\":\"2026-03-07T03:18:49+00:00\",\"mainEntityOfPage\":{\"@id\":\"https:\/\/vieassociative.be\/actualites\/ministres-paasch-et-klinkenberg-prodg-les-institutions-federales-doivent-respecter-la-legislation-linguistique\/\"},\"wordCount\":330,\"publisher\":{\"@id\":\"https:\/\/vieassociative.be\/actualites\/#organization\"},\"image\":{\"@id\":\"https:\/\/vieassociative.be\/actualites\/ministres-paasch-et-klinkenberg-prodg-les-institutions-federales-doivent-respecter-la-legislation-linguistique\/#primaryimage\"},\"thumbnailUrl\":\"https:\/\/vieassociative.be\/actualites\/wp-content\/uploads\/2025\/12\/DG-du-gouvernement-les-economies-seront-plus-que.jpeg\",\"keywords\":[\"doivent\",\"f\u00e9d\u00e9rales\",\"institutions\",\"Klinkenberg\",\"l\u00e9gislation\",\"Les\",\"linguistique\",\"Ministres\",\"Paasch\",\"Prodg\",\"respecter\"],\"articleSection\":[\"Belgique\"],\"inLanguage\":\"fr-BE\"},{\"@type\":\"WebPage\",\"@id\":\"https:\/\/vieassociative.be\/actualites\/ministres-paasch-et-klinkenberg-prodg-les-institutions-federales-doivent-respecter-la-legislation-linguistique\/\",\"url\":\"https:\/\/vieassociative.be\/actualites\/ministres-paasch-et-klinkenberg-prodg-les-institutions-federales-doivent-respecter-la-legislation-linguistique\/\",\"name\":\"Ministres Paasch et Klinkenberg (ProDG) : les institutions f\u00e9d\u00e9rales doivent respecter la l\u00e9gislation linguistique | Vie Associative\",\"isPartOf\":{\"@id\":\"https:\/\/vieassociative.be\/actualites\/#website\"},\"primaryImageOfPage\":{\"@id\":\"https:\/\/vieassociative.be\/actualites\/ministres-paasch-et-klinkenberg-prodg-les-institutions-federales-doivent-respecter-la-legislation-linguistique\/#primaryimage\"},\"image\":{\"@id\":\"https:\/\/vieassociative.be\/actualites\/ministres-paasch-et-klinkenberg-prodg-les-institutions-federales-doivent-respecter-la-legislation-linguistique\/#primaryimage\"},\"thumbnailUrl\":\"https:\/\/vieassociative.be\/actualites\/wp-content\/uploads\/2025\/12\/DG-du-gouvernement-les-economies-seront-plus-que.jpeg\",\"datePublished\":\"2026-03-07T03:18:49+00:00\",\"dateModified\":\"2026-03-07T03:18:49+00:00\",\"breadcrumb\":{\"@id\":\"https:\/\/vieassociative.be\/actualites\/ministres-paasch-et-klinkenberg-prodg-les-institutions-federales-doivent-respecter-la-legislation-linguistique\/#breadcrumb\"},\"inLanguage\":\"fr-BE\",\"potentialAction\":[{\"@type\":\"ReadAction\",\"target\":[\"https:\/\/vieassociative.be\/actualites\/ministres-paasch-et-klinkenberg-prodg-les-institutions-federales-doivent-respecter-la-legislation-linguistique\/\"]}]},{\"@type\":\"ImageObject\",\"inLanguage\":\"fr-BE\",\"@id\":\"https:\/\/vieassociative.be\/actualites\/ministres-paasch-et-klinkenberg-prodg-les-institutions-federales-doivent-respecter-la-legislation-linguistique\/#primaryimage\",\"url\":\"https:\/\/vieassociative.be\/actualites\/wp-content\/uploads\/2025\/12\/DG-du-gouvernement-les-economies-seront-plus-que.jpeg\",\"contentUrl\":\"https:\/\/vieassociative.be\/actualites\/wp-content\/uploads\/2025\/12\/DG-du-gouvernement-les-economies-seront-plus-que.jpeg\",\"width\":1200,\"height\":800,\"caption\":\"DG du gouvernement : les \u00e9conomies seront \u00ab plus que compens\u00e9es par un vaste plan de secours \u00bb\"},{\"@type\":\"BreadcrumbList\",\"@id\":\"https:\/\/vieassociative.be\/actualites\/ministres-paasch-et-klinkenberg-prodg-les-institutions-federales-doivent-respecter-la-legislation-linguistique\/#breadcrumb\",\"itemListElement\":[{\"@type\":\"ListItem\",\"position\":1,\"name\":\"Accueil\",\"item\":\"https:\/\/vieassociative.be\/actualites\/\"},{\"@type\":\"ListItem\",\"position\":2,\"name\":\"Ministres Paasch et Klinkenberg (ProDG) : les institutions f\u00e9d\u00e9rales doivent respecter la l\u00e9gislation linguistique\"}]},{\"@type\":\"WebSite\",\"@id\":\"https:\/\/vieassociative.be\/actualites\/#website\",\"url\":\"https:\/\/vieassociative.be\/actualites\/\",\"name\":\"Vie Associative\",\"description\":\"\",\"publisher\":{\"@id\":\"https:\/\/vieassociative.be\/actualites\/#organization\"},\"potentialAction\":[{\"@type\":\"SearchAction\",\"target\":{\"@type\":\"EntryPoint\",\"urlTemplate\":\"https:\/\/vieassociative.be\/actualites\/?s={search_term_string}\"},\"query-input\":{\"@type\":\"PropertyValueSpecification\",\"valueRequired\":true,\"valueName\":\"search_term_string\"}}],\"inLanguage\":\"fr-BE\"},{\"@type\":\"Organization\",\"@id\":\"https:\/\/vieassociative.be\/actualites\/#organization\",\"name\":\"Vie Associative\",\"url\":\"https:\/\/vieassociative.be\/actualites\/\",\"logo\":{\"@type\":\"ImageObject\",\"inLanguage\":\"fr-BE\",\"@id\":\"https:\/\/vieassociative.be\/actualites\/#\/schema\/logo\/image\/\",\"url\":\"https:\/\/vieassociative.be\/actualites\/wp-content\/uploads\/2024\/09\/cropped-vieassociative_favicon.ico.png\",\"contentUrl\":\"https:\/\/vieassociative.be\/actualites\/wp-content\/uploads\/2024\/09\/cropped-vieassociative_favicon.ico.png\",\"width\":512,\"height\":512,\"caption\":\"Vie Associative\"},\"image\":{\"@id\":\"https:\/\/vieassociative.be\/actualites\/#\/schema\/logo\/image\/\"}},{\"@type\":\"Person\",\"@id\":\"https:\/\/vieassociative.be\/actualites\/#\/schema\/person\/b87ac4f82f9d4e7b7cec7395b679edc4\",\"name\":\"Julien\",\"image\":{\"@type\":\"ImageObject\",\"inLanguage\":\"fr-BE\",\"@id\":\"https:\/\/vieassociative.be\/actualites\/#\/schema\/person\/image\/\",\"url\":\"https:\/\/vieassociative.be\/actualites\/wp-content\/uploads\/2024\/09\/vie-associative-1-150x150.jpg\",\"contentUrl\":\"https:\/\/vieassociative.be\/actualites\/wp-content\/uploads\/2024\/09\/vie-associative-1-150x150.jpg\",\"caption\":\"Julien\"},\"description\":\"Je suis Julien, r\u00e9dacteur pour Vie Associative. Passionn\u00e9 par le monde associatif depuis plus de 10 ans, j'ai \u00e0 c\u0153ur de partager des histoires inspirantes et de mettre en lumi\u00e8re les initiatives locales. Mon objectif est de sensibiliser et d'encourager l'engagement communautaire \u00e0 travers mes articles.\",\"sameAs\":[\"https:\/\/vieassociative.be\/\"]}]}<\/script>\n<!-- \/ Yoast SEO plugin. -->","yoast_head_json":{"title":"Ministres Paasch et Klinkenberg (ProDG) : les institutions f\u00e9d\u00e9rales doivent respecter la l\u00e9gislation linguistique | Vie Associative","robots":{"index":"index","follow":"follow","max-snippet":"max-snippet:-1","max-image-preview":"max-image-preview:large","max-video-preview":"max-video-preview:-1"},"canonical":"https:\/\/vieassociative.be\/actualites\/ministres-paasch-et-klinkenberg-prodg-les-institutions-federales-doivent-respecter-la-legislation-linguistique\/","og_locale":"fr_FR","og_type":"article","og_title":"Ministres Paasch et Klinkenberg (ProDG) : les institutions f\u00e9d\u00e9rales doivent respecter la l\u00e9gislation linguistique | Vie Associative","og_description":"Le Premier ministre Oliver Paasch et la ministre de la Sant\u00e9 Lydia Klinkenberg (tous deux ProDG) se sont adress\u00e9s d&rsquo;urgence aux institutions f\u00e9d\u00e9rales pour exiger","og_url":"https:\/\/vieassociative.be\/actualites\/ministres-paasch-et-klinkenberg-prodg-les-institutions-federales-doivent-respecter-la-legislation-linguistique\/","og_site_name":"Vie Associative","article_published_time":"2026-03-07T03:18:49+00:00","og_image":[{"width":279,"height":92,"url":"https:\/\/vieassociative.be\/actualites\/wp-content\/uploads\/2024\/09\/header_backgroundk-01-e1726694325946.png","type":"image\/png"}],"author":"Julien","twitter_card":"summary_large_image","twitter_misc":{"\u00c9crit par":"Julien","Dur\u00e9e de lecture est.":"1 minute"},"schema":{"@context":"https:\/\/schema.org","@graph":[{"@type":"Article","@id":"https:\/\/vieassociative.be\/actualites\/ministres-paasch-et-klinkenberg-prodg-les-institutions-federales-doivent-respecter-la-legislation-linguistique\/#article","isPartOf":{"@id":"https:\/\/vieassociative.be\/actualites\/ministres-paasch-et-klinkenberg-prodg-les-institutions-federales-doivent-respecter-la-legislation-linguistique\/"},"author":{"name":"Julien","@id":"https:\/\/vieassociative.be\/actualites\/#\/schema\/person\/b87ac4f82f9d4e7b7cec7395b679edc4"},"headline":"Ministres Paasch et Klinkenberg (ProDG) : les institutions f\u00e9d\u00e9rales doivent respecter la l\u00e9gislation linguistique","datePublished":"2026-03-07T03:18:49+00:00","dateModified":"2026-03-07T03:18:49+00:00","mainEntityOfPage":{"@id":"https:\/\/vieassociative.be\/actualites\/ministres-paasch-et-klinkenberg-prodg-les-institutions-federales-doivent-respecter-la-legislation-linguistique\/"},"wordCount":330,"publisher":{"@id":"https:\/\/vieassociative.be\/actualites\/#organization"},"image":{"@id":"https:\/\/vieassociative.be\/actualites\/ministres-paasch-et-klinkenberg-prodg-les-institutions-federales-doivent-respecter-la-legislation-linguistique\/#primaryimage"},"thumbnailUrl":"https:\/\/vieassociative.be\/actualites\/wp-content\/uploads\/2025\/12\/DG-du-gouvernement-les-economies-seront-plus-que.jpeg","keywords":["doivent","f\u00e9d\u00e9rales","institutions","Klinkenberg","l\u00e9gislation","Les","linguistique","Ministres","Paasch","Prodg","respecter"],"articleSection":["Belgique"],"inLanguage":"fr-BE"},{"@type":"WebPage","@id":"https:\/\/vieassociative.be\/actualites\/ministres-paasch-et-klinkenberg-prodg-les-institutions-federales-doivent-respecter-la-legislation-linguistique\/","url":"https:\/\/vieassociative.be\/actualites\/ministres-paasch-et-klinkenberg-prodg-les-institutions-federales-doivent-respecter-la-legislation-linguistique\/","name":"Ministres Paasch et Klinkenberg (ProDG) : les institutions f\u00e9d\u00e9rales doivent respecter la l\u00e9gislation linguistique | Vie Associative","isPartOf":{"@id":"https:\/\/vieassociative.be\/actualites\/#website"},"primaryImageOfPage":{"@id":"https:\/\/vieassociative.be\/actualites\/ministres-paasch-et-klinkenberg-prodg-les-institutions-federales-doivent-respecter-la-legislation-linguistique\/#primaryimage"},"image":{"@id":"https:\/\/vieassociative.be\/actualites\/ministres-paasch-et-klinkenberg-prodg-les-institutions-federales-doivent-respecter-la-legislation-linguistique\/#primaryimage"},"thumbnailUrl":"https:\/\/vieassociative.be\/actualites\/wp-content\/uploads\/2025\/12\/DG-du-gouvernement-les-economies-seront-plus-que.jpeg","datePublished":"2026-03-07T03:18:49+00:00","dateModified":"2026-03-07T03:18:49+00:00","breadcrumb":{"@id":"https:\/\/vieassociative.be\/actualites\/ministres-paasch-et-klinkenberg-prodg-les-institutions-federales-doivent-respecter-la-legislation-linguistique\/#breadcrumb"},"inLanguage":"fr-BE","potentialAction":[{"@type":"ReadAction","target":["https:\/\/vieassociative.be\/actualites\/ministres-paasch-et-klinkenberg-prodg-les-institutions-federales-doivent-respecter-la-legislation-linguistique\/"]}]},{"@type":"ImageObject","inLanguage":"fr-BE","@id":"https:\/\/vieassociative.be\/actualites\/ministres-paasch-et-klinkenberg-prodg-les-institutions-federales-doivent-respecter-la-legislation-linguistique\/#primaryimage","url":"https:\/\/vieassociative.be\/actualites\/wp-content\/uploads\/2025\/12\/DG-du-gouvernement-les-economies-seront-plus-que.jpeg","contentUrl":"https:\/\/vieassociative.be\/actualites\/wp-content\/uploads\/2025\/12\/DG-du-gouvernement-les-economies-seront-plus-que.jpeg","width":1200,"height":800,"caption":"DG du gouvernement : les \u00e9conomies seront \u00ab plus que compens\u00e9es par un vaste plan de secours \u00bb"},{"@type":"BreadcrumbList","@id":"https:\/\/vieassociative.be\/actualites\/ministres-paasch-et-klinkenberg-prodg-les-institutions-federales-doivent-respecter-la-legislation-linguistique\/#breadcrumb","itemListElement":[{"@type":"ListItem","position":1,"name":"Accueil","item":"https:\/\/vieassociative.be\/actualites\/"},{"@type":"ListItem","position":2,"name":"Ministres Paasch et Klinkenberg (ProDG) : les institutions f\u00e9d\u00e9rales doivent respecter la l\u00e9gislation linguistique"}]},{"@type":"WebSite","@id":"https:\/\/vieassociative.be\/actualites\/#website","url":"https:\/\/vieassociative.be\/actualites\/","name":"Vie Associative","description":"","publisher":{"@id":"https:\/\/vieassociative.be\/actualites\/#organization"},"potentialAction":[{"@type":"SearchAction","target":{"@type":"EntryPoint","urlTemplate":"https:\/\/vieassociative.be\/actualites\/?s={search_term_string}"},"query-input":{"@type":"PropertyValueSpecification","valueRequired":true,"valueName":"search_term_string"}}],"inLanguage":"fr-BE"},{"@type":"Organization","@id":"https:\/\/vieassociative.be\/actualites\/#organization","name":"Vie Associative","url":"https:\/\/vieassociative.be\/actualites\/","logo":{"@type":"ImageObject","inLanguage":"fr-BE","@id":"https:\/\/vieassociative.be\/actualites\/#\/schema\/logo\/image\/","url":"https:\/\/vieassociative.be\/actualites\/wp-content\/uploads\/2024\/09\/cropped-vieassociative_favicon.ico.png","contentUrl":"https:\/\/vieassociative.be\/actualites\/wp-content\/uploads\/2024\/09\/cropped-vieassociative_favicon.ico.png","width":512,"height":512,"caption":"Vie Associative"},"image":{"@id":"https:\/\/vieassociative.be\/actualites\/#\/schema\/logo\/image\/"}},{"@type":"Person","@id":"https:\/\/vieassociative.be\/actualites\/#\/schema\/person\/b87ac4f82f9d4e7b7cec7395b679edc4","name":"Julien","image":{"@type":"ImageObject","inLanguage":"fr-BE","@id":"https:\/\/vieassociative.be\/actualites\/#\/schema\/person\/image\/","url":"https:\/\/vieassociative.be\/actualites\/wp-content\/uploads\/2024\/09\/vie-associative-1-150x150.jpg","contentUrl":"https:\/\/vieassociative.be\/actualites\/wp-content\/uploads\/2024\/09\/vie-associative-1-150x150.jpg","caption":"Julien"},"description":"Je suis Julien, r\u00e9dacteur pour Vie Associative. Passionn\u00e9 par le monde associatif depuis plus de 10 ans, j'ai \u00e0 c\u0153ur de partager des histoires inspirantes et de mettre en lumi\u00e8re les initiatives locales. Mon objectif est de sensibiliser et d'encourager l'engagement communautaire \u00e0 travers mes articles.","sameAs":["https:\/\/vieassociative.be\/"]}]}},"_links":{"self":[{"href":"https:\/\/vieassociative.be\/actualites\/wp-json\/wp\/v2\/posts\/12922"}],"collection":[{"href":"https:\/\/vieassociative.be\/actualites\/wp-json\/wp\/v2\/posts"}],"about":[{"href":"https:\/\/vieassociative.be\/actualites\/wp-json\/wp\/v2\/types\/post"}],"author":[{"embeddable":true,"href":"https:\/\/vieassociative.be\/actualites\/wp-json\/wp\/v2\/users\/1"}],"replies":[{"embeddable":true,"href":"https:\/\/vieassociative.be\/actualites\/wp-json\/wp\/v2\/comments?post=12922"}],"version-history":[{"count":0,"href":"https:\/\/vieassociative.be\/actualites\/wp-json\/wp\/v2\/posts\/12922\/revisions"}],"wp:featuredmedia":[{"embeddable":true,"href":"https:\/\/vieassociative.be\/actualites\/wp-json\/wp\/v2\/media\/12026"}],"wp:attachment":[{"href":"https:\/\/vieassociative.be\/actualites\/wp-json\/wp\/v2\/media?parent=12922"}],"wp:term":[{"taxonomy":"category","embeddable":true,"href":"https:\/\/vieassociative.be\/actualites\/wp-json\/wp\/v2\/categories?post=12922"},{"taxonomy":"post_tag","embeddable":true,"href":"https:\/\/vieassociative.be\/actualites\/wp-json\/wp\/v2\/tags?post=12922"}],"curies":[{"name":"wp","href":"https:\/\/api.w.org\/{rel}","templated":true}]}}