{"id":12915,"date":"2026-03-06T16:16:56","date_gmt":"2026-03-06T15:16:56","guid":{"rendered":"https:\/\/vieassociative.be\/actualites\/derniere-chance-pour-las-eupen-contre-jong-gent-depuis-le-debut-de-lannee-ils-nont-reussi-qu1-victoire-en-7-matchs\/"},"modified":"2026-03-06T16:16:56","modified_gmt":"2026-03-06T15:16:56","slug":"derniere-chance-pour-las-eupen-contre-jong-gent-depuis-le-debut-de-lannee-ils-nont-reussi-qu1-victoire-en-7-matchs","status":"publish","type":"post","link":"https:\/\/vieassociative.be\/actualites\/derniere-chance-pour-las-eupen-contre-jong-gent-depuis-le-debut-de-lannee-ils-nont-reussi-qu1-victoire-en-7-matchs\/","title":{"rendered":"Derni\u00e8re chance pour l\u2019AS Eupen contre Jong Gent \u2013 \u200b\u200b\u200b\u200bDepuis le d\u00e9but de l\u2019ann\u00e9e, ils n\u2019ont r\u00e9ussi qu\u20191 victoire en 7 matchs"},"content":{"rendered":"<p><strong>Ce vendredi, l&rsquo;AS Eupen a probablement une derni\u00e8re chance de peut-\u00eatre d\u00e9crocher une place dans le top 6. Mais pour cela, il faudrait qu&rsquo;il s&rsquo;impose face \u00e0 Jong Gent. Et les fans des Noirs et Blancs n\u2019ont pas vraiment \u00e9t\u00e9 g\u00e2t\u00e9s par des victoires en 2026.<\/strong><\/p>\n<p><span id=\"more-437386\"><\/span>Sur les sept matchs de championnat depuis le d\u00e9but de l&rsquo;ann\u00e9e, l&rsquo;AS n&rsquo;a r\u00e9ussi qu&rsquo;une seule victoire (1-0 contre Courtrai), trois matchs se sont sold\u00e9s par un match nul et trois autres matchs ont \u00e9t\u00e9 perdus. A marqu\u00e9 seulement six points en sept matchs, soit environ la moiti\u00e9 de ceux de ses concurrents dans la lutte pour le top 6.<\/p>\n<ul>\n<li>FC Li\u00e8ge 8 matchs 4 victoires 14 points<\/li>\n<li>Patro Eisden 8 matchs 4 victoires 14 points<\/li>\n<li>SK Lommel 8 matchs 4 victoires 13 points<\/li>\n<li>AS Eupen 7 matchs 1 victoire 6 points<\/li>\n<\/ul>\n<p>L&rsquo;adversaire d&rsquo;aujourd&rsquo;hui, Jong Gent, a \u00e9galement marqu\u00e9 deux fois plus de points que l&rsquo;AS avec 12 points en sept matches depuis le d\u00e9but de l&rsquo;ann\u00e9e. C&rsquo;est pourquoi une victoire de l&rsquo;\u00e9quipe d&rsquo;Eupen aujourd&rsquo;hui au stade du Kehrweg (20h \/ en direct sur l&rsquo;application DAZN) est tout sauf acquise.<\/p>\n<div id=\"attachment_422108\" class=\"wp-caption alignleft\" style=\"max-width: 300px\"><img fetchpriority=\"high\" decoding=\"async\" class=\"wp-image-422108 size-medium\" src=\"https:\/\/vieassociative.be\/actualites\/wp-content\/uploads\/2025\/11\/AS-Eupen-a-Jong-Genk-et-Anvers-a-Jong-Gent.jpg\" alt=\"\" width=\"300\" height=\"201\"  ><\/div>\n<p>Eupen a perdu le match aller dans l&rsquo;ar\u00e8ne vide de Gand 1-2. La rencontre aurait pu se terminer sur un score de 2-2 si Gabriel Bar\u00e8s n&rsquo;avait pas rat\u00e9 un penalty peu avant la fin. Mais la victoire des U23 des \u00ab Buffalos \u00bb s\u2019est bien d\u00e9roul\u00e9e, car les invit\u00e9s d\u2019Eupen ont jou\u00e9 ce jour-l\u00e0 un match incroyablement faible. Mais Jong Gent est aussi une \u00e9quipe extr\u00eamement maussade, gagnant contre le Patro Eisden mais perdant contre l&rsquo;Olympic Charleroi.<\/p>\n<p>L&rsquo;entra\u00eeneur de l&rsquo;AS Bruno Pinheiro doit se passer de plusieurs joueurs pour le match retour d&rsquo;aujourd&rsquo;hui : Yoram Zague, Nicolas Gavory, Lorenzo Youndje, Moustafa Mashaal, Logan Delaurier-Chabet et Ga\u00ebtan Hendrickx, six joueurs sont indisponibles en raison de blessures.<\/p>\n<p>Si AS perd contre Jong Gent, ils pourront commencer lundi \u00e0 planifier la saison \u00e0 venir, sur laquelle il y a d\u00e9j\u00e0 beaucoup de sp\u00e9culations. On peut lire dans la presse quotidienne que la promotion manqu\u00e9e cette saison n&rsquo;est qu&rsquo;un \u00ab\u00a0retard\u00a0\u00bb : \u00ab\u00a0Le retour en D1 ne devrait probablement \u00eatre que le premier pas vers un avenir r\u00e9ussi. Outre la structure actuelle du club, le stade du club est \u00e9galement sous surveillance. Alors qu&rsquo;une r\u00e9novation et une extension du complexe d&rsquo;entra\u00eenement actuel sont \u00e0 l&rsquo;\u00e9tude, un adieu m\u00eame partiel \u00e0 la voie de grande envergure pourrait \u00eatre envisag\u00e9.\u00a0\u00bb (cr\u00e9er)<\/p>\n","protected":false},"excerpt":{"rendered":"<p>Ce vendredi, l&rsquo;AS Eupen a probablement une derni\u00e8re chance de peut-\u00eatre d\u00e9crocher une place dans le top 6. Mais pour cela, il faudrait qu&rsquo;il s&rsquo;impose<\/p>\n","protected":false},"author":1,"featured_media":6650,"comment_status":"","ping_status":"","sticky":false,"template":"","format":"standard","meta":{"footnotes":""},"categories":[298],"tags":[5810,796,359,1824,139,2329,9112,4317,5376,396,2353,3023,4345,81,10173,8599,784],"class_list":["post-12915","post","type-post","status-publish","format-standard","has-post-thumbnail","hentry","category-belgique","tag-chance","tag-contre","tag-debut","tag-depuis","tag-derniere","tag-eupen","tag-gent","tag-ils","tag-jong","tag-lannee","tag-las","tag-matchs","tag-nont","tag-pour","tag-qu1","tag-reussi","tag-victoire","generate-columns","tablet-grid-50","mobile-grid-100","grid-parent","grid-33"],"yoast_head":"<!-- This site is optimized with the Yoast SEO plugin v24.0 - https:\/\/yoast.com\/wordpress\/plugins\/seo\/ -->\n<title>Derni\u00e8re chance pour l\u2019AS Eupen contre Jong Gent \u2013 \u200b\u200b\u200b\u200bDepuis le d\u00e9but de l\u2019ann\u00e9e, ils n\u2019ont r\u00e9ussi qu\u20191 victoire en 7 matchs | Vie Associative<\/title>\n<meta name=\"robots\" content=\"index, follow, max-snippet:-1, max-image-preview:large, max-video-preview:-1\" \/>\n<link rel=\"canonical\" href=\"https:\/\/vieassociative.be\/actualites\/derniere-chance-pour-las-eupen-contre-jong-gent-depuis-le-debut-de-lannee-ils-nont-reussi-qu1-victoire-en-7-matchs\/\" \/>\n<meta property=\"og:locale\" content=\"fr_FR\" \/>\n<meta property=\"og:type\" content=\"article\" \/>\n<meta property=\"og:title\" content=\"Derni\u00e8re chance pour l\u2019AS Eupen contre Jong Gent \u2013 \u200b\u200b\u200b\u200bDepuis le d\u00e9but de l\u2019ann\u00e9e, ils n\u2019ont r\u00e9ussi qu\u20191 victoire en 7 matchs | Vie Associative\" \/>\n<meta property=\"og:description\" content=\"Ce vendredi, l&rsquo;AS Eupen a probablement une derni\u00e8re chance de peut-\u00eatre d\u00e9crocher une place dans le top 6. Mais pour cela, il faudrait qu&rsquo;il s&rsquo;impose\" \/>\n<meta property=\"og:url\" content=\"https:\/\/vieassociative.be\/actualites\/derniere-chance-pour-las-eupen-contre-jong-gent-depuis-le-debut-de-lannee-ils-nont-reussi-qu1-victoire-en-7-matchs\/\" \/>\n<meta property=\"og:site_name\" content=\"Vie Associative\" \/>\n<meta property=\"article:published_time\" content=\"2026-03-06T15:16:56+00:00\" \/>\n<meta property=\"og:image\" content=\"https:\/\/vieassociative.be\/actualites\/wp-content\/uploads\/2024\/09\/header_backgroundk-01-e1726694325946.png\" \/>\n\t<meta property=\"og:image:width\" content=\"279\" \/>\n\t<meta property=\"og:image:height\" content=\"92\" \/>\n\t<meta property=\"og:image:type\" content=\"image\/png\" \/>\n<meta name=\"author\" content=\"Julien\" \/>\n<meta name=\"twitter:card\" content=\"summary_large_image\" \/>\n<meta name=\"twitter:label1\" content=\"\u00c9crit par\" \/>\n\t<meta name=\"twitter:data1\" content=\"Julien\" \/>\n\t<meta name=\"twitter:label2\" content=\"Dur\u00e9e de lecture est.\" \/>\n\t<meta name=\"twitter:data2\" content=\"2 minutes\" \/>\n<script type=\"application\/ld+json\" class=\"yoast-schema-graph\">{\"@context\":\"https:\/\/schema.org\",\"@graph\":[{\"@type\":\"Article\",\"@id\":\"https:\/\/vieassociative.be\/actualites\/derniere-chance-pour-las-eupen-contre-jong-gent-depuis-le-debut-de-lannee-ils-nont-reussi-qu1-victoire-en-7-matchs\/#article\",\"isPartOf\":{\"@id\":\"https:\/\/vieassociative.be\/actualites\/derniere-chance-pour-las-eupen-contre-jong-gent-depuis-le-debut-de-lannee-ils-nont-reussi-qu1-victoire-en-7-matchs\/\"},\"author\":{\"name\":\"Julien\",\"@id\":\"https:\/\/vieassociative.be\/actualites\/#\/schema\/person\/b87ac4f82f9d4e7b7cec7395b679edc4\"},\"headline\":\"Derni\u00e8re chance pour l\u2019AS Eupen contre Jong Gent \u2013 \u200b\u200b\u200b\u200bDepuis le d\u00e9but de l\u2019ann\u00e9e, ils n\u2019ont r\u00e9ussi qu\u20191 victoire en 7 matchs\",\"datePublished\":\"2026-03-06T15:16:56+00:00\",\"dateModified\":\"2026-03-06T15:16:56+00:00\",\"mainEntityOfPage\":{\"@id\":\"https:\/\/vieassociative.be\/actualites\/derniere-chance-pour-las-eupen-contre-jong-gent-depuis-le-debut-de-lannee-ils-nont-reussi-qu1-victoire-en-7-matchs\/\"},\"wordCount\":462,\"publisher\":{\"@id\":\"https:\/\/vieassociative.be\/actualites\/#organization\"},\"image\":{\"@id\":\"https:\/\/vieassociative.be\/actualites\/derniere-chance-pour-las-eupen-contre-jong-gent-depuis-le-debut-de-lannee-ils-nont-reussi-qu1-victoire-en-7-matchs\/#primaryimage\"},\"thumbnailUrl\":\"https:\/\/vieassociative.be\/actualites\/wp-content\/uploads\/2025\/04\/1744446018_Il-Eupen-a-le-dernier-match-a-domicile-le.jpg\",\"keywords\":[\"chance\",\"contre\",\"D\u00e9but\",\"depuis\",\"derni\u00e8re\",\"Eupen\",\"Gent\",\"ils\",\"Jong\",\"lann\u00e9e\",\"lAS\",\"matchs\",\"nont\",\"pour\",\"qu1\",\"r\u00e9ussi\",\"victoire\"],\"articleSection\":[\"Belgique\"],\"inLanguage\":\"fr-BE\"},{\"@type\":\"WebPage\",\"@id\":\"https:\/\/vieassociative.be\/actualites\/derniere-chance-pour-las-eupen-contre-jong-gent-depuis-le-debut-de-lannee-ils-nont-reussi-qu1-victoire-en-7-matchs\/\",\"url\":\"https:\/\/vieassociative.be\/actualites\/derniere-chance-pour-las-eupen-contre-jong-gent-depuis-le-debut-de-lannee-ils-nont-reussi-qu1-victoire-en-7-matchs\/\",\"name\":\"Derni\u00e8re chance pour l\u2019AS Eupen contre Jong Gent \u2013 \u200b\u200b\u200b\u200bDepuis le d\u00e9but de l\u2019ann\u00e9e, ils n\u2019ont r\u00e9ussi qu\u20191 victoire en 7 matchs | Vie Associative\",\"isPartOf\":{\"@id\":\"https:\/\/vieassociative.be\/actualites\/#website\"},\"primaryImageOfPage\":{\"@id\":\"https:\/\/vieassociative.be\/actualites\/derniere-chance-pour-las-eupen-contre-jong-gent-depuis-le-debut-de-lannee-ils-nont-reussi-qu1-victoire-en-7-matchs\/#primaryimage\"},\"image\":{\"@id\":\"https:\/\/vieassociative.be\/actualites\/derniere-chance-pour-las-eupen-contre-jong-gent-depuis-le-debut-de-lannee-ils-nont-reussi-qu1-victoire-en-7-matchs\/#primaryimage\"},\"thumbnailUrl\":\"https:\/\/vieassociative.be\/actualites\/wp-content\/uploads\/2025\/04\/1744446018_Il-Eupen-a-le-dernier-match-a-domicile-le.jpg\",\"datePublished\":\"2026-03-06T15:16:56+00:00\",\"dateModified\":\"2026-03-06T15:16:56+00:00\",\"breadcrumb\":{\"@id\":\"https:\/\/vieassociative.be\/actualites\/derniere-chance-pour-las-eupen-contre-jong-gent-depuis-le-debut-de-lannee-ils-nont-reussi-qu1-victoire-en-7-matchs\/#breadcrumb\"},\"inLanguage\":\"fr-BE\",\"potentialAction\":[{\"@type\":\"ReadAction\",\"target\":[\"https:\/\/vieassociative.be\/actualites\/derniere-chance-pour-las-eupen-contre-jong-gent-depuis-le-debut-de-lannee-ils-nont-reussi-qu1-victoire-en-7-matchs\/\"]}]},{\"@type\":\"ImageObject\",\"inLanguage\":\"fr-BE\",\"@id\":\"https:\/\/vieassociative.be\/actualites\/derniere-chance-pour-las-eupen-contre-jong-gent-depuis-le-debut-de-lannee-ils-nont-reussi-qu1-victoire-en-7-matchs\/#primaryimage\",\"url\":\"https:\/\/vieassociative.be\/actualites\/wp-content\/uploads\/2025\/04\/1744446018_Il-Eupen-a-le-dernier-match-a-domicile-le.jpg\",\"contentUrl\":\"https:\/\/vieassociative.be\/actualites\/wp-content\/uploads\/2025\/04\/1744446018_Il-Eupen-a-le-dernier-match-a-domicile-le.jpg\",\"width\":1200,\"height\":800,\"caption\":\"Il Eupen a le dernier match \u00e0 domicile - le nouveau propri\u00e9taire? - Bataille de l'ascension: RWDM Awards Deuxi\u00e8me balle de match\"},{\"@type\":\"BreadcrumbList\",\"@id\":\"https:\/\/vieassociative.be\/actualites\/derniere-chance-pour-las-eupen-contre-jong-gent-depuis-le-debut-de-lannee-ils-nont-reussi-qu1-victoire-en-7-matchs\/#breadcrumb\",\"itemListElement\":[{\"@type\":\"ListItem\",\"position\":1,\"name\":\"Accueil\",\"item\":\"https:\/\/vieassociative.be\/actualites\/\"},{\"@type\":\"ListItem\",\"position\":2,\"name\":\"Derni\u00e8re chance pour l\u2019AS Eupen contre Jong Gent \u2013 \u200b\u200b\u200b\u200bDepuis le d\u00e9but de l\u2019ann\u00e9e, ils n\u2019ont r\u00e9ussi qu\u20191 victoire en 7 matchs\"}]},{\"@type\":\"WebSite\",\"@id\":\"https:\/\/vieassociative.be\/actualites\/#website\",\"url\":\"https:\/\/vieassociative.be\/actualites\/\",\"name\":\"Vie Associative\",\"description\":\"\",\"publisher\":{\"@id\":\"https:\/\/vieassociative.be\/actualites\/#organization\"},\"potentialAction\":[{\"@type\":\"SearchAction\",\"target\":{\"@type\":\"EntryPoint\",\"urlTemplate\":\"https:\/\/vieassociative.be\/actualites\/?s={search_term_string}\"},\"query-input\":{\"@type\":\"PropertyValueSpecification\",\"valueRequired\":true,\"valueName\":\"search_term_string\"}}],\"inLanguage\":\"fr-BE\"},{\"@type\":\"Organization\",\"@id\":\"https:\/\/vieassociative.be\/actualites\/#organization\",\"name\":\"Vie Associative\",\"url\":\"https:\/\/vieassociative.be\/actualites\/\",\"logo\":{\"@type\":\"ImageObject\",\"inLanguage\":\"fr-BE\",\"@id\":\"https:\/\/vieassociative.be\/actualites\/#\/schema\/logo\/image\/\",\"url\":\"https:\/\/vieassociative.be\/actualites\/wp-content\/uploads\/2024\/09\/cropped-vieassociative_favicon.ico.png\",\"contentUrl\":\"https:\/\/vieassociative.be\/actualites\/wp-content\/uploads\/2024\/09\/cropped-vieassociative_favicon.ico.png\",\"width\":512,\"height\":512,\"caption\":\"Vie Associative\"},\"image\":{\"@id\":\"https:\/\/vieassociative.be\/actualites\/#\/schema\/logo\/image\/\"}},{\"@type\":\"Person\",\"@id\":\"https:\/\/vieassociative.be\/actualites\/#\/schema\/person\/b87ac4f82f9d4e7b7cec7395b679edc4\",\"name\":\"Julien\",\"image\":{\"@type\":\"ImageObject\",\"inLanguage\":\"fr-BE\",\"@id\":\"https:\/\/vieassociative.be\/actualites\/#\/schema\/person\/image\/\",\"url\":\"https:\/\/vieassociative.be\/actualites\/wp-content\/uploads\/2024\/09\/vie-associative-1-150x150.jpg\",\"contentUrl\":\"https:\/\/vieassociative.be\/actualites\/wp-content\/uploads\/2024\/09\/vie-associative-1-150x150.jpg\",\"caption\":\"Julien\"},\"description\":\"Je suis Julien, r\u00e9dacteur pour Vie Associative. Passionn\u00e9 par le monde associatif depuis plus de 10 ans, j'ai \u00e0 c\u0153ur de partager des histoires inspirantes et de mettre en lumi\u00e8re les initiatives locales. Mon objectif est de sensibiliser et d'encourager l'engagement communautaire \u00e0 travers mes articles.\",\"sameAs\":[\"https:\/\/vieassociative.be\/\"]}]}<\/script>\n<!-- \/ Yoast SEO plugin. -->","yoast_head_json":{"title":"Derni\u00e8re chance pour l\u2019AS Eupen contre Jong Gent \u2013 \u200b\u200b\u200b\u200bDepuis le d\u00e9but de l\u2019ann\u00e9e, ils n\u2019ont r\u00e9ussi qu\u20191 victoire en 7 matchs | Vie Associative","robots":{"index":"index","follow":"follow","max-snippet":"max-snippet:-1","max-image-preview":"max-image-preview:large","max-video-preview":"max-video-preview:-1"},"canonical":"https:\/\/vieassociative.be\/actualites\/derniere-chance-pour-las-eupen-contre-jong-gent-depuis-le-debut-de-lannee-ils-nont-reussi-qu1-victoire-en-7-matchs\/","og_locale":"fr_FR","og_type":"article","og_title":"Derni\u00e8re chance pour l\u2019AS Eupen contre Jong Gent \u2013 \u200b\u200b\u200b\u200bDepuis le d\u00e9but de l\u2019ann\u00e9e, ils n\u2019ont r\u00e9ussi qu\u20191 victoire en 7 matchs | Vie Associative","og_description":"Ce vendredi, l&rsquo;AS Eupen a probablement une derni\u00e8re chance de peut-\u00eatre d\u00e9crocher une place dans le top 6. Mais pour cela, il faudrait qu&rsquo;il s&rsquo;impose","og_url":"https:\/\/vieassociative.be\/actualites\/derniere-chance-pour-las-eupen-contre-jong-gent-depuis-le-debut-de-lannee-ils-nont-reussi-qu1-victoire-en-7-matchs\/","og_site_name":"Vie Associative","article_published_time":"2026-03-06T15:16:56+00:00","og_image":[{"width":279,"height":92,"url":"https:\/\/vieassociative.be\/actualites\/wp-content\/uploads\/2024\/09\/header_backgroundk-01-e1726694325946.png","type":"image\/png"}],"author":"Julien","twitter_card":"summary_large_image","twitter_misc":{"\u00c9crit par":"Julien","Dur\u00e9e de lecture est.":"2 minutes"},"schema":{"@context":"https:\/\/schema.org","@graph":[{"@type":"Article","@id":"https:\/\/vieassociative.be\/actualites\/derniere-chance-pour-las-eupen-contre-jong-gent-depuis-le-debut-de-lannee-ils-nont-reussi-qu1-victoire-en-7-matchs\/#article","isPartOf":{"@id":"https:\/\/vieassociative.be\/actualites\/derniere-chance-pour-las-eupen-contre-jong-gent-depuis-le-debut-de-lannee-ils-nont-reussi-qu1-victoire-en-7-matchs\/"},"author":{"name":"Julien","@id":"https:\/\/vieassociative.be\/actualites\/#\/schema\/person\/b87ac4f82f9d4e7b7cec7395b679edc4"},"headline":"Derni\u00e8re chance pour l\u2019AS Eupen contre Jong Gent \u2013 \u200b\u200b\u200b\u200bDepuis le d\u00e9but de l\u2019ann\u00e9e, ils n\u2019ont r\u00e9ussi qu\u20191 victoire en 7 matchs","datePublished":"2026-03-06T15:16:56+00:00","dateModified":"2026-03-06T15:16:56+00:00","mainEntityOfPage":{"@id":"https:\/\/vieassociative.be\/actualites\/derniere-chance-pour-las-eupen-contre-jong-gent-depuis-le-debut-de-lannee-ils-nont-reussi-qu1-victoire-en-7-matchs\/"},"wordCount":462,"publisher":{"@id":"https:\/\/vieassociative.be\/actualites\/#organization"},"image":{"@id":"https:\/\/vieassociative.be\/actualites\/derniere-chance-pour-las-eupen-contre-jong-gent-depuis-le-debut-de-lannee-ils-nont-reussi-qu1-victoire-en-7-matchs\/#primaryimage"},"thumbnailUrl":"https:\/\/vieassociative.be\/actualites\/wp-content\/uploads\/2025\/04\/1744446018_Il-Eupen-a-le-dernier-match-a-domicile-le.jpg","keywords":["chance","contre","D\u00e9but","depuis","derni\u00e8re","Eupen","Gent","ils","Jong","lann\u00e9e","lAS","matchs","nont","pour","qu1","r\u00e9ussi","victoire"],"articleSection":["Belgique"],"inLanguage":"fr-BE"},{"@type":"WebPage","@id":"https:\/\/vieassociative.be\/actualites\/derniere-chance-pour-las-eupen-contre-jong-gent-depuis-le-debut-de-lannee-ils-nont-reussi-qu1-victoire-en-7-matchs\/","url":"https:\/\/vieassociative.be\/actualites\/derniere-chance-pour-las-eupen-contre-jong-gent-depuis-le-debut-de-lannee-ils-nont-reussi-qu1-victoire-en-7-matchs\/","name":"Derni\u00e8re chance pour l\u2019AS Eupen contre Jong Gent \u2013 \u200b\u200b\u200b\u200bDepuis le d\u00e9but de l\u2019ann\u00e9e, ils n\u2019ont r\u00e9ussi qu\u20191 victoire en 7 matchs | Vie Associative","isPartOf":{"@id":"https:\/\/vieassociative.be\/actualites\/#website"},"primaryImageOfPage":{"@id":"https:\/\/vieassociative.be\/actualites\/derniere-chance-pour-las-eupen-contre-jong-gent-depuis-le-debut-de-lannee-ils-nont-reussi-qu1-victoire-en-7-matchs\/#primaryimage"},"image":{"@id":"https:\/\/vieassociative.be\/actualites\/derniere-chance-pour-las-eupen-contre-jong-gent-depuis-le-debut-de-lannee-ils-nont-reussi-qu1-victoire-en-7-matchs\/#primaryimage"},"thumbnailUrl":"https:\/\/vieassociative.be\/actualites\/wp-content\/uploads\/2025\/04\/1744446018_Il-Eupen-a-le-dernier-match-a-domicile-le.jpg","datePublished":"2026-03-06T15:16:56+00:00","dateModified":"2026-03-06T15:16:56+00:00","breadcrumb":{"@id":"https:\/\/vieassociative.be\/actualites\/derniere-chance-pour-las-eupen-contre-jong-gent-depuis-le-debut-de-lannee-ils-nont-reussi-qu1-victoire-en-7-matchs\/#breadcrumb"},"inLanguage":"fr-BE","potentialAction":[{"@type":"ReadAction","target":["https:\/\/vieassociative.be\/actualites\/derniere-chance-pour-las-eupen-contre-jong-gent-depuis-le-debut-de-lannee-ils-nont-reussi-qu1-victoire-en-7-matchs\/"]}]},{"@type":"ImageObject","inLanguage":"fr-BE","@id":"https:\/\/vieassociative.be\/actualites\/derniere-chance-pour-las-eupen-contre-jong-gent-depuis-le-debut-de-lannee-ils-nont-reussi-qu1-victoire-en-7-matchs\/#primaryimage","url":"https:\/\/vieassociative.be\/actualites\/wp-content\/uploads\/2025\/04\/1744446018_Il-Eupen-a-le-dernier-match-a-domicile-le.jpg","contentUrl":"https:\/\/vieassociative.be\/actualites\/wp-content\/uploads\/2025\/04\/1744446018_Il-Eupen-a-le-dernier-match-a-domicile-le.jpg","width":1200,"height":800,"caption":"Il Eupen a le dernier match \u00e0 domicile - le nouveau propri\u00e9taire? - Bataille de l'ascension: RWDM Awards Deuxi\u00e8me balle de match"},{"@type":"BreadcrumbList","@id":"https:\/\/vieassociative.be\/actualites\/derniere-chance-pour-las-eupen-contre-jong-gent-depuis-le-debut-de-lannee-ils-nont-reussi-qu1-victoire-en-7-matchs\/#breadcrumb","itemListElement":[{"@type":"ListItem","position":1,"name":"Accueil","item":"https:\/\/vieassociative.be\/actualites\/"},{"@type":"ListItem","position":2,"name":"Derni\u00e8re chance pour l\u2019AS Eupen contre Jong Gent \u2013 \u200b\u200b\u200b\u200bDepuis le d\u00e9but de l\u2019ann\u00e9e, ils n\u2019ont r\u00e9ussi qu\u20191 victoire en 7 matchs"}]},{"@type":"WebSite","@id":"https:\/\/vieassociative.be\/actualites\/#website","url":"https:\/\/vieassociative.be\/actualites\/","name":"Vie Associative","description":"","publisher":{"@id":"https:\/\/vieassociative.be\/actualites\/#organization"},"potentialAction":[{"@type":"SearchAction","target":{"@type":"EntryPoint","urlTemplate":"https:\/\/vieassociative.be\/actualites\/?s={search_term_string}"},"query-input":{"@type":"PropertyValueSpecification","valueRequired":true,"valueName":"search_term_string"}}],"inLanguage":"fr-BE"},{"@type":"Organization","@id":"https:\/\/vieassociative.be\/actualites\/#organization","name":"Vie Associative","url":"https:\/\/vieassociative.be\/actualites\/","logo":{"@type":"ImageObject","inLanguage":"fr-BE","@id":"https:\/\/vieassociative.be\/actualites\/#\/schema\/logo\/image\/","url":"https:\/\/vieassociative.be\/actualites\/wp-content\/uploads\/2024\/09\/cropped-vieassociative_favicon.ico.png","contentUrl":"https:\/\/vieassociative.be\/actualites\/wp-content\/uploads\/2024\/09\/cropped-vieassociative_favicon.ico.png","width":512,"height":512,"caption":"Vie Associative"},"image":{"@id":"https:\/\/vieassociative.be\/actualites\/#\/schema\/logo\/image\/"}},{"@type":"Person","@id":"https:\/\/vieassociative.be\/actualites\/#\/schema\/person\/b87ac4f82f9d4e7b7cec7395b679edc4","name":"Julien","image":{"@type":"ImageObject","inLanguage":"fr-BE","@id":"https:\/\/vieassociative.be\/actualites\/#\/schema\/person\/image\/","url":"https:\/\/vieassociative.be\/actualites\/wp-content\/uploads\/2024\/09\/vie-associative-1-150x150.jpg","contentUrl":"https:\/\/vieassociative.be\/actualites\/wp-content\/uploads\/2024\/09\/vie-associative-1-150x150.jpg","caption":"Julien"},"description":"Je suis Julien, r\u00e9dacteur pour Vie Associative. Passionn\u00e9 par le monde associatif depuis plus de 10 ans, j'ai \u00e0 c\u0153ur de partager des histoires inspirantes et de mettre en lumi\u00e8re les initiatives locales. Mon objectif est de sensibiliser et d'encourager l'engagement communautaire \u00e0 travers mes articles.","sameAs":["https:\/\/vieassociative.be\/"]}]}},"_links":{"self":[{"href":"https:\/\/vieassociative.be\/actualites\/wp-json\/wp\/v2\/posts\/12915"}],"collection":[{"href":"https:\/\/vieassociative.be\/actualites\/wp-json\/wp\/v2\/posts"}],"about":[{"href":"https:\/\/vieassociative.be\/actualites\/wp-json\/wp\/v2\/types\/post"}],"author":[{"embeddable":true,"href":"https:\/\/vieassociative.be\/actualites\/wp-json\/wp\/v2\/users\/1"}],"replies":[{"embeddable":true,"href":"https:\/\/vieassociative.be\/actualites\/wp-json\/wp\/v2\/comments?post=12915"}],"version-history":[{"count":0,"href":"https:\/\/vieassociative.be\/actualites\/wp-json\/wp\/v2\/posts\/12915\/revisions"}],"wp:featuredmedia":[{"embeddable":true,"href":"https:\/\/vieassociative.be\/actualites\/wp-json\/wp\/v2\/media\/6650"}],"wp:attachment":[{"href":"https:\/\/vieassociative.be\/actualites\/wp-json\/wp\/v2\/media?parent=12915"}],"wp:term":[{"taxonomy":"category","embeddable":true,"href":"https:\/\/vieassociative.be\/actualites\/wp-json\/wp\/v2\/categories?post=12915"},{"taxonomy":"post_tag","embeddable":true,"href":"https:\/\/vieassociative.be\/actualites\/wp-json\/wp\/v2\/tags?post=12915"}],"curies":[{"name":"wp","href":"https:\/\/api.w.org\/{rel}","templated":true}]}}