{"id":12912,"date":"2026-03-06T04:17:22","date_gmt":"2026-03-06T03:17:22","guid":{"rendered":"https:\/\/vieassociative.be\/actualites\/la-formule-1-entre-dans-une-nouvelle-ere-le-grand-prix-de-belgique-a-spa-naura-lieu-que-tous-les-deux-ans-a-partir-de-2027\/"},"modified":"2026-03-06T04:17:22","modified_gmt":"2026-03-06T03:17:22","slug":"la-formule-1-entre-dans-une-nouvelle-ere-le-grand-prix-de-belgique-a-spa-naura-lieu-que-tous-les-deux-ans-a-partir-de-2027","status":"publish","type":"post","link":"https:\/\/vieassociative.be\/actualites\/la-formule-1-entre-dans-une-nouvelle-ere-le-grand-prix-de-belgique-a-spa-naura-lieu-que-tous-les-deux-ans-a-partir-de-2027\/","title":{"rendered":"La Formule 1 entre dans une nouvelle \u00e8re : le Grand Prix de Belgique \u00e0 Spa n&rsquo;aura lieu que tous les deux ans \u00e0 partir de 2027"},"content":{"rendered":"<p><strong>La Formule 1 conna\u00eet l\u2019une des r\u00e9formes r\u00e9glementaires les plus drastiques de son histoire. Il y a une vraie indication du rapport de force \u00e0 Melbourne en ce d\u00e9but de saison.<\/strong><\/p>\n<p><span id=\"more-437372\"><\/span>Apr\u00e8s une pause de 91 jours, la Formule 1 revient \u00e0 plein r\u00e9gime lors d&rsquo;un Grand Prix. Avant la premi\u00e8re course de la saison dimanche (5h00 CET\/RTBF2 \u00ab Tipik \u00bb) \u00e0 Melbourne, l&rsquo;incertitude est rarement plus grande. Cela concerne principalement la r\u00e9forme des r\u00e8gles. Mais la Formule 1 ne peut pas s&rsquo;isoler des \u00e9v\u00e9nements mondiaux.<\/p>\n<p><strong>\u2013 Que se passe-t-il \u00e0 Melbourne ?<\/strong><\/p>\n<p>La Formule 1 a \u00e9galement ressenti les effets de l\u2019escalade au Moyen-Orient. En raison des attaques am\u00e9ricano-isra\u00e9liennes contre l&rsquo;Iran et des contre-attaques de T\u00e9h\u00e9ran, le trafic a\u00e9rien est en grande partie paralys\u00e9 dans de grandes parties de la r\u00e9gion. C&rsquo;est pourquoi des centaines d&#8217;employ\u00e9s qui travaillent pour la Formule 1 elle-m\u00eame ou pour les \u00e9quipes de course ont d\u00fb modifier leurs itin\u00e9raires. Au lieu de se rendre en Australie via Duba\u00ef ou Doha (Qatar), de nombreuses personnes se sont tourn\u00e9es vers Singapour ou Hong Kong.<\/p>\n<div id=\"attachment_437374\" class=\"wp-caption alignleft\" style=\"max-width: 300px\"><img fetchpriority=\"high\" decoding=\"async\" class=\"wp-image-437374 size-medium\" src=\"https:\/\/vieassociative.be\/actualites\/wp-content\/uploads\/2026\/03\/La-Formule-1-entre-dans-une-nouvelle-ere-le.jpg\" alt=\"\" width=\"300\" height=\"200\"><\/div>\n<p><strong>\u2013 Quoi de neuf cette saison ?<\/strong><\/p>\n<p>Beaucoup. L\u2019une des plus importantes r\u00e9ductions r\u00e9glementaires de l\u2019histoire de la Formule 1 pourrait garantir que l\u2019\u00e9quilibre des pouvoirs penche en faveur d\u2019une \u00e9quipe particuli\u00e8rement dou\u00e9e pour mettre en \u0153uvre les nouvelles exigences. La derni\u00e8re fois que Mercedes y est parvenue \u00e9tait excellente, c&rsquo;\u00e9tait au d\u00e9but de l&rsquo;\u00e8re hybride en 2014.<\/p>\n<p>D\u00e9sormais, les nouvelles voitures sont plus courtes, plus \u00e9troites et plus l\u00e9g\u00e8res. Pr\u00e8s de 50 % des moteurs sont aliment\u00e9s par un moteur \u00e0 combustion aliment\u00e9 par un carburant enti\u00e8rement durable. La batterie fournit les pr\u00e8s de 50 pour cent restants. De plus, l&rsquo;a\u00e9rodynamisme des voitures est nouveau car le soubassement, auparavant de forme sp\u00e9ciale, est d\u00e9sormais \u00e0 nouveau plat.<\/p>\n<p>Il n\u2019y a qu\u2019un seul nouveau venu dans le domaine des pilotes. Arvid Lindblad (18 ans) de la Red Bull Academy a \u00e9t\u00e9 promu et pilotera d\u00e9sormais pour l&rsquo;\u00e9quipe s\u0153ur Racing Bulls. En Valtteri Bottas et Sergio Perez, il y a deux rapatri\u00e9s dans un cockpit r\u00e9gulier. Le Finlandais et le Mexicain forment le duo de pilotes de la toute nouvelle onzi\u00e8me \u00e9curie de Formule 1 Cadillac, filiale de General Motors. Audi vit sa premi\u00e8re saison en tant qu&rsquo;\u00e9quipe d&rsquo;usine.<\/p>\n<p><strong>\u2013 Qui est le favori ?<\/strong><\/p>\n<p>Si vous interrogez les quatre meilleures \u00e9quipes McLaren, Mercedes, Red Bull et Ferrari, vous obtiendrez toujours une r\u00e9ponse similaire : les autres sont les favoris. Passer la pression fait partie d&rsquo;une bonne forme en Formule 1. Mercedes s&rsquo;est montr\u00e9 confiant d\u00e8s le d\u00e9but des essais \u00e0 Bahre\u00efn, o\u00f9 aucune \u00e9quipe n&rsquo;a cependant montr\u00e9 tout son potentiel.<\/p>\n<p>Le moteur, d\u00e9velopp\u00e9 pour la premi\u00e8re fois ind\u00e9pendamment par l&rsquo;\u00e9quipe de course Red Bull de Max Verstappen en collaboration avec Ford, semble \u00eatre tr\u00e8s puissant. Cependant, un pilote Ferrari, Charles Leclerc, nouvellement mari\u00e9, a clairement r\u00e9alis\u00e9 le meilleur temps \u00e0 la fin des essais dans le d\u00e9sert il y a deux semaines.<\/p>\n<div id=\"attachment_437375\" class=\"wp-caption alignleft\" style=\"max-width: 300px\"><img decoding=\"async\" class=\"wp-image-437375 size-medium\" src=\"https:\/\/vieassociative.be\/actualites\/wp-content\/uploads\/2026\/03\/1772767042_255_La-Formule-1-entre-dans-une-nouvelle-ere-le.jpg\" alt=\"\" width=\"300\" height=\"200\"><\/div>\n<p>Pour McLaren, en revanche, il doit s&rsquo;agir de continuer \u00e0 devancer la concurrence apr\u00e8s les titres constructeurs en 2024 et 2025 ainsi que le premier titre pilote en 2025 pour Lando Norris. L&rsquo;un des plus grands rivaux de l&rsquo;Anglais est son propre co\u00e9quipier Oscar Piastri. Le natif de Melbourne aimerait d&rsquo;abord briser une mal\u00e9diction lors de son match \u00e0 domicile. Depuis le premier Grand Prix d&rsquo;Australie en 1985, aucun local n&rsquo;est mont\u00e9 sur le podium.<\/p>\n<p><strong>\u2013 Que pouvons-nous attendre du nouveau venu Audi ?<\/strong><\/p>\n<p>Audi c\u00e9l\u00e8bre sa premi\u00e8re en tant qu&rsquo;\u00e9quipe d&rsquo;usine \u00e0 Melbourne. La filiale Volkswagen peut s&rsquo;appuyer sur une grande exp\u00e9rience en Suisse ; apr\u00e8s tout, Kick Sauber a \u00e9t\u00e9 englouti.<\/p>\n<p>C&rsquo;\u00e9tait passionnant de \u00ab vivre la premi\u00e8re course d&rsquo;une toute nouvelle \u00e8re et les d\u00e9buts de l&rsquo;\u00e9quipe Audi \u00bb, a d\u00e9clar\u00e9 Nico H\u00fclkenberg, le seul pilote allemand restant. \u00ab Le chemin a \u00e9t\u00e9 long et cela a pris beaucoup de temps, mais maintenant nous y sommes enfin. \u00bb L&rsquo;enthousiasme se fait sentir au sein de l&rsquo;\u00e9quipe et dans les usines de Hinwil, o\u00f9 le ch\u00e2ssis a \u00e9t\u00e9 construit, et de Neuburg an der Donau, o\u00f9 le moteur a \u00e9t\u00e9 d\u00e9velopp\u00e9.<\/p>\n<p>Le patron de l&rsquo;\u00e9quipe Audi, Jonathan Wheatley, qui a d\u00e9but\u00e9 comme m\u00e9canicien junior chez Benetton en 1991 et y a travaill\u00e9, entre autres, sur la voiture de Michael Schumacher, souhaite un week-end de course sans probl\u00e8me. L\u2019objectif, bien s\u00fbr, est de marquer des points pour les d\u00e9buts.<\/p>\n<div id=\"attachment_421097\" class=\"wp-caption alignleft\" style=\"max-width: 300px\"><img decoding=\"async\" class=\"wp-image-421097 size-medium\" src=\"https:\/\/vieassociative.be\/actualites\/wp-content\/uploads\/2025\/07\/Dossier-de-visiteur-de-sondage-dans-Spa-Francorchamps-Quest-ce-qui-pousse.jpg\" alt=\"\" width=\"300\" height=\"184\"><\/div>\n<p><strong>\u2013 Quand a lieu le Grand Prix de Belgique ?<\/strong><\/p>\n<p>Le week-end du 19 juillet 2026, la Formule 1 sera de passage \u00e0 Spa-Francorchamps. Cependant, le Grand Prix de Belgique sur le l\u00e9gendaire Circuit de Spa-Francorchamps, l&rsquo;un des circuits les plus populaires et techniquement exigeants du calendrier, n&rsquo;aura plus lieu chaque ann\u00e9e \u00e0 partir de 2027. Au lieu de cela, Spa et le Grand Prix de Barcelone-Catalogne partageront leur place dans le calendrier tous les deux ans. Spa a lieu les ann\u00e9es impaires (par exemple 2027, 2029, 2031), Barcelone les ann\u00e9es paires (par exemple 2028, 2030, 2032).<\/p>\n<p><strong>\u2013 Quand Melbourne voyage-t-elle \u00e0 l\u2019heure belge ?<\/strong><\/p>\n<p>Si vous souhaitez suivre les deux premiers entra\u00eenements belges vendredi, il faudra vous lever tr\u00e8s t\u00f4t. De 2h30 \u00e0 6h00 CET, Verstappen &#038; Co. effectuera ses premiers tours de l&rsquo;ann\u00e9e sur le circuit du Grand Prix de Melbourne pendant une heure chacun. Avec la derni\u00e8re s\u00e9ance d&rsquo;entra\u00eenement samedi \u00e0 2h30, les pilotes s&rsquo;\u00e9chauffent pour la prochaine chasse aux places de d\u00e9part (6h00). La 29e \u00e9dition au Circuit Albert Park aura lieu dimanche \u00e0 partir de 5h00.<\/p>\n<p><strong>\u2013 Qui diffuse la course de Formule 1 en Australie ?<\/strong><\/p>\n<p>Comme d&rsquo;habitude, la RTBF (RTBF1 \u00ab\u00a0La Une\u00a0\u00bb ou RTBF2 \u00ab\u00a0Tipik\u00a0\u00bb) diffusera tout le week-end des courses. Il n&rsquo;y a toujours pas de contrat pour la t\u00e9l\u00e9vision gratuite en Allemagne. La saison derni\u00e8re, RTL, qui veut reprendre Sky, a diffus\u00e9 sept courses.<\/p>\n<p><strong>\u2013 Quand aura lieu quel Grand Prix en 2026 ?<\/strong><\/p>\n<ol>\n<li>Grand Prix d&rsquo;Australie \u2013 Circuit Albert Park, Melbourne (8 mars)<\/li>\n<li>Grand Prix de Chine \u2013 Circuit international de Shanghai, Shanghai (15 mars)<\/li>\n<li>Grand Prix du Japon \u2013 Circuit de Suzuka, Suzuka (29 mars)<\/li>\n<li>Grand Prix de Bahre\u00efn \u2013 Circuit international de Bahre\u00efn, Sakhir (12 avril)<\/li>\n<li>Grand Prix d&rsquo;Arabie Saoudite \u2013 Circuit de la corniche de Djeddah, Djeddah (19 avril)<\/li>\n<li>Grand Prix de Miami \u2013 Miami International Autodrome, \u00c9tats-Unis (3 mai)<\/li>\n<li>Grand Prix du Canada \u2013 Circuit Gilles Villeneuve, Montr\u00e9al (24 mai)<\/li>\n<li>Grand Prix de Monaco \u2013 Circuit de Monaco, Monaco (7 juin)<\/li>\n<li>Grand Prix de Barcelone-Catalogne \u2013 Circuit de Barcelone-Catalogne, Espagne (14 juin)<\/li>\n<li>Grand Prix d&rsquo;Autriche \u2013 Red Bull Ring, Spielberg (28 juin)<\/li>\n<li>Grand Prix de Grande-Bretagne \u2013 Circuit de Silverstone, Grande-Bretagne (5 juillet)<\/li>\n<li>Grand Prix de Belgique \u2013 Circuit de Spa-Francorchamps, Belgique (19 juillet)<\/li>\n<li>Grand Prix de Hongrie \u2013 Hungaroring, Hongrie (26 juillet)<\/li>\n<li>Grand Prix des Pays-Bas \u2013 Circuit Zandvoort, Pays-Bas (23 ao\u00fbt)<\/li>\n<li>Grand Prix d&rsquo;Italie \u2013 Circuit de Monza, Italie (6 septembre)<\/li>\n<li>Grand Prix d&rsquo;Espagne \u2013 Madring, Madrid (13 septembre)<\/li>\n<li>Grand Prix d&rsquo;Azerba\u00efdjan \u2013 Circuit urbain de Bakou, Azerba\u00efdjan (date ult\u00e9rieure)<\/li>\n<li>Grand Prix de Singapour \u2013 Marina Bay Street Circuit, Singapour (11 octobre)<\/li>\n<li>Grand Prix des \u00c9tats-Unis \u2013 Circuit des Am\u00e9riques, Austin (25 octobre)<\/li>\n<li>Grand Prix de Mexico \u2013 Autodromo Hermanos Rodr\u00edguez (1er novembre)<\/li>\n<li>Grand Prix de Sao Paulo \u2013 Circuit d\u2019Interlagos, Br\u00e9sil (8 novembre)<\/li>\n<li>Grand Prix de Las Vegas \u2013 Las Vegas Strip Circuit, \u00c9tats-Unis (21 novembre)<\/li>\n<li>Grand Prix du Qatar \u2013 Circuit international de Lusail, Qatar (29 novembre)<\/li>\n<li>Grand Prix d\u2019Abu Dhabi \u2013 Circuit Yas Marina, \u00c9mirats Arabes Unis (6 d\u00e9cembre)<\/li>\n<\/ol>\n<p>En raison de la guerre en Iran, des points d&rsquo;interrogation subsistent quant \u00e0 la quatri\u00e8me course de la saison pr\u00e9vue le 12 avril \u00e0 Bahre\u00efn, o\u00f9 les tests de pneus de Formule 1 n&rsquo;ont \u00e9t\u00e9 annul\u00e9s que ce week-end, et une semaine plus tard en Arabie Saoudite. (dpa\/cr\u00e9)<\/p>\n","protected":false},"excerpt":{"rendered":"<p>La Formule 1 conna\u00eet l\u2019une des r\u00e9formes r\u00e9glementaires les plus drastiques de son histoire. Il y a une vraie indication du rapport de force \u00e0<\/p>\n","protected":false},"author":1,"featured_media":11742,"comment_status":"","ping_status":"","sticky":false,"template":"","format":"standard","meta":{"footnotes":""},"categories":[298],"tags":[584,383,166,114,70,3862,4614,1119,14,1541,9994,491,1591,1399,10172,546,110],"class_list":["post-12912","post","type-post","status-publish","format-standard","has-post-thumbnail","hentry","category-belgique","tag-ans","tag-belgique","tag-dans","tag-deux","tag-entre","tag-ere","tag-formule","tag-grand","tag-les","tag-lieu","tag-naura","tag-nouvelle","tag-partir","tag-prix","tag-spa","tag-tous","tag-une","generate-columns","tablet-grid-50","mobile-grid-100","grid-parent","grid-33"],"yoast_head":"<!-- This site is optimized with the Yoast SEO plugin v24.0 - https:\/\/yoast.com\/wordpress\/plugins\/seo\/ -->\n<title>La Formule 1 entre dans une nouvelle \u00e8re : le Grand Prix de Belgique \u00e0 Spa n&#039;aura lieu que tous les deux ans \u00e0 partir de 2027 | Vie Associative<\/title>\n<meta name=\"robots\" content=\"index, follow, max-snippet:-1, max-image-preview:large, max-video-preview:-1\" \/>\n<link rel=\"canonical\" href=\"https:\/\/vieassociative.be\/actualites\/la-formule-1-entre-dans-une-nouvelle-ere-le-grand-prix-de-belgique-a-spa-naura-lieu-que-tous-les-deux-ans-a-partir-de-2027\/\" \/>\n<meta property=\"og:locale\" content=\"fr_FR\" \/>\n<meta property=\"og:type\" content=\"article\" \/>\n<meta property=\"og:title\" content=\"La Formule 1 entre dans une nouvelle \u00e8re : le Grand Prix de Belgique \u00e0 Spa n&#039;aura lieu que tous les deux ans \u00e0 partir de 2027 | Vie Associative\" \/>\n<meta property=\"og:description\" content=\"La Formule 1 conna\u00eet l\u2019une des r\u00e9formes r\u00e9glementaires les plus drastiques de son histoire. Il y a une vraie indication du rapport de force \u00e0\" \/>\n<meta property=\"og:url\" content=\"https:\/\/vieassociative.be\/actualites\/la-formule-1-entre-dans-une-nouvelle-ere-le-grand-prix-de-belgique-a-spa-naura-lieu-que-tous-les-deux-ans-a-partir-de-2027\/\" \/>\n<meta property=\"og:site_name\" content=\"Vie Associative\" \/>\n<meta property=\"article:published_time\" content=\"2026-03-06T03:17:22+00:00\" \/>\n<meta property=\"og:image\" content=\"https:\/\/vieassociative.be\/actualites\/wp-content\/uploads\/2024\/09\/header_backgroundk-01-e1726694325946.png\" \/>\n\t<meta property=\"og:image:width\" content=\"279\" \/>\n\t<meta property=\"og:image:height\" content=\"92\" \/>\n\t<meta property=\"og:image:type\" content=\"image\/png\" \/>\n<meta name=\"author\" content=\"Julien\" \/>\n<meta name=\"twitter:card\" content=\"summary_large_image\" \/>\n<meta name=\"twitter:label1\" content=\"\u00c9crit par\" \/>\n\t<meta name=\"twitter:data1\" content=\"Julien\" \/>\n\t<meta name=\"twitter:label2\" content=\"Dur\u00e9e de lecture est.\" \/>\n\t<meta name=\"twitter:data2\" content=\"6 minutes\" \/>\n<script type=\"application\/ld+json\" class=\"yoast-schema-graph\">{\"@context\":\"https:\/\/schema.org\",\"@graph\":[{\"@type\":\"Article\",\"@id\":\"https:\/\/vieassociative.be\/actualites\/la-formule-1-entre-dans-une-nouvelle-ere-le-grand-prix-de-belgique-a-spa-naura-lieu-que-tous-les-deux-ans-a-partir-de-2027\/#article\",\"isPartOf\":{\"@id\":\"https:\/\/vieassociative.be\/actualites\/la-formule-1-entre-dans-une-nouvelle-ere-le-grand-prix-de-belgique-a-spa-naura-lieu-que-tous-les-deux-ans-a-partir-de-2027\/\"},\"author\":{\"name\":\"Julien\",\"@id\":\"https:\/\/vieassociative.be\/actualites\/#\/schema\/person\/b87ac4f82f9d4e7b7cec7395b679edc4\"},\"headline\":\"La Formule 1 entre dans une nouvelle \u00e8re : le Grand Prix de Belgique \u00e0 Spa n&rsquo;aura lieu que tous les deux ans \u00e0 partir de 2027\",\"datePublished\":\"2026-03-06T03:17:22+00:00\",\"dateModified\":\"2026-03-06T03:17:22+00:00\",\"mainEntityOfPage\":{\"@id\":\"https:\/\/vieassociative.be\/actualites\/la-formule-1-entre-dans-une-nouvelle-ere-le-grand-prix-de-belgique-a-spa-naura-lieu-que-tous-les-deux-ans-a-partir-de-2027\/\"},\"wordCount\":1347,\"publisher\":{\"@id\":\"https:\/\/vieassociative.be\/actualites\/#organization\"},\"image\":{\"@id\":\"https:\/\/vieassociative.be\/actualites\/la-formule-1-entre-dans-une-nouvelle-ere-le-grand-prix-de-belgique-a-spa-naura-lieu-que-tous-les-deux-ans-a-partir-de-2027\/#primaryimage\"},\"thumbnailUrl\":\"https:\/\/vieassociative.be\/actualites\/wp-content\/uploads\/2025\/12\/Finale-de-Formule-1-comme-il-ny-en-avait-pas.jpg\",\"keywords\":[\"ans\",\"Belgique\",\"dans\",\"deux\",\"entre\",\"\u00e8re\",\"Formule\",\"grand\",\"Les\",\"lieu\",\"naura\",\"nouvelle\",\"partir\",\"prix\",\"Spa\",\"tous\",\"une\"],\"articleSection\":[\"Belgique\"],\"inLanguage\":\"fr-BE\"},{\"@type\":\"WebPage\",\"@id\":\"https:\/\/vieassociative.be\/actualites\/la-formule-1-entre-dans-une-nouvelle-ere-le-grand-prix-de-belgique-a-spa-naura-lieu-que-tous-les-deux-ans-a-partir-de-2027\/\",\"url\":\"https:\/\/vieassociative.be\/actualites\/la-formule-1-entre-dans-une-nouvelle-ere-le-grand-prix-de-belgique-a-spa-naura-lieu-que-tous-les-deux-ans-a-partir-de-2027\/\",\"name\":\"La Formule 1 entre dans une nouvelle \u00e8re : le Grand Prix de Belgique \u00e0 Spa n'aura lieu que tous les deux ans \u00e0 partir de 2027 | Vie Associative\",\"isPartOf\":{\"@id\":\"https:\/\/vieassociative.be\/actualites\/#website\"},\"primaryImageOfPage\":{\"@id\":\"https:\/\/vieassociative.be\/actualites\/la-formule-1-entre-dans-une-nouvelle-ere-le-grand-prix-de-belgique-a-spa-naura-lieu-que-tous-les-deux-ans-a-partir-de-2027\/#primaryimage\"},\"image\":{\"@id\":\"https:\/\/vieassociative.be\/actualites\/la-formule-1-entre-dans-une-nouvelle-ere-le-grand-prix-de-belgique-a-spa-naura-lieu-que-tous-les-deux-ans-a-partir-de-2027\/#primaryimage\"},\"thumbnailUrl\":\"https:\/\/vieassociative.be\/actualites\/wp-content\/uploads\/2025\/12\/Finale-de-Formule-1-comme-il-ny-en-avait-pas.jpg\",\"datePublished\":\"2026-03-06T03:17:22+00:00\",\"dateModified\":\"2026-03-06T03:17:22+00:00\",\"breadcrumb\":{\"@id\":\"https:\/\/vieassociative.be\/actualites\/la-formule-1-entre-dans-une-nouvelle-ere-le-grand-prix-de-belgique-a-spa-naura-lieu-que-tous-les-deux-ans-a-partir-de-2027\/#breadcrumb\"},\"inLanguage\":\"fr-BE\",\"potentialAction\":[{\"@type\":\"ReadAction\",\"target\":[\"https:\/\/vieassociative.be\/actualites\/la-formule-1-entre-dans-une-nouvelle-ere-le-grand-prix-de-belgique-a-spa-naura-lieu-que-tous-les-deux-ans-a-partir-de-2027\/\"]}]},{\"@type\":\"ImageObject\",\"inLanguage\":\"fr-BE\",\"@id\":\"https:\/\/vieassociative.be\/actualites\/la-formule-1-entre-dans-une-nouvelle-ere-le-grand-prix-de-belgique-a-spa-naura-lieu-que-tous-les-deux-ans-a-partir-de-2027\/#primaryimage\",\"url\":\"https:\/\/vieassociative.be\/actualites\/wp-content\/uploads\/2025\/12\/Finale-de-Formule-1-comme-il-ny-en-avait-pas.jpg\",\"contentUrl\":\"https:\/\/vieassociative.be\/actualites\/wp-content\/uploads\/2025\/12\/Finale-de-Formule-1-comme-il-ny-en-avait-pas.jpg\",\"width\":1200,\"height\":800,\"caption\":\"Finale de Formule 1 comme il n'y en avait pas eu depuis longtemps : Lando Norris champion du monde\"},{\"@type\":\"BreadcrumbList\",\"@id\":\"https:\/\/vieassociative.be\/actualites\/la-formule-1-entre-dans-une-nouvelle-ere-le-grand-prix-de-belgique-a-spa-naura-lieu-que-tous-les-deux-ans-a-partir-de-2027\/#breadcrumb\",\"itemListElement\":[{\"@type\":\"ListItem\",\"position\":1,\"name\":\"Accueil\",\"item\":\"https:\/\/vieassociative.be\/actualites\/\"},{\"@type\":\"ListItem\",\"position\":2,\"name\":\"La Formule 1 entre dans une nouvelle \u00e8re : le Grand Prix de Belgique \u00e0 Spa n&rsquo;aura lieu que tous les deux ans \u00e0 partir de 2027\"}]},{\"@type\":\"WebSite\",\"@id\":\"https:\/\/vieassociative.be\/actualites\/#website\",\"url\":\"https:\/\/vieassociative.be\/actualites\/\",\"name\":\"Vie Associative\",\"description\":\"\",\"publisher\":{\"@id\":\"https:\/\/vieassociative.be\/actualites\/#organization\"},\"potentialAction\":[{\"@type\":\"SearchAction\",\"target\":{\"@type\":\"EntryPoint\",\"urlTemplate\":\"https:\/\/vieassociative.be\/actualites\/?s={search_term_string}\"},\"query-input\":{\"@type\":\"PropertyValueSpecification\",\"valueRequired\":true,\"valueName\":\"search_term_string\"}}],\"inLanguage\":\"fr-BE\"},{\"@type\":\"Organization\",\"@id\":\"https:\/\/vieassociative.be\/actualites\/#organization\",\"name\":\"Vie Associative\",\"url\":\"https:\/\/vieassociative.be\/actualites\/\",\"logo\":{\"@type\":\"ImageObject\",\"inLanguage\":\"fr-BE\",\"@id\":\"https:\/\/vieassociative.be\/actualites\/#\/schema\/logo\/image\/\",\"url\":\"https:\/\/vieassociative.be\/actualites\/wp-content\/uploads\/2024\/09\/cropped-vieassociative_favicon.ico.png\",\"contentUrl\":\"https:\/\/vieassociative.be\/actualites\/wp-content\/uploads\/2024\/09\/cropped-vieassociative_favicon.ico.png\",\"width\":512,\"height\":512,\"caption\":\"Vie Associative\"},\"image\":{\"@id\":\"https:\/\/vieassociative.be\/actualites\/#\/schema\/logo\/image\/\"}},{\"@type\":\"Person\",\"@id\":\"https:\/\/vieassociative.be\/actualites\/#\/schema\/person\/b87ac4f82f9d4e7b7cec7395b679edc4\",\"name\":\"Julien\",\"image\":{\"@type\":\"ImageObject\",\"inLanguage\":\"fr-BE\",\"@id\":\"https:\/\/vieassociative.be\/actualites\/#\/schema\/person\/image\/\",\"url\":\"https:\/\/vieassociative.be\/actualites\/wp-content\/uploads\/2024\/09\/vie-associative-1-150x150.jpg\",\"contentUrl\":\"https:\/\/vieassociative.be\/actualites\/wp-content\/uploads\/2024\/09\/vie-associative-1-150x150.jpg\",\"caption\":\"Julien\"},\"description\":\"Je suis Julien, r\u00e9dacteur pour Vie Associative. Passionn\u00e9 par le monde associatif depuis plus de 10 ans, j'ai \u00e0 c\u0153ur de partager des histoires inspirantes et de mettre en lumi\u00e8re les initiatives locales. Mon objectif est de sensibiliser et d'encourager l'engagement communautaire \u00e0 travers mes articles.\",\"sameAs\":[\"https:\/\/vieassociative.be\/\"]}]}<\/script>\n<!-- \/ Yoast SEO plugin. -->","yoast_head_json":{"title":"La Formule 1 entre dans une nouvelle \u00e8re : le Grand Prix de Belgique \u00e0 Spa n'aura lieu que tous les deux ans \u00e0 partir de 2027 | Vie Associative","robots":{"index":"index","follow":"follow","max-snippet":"max-snippet:-1","max-image-preview":"max-image-preview:large","max-video-preview":"max-video-preview:-1"},"canonical":"https:\/\/vieassociative.be\/actualites\/la-formule-1-entre-dans-une-nouvelle-ere-le-grand-prix-de-belgique-a-spa-naura-lieu-que-tous-les-deux-ans-a-partir-de-2027\/","og_locale":"fr_FR","og_type":"article","og_title":"La Formule 1 entre dans une nouvelle \u00e8re : le Grand Prix de Belgique \u00e0 Spa n'aura lieu que tous les deux ans \u00e0 partir de 2027 | Vie Associative","og_description":"La Formule 1 conna\u00eet l\u2019une des r\u00e9formes r\u00e9glementaires les plus drastiques de son histoire. Il y a une vraie indication du rapport de force \u00e0","og_url":"https:\/\/vieassociative.be\/actualites\/la-formule-1-entre-dans-une-nouvelle-ere-le-grand-prix-de-belgique-a-spa-naura-lieu-que-tous-les-deux-ans-a-partir-de-2027\/","og_site_name":"Vie Associative","article_published_time":"2026-03-06T03:17:22+00:00","og_image":[{"width":279,"height":92,"url":"https:\/\/vieassociative.be\/actualites\/wp-content\/uploads\/2024\/09\/header_backgroundk-01-e1726694325946.png","type":"image\/png"}],"author":"Julien","twitter_card":"summary_large_image","twitter_misc":{"\u00c9crit par":"Julien","Dur\u00e9e de lecture est.":"6 minutes"},"schema":{"@context":"https:\/\/schema.org","@graph":[{"@type":"Article","@id":"https:\/\/vieassociative.be\/actualites\/la-formule-1-entre-dans-une-nouvelle-ere-le-grand-prix-de-belgique-a-spa-naura-lieu-que-tous-les-deux-ans-a-partir-de-2027\/#article","isPartOf":{"@id":"https:\/\/vieassociative.be\/actualites\/la-formule-1-entre-dans-une-nouvelle-ere-le-grand-prix-de-belgique-a-spa-naura-lieu-que-tous-les-deux-ans-a-partir-de-2027\/"},"author":{"name":"Julien","@id":"https:\/\/vieassociative.be\/actualites\/#\/schema\/person\/b87ac4f82f9d4e7b7cec7395b679edc4"},"headline":"La Formule 1 entre dans une nouvelle \u00e8re : le Grand Prix de Belgique \u00e0 Spa n&rsquo;aura lieu que tous les deux ans \u00e0 partir de 2027","datePublished":"2026-03-06T03:17:22+00:00","dateModified":"2026-03-06T03:17:22+00:00","mainEntityOfPage":{"@id":"https:\/\/vieassociative.be\/actualites\/la-formule-1-entre-dans-une-nouvelle-ere-le-grand-prix-de-belgique-a-spa-naura-lieu-que-tous-les-deux-ans-a-partir-de-2027\/"},"wordCount":1347,"publisher":{"@id":"https:\/\/vieassociative.be\/actualites\/#organization"},"image":{"@id":"https:\/\/vieassociative.be\/actualites\/la-formule-1-entre-dans-une-nouvelle-ere-le-grand-prix-de-belgique-a-spa-naura-lieu-que-tous-les-deux-ans-a-partir-de-2027\/#primaryimage"},"thumbnailUrl":"https:\/\/vieassociative.be\/actualites\/wp-content\/uploads\/2025\/12\/Finale-de-Formule-1-comme-il-ny-en-avait-pas.jpg","keywords":["ans","Belgique","dans","deux","entre","\u00e8re","Formule","grand","Les","lieu","naura","nouvelle","partir","prix","Spa","tous","une"],"articleSection":["Belgique"],"inLanguage":"fr-BE"},{"@type":"WebPage","@id":"https:\/\/vieassociative.be\/actualites\/la-formule-1-entre-dans-une-nouvelle-ere-le-grand-prix-de-belgique-a-spa-naura-lieu-que-tous-les-deux-ans-a-partir-de-2027\/","url":"https:\/\/vieassociative.be\/actualites\/la-formule-1-entre-dans-une-nouvelle-ere-le-grand-prix-de-belgique-a-spa-naura-lieu-que-tous-les-deux-ans-a-partir-de-2027\/","name":"La Formule 1 entre dans une nouvelle \u00e8re : le Grand Prix de Belgique \u00e0 Spa n'aura lieu que tous les deux ans \u00e0 partir de 2027 | Vie Associative","isPartOf":{"@id":"https:\/\/vieassociative.be\/actualites\/#website"},"primaryImageOfPage":{"@id":"https:\/\/vieassociative.be\/actualites\/la-formule-1-entre-dans-une-nouvelle-ere-le-grand-prix-de-belgique-a-spa-naura-lieu-que-tous-les-deux-ans-a-partir-de-2027\/#primaryimage"},"image":{"@id":"https:\/\/vieassociative.be\/actualites\/la-formule-1-entre-dans-une-nouvelle-ere-le-grand-prix-de-belgique-a-spa-naura-lieu-que-tous-les-deux-ans-a-partir-de-2027\/#primaryimage"},"thumbnailUrl":"https:\/\/vieassociative.be\/actualites\/wp-content\/uploads\/2025\/12\/Finale-de-Formule-1-comme-il-ny-en-avait-pas.jpg","datePublished":"2026-03-06T03:17:22+00:00","dateModified":"2026-03-06T03:17:22+00:00","breadcrumb":{"@id":"https:\/\/vieassociative.be\/actualites\/la-formule-1-entre-dans-une-nouvelle-ere-le-grand-prix-de-belgique-a-spa-naura-lieu-que-tous-les-deux-ans-a-partir-de-2027\/#breadcrumb"},"inLanguage":"fr-BE","potentialAction":[{"@type":"ReadAction","target":["https:\/\/vieassociative.be\/actualites\/la-formule-1-entre-dans-une-nouvelle-ere-le-grand-prix-de-belgique-a-spa-naura-lieu-que-tous-les-deux-ans-a-partir-de-2027\/"]}]},{"@type":"ImageObject","inLanguage":"fr-BE","@id":"https:\/\/vieassociative.be\/actualites\/la-formule-1-entre-dans-une-nouvelle-ere-le-grand-prix-de-belgique-a-spa-naura-lieu-que-tous-les-deux-ans-a-partir-de-2027\/#primaryimage","url":"https:\/\/vieassociative.be\/actualites\/wp-content\/uploads\/2025\/12\/Finale-de-Formule-1-comme-il-ny-en-avait-pas.jpg","contentUrl":"https:\/\/vieassociative.be\/actualites\/wp-content\/uploads\/2025\/12\/Finale-de-Formule-1-comme-il-ny-en-avait-pas.jpg","width":1200,"height":800,"caption":"Finale de Formule 1 comme il n'y en avait pas eu depuis longtemps : Lando Norris champion du monde"},{"@type":"BreadcrumbList","@id":"https:\/\/vieassociative.be\/actualites\/la-formule-1-entre-dans-une-nouvelle-ere-le-grand-prix-de-belgique-a-spa-naura-lieu-que-tous-les-deux-ans-a-partir-de-2027\/#breadcrumb","itemListElement":[{"@type":"ListItem","position":1,"name":"Accueil","item":"https:\/\/vieassociative.be\/actualites\/"},{"@type":"ListItem","position":2,"name":"La Formule 1 entre dans une nouvelle \u00e8re : le Grand Prix de Belgique \u00e0 Spa n&rsquo;aura lieu que tous les deux ans \u00e0 partir de 2027"}]},{"@type":"WebSite","@id":"https:\/\/vieassociative.be\/actualites\/#website","url":"https:\/\/vieassociative.be\/actualites\/","name":"Vie Associative","description":"","publisher":{"@id":"https:\/\/vieassociative.be\/actualites\/#organization"},"potentialAction":[{"@type":"SearchAction","target":{"@type":"EntryPoint","urlTemplate":"https:\/\/vieassociative.be\/actualites\/?s={search_term_string}"},"query-input":{"@type":"PropertyValueSpecification","valueRequired":true,"valueName":"search_term_string"}}],"inLanguage":"fr-BE"},{"@type":"Organization","@id":"https:\/\/vieassociative.be\/actualites\/#organization","name":"Vie Associative","url":"https:\/\/vieassociative.be\/actualites\/","logo":{"@type":"ImageObject","inLanguage":"fr-BE","@id":"https:\/\/vieassociative.be\/actualites\/#\/schema\/logo\/image\/","url":"https:\/\/vieassociative.be\/actualites\/wp-content\/uploads\/2024\/09\/cropped-vieassociative_favicon.ico.png","contentUrl":"https:\/\/vieassociative.be\/actualites\/wp-content\/uploads\/2024\/09\/cropped-vieassociative_favicon.ico.png","width":512,"height":512,"caption":"Vie Associative"},"image":{"@id":"https:\/\/vieassociative.be\/actualites\/#\/schema\/logo\/image\/"}},{"@type":"Person","@id":"https:\/\/vieassociative.be\/actualites\/#\/schema\/person\/b87ac4f82f9d4e7b7cec7395b679edc4","name":"Julien","image":{"@type":"ImageObject","inLanguage":"fr-BE","@id":"https:\/\/vieassociative.be\/actualites\/#\/schema\/person\/image\/","url":"https:\/\/vieassociative.be\/actualites\/wp-content\/uploads\/2024\/09\/vie-associative-1-150x150.jpg","contentUrl":"https:\/\/vieassociative.be\/actualites\/wp-content\/uploads\/2024\/09\/vie-associative-1-150x150.jpg","caption":"Julien"},"description":"Je suis Julien, r\u00e9dacteur pour Vie Associative. Passionn\u00e9 par le monde associatif depuis plus de 10 ans, j'ai \u00e0 c\u0153ur de partager des histoires inspirantes et de mettre en lumi\u00e8re les initiatives locales. Mon objectif est de sensibiliser et d'encourager l'engagement communautaire \u00e0 travers mes articles.","sameAs":["https:\/\/vieassociative.be\/"]}]}},"_links":{"self":[{"href":"https:\/\/vieassociative.be\/actualites\/wp-json\/wp\/v2\/posts\/12912"}],"collection":[{"href":"https:\/\/vieassociative.be\/actualites\/wp-json\/wp\/v2\/posts"}],"about":[{"href":"https:\/\/vieassociative.be\/actualites\/wp-json\/wp\/v2\/types\/post"}],"author":[{"embeddable":true,"href":"https:\/\/vieassociative.be\/actualites\/wp-json\/wp\/v2\/users\/1"}],"replies":[{"embeddable":true,"href":"https:\/\/vieassociative.be\/actualites\/wp-json\/wp\/v2\/comments?post=12912"}],"version-history":[{"count":0,"href":"https:\/\/vieassociative.be\/actualites\/wp-json\/wp\/v2\/posts\/12912\/revisions"}],"wp:featuredmedia":[{"embeddable":true,"href":"https:\/\/vieassociative.be\/actualites\/wp-json\/wp\/v2\/media\/11742"}],"wp:attachment":[{"href":"https:\/\/vieassociative.be\/actualites\/wp-json\/wp\/v2\/media?parent=12912"}],"wp:term":[{"taxonomy":"category","embeddable":true,"href":"https:\/\/vieassociative.be\/actualites\/wp-json\/wp\/v2\/categories?post=12912"},{"taxonomy":"post_tag","embeddable":true,"href":"https:\/\/vieassociative.be\/actualites\/wp-json\/wp\/v2\/tags?post=12912"}],"curies":[{"name":"wp","href":"https:\/\/api.w.org\/{rel}","templated":true}]}}