{"id":12908,"date":"2026-03-05T22:17:29","date_gmt":"2026-03-05T21:17:29","guid":{"rendered":"https:\/\/vieassociative.be\/actualites\/le-ptb-veut-geler-les-prix-du-carburant-dans-les-stations-service-critique-du-gouvernement-et-des-multinationales\/"},"modified":"2026-03-05T22:17:29","modified_gmt":"2026-03-05T21:17:29","slug":"le-ptb-veut-geler-les-prix-du-carburant-dans-les-stations-service-critique-du-gouvernement-et-des-multinationales","status":"publish","type":"post","link":"https:\/\/vieassociative.be\/actualites\/le-ptb-veut-geler-les-prix-du-carburant-dans-les-stations-service-critique-du-gouvernement-et-des-multinationales\/","title":{"rendered":"Le PTB veut geler les prix du carburant dans les stations-service \u2013 critique du gouvernement et des multinationales"},"content":{"rendered":"<p><strong>Raoul Hedebouw \u00e9tait l&rsquo;invit\u00e9 du studio de la radio francophone Bel RTL jeudi matin. Face \u00e0 l&rsquo;augmentation drastique des prix de l&rsquo;\u00e9nergie provoqu\u00e9e par le conflit au Moyen-Orient, le pr\u00e9sident du parti d&rsquo;extr\u00eame gauche PTB r\u00e9clame un plafonnement des prix des carburants.<\/strong><\/p>\n<p><span id=\"more-437382\"><\/span>Hedebouw a \u00e9voqu\u00e9 la situation \u00e9nerg\u00e9tique dans le contexte du conflit au Moyen-Orient. Le PTB a pr\u00e9sent\u00e9 un plan \u00e9nerg\u00e9tique d&rsquo;urgence alors que les prix du gaz ont augment\u00e9 de 75 pour cent en une semaine. Le parti r\u00e9clame un plafonnement des prix.<\/p>\n<p>\u00ab\u00a0L&rsquo;Etat belge gagnera beaucoup d&rsquo;argent gr\u00e2ce \u00e0 la TVA et aux accises\u00a0\u00bb, a d\u00e9clar\u00e9 le chef du Parti travailliste. \u00ab\u00a0Qui supportera les cons\u00e9quences de cette guerre en Iran ? Bien s\u00fbr, ce seront les peuples de la r\u00e9gion, mais aussi les travailleurs d&rsquo;Europe et de Belgique qui devront payer plus cher leur diesel, plus cher leur essence, etc.\u00a0\u00bb<\/p>\n<div id=\"attachment_437384\" class=\"wp-caption alignleft\" style=\"max-width: 300px\"><img fetchpriority=\"high\" decoding=\"async\" class=\"wp-image-437384 size-medium\" src=\"https:\/\/vieassociative.be\/actualites\/wp-content\/uploads\/2026\/03\/Le-PTB-veut-geler-les-prix-du-carburant-dans-les.jpg\" alt=\"\" width=\"300\" height=\"225\"><\/div>\n<p>Le pr\u00e9sident du PTB a critiqu\u00e9 la mesure de la Coalition de l&rsquo;Arizona parce qu&rsquo;elle augmentait les taxes d&rsquo;accise. \u00ab\u00a0Nous payions d\u00e9j\u00e0 156 euros par an de droits d&rsquo;accise. Aujourd&rsquo;hui, gr\u00e2ce \u00e0 cette mesure, nous payons 78 euros de plus\u00a0\u00bb, a d\u00e9plor\u00e9 Raoul Hedebouw. \u00ab\u00a0Le PTB demande le retrait de cette mesure.\u00a0\u00bb<\/p>\n<p><strong>\u2013 Un blocage au niveau de la pompe \u00e0 essence :<\/strong> Une autre revendication est de bloquer le prix du carburant \u00e0 1,60 euro le litre \u00e0 la pompe. \u00ab\u00a0La moiti\u00e9 du prix de l&rsquo;essence et du gaz \u00e0 la pompe est constitu\u00e9e de taxes, de TVA et de droits d&rsquo;accises\u00a0\u00bb, a expliqu\u00e9 le d\u00e9put\u00e9. \u00ab\u00a0Ce n&rsquo;est pas bien. La guerre rapporte des profits aux multinationales p\u00e9troli\u00e8res. C&rsquo;est mauvais. Pour moi, ce sont des profits de guerre, des profits vraiment excessifs.\u00a0\u00bb<\/p>\n<p><strong>\u2013 Comment financer ?<\/strong> Comment financer ce frein aux prix ? \u00ab\u00a0Nous payons cette r\u00e9duction, ce prix fixe, par des augmentations de TVA\u00a0\u00bb, explique Hedebouw. \u00ab\u00a0Deuxi\u00e8mement, nous devons nous attaquer aux profits excessifs des multinationales. Un projet de loi est d\u00e9j\u00e0 sur la table, notamment en raison de la crise \u00e9nerg\u00e9tique. Je vous rappelle que les grandes multinationales ont d\u00e9j\u00e0 gagn\u00e9 beaucoup d&rsquo;argent. Nous pouvons donc \u00e9cr\u00e9mer ces profits exc\u00e9dentaires qui sont r\u00e9alis\u00e9s.\u00a0\u00bb (cr\u00e9er)<\/p>\n<p><em><strong>Sur le sujet, voir aussi l&rsquo;article suivant sur l&rsquo;OD :<\/strong><\/em><\/p>\n<div class=\"responsive-embed widescreen\">\n<blockquote class=\"wp-embedded-content\" data-secret=\"AsQicRWF88\">\n<p>\u00ab Folie du carburant \u00bb dans les stations-service de l\u2019Est de la Belgique \u2013 \u00c0 Eupen, il y a eu un diff\u00e9rend sur l\u2019ordre de ravitaillement<\/p>\n<\/blockquote>\n<p><iframe loading=\"lazy\" class=\"wp-embedded-content\" sandbox=\"allow-scripts\" security=\"restricted\" style=\"position: absolute; visibility: hidden;\" title=\"\u201e\u201eSprit-Wahnsinn\u201c an ostbelgischen Tankstellen \u2013 In Eupen gab es Streit \u00fcber Reihenfolge des Betankens\u201c \u2013 Ostbelgien Direkt\" src=\"https:\/\/ostbelgiendirekt.be\/about:blank\" data-secret=\"AsQicRWF88\" width=\"500\" height=\"282\" frameborder=\"0\" marginwidth=\"0\" marginheight=\"0\" scrolling=\"no\" data-rocket-lazyload=\"fitvidscompatible\" data-lazy-src=\"https:\/\/ostbelgiendirekt.be\/iran-oelpreise-steigen-437329\/embed#?secret=B5cgC8g8Kf#?secret=AsQicRWF88\"><\/iframe><noscript><iframe class=\"wp-embedded-content\" sandbox=\"allow-scripts\" security=\"restricted\" style=\"position: absolute; visibility: hidden;\" title=\"\u201e\u201eSprit-Wahnsinn\u201c an ostbelgischen Tankstellen \u2013 In Eupen gab es Streit \u00fcber Reihenfolge des Betankens\u201c \u2013 Ostbelgien Direkt\" src=\"https:\/\/ostbelgiendirekt.be\/iran-oelpreise-steigen-437329\/embed#?secret=B5cgC8g8Kf#?secret=AsQicRWF88\" data-secret=\"AsQicRWF88\" width=\"500\" height=\"282\" frameborder=\"0\" marginwidth=\"0\" marginheight=\"0\" scrolling=\"no\"><\/iframe><\/noscript><\/p>\n<\/div>\n","protected":false},"excerpt":{"rendered":"<p>Raoul Hedebouw \u00e9tait l&rsquo;invit\u00e9 du studio de la radio francophone Bel RTL jeudi matin. Face \u00e0 l&rsquo;augmentation drastique des prix de l&rsquo;\u00e9nergie provoqu\u00e9e par le<\/p>\n","protected":false},"author":1,"featured_media":12909,"comment_status":"","ping_status":"","sticky":false,"template":"","format":"standard","meta":{"footnotes":""},"categories":[298],"tags":[10171,3364,166,29,10170,615,14,9266,1399,2972,10150,2635],"class_list":["post-12908","post","type-post","status-publish","format-standard","has-post-thumbnail","hentry","category-belgique","tag-carburant","tag-critique","tag-dans","tag-des","tag-geler","tag-gouvernement","tag-les","tag-multinationales","tag-prix","tag-ptb","tag-stationsservice","tag-veut","generate-columns","tablet-grid-50","mobile-grid-100","grid-parent","grid-33"],"yoast_head":"<!-- This site is optimized with the Yoast SEO plugin v24.0 - https:\/\/yoast.com\/wordpress\/plugins\/seo\/ -->\n<title>Le PTB veut geler les prix du carburant dans les stations-service \u2013 critique du gouvernement et des multinationales | Vie Associative<\/title>\n<meta name=\"robots\" content=\"index, follow, max-snippet:-1, max-image-preview:large, max-video-preview:-1\" \/>\n<link rel=\"canonical\" href=\"https:\/\/vieassociative.be\/actualites\/le-ptb-veut-geler-les-prix-du-carburant-dans-les-stations-service-critique-du-gouvernement-et-des-multinationales\/\" \/>\n<meta property=\"og:locale\" content=\"fr_FR\" \/>\n<meta property=\"og:type\" content=\"article\" \/>\n<meta property=\"og:title\" content=\"Le PTB veut geler les prix du carburant dans les stations-service \u2013 critique du gouvernement et des multinationales | Vie Associative\" \/>\n<meta property=\"og:description\" content=\"Raoul Hedebouw \u00e9tait l&rsquo;invit\u00e9 du studio de la radio francophone Bel RTL jeudi matin. Face \u00e0 l&rsquo;augmentation drastique des prix de l&rsquo;\u00e9nergie provoqu\u00e9e par le\" \/>\n<meta property=\"og:url\" content=\"https:\/\/vieassociative.be\/actualites\/le-ptb-veut-geler-les-prix-du-carburant-dans-les-stations-service-critique-du-gouvernement-et-des-multinationales\/\" \/>\n<meta property=\"og:site_name\" content=\"Vie Associative\" \/>\n<meta property=\"article:published_time\" content=\"2026-03-05T21:17:29+00:00\" \/>\n<meta property=\"og:image\" content=\"https:\/\/vieassociative.be\/actualites\/wp-content\/uploads\/2024\/09\/header_backgroundk-01-e1726694325946.png\" \/>\n\t<meta property=\"og:image:width\" content=\"279\" \/>\n\t<meta property=\"og:image:height\" content=\"92\" \/>\n\t<meta property=\"og:image:type\" content=\"image\/png\" \/>\n<meta name=\"author\" content=\"Julien\" \/>\n<meta name=\"twitter:card\" content=\"summary_large_image\" \/>\n<meta name=\"twitter:label1\" content=\"\u00c9crit par\" \/>\n\t<meta name=\"twitter:data1\" content=\"Julien\" \/>\n\t<meta name=\"twitter:label2\" content=\"Dur\u00e9e de lecture est.\" \/>\n\t<meta name=\"twitter:data2\" content=\"2 minutes\" \/>\n<script type=\"application\/ld+json\" class=\"yoast-schema-graph\">{\"@context\":\"https:\/\/schema.org\",\"@graph\":[{\"@type\":\"Article\",\"@id\":\"https:\/\/vieassociative.be\/actualites\/le-ptb-veut-geler-les-prix-du-carburant-dans-les-stations-service-critique-du-gouvernement-et-des-multinationales\/#article\",\"isPartOf\":{\"@id\":\"https:\/\/vieassociative.be\/actualites\/le-ptb-veut-geler-les-prix-du-carburant-dans-les-stations-service-critique-du-gouvernement-et-des-multinationales\/\"},\"author\":{\"name\":\"Julien\",\"@id\":\"https:\/\/vieassociative.be\/actualites\/#\/schema\/person\/b87ac4f82f9d4e7b7cec7395b679edc4\"},\"headline\":\"Le PTB veut geler les prix du carburant dans les stations-service \u2013 critique du gouvernement et des multinationales\",\"datePublished\":\"2026-03-05T21:17:29+00:00\",\"dateModified\":\"2026-03-05T21:17:29+00:00\",\"mainEntityOfPage\":{\"@id\":\"https:\/\/vieassociative.be\/actualites\/le-ptb-veut-geler-les-prix-du-carburant-dans-les-stations-service-critique-du-gouvernement-et-des-multinationales\/\"},\"wordCount\":435,\"publisher\":{\"@id\":\"https:\/\/vieassociative.be\/actualites\/#organization\"},\"image\":{\"@id\":\"https:\/\/vieassociative.be\/actualites\/le-ptb-veut-geler-les-prix-du-carburant-dans-les-stations-service-critique-du-gouvernement-et-des-multinationales\/#primaryimage\"},\"thumbnailUrl\":\"https:\/\/vieassociative.be\/actualites\/wp-content\/uploads\/2026\/03\/Le-PTB-veut-geler-les-prix-du-carburant-dans-les.jpeg\",\"keywords\":[\"carburant\",\"critique\",\"dans\",\"Des\",\"geler\",\"gouvernement\",\"Les\",\"multinationales\",\"prix\",\"PTB\",\"stationsservice\",\"veut\"],\"articleSection\":[\"Belgique\"],\"inLanguage\":\"fr-BE\"},{\"@type\":\"WebPage\",\"@id\":\"https:\/\/vieassociative.be\/actualites\/le-ptb-veut-geler-les-prix-du-carburant-dans-les-stations-service-critique-du-gouvernement-et-des-multinationales\/\",\"url\":\"https:\/\/vieassociative.be\/actualites\/le-ptb-veut-geler-les-prix-du-carburant-dans-les-stations-service-critique-du-gouvernement-et-des-multinationales\/\",\"name\":\"Le PTB veut geler les prix du carburant dans les stations-service \u2013 critique du gouvernement et des multinationales | Vie Associative\",\"isPartOf\":{\"@id\":\"https:\/\/vieassociative.be\/actualites\/#website\"},\"primaryImageOfPage\":{\"@id\":\"https:\/\/vieassociative.be\/actualites\/le-ptb-veut-geler-les-prix-du-carburant-dans-les-stations-service-critique-du-gouvernement-et-des-multinationales\/#primaryimage\"},\"image\":{\"@id\":\"https:\/\/vieassociative.be\/actualites\/le-ptb-veut-geler-les-prix-du-carburant-dans-les-stations-service-critique-du-gouvernement-et-des-multinationales\/#primaryimage\"},\"thumbnailUrl\":\"https:\/\/vieassociative.be\/actualites\/wp-content\/uploads\/2026\/03\/Le-PTB-veut-geler-les-prix-du-carburant-dans-les.jpeg\",\"datePublished\":\"2026-03-05T21:17:29+00:00\",\"dateModified\":\"2026-03-05T21:17:29+00:00\",\"breadcrumb\":{\"@id\":\"https:\/\/vieassociative.be\/actualites\/le-ptb-veut-geler-les-prix-du-carburant-dans-les-stations-service-critique-du-gouvernement-et-des-multinationales\/#breadcrumb\"},\"inLanguage\":\"fr-BE\",\"potentialAction\":[{\"@type\":\"ReadAction\",\"target\":[\"https:\/\/vieassociative.be\/actualites\/le-ptb-veut-geler-les-prix-du-carburant-dans-les-stations-service-critique-du-gouvernement-et-des-multinationales\/\"]}]},{\"@type\":\"ImageObject\",\"inLanguage\":\"fr-BE\",\"@id\":\"https:\/\/vieassociative.be\/actualites\/le-ptb-veut-geler-les-prix-du-carburant-dans-les-stations-service-critique-du-gouvernement-et-des-multinationales\/#primaryimage\",\"url\":\"https:\/\/vieassociative.be\/actualites\/wp-content\/uploads\/2026\/03\/Le-PTB-veut-geler-les-prix-du-carburant-dans-les.jpeg\",\"contentUrl\":\"https:\/\/vieassociative.be\/actualites\/wp-content\/uploads\/2026\/03\/Le-PTB-veut-geler-les-prix-du-carburant-dans-les.jpeg\",\"width\":1200,\"height\":800,\"caption\":\"Le PTB veut geler les prix du carburant dans les stations-service \u2013 critique du gouvernement et des multinationales\"},{\"@type\":\"BreadcrumbList\",\"@id\":\"https:\/\/vieassociative.be\/actualites\/le-ptb-veut-geler-les-prix-du-carburant-dans-les-stations-service-critique-du-gouvernement-et-des-multinationales\/#breadcrumb\",\"itemListElement\":[{\"@type\":\"ListItem\",\"position\":1,\"name\":\"Accueil\",\"item\":\"https:\/\/vieassociative.be\/actualites\/\"},{\"@type\":\"ListItem\",\"position\":2,\"name\":\"Le PTB veut geler les prix du carburant dans les stations-service \u2013 critique du gouvernement et des multinationales\"}]},{\"@type\":\"WebSite\",\"@id\":\"https:\/\/vieassociative.be\/actualites\/#website\",\"url\":\"https:\/\/vieassociative.be\/actualites\/\",\"name\":\"Vie Associative\",\"description\":\"\",\"publisher\":{\"@id\":\"https:\/\/vieassociative.be\/actualites\/#organization\"},\"potentialAction\":[{\"@type\":\"SearchAction\",\"target\":{\"@type\":\"EntryPoint\",\"urlTemplate\":\"https:\/\/vieassociative.be\/actualites\/?s={search_term_string}\"},\"query-input\":{\"@type\":\"PropertyValueSpecification\",\"valueRequired\":true,\"valueName\":\"search_term_string\"}}],\"inLanguage\":\"fr-BE\"},{\"@type\":\"Organization\",\"@id\":\"https:\/\/vieassociative.be\/actualites\/#organization\",\"name\":\"Vie Associative\",\"url\":\"https:\/\/vieassociative.be\/actualites\/\",\"logo\":{\"@type\":\"ImageObject\",\"inLanguage\":\"fr-BE\",\"@id\":\"https:\/\/vieassociative.be\/actualites\/#\/schema\/logo\/image\/\",\"url\":\"https:\/\/vieassociative.be\/actualites\/wp-content\/uploads\/2024\/09\/cropped-vieassociative_favicon.ico.png\",\"contentUrl\":\"https:\/\/vieassociative.be\/actualites\/wp-content\/uploads\/2024\/09\/cropped-vieassociative_favicon.ico.png\",\"width\":512,\"height\":512,\"caption\":\"Vie Associative\"},\"image\":{\"@id\":\"https:\/\/vieassociative.be\/actualites\/#\/schema\/logo\/image\/\"}},{\"@type\":\"Person\",\"@id\":\"https:\/\/vieassociative.be\/actualites\/#\/schema\/person\/b87ac4f82f9d4e7b7cec7395b679edc4\",\"name\":\"Julien\",\"image\":{\"@type\":\"ImageObject\",\"inLanguage\":\"fr-BE\",\"@id\":\"https:\/\/vieassociative.be\/actualites\/#\/schema\/person\/image\/\",\"url\":\"https:\/\/vieassociative.be\/actualites\/wp-content\/uploads\/2024\/09\/vie-associative-1-150x150.jpg\",\"contentUrl\":\"https:\/\/vieassociative.be\/actualites\/wp-content\/uploads\/2024\/09\/vie-associative-1-150x150.jpg\",\"caption\":\"Julien\"},\"description\":\"Je suis Julien, r\u00e9dacteur pour Vie Associative. Passionn\u00e9 par le monde associatif depuis plus de 10 ans, j'ai \u00e0 c\u0153ur de partager des histoires inspirantes et de mettre en lumi\u00e8re les initiatives locales. Mon objectif est de sensibiliser et d'encourager l'engagement communautaire \u00e0 travers mes articles.\",\"sameAs\":[\"https:\/\/vieassociative.be\/\"]}]}<\/script>\n<!-- \/ Yoast SEO plugin. -->","yoast_head_json":{"title":"Le PTB veut geler les prix du carburant dans les stations-service \u2013 critique du gouvernement et des multinationales | Vie Associative","robots":{"index":"index","follow":"follow","max-snippet":"max-snippet:-1","max-image-preview":"max-image-preview:large","max-video-preview":"max-video-preview:-1"},"canonical":"https:\/\/vieassociative.be\/actualites\/le-ptb-veut-geler-les-prix-du-carburant-dans-les-stations-service-critique-du-gouvernement-et-des-multinationales\/","og_locale":"fr_FR","og_type":"article","og_title":"Le PTB veut geler les prix du carburant dans les stations-service \u2013 critique du gouvernement et des multinationales | Vie Associative","og_description":"Raoul Hedebouw \u00e9tait l&rsquo;invit\u00e9 du studio de la radio francophone Bel RTL jeudi matin. Face \u00e0 l&rsquo;augmentation drastique des prix de l&rsquo;\u00e9nergie provoqu\u00e9e par le","og_url":"https:\/\/vieassociative.be\/actualites\/le-ptb-veut-geler-les-prix-du-carburant-dans-les-stations-service-critique-du-gouvernement-et-des-multinationales\/","og_site_name":"Vie Associative","article_published_time":"2026-03-05T21:17:29+00:00","og_image":[{"width":279,"height":92,"url":"https:\/\/vieassociative.be\/actualites\/wp-content\/uploads\/2024\/09\/header_backgroundk-01-e1726694325946.png","type":"image\/png"}],"author":"Julien","twitter_card":"summary_large_image","twitter_misc":{"\u00c9crit par":"Julien","Dur\u00e9e de lecture est.":"2 minutes"},"schema":{"@context":"https:\/\/schema.org","@graph":[{"@type":"Article","@id":"https:\/\/vieassociative.be\/actualites\/le-ptb-veut-geler-les-prix-du-carburant-dans-les-stations-service-critique-du-gouvernement-et-des-multinationales\/#article","isPartOf":{"@id":"https:\/\/vieassociative.be\/actualites\/le-ptb-veut-geler-les-prix-du-carburant-dans-les-stations-service-critique-du-gouvernement-et-des-multinationales\/"},"author":{"name":"Julien","@id":"https:\/\/vieassociative.be\/actualites\/#\/schema\/person\/b87ac4f82f9d4e7b7cec7395b679edc4"},"headline":"Le PTB veut geler les prix du carburant dans les stations-service \u2013 critique du gouvernement et des multinationales","datePublished":"2026-03-05T21:17:29+00:00","dateModified":"2026-03-05T21:17:29+00:00","mainEntityOfPage":{"@id":"https:\/\/vieassociative.be\/actualites\/le-ptb-veut-geler-les-prix-du-carburant-dans-les-stations-service-critique-du-gouvernement-et-des-multinationales\/"},"wordCount":435,"publisher":{"@id":"https:\/\/vieassociative.be\/actualites\/#organization"},"image":{"@id":"https:\/\/vieassociative.be\/actualites\/le-ptb-veut-geler-les-prix-du-carburant-dans-les-stations-service-critique-du-gouvernement-et-des-multinationales\/#primaryimage"},"thumbnailUrl":"https:\/\/vieassociative.be\/actualites\/wp-content\/uploads\/2026\/03\/Le-PTB-veut-geler-les-prix-du-carburant-dans-les.jpeg","keywords":["carburant","critique","dans","Des","geler","gouvernement","Les","multinationales","prix","PTB","stationsservice","veut"],"articleSection":["Belgique"],"inLanguage":"fr-BE"},{"@type":"WebPage","@id":"https:\/\/vieassociative.be\/actualites\/le-ptb-veut-geler-les-prix-du-carburant-dans-les-stations-service-critique-du-gouvernement-et-des-multinationales\/","url":"https:\/\/vieassociative.be\/actualites\/le-ptb-veut-geler-les-prix-du-carburant-dans-les-stations-service-critique-du-gouvernement-et-des-multinationales\/","name":"Le PTB veut geler les prix du carburant dans les stations-service \u2013 critique du gouvernement et des multinationales | Vie Associative","isPartOf":{"@id":"https:\/\/vieassociative.be\/actualites\/#website"},"primaryImageOfPage":{"@id":"https:\/\/vieassociative.be\/actualites\/le-ptb-veut-geler-les-prix-du-carburant-dans-les-stations-service-critique-du-gouvernement-et-des-multinationales\/#primaryimage"},"image":{"@id":"https:\/\/vieassociative.be\/actualites\/le-ptb-veut-geler-les-prix-du-carburant-dans-les-stations-service-critique-du-gouvernement-et-des-multinationales\/#primaryimage"},"thumbnailUrl":"https:\/\/vieassociative.be\/actualites\/wp-content\/uploads\/2026\/03\/Le-PTB-veut-geler-les-prix-du-carburant-dans-les.jpeg","datePublished":"2026-03-05T21:17:29+00:00","dateModified":"2026-03-05T21:17:29+00:00","breadcrumb":{"@id":"https:\/\/vieassociative.be\/actualites\/le-ptb-veut-geler-les-prix-du-carburant-dans-les-stations-service-critique-du-gouvernement-et-des-multinationales\/#breadcrumb"},"inLanguage":"fr-BE","potentialAction":[{"@type":"ReadAction","target":["https:\/\/vieassociative.be\/actualites\/le-ptb-veut-geler-les-prix-du-carburant-dans-les-stations-service-critique-du-gouvernement-et-des-multinationales\/"]}]},{"@type":"ImageObject","inLanguage":"fr-BE","@id":"https:\/\/vieassociative.be\/actualites\/le-ptb-veut-geler-les-prix-du-carburant-dans-les-stations-service-critique-du-gouvernement-et-des-multinationales\/#primaryimage","url":"https:\/\/vieassociative.be\/actualites\/wp-content\/uploads\/2026\/03\/Le-PTB-veut-geler-les-prix-du-carburant-dans-les.jpeg","contentUrl":"https:\/\/vieassociative.be\/actualites\/wp-content\/uploads\/2026\/03\/Le-PTB-veut-geler-les-prix-du-carburant-dans-les.jpeg","width":1200,"height":800,"caption":"Le PTB veut geler les prix du carburant dans les stations-service \u2013 critique du gouvernement et des multinationales"},{"@type":"BreadcrumbList","@id":"https:\/\/vieassociative.be\/actualites\/le-ptb-veut-geler-les-prix-du-carburant-dans-les-stations-service-critique-du-gouvernement-et-des-multinationales\/#breadcrumb","itemListElement":[{"@type":"ListItem","position":1,"name":"Accueil","item":"https:\/\/vieassociative.be\/actualites\/"},{"@type":"ListItem","position":2,"name":"Le PTB veut geler les prix du carburant dans les stations-service \u2013 critique du gouvernement et des multinationales"}]},{"@type":"WebSite","@id":"https:\/\/vieassociative.be\/actualites\/#website","url":"https:\/\/vieassociative.be\/actualites\/","name":"Vie Associative","description":"","publisher":{"@id":"https:\/\/vieassociative.be\/actualites\/#organization"},"potentialAction":[{"@type":"SearchAction","target":{"@type":"EntryPoint","urlTemplate":"https:\/\/vieassociative.be\/actualites\/?s={search_term_string}"},"query-input":{"@type":"PropertyValueSpecification","valueRequired":true,"valueName":"search_term_string"}}],"inLanguage":"fr-BE"},{"@type":"Organization","@id":"https:\/\/vieassociative.be\/actualites\/#organization","name":"Vie Associative","url":"https:\/\/vieassociative.be\/actualites\/","logo":{"@type":"ImageObject","inLanguage":"fr-BE","@id":"https:\/\/vieassociative.be\/actualites\/#\/schema\/logo\/image\/","url":"https:\/\/vieassociative.be\/actualites\/wp-content\/uploads\/2024\/09\/cropped-vieassociative_favicon.ico.png","contentUrl":"https:\/\/vieassociative.be\/actualites\/wp-content\/uploads\/2024\/09\/cropped-vieassociative_favicon.ico.png","width":512,"height":512,"caption":"Vie Associative"},"image":{"@id":"https:\/\/vieassociative.be\/actualites\/#\/schema\/logo\/image\/"}},{"@type":"Person","@id":"https:\/\/vieassociative.be\/actualites\/#\/schema\/person\/b87ac4f82f9d4e7b7cec7395b679edc4","name":"Julien","image":{"@type":"ImageObject","inLanguage":"fr-BE","@id":"https:\/\/vieassociative.be\/actualites\/#\/schema\/person\/image\/","url":"https:\/\/vieassociative.be\/actualites\/wp-content\/uploads\/2024\/09\/vie-associative-1-150x150.jpg","contentUrl":"https:\/\/vieassociative.be\/actualites\/wp-content\/uploads\/2024\/09\/vie-associative-1-150x150.jpg","caption":"Julien"},"description":"Je suis Julien, r\u00e9dacteur pour Vie Associative. Passionn\u00e9 par le monde associatif depuis plus de 10 ans, j'ai \u00e0 c\u0153ur de partager des histoires inspirantes et de mettre en lumi\u00e8re les initiatives locales. Mon objectif est de sensibiliser et d'encourager l'engagement communautaire \u00e0 travers mes articles.","sameAs":["https:\/\/vieassociative.be\/"]}]}},"_links":{"self":[{"href":"https:\/\/vieassociative.be\/actualites\/wp-json\/wp\/v2\/posts\/12908"}],"collection":[{"href":"https:\/\/vieassociative.be\/actualites\/wp-json\/wp\/v2\/posts"}],"about":[{"href":"https:\/\/vieassociative.be\/actualites\/wp-json\/wp\/v2\/types\/post"}],"author":[{"embeddable":true,"href":"https:\/\/vieassociative.be\/actualites\/wp-json\/wp\/v2\/users\/1"}],"replies":[{"embeddable":true,"href":"https:\/\/vieassociative.be\/actualites\/wp-json\/wp\/v2\/comments?post=12908"}],"version-history":[{"count":0,"href":"https:\/\/vieassociative.be\/actualites\/wp-json\/wp\/v2\/posts\/12908\/revisions"}],"wp:featuredmedia":[{"embeddable":true,"href":"https:\/\/vieassociative.be\/actualites\/wp-json\/wp\/v2\/media\/12909"}],"wp:attachment":[{"href":"https:\/\/vieassociative.be\/actualites\/wp-json\/wp\/v2\/media?parent=12908"}],"wp:term":[{"taxonomy":"category","embeddable":true,"href":"https:\/\/vieassociative.be\/actualites\/wp-json\/wp\/v2\/categories?post=12908"},{"taxonomy":"post_tag","embeddable":true,"href":"https:\/\/vieassociative.be\/actualites\/wp-json\/wp\/v2\/tags?post=12908"}],"curies":[{"name":"wp","href":"https:\/\/api.w.org\/{rel}","templated":true}]}}