{"id":12904,"date":"2026-03-05T16:18:03","date_gmt":"2026-03-05T15:18:03","guid":{"rendered":"https:\/\/vieassociative.be\/actualites\/billit-propose-des-solutions-aux-obstacles-de-la-facturation-electronique\/"},"modified":"2026-03-05T16:18:03","modified_gmt":"2026-03-05T15:18:03","slug":"billit-propose-des-solutions-aux-obstacles-de-la-facturation-electronique","status":"publish","type":"post","link":"https:\/\/vieassociative.be\/actualites\/billit-propose-des-solutions-aux-obstacles-de-la-facturation-electronique\/","title":{"rendered":"Billit propose des solutions aux obstacles de la facturation \u00e9lectronique"},"content":{"rendered":"<p><strong>Depuis le 1er janvier 2026, la facturation \u00e9lectronique structur\u00e9e via le r\u00e9seau Peppol est l\u00e9galement obligatoire pour presque toutes les entreprises assujetties \u00e0 la TVA en Belgique. Deux mois apr\u00e8s le lancement, de nombreux ind\u00e9pendants et PME, y compris dans les pays germanophones, restent incertains quant \u00e0 la mise en \u0153uvre pratique.<\/strong><\/p>\n<p><span id=\"more-437352\"><\/span>Le sp\u00e9cialiste de la facturation \u00e9lectronique Billit montre comment l&rsquo;automatisation technologique r\u00e9duit les obstacles administratifs et rend les entreprises conformes \u00e0 la loi.<\/p>\n<p>Automatisation contre les erreurs de livraison : L&rsquo;une des pr\u00e9occupations les plus courantes dans le monde des affaires est la livraison correcte des documents num\u00e9riques. \u00c9tant donn\u00e9 que les gros clients disposent souvent de plusieurs identifiants Peppol, il existe un risque d\u2019envoyer des factures aux mauvaises entit\u00e9s.<\/p>\n<div id=\"attachment_437377\" class=\"wp-caption alignleft\" style=\"max-width: 200px\"><img fetchpriority=\"high\" decoding=\"async\" class=\"wp-image-437377 size-medium\" src=\"https:\/\/vieassociative.be\/actualites\/wp-content\/uploads\/2026\/03\/Billit-propose-des-solutions-aux-obstacles-de-la-facturation-electronique.jpeg\" alt=\"\" width=\"200\" height=\"300\"><\/div>\n<p><strong>\u2013 C\u2019est l\u00e0 qu\u2019intervient la solution de Billit :<\/strong> En int\u00e9grant directement l&rsquo;annuaire officiel Peppol, le syst\u00e8me compare automatiquement les donn\u00e9es des destinataires. Cela \u00e9limine pratiquement les erreurs manuelles d\u2019adressage.<\/p>\n<p>\u00ab\u00a0Le passage \u00e0 Peppol ne doit pas devenir un obstacle bureaucratique\u00a0\u00bb, explique Thomas Philipp Reiter, directeur r\u00e9gional pour les march\u00e9s germanophones chez Billit et membre du conseil d&rsquo;administration de l&rsquo;association e-Invoice (VeR) en Allemagne. \u00ab\u00a0Notre plateforme simplifie la t\u00e2che des entreprises. En validant automatiquement les identifiants Peppol, nous garantissons que chaque facture arrive dans la bonne bo\u00eete de r\u00e9ception num\u00e9rique du destinataire, sans aucun d\u00e9tour.\u00a0\u00bb<\/p>\n<p><strong>\u2013 Des processus clairs au lieu de doublons num\u00e9riques\u00a0:<\/strong> Une erreur courante pendant la phase de transition consiste \u00e0 envoyer simultan\u00e9ment des factures PDF par e-mail \u00ab pour des raisons de s\u00e9curit\u00e9 \u00bb. Cela entra\u00eene souvent une confusion dans la comptabilit\u00e9 des destinataires et augmente le risque d&rsquo;\u00e9critures incorrectes.<\/p>\n<p>Billit optimise ce processus en faisant du syst\u00e8me Peppol le principal canal de transmission juridiquement s\u00e9curis\u00e9 et garantit ainsi des processus clairs et sans ambigu\u00eft\u00e9.<\/p>\n<p><strong>\u2013 Contr\u00f4le en temps r\u00e9el de la tr\u00e9sorerie :<\/strong> Un autre point critique est la crainte que les factures num\u00e9riques soient ignor\u00e9es dans les syst\u00e8mes des clients. Billit r\u00e9sout ce probl\u00e8me avec un suivi transparent du statut et des notifications automatis\u00e9es.<\/p>\n<div id=\"attachment_437378\" class=\"wp-caption alignleft\" style=\"max-width: 300px\"><img decoding=\"async\" class=\"wp-image-437378 size-medium\" src=\"https:\/\/vieassociative.be\/actualites\/wp-content\/uploads\/2026\/03\/Billit-propose-des-solutions-aux-obstacles-de-la-facturation-electronique.jpg\" alt=\"\" width=\"300\" height=\"200\"><\/div>\n<p>Thomas Philipp Reiter d\u00e9clare : \u00ab Pour nous, la num\u00e9risation signifie avant tout la transparence. Avec Billit, les exp\u00e9diteurs peuvent savoir en temps r\u00e9el si une facture a \u00e9t\u00e9 livr\u00e9e. En combinaison avec un syst\u00e8me de relance automatis\u00e9, nous garantissons la liquidit\u00e9 de l&rsquo;entreprise sans perdre un temps pr\u00e9cieux pour un suivi manuel. Notre expertise dans le domaine des normes internationales, que nous contribuons \u00e9galement \u00e0 fa\u00e7onner au sein de l&rsquo;e-Invoice Association, s&rsquo;int\u00e8gre directement dans ces processus.<\/p>\n<p><strong>\u2013 Des avantages comp\u00e9titifs gr\u00e2ce \u00e0 l\u2019efficacit\u00e9 :<\/strong> Alors que la facturation \u00e9lectronique est souvent per\u00e7ue comme une simple exigence de conformit\u00e9, Billit met l&rsquo;accent sur le potentiel d&rsquo;augmentation de l&rsquo;efficacit\u00e9 interne. En \u00e9liminant la saisie manuelle des donn\u00e9es et en minimisant les erreurs de calcul, les entreprises \u00e9conomisent du temps et des ressources. Le basculement obligatoire constitue un levier pour une transformation num\u00e9rique globale, de l\u2019approvisionnement \u00e0 l\u2019archivage.<\/p>\n<p><strong>\u2013 \u00c0 propos de Billit :<\/strong> Billit est l&rsquo;un des principaux fournisseurs belges de solutions de facturation \u00e9lectronique bas\u00e9es sur le cloud et un point d&rsquo;acc\u00e8s certifi\u00e9 Peppol. L&rsquo;entreprise accompagne des dizaines de milliers d&rsquo;entreprises dans l&rsquo;automatisation de leurs processus comptables. Avec Thomas Philipp Reiter, Billit est \u00e9galement membre du conseil d&rsquo;administration de l&rsquo;association allemande de facturation \u00e9lectronique (VeR), ce qui signifie que l&rsquo;entreprise participe activement au d\u00e9veloppement des normes europ\u00e9ennes de facturation \u00e9lectronique.<\/p>\n<p><em><strong>Informations compl\u00e9mentaires :<\/strong><\/em><\/p>\n<p>Thomas Philipp Reiter<br \/>\n<u>thomas@billit.eu<\/u><\/p>\n<p>Billit SA<br \/>\n<u>www.billit.be<\/u><\/p>\n","protected":false},"excerpt":{"rendered":"<p>Depuis le 1er janvier 2026, la facturation \u00e9lectronique structur\u00e9e via le r\u00e9seau Peppol est l\u00e9galement obligatoire pour presque toutes les entreprises assujetties \u00e0 la TVA<\/p>\n","protected":false},"author":1,"featured_media":12905,"comment_status":"","ping_status":"","sticky":false,"template":"","format":"standard","meta":{"footnotes":""},"categories":[298],"tags":[289,10165,29,2384,10167,10166,1546,1436],"class_list":["post-12904","post","type-post","status-publish","format-standard","has-post-thumbnail","hentry","category-belgique","tag-aux","tag-billit","tag-des","tag-electronique","tag-facturation","tag-obstacles","tag-propose","tag-solutions","generate-columns","tablet-grid-50","mobile-grid-100","grid-parent","grid-33"],"yoast_head":"<!-- This site is optimized with the Yoast SEO plugin v24.0 - https:\/\/yoast.com\/wordpress\/plugins\/seo\/ -->\n<title>Billit propose des solutions aux obstacles de la facturation \u00e9lectronique | Vie Associative<\/title>\n<meta name=\"robots\" content=\"index, follow, max-snippet:-1, max-image-preview:large, max-video-preview:-1\" \/>\n<link rel=\"canonical\" href=\"https:\/\/vieassociative.be\/actualites\/billit-propose-des-solutions-aux-obstacles-de-la-facturation-electronique\/\" \/>\n<meta property=\"og:locale\" content=\"fr_FR\" \/>\n<meta property=\"og:type\" content=\"article\" \/>\n<meta property=\"og:title\" content=\"Billit propose des solutions aux obstacles de la facturation \u00e9lectronique | Vie Associative\" \/>\n<meta property=\"og:description\" content=\"Depuis le 1er janvier 2026, la facturation \u00e9lectronique structur\u00e9e via le r\u00e9seau Peppol est l\u00e9galement obligatoire pour presque toutes les entreprises assujetties \u00e0 la TVA\" \/>\n<meta property=\"og:url\" content=\"https:\/\/vieassociative.be\/actualites\/billit-propose-des-solutions-aux-obstacles-de-la-facturation-electronique\/\" \/>\n<meta property=\"og:site_name\" content=\"Vie Associative\" \/>\n<meta property=\"article:published_time\" content=\"2026-03-05T15:18:03+00:00\" \/>\n<meta property=\"og:image\" content=\"https:\/\/vieassociative.be\/actualites\/wp-content\/uploads\/2024\/09\/header_backgroundk-01-e1726694325946.png\" \/>\n\t<meta property=\"og:image:width\" content=\"279\" \/>\n\t<meta property=\"og:image:height\" content=\"92\" \/>\n\t<meta property=\"og:image:type\" content=\"image\/png\" \/>\n<meta name=\"author\" content=\"Julien\" \/>\n<meta name=\"twitter:card\" content=\"summary_large_image\" \/>\n<meta name=\"twitter:label1\" content=\"\u00c9crit par\" \/>\n\t<meta name=\"twitter:data1\" content=\"Julien\" \/>\n\t<meta name=\"twitter:label2\" content=\"Dur\u00e9e de lecture est.\" \/>\n\t<meta name=\"twitter:data2\" content=\"3 minutes\" \/>\n<script type=\"application\/ld+json\" class=\"yoast-schema-graph\">{\"@context\":\"https:\/\/schema.org\",\"@graph\":[{\"@type\":\"Article\",\"@id\":\"https:\/\/vieassociative.be\/actualites\/billit-propose-des-solutions-aux-obstacles-de-la-facturation-electronique\/#article\",\"isPartOf\":{\"@id\":\"https:\/\/vieassociative.be\/actualites\/billit-propose-des-solutions-aux-obstacles-de-la-facturation-electronique\/\"},\"author\":{\"name\":\"Julien\",\"@id\":\"https:\/\/vieassociative.be\/actualites\/#\/schema\/person\/b87ac4f82f9d4e7b7cec7395b679edc4\"},\"headline\":\"Billit propose des solutions aux obstacles de la facturation \u00e9lectronique\",\"datePublished\":\"2026-03-05T15:18:03+00:00\",\"dateModified\":\"2026-03-05T15:18:03+00:00\",\"mainEntityOfPage\":{\"@id\":\"https:\/\/vieassociative.be\/actualites\/billit-propose-des-solutions-aux-obstacles-de-la-facturation-electronique\/\"},\"wordCount\":633,\"publisher\":{\"@id\":\"https:\/\/vieassociative.be\/actualites\/#organization\"},\"image\":{\"@id\":\"https:\/\/vieassociative.be\/actualites\/billit-propose-des-solutions-aux-obstacles-de-la-facturation-electronique\/#primaryimage\"},\"thumbnailUrl\":\"https:\/\/vieassociative.be\/actualites\/wp-content\/uploads\/2026\/03\/1772723884_Billit-propose-des-solutions-aux-obstacles-de-la-facturation-electronique.jpg\",\"keywords\":[\"aux\",\"Billit\",\"Des\",\"\u00e9lectronique\",\"facturation\",\"obstacles\",\"propose\",\"solutions\"],\"articleSection\":[\"Belgique\"],\"inLanguage\":\"fr-BE\"},{\"@type\":\"WebPage\",\"@id\":\"https:\/\/vieassociative.be\/actualites\/billit-propose-des-solutions-aux-obstacles-de-la-facturation-electronique\/\",\"url\":\"https:\/\/vieassociative.be\/actualites\/billit-propose-des-solutions-aux-obstacles-de-la-facturation-electronique\/\",\"name\":\"Billit propose des solutions aux obstacles de la facturation \u00e9lectronique | Vie Associative\",\"isPartOf\":{\"@id\":\"https:\/\/vieassociative.be\/actualites\/#website\"},\"primaryImageOfPage\":{\"@id\":\"https:\/\/vieassociative.be\/actualites\/billit-propose-des-solutions-aux-obstacles-de-la-facturation-electronique\/#primaryimage\"},\"image\":{\"@id\":\"https:\/\/vieassociative.be\/actualites\/billit-propose-des-solutions-aux-obstacles-de-la-facturation-electronique\/#primaryimage\"},\"thumbnailUrl\":\"https:\/\/vieassociative.be\/actualites\/wp-content\/uploads\/2026\/03\/1772723884_Billit-propose-des-solutions-aux-obstacles-de-la-facturation-electronique.jpg\",\"datePublished\":\"2026-03-05T15:18:03+00:00\",\"dateModified\":\"2026-03-05T15:18:03+00:00\",\"breadcrumb\":{\"@id\":\"https:\/\/vieassociative.be\/actualites\/billit-propose-des-solutions-aux-obstacles-de-la-facturation-electronique\/#breadcrumb\"},\"inLanguage\":\"fr-BE\",\"potentialAction\":[{\"@type\":\"ReadAction\",\"target\":[\"https:\/\/vieassociative.be\/actualites\/billit-propose-des-solutions-aux-obstacles-de-la-facturation-electronique\/\"]}]},{\"@type\":\"ImageObject\",\"inLanguage\":\"fr-BE\",\"@id\":\"https:\/\/vieassociative.be\/actualites\/billit-propose-des-solutions-aux-obstacles-de-la-facturation-electronique\/#primaryimage\",\"url\":\"https:\/\/vieassociative.be\/actualites\/wp-content\/uploads\/2026\/03\/1772723884_Billit-propose-des-solutions-aux-obstacles-de-la-facturation-electronique.jpg\",\"contentUrl\":\"https:\/\/vieassociative.be\/actualites\/wp-content\/uploads\/2026\/03\/1772723884_Billit-propose-des-solutions-aux-obstacles-de-la-facturation-electronique.jpg\",\"width\":1200,\"height\":800,\"caption\":\"Billit propose des solutions aux obstacles de la facturation \u00e9lectronique\"},{\"@type\":\"BreadcrumbList\",\"@id\":\"https:\/\/vieassociative.be\/actualites\/billit-propose-des-solutions-aux-obstacles-de-la-facturation-electronique\/#breadcrumb\",\"itemListElement\":[{\"@type\":\"ListItem\",\"position\":1,\"name\":\"Accueil\",\"item\":\"https:\/\/vieassociative.be\/actualites\/\"},{\"@type\":\"ListItem\",\"position\":2,\"name\":\"Billit propose des solutions aux obstacles de la facturation \u00e9lectronique\"}]},{\"@type\":\"WebSite\",\"@id\":\"https:\/\/vieassociative.be\/actualites\/#website\",\"url\":\"https:\/\/vieassociative.be\/actualites\/\",\"name\":\"Vie Associative\",\"description\":\"\",\"publisher\":{\"@id\":\"https:\/\/vieassociative.be\/actualites\/#organization\"},\"potentialAction\":[{\"@type\":\"SearchAction\",\"target\":{\"@type\":\"EntryPoint\",\"urlTemplate\":\"https:\/\/vieassociative.be\/actualites\/?s={search_term_string}\"},\"query-input\":{\"@type\":\"PropertyValueSpecification\",\"valueRequired\":true,\"valueName\":\"search_term_string\"}}],\"inLanguage\":\"fr-BE\"},{\"@type\":\"Organization\",\"@id\":\"https:\/\/vieassociative.be\/actualites\/#organization\",\"name\":\"Vie Associative\",\"url\":\"https:\/\/vieassociative.be\/actualites\/\",\"logo\":{\"@type\":\"ImageObject\",\"inLanguage\":\"fr-BE\",\"@id\":\"https:\/\/vieassociative.be\/actualites\/#\/schema\/logo\/image\/\",\"url\":\"https:\/\/vieassociative.be\/actualites\/wp-content\/uploads\/2024\/09\/cropped-vieassociative_favicon.ico.png\",\"contentUrl\":\"https:\/\/vieassociative.be\/actualites\/wp-content\/uploads\/2024\/09\/cropped-vieassociative_favicon.ico.png\",\"width\":512,\"height\":512,\"caption\":\"Vie Associative\"},\"image\":{\"@id\":\"https:\/\/vieassociative.be\/actualites\/#\/schema\/logo\/image\/\"}},{\"@type\":\"Person\",\"@id\":\"https:\/\/vieassociative.be\/actualites\/#\/schema\/person\/b87ac4f82f9d4e7b7cec7395b679edc4\",\"name\":\"Julien\",\"image\":{\"@type\":\"ImageObject\",\"inLanguage\":\"fr-BE\",\"@id\":\"https:\/\/vieassociative.be\/actualites\/#\/schema\/person\/image\/\",\"url\":\"https:\/\/vieassociative.be\/actualites\/wp-content\/uploads\/2024\/09\/vie-associative-1-150x150.jpg\",\"contentUrl\":\"https:\/\/vieassociative.be\/actualites\/wp-content\/uploads\/2024\/09\/vie-associative-1-150x150.jpg\",\"caption\":\"Julien\"},\"description\":\"Je suis Julien, r\u00e9dacteur pour Vie Associative. Passionn\u00e9 par le monde associatif depuis plus de 10 ans, j'ai \u00e0 c\u0153ur de partager des histoires inspirantes et de mettre en lumi\u00e8re les initiatives locales. Mon objectif est de sensibiliser et d'encourager l'engagement communautaire \u00e0 travers mes articles.\",\"sameAs\":[\"https:\/\/vieassociative.be\/\"]}]}<\/script>\n<!-- \/ Yoast SEO plugin. -->","yoast_head_json":{"title":"Billit propose des solutions aux obstacles de la facturation \u00e9lectronique | Vie Associative","robots":{"index":"index","follow":"follow","max-snippet":"max-snippet:-1","max-image-preview":"max-image-preview:large","max-video-preview":"max-video-preview:-1"},"canonical":"https:\/\/vieassociative.be\/actualites\/billit-propose-des-solutions-aux-obstacles-de-la-facturation-electronique\/","og_locale":"fr_FR","og_type":"article","og_title":"Billit propose des solutions aux obstacles de la facturation \u00e9lectronique | Vie Associative","og_description":"Depuis le 1er janvier 2026, la facturation \u00e9lectronique structur\u00e9e via le r\u00e9seau Peppol est l\u00e9galement obligatoire pour presque toutes les entreprises assujetties \u00e0 la TVA","og_url":"https:\/\/vieassociative.be\/actualites\/billit-propose-des-solutions-aux-obstacles-de-la-facturation-electronique\/","og_site_name":"Vie Associative","article_published_time":"2026-03-05T15:18:03+00:00","og_image":[{"width":279,"height":92,"url":"https:\/\/vieassociative.be\/actualites\/wp-content\/uploads\/2024\/09\/header_backgroundk-01-e1726694325946.png","type":"image\/png"}],"author":"Julien","twitter_card":"summary_large_image","twitter_misc":{"\u00c9crit par":"Julien","Dur\u00e9e de lecture est.":"3 minutes"},"schema":{"@context":"https:\/\/schema.org","@graph":[{"@type":"Article","@id":"https:\/\/vieassociative.be\/actualites\/billit-propose-des-solutions-aux-obstacles-de-la-facturation-electronique\/#article","isPartOf":{"@id":"https:\/\/vieassociative.be\/actualites\/billit-propose-des-solutions-aux-obstacles-de-la-facturation-electronique\/"},"author":{"name":"Julien","@id":"https:\/\/vieassociative.be\/actualites\/#\/schema\/person\/b87ac4f82f9d4e7b7cec7395b679edc4"},"headline":"Billit propose des solutions aux obstacles de la facturation \u00e9lectronique","datePublished":"2026-03-05T15:18:03+00:00","dateModified":"2026-03-05T15:18:03+00:00","mainEntityOfPage":{"@id":"https:\/\/vieassociative.be\/actualites\/billit-propose-des-solutions-aux-obstacles-de-la-facturation-electronique\/"},"wordCount":633,"publisher":{"@id":"https:\/\/vieassociative.be\/actualites\/#organization"},"image":{"@id":"https:\/\/vieassociative.be\/actualites\/billit-propose-des-solutions-aux-obstacles-de-la-facturation-electronique\/#primaryimage"},"thumbnailUrl":"https:\/\/vieassociative.be\/actualites\/wp-content\/uploads\/2026\/03\/1772723884_Billit-propose-des-solutions-aux-obstacles-de-la-facturation-electronique.jpg","keywords":["aux","Billit","Des","\u00e9lectronique","facturation","obstacles","propose","solutions"],"articleSection":["Belgique"],"inLanguage":"fr-BE"},{"@type":"WebPage","@id":"https:\/\/vieassociative.be\/actualites\/billit-propose-des-solutions-aux-obstacles-de-la-facturation-electronique\/","url":"https:\/\/vieassociative.be\/actualites\/billit-propose-des-solutions-aux-obstacles-de-la-facturation-electronique\/","name":"Billit propose des solutions aux obstacles de la facturation \u00e9lectronique | Vie Associative","isPartOf":{"@id":"https:\/\/vieassociative.be\/actualites\/#website"},"primaryImageOfPage":{"@id":"https:\/\/vieassociative.be\/actualites\/billit-propose-des-solutions-aux-obstacles-de-la-facturation-electronique\/#primaryimage"},"image":{"@id":"https:\/\/vieassociative.be\/actualites\/billit-propose-des-solutions-aux-obstacles-de-la-facturation-electronique\/#primaryimage"},"thumbnailUrl":"https:\/\/vieassociative.be\/actualites\/wp-content\/uploads\/2026\/03\/1772723884_Billit-propose-des-solutions-aux-obstacles-de-la-facturation-electronique.jpg","datePublished":"2026-03-05T15:18:03+00:00","dateModified":"2026-03-05T15:18:03+00:00","breadcrumb":{"@id":"https:\/\/vieassociative.be\/actualites\/billit-propose-des-solutions-aux-obstacles-de-la-facturation-electronique\/#breadcrumb"},"inLanguage":"fr-BE","potentialAction":[{"@type":"ReadAction","target":["https:\/\/vieassociative.be\/actualites\/billit-propose-des-solutions-aux-obstacles-de-la-facturation-electronique\/"]}]},{"@type":"ImageObject","inLanguage":"fr-BE","@id":"https:\/\/vieassociative.be\/actualites\/billit-propose-des-solutions-aux-obstacles-de-la-facturation-electronique\/#primaryimage","url":"https:\/\/vieassociative.be\/actualites\/wp-content\/uploads\/2026\/03\/1772723884_Billit-propose-des-solutions-aux-obstacles-de-la-facturation-electronique.jpg","contentUrl":"https:\/\/vieassociative.be\/actualites\/wp-content\/uploads\/2026\/03\/1772723884_Billit-propose-des-solutions-aux-obstacles-de-la-facturation-electronique.jpg","width":1200,"height":800,"caption":"Billit propose des solutions aux obstacles de la facturation \u00e9lectronique"},{"@type":"BreadcrumbList","@id":"https:\/\/vieassociative.be\/actualites\/billit-propose-des-solutions-aux-obstacles-de-la-facturation-electronique\/#breadcrumb","itemListElement":[{"@type":"ListItem","position":1,"name":"Accueil","item":"https:\/\/vieassociative.be\/actualites\/"},{"@type":"ListItem","position":2,"name":"Billit propose des solutions aux obstacles de la facturation \u00e9lectronique"}]},{"@type":"WebSite","@id":"https:\/\/vieassociative.be\/actualites\/#website","url":"https:\/\/vieassociative.be\/actualites\/","name":"Vie Associative","description":"","publisher":{"@id":"https:\/\/vieassociative.be\/actualites\/#organization"},"potentialAction":[{"@type":"SearchAction","target":{"@type":"EntryPoint","urlTemplate":"https:\/\/vieassociative.be\/actualites\/?s={search_term_string}"},"query-input":{"@type":"PropertyValueSpecification","valueRequired":true,"valueName":"search_term_string"}}],"inLanguage":"fr-BE"},{"@type":"Organization","@id":"https:\/\/vieassociative.be\/actualites\/#organization","name":"Vie Associative","url":"https:\/\/vieassociative.be\/actualites\/","logo":{"@type":"ImageObject","inLanguage":"fr-BE","@id":"https:\/\/vieassociative.be\/actualites\/#\/schema\/logo\/image\/","url":"https:\/\/vieassociative.be\/actualites\/wp-content\/uploads\/2024\/09\/cropped-vieassociative_favicon.ico.png","contentUrl":"https:\/\/vieassociative.be\/actualites\/wp-content\/uploads\/2024\/09\/cropped-vieassociative_favicon.ico.png","width":512,"height":512,"caption":"Vie Associative"},"image":{"@id":"https:\/\/vieassociative.be\/actualites\/#\/schema\/logo\/image\/"}},{"@type":"Person","@id":"https:\/\/vieassociative.be\/actualites\/#\/schema\/person\/b87ac4f82f9d4e7b7cec7395b679edc4","name":"Julien","image":{"@type":"ImageObject","inLanguage":"fr-BE","@id":"https:\/\/vieassociative.be\/actualites\/#\/schema\/person\/image\/","url":"https:\/\/vieassociative.be\/actualites\/wp-content\/uploads\/2024\/09\/vie-associative-1-150x150.jpg","contentUrl":"https:\/\/vieassociative.be\/actualites\/wp-content\/uploads\/2024\/09\/vie-associative-1-150x150.jpg","caption":"Julien"},"description":"Je suis Julien, r\u00e9dacteur pour Vie Associative. Passionn\u00e9 par le monde associatif depuis plus de 10 ans, j'ai \u00e0 c\u0153ur de partager des histoires inspirantes et de mettre en lumi\u00e8re les initiatives locales. Mon objectif est de sensibiliser et d'encourager l'engagement communautaire \u00e0 travers mes articles.","sameAs":["https:\/\/vieassociative.be\/"]}]}},"_links":{"self":[{"href":"https:\/\/vieassociative.be\/actualites\/wp-json\/wp\/v2\/posts\/12904"}],"collection":[{"href":"https:\/\/vieassociative.be\/actualites\/wp-json\/wp\/v2\/posts"}],"about":[{"href":"https:\/\/vieassociative.be\/actualites\/wp-json\/wp\/v2\/types\/post"}],"author":[{"embeddable":true,"href":"https:\/\/vieassociative.be\/actualites\/wp-json\/wp\/v2\/users\/1"}],"replies":[{"embeddable":true,"href":"https:\/\/vieassociative.be\/actualites\/wp-json\/wp\/v2\/comments?post=12904"}],"version-history":[{"count":0,"href":"https:\/\/vieassociative.be\/actualites\/wp-json\/wp\/v2\/posts\/12904\/revisions"}],"wp:featuredmedia":[{"embeddable":true,"href":"https:\/\/vieassociative.be\/actualites\/wp-json\/wp\/v2\/media\/12905"}],"wp:attachment":[{"href":"https:\/\/vieassociative.be\/actualites\/wp-json\/wp\/v2\/media?parent=12904"}],"wp:term":[{"taxonomy":"category","embeddable":true,"href":"https:\/\/vieassociative.be\/actualites\/wp-json\/wp\/v2\/categories?post=12904"},{"taxonomy":"post_tag","embeddable":true,"href":"https:\/\/vieassociative.be\/actualites\/wp-json\/wp\/v2\/tags?post=12904"}],"curies":[{"name":"wp","href":"https:\/\/api.w.org\/{rel}","templated":true}]}}