{"id":12902,"date":"2026-03-05T15:18:03","date_gmt":"2026-03-05T14:18:03","guid":{"rendered":"https:\/\/vieassociative.be\/actualites\/ce-systeme-de-son-surround-amazon-fire-tv-coute-actuellement-pres-de-200-de-reduction\/"},"modified":"2026-03-05T15:18:03","modified_gmt":"2026-03-05T14:18:03","slug":"ce-systeme-de-son-surround-amazon-fire-tv-coute-actuellement-pres-de-200-de-reduction","status":"publish","type":"post","link":"https:\/\/vieassociative.be\/actualites\/ce-systeme-de-son-surround-amazon-fire-tv-coute-actuellement-pres-de-200-de-reduction\/","title":{"rendered":"Ce syst\u00e8me de son surround Amazon Fire TV co\u00fbte actuellement pr\u00e8s de 200 $ de r\u00e9duction"},"content":{"rendered":"<p>Nous pouvons gagner une commission sur les liens sur cette page. Les prix et la disponibilit\u00e9 de l&rsquo;offre sont sujets \u00e0 changement apr\u00e8s la publication.<\/p>\n<p>Un t\u00e9l\u00e9viseur de base ne peut pas faire grand-chose avec ses haut-parleurs int\u00e9gr\u00e9s. Les enceintes minces laissent peu de place aux pilotes appropri\u00e9s, de sorte que les dialogues semblent plats et les sc\u00e8nes d&rsquo;action perdent de leur impact. Une barre de son est la solution habituelle, et cette barre de son Amazon Fire TV Plus avec caisson de basses et haut-parleurs surround tente de r\u00e9soudre ce probl\u00e8me sans se glisser dans la gamme de prix des \u00e9quipements de cin\u00e9ma maison haut de gamme. \u00c0 l&rsquo;heure actuelle, le forfait open-box co\u00fbte 219,95 $ sur Woot, tandis que la m\u00eame configuration est r\u00e9pertori\u00e9e pour 414,99 $ sur Amazon, ce qui rend la remise importante. L&rsquo;offre comprend \u00e9galement la livraison standard gratuite pour les membres Prime, tandis que d&rsquo;autres paient 6 $. Cela dit, l&rsquo;exp\u00e9dition n&rsquo;est pas disponible vers l&rsquo;Alaska, Hawa\u00ef, les adresses APO ou les bo\u00eetes postales, ce qui est typique de nombreuses annonces Woot.<\/p>\n<div class=\"pogoClear mb-12 mt-10 rounded-md border-2 border-gray-100 py-7 shadow-xl md:py-6\">\n<div class=\"flex flex-wrap justify-between px-7 text-black no-underline md:flex-nowrap md:px-8\">\n<div class=\"order-1 mx-auto flex flex-col justify-center md:order-2 md:ml-4 md:w-full md:grow\">\n<div class=\"block cursor-pointer text-center font-akshar text-2xl font-medium leading-7 text-brand-green duration-200 ease-in-out hover:text-brand-green-700 md:text-left md:text-xl md:leading-6\">Ensemble barre de son Plus Amazon Fire TV\n                <\/div>\n<div class=\"mt-4 block font-sans text-sm font-medium leading-4 text-gray-900 md:mx-0 md:mt-2\">Amazon Fire TV Barre de son Plus 5.1 canaux avec caisson de basses et haut-parleurs surround\n                    <\/div>\n<div class=\"mt-4 hidden md:flex md:justify-between\">\n<div class=\"self-end\">\n<div class=\"mb-0 h-11 md:flex md:flex-col md:justify-center\">\n<div class=\" font-sans leading-4 text-black\">\n<div class=\"flex flex-wrap items-center justify-center gap-1 md:justify-start\">\n        <span class=\"font-bold\"><\/p>\n<p>            219,95\u00a0$<br \/>\n                            <span class=\"font-medium\">chez Woot<\/span><br \/>\n                    <\/span>\n            <\/div>\n<div class=\"flex items-center justify-center gap-x-1 font-bold md:justify-start\">\n            <span class=\"text-sm line-through\">489,99\u00a0$<\/span><br \/>\n            <span class=\"text-sm text-brand-green\">\u00c9conomisez 270,04\u00a0$<\/span>\n        <\/div>\n<\/p><\/div>\n<\/p><\/div>\n<\/p><\/div>\n<div class=\"w-44 self-end\">\n                            <button class=\"flex justify-center items-center w-full bg-brand-green text-white text-base font-sans font-medium rounded-md hover:bg-brand-green-700 hover:cursor-pointer md:text-sm h-11\"><\/p>\n<p>    Obtenez une offre<br \/>\n<\/button>\n                        <\/div>\n<\/p><\/div>\n<\/p><\/div>\n<div class=\"order-2 mt-5 h-auto w-full md:order-1 md:mt-0 md:hidden\">\n<div class=\"flex aspect-video items-center justify-center\">\n                                            <img decoding=\"async\" class=\"m-0 max-h-full max-w-full rounded-md\" src=\"https:\/\/vieassociative.be\/actualites\/wp-content\/uploads\/2026\/03\/Ce-systeme-de-son-surround-Amazon-Fire-TV-coute-actuellement.png\" alt=\"Ensemble barre de son Plus Amazon Fire TV\" width=\"auto\" height=\"auto\" loading=\"lazy\">\n                                    <\/div>\n<\/p><\/div>\n<div class=\"order-2 ml-2 hidden w-32 shrink-0 items-center md:order-1 md:ml-0 md:flex\">\n<div class=\"flex aspect-video items-center justify-center\">\n                                            <img decoding=\"async\" class=\"m-0 max-h-full max-w-full rounded-md\" src=\"https:\/\/vieassociative.be\/actualites\/wp-content\/uploads\/2026\/03\/Ce-systeme-de-son-surround-Amazon-Fire-TV-coute-actuellement.png\" alt=\"Ensemble barre de son Plus Amazon Fire TV\" width=\"auto\" height=\"auto\" loading=\"lazy\">\n                                    <\/div>\n<\/p><\/div>\n<div class=\"order-3 flex grow flex-wrap md:hidden md:grow-0\">\n<div class=\"mt-4 w-full\">\n                        <button class=\"flex justify-center items-center w-full bg-brand-green text-white text-base font-sans font-medium rounded-md hover:bg-brand-green-700 hover:cursor-pointer md:text-sm h-11\"><\/p>\n<p>    Obtenez une offre<br \/>\n<\/button>\n                    <\/div>\n<div class=\"mx-2 mt-4 w-full\">\n<div class=\" font-sans leading-4 text-black\">\n<div class=\"flex flex-wrap items-center justify-center gap-1 md:justify-start\">\n        <span class=\"font-bold\"><\/p>\n<p>            219,95\u00a0$<br \/>\n                            <span class=\"font-medium\">chez Woot<\/span><br \/>\n                    <\/span>\n            <\/div>\n<div class=\"flex items-center justify-center gap-x-1 font-bold md:justify-start\">\n            <span class=\"text-sm line-through\">489,99\u00a0$<\/span><br \/>\n            <span class=\"text-sm text-brand-green\">\u00c9conomisez 270,04\u00a0$<\/span>\n        <\/div>\n<\/p><\/div>\n<\/p><\/div>\n<\/p><\/div>\n<\/p><\/div>\n<\/div>\n<p>Ce package est la plus grande configuration de la gamme Fire TV Soundbar Plus d&rsquo;Amazon, ajoutant un caisson de basses sans fil et des haut-parleurs satellites arri\u00e8re pour cr\u00e9er une configuration 5.1 canaux. La barre de son se trouve sous le t\u00e9l\u00e9viseur et g\u00e8re les cha\u00eenes avant, tandis que le caisson de basses sans fil prend en charge le bas de gamme et que les deux satellites fournissent des effets surround derri\u00e8re le spectateur. Le syst\u00e8me prend en charge Dolby Atmos, DTS:X et Dolby TrueHD sans perte, ce qui signifie qu&rsquo;il peut g\u00e9rer la plupart des formats audio de streaming modernes. En revanche, il n\u2019existe pas de haut-parleurs d\u00e9di\u00e9s \u00e0 diffusion vers le haut pour Atmos, de sorte que les effets de hauteur reposent sur la virtualisation au lieu de haut-parleurs physiques qui font rebondir le son sur le plafond. N\u00e9anmoins, cela cr\u00e9e un son plus large et plus complet qu\u2019une barre \u00e9conomique typique.<\/p>\n<p>Les compromis concernent principalement la simplicit\u00e9 : la construction utilise des plastiques l\u00e9gers et le syst\u00e8me n&rsquo;est pas livr\u00e9 avec une application compl\u00e9mentaire ni des outils de r\u00e9glage avanc\u00e9s. Il n\u2019existe pas non plus de fonction de correction de pi\u00e8ce, le son d\u00e9pendra donc de la fa\u00e7on dont votre pi\u00e8ce est am\u00e9nag\u00e9e. La latence reste g\u00e9rable pour les films et les \u00e9missions en streaming, car la plupart des t\u00e9l\u00e9viseurs incluent des r\u00e9glages de synchronisation audio-vid\u00e9o, mais certaines configurations peuvent afficher un l\u00e9ger retard lors des jeux. L&rsquo;int\u00e9gration est beaucoup plus fluide si vous utilisez d\u00e9j\u00e0 un appareil Fire TV, car le contr\u00f4le et les param\u00e8tres HDMI fonctionnent ensemble de mani\u00e8re plus claire. Pour ceux qui recherchent une configuration surround plug-and-play couvrant les bases, cet ensemble offre de nombreuses cha\u00eenes pour le prix.<\/p>\n<hr>\n<div class=\" relative flex justify-center py-16 md:left-1\/2 md:w-(780px) md:max-w-max md:-translate-x-1\/2\">\n<div class=\"w-max text-center sm:text-left\">\n<div class=\"custom-gradient-background mb-6 rounded-md p-(2px) sm:rounded-tl-none\">\n<div class=\"flex flex-col rounded bg-white sm:rounded-tl-none\">\n                    <span class=\"-mt-4 block w-fit max-w-(calc(100%-1rem)) self-center bg-white px-3 text-center font-akshar text-xl font-medium capitalize text-gray-800 sm:max-w-(calc(100%-2.5rem)) sm:self-start sm:px-10 sm:text-left sm:text-2xl\">Nos meilleures offres technologiques approuv\u00e9es par les \u00e9diteurs en ce moment<\/span><\/p>\n<div class=\"flex flex-col gap-3 p-3 pb-4 text-sm sm:p-10 sm:pt-6 sm:text-justify sm:text-base\">\n<div>\n<p>    \u00c9couteurs sans fil \u00e0 suppression active du bruit Apple AirPods 4<\/p>\n<p>                                <span class=\"text-black\"><br \/>\n                                    \u2014<br \/>\n                                    <span class=\"font-bold\">119,00\u00a0$<\/span><br \/>\n                                    <span class=\"!text-xs italic sm:!text-sm\"><\/p>\n<p>                                        (Prix catalogue 179,00 $)<br \/>\n                                    <\/span><br \/>\n                                <\/span>\n                            <\/div>\n<div>\n<p>    Samsung Galaxy S26, smartphone Android d\u00e9bloqu\u00e9 + carte cadeau de 100 $, 512 Go, processeur puissant, Galaxy AI, visualisation immersive, batterie durable, 2026, noir<\/p>\n<p>                                <span class=\"text-black\"><br \/>\n                                    \u2014<br \/>\n                                    <span class=\"font-bold\">899,99\u00a0$<\/span><br \/>\n                                    <span class=\"!text-xs italic sm:!text-sm\"><\/p>\n<p>                                        (Prix catalogue 1 199,99\u00a0$)<br \/>\n                                    <\/span><br \/>\n                                <\/span>\n                            <\/div>\n<div>\n<p>    \u00c9couteurs sans fil \u00e0 r\u00e9duction de bruit Samsung Galaxy Buds 4 AI + carte-cadeau Amazon de 20 $<\/p>\n<p>                                <span class=\"text-black\"><br \/>\n                                    \u2014<br \/>\n                                    <span class=\"font-bold\">179,99\u00a0$<\/span><br \/>\n                                    <span class=\"!text-xs italic sm:!text-sm\"><\/p>\n<p>                                        (Prix catalogue 199,99 $)<br \/>\n                                    <\/span><br \/>\n                                <\/span>\n                            <\/div>\n<div>\n<p>    Google Pixel 10a 128 Go 6,3&Prime; Smartphone d\u00e9bloqu\u00e9 + carte-cadeau de 100\u00a0$<\/p>\n<p>                                <span class=\"text-black\"><br \/>\n                                    \u2014<br \/>\n                                    <span class=\"font-bold\">499,00\u00a0$<\/span><br \/>\n                                    <span class=\"!text-xs italic sm:!text-sm\"><\/p>\n<p>                                        (Prix catalogue 599,00 $)<br \/>\n                                    <\/span><br \/>\n                                <\/span>\n                            <\/div>\n<div>\n<p>    Apple iPad 11&Prime; 128 Go A16 WiFi Tablette (Bleu, 2025)<\/p>\n<p>                                <span class=\"text-black\"><br \/>\n                                    \u2014<br \/>\n                                    <span class=\"font-bold\">329,00\u00a0$<\/span><br \/>\n                                    <span class=\"!text-xs italic sm:!text-sm\"><\/p>\n<p>                                        (Prix catalogue 349,00 $)<br \/>\n                                    <\/span><br \/>\n                                <\/span>\n                            <\/div>\n<div>\n<p>    Montre intelligente Apple Watch Series 11 (GPS 46 mm) avec bo\u00eetier en aluminium noir de jais et bracelet sport noir &#8211; M\/L. Score de sommeil, tracker d&rsquo;activit\u00e9, surveillance de la sant\u00e9, affichage permanent, r\u00e9sistant \u00e0 l&rsquo;eau<\/p>\n<p>                                <span class=\"text-black\"><br \/>\n                                    \u2014<br \/>\n                                    <span class=\"font-bold\">329,00\u00a0$<\/span><br \/>\n                                    <span class=\"!text-xs italic sm:!text-sm\"><\/p>\n<p>                                        (Prix catalogue 429,00 $)<br \/>\n                                    <\/span><br \/>\n                                <\/span>\n                            <\/div>\n<div>\n<p>    Barre de son Amazon Fire TV<\/p>\n<p>                                <span class=\"text-black\"><br \/>\n                                    \u2014<br \/>\n                                    <span class=\"font-bold\">99,99\u00a0$<\/span><br \/>\n                                    <span class=\"!text-xs italic sm:!text-sm\"><\/p>\n<p>                                        (Prix catalogue 119,99 $)<br \/>\n                                    <\/span><br \/>\n                                <\/span>\n                            <\/div>\n<\/p><\/div>\n<\/p><\/div>\n<\/p><\/div>\n<div class=\"flex flex-col items-center justify-between text-black sm:flex-row sm:px-6\">\n                <span class=\"text-xs italic sm:ml-7 sm:text-sm\">Les offres sont s\u00e9lectionn\u00e9es par notre \u00e9quipe commerciale<\/span><\/p><\/div>\n<\/p><\/div>\n<\/p><\/div>\n","protected":false},"excerpt":{"rendered":"<p>Nous pouvons gagner une commission sur les liens sur cette page. Les prix et la disponibilit\u00e9 de l&rsquo;offre sont sujets \u00e0 changement apr\u00e8s la publication.<\/p>\n","protected":false},"author":1,"featured_media":12903,"comment_status":"","ping_status":"","sticky":false,"template":"","format":"standard","meta":{"footnotes":""},"categories":[13],"tags":[19,51,1122,1378,1750,308,800,9883,161],"class_list":["post-12902","post","type-post","status-publish","format-standard","has-post-thumbnail","hentry","category-technologie","tag-actuellement","tag-amazon","tag-coute","tag-fire","tag-pres","tag-reduction","tag-son","tag-surround","tag-systeme","generate-columns","tablet-grid-50","mobile-grid-100","grid-parent","grid-33"],"yoast_head":"<!-- This site is optimized with the Yoast SEO plugin v24.0 - https:\/\/yoast.com\/wordpress\/plugins\/seo\/ -->\n<title>Ce syst\u00e8me de son surround Amazon Fire TV co\u00fbte actuellement pr\u00e8s de 200 $ de r\u00e9duction | Vie Associative<\/title>\n<meta name=\"robots\" content=\"index, follow, max-snippet:-1, max-image-preview:large, max-video-preview:-1\" \/>\n<link rel=\"canonical\" href=\"https:\/\/vieassociative.be\/actualites\/ce-systeme-de-son-surround-amazon-fire-tv-coute-actuellement-pres-de-200-de-reduction\/\" \/>\n<meta property=\"og:locale\" content=\"fr_FR\" \/>\n<meta property=\"og:type\" content=\"article\" \/>\n<meta property=\"og:title\" content=\"Ce syst\u00e8me de son surround Amazon Fire TV co\u00fbte actuellement pr\u00e8s de 200 $ de r\u00e9duction | Vie Associative\" \/>\n<meta property=\"og:description\" content=\"Nous pouvons gagner une commission sur les liens sur cette page. Les prix et la disponibilit\u00e9 de l&rsquo;offre sont sujets \u00e0 changement apr\u00e8s la publication.\" \/>\n<meta property=\"og:url\" content=\"https:\/\/vieassociative.be\/actualites\/ce-systeme-de-son-surround-amazon-fire-tv-coute-actuellement-pres-de-200-de-reduction\/\" \/>\n<meta property=\"og:site_name\" content=\"Vie Associative\" \/>\n<meta property=\"article:published_time\" content=\"2026-03-05T14:18:03+00:00\" \/>\n<meta property=\"og:image\" content=\"https:\/\/vieassociative.be\/actualites\/wp-content\/uploads\/2026\/03\/Ce-systeme-de-son-surround-Amazon-Fire-TV-coute-actuellement.png\" \/>\n<meta name=\"author\" content=\"Julien\" \/>\n<meta name=\"twitter:card\" content=\"summary_large_image\" \/>\n<meta name=\"twitter:label1\" content=\"\u00c9crit par\" \/>\n\t<meta name=\"twitter:data1\" content=\"Julien\" \/>\n\t<meta name=\"twitter:label2\" content=\"Dur\u00e9e de lecture est.\" \/>\n\t<meta name=\"twitter:data2\" content=\"3 minutes\" \/>\n<script type=\"application\/ld+json\" class=\"yoast-schema-graph\">{\"@context\":\"https:\/\/schema.org\",\"@graph\":[{\"@type\":\"Article\",\"@id\":\"https:\/\/vieassociative.be\/actualites\/ce-systeme-de-son-surround-amazon-fire-tv-coute-actuellement-pres-de-200-de-reduction\/#article\",\"isPartOf\":{\"@id\":\"https:\/\/vieassociative.be\/actualites\/ce-systeme-de-son-surround-amazon-fire-tv-coute-actuellement-pres-de-200-de-reduction\/\"},\"author\":{\"name\":\"Julien\",\"@id\":\"https:\/\/vieassociative.be\/actualites\/#\/schema\/person\/b87ac4f82f9d4e7b7cec7395b679edc4\"},\"headline\":\"Ce syst\u00e8me de son surround Amazon Fire TV co\u00fbte actuellement pr\u00e8s de 200 $ de r\u00e9duction\",\"datePublished\":\"2026-03-05T14:18:03+00:00\",\"dateModified\":\"2026-03-05T14:18:03+00:00\",\"mainEntityOfPage\":{\"@id\":\"https:\/\/vieassociative.be\/actualites\/ce-systeme-de-son-surround-amazon-fire-tv-coute-actuellement-pres-de-200-de-reduction\/\"},\"wordCount\":713,\"publisher\":{\"@id\":\"https:\/\/vieassociative.be\/actualites\/#organization\"},\"image\":{\"@id\":\"https:\/\/vieassociative.be\/actualites\/ce-systeme-de-son-surround-amazon-fire-tv-coute-actuellement-pres-de-200-de-reduction\/#primaryimage\"},\"thumbnailUrl\":\"https:\/\/vieassociative.be\/actualites\/wp-content\/uploads\/2026\/03\/1772720284_Ce-systeme-de-son-surround-Amazon-Fire-TV-coute-actuellement.png\",\"keywords\":[\"actuellement\",\"Amazon\",\"co\u00fbte\",\"Fire\",\"pr\u00e8s\",\"r\u00e9duction\",\"son\",\"surround\",\"syst\u00e8me\"],\"articleSection\":[\"Technologie\"],\"inLanguage\":\"fr-BE\"},{\"@type\":\"WebPage\",\"@id\":\"https:\/\/vieassociative.be\/actualites\/ce-systeme-de-son-surround-amazon-fire-tv-coute-actuellement-pres-de-200-de-reduction\/\",\"url\":\"https:\/\/vieassociative.be\/actualites\/ce-systeme-de-son-surround-amazon-fire-tv-coute-actuellement-pres-de-200-de-reduction\/\",\"name\":\"Ce syst\u00e8me de son surround Amazon Fire TV co\u00fbte actuellement pr\u00e8s de 200 $ de r\u00e9duction | Vie Associative\",\"isPartOf\":{\"@id\":\"https:\/\/vieassociative.be\/actualites\/#website\"},\"primaryImageOfPage\":{\"@id\":\"https:\/\/vieassociative.be\/actualites\/ce-systeme-de-son-surround-amazon-fire-tv-coute-actuellement-pres-de-200-de-reduction\/#primaryimage\"},\"image\":{\"@id\":\"https:\/\/vieassociative.be\/actualites\/ce-systeme-de-son-surround-amazon-fire-tv-coute-actuellement-pres-de-200-de-reduction\/#primaryimage\"},\"thumbnailUrl\":\"https:\/\/vieassociative.be\/actualites\/wp-content\/uploads\/2026\/03\/1772720284_Ce-systeme-de-son-surround-Amazon-Fire-TV-coute-actuellement.png\",\"datePublished\":\"2026-03-05T14:18:03+00:00\",\"dateModified\":\"2026-03-05T14:18:03+00:00\",\"breadcrumb\":{\"@id\":\"https:\/\/vieassociative.be\/actualites\/ce-systeme-de-son-surround-amazon-fire-tv-coute-actuellement-pres-de-200-de-reduction\/#breadcrumb\"},\"inLanguage\":\"fr-BE\",\"potentialAction\":[{\"@type\":\"ReadAction\",\"target\":[\"https:\/\/vieassociative.be\/actualites\/ce-systeme-de-son-surround-amazon-fire-tv-coute-actuellement-pres-de-200-de-reduction\/\"]}]},{\"@type\":\"ImageObject\",\"inLanguage\":\"fr-BE\",\"@id\":\"https:\/\/vieassociative.be\/actualites\/ce-systeme-de-son-surround-amazon-fire-tv-coute-actuellement-pres-de-200-de-reduction\/#primaryimage\",\"url\":\"https:\/\/vieassociative.be\/actualites\/wp-content\/uploads\/2026\/03\/1772720284_Ce-systeme-de-son-surround-Amazon-Fire-TV-coute-actuellement.png\",\"contentUrl\":\"https:\/\/vieassociative.be\/actualites\/wp-content\/uploads\/2026\/03\/1772720284_Ce-systeme-de-son-surround-Amazon-Fire-TV-coute-actuellement.png\",\"width\":1200,\"height\":675,\"caption\":\"Ce syst\u00e8me de son surround Amazon Fire TV co\u00fbte actuellement pr\u00e8s de 200 $ de r\u00e9duction\"},{\"@type\":\"BreadcrumbList\",\"@id\":\"https:\/\/vieassociative.be\/actualites\/ce-systeme-de-son-surround-amazon-fire-tv-coute-actuellement-pres-de-200-de-reduction\/#breadcrumb\",\"itemListElement\":[{\"@type\":\"ListItem\",\"position\":1,\"name\":\"Accueil\",\"item\":\"https:\/\/vieassociative.be\/actualites\/\"},{\"@type\":\"ListItem\",\"position\":2,\"name\":\"Ce syst\u00e8me de son surround Amazon Fire TV co\u00fbte actuellement pr\u00e8s de 200 $ de r\u00e9duction\"}]},{\"@type\":\"WebSite\",\"@id\":\"https:\/\/vieassociative.be\/actualites\/#website\",\"url\":\"https:\/\/vieassociative.be\/actualites\/\",\"name\":\"Vie Associative\",\"description\":\"\",\"publisher\":{\"@id\":\"https:\/\/vieassociative.be\/actualites\/#organization\"},\"potentialAction\":[{\"@type\":\"SearchAction\",\"target\":{\"@type\":\"EntryPoint\",\"urlTemplate\":\"https:\/\/vieassociative.be\/actualites\/?s={search_term_string}\"},\"query-input\":{\"@type\":\"PropertyValueSpecification\",\"valueRequired\":true,\"valueName\":\"search_term_string\"}}],\"inLanguage\":\"fr-BE\"},{\"@type\":\"Organization\",\"@id\":\"https:\/\/vieassociative.be\/actualites\/#organization\",\"name\":\"Vie Associative\",\"url\":\"https:\/\/vieassociative.be\/actualites\/\",\"logo\":{\"@type\":\"ImageObject\",\"inLanguage\":\"fr-BE\",\"@id\":\"https:\/\/vieassociative.be\/actualites\/#\/schema\/logo\/image\/\",\"url\":\"https:\/\/vieassociative.be\/actualites\/wp-content\/uploads\/2024\/09\/cropped-vieassociative_favicon.ico.png\",\"contentUrl\":\"https:\/\/vieassociative.be\/actualites\/wp-content\/uploads\/2024\/09\/cropped-vieassociative_favicon.ico.png\",\"width\":512,\"height\":512,\"caption\":\"Vie Associative\"},\"image\":{\"@id\":\"https:\/\/vieassociative.be\/actualites\/#\/schema\/logo\/image\/\"}},{\"@type\":\"Person\",\"@id\":\"https:\/\/vieassociative.be\/actualites\/#\/schema\/person\/b87ac4f82f9d4e7b7cec7395b679edc4\",\"name\":\"Julien\",\"image\":{\"@type\":\"ImageObject\",\"inLanguage\":\"fr-BE\",\"@id\":\"https:\/\/vieassociative.be\/actualites\/#\/schema\/person\/image\/\",\"url\":\"https:\/\/vieassociative.be\/actualites\/wp-content\/uploads\/2024\/09\/vie-associative-1-150x150.jpg\",\"contentUrl\":\"https:\/\/vieassociative.be\/actualites\/wp-content\/uploads\/2024\/09\/vie-associative-1-150x150.jpg\",\"caption\":\"Julien\"},\"description\":\"Je suis Julien, r\u00e9dacteur pour Vie Associative. Passionn\u00e9 par le monde associatif depuis plus de 10 ans, j'ai \u00e0 c\u0153ur de partager des histoires inspirantes et de mettre en lumi\u00e8re les initiatives locales. Mon objectif est de sensibiliser et d'encourager l'engagement communautaire \u00e0 travers mes articles.\",\"sameAs\":[\"https:\/\/vieassociative.be\/\"]}]}<\/script>\n<!-- \/ Yoast SEO plugin. -->","yoast_head_json":{"title":"Ce syst\u00e8me de son surround Amazon Fire TV co\u00fbte actuellement pr\u00e8s de 200 $ de r\u00e9duction | Vie Associative","robots":{"index":"index","follow":"follow","max-snippet":"max-snippet:-1","max-image-preview":"max-image-preview:large","max-video-preview":"max-video-preview:-1"},"canonical":"https:\/\/vieassociative.be\/actualites\/ce-systeme-de-son-surround-amazon-fire-tv-coute-actuellement-pres-de-200-de-reduction\/","og_locale":"fr_FR","og_type":"article","og_title":"Ce syst\u00e8me de son surround Amazon Fire TV co\u00fbte actuellement pr\u00e8s de 200 $ de r\u00e9duction | Vie Associative","og_description":"Nous pouvons gagner une commission sur les liens sur cette page. Les prix et la disponibilit\u00e9 de l&rsquo;offre sont sujets \u00e0 changement apr\u00e8s la publication.","og_url":"https:\/\/vieassociative.be\/actualites\/ce-systeme-de-son-surround-amazon-fire-tv-coute-actuellement-pres-de-200-de-reduction\/","og_site_name":"Vie Associative","article_published_time":"2026-03-05T14:18:03+00:00","og_image":[{"url":"https:\/\/vieassociative.be\/actualites\/wp-content\/uploads\/2026\/03\/Ce-systeme-de-son-surround-Amazon-Fire-TV-coute-actuellement.png","type":"","width":"","height":""}],"author":"Julien","twitter_card":"summary_large_image","twitter_misc":{"\u00c9crit par":"Julien","Dur\u00e9e de lecture est.":"3 minutes"},"schema":{"@context":"https:\/\/schema.org","@graph":[{"@type":"Article","@id":"https:\/\/vieassociative.be\/actualites\/ce-systeme-de-son-surround-amazon-fire-tv-coute-actuellement-pres-de-200-de-reduction\/#article","isPartOf":{"@id":"https:\/\/vieassociative.be\/actualites\/ce-systeme-de-son-surround-amazon-fire-tv-coute-actuellement-pres-de-200-de-reduction\/"},"author":{"name":"Julien","@id":"https:\/\/vieassociative.be\/actualites\/#\/schema\/person\/b87ac4f82f9d4e7b7cec7395b679edc4"},"headline":"Ce syst\u00e8me de son surround Amazon Fire TV co\u00fbte actuellement pr\u00e8s de 200 $ de r\u00e9duction","datePublished":"2026-03-05T14:18:03+00:00","dateModified":"2026-03-05T14:18:03+00:00","mainEntityOfPage":{"@id":"https:\/\/vieassociative.be\/actualites\/ce-systeme-de-son-surround-amazon-fire-tv-coute-actuellement-pres-de-200-de-reduction\/"},"wordCount":713,"publisher":{"@id":"https:\/\/vieassociative.be\/actualites\/#organization"},"image":{"@id":"https:\/\/vieassociative.be\/actualites\/ce-systeme-de-son-surround-amazon-fire-tv-coute-actuellement-pres-de-200-de-reduction\/#primaryimage"},"thumbnailUrl":"https:\/\/vieassociative.be\/actualites\/wp-content\/uploads\/2026\/03\/1772720284_Ce-systeme-de-son-surround-Amazon-Fire-TV-coute-actuellement.png","keywords":["actuellement","Amazon","co\u00fbte","Fire","pr\u00e8s","r\u00e9duction","son","surround","syst\u00e8me"],"articleSection":["Technologie"],"inLanguage":"fr-BE"},{"@type":"WebPage","@id":"https:\/\/vieassociative.be\/actualites\/ce-systeme-de-son-surround-amazon-fire-tv-coute-actuellement-pres-de-200-de-reduction\/","url":"https:\/\/vieassociative.be\/actualites\/ce-systeme-de-son-surround-amazon-fire-tv-coute-actuellement-pres-de-200-de-reduction\/","name":"Ce syst\u00e8me de son surround Amazon Fire TV co\u00fbte actuellement pr\u00e8s de 200 $ de r\u00e9duction | Vie Associative","isPartOf":{"@id":"https:\/\/vieassociative.be\/actualites\/#website"},"primaryImageOfPage":{"@id":"https:\/\/vieassociative.be\/actualites\/ce-systeme-de-son-surround-amazon-fire-tv-coute-actuellement-pres-de-200-de-reduction\/#primaryimage"},"image":{"@id":"https:\/\/vieassociative.be\/actualites\/ce-systeme-de-son-surround-amazon-fire-tv-coute-actuellement-pres-de-200-de-reduction\/#primaryimage"},"thumbnailUrl":"https:\/\/vieassociative.be\/actualites\/wp-content\/uploads\/2026\/03\/1772720284_Ce-systeme-de-son-surround-Amazon-Fire-TV-coute-actuellement.png","datePublished":"2026-03-05T14:18:03+00:00","dateModified":"2026-03-05T14:18:03+00:00","breadcrumb":{"@id":"https:\/\/vieassociative.be\/actualites\/ce-systeme-de-son-surround-amazon-fire-tv-coute-actuellement-pres-de-200-de-reduction\/#breadcrumb"},"inLanguage":"fr-BE","potentialAction":[{"@type":"ReadAction","target":["https:\/\/vieassociative.be\/actualites\/ce-systeme-de-son-surround-amazon-fire-tv-coute-actuellement-pres-de-200-de-reduction\/"]}]},{"@type":"ImageObject","inLanguage":"fr-BE","@id":"https:\/\/vieassociative.be\/actualites\/ce-systeme-de-son-surround-amazon-fire-tv-coute-actuellement-pres-de-200-de-reduction\/#primaryimage","url":"https:\/\/vieassociative.be\/actualites\/wp-content\/uploads\/2026\/03\/1772720284_Ce-systeme-de-son-surround-Amazon-Fire-TV-coute-actuellement.png","contentUrl":"https:\/\/vieassociative.be\/actualites\/wp-content\/uploads\/2026\/03\/1772720284_Ce-systeme-de-son-surround-Amazon-Fire-TV-coute-actuellement.png","width":1200,"height":675,"caption":"Ce syst\u00e8me de son surround Amazon Fire TV co\u00fbte actuellement pr\u00e8s de 200 $ de r\u00e9duction"},{"@type":"BreadcrumbList","@id":"https:\/\/vieassociative.be\/actualites\/ce-systeme-de-son-surround-amazon-fire-tv-coute-actuellement-pres-de-200-de-reduction\/#breadcrumb","itemListElement":[{"@type":"ListItem","position":1,"name":"Accueil","item":"https:\/\/vieassociative.be\/actualites\/"},{"@type":"ListItem","position":2,"name":"Ce syst\u00e8me de son surround Amazon Fire TV co\u00fbte actuellement pr\u00e8s de 200 $ de r\u00e9duction"}]},{"@type":"WebSite","@id":"https:\/\/vieassociative.be\/actualites\/#website","url":"https:\/\/vieassociative.be\/actualites\/","name":"Vie Associative","description":"","publisher":{"@id":"https:\/\/vieassociative.be\/actualites\/#organization"},"potentialAction":[{"@type":"SearchAction","target":{"@type":"EntryPoint","urlTemplate":"https:\/\/vieassociative.be\/actualites\/?s={search_term_string}"},"query-input":{"@type":"PropertyValueSpecification","valueRequired":true,"valueName":"search_term_string"}}],"inLanguage":"fr-BE"},{"@type":"Organization","@id":"https:\/\/vieassociative.be\/actualites\/#organization","name":"Vie Associative","url":"https:\/\/vieassociative.be\/actualites\/","logo":{"@type":"ImageObject","inLanguage":"fr-BE","@id":"https:\/\/vieassociative.be\/actualites\/#\/schema\/logo\/image\/","url":"https:\/\/vieassociative.be\/actualites\/wp-content\/uploads\/2024\/09\/cropped-vieassociative_favicon.ico.png","contentUrl":"https:\/\/vieassociative.be\/actualites\/wp-content\/uploads\/2024\/09\/cropped-vieassociative_favicon.ico.png","width":512,"height":512,"caption":"Vie Associative"},"image":{"@id":"https:\/\/vieassociative.be\/actualites\/#\/schema\/logo\/image\/"}},{"@type":"Person","@id":"https:\/\/vieassociative.be\/actualites\/#\/schema\/person\/b87ac4f82f9d4e7b7cec7395b679edc4","name":"Julien","image":{"@type":"ImageObject","inLanguage":"fr-BE","@id":"https:\/\/vieassociative.be\/actualites\/#\/schema\/person\/image\/","url":"https:\/\/vieassociative.be\/actualites\/wp-content\/uploads\/2024\/09\/vie-associative-1-150x150.jpg","contentUrl":"https:\/\/vieassociative.be\/actualites\/wp-content\/uploads\/2024\/09\/vie-associative-1-150x150.jpg","caption":"Julien"},"description":"Je suis Julien, r\u00e9dacteur pour Vie Associative. Passionn\u00e9 par le monde associatif depuis plus de 10 ans, j'ai \u00e0 c\u0153ur de partager des histoires inspirantes et de mettre en lumi\u00e8re les initiatives locales. Mon objectif est de sensibiliser et d'encourager l'engagement communautaire \u00e0 travers mes articles.","sameAs":["https:\/\/vieassociative.be\/"]}]}},"_links":{"self":[{"href":"https:\/\/vieassociative.be\/actualites\/wp-json\/wp\/v2\/posts\/12902"}],"collection":[{"href":"https:\/\/vieassociative.be\/actualites\/wp-json\/wp\/v2\/posts"}],"about":[{"href":"https:\/\/vieassociative.be\/actualites\/wp-json\/wp\/v2\/types\/post"}],"author":[{"embeddable":true,"href":"https:\/\/vieassociative.be\/actualites\/wp-json\/wp\/v2\/users\/1"}],"replies":[{"embeddable":true,"href":"https:\/\/vieassociative.be\/actualites\/wp-json\/wp\/v2\/comments?post=12902"}],"version-history":[{"count":0,"href":"https:\/\/vieassociative.be\/actualites\/wp-json\/wp\/v2\/posts\/12902\/revisions"}],"wp:featuredmedia":[{"embeddable":true,"href":"https:\/\/vieassociative.be\/actualites\/wp-json\/wp\/v2\/media\/12903"}],"wp:attachment":[{"href":"https:\/\/vieassociative.be\/actualites\/wp-json\/wp\/v2\/media?parent=12902"}],"wp:term":[{"taxonomy":"category","embeddable":true,"href":"https:\/\/vieassociative.be\/actualites\/wp-json\/wp\/v2\/categories?post=12902"},{"taxonomy":"post_tag","embeddable":true,"href":"https:\/\/vieassociative.be\/actualites\/wp-json\/wp\/v2\/tags?post=12902"}],"curies":[{"name":"wp","href":"https:\/\/api.w.org\/{rel}","templated":true}]}}