{"id":129,"date":"2024-09-20T00:18:51","date_gmt":"2024-09-19T22:18:51","guid":{"rendered":"https:\/\/vieassociative.be\/actualites\/je-mets-cette-sauce-thai-savoureuse-et-epicee-sur-chaque-plat-de-riz\/"},"modified":"2024-09-20T00:18:51","modified_gmt":"2024-09-19T22:18:51","slug":"je-mets-cette-sauce-thai-savoureuse-et-epicee-sur-chaque-plat-de-riz","status":"publish","type":"post","link":"https:\/\/vieassociative.be\/actualites\/je-mets-cette-sauce-thai-savoureuse-et-epicee-sur-chaque-plat-de-riz\/","title":{"rendered":"Je mets cette sauce tha\u00ef savoureuse et \u00e9pic\u00e9e sur chaque plat de riz"},"content":{"rendered":"<div class=\"mt-4 leading-6 md:mb-8\">Le Prik nam pla est le petit plus dont chaque plat sal\u00e9 a besoin.<\/div>\n<p><\/p>\n<p>Certaines personnes mettent toujours le m\u00eame condiment sur leur nourriture, quel que soit le plat servi au d\u00eener. Vous connaissez ce type de personne, peut-\u00eatre que vous <em>sont<\/em> le type : les gens qui mettent du ketchup sur les \u0153ufs. Les gens qui mettent de la sauce piquante sur tout. Eh bien, j&rsquo;aime me f\u00e9liciter d&rsquo;avoir incorpor\u00e9 diff\u00e9rents condiments dans diff\u00e9rents plats, mais m\u00eame moi je fais une exception, et c&rsquo;est pour le prik nam pla. Je dois absolument avoir cette sauce tha\u00ef sur chaque plat de riz que je mange. <\/p>\n<p>Quand j&rsquo;\u00e9tais jeune, ma m\u00e8re pr\u00e9parait le d\u00eener pour mes fr\u00e8res et moi, puis s&rsquo;asseyait devant son assiette et sortait in\u00e9vitablement un r\u00e9cipient en plastique rempli d&rsquo;un myst\u00e9rieux liquide. Je la regardais verser la sauce brune et les piments sur son riz et, cinq minutes plus tard, elle transpirait et avait le nez qui coulait. Il a fallu un certain temps avant que je tombe moi aussi amoureuse de ce plat, mais pour les non-initi\u00e9s, un nez qui coule est un bon signe que vous avez pr\u00e9par\u00e9 correctement le prik nam pla.<\/p>\n<h2 id=\"what-is-prik-nam-pla\">Qu&rsquo;est-ce que le prik nam pla ?<\/h2>\n<p>Le prik nam pla est un condiment tha\u00eflandais compos\u00e9 de sauce de poisson, d&rsquo;un peu de jus de citron vert et de tonnes de piments tha\u00ef tranch\u00e9s (il y en a plus que vous ne le pensez). Je plaisante, vous pouvez ajuster la quantit\u00e9, mais j&rsquo;appr\u00e9cie vraiment ce frisson du danger lorsque je le pr\u00e9pare pour moi-m\u00eame. De plus, les \u00e9piceries asiatiques vendent des piments en gros paquets pour 3 $, donc vous n&rsquo;avez pas besoin de vous soucier de les utiliser. (Vous pouvez \u00e9galement les congeler.) <\/p>\n<p>Le prik nam pla, parfois appel\u00e9 nam pla prik, signifie sauce de poisson \u00e9pic\u00e9e ou poivr\u00e9e. Bien que le nom vous donne l&rsquo;essentiel de sa composition, j&rsquo;ai l&rsquo;impression que la simplicit\u00e9 ne rend pas justice au profil de saveur complexe. La raison pour laquelle je dois l&rsquo;avoir avec chaque plat de riz sal\u00e9 se r\u00e9sume \u00e0 sa merveilleuse qualit\u00e9 qui renforce l&rsquo;umami. Il s&rsquo;agit principalement de sauce de poisson, ce qui explique l&rsquo;umami, mais elle atteint un \u00e9quilibre particulier avec l&rsquo;ajout d&rsquo;acide du jus de citron vert. <\/p>\n<h2 id=\"why-prik-nam-pla-is-the-ultimate-condiment\">Pourquoi le prik nam pla est le condiment ultime<\/h2>\n<p>La plupart du temps, mon riz est accompagn\u00e9 de viande ou d&rsquo;\u0153ufs, et il y a g\u00e9n\u00e9ralement des l\u00e9gumes. La sauce de poisson est aromatique et sal\u00e9e. Il suffit d&rsquo;une petite cuiller\u00e9e et elle amplifie toutes les saveurs savoureuses de sorte qu&rsquo;elles sautent pratiquement sur votre langue. Le jus de citron vert \u00e9gaye la sauce, de sorte que ces saveurs ne deviennent pas envahissantes ou n&rsquo;\u00e9puisent pas vos papilles gustatives. J&rsquo;aime les piments parce qu&rsquo;ils \u00e9veillent mes sens, mais si vous n&rsquo;aimez pas les \u00e9pices, ne vous laissez pas arr\u00eater : vous pouvez techniquement omettre compl\u00e8tement les poivrons, ou simplement r\u00e9duire le piquant d&rsquo;environ 90 % en les \u00e9p\u00e9pinant et en les d\u00e9nervant au pr\u00e9alable. Ensuite, essayez une petite cuill\u00e8re sur une partie de votre repas et voyez comment cela se passe. <\/p>\n<p>Cette recette permet d&rsquo;obtenir environ une cuill\u00e8re \u00e0 soupe de condiment \u00e9pic\u00e9, et vous pouvez le servir en accompagnement de plats de riz ou de nouilles, de soupes, ou m\u00eame l&rsquo;utiliser comme sauce \u00e0 tremper pour les calamars ou les nuggets de poulet. Bien qu&rsquo;une cuill\u00e8re \u00e0 soupe puisse sembler une petite quantit\u00e9, c&rsquo;est un produit assez puissant. Je ne le garde pas, je le pr\u00e9pare simplement frais \u00e0 chaque fois.<\/p>\n<p>Pour l&rsquo;utiliser, j&rsquo;en mets une petite quantit\u00e9 sur mon riz, je le m\u00e9lange \u00e0 cette partie de ma nourriture et je le savoure. Lorsque je passe \u00e0 autre chose, j&rsquo;en ajoute davantage. Au d\u00e9but, je prends quelques piments et plus tard, si j&rsquo;ai assez de piment, je laisse ces tranches de c\u00f4t\u00e9. Si vous voulez un peu plus de saveur, l&rsquo;ail cru tranch\u00e9 ou les \u00e9chalotes hach\u00e9es sont des ajouts courants \u00e0 ce m\u00e9lange, mais je pr\u00e9f\u00e8re g\u00e9n\u00e9ralement le garder simple. <\/p>\n<h2 id=\"easy-prik-nam-pla-recipe\">Recette facile de Prik Nam Pla<\/h2>\n<p>Ingr\u00e9dients:<\/p>\n<ul>\n<li>\n<p>1 \u00bd cuill\u00e8re \u00e0 caf\u00e9 de sauce de poisson<\/p>\n<\/li>\n<li>\n<p>1 cuill\u00e8re \u00e0 caf\u00e9 de jus de citron vert frais<\/p>\n<\/li>\n<li>\n<p>1 \u00e0 4 piments tha\u00ef, tranch\u00e9s<\/p>\n<\/li>\n<\/ul>\n<p>1. M\u00e9langez la sauce de poisson et le jus de citron vert dans une petite soucoupe ou un bol. Ajoutez les piments et d\u00e9gustez.<\/p>\n","protected":false},"excerpt":{"rendered":"<p>Le Prik nam pla est le petit plus dont chaque plat sal\u00e9 a besoin. Certaines personnes mettent toujours le m\u00eame condiment sur leur nourriture, quel<\/p>\n","protected":false},"author":1,"featured_media":130,"comment_status":"","ping_status":"","sticky":false,"template":"","format":"standard","meta":{"footnotes":""},"categories":[39],"tags":[206,90,210,205,211,212,207,209,33,208],"class_list":["post-129","post","type-post","status-publish","format-standard","has-post-thumbnail","hentry","category-gastronomie","tag-cette","tag-chaque","tag-epicee","tag-mets","tag-plat","tag-riz","tag-sauce","tag-savoureuse","tag-sur","tag-thai","generate-columns","tablet-grid-50","mobile-grid-100","grid-parent","grid-33"],"yoast_head":"<!-- This site is optimized with the Yoast SEO plugin v24.0 - https:\/\/yoast.com\/wordpress\/plugins\/seo\/ -->\n<title>Je mets cette sauce tha\u00ef savoureuse et \u00e9pic\u00e9e sur chaque plat de riz | Vie Associative<\/title>\n<meta name=\"robots\" content=\"index, follow, max-snippet:-1, max-image-preview:large, max-video-preview:-1\" \/>\n<link rel=\"canonical\" href=\"https:\/\/vieassociative.be\/actualites\/je-mets-cette-sauce-thai-savoureuse-et-epicee-sur-chaque-plat-de-riz\/\" \/>\n<meta property=\"og:locale\" content=\"fr_FR\" \/>\n<meta property=\"og:type\" content=\"article\" \/>\n<meta property=\"og:title\" content=\"Je mets cette sauce tha\u00ef savoureuse et \u00e9pic\u00e9e sur chaque plat de riz | Vie Associative\" \/>\n<meta property=\"og:description\" content=\"Le Prik nam pla est le petit plus dont chaque plat sal\u00e9 a besoin. Certaines personnes mettent toujours le m\u00eame condiment sur leur nourriture, quel\" \/>\n<meta property=\"og:url\" content=\"https:\/\/vieassociative.be\/actualites\/je-mets-cette-sauce-thai-savoureuse-et-epicee-sur-chaque-plat-de-riz\/\" \/>\n<meta property=\"og:site_name\" content=\"Vie Associative\" \/>\n<meta property=\"article:published_time\" content=\"2024-09-19T22:18:51+00:00\" \/>\n<meta property=\"og:image\" content=\"https:\/\/vieassociative.be\/actualites\/wp-content\/uploads\/2024\/09\/header_backgroundk-01-e1726694325946.png\" \/>\n\t<meta property=\"og:image:width\" content=\"279\" \/>\n\t<meta property=\"og:image:height\" content=\"92\" \/>\n\t<meta property=\"og:image:type\" content=\"image\/png\" \/>\n<meta name=\"author\" content=\"Julien\" \/>\n<meta name=\"twitter:card\" content=\"summary_large_image\" \/>\n<meta name=\"twitter:label1\" content=\"\u00c9crit par\" \/>\n\t<meta name=\"twitter:data1\" content=\"Julien\" \/>\n\t<meta name=\"twitter:label2\" content=\"Dur\u00e9e de lecture est.\" \/>\n\t<meta name=\"twitter:data2\" content=\"4 minutes\" \/>\n<script type=\"application\/ld+json\" class=\"yoast-schema-graph\">{\"@context\":\"https:\/\/schema.org\",\"@graph\":[{\"@type\":\"Article\",\"@id\":\"https:\/\/vieassociative.be\/actualites\/je-mets-cette-sauce-thai-savoureuse-et-epicee-sur-chaque-plat-de-riz\/#article\",\"isPartOf\":{\"@id\":\"https:\/\/vieassociative.be\/actualites\/je-mets-cette-sauce-thai-savoureuse-et-epicee-sur-chaque-plat-de-riz\/\"},\"author\":{\"name\":\"Julien\",\"@id\":\"https:\/\/vieassociative.be\/actualites\/#\/schema\/person\/b87ac4f82f9d4e7b7cec7395b679edc4\"},\"headline\":\"Je mets cette sauce tha\u00ef savoureuse et \u00e9pic\u00e9e sur chaque plat de riz\",\"datePublished\":\"2024-09-19T22:18:51+00:00\",\"dateModified\":\"2024-09-19T22:18:51+00:00\",\"mainEntityOfPage\":{\"@id\":\"https:\/\/vieassociative.be\/actualites\/je-mets-cette-sauce-thai-savoureuse-et-epicee-sur-chaque-plat-de-riz\/\"},\"wordCount\":808,\"publisher\":{\"@id\":\"https:\/\/vieassociative.be\/actualites\/#organization\"},\"image\":{\"@id\":\"https:\/\/vieassociative.be\/actualites\/je-mets-cette-sauce-thai-savoureuse-et-epicee-sur-chaque-plat-de-riz\/#primaryimage\"},\"thumbnailUrl\":\"https:\/\/vieassociative.be\/actualites\/wp-content\/uploads\/2024\/09\/Je-mets-cette-sauce-thai-savoureuse-et-epicee-sur-chaque.jpg\",\"keywords\":[\"cette\",\"chaque\",\"\u00e9pic\u00e9e\",\"mets\",\"plat\",\"riz\",\"sauce\",\"savoureuse\",\"sur\",\"tha\u00ef\"],\"articleSection\":[\"Gastronomie\"],\"inLanguage\":\"fr-BE\"},{\"@type\":\"WebPage\",\"@id\":\"https:\/\/vieassociative.be\/actualites\/je-mets-cette-sauce-thai-savoureuse-et-epicee-sur-chaque-plat-de-riz\/\",\"url\":\"https:\/\/vieassociative.be\/actualites\/je-mets-cette-sauce-thai-savoureuse-et-epicee-sur-chaque-plat-de-riz\/\",\"name\":\"Je mets cette sauce tha\u00ef savoureuse et \u00e9pic\u00e9e sur chaque plat de riz | Vie Associative\",\"isPartOf\":{\"@id\":\"https:\/\/vieassociative.be\/actualites\/#website\"},\"primaryImageOfPage\":{\"@id\":\"https:\/\/vieassociative.be\/actualites\/je-mets-cette-sauce-thai-savoureuse-et-epicee-sur-chaque-plat-de-riz\/#primaryimage\"},\"image\":{\"@id\":\"https:\/\/vieassociative.be\/actualites\/je-mets-cette-sauce-thai-savoureuse-et-epicee-sur-chaque-plat-de-riz\/#primaryimage\"},\"thumbnailUrl\":\"https:\/\/vieassociative.be\/actualites\/wp-content\/uploads\/2024\/09\/Je-mets-cette-sauce-thai-savoureuse-et-epicee-sur-chaque.jpg\",\"datePublished\":\"2024-09-19T22:18:51+00:00\",\"dateModified\":\"2024-09-19T22:18:51+00:00\",\"breadcrumb\":{\"@id\":\"https:\/\/vieassociative.be\/actualites\/je-mets-cette-sauce-thai-savoureuse-et-epicee-sur-chaque-plat-de-riz\/#breadcrumb\"},\"inLanguage\":\"fr-BE\",\"potentialAction\":[{\"@type\":\"ReadAction\",\"target\":[\"https:\/\/vieassociative.be\/actualites\/je-mets-cette-sauce-thai-savoureuse-et-epicee-sur-chaque-plat-de-riz\/\"]}]},{\"@type\":\"ImageObject\",\"inLanguage\":\"fr-BE\",\"@id\":\"https:\/\/vieassociative.be\/actualites\/je-mets-cette-sauce-thai-savoureuse-et-epicee-sur-chaque-plat-de-riz\/#primaryimage\",\"url\":\"https:\/\/vieassociative.be\/actualites\/wp-content\/uploads\/2024\/09\/Je-mets-cette-sauce-thai-savoureuse-et-epicee-sur-chaque.jpg\",\"contentUrl\":\"https:\/\/vieassociative.be\/actualites\/wp-content\/uploads\/2024\/09\/Je-mets-cette-sauce-thai-savoureuse-et-epicee-sur-chaque.jpg\",\"width\":1200,\"height\":675,\"caption\":\"Je mets cette sauce tha\u00ef savoureuse et \u00e9pic\u00e9e sur chaque plat de riz\"},{\"@type\":\"BreadcrumbList\",\"@id\":\"https:\/\/vieassociative.be\/actualites\/je-mets-cette-sauce-thai-savoureuse-et-epicee-sur-chaque-plat-de-riz\/#breadcrumb\",\"itemListElement\":[{\"@type\":\"ListItem\",\"position\":1,\"name\":\"Accueil\",\"item\":\"https:\/\/vieassociative.be\/actualites\/\"},{\"@type\":\"ListItem\",\"position\":2,\"name\":\"Je mets cette sauce tha\u00ef savoureuse et \u00e9pic\u00e9e sur chaque plat de riz\"}]},{\"@type\":\"WebSite\",\"@id\":\"https:\/\/vieassociative.be\/actualites\/#website\",\"url\":\"https:\/\/vieassociative.be\/actualites\/\",\"name\":\"Vie Associative\",\"description\":\"\",\"publisher\":{\"@id\":\"https:\/\/vieassociative.be\/actualites\/#organization\"},\"potentialAction\":[{\"@type\":\"SearchAction\",\"target\":{\"@type\":\"EntryPoint\",\"urlTemplate\":\"https:\/\/vieassociative.be\/actualites\/?s={search_term_string}\"},\"query-input\":{\"@type\":\"PropertyValueSpecification\",\"valueRequired\":true,\"valueName\":\"search_term_string\"}}],\"inLanguage\":\"fr-BE\"},{\"@type\":\"Organization\",\"@id\":\"https:\/\/vieassociative.be\/actualites\/#organization\",\"name\":\"Vie Associative\",\"url\":\"https:\/\/vieassociative.be\/actualites\/\",\"logo\":{\"@type\":\"ImageObject\",\"inLanguage\":\"fr-BE\",\"@id\":\"https:\/\/vieassociative.be\/actualites\/#\/schema\/logo\/image\/\",\"url\":\"https:\/\/vieassociative.be\/actualites\/wp-content\/uploads\/2024\/09\/cropped-vieassociative_favicon.ico.png\",\"contentUrl\":\"https:\/\/vieassociative.be\/actualites\/wp-content\/uploads\/2024\/09\/cropped-vieassociative_favicon.ico.png\",\"width\":512,\"height\":512,\"caption\":\"Vie Associative\"},\"image\":{\"@id\":\"https:\/\/vieassociative.be\/actualites\/#\/schema\/logo\/image\/\"}},{\"@type\":\"Person\",\"@id\":\"https:\/\/vieassociative.be\/actualites\/#\/schema\/person\/b87ac4f82f9d4e7b7cec7395b679edc4\",\"name\":\"Julien\",\"image\":{\"@type\":\"ImageObject\",\"inLanguage\":\"fr-BE\",\"@id\":\"https:\/\/vieassociative.be\/actualites\/#\/schema\/person\/image\/\",\"url\":\"https:\/\/vieassociative.be\/actualites\/wp-content\/uploads\/2024\/09\/vie-associative-1-150x150.jpg\",\"contentUrl\":\"https:\/\/vieassociative.be\/actualites\/wp-content\/uploads\/2024\/09\/vie-associative-1-150x150.jpg\",\"caption\":\"Julien\"},\"description\":\"Je suis Julien, r\u00e9dacteur pour Vie Associative. Passionn\u00e9 par le monde associatif depuis plus de 10 ans, j'ai \u00e0 c\u0153ur de partager des histoires inspirantes et de mettre en lumi\u00e8re les initiatives locales. Mon objectif est de sensibiliser et d'encourager l'engagement communautaire \u00e0 travers mes articles.\",\"sameAs\":[\"https:\/\/vieassociative.be\/\"]}]}<\/script>\n<!-- \/ Yoast SEO plugin. -->","yoast_head_json":{"title":"Je mets cette sauce tha\u00ef savoureuse et \u00e9pic\u00e9e sur chaque plat de riz | Vie Associative","robots":{"index":"index","follow":"follow","max-snippet":"max-snippet:-1","max-image-preview":"max-image-preview:large","max-video-preview":"max-video-preview:-1"},"canonical":"https:\/\/vieassociative.be\/actualites\/je-mets-cette-sauce-thai-savoureuse-et-epicee-sur-chaque-plat-de-riz\/","og_locale":"fr_FR","og_type":"article","og_title":"Je mets cette sauce tha\u00ef savoureuse et \u00e9pic\u00e9e sur chaque plat de riz | Vie Associative","og_description":"Le Prik nam pla est le petit plus dont chaque plat sal\u00e9 a besoin. Certaines personnes mettent toujours le m\u00eame condiment sur leur nourriture, quel","og_url":"https:\/\/vieassociative.be\/actualites\/je-mets-cette-sauce-thai-savoureuse-et-epicee-sur-chaque-plat-de-riz\/","og_site_name":"Vie Associative","article_published_time":"2024-09-19T22:18:51+00:00","og_image":[{"width":279,"height":92,"url":"https:\/\/vieassociative.be\/actualites\/wp-content\/uploads\/2024\/09\/header_backgroundk-01-e1726694325946.png","type":"image\/png"}],"author":"Julien","twitter_card":"summary_large_image","twitter_misc":{"\u00c9crit par":"Julien","Dur\u00e9e de lecture est.":"4 minutes"},"schema":{"@context":"https:\/\/schema.org","@graph":[{"@type":"Article","@id":"https:\/\/vieassociative.be\/actualites\/je-mets-cette-sauce-thai-savoureuse-et-epicee-sur-chaque-plat-de-riz\/#article","isPartOf":{"@id":"https:\/\/vieassociative.be\/actualites\/je-mets-cette-sauce-thai-savoureuse-et-epicee-sur-chaque-plat-de-riz\/"},"author":{"name":"Julien","@id":"https:\/\/vieassociative.be\/actualites\/#\/schema\/person\/b87ac4f82f9d4e7b7cec7395b679edc4"},"headline":"Je mets cette sauce tha\u00ef savoureuse et \u00e9pic\u00e9e sur chaque plat de riz","datePublished":"2024-09-19T22:18:51+00:00","dateModified":"2024-09-19T22:18:51+00:00","mainEntityOfPage":{"@id":"https:\/\/vieassociative.be\/actualites\/je-mets-cette-sauce-thai-savoureuse-et-epicee-sur-chaque-plat-de-riz\/"},"wordCount":808,"publisher":{"@id":"https:\/\/vieassociative.be\/actualites\/#organization"},"image":{"@id":"https:\/\/vieassociative.be\/actualites\/je-mets-cette-sauce-thai-savoureuse-et-epicee-sur-chaque-plat-de-riz\/#primaryimage"},"thumbnailUrl":"https:\/\/vieassociative.be\/actualites\/wp-content\/uploads\/2024\/09\/Je-mets-cette-sauce-thai-savoureuse-et-epicee-sur-chaque.jpg","keywords":["cette","chaque","\u00e9pic\u00e9e","mets","plat","riz","sauce","savoureuse","sur","tha\u00ef"],"articleSection":["Gastronomie"],"inLanguage":"fr-BE"},{"@type":"WebPage","@id":"https:\/\/vieassociative.be\/actualites\/je-mets-cette-sauce-thai-savoureuse-et-epicee-sur-chaque-plat-de-riz\/","url":"https:\/\/vieassociative.be\/actualites\/je-mets-cette-sauce-thai-savoureuse-et-epicee-sur-chaque-plat-de-riz\/","name":"Je mets cette sauce tha\u00ef savoureuse et \u00e9pic\u00e9e sur chaque plat de riz | Vie Associative","isPartOf":{"@id":"https:\/\/vieassociative.be\/actualites\/#website"},"primaryImageOfPage":{"@id":"https:\/\/vieassociative.be\/actualites\/je-mets-cette-sauce-thai-savoureuse-et-epicee-sur-chaque-plat-de-riz\/#primaryimage"},"image":{"@id":"https:\/\/vieassociative.be\/actualites\/je-mets-cette-sauce-thai-savoureuse-et-epicee-sur-chaque-plat-de-riz\/#primaryimage"},"thumbnailUrl":"https:\/\/vieassociative.be\/actualites\/wp-content\/uploads\/2024\/09\/Je-mets-cette-sauce-thai-savoureuse-et-epicee-sur-chaque.jpg","datePublished":"2024-09-19T22:18:51+00:00","dateModified":"2024-09-19T22:18:51+00:00","breadcrumb":{"@id":"https:\/\/vieassociative.be\/actualites\/je-mets-cette-sauce-thai-savoureuse-et-epicee-sur-chaque-plat-de-riz\/#breadcrumb"},"inLanguage":"fr-BE","potentialAction":[{"@type":"ReadAction","target":["https:\/\/vieassociative.be\/actualites\/je-mets-cette-sauce-thai-savoureuse-et-epicee-sur-chaque-plat-de-riz\/"]}]},{"@type":"ImageObject","inLanguage":"fr-BE","@id":"https:\/\/vieassociative.be\/actualites\/je-mets-cette-sauce-thai-savoureuse-et-epicee-sur-chaque-plat-de-riz\/#primaryimage","url":"https:\/\/vieassociative.be\/actualites\/wp-content\/uploads\/2024\/09\/Je-mets-cette-sauce-thai-savoureuse-et-epicee-sur-chaque.jpg","contentUrl":"https:\/\/vieassociative.be\/actualites\/wp-content\/uploads\/2024\/09\/Je-mets-cette-sauce-thai-savoureuse-et-epicee-sur-chaque.jpg","width":1200,"height":675,"caption":"Je mets cette sauce tha\u00ef savoureuse et \u00e9pic\u00e9e sur chaque plat de riz"},{"@type":"BreadcrumbList","@id":"https:\/\/vieassociative.be\/actualites\/je-mets-cette-sauce-thai-savoureuse-et-epicee-sur-chaque-plat-de-riz\/#breadcrumb","itemListElement":[{"@type":"ListItem","position":1,"name":"Accueil","item":"https:\/\/vieassociative.be\/actualites\/"},{"@type":"ListItem","position":2,"name":"Je mets cette sauce tha\u00ef savoureuse et \u00e9pic\u00e9e sur chaque plat de riz"}]},{"@type":"WebSite","@id":"https:\/\/vieassociative.be\/actualites\/#website","url":"https:\/\/vieassociative.be\/actualites\/","name":"Vie Associative","description":"","publisher":{"@id":"https:\/\/vieassociative.be\/actualites\/#organization"},"potentialAction":[{"@type":"SearchAction","target":{"@type":"EntryPoint","urlTemplate":"https:\/\/vieassociative.be\/actualites\/?s={search_term_string}"},"query-input":{"@type":"PropertyValueSpecification","valueRequired":true,"valueName":"search_term_string"}}],"inLanguage":"fr-BE"},{"@type":"Organization","@id":"https:\/\/vieassociative.be\/actualites\/#organization","name":"Vie Associative","url":"https:\/\/vieassociative.be\/actualites\/","logo":{"@type":"ImageObject","inLanguage":"fr-BE","@id":"https:\/\/vieassociative.be\/actualites\/#\/schema\/logo\/image\/","url":"https:\/\/vieassociative.be\/actualites\/wp-content\/uploads\/2024\/09\/cropped-vieassociative_favicon.ico.png","contentUrl":"https:\/\/vieassociative.be\/actualites\/wp-content\/uploads\/2024\/09\/cropped-vieassociative_favicon.ico.png","width":512,"height":512,"caption":"Vie Associative"},"image":{"@id":"https:\/\/vieassociative.be\/actualites\/#\/schema\/logo\/image\/"}},{"@type":"Person","@id":"https:\/\/vieassociative.be\/actualites\/#\/schema\/person\/b87ac4f82f9d4e7b7cec7395b679edc4","name":"Julien","image":{"@type":"ImageObject","inLanguage":"fr-BE","@id":"https:\/\/vieassociative.be\/actualites\/#\/schema\/person\/image\/","url":"https:\/\/vieassociative.be\/actualites\/wp-content\/uploads\/2024\/09\/vie-associative-1-150x150.jpg","contentUrl":"https:\/\/vieassociative.be\/actualites\/wp-content\/uploads\/2024\/09\/vie-associative-1-150x150.jpg","caption":"Julien"},"description":"Je suis Julien, r\u00e9dacteur pour Vie Associative. Passionn\u00e9 par le monde associatif depuis plus de 10 ans, j'ai \u00e0 c\u0153ur de partager des histoires inspirantes et de mettre en lumi\u00e8re les initiatives locales. Mon objectif est de sensibiliser et d'encourager l'engagement communautaire \u00e0 travers mes articles.","sameAs":["https:\/\/vieassociative.be\/"]}]}},"_links":{"self":[{"href":"https:\/\/vieassociative.be\/actualites\/wp-json\/wp\/v2\/posts\/129"}],"collection":[{"href":"https:\/\/vieassociative.be\/actualites\/wp-json\/wp\/v2\/posts"}],"about":[{"href":"https:\/\/vieassociative.be\/actualites\/wp-json\/wp\/v2\/types\/post"}],"author":[{"embeddable":true,"href":"https:\/\/vieassociative.be\/actualites\/wp-json\/wp\/v2\/users\/1"}],"replies":[{"embeddable":true,"href":"https:\/\/vieassociative.be\/actualites\/wp-json\/wp\/v2\/comments?post=129"}],"version-history":[{"count":0,"href":"https:\/\/vieassociative.be\/actualites\/wp-json\/wp\/v2\/posts\/129\/revisions"}],"wp:featuredmedia":[{"embeddable":true,"href":"https:\/\/vieassociative.be\/actualites\/wp-json\/wp\/v2\/media\/130"}],"wp:attachment":[{"href":"https:\/\/vieassociative.be\/actualites\/wp-json\/wp\/v2\/media?parent=129"}],"wp:term":[{"taxonomy":"category","embeddable":true,"href":"https:\/\/vieassociative.be\/actualites\/wp-json\/wp\/v2\/categories?post=129"},{"taxonomy":"post_tag","embeddable":true,"href":"https:\/\/vieassociative.be\/actualites\/wp-json\/wp\/v2\/tags?post=129"}],"curies":[{"name":"wp","href":"https:\/\/api.w.org\/{rel}","templated":true}]}}