{"id":12898,"date":"2026-03-05T03:18:18","date_gmt":"2026-03-05T02:18:18","guid":{"rendered":"https:\/\/vieassociative.be\/actualites\/le-macbook-neo-est-la-pour-perturber-le-marche-de-linformatique-personnelle\/"},"modified":"2026-03-05T03:18:18","modified_gmt":"2026-03-05T02:18:18","slug":"le-macbook-neo-est-la-pour-perturber-le-marche-de-linformatique-personnelle","status":"publish","type":"post","link":"https:\/\/vieassociative.be\/actualites\/le-macbook-neo-est-la-pour-perturber-le-marche-de-linformatique-personnelle\/","title":{"rendered":"Le MacBook Neo est l\u00e0 pour perturber le march\u00e9 de l&rsquo;informatique personnelle"},"content":{"rendered":"<p>Mercredi, Apple a d\u00e9voil\u00e9 son ordinateur portable \u00ab low-cost \u00bb, le MacBook Neo. Pour atteindre son prix attractif, la machine prend quelques raccourcis : elle utilise une puce iPhone plut\u00f4t qu&rsquo;une puce Mac ; il ne dispose que de 8 Go de RAM ; le clavier n&rsquo;a pas de r\u00e9tro\u00e9clairage ; le mod\u00e8le de base n&rsquo;est pas livr\u00e9 avec Touch ID. Mais rien de tout cela n&rsquo;a vraiment d&rsquo;importance lorsqu&rsquo;Apple vous propose un tout nouveau MacBook pour seulement 599 $, ou 499 $ si vous achetez via l&rsquo;Education Store. (\u00c9tant donn\u00e9 que l&rsquo;entreprise n&rsquo;exige pas r\u00e9ellement de preuve que vous \u00eates un \u00e9tudiant ou un enseignant pour acheter dans l&rsquo;Education Store, le Neo est, en fait, un MacBook \u00e0 500 $. Wild.)<\/p>\n<p>Si j&rsquo;\u00e9tais une autre entreprise informatique, je serais nerveux en ce moment. Apple est bien s\u00fbr d\u00e9j\u00e0 un acteur g\u00e9ant dans le domaine informatique, mais ce n\u2019est pas le plus grand. En fait, il est vraiment quatri\u00e8me, derri\u00e8re Dell en troisi\u00e8me position, puis HP et Lenovo, du moins en termes de livraisons mondiales d&rsquo;ordinateurs. Il bat actuellement d&rsquo;autres grands fabricants, dont Asus et Acer, malgr\u00e9 sa gamme commen\u00e7ant \u00e0 999 $. (Ce qui a grimp\u00e9 \u00e0 1 099 $ avec le lancement du MacBook Air M5.) Il y a souvent des ventes sur les MacBook, en particulier les mod\u00e8les plus anciens comme les MacBook Air M1 et M2, mais les machines restent ind\u00e9niablement ch\u00e8res \u2013 et pourtant Apple n&rsquo;a toujours aucun mal \u00e0 en vendre beaucoup. Comment cela va-t-il changer maintenant que les clients n&rsquo;ont plus besoin d&rsquo;attendre une vente ou de se tourner vers le march\u00e9 de l&rsquo;occasion pour trouver de bonnes affaires sur les MacBook ? Comment les ventes s\u2019ajusteront-elles lorsque les acheteurs pourront entrer dans un Apple Store et en repartir avec un MacBook de base qui co\u00fbte deux fois moins cher ? <\/p>\n<h2 id=\"the-macbook-neo-could-sell-very-well\">Le MacBook Neo pourrait se vendre <em>tr\u00e8s<\/em> Bien<\/h2>\n<p>Tout est possible, et personne ne peut pr\u00e9dire l&rsquo;avenir avec une pr\u00e9cision totale, mais je pense qu&rsquo;Apple vient d&rsquo;allumer une m\u00e8che qui va bouleverser massivement le march\u00e9 informatique, en particulier dans trois domaines cl\u00e9s : l&rsquo;informatique personnelle, l&rsquo;\u00e9ducation et l&rsquo;entreprise. <\/p>\n<p>Commen\u00e7ons par ce premier point : si vous \u00eates \u00e0 la recherche d\u2019un nouvel ordinateur portable, vous ne manquez certainement pas d\u2019options. Vous pouvez opter pour un PC, qui peut souvent \u00eatre trouv\u00e9 beaucoup moins cher que des Mac comparables, mais la strat\u00e9gie actuelle de Microsoft est \u00e9trange : il a tent\u00e9 de regrouper l&rsquo;ensemble du march\u00e9 des PC sous son \u00e9gide de fonctionnalit\u00e9s d&rsquo;IA, en apposant sur de nombreux ordinateurs sa marque \u00ab Copilot+ PC \u00bb, y compris une cl\u00e9 Copilot d\u00e9di\u00e9e. Le probl\u00e8me est que peu d&rsquo;utilisateurs semblent vraiment s&rsquo;int\u00e9resser \u00e0 ces fonctionnalit\u00e9s d&rsquo;IA, et bien que de nombreuses machines soient bien con\u00e7ues, elles sont embourb\u00e9es par l&rsquo;IA de Microsoft. Franchement, c&rsquo;est un peu le bordel. Vous pourriez \u00eatre pr\u00eat \u00e0 faire face \u00e0 ce g\u00e2chis si vous \u00eates un fan de Windows ou si vous n&rsquo;avez pas les moyens d&rsquo;acheter un Mac. <\/p>\n<p>Ensuite, il y a l&rsquo;\u00e9tat actuel des Chromebooks : les appareils Chrome OS de Google sont souvent tr\u00e8s abordables, donnant aux utilisateurs l&rsquo;acc\u00e8s \u00e0 des outils essentiels pour le travail et les loisirs. Et pourtant, l&rsquo;exp\u00e9rience globale a tendance \u00e0 laisser \u00e0 d\u00e9sirer, surtout si vous \u00eates habitu\u00e9 \u00e0 un Mac ou un PC traditionnel, ou si vous avez besoin de programmes qui ne fonctionnent que sur une de ces machines. <\/p>\n<p>Reste le Mac, qui peut souvent \u00eatre d\u00e9prioris\u00e9 en raison de ses co\u00fbts plus \u00e9lev\u00e9s. Si vous cherchez simplement quelque chose \u00e0 utiliser pour naviguer sur le Web et r\u00e9pondre \u00e0 vos e-mails, pourquoi d\u00e9penser 999\u00a0$ ou plus sur un Mac alors que vous pourriez d\u00e9penser une fraction du co\u00fbt sur un PC ou un Chromebook\u00a0? Mais si le <em>MacBook<\/em> repr\u00e9sente d\u00e9sormais une fraction du co\u00fbt qu&rsquo;Apple exigeait auparavant, ce qui change litt\u00e9ralement l&rsquo;\u00e9quation. Quant \u00e0 l&rsquo;IA, bien qu&rsquo;Apple propose des fonctionnalit\u00e9s d&rsquo;IA, elles sont 100 % facultatives et, \u00e0 mon avis, plut\u00f4t apr\u00e8s coup que le composant principal que Microsoft semble vouloir qu&rsquo;elles soient. J&rsquo;imagine qu&rsquo;un certain nombre de nouveaux clients se tourneront vers cette option, en particulier les \u00e9tudiants \u00e0 la recherche d&rsquo;un moyen abordable de faire leurs devoirs. <\/p>\n<h2 id=\"how-the-macbook-neo-could-affect-education-and-enterprise\">Comment le MacBook Neo pourrait affecter l&rsquo;\u00e9ducation et l&rsquo;entreprise <\/h2>\n<p>Ensuite, il y a le march\u00e9 plus vaste de l\u2019\u00e9ducation, qu\u2019Apple dominait autrefois. D\u00e9sormais, le domaine appartient en grande partie au Chromebook, et pour cause : ces appareils sont <em>bon march\u00e9<\/em>et ils sont con\u00e7us pour fonctionner avec les services Google. Si votre \u00e9cole utilise d\u00e9j\u00e0 Google, les Chromebooks sont une \u00e9vidence\u00a0: 93\u00a0% des districts scolaires am\u00e9ricains pr\u00e9voyaient d&rsquo;acheter des Chromebooks l&rsquo;ann\u00e9e derni\u00e8re, et environ 60\u00a0% des Chromebooks sont utilis\u00e9s dans le cadre de l&rsquo;\u00e9ducation. Je ne pense pas que le MacBook Neo va inverser la tendance (le Chromebook est trop enfoui), mais cela pourrait \u00e9roder la domination de Google. Toute \u00e9cole souhaitant envisager quelque chose d&rsquo;un peu plus robuste qu&rsquo;un Chromebook trouvera peut-\u00eatre ce prix de 500 $ plus facile \u00e0 avaler que 999 $.<\/p>\n<p>C&rsquo;est une histoire similaire pour les entreprises : si vous \u00eates une entreprise qui cherche \u00e0 acheter des ordinateurs portables pour ses employ\u00e9s et que vous n&rsquo;\u00eates pas limit\u00e9 \u00e0 un syst\u00e8me d&rsquo;exploitation en particulier, le MacBook Neo est soudainement une excellente option. Si vos employ\u00e9s peuvent ex\u00e9cuter macOS ou acc\u00e9der \u00e0 des suites professionnelles comme Google ou Microsoft via macOS, ces MacBook \u00e0 faible co\u00fbt sont d&rsquo;un excellent rapport qualit\u00e9-prix. Les entreprises ach\u00e8tent d\u00e9j\u00e0 des MacBook Air et des MacBook Pro, qui co\u00fbtent le double ou le triple du prix du Neo. Peut-\u00eatre que tous ceux qui cherchent \u00e0 actualiser leur mat\u00e9riel trouveront ce prix tentant. <\/p>\n<p>Peut-\u00eatre que le MacBook Neo sera un succ\u00e8s modeste pour Apple, ou peut-\u00eatre que les gens ach\u00e8teront des Mac, qu&rsquo;ils co\u00fbtent 499 $ ou 1 099 $. Mais je pense qu\u2019Apple a r\u00e9solu quelque chose d\u2019important ici. Le temps nous le dira, mais je pense que nous verrons un <em>parcelle<\/em> de ces machines color\u00e9es dans les caf\u00e9s, les \u00e9coles et les lieux de travail \u2013 et peut-\u00eatre moins de Chromebooks et d&rsquo;ordinateurs \u00e9conomiques en cons\u00e9quence.<\/p>\n","protected":false},"excerpt":{"rendered":"<p>Mercredi, Apple a d\u00e9voil\u00e9 son ordinateur portable \u00ab low-cost \u00bb, le MacBook Neo. Pour atteindre son prix attractif, la machine prend quelques raccourcis : elle<\/p>\n","protected":false},"author":1,"featured_media":12899,"comment_status":"","ping_status":"","sticky":false,"template":"","format":"standard","meta":{"footnotes":""},"categories":[1],"tags":[76,1293,10164,686,1523,10155,2629,10163,81],"class_list":["post-12898","post","type-post","status-publish","format-standard","has-post-thumbnail","hentry","category-non-classe","tag-est","tag-la","tag-linformatique","tag-macbook","tag-marche","tag-neo","tag-personnelle","tag-perturber","tag-pour","generate-columns","tablet-grid-50","mobile-grid-100","grid-parent","grid-33"],"yoast_head":"<!-- This site is optimized with the Yoast SEO plugin v24.0 - https:\/\/yoast.com\/wordpress\/plugins\/seo\/ -->\n<title>Le MacBook Neo est l\u00e0 pour perturber le march\u00e9 de l&#039;informatique personnelle | Vie Associative<\/title>\n<meta name=\"robots\" content=\"index, follow, max-snippet:-1, max-image-preview:large, max-video-preview:-1\" \/>\n<link rel=\"canonical\" href=\"https:\/\/vieassociative.be\/actualites\/le-macbook-neo-est-la-pour-perturber-le-marche-de-linformatique-personnelle\/\" \/>\n<meta property=\"og:locale\" content=\"fr_FR\" \/>\n<meta property=\"og:type\" content=\"article\" \/>\n<meta property=\"og:title\" content=\"Le MacBook Neo est l\u00e0 pour perturber le march\u00e9 de l&#039;informatique personnelle | Vie Associative\" \/>\n<meta property=\"og:description\" content=\"Mercredi, Apple a d\u00e9voil\u00e9 son ordinateur portable \u00ab low-cost \u00bb, le MacBook Neo. Pour atteindre son prix attractif, la machine prend quelques raccourcis : elle\" \/>\n<meta property=\"og:url\" content=\"https:\/\/vieassociative.be\/actualites\/le-macbook-neo-est-la-pour-perturber-le-marche-de-linformatique-personnelle\/\" \/>\n<meta property=\"og:site_name\" content=\"Vie Associative\" \/>\n<meta property=\"article:published_time\" content=\"2026-03-05T02:18:18+00:00\" \/>\n<meta property=\"og:image\" content=\"https:\/\/vieassociative.be\/actualites\/wp-content\/uploads\/2024\/09\/header_backgroundk-01-e1726694325946.png\" \/>\n\t<meta property=\"og:image:width\" content=\"279\" \/>\n\t<meta property=\"og:image:height\" content=\"92\" \/>\n\t<meta property=\"og:image:type\" content=\"image\/png\" \/>\n<meta name=\"author\" content=\"Julien\" \/>\n<meta name=\"twitter:card\" content=\"summary_large_image\" \/>\n<meta name=\"twitter:label1\" content=\"\u00c9crit par\" \/>\n\t<meta name=\"twitter:data1\" content=\"Julien\" \/>\n\t<meta name=\"twitter:label2\" content=\"Dur\u00e9e de lecture est.\" \/>\n\t<meta name=\"twitter:data2\" content=\"5 minutes\" \/>\n<script type=\"application\/ld+json\" class=\"yoast-schema-graph\">{\"@context\":\"https:\/\/schema.org\",\"@graph\":[{\"@type\":\"Article\",\"@id\":\"https:\/\/vieassociative.be\/actualites\/le-macbook-neo-est-la-pour-perturber-le-marche-de-linformatique-personnelle\/#article\",\"isPartOf\":{\"@id\":\"https:\/\/vieassociative.be\/actualites\/le-macbook-neo-est-la-pour-perturber-le-marche-de-linformatique-personnelle\/\"},\"author\":{\"name\":\"Julien\",\"@id\":\"https:\/\/vieassociative.be\/actualites\/#\/schema\/person\/b87ac4f82f9d4e7b7cec7395b679edc4\"},\"headline\":\"Le MacBook Neo est l\u00e0 pour perturber le march\u00e9 de l&rsquo;informatique personnelle\",\"datePublished\":\"2026-03-05T02:18:18+00:00\",\"dateModified\":\"2026-03-05T02:18:18+00:00\",\"mainEntityOfPage\":{\"@id\":\"https:\/\/vieassociative.be\/actualites\/le-macbook-neo-est-la-pour-perturber-le-marche-de-linformatique-personnelle\/\"},\"wordCount\":1114,\"publisher\":{\"@id\":\"https:\/\/vieassociative.be\/actualites\/#organization\"},\"image\":{\"@id\":\"https:\/\/vieassociative.be\/actualites\/le-macbook-neo-est-la-pour-perturber-le-marche-de-linformatique-personnelle\/#primaryimage\"},\"thumbnailUrl\":\"https:\/\/vieassociative.be\/actualites\/wp-content\/uploads\/2026\/03\/Le-MacBook-Neo-est-la-pour-perturber-le-marche-de.jpg\",\"keywords\":[\"est\",\"l\u00e0\",\"linformatique\",\"MacBook\",\"march\u00e9\",\"Neo\",\"personnelle\",\"perturber\",\"pour\"],\"inLanguage\":\"fr-BE\"},{\"@type\":\"WebPage\",\"@id\":\"https:\/\/vieassociative.be\/actualites\/le-macbook-neo-est-la-pour-perturber-le-marche-de-linformatique-personnelle\/\",\"url\":\"https:\/\/vieassociative.be\/actualites\/le-macbook-neo-est-la-pour-perturber-le-marche-de-linformatique-personnelle\/\",\"name\":\"Le MacBook Neo est l\u00e0 pour perturber le march\u00e9 de l'informatique personnelle | Vie Associative\",\"isPartOf\":{\"@id\":\"https:\/\/vieassociative.be\/actualites\/#website\"},\"primaryImageOfPage\":{\"@id\":\"https:\/\/vieassociative.be\/actualites\/le-macbook-neo-est-la-pour-perturber-le-marche-de-linformatique-personnelle\/#primaryimage\"},\"image\":{\"@id\":\"https:\/\/vieassociative.be\/actualites\/le-macbook-neo-est-la-pour-perturber-le-marche-de-linformatique-personnelle\/#primaryimage\"},\"thumbnailUrl\":\"https:\/\/vieassociative.be\/actualites\/wp-content\/uploads\/2026\/03\/Le-MacBook-Neo-est-la-pour-perturber-le-marche-de.jpg\",\"datePublished\":\"2026-03-05T02:18:18+00:00\",\"dateModified\":\"2026-03-05T02:18:18+00:00\",\"breadcrumb\":{\"@id\":\"https:\/\/vieassociative.be\/actualites\/le-macbook-neo-est-la-pour-perturber-le-marche-de-linformatique-personnelle\/#breadcrumb\"},\"inLanguage\":\"fr-BE\",\"potentialAction\":[{\"@type\":\"ReadAction\",\"target\":[\"https:\/\/vieassociative.be\/actualites\/le-macbook-neo-est-la-pour-perturber-le-marche-de-linformatique-personnelle\/\"]}]},{\"@type\":\"ImageObject\",\"inLanguage\":\"fr-BE\",\"@id\":\"https:\/\/vieassociative.be\/actualites\/le-macbook-neo-est-la-pour-perturber-le-marche-de-linformatique-personnelle\/#primaryimage\",\"url\":\"https:\/\/vieassociative.be\/actualites\/wp-content\/uploads\/2026\/03\/Le-MacBook-Neo-est-la-pour-perturber-le-marche-de.jpg\",\"contentUrl\":\"https:\/\/vieassociative.be\/actualites\/wp-content\/uploads\/2026\/03\/Le-MacBook-Neo-est-la-pour-perturber-le-marche-de.jpg\",\"width\":1200,\"height\":675,\"caption\":\"Le MacBook Neo est l\u00e0 pour perturber le march\u00e9 de l'informatique personnelle\"},{\"@type\":\"BreadcrumbList\",\"@id\":\"https:\/\/vieassociative.be\/actualites\/le-macbook-neo-est-la-pour-perturber-le-marche-de-linformatique-personnelle\/#breadcrumb\",\"itemListElement\":[{\"@type\":\"ListItem\",\"position\":1,\"name\":\"Accueil\",\"item\":\"https:\/\/vieassociative.be\/actualites\/\"},{\"@type\":\"ListItem\",\"position\":2,\"name\":\"Le MacBook Neo est l\u00e0 pour perturber le march\u00e9 de l&rsquo;informatique personnelle\"}]},{\"@type\":\"WebSite\",\"@id\":\"https:\/\/vieassociative.be\/actualites\/#website\",\"url\":\"https:\/\/vieassociative.be\/actualites\/\",\"name\":\"Vie Associative\",\"description\":\"\",\"publisher\":{\"@id\":\"https:\/\/vieassociative.be\/actualites\/#organization\"},\"potentialAction\":[{\"@type\":\"SearchAction\",\"target\":{\"@type\":\"EntryPoint\",\"urlTemplate\":\"https:\/\/vieassociative.be\/actualites\/?s={search_term_string}\"},\"query-input\":{\"@type\":\"PropertyValueSpecification\",\"valueRequired\":true,\"valueName\":\"search_term_string\"}}],\"inLanguage\":\"fr-BE\"},{\"@type\":\"Organization\",\"@id\":\"https:\/\/vieassociative.be\/actualites\/#organization\",\"name\":\"Vie Associative\",\"url\":\"https:\/\/vieassociative.be\/actualites\/\",\"logo\":{\"@type\":\"ImageObject\",\"inLanguage\":\"fr-BE\",\"@id\":\"https:\/\/vieassociative.be\/actualites\/#\/schema\/logo\/image\/\",\"url\":\"https:\/\/vieassociative.be\/actualites\/wp-content\/uploads\/2024\/09\/cropped-vieassociative_favicon.ico.png\",\"contentUrl\":\"https:\/\/vieassociative.be\/actualites\/wp-content\/uploads\/2024\/09\/cropped-vieassociative_favicon.ico.png\",\"width\":512,\"height\":512,\"caption\":\"Vie Associative\"},\"image\":{\"@id\":\"https:\/\/vieassociative.be\/actualites\/#\/schema\/logo\/image\/\"}},{\"@type\":\"Person\",\"@id\":\"https:\/\/vieassociative.be\/actualites\/#\/schema\/person\/b87ac4f82f9d4e7b7cec7395b679edc4\",\"name\":\"Julien\",\"image\":{\"@type\":\"ImageObject\",\"inLanguage\":\"fr-BE\",\"@id\":\"https:\/\/vieassociative.be\/actualites\/#\/schema\/person\/image\/\",\"url\":\"https:\/\/vieassociative.be\/actualites\/wp-content\/uploads\/2024\/09\/vie-associative-1-150x150.jpg\",\"contentUrl\":\"https:\/\/vieassociative.be\/actualites\/wp-content\/uploads\/2024\/09\/vie-associative-1-150x150.jpg\",\"caption\":\"Julien\"},\"description\":\"Je suis Julien, r\u00e9dacteur pour Vie Associative. Passionn\u00e9 par le monde associatif depuis plus de 10 ans, j'ai \u00e0 c\u0153ur de partager des histoires inspirantes et de mettre en lumi\u00e8re les initiatives locales. Mon objectif est de sensibiliser et d'encourager l'engagement communautaire \u00e0 travers mes articles.\",\"sameAs\":[\"https:\/\/vieassociative.be\/\"]}]}<\/script>\n<!-- \/ Yoast SEO plugin. -->","yoast_head_json":{"title":"Le MacBook Neo est l\u00e0 pour perturber le march\u00e9 de l'informatique personnelle | Vie Associative","robots":{"index":"index","follow":"follow","max-snippet":"max-snippet:-1","max-image-preview":"max-image-preview:large","max-video-preview":"max-video-preview:-1"},"canonical":"https:\/\/vieassociative.be\/actualites\/le-macbook-neo-est-la-pour-perturber-le-marche-de-linformatique-personnelle\/","og_locale":"fr_FR","og_type":"article","og_title":"Le MacBook Neo est l\u00e0 pour perturber le march\u00e9 de l'informatique personnelle | Vie Associative","og_description":"Mercredi, Apple a d\u00e9voil\u00e9 son ordinateur portable \u00ab low-cost \u00bb, le MacBook Neo. Pour atteindre son prix attractif, la machine prend quelques raccourcis : elle","og_url":"https:\/\/vieassociative.be\/actualites\/le-macbook-neo-est-la-pour-perturber-le-marche-de-linformatique-personnelle\/","og_site_name":"Vie Associative","article_published_time":"2026-03-05T02:18:18+00:00","og_image":[{"width":279,"height":92,"url":"https:\/\/vieassociative.be\/actualites\/wp-content\/uploads\/2024\/09\/header_backgroundk-01-e1726694325946.png","type":"image\/png"}],"author":"Julien","twitter_card":"summary_large_image","twitter_misc":{"\u00c9crit par":"Julien","Dur\u00e9e de lecture est.":"5 minutes"},"schema":{"@context":"https:\/\/schema.org","@graph":[{"@type":"Article","@id":"https:\/\/vieassociative.be\/actualites\/le-macbook-neo-est-la-pour-perturber-le-marche-de-linformatique-personnelle\/#article","isPartOf":{"@id":"https:\/\/vieassociative.be\/actualites\/le-macbook-neo-est-la-pour-perturber-le-marche-de-linformatique-personnelle\/"},"author":{"name":"Julien","@id":"https:\/\/vieassociative.be\/actualites\/#\/schema\/person\/b87ac4f82f9d4e7b7cec7395b679edc4"},"headline":"Le MacBook Neo est l\u00e0 pour perturber le march\u00e9 de l&rsquo;informatique personnelle","datePublished":"2026-03-05T02:18:18+00:00","dateModified":"2026-03-05T02:18:18+00:00","mainEntityOfPage":{"@id":"https:\/\/vieassociative.be\/actualites\/le-macbook-neo-est-la-pour-perturber-le-marche-de-linformatique-personnelle\/"},"wordCount":1114,"publisher":{"@id":"https:\/\/vieassociative.be\/actualites\/#organization"},"image":{"@id":"https:\/\/vieassociative.be\/actualites\/le-macbook-neo-est-la-pour-perturber-le-marche-de-linformatique-personnelle\/#primaryimage"},"thumbnailUrl":"https:\/\/vieassociative.be\/actualites\/wp-content\/uploads\/2026\/03\/Le-MacBook-Neo-est-la-pour-perturber-le-marche-de.jpg","keywords":["est","l\u00e0","linformatique","MacBook","march\u00e9","Neo","personnelle","perturber","pour"],"inLanguage":"fr-BE"},{"@type":"WebPage","@id":"https:\/\/vieassociative.be\/actualites\/le-macbook-neo-est-la-pour-perturber-le-marche-de-linformatique-personnelle\/","url":"https:\/\/vieassociative.be\/actualites\/le-macbook-neo-est-la-pour-perturber-le-marche-de-linformatique-personnelle\/","name":"Le MacBook Neo est l\u00e0 pour perturber le march\u00e9 de l'informatique personnelle | Vie Associative","isPartOf":{"@id":"https:\/\/vieassociative.be\/actualites\/#website"},"primaryImageOfPage":{"@id":"https:\/\/vieassociative.be\/actualites\/le-macbook-neo-est-la-pour-perturber-le-marche-de-linformatique-personnelle\/#primaryimage"},"image":{"@id":"https:\/\/vieassociative.be\/actualites\/le-macbook-neo-est-la-pour-perturber-le-marche-de-linformatique-personnelle\/#primaryimage"},"thumbnailUrl":"https:\/\/vieassociative.be\/actualites\/wp-content\/uploads\/2026\/03\/Le-MacBook-Neo-est-la-pour-perturber-le-marche-de.jpg","datePublished":"2026-03-05T02:18:18+00:00","dateModified":"2026-03-05T02:18:18+00:00","breadcrumb":{"@id":"https:\/\/vieassociative.be\/actualites\/le-macbook-neo-est-la-pour-perturber-le-marche-de-linformatique-personnelle\/#breadcrumb"},"inLanguage":"fr-BE","potentialAction":[{"@type":"ReadAction","target":["https:\/\/vieassociative.be\/actualites\/le-macbook-neo-est-la-pour-perturber-le-marche-de-linformatique-personnelle\/"]}]},{"@type":"ImageObject","inLanguage":"fr-BE","@id":"https:\/\/vieassociative.be\/actualites\/le-macbook-neo-est-la-pour-perturber-le-marche-de-linformatique-personnelle\/#primaryimage","url":"https:\/\/vieassociative.be\/actualites\/wp-content\/uploads\/2026\/03\/Le-MacBook-Neo-est-la-pour-perturber-le-marche-de.jpg","contentUrl":"https:\/\/vieassociative.be\/actualites\/wp-content\/uploads\/2026\/03\/Le-MacBook-Neo-est-la-pour-perturber-le-marche-de.jpg","width":1200,"height":675,"caption":"Le MacBook Neo est l\u00e0 pour perturber le march\u00e9 de l'informatique personnelle"},{"@type":"BreadcrumbList","@id":"https:\/\/vieassociative.be\/actualites\/le-macbook-neo-est-la-pour-perturber-le-marche-de-linformatique-personnelle\/#breadcrumb","itemListElement":[{"@type":"ListItem","position":1,"name":"Accueil","item":"https:\/\/vieassociative.be\/actualites\/"},{"@type":"ListItem","position":2,"name":"Le MacBook Neo est l\u00e0 pour perturber le march\u00e9 de l&rsquo;informatique personnelle"}]},{"@type":"WebSite","@id":"https:\/\/vieassociative.be\/actualites\/#website","url":"https:\/\/vieassociative.be\/actualites\/","name":"Vie Associative","description":"","publisher":{"@id":"https:\/\/vieassociative.be\/actualites\/#organization"},"potentialAction":[{"@type":"SearchAction","target":{"@type":"EntryPoint","urlTemplate":"https:\/\/vieassociative.be\/actualites\/?s={search_term_string}"},"query-input":{"@type":"PropertyValueSpecification","valueRequired":true,"valueName":"search_term_string"}}],"inLanguage":"fr-BE"},{"@type":"Organization","@id":"https:\/\/vieassociative.be\/actualites\/#organization","name":"Vie Associative","url":"https:\/\/vieassociative.be\/actualites\/","logo":{"@type":"ImageObject","inLanguage":"fr-BE","@id":"https:\/\/vieassociative.be\/actualites\/#\/schema\/logo\/image\/","url":"https:\/\/vieassociative.be\/actualites\/wp-content\/uploads\/2024\/09\/cropped-vieassociative_favicon.ico.png","contentUrl":"https:\/\/vieassociative.be\/actualites\/wp-content\/uploads\/2024\/09\/cropped-vieassociative_favicon.ico.png","width":512,"height":512,"caption":"Vie Associative"},"image":{"@id":"https:\/\/vieassociative.be\/actualites\/#\/schema\/logo\/image\/"}},{"@type":"Person","@id":"https:\/\/vieassociative.be\/actualites\/#\/schema\/person\/b87ac4f82f9d4e7b7cec7395b679edc4","name":"Julien","image":{"@type":"ImageObject","inLanguage":"fr-BE","@id":"https:\/\/vieassociative.be\/actualites\/#\/schema\/person\/image\/","url":"https:\/\/vieassociative.be\/actualites\/wp-content\/uploads\/2024\/09\/vie-associative-1-150x150.jpg","contentUrl":"https:\/\/vieassociative.be\/actualites\/wp-content\/uploads\/2024\/09\/vie-associative-1-150x150.jpg","caption":"Julien"},"description":"Je suis Julien, r\u00e9dacteur pour Vie Associative. Passionn\u00e9 par le monde associatif depuis plus de 10 ans, j'ai \u00e0 c\u0153ur de partager des histoires inspirantes et de mettre en lumi\u00e8re les initiatives locales. Mon objectif est de sensibiliser et d'encourager l'engagement communautaire \u00e0 travers mes articles.","sameAs":["https:\/\/vieassociative.be\/"]}]}},"_links":{"self":[{"href":"https:\/\/vieassociative.be\/actualites\/wp-json\/wp\/v2\/posts\/12898"}],"collection":[{"href":"https:\/\/vieassociative.be\/actualites\/wp-json\/wp\/v2\/posts"}],"about":[{"href":"https:\/\/vieassociative.be\/actualites\/wp-json\/wp\/v2\/types\/post"}],"author":[{"embeddable":true,"href":"https:\/\/vieassociative.be\/actualites\/wp-json\/wp\/v2\/users\/1"}],"replies":[{"embeddable":true,"href":"https:\/\/vieassociative.be\/actualites\/wp-json\/wp\/v2\/comments?post=12898"}],"version-history":[{"count":0,"href":"https:\/\/vieassociative.be\/actualites\/wp-json\/wp\/v2\/posts\/12898\/revisions"}],"wp:featuredmedia":[{"embeddable":true,"href":"https:\/\/vieassociative.be\/actualites\/wp-json\/wp\/v2\/media\/12899"}],"wp:attachment":[{"href":"https:\/\/vieassociative.be\/actualites\/wp-json\/wp\/v2\/media?parent=12898"}],"wp:term":[{"taxonomy":"category","embeddable":true,"href":"https:\/\/vieassociative.be\/actualites\/wp-json\/wp\/v2\/categories?post=12898"},{"taxonomy":"post_tag","embeddable":true,"href":"https:\/\/vieassociative.be\/actualites\/wp-json\/wp\/v2\/tags?post=12898"}],"curies":[{"name":"wp","href":"https:\/\/api.w.org\/{rel}","templated":true}]}}