{"id":12894,"date":"2026-03-04T16:18:34","date_gmt":"2026-03-04T15:18:34","guid":{"rendered":"https:\/\/vieassociative.be\/actualites\/luttes-de-pouvoir-qui-dirigera-demain-liran\/"},"modified":"2026-03-04T16:18:34","modified_gmt":"2026-03-04T15:18:34","slug":"luttes-de-pouvoir-qui-dirigera-demain-liran","status":"publish","type":"post","link":"https:\/\/vieassociative.be\/actualites\/luttes-de-pouvoir-qui-dirigera-demain-liran\/","title":{"rendered":"Luttes de pouvoir : qui dirigera demain l\u2019Iran ?"},"content":{"rendered":"<p><strong>Apr\u00e8s la mort de l\u2019ayatollah Ali Khamenei, la structure du pouvoir iranien doit clarifier qui lui succ\u00e9dera. Mais en temps de guerre, l\u2019\u00e9lection du nouveau leader r\u00e9volutionnaire devient \u00e9galement un risque.<\/strong><\/p>\n<p><span id=\"more-437356\"><\/span>La mort de l&rsquo;ayatollah Ali Khamenei laisse un vide de pouvoir dans le centre de l&rsquo;Iran. Pendant des d\u00e9cennies, dans le syst\u00e8me de la R\u00e9publique islamique, tout se r\u00e9sumait au leader r\u00e9volutionnaire. Il a mis en commun le pouvoir politique, militaire et religieux.<\/p>\n<p>La succession doit d\u00e9sormais \u00eatre r\u00e9gl\u00e9e \u00e0 l&rsquo;heure o\u00f9 le pays est en guerre. Officiellement, le Conseil d&rsquo;experts d\u00e9termine le nouveau leader r\u00e9volutionnaire. En pratique, c\u2019est probablement lui qui d\u00e9cidera quel camp au sein de la structure du pouvoir aura le dessus.<\/p>\n<div id=\"attachment_437365\" class=\"wp-caption alignleft\" style=\"max-width: 159px\"><img decoding=\"async\" class=\"wp-image-437365 size-thumbnail\" src=\"https:\/\/vieassociative.be\/actualites\/wp-content\/uploads\/2026\/03\/Luttes-de-pouvoir-qui-dirigera-demain-lIran.jpg\" alt=\"\" width=\"159\" height=\"159\"><\/div>\n<p>Le syst\u00e8me est sous pression. Durant la phase de transition, il faudra rapidement clarifier qui succ\u00e9dera \u00e0 Khamenei. Cette position est associ\u00e9e \u00e0 un risque \u00e9lev\u00e9 dans la situation actuelle : un nouveau leader r\u00e9volutionnaire deviendrait imm\u00e9diatement la cible principale de la campagne militaire isra\u00e9lo-am\u00e9ricaine. L\u2019appareil de pouvoir est-il d\u00e9sormais \u00e0 la recherche d\u2019un homme fort ou d\u2019un candidat de compromis qui maintiendrait la coh\u00e9sion des camps rivaux ? Un aper\u00e7u des noms qui circulent :<\/p>\n<p><strong>Moschtaba Khamenei \u2013 fils de l&rsquo;ayatollah assassin\u00e9<\/strong><\/p>\n<p>Moschtaba Khamenei, le fils du chef religieux assassin\u00e9, l&rsquo;ayatollah Ali Khamenei, est consid\u00e9r\u00e9 comme le candidat le plus prometteur. Il \u00e9tend son influence depuis des ann\u00e9es, mais n\u2019est pratiquement pas apparu publiquement. De nombreux initi\u00e9s en Iran pensent qu&rsquo;il a exerc\u00e9 une grande influence dans l&rsquo;ombre de son p\u00e8re. Entre autres choses, il aurait g\u00e9r\u00e9 les affaires du bureau du leader r\u00e9volutionnaire en arri\u00e8re-plan.<\/p>\n<div id=\"attachment_437363\" class=\"wp-caption alignleft\" style=\"max-width: 300px\"><img fetchpriority=\"high\" decoding=\"async\" class=\"wp-image-437363 size-medium\" src=\"https:\/\/vieassociative.be\/actualites\/wp-content\/uploads\/2026\/03\/1772637514_163_Luttes-de-pouvoir-qui-dirigera-demain-lIran.jpg\" alt=\"\" width=\"300\" height=\"200\"><\/div>\n<p>S&rsquo;il est \u00e9lu, l&rsquo;homme de 56 ans poursuivra probablement le cap intransigeant de son p\u00e8re. Il est consid\u00e9r\u00e9 comme un acteur connu de l\u2019oppression \u00e9tatique. Il aurait jou\u00e9 un r\u00f4le cl\u00e9 dans la r\u00e9pression des manifestations du Mouvement vert en 2009, qui ont fait suite \u00e0 des all\u00e9gations de fraude \u00e9lectorale lors de l&rsquo;\u00e9lection pr\u00e9sidentielle. Selon des milieux bien inform\u00e9s \u00e0 T\u00e9h\u00e9ran, il pourrait \u00e9galement changer de cap avec le soutien des puissants Gardiens de la r\u00e9volution afin de sortir le pays des crises en cours.<\/p>\n<p><strong>Sadegh Larijani \u2013 opposant au mouvement r\u00e9formateur<\/strong><\/p>\n<p>Sadegh Amoli Larijani est un religieux chiite influent et le fr\u00e8re d&rsquo;Ali Larijani, le secr\u00e9taire g\u00e9n\u00e9ral du puissant Conseil de s\u00e9curit\u00e9. Depuis six ans, il dirige ce qu\u2019on appelle le Conseil d\u2019arbitrage, un organe d\u2019arbitrage important au sein de l\u2019appareil de pouvoir iranien. Cet homme de 62 ans a dirig\u00e9 le pouvoir judiciaire pendant dix ans. Comme beaucoup de membres du clerg\u00e9 chiite, il a compl\u00e9t\u00e9 sa formation religieuse dans la ville p\u00e8lerine de Qom.<\/p>\n<p>Larijani est consid\u00e9r\u00e9 comme un partisan de la ligne dure avec une vision du monde ultra-conservatrice et un fervent opposant au mouvement r\u00e9formateur. Au cours de sa carri\u00e8re politique, il a \u00e9t\u00e9 accus\u00e9 \u00e0 plusieurs reprises de corruption et d\u2019enrichissement personnel. L&rsquo;Union europ\u00e9enne et les \u00c9tats-Unis lui ont impos\u00e9 des sanctions, notamment en raison de sa responsabilit\u00e9 dans de graves violations des droits de l&rsquo;homme. Larijani appartient \u00e0 l\u2019establishment conservateur de la R\u00e9publique islamique et est \u00e9troitement li\u00e9 aux centres de pouvoir du clerg\u00e9 et du pouvoir judiciaire.<\/p>\n<p><strong>Hassan Rohani \u2013 ancien pr\u00e9sident et r\u00e9formateur influent<\/strong><\/p>\n<p>En tant que pr\u00e9sident, Hassan Rohani (77 ans) a tent\u00e9 pendant deux mandats de se rapprocher de l\u2019Occident et a laiss\u00e9 entrevoir la perspective de r\u00e9formes prudentes. Son plus grand succ\u00e8s politique a \u00e9t\u00e9 l\u2019accord nucl\u00e9aire de Vienne de 2015, qui visait \u00e0 apporter \u00e0 l\u2019Iran un assouplissement des sanctions internationales. Mais le pr\u00e9sident am\u00e9ricain Donald Trump a par la suite annul\u00e9 l\u2019accord. En cons\u00e9quence, la politique d\u2019ouverture de Ruhani a perdu un soutien important.<\/p>\n<div id=\"attachment_437364\" class=\"wp-caption alignleft\" style=\"max-width: 300px\"><img decoding=\"async\" class=\"wp-image-437364 size-medium\" src=\"https:\/\/vieassociative.be\/actualites\/wp-content\/uploads\/2026\/03\/1772637514_533_Luttes-de-pouvoir-qui-dirigera-demain-lIran.jpg\" alt=\"\" width=\"300\" height=\"200\"><\/div>\n<p>En cons\u00e9quence, l\u2019eccl\u00e9siastique \u00e9tait de plus en plus marginalis\u00e9 par les partisans de la ligne dure. Rohani a longtemps \u00e9t\u00e9 consid\u00e9r\u00e9 comme le repr\u00e9sentant le plus influent du camp r\u00e9formateur au sommet de l\u2019\u00c9tat. Dans le m\u00eame temps, la d\u00e9ception face \u00e0 l\u2019absence de changement s\u2019est accrue au sein de la soci\u00e9t\u00e9 iranienne. Les jeunes Iraniens en particulier ont d\u00e9sormais peu d\u2019espoir de r\u00e9forme et appellent ouvertement \u00e0 la fin du syst\u00e8me de gouvernement autoritaire.<\/p>\n<p><strong>Hassan Khomeini \u2013 petit-fils du fondateur de la r\u00e9volution<\/strong><\/p>\n<p>Hassan Khomeini est le petit-fils du leader r\u00e9volutionnaire Ruhollah Khomeini. L&rsquo;eccl\u00e9siastique de 53 ans est consid\u00e9r\u00e9 comme mod\u00e9r\u00e9 et se positionne r\u00e9guli\u00e8rement en faveur du camp r\u00e9formateur. Lors de la campagne pour l\u2019\u00e9lection pr\u00e9sidentielle de 2024, dont le mod\u00e9r\u00e9 Massoud Peseschkian est sorti vainqueur, il a ouvertement soutenu son camp. Khomeini tire son poids politique principalement de son nom de famille, qui continue d\u2019avoir une autorit\u00e9 symbolique en Iran.<\/p>\n<p>En tant que candidat, il est toujours consid\u00e9r\u00e9 comme un outsider. Dans les centres de pouvoir conservateurs, ses positions risquent d\u2019\u00eatre jug\u00e9es trop mod\u00e9r\u00e9es par beaucoup.<\/p>\n<p><strong>Des \u00e9trangers ayant peu de chances d\u2019acc\u00e9der au pouvoir<\/strong><\/p>\n<p>Le religieux Aliresa Arafi et Hashem Hosseini Bushehri, tous deux religieux influents b\u00e9n\u00e9ficiant de bonnes relations dans l\u2019appareil du pouvoir religieux, sont consid\u00e9r\u00e9s comme des \u00e9trangers. Arafi, avec le pr\u00e9sident Peseschkian et le chef de la justice Gholam-Hussein Mohseni-Edschehi, font partie du trio qui dirigera les affaires de l&rsquo;\u00c9tat pendant la p\u00e9riode de transition. N\u00e9anmoins, les chances des deux religieux d\u2019acc\u00e9der \u00e0 ce poste sont actuellement consid\u00e9r\u00e9es comme minces. (dpa)<\/p>\n","protected":false},"excerpt":{"rendered":"<p>Apr\u00e8s la mort de l\u2019ayatollah Ali Khamenei, la structure du pouvoir iranien doit clarifier qui lui succ\u00e9dera. Mais en temps de guerre, l\u2019\u00e9lection du nouveau<\/p>\n","protected":false},"author":1,"featured_media":12895,"comment_status":"","ping_status":"","sticky":false,"template":"","format":"standard","meta":{"footnotes":""},"categories":[298],"tags":[10161,10160,7426,10159,3860,99],"class_list":["post-12894","post","type-post","status-publish","format-standard","has-post-thumbnail","hentry","category-belgique","tag-demain","tag-dirigera","tag-liran","tag-luttes","tag-pouvoir","tag-qui","generate-columns","tablet-grid-50","mobile-grid-100","grid-parent","grid-33"],"yoast_head":"<!-- This site is optimized with the Yoast SEO plugin v24.0 - https:\/\/yoast.com\/wordpress\/plugins\/seo\/ -->\n<title>Luttes de pouvoir : qui dirigera demain l\u2019Iran ? | Vie Associative<\/title>\n<meta name=\"robots\" content=\"index, follow, max-snippet:-1, max-image-preview:large, max-video-preview:-1\" \/>\n<link rel=\"canonical\" href=\"https:\/\/vieassociative.be\/actualites\/luttes-de-pouvoir-qui-dirigera-demain-liran\/\" \/>\n<meta property=\"og:locale\" content=\"fr_FR\" \/>\n<meta property=\"og:type\" content=\"article\" \/>\n<meta property=\"og:title\" content=\"Luttes de pouvoir : qui dirigera demain l\u2019Iran ? | Vie Associative\" \/>\n<meta property=\"og:description\" content=\"Apr\u00e8s la mort de l\u2019ayatollah Ali Khamenei, la structure du pouvoir iranien doit clarifier qui lui succ\u00e9dera. Mais en temps de guerre, l\u2019\u00e9lection du nouveau\" \/>\n<meta property=\"og:url\" content=\"https:\/\/vieassociative.be\/actualites\/luttes-de-pouvoir-qui-dirigera-demain-liran\/\" \/>\n<meta property=\"og:site_name\" content=\"Vie Associative\" \/>\n<meta property=\"article:published_time\" content=\"2026-03-04T15:18:34+00:00\" \/>\n<meta property=\"og:image\" content=\"https:\/\/vieassociative.be\/actualites\/wp-content\/uploads\/2024\/09\/header_backgroundk-01-e1726694325946.png\" \/>\n\t<meta property=\"og:image:width\" content=\"279\" \/>\n\t<meta property=\"og:image:height\" content=\"92\" \/>\n\t<meta property=\"og:image:type\" content=\"image\/png\" \/>\n<meta name=\"author\" content=\"Julien\" \/>\n<meta name=\"twitter:card\" content=\"summary_large_image\" \/>\n<meta name=\"twitter:label1\" content=\"\u00c9crit par\" \/>\n\t<meta name=\"twitter:data1\" content=\"Julien\" \/>\n\t<meta name=\"twitter:label2\" content=\"Dur\u00e9e de lecture est.\" \/>\n\t<meta name=\"twitter:data2\" content=\"5 minutes\" \/>\n<script type=\"application\/ld+json\" class=\"yoast-schema-graph\">{\"@context\":\"https:\/\/schema.org\",\"@graph\":[{\"@type\":\"Article\",\"@id\":\"https:\/\/vieassociative.be\/actualites\/luttes-de-pouvoir-qui-dirigera-demain-liran\/#article\",\"isPartOf\":{\"@id\":\"https:\/\/vieassociative.be\/actualites\/luttes-de-pouvoir-qui-dirigera-demain-liran\/\"},\"author\":{\"name\":\"Julien\",\"@id\":\"https:\/\/vieassociative.be\/actualites\/#\/schema\/person\/b87ac4f82f9d4e7b7cec7395b679edc4\"},\"headline\":\"Luttes de pouvoir : qui dirigera demain l\u2019Iran ?\",\"datePublished\":\"2026-03-04T15:18:34+00:00\",\"dateModified\":\"2026-03-04T15:18:34+00:00\",\"mainEntityOfPage\":{\"@id\":\"https:\/\/vieassociative.be\/actualites\/luttes-de-pouvoir-qui-dirigera-demain-liran\/\"},\"wordCount\":986,\"publisher\":{\"@id\":\"https:\/\/vieassociative.be\/actualites\/#organization\"},\"image\":{\"@id\":\"https:\/\/vieassociative.be\/actualites\/luttes-de-pouvoir-qui-dirigera-demain-liran\/#primaryimage\"},\"thumbnailUrl\":\"https:\/\/vieassociative.be\/actualites\/wp-content\/uploads\/2026\/03\/1772637515_Luttes-de-pouvoir-qui-dirigera-demain-lIran.jpg\",\"keywords\":[\"demain\",\"dirigera\",\"lIran\",\"Luttes\",\"pouvoir\",\"qui\"],\"articleSection\":[\"Belgique\"],\"inLanguage\":\"fr-BE\"},{\"@type\":\"WebPage\",\"@id\":\"https:\/\/vieassociative.be\/actualites\/luttes-de-pouvoir-qui-dirigera-demain-liran\/\",\"url\":\"https:\/\/vieassociative.be\/actualites\/luttes-de-pouvoir-qui-dirigera-demain-liran\/\",\"name\":\"Luttes de pouvoir : qui dirigera demain l\u2019Iran ? | Vie Associative\",\"isPartOf\":{\"@id\":\"https:\/\/vieassociative.be\/actualites\/#website\"},\"primaryImageOfPage\":{\"@id\":\"https:\/\/vieassociative.be\/actualites\/luttes-de-pouvoir-qui-dirigera-demain-liran\/#primaryimage\"},\"image\":{\"@id\":\"https:\/\/vieassociative.be\/actualites\/luttes-de-pouvoir-qui-dirigera-demain-liran\/#primaryimage\"},\"thumbnailUrl\":\"https:\/\/vieassociative.be\/actualites\/wp-content\/uploads\/2026\/03\/1772637515_Luttes-de-pouvoir-qui-dirigera-demain-lIran.jpg\",\"datePublished\":\"2026-03-04T15:18:34+00:00\",\"dateModified\":\"2026-03-04T15:18:34+00:00\",\"breadcrumb\":{\"@id\":\"https:\/\/vieassociative.be\/actualites\/luttes-de-pouvoir-qui-dirigera-demain-liran\/#breadcrumb\"},\"inLanguage\":\"fr-BE\",\"potentialAction\":[{\"@type\":\"ReadAction\",\"target\":[\"https:\/\/vieassociative.be\/actualites\/luttes-de-pouvoir-qui-dirigera-demain-liran\/\"]}]},{\"@type\":\"ImageObject\",\"inLanguage\":\"fr-BE\",\"@id\":\"https:\/\/vieassociative.be\/actualites\/luttes-de-pouvoir-qui-dirigera-demain-liran\/#primaryimage\",\"url\":\"https:\/\/vieassociative.be\/actualites\/wp-content\/uploads\/2026\/03\/1772637515_Luttes-de-pouvoir-qui-dirigera-demain-lIran.jpg\",\"contentUrl\":\"https:\/\/vieassociative.be\/actualites\/wp-content\/uploads\/2026\/03\/1772637515_Luttes-de-pouvoir-qui-dirigera-demain-lIran.jpg\",\"width\":1200,\"height\":800,\"caption\":\"Luttes de pouvoir : qui dirigera demain l\u2019Iran ?\"},{\"@type\":\"BreadcrumbList\",\"@id\":\"https:\/\/vieassociative.be\/actualites\/luttes-de-pouvoir-qui-dirigera-demain-liran\/#breadcrumb\",\"itemListElement\":[{\"@type\":\"ListItem\",\"position\":1,\"name\":\"Accueil\",\"item\":\"https:\/\/vieassociative.be\/actualites\/\"},{\"@type\":\"ListItem\",\"position\":2,\"name\":\"Luttes de pouvoir : qui dirigera demain l\u2019Iran ?\"}]},{\"@type\":\"WebSite\",\"@id\":\"https:\/\/vieassociative.be\/actualites\/#website\",\"url\":\"https:\/\/vieassociative.be\/actualites\/\",\"name\":\"Vie Associative\",\"description\":\"\",\"publisher\":{\"@id\":\"https:\/\/vieassociative.be\/actualites\/#organization\"},\"potentialAction\":[{\"@type\":\"SearchAction\",\"target\":{\"@type\":\"EntryPoint\",\"urlTemplate\":\"https:\/\/vieassociative.be\/actualites\/?s={search_term_string}\"},\"query-input\":{\"@type\":\"PropertyValueSpecification\",\"valueRequired\":true,\"valueName\":\"search_term_string\"}}],\"inLanguage\":\"fr-BE\"},{\"@type\":\"Organization\",\"@id\":\"https:\/\/vieassociative.be\/actualites\/#organization\",\"name\":\"Vie Associative\",\"url\":\"https:\/\/vieassociative.be\/actualites\/\",\"logo\":{\"@type\":\"ImageObject\",\"inLanguage\":\"fr-BE\",\"@id\":\"https:\/\/vieassociative.be\/actualites\/#\/schema\/logo\/image\/\",\"url\":\"https:\/\/vieassociative.be\/actualites\/wp-content\/uploads\/2024\/09\/cropped-vieassociative_favicon.ico.png\",\"contentUrl\":\"https:\/\/vieassociative.be\/actualites\/wp-content\/uploads\/2024\/09\/cropped-vieassociative_favicon.ico.png\",\"width\":512,\"height\":512,\"caption\":\"Vie Associative\"},\"image\":{\"@id\":\"https:\/\/vieassociative.be\/actualites\/#\/schema\/logo\/image\/\"}},{\"@type\":\"Person\",\"@id\":\"https:\/\/vieassociative.be\/actualites\/#\/schema\/person\/b87ac4f82f9d4e7b7cec7395b679edc4\",\"name\":\"Julien\",\"image\":{\"@type\":\"ImageObject\",\"inLanguage\":\"fr-BE\",\"@id\":\"https:\/\/vieassociative.be\/actualites\/#\/schema\/person\/image\/\",\"url\":\"https:\/\/vieassociative.be\/actualites\/wp-content\/uploads\/2024\/09\/vie-associative-1-150x150.jpg\",\"contentUrl\":\"https:\/\/vieassociative.be\/actualites\/wp-content\/uploads\/2024\/09\/vie-associative-1-150x150.jpg\",\"caption\":\"Julien\"},\"description\":\"Je suis Julien, r\u00e9dacteur pour Vie Associative. Passionn\u00e9 par le monde associatif depuis plus de 10 ans, j'ai \u00e0 c\u0153ur de partager des histoires inspirantes et de mettre en lumi\u00e8re les initiatives locales. Mon objectif est de sensibiliser et d'encourager l'engagement communautaire \u00e0 travers mes articles.\",\"sameAs\":[\"https:\/\/vieassociative.be\/\"]}]}<\/script>\n<!-- \/ Yoast SEO plugin. -->","yoast_head_json":{"title":"Luttes de pouvoir : qui dirigera demain l\u2019Iran ? | Vie Associative","robots":{"index":"index","follow":"follow","max-snippet":"max-snippet:-1","max-image-preview":"max-image-preview:large","max-video-preview":"max-video-preview:-1"},"canonical":"https:\/\/vieassociative.be\/actualites\/luttes-de-pouvoir-qui-dirigera-demain-liran\/","og_locale":"fr_FR","og_type":"article","og_title":"Luttes de pouvoir : qui dirigera demain l\u2019Iran ? | Vie Associative","og_description":"Apr\u00e8s la mort de l\u2019ayatollah Ali Khamenei, la structure du pouvoir iranien doit clarifier qui lui succ\u00e9dera. Mais en temps de guerre, l\u2019\u00e9lection du nouveau","og_url":"https:\/\/vieassociative.be\/actualites\/luttes-de-pouvoir-qui-dirigera-demain-liran\/","og_site_name":"Vie Associative","article_published_time":"2026-03-04T15:18:34+00:00","og_image":[{"width":279,"height":92,"url":"https:\/\/vieassociative.be\/actualites\/wp-content\/uploads\/2024\/09\/header_backgroundk-01-e1726694325946.png","type":"image\/png"}],"author":"Julien","twitter_card":"summary_large_image","twitter_misc":{"\u00c9crit par":"Julien","Dur\u00e9e de lecture est.":"5 minutes"},"schema":{"@context":"https:\/\/schema.org","@graph":[{"@type":"Article","@id":"https:\/\/vieassociative.be\/actualites\/luttes-de-pouvoir-qui-dirigera-demain-liran\/#article","isPartOf":{"@id":"https:\/\/vieassociative.be\/actualites\/luttes-de-pouvoir-qui-dirigera-demain-liran\/"},"author":{"name":"Julien","@id":"https:\/\/vieassociative.be\/actualites\/#\/schema\/person\/b87ac4f82f9d4e7b7cec7395b679edc4"},"headline":"Luttes de pouvoir : qui dirigera demain l\u2019Iran ?","datePublished":"2026-03-04T15:18:34+00:00","dateModified":"2026-03-04T15:18:34+00:00","mainEntityOfPage":{"@id":"https:\/\/vieassociative.be\/actualites\/luttes-de-pouvoir-qui-dirigera-demain-liran\/"},"wordCount":986,"publisher":{"@id":"https:\/\/vieassociative.be\/actualites\/#organization"},"image":{"@id":"https:\/\/vieassociative.be\/actualites\/luttes-de-pouvoir-qui-dirigera-demain-liran\/#primaryimage"},"thumbnailUrl":"https:\/\/vieassociative.be\/actualites\/wp-content\/uploads\/2026\/03\/1772637515_Luttes-de-pouvoir-qui-dirigera-demain-lIran.jpg","keywords":["demain","dirigera","lIran","Luttes","pouvoir","qui"],"articleSection":["Belgique"],"inLanguage":"fr-BE"},{"@type":"WebPage","@id":"https:\/\/vieassociative.be\/actualites\/luttes-de-pouvoir-qui-dirigera-demain-liran\/","url":"https:\/\/vieassociative.be\/actualites\/luttes-de-pouvoir-qui-dirigera-demain-liran\/","name":"Luttes de pouvoir : qui dirigera demain l\u2019Iran ? | Vie Associative","isPartOf":{"@id":"https:\/\/vieassociative.be\/actualites\/#website"},"primaryImageOfPage":{"@id":"https:\/\/vieassociative.be\/actualites\/luttes-de-pouvoir-qui-dirigera-demain-liran\/#primaryimage"},"image":{"@id":"https:\/\/vieassociative.be\/actualites\/luttes-de-pouvoir-qui-dirigera-demain-liran\/#primaryimage"},"thumbnailUrl":"https:\/\/vieassociative.be\/actualites\/wp-content\/uploads\/2026\/03\/1772637515_Luttes-de-pouvoir-qui-dirigera-demain-lIran.jpg","datePublished":"2026-03-04T15:18:34+00:00","dateModified":"2026-03-04T15:18:34+00:00","breadcrumb":{"@id":"https:\/\/vieassociative.be\/actualites\/luttes-de-pouvoir-qui-dirigera-demain-liran\/#breadcrumb"},"inLanguage":"fr-BE","potentialAction":[{"@type":"ReadAction","target":["https:\/\/vieassociative.be\/actualites\/luttes-de-pouvoir-qui-dirigera-demain-liran\/"]}]},{"@type":"ImageObject","inLanguage":"fr-BE","@id":"https:\/\/vieassociative.be\/actualites\/luttes-de-pouvoir-qui-dirigera-demain-liran\/#primaryimage","url":"https:\/\/vieassociative.be\/actualites\/wp-content\/uploads\/2026\/03\/1772637515_Luttes-de-pouvoir-qui-dirigera-demain-lIran.jpg","contentUrl":"https:\/\/vieassociative.be\/actualites\/wp-content\/uploads\/2026\/03\/1772637515_Luttes-de-pouvoir-qui-dirigera-demain-lIran.jpg","width":1200,"height":800,"caption":"Luttes de pouvoir : qui dirigera demain l\u2019Iran ?"},{"@type":"BreadcrumbList","@id":"https:\/\/vieassociative.be\/actualites\/luttes-de-pouvoir-qui-dirigera-demain-liran\/#breadcrumb","itemListElement":[{"@type":"ListItem","position":1,"name":"Accueil","item":"https:\/\/vieassociative.be\/actualites\/"},{"@type":"ListItem","position":2,"name":"Luttes de pouvoir : qui dirigera demain l\u2019Iran ?"}]},{"@type":"WebSite","@id":"https:\/\/vieassociative.be\/actualites\/#website","url":"https:\/\/vieassociative.be\/actualites\/","name":"Vie Associative","description":"","publisher":{"@id":"https:\/\/vieassociative.be\/actualites\/#organization"},"potentialAction":[{"@type":"SearchAction","target":{"@type":"EntryPoint","urlTemplate":"https:\/\/vieassociative.be\/actualites\/?s={search_term_string}"},"query-input":{"@type":"PropertyValueSpecification","valueRequired":true,"valueName":"search_term_string"}}],"inLanguage":"fr-BE"},{"@type":"Organization","@id":"https:\/\/vieassociative.be\/actualites\/#organization","name":"Vie Associative","url":"https:\/\/vieassociative.be\/actualites\/","logo":{"@type":"ImageObject","inLanguage":"fr-BE","@id":"https:\/\/vieassociative.be\/actualites\/#\/schema\/logo\/image\/","url":"https:\/\/vieassociative.be\/actualites\/wp-content\/uploads\/2024\/09\/cropped-vieassociative_favicon.ico.png","contentUrl":"https:\/\/vieassociative.be\/actualites\/wp-content\/uploads\/2024\/09\/cropped-vieassociative_favicon.ico.png","width":512,"height":512,"caption":"Vie Associative"},"image":{"@id":"https:\/\/vieassociative.be\/actualites\/#\/schema\/logo\/image\/"}},{"@type":"Person","@id":"https:\/\/vieassociative.be\/actualites\/#\/schema\/person\/b87ac4f82f9d4e7b7cec7395b679edc4","name":"Julien","image":{"@type":"ImageObject","inLanguage":"fr-BE","@id":"https:\/\/vieassociative.be\/actualites\/#\/schema\/person\/image\/","url":"https:\/\/vieassociative.be\/actualites\/wp-content\/uploads\/2024\/09\/vie-associative-1-150x150.jpg","contentUrl":"https:\/\/vieassociative.be\/actualites\/wp-content\/uploads\/2024\/09\/vie-associative-1-150x150.jpg","caption":"Julien"},"description":"Je suis Julien, r\u00e9dacteur pour Vie Associative. Passionn\u00e9 par le monde associatif depuis plus de 10 ans, j'ai \u00e0 c\u0153ur de partager des histoires inspirantes et de mettre en lumi\u00e8re les initiatives locales. Mon objectif est de sensibiliser et d'encourager l'engagement communautaire \u00e0 travers mes articles.","sameAs":["https:\/\/vieassociative.be\/"]}]}},"_links":{"self":[{"href":"https:\/\/vieassociative.be\/actualites\/wp-json\/wp\/v2\/posts\/12894"}],"collection":[{"href":"https:\/\/vieassociative.be\/actualites\/wp-json\/wp\/v2\/posts"}],"about":[{"href":"https:\/\/vieassociative.be\/actualites\/wp-json\/wp\/v2\/types\/post"}],"author":[{"embeddable":true,"href":"https:\/\/vieassociative.be\/actualites\/wp-json\/wp\/v2\/users\/1"}],"replies":[{"embeddable":true,"href":"https:\/\/vieassociative.be\/actualites\/wp-json\/wp\/v2\/comments?post=12894"}],"version-history":[{"count":0,"href":"https:\/\/vieassociative.be\/actualites\/wp-json\/wp\/v2\/posts\/12894\/revisions"}],"wp:featuredmedia":[{"embeddable":true,"href":"https:\/\/vieassociative.be\/actualites\/wp-json\/wp\/v2\/media\/12895"}],"wp:attachment":[{"href":"https:\/\/vieassociative.be\/actualites\/wp-json\/wp\/v2\/media?parent=12894"}],"wp:term":[{"taxonomy":"category","embeddable":true,"href":"https:\/\/vieassociative.be\/actualites\/wp-json\/wp\/v2\/categories?post=12894"},{"taxonomy":"post_tag","embeddable":true,"href":"https:\/\/vieassociative.be\/actualites\/wp-json\/wp\/v2\/tags?post=12894"}],"curies":[{"name":"wp","href":"https:\/\/api.w.org\/{rel}","templated":true}]}}