{"id":12892,"date":"2026-03-04T15:17:27","date_gmt":"2026-03-04T14:17:27","guid":{"rendered":"https:\/\/vieassociative.be\/actualites\/mettez-a-jour-votre-android-des-que-possible-pour-corriger-ces-129-failles-de-securite\/"},"modified":"2026-03-04T15:17:27","modified_gmt":"2026-03-04T14:17:27","slug":"mettez-a-jour-votre-android-des-que-possible-pour-corriger-ces-129-failles-de-securite","status":"publish","type":"post","link":"https:\/\/vieassociative.be\/actualites\/mettez-a-jour-votre-android-des-que-possible-pour-corriger-ces-129-failles-de-securite\/","title":{"rendered":"Mettez \u00e0 jour votre Android d\u00e8s que possible pour corriger ces 129 failles de s\u00e9curit\u00e9"},"content":{"rendered":"<p>Google a publi\u00e9 son bulletin de s\u00e9curit\u00e9 Android du mois de mars contenant des correctifs pour 129 vuln\u00e9rabilit\u00e9s, dont une faille zero-day dans un composant d&rsquo;affichage Qualcomm qui pourrait faire l&rsquo;objet d&rsquo;une \u00ab exploitation cibl\u00e9e et limit\u00e9e \u00bb. <\/p>\n<p>La derni\u00e8re mise \u00e0 jour corrige \u00e9galement 10 bogues de gravit\u00e9 critique sur les composants Android. CVE-2026-0006 est une vuln\u00e9rabilit\u00e9 d&rsquo;ex\u00e9cution de code \u00e0 distance dans le composant Syst\u00e8me que les attaquants pourraient exploiter sans privil\u00e8ges suppl\u00e9mentaires ni interaction de l&rsquo;utilisateur. CVE-2025-48631 est une faille de d\u00e9ni de service dans System, tandis que CVE-2026-0047 est une vuln\u00e9rabilit\u00e9 d&rsquo;\u00e9l\u00e9vation de privil\u00e8ges dans Framework. Il existe sept failles critiques d\u2019escalade de privil\u00e8ges corrig\u00e9es dans les composants du noyau. <\/p>\n<p>Google r\u00e9sout \u00e9galement les probl\u00e8mes li\u00e9s aux composants Qualcomm, MediaTek, Arm, Misc OEM, Unisoc et Imagination Technologies, qui peuvent ne pas affecter tous les appareils Android.<\/p>\n<h2 id=\"one-zero-day-patched\">Un patch Zero Day<\/h2>\n<p>Le correctif Zero Day avec cette mise \u00e0 jour de s\u00e9curit\u00e9 se pr\u00e9sente sous la forme d&rsquo;un d\u00e9bordement d&rsquo;entier ou d&rsquo;un bouclage dans un sous-composant Qualcomm Graphics qui permet \u00e0 des attaquants locaux de d\u00e9clencher une corruption de m\u00e9moire. La vuln\u00e9rabilit\u00e9, intitul\u00e9e CVE-2026-21385, affecte 235 chipsets Qualcomm. Selon l&rsquo;avis de s\u00e9curit\u00e9 de Qualcomm, la vuln\u00e9rabilit\u00e9 a \u00e9t\u00e9 signal\u00e9e le 18 d\u00e9cembre 2025 par l&rsquo;\u00e9quipe de s\u00e9curit\u00e9 de Google Android, et les clients ont \u00e9t\u00e9 inform\u00e9s le 2 f\u00e9vrier 2026. <\/p>\n<h2 id=\"update-your-android-asap\">Mettez \u00e0 jour votre Android d\u00e8s que possible<\/h2>\n<p>Les utilisateurs d&rsquo;Android doivent installer le dernier correctif de s\u00e9curit\u00e9 d\u00e8s qu&rsquo;il est disponible. Vous devriez recevoir une notification vous invitant \u00e0 le faire. Google propose des mises \u00e0 jour pour ses propres appareils Pixel et le code principal du projet Android Open Source (AOSP), tandis que d&rsquo;autres fabricants publient des correctifs pour leurs appareils respectifs \u00e0 peu pr\u00e8s au m\u00eame moment. Si vous poss\u00e9dez un Samsung, Motorola ou Nokia, par exemple, vous risquez de rencontrer un l\u00e9ger retard. <\/p>\n<p>Il existe deux niveaux de correctifs intitul\u00e9s 2026-03-01 et 2026-03-05, ce dernier r\u00e9solvant tous les probl\u00e8mes inclus dans le premier. Les correctifs de ce mois s&rsquo;appliquent aux versions AOSP 14, 15, 16 et 16-qpr2. Vous pouvez v\u00e9rifier les mises \u00e0 jour disponibles via <strong>Param\u00e8tres > S\u00e9curit\u00e9 et confidentialit\u00e9 > Syst\u00e8me et mises \u00e0 jour > Mise \u00e0 jour de s\u00e9curit\u00e9<\/strong>.<\/p>\n","protected":false},"excerpt":{"rendered":"<p>Google a publi\u00e9 son bulletin de s\u00e9curit\u00e9 Android du mois de mars contenant des correctifs pour 129 vuln\u00e9rabilit\u00e9s, dont une faille zero-day dans un composant<\/p>\n","protected":false},"author":1,"featured_media":12893,"comment_status":"","ping_status":"","sticky":false,"template":"","format":"standard","meta":{"footnotes":""},"categories":[1],"tags":[946,248,2900,29,2509,53,1424,81,151,8],"class_list":["post-12892","post","type-post","status-publish","format-standard","has-post-thumbnail","hentry","category-non-classe","tag-android","tag-ces","tag-corriger","tag-des","tag-failles","tag-jour","tag-mettez","tag-pour","tag-securite","tag-votre","generate-columns","tablet-grid-50","mobile-grid-100","grid-parent","grid-33"],"yoast_head":"<!-- This site is optimized with the Yoast SEO plugin v24.0 - https:\/\/yoast.com\/wordpress\/plugins\/seo\/ -->\n<title>Mettez \u00e0 jour votre Android d\u00e8s que possible pour corriger ces 129 failles de s\u00e9curit\u00e9 | Vie Associative<\/title>\n<meta name=\"robots\" content=\"index, follow, max-snippet:-1, max-image-preview:large, max-video-preview:-1\" \/>\n<link rel=\"canonical\" href=\"https:\/\/vieassociative.be\/actualites\/mettez-a-jour-votre-android-des-que-possible-pour-corriger-ces-129-failles-de-securite\/\" \/>\n<meta property=\"og:locale\" content=\"fr_FR\" \/>\n<meta property=\"og:type\" content=\"article\" \/>\n<meta property=\"og:title\" content=\"Mettez \u00e0 jour votre Android d\u00e8s que possible pour corriger ces 129 failles de s\u00e9curit\u00e9 | Vie Associative\" \/>\n<meta property=\"og:description\" content=\"Google a publi\u00e9 son bulletin de s\u00e9curit\u00e9 Android du mois de mars contenant des correctifs pour 129 vuln\u00e9rabilit\u00e9s, dont une faille zero-day dans un composant\" \/>\n<meta property=\"og:url\" content=\"https:\/\/vieassociative.be\/actualites\/mettez-a-jour-votre-android-des-que-possible-pour-corriger-ces-129-failles-de-securite\/\" \/>\n<meta property=\"og:site_name\" content=\"Vie Associative\" \/>\n<meta property=\"article:published_time\" content=\"2026-03-04T14:17:27+00:00\" \/>\n<meta property=\"og:image\" content=\"https:\/\/vieassociative.be\/actualites\/wp-content\/uploads\/2024\/09\/header_backgroundk-01-e1726694325946.png\" \/>\n\t<meta property=\"og:image:width\" content=\"279\" \/>\n\t<meta property=\"og:image:height\" content=\"92\" \/>\n\t<meta property=\"og:image:type\" content=\"image\/png\" \/>\n<meta name=\"author\" content=\"Julien\" \/>\n<meta name=\"twitter:card\" content=\"summary_large_image\" \/>\n<meta name=\"twitter:label1\" content=\"\u00c9crit par\" \/>\n\t<meta name=\"twitter:data1\" content=\"Julien\" \/>\n\t<meta name=\"twitter:label2\" content=\"Dur\u00e9e de lecture est.\" \/>\n\t<meta name=\"twitter:data2\" content=\"2 minutes\" \/>\n<script type=\"application\/ld+json\" class=\"yoast-schema-graph\">{\"@context\":\"https:\/\/schema.org\",\"@graph\":[{\"@type\":\"Article\",\"@id\":\"https:\/\/vieassociative.be\/actualites\/mettez-a-jour-votre-android-des-que-possible-pour-corriger-ces-129-failles-de-securite\/#article\",\"isPartOf\":{\"@id\":\"https:\/\/vieassociative.be\/actualites\/mettez-a-jour-votre-android-des-que-possible-pour-corriger-ces-129-failles-de-securite\/\"},\"author\":{\"name\":\"Julien\",\"@id\":\"https:\/\/vieassociative.be\/actualites\/#\/schema\/person\/b87ac4f82f9d4e7b7cec7395b679edc4\"},\"headline\":\"Mettez \u00e0 jour votre Android d\u00e8s que possible pour corriger ces 129 failles de s\u00e9curit\u00e9\",\"datePublished\":\"2026-03-04T14:17:27+00:00\",\"dateModified\":\"2026-03-04T14:17:27+00:00\",\"mainEntityOfPage\":{\"@id\":\"https:\/\/vieassociative.be\/actualites\/mettez-a-jour-votre-android-des-que-possible-pour-corriger-ces-129-failles-de-securite\/\"},\"wordCount\":430,\"publisher\":{\"@id\":\"https:\/\/vieassociative.be\/actualites\/#organization\"},\"image\":{\"@id\":\"https:\/\/vieassociative.be\/actualites\/mettez-a-jour-votre-android-des-que-possible-pour-corriger-ces-129-failles-de-securite\/#primaryimage\"},\"thumbnailUrl\":\"https:\/\/vieassociative.be\/actualites\/wp-content\/uploads\/2026\/03\/Mettez-a-jour-votre-Android-des-que-possible-pour-corriger.jpg\",\"keywords\":[\"Android\",\"ces\",\"corriger\",\"Des\",\"failles\",\"jour\",\"Mettez\",\"pour\",\"s\u00e9curit\u00e9\",\"votre\"],\"inLanguage\":\"fr-BE\"},{\"@type\":\"WebPage\",\"@id\":\"https:\/\/vieassociative.be\/actualites\/mettez-a-jour-votre-android-des-que-possible-pour-corriger-ces-129-failles-de-securite\/\",\"url\":\"https:\/\/vieassociative.be\/actualites\/mettez-a-jour-votre-android-des-que-possible-pour-corriger-ces-129-failles-de-securite\/\",\"name\":\"Mettez \u00e0 jour votre Android d\u00e8s que possible pour corriger ces 129 failles de s\u00e9curit\u00e9 | Vie Associative\",\"isPartOf\":{\"@id\":\"https:\/\/vieassociative.be\/actualites\/#website\"},\"primaryImageOfPage\":{\"@id\":\"https:\/\/vieassociative.be\/actualites\/mettez-a-jour-votre-android-des-que-possible-pour-corriger-ces-129-failles-de-securite\/#primaryimage\"},\"image\":{\"@id\":\"https:\/\/vieassociative.be\/actualites\/mettez-a-jour-votre-android-des-que-possible-pour-corriger-ces-129-failles-de-securite\/#primaryimage\"},\"thumbnailUrl\":\"https:\/\/vieassociative.be\/actualites\/wp-content\/uploads\/2026\/03\/Mettez-a-jour-votre-Android-des-que-possible-pour-corriger.jpg\",\"datePublished\":\"2026-03-04T14:17:27+00:00\",\"dateModified\":\"2026-03-04T14:17:27+00:00\",\"breadcrumb\":{\"@id\":\"https:\/\/vieassociative.be\/actualites\/mettez-a-jour-votre-android-des-que-possible-pour-corriger-ces-129-failles-de-securite\/#breadcrumb\"},\"inLanguage\":\"fr-BE\",\"potentialAction\":[{\"@type\":\"ReadAction\",\"target\":[\"https:\/\/vieassociative.be\/actualites\/mettez-a-jour-votre-android-des-que-possible-pour-corriger-ces-129-failles-de-securite\/\"]}]},{\"@type\":\"ImageObject\",\"inLanguage\":\"fr-BE\",\"@id\":\"https:\/\/vieassociative.be\/actualites\/mettez-a-jour-votre-android-des-que-possible-pour-corriger-ces-129-failles-de-securite\/#primaryimage\",\"url\":\"https:\/\/vieassociative.be\/actualites\/wp-content\/uploads\/2026\/03\/Mettez-a-jour-votre-Android-des-que-possible-pour-corriger.jpg\",\"contentUrl\":\"https:\/\/vieassociative.be\/actualites\/wp-content\/uploads\/2026\/03\/Mettez-a-jour-votre-Android-des-que-possible-pour-corriger.jpg\",\"width\":1200,\"height\":675,\"caption\":\"Mettez \u00e0 jour votre Android d\u00e8s que possible pour corriger ces 129 failles de s\u00e9curit\u00e9\"},{\"@type\":\"BreadcrumbList\",\"@id\":\"https:\/\/vieassociative.be\/actualites\/mettez-a-jour-votre-android-des-que-possible-pour-corriger-ces-129-failles-de-securite\/#breadcrumb\",\"itemListElement\":[{\"@type\":\"ListItem\",\"position\":1,\"name\":\"Accueil\",\"item\":\"https:\/\/vieassociative.be\/actualites\/\"},{\"@type\":\"ListItem\",\"position\":2,\"name\":\"Mettez \u00e0 jour votre Android d\u00e8s que possible pour corriger ces 129 failles de s\u00e9curit\u00e9\"}]},{\"@type\":\"WebSite\",\"@id\":\"https:\/\/vieassociative.be\/actualites\/#website\",\"url\":\"https:\/\/vieassociative.be\/actualites\/\",\"name\":\"Vie Associative\",\"description\":\"\",\"publisher\":{\"@id\":\"https:\/\/vieassociative.be\/actualites\/#organization\"},\"potentialAction\":[{\"@type\":\"SearchAction\",\"target\":{\"@type\":\"EntryPoint\",\"urlTemplate\":\"https:\/\/vieassociative.be\/actualites\/?s={search_term_string}\"},\"query-input\":{\"@type\":\"PropertyValueSpecification\",\"valueRequired\":true,\"valueName\":\"search_term_string\"}}],\"inLanguage\":\"fr-BE\"},{\"@type\":\"Organization\",\"@id\":\"https:\/\/vieassociative.be\/actualites\/#organization\",\"name\":\"Vie Associative\",\"url\":\"https:\/\/vieassociative.be\/actualites\/\",\"logo\":{\"@type\":\"ImageObject\",\"inLanguage\":\"fr-BE\",\"@id\":\"https:\/\/vieassociative.be\/actualites\/#\/schema\/logo\/image\/\",\"url\":\"https:\/\/vieassociative.be\/actualites\/wp-content\/uploads\/2024\/09\/cropped-vieassociative_favicon.ico.png\",\"contentUrl\":\"https:\/\/vieassociative.be\/actualites\/wp-content\/uploads\/2024\/09\/cropped-vieassociative_favicon.ico.png\",\"width\":512,\"height\":512,\"caption\":\"Vie Associative\"},\"image\":{\"@id\":\"https:\/\/vieassociative.be\/actualites\/#\/schema\/logo\/image\/\"}},{\"@type\":\"Person\",\"@id\":\"https:\/\/vieassociative.be\/actualites\/#\/schema\/person\/b87ac4f82f9d4e7b7cec7395b679edc4\",\"name\":\"Julien\",\"image\":{\"@type\":\"ImageObject\",\"inLanguage\":\"fr-BE\",\"@id\":\"https:\/\/vieassociative.be\/actualites\/#\/schema\/person\/image\/\",\"url\":\"https:\/\/vieassociative.be\/actualites\/wp-content\/uploads\/2024\/09\/vie-associative-1-150x150.jpg\",\"contentUrl\":\"https:\/\/vieassociative.be\/actualites\/wp-content\/uploads\/2024\/09\/vie-associative-1-150x150.jpg\",\"caption\":\"Julien\"},\"description\":\"Je suis Julien, r\u00e9dacteur pour Vie Associative. Passionn\u00e9 par le monde associatif depuis plus de 10 ans, j'ai \u00e0 c\u0153ur de partager des histoires inspirantes et de mettre en lumi\u00e8re les initiatives locales. Mon objectif est de sensibiliser et d'encourager l'engagement communautaire \u00e0 travers mes articles.\",\"sameAs\":[\"https:\/\/vieassociative.be\/\"]}]}<\/script>\n<!-- \/ Yoast SEO plugin. -->","yoast_head_json":{"title":"Mettez \u00e0 jour votre Android d\u00e8s que possible pour corriger ces 129 failles de s\u00e9curit\u00e9 | Vie Associative","robots":{"index":"index","follow":"follow","max-snippet":"max-snippet:-1","max-image-preview":"max-image-preview:large","max-video-preview":"max-video-preview:-1"},"canonical":"https:\/\/vieassociative.be\/actualites\/mettez-a-jour-votre-android-des-que-possible-pour-corriger-ces-129-failles-de-securite\/","og_locale":"fr_FR","og_type":"article","og_title":"Mettez \u00e0 jour votre Android d\u00e8s que possible pour corriger ces 129 failles de s\u00e9curit\u00e9 | Vie Associative","og_description":"Google a publi\u00e9 son bulletin de s\u00e9curit\u00e9 Android du mois de mars contenant des correctifs pour 129 vuln\u00e9rabilit\u00e9s, dont une faille zero-day dans un composant","og_url":"https:\/\/vieassociative.be\/actualites\/mettez-a-jour-votre-android-des-que-possible-pour-corriger-ces-129-failles-de-securite\/","og_site_name":"Vie Associative","article_published_time":"2026-03-04T14:17:27+00:00","og_image":[{"width":279,"height":92,"url":"https:\/\/vieassociative.be\/actualites\/wp-content\/uploads\/2024\/09\/header_backgroundk-01-e1726694325946.png","type":"image\/png"}],"author":"Julien","twitter_card":"summary_large_image","twitter_misc":{"\u00c9crit par":"Julien","Dur\u00e9e de lecture est.":"2 minutes"},"schema":{"@context":"https:\/\/schema.org","@graph":[{"@type":"Article","@id":"https:\/\/vieassociative.be\/actualites\/mettez-a-jour-votre-android-des-que-possible-pour-corriger-ces-129-failles-de-securite\/#article","isPartOf":{"@id":"https:\/\/vieassociative.be\/actualites\/mettez-a-jour-votre-android-des-que-possible-pour-corriger-ces-129-failles-de-securite\/"},"author":{"name":"Julien","@id":"https:\/\/vieassociative.be\/actualites\/#\/schema\/person\/b87ac4f82f9d4e7b7cec7395b679edc4"},"headline":"Mettez \u00e0 jour votre Android d\u00e8s que possible pour corriger ces 129 failles de s\u00e9curit\u00e9","datePublished":"2026-03-04T14:17:27+00:00","dateModified":"2026-03-04T14:17:27+00:00","mainEntityOfPage":{"@id":"https:\/\/vieassociative.be\/actualites\/mettez-a-jour-votre-android-des-que-possible-pour-corriger-ces-129-failles-de-securite\/"},"wordCount":430,"publisher":{"@id":"https:\/\/vieassociative.be\/actualites\/#organization"},"image":{"@id":"https:\/\/vieassociative.be\/actualites\/mettez-a-jour-votre-android-des-que-possible-pour-corriger-ces-129-failles-de-securite\/#primaryimage"},"thumbnailUrl":"https:\/\/vieassociative.be\/actualites\/wp-content\/uploads\/2026\/03\/Mettez-a-jour-votre-Android-des-que-possible-pour-corriger.jpg","keywords":["Android","ces","corriger","Des","failles","jour","Mettez","pour","s\u00e9curit\u00e9","votre"],"inLanguage":"fr-BE"},{"@type":"WebPage","@id":"https:\/\/vieassociative.be\/actualites\/mettez-a-jour-votre-android-des-que-possible-pour-corriger-ces-129-failles-de-securite\/","url":"https:\/\/vieassociative.be\/actualites\/mettez-a-jour-votre-android-des-que-possible-pour-corriger-ces-129-failles-de-securite\/","name":"Mettez \u00e0 jour votre Android d\u00e8s que possible pour corriger ces 129 failles de s\u00e9curit\u00e9 | Vie Associative","isPartOf":{"@id":"https:\/\/vieassociative.be\/actualites\/#website"},"primaryImageOfPage":{"@id":"https:\/\/vieassociative.be\/actualites\/mettez-a-jour-votre-android-des-que-possible-pour-corriger-ces-129-failles-de-securite\/#primaryimage"},"image":{"@id":"https:\/\/vieassociative.be\/actualites\/mettez-a-jour-votre-android-des-que-possible-pour-corriger-ces-129-failles-de-securite\/#primaryimage"},"thumbnailUrl":"https:\/\/vieassociative.be\/actualites\/wp-content\/uploads\/2026\/03\/Mettez-a-jour-votre-Android-des-que-possible-pour-corriger.jpg","datePublished":"2026-03-04T14:17:27+00:00","dateModified":"2026-03-04T14:17:27+00:00","breadcrumb":{"@id":"https:\/\/vieassociative.be\/actualites\/mettez-a-jour-votre-android-des-que-possible-pour-corriger-ces-129-failles-de-securite\/#breadcrumb"},"inLanguage":"fr-BE","potentialAction":[{"@type":"ReadAction","target":["https:\/\/vieassociative.be\/actualites\/mettez-a-jour-votre-android-des-que-possible-pour-corriger-ces-129-failles-de-securite\/"]}]},{"@type":"ImageObject","inLanguage":"fr-BE","@id":"https:\/\/vieassociative.be\/actualites\/mettez-a-jour-votre-android-des-que-possible-pour-corriger-ces-129-failles-de-securite\/#primaryimage","url":"https:\/\/vieassociative.be\/actualites\/wp-content\/uploads\/2026\/03\/Mettez-a-jour-votre-Android-des-que-possible-pour-corriger.jpg","contentUrl":"https:\/\/vieassociative.be\/actualites\/wp-content\/uploads\/2026\/03\/Mettez-a-jour-votre-Android-des-que-possible-pour-corriger.jpg","width":1200,"height":675,"caption":"Mettez \u00e0 jour votre Android d\u00e8s que possible pour corriger ces 129 failles de s\u00e9curit\u00e9"},{"@type":"BreadcrumbList","@id":"https:\/\/vieassociative.be\/actualites\/mettez-a-jour-votre-android-des-que-possible-pour-corriger-ces-129-failles-de-securite\/#breadcrumb","itemListElement":[{"@type":"ListItem","position":1,"name":"Accueil","item":"https:\/\/vieassociative.be\/actualites\/"},{"@type":"ListItem","position":2,"name":"Mettez \u00e0 jour votre Android d\u00e8s que possible pour corriger ces 129 failles de s\u00e9curit\u00e9"}]},{"@type":"WebSite","@id":"https:\/\/vieassociative.be\/actualites\/#website","url":"https:\/\/vieassociative.be\/actualites\/","name":"Vie Associative","description":"","publisher":{"@id":"https:\/\/vieassociative.be\/actualites\/#organization"},"potentialAction":[{"@type":"SearchAction","target":{"@type":"EntryPoint","urlTemplate":"https:\/\/vieassociative.be\/actualites\/?s={search_term_string}"},"query-input":{"@type":"PropertyValueSpecification","valueRequired":true,"valueName":"search_term_string"}}],"inLanguage":"fr-BE"},{"@type":"Organization","@id":"https:\/\/vieassociative.be\/actualites\/#organization","name":"Vie Associative","url":"https:\/\/vieassociative.be\/actualites\/","logo":{"@type":"ImageObject","inLanguage":"fr-BE","@id":"https:\/\/vieassociative.be\/actualites\/#\/schema\/logo\/image\/","url":"https:\/\/vieassociative.be\/actualites\/wp-content\/uploads\/2024\/09\/cropped-vieassociative_favicon.ico.png","contentUrl":"https:\/\/vieassociative.be\/actualites\/wp-content\/uploads\/2024\/09\/cropped-vieassociative_favicon.ico.png","width":512,"height":512,"caption":"Vie Associative"},"image":{"@id":"https:\/\/vieassociative.be\/actualites\/#\/schema\/logo\/image\/"}},{"@type":"Person","@id":"https:\/\/vieassociative.be\/actualites\/#\/schema\/person\/b87ac4f82f9d4e7b7cec7395b679edc4","name":"Julien","image":{"@type":"ImageObject","inLanguage":"fr-BE","@id":"https:\/\/vieassociative.be\/actualites\/#\/schema\/person\/image\/","url":"https:\/\/vieassociative.be\/actualites\/wp-content\/uploads\/2024\/09\/vie-associative-1-150x150.jpg","contentUrl":"https:\/\/vieassociative.be\/actualites\/wp-content\/uploads\/2024\/09\/vie-associative-1-150x150.jpg","caption":"Julien"},"description":"Je suis Julien, r\u00e9dacteur pour Vie Associative. Passionn\u00e9 par le monde associatif depuis plus de 10 ans, j'ai \u00e0 c\u0153ur de partager des histoires inspirantes et de mettre en lumi\u00e8re les initiatives locales. Mon objectif est de sensibiliser et d'encourager l'engagement communautaire \u00e0 travers mes articles.","sameAs":["https:\/\/vieassociative.be\/"]}]}},"_links":{"self":[{"href":"https:\/\/vieassociative.be\/actualites\/wp-json\/wp\/v2\/posts\/12892"}],"collection":[{"href":"https:\/\/vieassociative.be\/actualites\/wp-json\/wp\/v2\/posts"}],"about":[{"href":"https:\/\/vieassociative.be\/actualites\/wp-json\/wp\/v2\/types\/post"}],"author":[{"embeddable":true,"href":"https:\/\/vieassociative.be\/actualites\/wp-json\/wp\/v2\/users\/1"}],"replies":[{"embeddable":true,"href":"https:\/\/vieassociative.be\/actualites\/wp-json\/wp\/v2\/comments?post=12892"}],"version-history":[{"count":0,"href":"https:\/\/vieassociative.be\/actualites\/wp-json\/wp\/v2\/posts\/12892\/revisions"}],"wp:featuredmedia":[{"embeddable":true,"href":"https:\/\/vieassociative.be\/actualites\/wp-json\/wp\/v2\/media\/12893"}],"wp:attachment":[{"href":"https:\/\/vieassociative.be\/actualites\/wp-json\/wp\/v2\/media?parent=12892"}],"wp:term":[{"taxonomy":"category","embeddable":true,"href":"https:\/\/vieassociative.be\/actualites\/wp-json\/wp\/v2\/categories?post=12892"},{"taxonomy":"post_tag","embeddable":true,"href":"https:\/\/vieassociative.be\/actualites\/wp-json\/wp\/v2\/tags?post=12892"}],"curies":[{"name":"wp","href":"https:\/\/api.w.org\/{rel}","templated":true}]}}