{"id":12891,"date":"2026-03-04T10:17:18","date_gmt":"2026-03-04T09:17:18","guid":{"rendered":"https:\/\/vieassociative.be\/actualites\/pres-de-3-000-candidats-au-service-militaire-volontaire-dont-trois-jeunes-residant-a-la-dg\/"},"modified":"2026-03-04T10:17:18","modified_gmt":"2026-03-04T09:17:18","slug":"pres-de-3-000-candidats-au-service-militaire-volontaire-dont-trois-jeunes-residant-a-la-dg","status":"publish","type":"post","link":"https:\/\/vieassociative.be\/actualites\/pres-de-3-000-candidats-au-service-militaire-volontaire-dont-trois-jeunes-residant-a-la-dg\/","title":{"rendered":"Pr\u00e8s de 3 000 candidats au service militaire volontaire, dont trois jeunes r\u00e9sidant \u00e0 la DG"},"content":{"rendered":"<p><strong>Au dernier d\u00e9compte, pr\u00e8s de 3 000 jeunes se sont d\u00e9j\u00e0 inscrits sur l&rsquo;une des 500 places disponibles pour l&rsquo;ann\u00e9e de service militaire volontaire. Le ministre de la D\u00e9fense Theo Francken (N-VA) l&rsquo;a annonc\u00e9 en commission de la D\u00e9fense de la Chambre.<\/strong><\/p>\n<p><span id=\"more-437334\"><\/span>Offrir aux jeunes la possibilit\u00e9 de se porter volontaires pour le service militaire est l&rsquo;un des projets les plus importants du gouvernement de l&rsquo;Arizona. La loi permettant sa mise en \u0153uvre a \u00e9t\u00e9 vot\u00e9e par le Parlement le 9 octobre 2025. \u00ab Je l&rsquo;ai vot\u00e9e avec enthousiasme et sens des responsabilit\u00e9s \u00bb, souligne le d\u00e9put\u00e9 de l&rsquo;Est de la Belgique Luc Frank (Les Engag\u00e9s).<\/p>\n<p>Peu de temps apr\u00e8s, une lettre a \u00e9t\u00e9 envoy\u00e9e \u00e0 pr\u00e8s de 150 000 jeunes de 17 ans dans le pays. Des \u00e9v\u00e9nements d&rsquo;information ont eu lieu et ont tous connu un grand succ\u00e8s. Ce succ\u00e8s se refl\u00e8te \u00e9galement dans les chiffres actuels.<\/p>\n<div id=\"attachment_373970\" class=\"wp-caption alignleft\" style=\"max-width: 225px\"><img fetchpriority=\"high\" decoding=\"async\" class=\"wp-image-373970 size-medium\" src=\"https:\/\/vieassociative.be\/actualites\/wp-content\/uploads\/2025\/11\/Luc-Frank-Le-telescope-Einstein-une-opportunite-unique.jpeg\" alt=\"\" width=\"225\" height=\"300\"  ><\/div>\n<p>Il y a 2.971 candidats pour les 500 postes \u00e0 pourvoir, dont 555 femmes et 2.416 hommes. En province de Li\u00e8ge, on compte 286 candidats, dont 62 femmes et 224 hommes. Trois jeunes r\u00e9sidant dans l&rsquo;une des neuf communaut\u00e9s germanophones ont postul\u00e9. La date limite d&rsquo;inscription est le 9 avril, mais les candidats sont d\u00e9j\u00e0 invit\u00e9s \u00e0 passer des tests. Ils sauront en juillet s&rsquo;ils ont \u00e9t\u00e9 s\u00e9lectionn\u00e9s.<\/p>\n<p>Frank : \u00ab Cela montre l&rsquo;int\u00e9r\u00eat de la jeunesse pour notre d\u00e9fense. Face aux bouleversements g\u00e9opolitiques et \u00e0 l&rsquo;incertitude internationale, beaucoup veulent s&rsquo;impliquer dans la d\u00e9fense de notre d\u00e9mocratie, de notre libert\u00e9 et de notre continent europ\u00e9en. Cela montre aussi que notre jeunesse comprend le r\u00e9armement. \u00e9l\u00e9ment essentiel d\u2019une soci\u00e9t\u00e9 solidaire. (cr\u00e9er)<\/p>\n","protected":false},"excerpt":{"rendered":"<p>Au dernier d\u00e9compte, pr\u00e8s de 3 000 jeunes se sont d\u00e9j\u00e0 inscrits sur l&rsquo;une des 500 places disponibles pour l&rsquo;ann\u00e9e de service militaire volontaire. Le<\/p>\n","protected":false},"author":1,"featured_media":5266,"comment_status":"","ping_status":"","sticky":false,"template":"","format":"standard","meta":{"footnotes":""},"categories":[298],"tags":[10157,257,5859,7852,1750,10158,2911,771,8610],"class_list":["post-12891","post","type-post","status-publish","format-standard","has-post-thumbnail","hentry","category-belgique","tag-candidats","tag-dont","tag-jeunes","tag-militaire","tag-pres","tag-residant","tag-service","tag-trois","tag-volontaire","generate-columns","tablet-grid-50","mobile-grid-100","grid-parent","grid-33"],"yoast_head":"<!-- This site is optimized with the Yoast SEO plugin v24.0 - https:\/\/yoast.com\/wordpress\/plugins\/seo\/ -->\n<title>Pr\u00e8s de 3 000 candidats au service militaire volontaire, dont trois jeunes r\u00e9sidant \u00e0 la DG | Vie Associative<\/title>\n<meta name=\"robots\" content=\"index, follow, max-snippet:-1, max-image-preview:large, max-video-preview:-1\" \/>\n<link rel=\"canonical\" href=\"https:\/\/vieassociative.be\/actualites\/pres-de-3-000-candidats-au-service-militaire-volontaire-dont-trois-jeunes-residant-a-la-dg\/\" \/>\n<meta property=\"og:locale\" content=\"fr_FR\" \/>\n<meta property=\"og:type\" content=\"article\" \/>\n<meta property=\"og:title\" content=\"Pr\u00e8s de 3 000 candidats au service militaire volontaire, dont trois jeunes r\u00e9sidant \u00e0 la DG | Vie Associative\" \/>\n<meta property=\"og:description\" content=\"Au dernier d\u00e9compte, pr\u00e8s de 3 000 jeunes se sont d\u00e9j\u00e0 inscrits sur l&rsquo;une des 500 places disponibles pour l&rsquo;ann\u00e9e de service militaire volontaire. Le\" \/>\n<meta property=\"og:url\" content=\"https:\/\/vieassociative.be\/actualites\/pres-de-3-000-candidats-au-service-militaire-volontaire-dont-trois-jeunes-residant-a-la-dg\/\" \/>\n<meta property=\"og:site_name\" content=\"Vie Associative\" \/>\n<meta property=\"article:published_time\" content=\"2026-03-04T09:17:18+00:00\" \/>\n<meta property=\"og:image\" content=\"https:\/\/vieassociative.be\/actualites\/wp-content\/uploads\/2024\/09\/header_backgroundk-01-e1726694325946.png\" \/>\n\t<meta property=\"og:image:width\" content=\"279\" \/>\n\t<meta property=\"og:image:height\" content=\"92\" \/>\n\t<meta property=\"og:image:type\" content=\"image\/png\" \/>\n<meta name=\"author\" content=\"Julien\" \/>\n<meta name=\"twitter:card\" content=\"summary_large_image\" \/>\n<meta name=\"twitter:label1\" content=\"\u00c9crit par\" \/>\n\t<meta name=\"twitter:data1\" content=\"Julien\" \/>\n\t<meta name=\"twitter:label2\" content=\"Dur\u00e9e de lecture est.\" \/>\n\t<meta name=\"twitter:data2\" content=\"1 minute\" \/>\n<script type=\"application\/ld+json\" class=\"yoast-schema-graph\">{\"@context\":\"https:\/\/schema.org\",\"@graph\":[{\"@type\":\"Article\",\"@id\":\"https:\/\/vieassociative.be\/actualites\/pres-de-3-000-candidats-au-service-militaire-volontaire-dont-trois-jeunes-residant-a-la-dg\/#article\",\"isPartOf\":{\"@id\":\"https:\/\/vieassociative.be\/actualites\/pres-de-3-000-candidats-au-service-militaire-volontaire-dont-trois-jeunes-residant-a-la-dg\/\"},\"author\":{\"name\":\"Julien\",\"@id\":\"https:\/\/vieassociative.be\/actualites\/#\/schema\/person\/b87ac4f82f9d4e7b7cec7395b679edc4\"},\"headline\":\"Pr\u00e8s de 3 000 candidats au service militaire volontaire, dont trois jeunes r\u00e9sidant \u00e0 la DG\",\"datePublished\":\"2026-03-04T09:17:18+00:00\",\"dateModified\":\"2026-03-04T09:17:18+00:00\",\"mainEntityOfPage\":{\"@id\":\"https:\/\/vieassociative.be\/actualites\/pres-de-3-000-candidats-au-service-militaire-volontaire-dont-trois-jeunes-residant-a-la-dg\/\"},\"wordCount\":311,\"publisher\":{\"@id\":\"https:\/\/vieassociative.be\/actualites\/#organization\"},\"image\":{\"@id\":\"https:\/\/vieassociative.be\/actualites\/pres-de-3-000-candidats-au-service-militaire-volontaire-dont-trois-jeunes-residant-a-la-dg\/#primaryimage\"},\"thumbnailUrl\":\"https:\/\/vieassociative.be\/actualites\/wp-content\/uploads\/2025\/02\/1740061039_La-conscription-en-Belgique-est-elle-reintroduite.jpg\",\"keywords\":[\"candidats\",\"dont\",\"jeunes\",\"militaire\",\"pr\u00e8s\",\"r\u00e9sidant\",\"service\",\"trois\",\"volontaire\"],\"articleSection\":[\"Belgique\"],\"inLanguage\":\"fr-BE\"},{\"@type\":\"WebPage\",\"@id\":\"https:\/\/vieassociative.be\/actualites\/pres-de-3-000-candidats-au-service-militaire-volontaire-dont-trois-jeunes-residant-a-la-dg\/\",\"url\":\"https:\/\/vieassociative.be\/actualites\/pres-de-3-000-candidats-au-service-militaire-volontaire-dont-trois-jeunes-residant-a-la-dg\/\",\"name\":\"Pr\u00e8s de 3 000 candidats au service militaire volontaire, dont trois jeunes r\u00e9sidant \u00e0 la DG | Vie Associative\",\"isPartOf\":{\"@id\":\"https:\/\/vieassociative.be\/actualites\/#website\"},\"primaryImageOfPage\":{\"@id\":\"https:\/\/vieassociative.be\/actualites\/pres-de-3-000-candidats-au-service-militaire-volontaire-dont-trois-jeunes-residant-a-la-dg\/#primaryimage\"},\"image\":{\"@id\":\"https:\/\/vieassociative.be\/actualites\/pres-de-3-000-candidats-au-service-militaire-volontaire-dont-trois-jeunes-residant-a-la-dg\/#primaryimage\"},\"thumbnailUrl\":\"https:\/\/vieassociative.be\/actualites\/wp-content\/uploads\/2025\/02\/1740061039_La-conscription-en-Belgique-est-elle-reintroduite.jpg\",\"datePublished\":\"2026-03-04T09:17:18+00:00\",\"dateModified\":\"2026-03-04T09:17:18+00:00\",\"breadcrumb\":{\"@id\":\"https:\/\/vieassociative.be\/actualites\/pres-de-3-000-candidats-au-service-militaire-volontaire-dont-trois-jeunes-residant-a-la-dg\/#breadcrumb\"},\"inLanguage\":\"fr-BE\",\"potentialAction\":[{\"@type\":\"ReadAction\",\"target\":[\"https:\/\/vieassociative.be\/actualites\/pres-de-3-000-candidats-au-service-militaire-volontaire-dont-trois-jeunes-residant-a-la-dg\/\"]}]},{\"@type\":\"ImageObject\",\"inLanguage\":\"fr-BE\",\"@id\":\"https:\/\/vieassociative.be\/actualites\/pres-de-3-000-candidats-au-service-militaire-volontaire-dont-trois-jeunes-residant-a-la-dg\/#primaryimage\",\"url\":\"https:\/\/vieassociative.be\/actualites\/wp-content\/uploads\/2025\/02\/1740061039_La-conscription-en-Belgique-est-elle-reintroduite.jpg\",\"contentUrl\":\"https:\/\/vieassociative.be\/actualites\/wp-content\/uploads\/2025\/02\/1740061039_La-conscription-en-Belgique-est-elle-reintroduite.jpg\",\"width\":1200,\"height\":881,\"caption\":\"La conscription en Belgique est-elle r\u00e9introduite?\"},{\"@type\":\"BreadcrumbList\",\"@id\":\"https:\/\/vieassociative.be\/actualites\/pres-de-3-000-candidats-au-service-militaire-volontaire-dont-trois-jeunes-residant-a-la-dg\/#breadcrumb\",\"itemListElement\":[{\"@type\":\"ListItem\",\"position\":1,\"name\":\"Accueil\",\"item\":\"https:\/\/vieassociative.be\/actualites\/\"},{\"@type\":\"ListItem\",\"position\":2,\"name\":\"Pr\u00e8s de 3 000 candidats au service militaire volontaire, dont trois jeunes r\u00e9sidant \u00e0 la DG\"}]},{\"@type\":\"WebSite\",\"@id\":\"https:\/\/vieassociative.be\/actualites\/#website\",\"url\":\"https:\/\/vieassociative.be\/actualites\/\",\"name\":\"Vie Associative\",\"description\":\"\",\"publisher\":{\"@id\":\"https:\/\/vieassociative.be\/actualites\/#organization\"},\"potentialAction\":[{\"@type\":\"SearchAction\",\"target\":{\"@type\":\"EntryPoint\",\"urlTemplate\":\"https:\/\/vieassociative.be\/actualites\/?s={search_term_string}\"},\"query-input\":{\"@type\":\"PropertyValueSpecification\",\"valueRequired\":true,\"valueName\":\"search_term_string\"}}],\"inLanguage\":\"fr-BE\"},{\"@type\":\"Organization\",\"@id\":\"https:\/\/vieassociative.be\/actualites\/#organization\",\"name\":\"Vie Associative\",\"url\":\"https:\/\/vieassociative.be\/actualites\/\",\"logo\":{\"@type\":\"ImageObject\",\"inLanguage\":\"fr-BE\",\"@id\":\"https:\/\/vieassociative.be\/actualites\/#\/schema\/logo\/image\/\",\"url\":\"https:\/\/vieassociative.be\/actualites\/wp-content\/uploads\/2024\/09\/cropped-vieassociative_favicon.ico.png\",\"contentUrl\":\"https:\/\/vieassociative.be\/actualites\/wp-content\/uploads\/2024\/09\/cropped-vieassociative_favicon.ico.png\",\"width\":512,\"height\":512,\"caption\":\"Vie Associative\"},\"image\":{\"@id\":\"https:\/\/vieassociative.be\/actualites\/#\/schema\/logo\/image\/\"}},{\"@type\":\"Person\",\"@id\":\"https:\/\/vieassociative.be\/actualites\/#\/schema\/person\/b87ac4f82f9d4e7b7cec7395b679edc4\",\"name\":\"Julien\",\"image\":{\"@type\":\"ImageObject\",\"inLanguage\":\"fr-BE\",\"@id\":\"https:\/\/vieassociative.be\/actualites\/#\/schema\/person\/image\/\",\"url\":\"https:\/\/vieassociative.be\/actualites\/wp-content\/uploads\/2024\/09\/vie-associative-1-150x150.jpg\",\"contentUrl\":\"https:\/\/vieassociative.be\/actualites\/wp-content\/uploads\/2024\/09\/vie-associative-1-150x150.jpg\",\"caption\":\"Julien\"},\"description\":\"Je suis Julien, r\u00e9dacteur pour Vie Associative. Passionn\u00e9 par le monde associatif depuis plus de 10 ans, j'ai \u00e0 c\u0153ur de partager des histoires inspirantes et de mettre en lumi\u00e8re les initiatives locales. Mon objectif est de sensibiliser et d'encourager l'engagement communautaire \u00e0 travers mes articles.\",\"sameAs\":[\"https:\/\/vieassociative.be\/\"]}]}<\/script>\n<!-- \/ Yoast SEO plugin. -->","yoast_head_json":{"title":"Pr\u00e8s de 3 000 candidats au service militaire volontaire, dont trois jeunes r\u00e9sidant \u00e0 la DG | Vie Associative","robots":{"index":"index","follow":"follow","max-snippet":"max-snippet:-1","max-image-preview":"max-image-preview:large","max-video-preview":"max-video-preview:-1"},"canonical":"https:\/\/vieassociative.be\/actualites\/pres-de-3-000-candidats-au-service-militaire-volontaire-dont-trois-jeunes-residant-a-la-dg\/","og_locale":"fr_FR","og_type":"article","og_title":"Pr\u00e8s de 3 000 candidats au service militaire volontaire, dont trois jeunes r\u00e9sidant \u00e0 la DG | Vie Associative","og_description":"Au dernier d\u00e9compte, pr\u00e8s de 3 000 jeunes se sont d\u00e9j\u00e0 inscrits sur l&rsquo;une des 500 places disponibles pour l&rsquo;ann\u00e9e de service militaire volontaire. Le","og_url":"https:\/\/vieassociative.be\/actualites\/pres-de-3-000-candidats-au-service-militaire-volontaire-dont-trois-jeunes-residant-a-la-dg\/","og_site_name":"Vie Associative","article_published_time":"2026-03-04T09:17:18+00:00","og_image":[{"width":279,"height":92,"url":"https:\/\/vieassociative.be\/actualites\/wp-content\/uploads\/2024\/09\/header_backgroundk-01-e1726694325946.png","type":"image\/png"}],"author":"Julien","twitter_card":"summary_large_image","twitter_misc":{"\u00c9crit par":"Julien","Dur\u00e9e de lecture est.":"1 minute"},"schema":{"@context":"https:\/\/schema.org","@graph":[{"@type":"Article","@id":"https:\/\/vieassociative.be\/actualites\/pres-de-3-000-candidats-au-service-militaire-volontaire-dont-trois-jeunes-residant-a-la-dg\/#article","isPartOf":{"@id":"https:\/\/vieassociative.be\/actualites\/pres-de-3-000-candidats-au-service-militaire-volontaire-dont-trois-jeunes-residant-a-la-dg\/"},"author":{"name":"Julien","@id":"https:\/\/vieassociative.be\/actualites\/#\/schema\/person\/b87ac4f82f9d4e7b7cec7395b679edc4"},"headline":"Pr\u00e8s de 3 000 candidats au service militaire volontaire, dont trois jeunes r\u00e9sidant \u00e0 la DG","datePublished":"2026-03-04T09:17:18+00:00","dateModified":"2026-03-04T09:17:18+00:00","mainEntityOfPage":{"@id":"https:\/\/vieassociative.be\/actualites\/pres-de-3-000-candidats-au-service-militaire-volontaire-dont-trois-jeunes-residant-a-la-dg\/"},"wordCount":311,"publisher":{"@id":"https:\/\/vieassociative.be\/actualites\/#organization"},"image":{"@id":"https:\/\/vieassociative.be\/actualites\/pres-de-3-000-candidats-au-service-militaire-volontaire-dont-trois-jeunes-residant-a-la-dg\/#primaryimage"},"thumbnailUrl":"https:\/\/vieassociative.be\/actualites\/wp-content\/uploads\/2025\/02\/1740061039_La-conscription-en-Belgique-est-elle-reintroduite.jpg","keywords":["candidats","dont","jeunes","militaire","pr\u00e8s","r\u00e9sidant","service","trois","volontaire"],"articleSection":["Belgique"],"inLanguage":"fr-BE"},{"@type":"WebPage","@id":"https:\/\/vieassociative.be\/actualites\/pres-de-3-000-candidats-au-service-militaire-volontaire-dont-trois-jeunes-residant-a-la-dg\/","url":"https:\/\/vieassociative.be\/actualites\/pres-de-3-000-candidats-au-service-militaire-volontaire-dont-trois-jeunes-residant-a-la-dg\/","name":"Pr\u00e8s de 3 000 candidats au service militaire volontaire, dont trois jeunes r\u00e9sidant \u00e0 la DG | Vie Associative","isPartOf":{"@id":"https:\/\/vieassociative.be\/actualites\/#website"},"primaryImageOfPage":{"@id":"https:\/\/vieassociative.be\/actualites\/pres-de-3-000-candidats-au-service-militaire-volontaire-dont-trois-jeunes-residant-a-la-dg\/#primaryimage"},"image":{"@id":"https:\/\/vieassociative.be\/actualites\/pres-de-3-000-candidats-au-service-militaire-volontaire-dont-trois-jeunes-residant-a-la-dg\/#primaryimage"},"thumbnailUrl":"https:\/\/vieassociative.be\/actualites\/wp-content\/uploads\/2025\/02\/1740061039_La-conscription-en-Belgique-est-elle-reintroduite.jpg","datePublished":"2026-03-04T09:17:18+00:00","dateModified":"2026-03-04T09:17:18+00:00","breadcrumb":{"@id":"https:\/\/vieassociative.be\/actualites\/pres-de-3-000-candidats-au-service-militaire-volontaire-dont-trois-jeunes-residant-a-la-dg\/#breadcrumb"},"inLanguage":"fr-BE","potentialAction":[{"@type":"ReadAction","target":["https:\/\/vieassociative.be\/actualites\/pres-de-3-000-candidats-au-service-militaire-volontaire-dont-trois-jeunes-residant-a-la-dg\/"]}]},{"@type":"ImageObject","inLanguage":"fr-BE","@id":"https:\/\/vieassociative.be\/actualites\/pres-de-3-000-candidats-au-service-militaire-volontaire-dont-trois-jeunes-residant-a-la-dg\/#primaryimage","url":"https:\/\/vieassociative.be\/actualites\/wp-content\/uploads\/2025\/02\/1740061039_La-conscription-en-Belgique-est-elle-reintroduite.jpg","contentUrl":"https:\/\/vieassociative.be\/actualites\/wp-content\/uploads\/2025\/02\/1740061039_La-conscription-en-Belgique-est-elle-reintroduite.jpg","width":1200,"height":881,"caption":"La conscription en Belgique est-elle r\u00e9introduite?"},{"@type":"BreadcrumbList","@id":"https:\/\/vieassociative.be\/actualites\/pres-de-3-000-candidats-au-service-militaire-volontaire-dont-trois-jeunes-residant-a-la-dg\/#breadcrumb","itemListElement":[{"@type":"ListItem","position":1,"name":"Accueil","item":"https:\/\/vieassociative.be\/actualites\/"},{"@type":"ListItem","position":2,"name":"Pr\u00e8s de 3 000 candidats au service militaire volontaire, dont trois jeunes r\u00e9sidant \u00e0 la DG"}]},{"@type":"WebSite","@id":"https:\/\/vieassociative.be\/actualites\/#website","url":"https:\/\/vieassociative.be\/actualites\/","name":"Vie Associative","description":"","publisher":{"@id":"https:\/\/vieassociative.be\/actualites\/#organization"},"potentialAction":[{"@type":"SearchAction","target":{"@type":"EntryPoint","urlTemplate":"https:\/\/vieassociative.be\/actualites\/?s={search_term_string}"},"query-input":{"@type":"PropertyValueSpecification","valueRequired":true,"valueName":"search_term_string"}}],"inLanguage":"fr-BE"},{"@type":"Organization","@id":"https:\/\/vieassociative.be\/actualites\/#organization","name":"Vie Associative","url":"https:\/\/vieassociative.be\/actualites\/","logo":{"@type":"ImageObject","inLanguage":"fr-BE","@id":"https:\/\/vieassociative.be\/actualites\/#\/schema\/logo\/image\/","url":"https:\/\/vieassociative.be\/actualites\/wp-content\/uploads\/2024\/09\/cropped-vieassociative_favicon.ico.png","contentUrl":"https:\/\/vieassociative.be\/actualites\/wp-content\/uploads\/2024\/09\/cropped-vieassociative_favicon.ico.png","width":512,"height":512,"caption":"Vie Associative"},"image":{"@id":"https:\/\/vieassociative.be\/actualites\/#\/schema\/logo\/image\/"}},{"@type":"Person","@id":"https:\/\/vieassociative.be\/actualites\/#\/schema\/person\/b87ac4f82f9d4e7b7cec7395b679edc4","name":"Julien","image":{"@type":"ImageObject","inLanguage":"fr-BE","@id":"https:\/\/vieassociative.be\/actualites\/#\/schema\/person\/image\/","url":"https:\/\/vieassociative.be\/actualites\/wp-content\/uploads\/2024\/09\/vie-associative-1-150x150.jpg","contentUrl":"https:\/\/vieassociative.be\/actualites\/wp-content\/uploads\/2024\/09\/vie-associative-1-150x150.jpg","caption":"Julien"},"description":"Je suis Julien, r\u00e9dacteur pour Vie Associative. Passionn\u00e9 par le monde associatif depuis plus de 10 ans, j'ai \u00e0 c\u0153ur de partager des histoires inspirantes et de mettre en lumi\u00e8re les initiatives locales. Mon objectif est de sensibiliser et d'encourager l'engagement communautaire \u00e0 travers mes articles.","sameAs":["https:\/\/vieassociative.be\/"]}]}},"_links":{"self":[{"href":"https:\/\/vieassociative.be\/actualites\/wp-json\/wp\/v2\/posts\/12891"}],"collection":[{"href":"https:\/\/vieassociative.be\/actualites\/wp-json\/wp\/v2\/posts"}],"about":[{"href":"https:\/\/vieassociative.be\/actualites\/wp-json\/wp\/v2\/types\/post"}],"author":[{"embeddable":true,"href":"https:\/\/vieassociative.be\/actualites\/wp-json\/wp\/v2\/users\/1"}],"replies":[{"embeddable":true,"href":"https:\/\/vieassociative.be\/actualites\/wp-json\/wp\/v2\/comments?post=12891"}],"version-history":[{"count":0,"href":"https:\/\/vieassociative.be\/actualites\/wp-json\/wp\/v2\/posts\/12891\/revisions"}],"wp:featuredmedia":[{"embeddable":true,"href":"https:\/\/vieassociative.be\/actualites\/wp-json\/wp\/v2\/media\/5266"}],"wp:attachment":[{"href":"https:\/\/vieassociative.be\/actualites\/wp-json\/wp\/v2\/media?parent=12891"}],"wp:term":[{"taxonomy":"category","embeddable":true,"href":"https:\/\/vieassociative.be\/actualites\/wp-json\/wp\/v2\/categories?post=12891"},{"taxonomy":"post_tag","embeddable":true,"href":"https:\/\/vieassociative.be\/actualites\/wp-json\/wp\/v2\/tags?post=12891"}],"curies":[{"name":"wp","href":"https:\/\/api.w.org\/{rel}","templated":true}]}}