{"id":12889,"date":"2026-03-04T09:18:00","date_gmt":"2026-03-04T08:18:00","guid":{"rendered":"https:\/\/vieassociative.be\/actualites\/blog-en-direct-de-levenement-apple-de-mars-macbook-neo-iphone-17e-mac-m5-et-plus\/"},"modified":"2026-03-04T09:18:00","modified_gmt":"2026-03-04T08:18:00","slug":"blog-en-direct-de-levenement-apple-de-mars-macbook-neo-iphone-17e-mac-m5-et-plus","status":"publish","type":"post","link":"https:\/\/vieassociative.be\/actualites\/blog-en-direct-de-levenement-apple-de-mars-macbook-neo-iphone-17e-mac-m5-et-plus\/","title":{"rendered":"Blog en direct de l&rsquo;\u00e9v\u00e9nement Apple de mars\u00a0: MacBook Neo, iPhone 17e, Mac M5 et plus"},"content":{"rendered":"<p>Il est temps pour un autre \u00e9v\u00e9nement Apple\u00a0! Le mercredi 4 mars, Apple annoncera de nouveaux produits, et malgr\u00e9 l&rsquo;engagement de l&rsquo;entreprise au secret, nous savons d\u00e9j\u00e0 quelles sont la plupart des r\u00e9v\u00e9lations. En fait, Apple a d\u00e9j\u00e0 annonc\u00e9 un certain nombre de nouveaux produits cette semaine avant l&rsquo;\u00e9v\u00e9nement, notamment l&rsquo;iPhone 17e, l&rsquo;iPad Air M4 et de nouveaux Mac, notamment les variantes M5, M5 Pro et M5 Max. <\/p>\n<p>Mais m\u00eame si la soci\u00e9t\u00e9 a d\u00e9j\u00e0 partag\u00e9 de nombreuses nouvelles lundi et mardi, cela ne signifie pas que l&rsquo;\u00e9v\u00e9nement de mercredi sera ennuyeux. En fait, Apple pourrait annoncer l&rsquo;un de ses produits les plus int\u00e9ressants depuis des ann\u00e9es lors de son discours du 4 mars : le MacBook \u00ab Neo \u00bb. Il s&rsquo;agit d&rsquo;un MacBook \u00ab \u00e9conomique \u00bb, plus petit que le MacBook Air 13 pouces, qui peut \u00eatre disponible dans une vari\u00e9t\u00e9 de couleurs amusantes. Imaginez les iPod d\u2019autrefois, mais maintenant, comme un MacBook ultra-portable (et potentiellement abordable).  <\/p>\n<p>Rien n\u2019est grav\u00e9 dans le marbre, bien s\u00fbr. Apple pourrait d\u00e9fier les fuites et les rumeurs et annoncer d&rsquo;autres produits \u00e0 la place. Mais je soup\u00e7onne fortement que le MacBook Neo sera parmi les vedettes de l&rsquo;\u00e9v\u00e9nement de mercredi. D&rsquo;autres rumeurs sugg\u00e8rent qu&rsquo;Apple se pr\u00e9pare \u00e0 annoncer le tout premier MacBook \u00e0 \u00e9cran tactile, et les propres annonces d&rsquo;Apple semblent jouer dans ces affirmations. Tim Cook a post\u00e9 cette vid\u00e9o sur X le 26 f\u00e9vrier, montrant un logo Apple \u00ab sculpt\u00e9 \u00bb par un utilisateur sur le couvercle d&rsquo;un MacBook. Cela pourrait n&rsquo;\u00eatre rien, ou cela pourrait sugg\u00e9rer que les utilisateurs interagiront avec leur MacBook avec plus qu&rsquo;un simple trackpad et un clavier. <\/p>\n<p>Nous ne le saurons qu&rsquo;une fois qu&rsquo;Apple aura fait son annonce lors du discours d&rsquo;ouverture de mercredi. Pour toutes ces nouvelles, assurez-vous de garder un \u0153il sur le blog en direct ci-dessous. Je le mettrai \u00e0 jour avant, pendant et apr\u00e8s l&rsquo;\u00e9v\u00e9nement, avec toutes les nouvelles qu&rsquo;Apple partagera. <\/p>\n","protected":false},"excerpt":{"rendered":"<p>Il est temps pour un autre \u00e9v\u00e9nement Apple\u00a0! Le mercredi 4 mars, Apple annoncera de nouveaux produits, et malgr\u00e9 l&rsquo;engagement de l&rsquo;entreprise au secret, nous<\/p>\n","protected":false},"author":1,"featured_media":12890,"comment_status":"","ping_status":"","sticky":false,"template":"","format":"standard","meta":{"footnotes":""},"categories":[1],"tags":[10156,54,7637,3308,652,7556,1112,686,3221,10155],"class_list":["post-12889","post","type-post","status-publish","format-standard","has-post-thumbnail","hentry","category-non-classe","tag-17e","tag-apple","tag-blog","tag-direct","tag-iphone","tag-levenement","tag-mac","tag-macbook","tag-mars","tag-neo","generate-columns","tablet-grid-50","mobile-grid-100","grid-parent","grid-33"],"yoast_head":"<!-- This site is optimized with the Yoast SEO plugin v24.0 - https:\/\/yoast.com\/wordpress\/plugins\/seo\/ -->\n<title>Blog en direct de l&#039;\u00e9v\u00e9nement Apple de mars\u00a0: MacBook Neo, iPhone 17e, Mac M5 et plus | Vie Associative<\/title>\n<meta name=\"robots\" content=\"index, follow, max-snippet:-1, max-image-preview:large, max-video-preview:-1\" \/>\n<link rel=\"canonical\" href=\"https:\/\/vieassociative.be\/actualites\/blog-en-direct-de-levenement-apple-de-mars-macbook-neo-iphone-17e-mac-m5-et-plus\/\" \/>\n<meta property=\"og:locale\" content=\"fr_FR\" \/>\n<meta property=\"og:type\" content=\"article\" \/>\n<meta property=\"og:title\" content=\"Blog en direct de l&#039;\u00e9v\u00e9nement Apple de mars\u00a0: MacBook Neo, iPhone 17e, Mac M5 et plus | Vie Associative\" \/>\n<meta property=\"og:description\" content=\"Il est temps pour un autre \u00e9v\u00e9nement Apple\u00a0! Le mercredi 4 mars, Apple annoncera de nouveaux produits, et malgr\u00e9 l&rsquo;engagement de l&rsquo;entreprise au secret, nous\" \/>\n<meta property=\"og:url\" content=\"https:\/\/vieassociative.be\/actualites\/blog-en-direct-de-levenement-apple-de-mars-macbook-neo-iphone-17e-mac-m5-et-plus\/\" \/>\n<meta property=\"og:site_name\" content=\"Vie Associative\" \/>\n<meta property=\"article:published_time\" content=\"2026-03-04T08:18:00+00:00\" \/>\n<meta property=\"og:image\" content=\"https:\/\/vieassociative.be\/actualites\/wp-content\/uploads\/2024\/09\/header_backgroundk-01-e1726694325946.png\" \/>\n\t<meta property=\"og:image:width\" content=\"279\" \/>\n\t<meta property=\"og:image:height\" content=\"92\" \/>\n\t<meta property=\"og:image:type\" content=\"image\/png\" \/>\n<meta name=\"author\" content=\"Julien\" \/>\n<meta name=\"twitter:card\" content=\"summary_large_image\" \/>\n<meta name=\"twitter:label1\" content=\"\u00c9crit par\" \/>\n\t<meta name=\"twitter:data1\" content=\"Julien\" \/>\n\t<meta name=\"twitter:label2\" content=\"Dur\u00e9e de lecture est.\" \/>\n\t<meta name=\"twitter:data2\" content=\"2 minutes\" \/>\n<script type=\"application\/ld+json\" class=\"yoast-schema-graph\">{\"@context\":\"https:\/\/schema.org\",\"@graph\":[{\"@type\":\"Article\",\"@id\":\"https:\/\/vieassociative.be\/actualites\/blog-en-direct-de-levenement-apple-de-mars-macbook-neo-iphone-17e-mac-m5-et-plus\/#article\",\"isPartOf\":{\"@id\":\"https:\/\/vieassociative.be\/actualites\/blog-en-direct-de-levenement-apple-de-mars-macbook-neo-iphone-17e-mac-m5-et-plus\/\"},\"author\":{\"name\":\"Julien\",\"@id\":\"https:\/\/vieassociative.be\/actualites\/#\/schema\/person\/b87ac4f82f9d4e7b7cec7395b679edc4\"},\"headline\":\"Blog en direct de l&rsquo;\u00e9v\u00e9nement Apple de mars\u00a0: MacBook Neo, iPhone 17e, Mac M5 et plus\",\"datePublished\":\"2026-03-04T08:18:00+00:00\",\"dateModified\":\"2026-03-04T08:18:00+00:00\",\"mainEntityOfPage\":{\"@id\":\"https:\/\/vieassociative.be\/actualites\/blog-en-direct-de-levenement-apple-de-mars-macbook-neo-iphone-17e-mac-m5-et-plus\/\"},\"wordCount\":370,\"publisher\":{\"@id\":\"https:\/\/vieassociative.be\/actualites\/#organization\"},\"image\":{\"@id\":\"https:\/\/vieassociative.be\/actualites\/blog-en-direct-de-levenement-apple-de-mars-macbook-neo-iphone-17e-mac-m5-et-plus\/#primaryimage\"},\"thumbnailUrl\":\"https:\/\/vieassociative.be\/actualites\/wp-content\/uploads\/2026\/03\/Blog-en-direct-de-levenement-Apple-de-mars-MacBook-Neo.jpg\",\"keywords\":[\"17e\",\"Apple\",\"Blog\",\"direct\",\"iPhone\",\"l\u00e9v\u00e9nement\",\"Mac\",\"MacBook\",\"mars\",\"Neo\"],\"inLanguage\":\"fr-BE\"},{\"@type\":\"WebPage\",\"@id\":\"https:\/\/vieassociative.be\/actualites\/blog-en-direct-de-levenement-apple-de-mars-macbook-neo-iphone-17e-mac-m5-et-plus\/\",\"url\":\"https:\/\/vieassociative.be\/actualites\/blog-en-direct-de-levenement-apple-de-mars-macbook-neo-iphone-17e-mac-m5-et-plus\/\",\"name\":\"Blog en direct de l'\u00e9v\u00e9nement Apple de mars\u00a0: MacBook Neo, iPhone 17e, Mac M5 et plus | Vie Associative\",\"isPartOf\":{\"@id\":\"https:\/\/vieassociative.be\/actualites\/#website\"},\"primaryImageOfPage\":{\"@id\":\"https:\/\/vieassociative.be\/actualites\/blog-en-direct-de-levenement-apple-de-mars-macbook-neo-iphone-17e-mac-m5-et-plus\/#primaryimage\"},\"image\":{\"@id\":\"https:\/\/vieassociative.be\/actualites\/blog-en-direct-de-levenement-apple-de-mars-macbook-neo-iphone-17e-mac-m5-et-plus\/#primaryimage\"},\"thumbnailUrl\":\"https:\/\/vieassociative.be\/actualites\/wp-content\/uploads\/2026\/03\/Blog-en-direct-de-levenement-Apple-de-mars-MacBook-Neo.jpg\",\"datePublished\":\"2026-03-04T08:18:00+00:00\",\"dateModified\":\"2026-03-04T08:18:00+00:00\",\"breadcrumb\":{\"@id\":\"https:\/\/vieassociative.be\/actualites\/blog-en-direct-de-levenement-apple-de-mars-macbook-neo-iphone-17e-mac-m5-et-plus\/#breadcrumb\"},\"inLanguage\":\"fr-BE\",\"potentialAction\":[{\"@type\":\"ReadAction\",\"target\":[\"https:\/\/vieassociative.be\/actualites\/blog-en-direct-de-levenement-apple-de-mars-macbook-neo-iphone-17e-mac-m5-et-plus\/\"]}]},{\"@type\":\"ImageObject\",\"inLanguage\":\"fr-BE\",\"@id\":\"https:\/\/vieassociative.be\/actualites\/blog-en-direct-de-levenement-apple-de-mars-macbook-neo-iphone-17e-mac-m5-et-plus\/#primaryimage\",\"url\":\"https:\/\/vieassociative.be\/actualites\/wp-content\/uploads\/2026\/03\/Blog-en-direct-de-levenement-Apple-de-mars-MacBook-Neo.jpg\",\"contentUrl\":\"https:\/\/vieassociative.be\/actualites\/wp-content\/uploads\/2026\/03\/Blog-en-direct-de-levenement-Apple-de-mars-MacBook-Neo.jpg\",\"width\":1200,\"height\":675,\"caption\":\"Blog en direct de l'\u00e9v\u00e9nement Apple de mars\u00a0: MacBook Neo, iPhone 17e, Mac M5 et plus\"},{\"@type\":\"BreadcrumbList\",\"@id\":\"https:\/\/vieassociative.be\/actualites\/blog-en-direct-de-levenement-apple-de-mars-macbook-neo-iphone-17e-mac-m5-et-plus\/#breadcrumb\",\"itemListElement\":[{\"@type\":\"ListItem\",\"position\":1,\"name\":\"Accueil\",\"item\":\"https:\/\/vieassociative.be\/actualites\/\"},{\"@type\":\"ListItem\",\"position\":2,\"name\":\"Blog en direct de l&rsquo;\u00e9v\u00e9nement Apple de mars\u00a0: MacBook Neo, iPhone 17e, Mac M5 et plus\"}]},{\"@type\":\"WebSite\",\"@id\":\"https:\/\/vieassociative.be\/actualites\/#website\",\"url\":\"https:\/\/vieassociative.be\/actualites\/\",\"name\":\"Vie Associative\",\"description\":\"\",\"publisher\":{\"@id\":\"https:\/\/vieassociative.be\/actualites\/#organization\"},\"potentialAction\":[{\"@type\":\"SearchAction\",\"target\":{\"@type\":\"EntryPoint\",\"urlTemplate\":\"https:\/\/vieassociative.be\/actualites\/?s={search_term_string}\"},\"query-input\":{\"@type\":\"PropertyValueSpecification\",\"valueRequired\":true,\"valueName\":\"search_term_string\"}}],\"inLanguage\":\"fr-BE\"},{\"@type\":\"Organization\",\"@id\":\"https:\/\/vieassociative.be\/actualites\/#organization\",\"name\":\"Vie Associative\",\"url\":\"https:\/\/vieassociative.be\/actualites\/\",\"logo\":{\"@type\":\"ImageObject\",\"inLanguage\":\"fr-BE\",\"@id\":\"https:\/\/vieassociative.be\/actualites\/#\/schema\/logo\/image\/\",\"url\":\"https:\/\/vieassociative.be\/actualites\/wp-content\/uploads\/2024\/09\/cropped-vieassociative_favicon.ico.png\",\"contentUrl\":\"https:\/\/vieassociative.be\/actualites\/wp-content\/uploads\/2024\/09\/cropped-vieassociative_favicon.ico.png\",\"width\":512,\"height\":512,\"caption\":\"Vie Associative\"},\"image\":{\"@id\":\"https:\/\/vieassociative.be\/actualites\/#\/schema\/logo\/image\/\"}},{\"@type\":\"Person\",\"@id\":\"https:\/\/vieassociative.be\/actualites\/#\/schema\/person\/b87ac4f82f9d4e7b7cec7395b679edc4\",\"name\":\"Julien\",\"image\":{\"@type\":\"ImageObject\",\"inLanguage\":\"fr-BE\",\"@id\":\"https:\/\/vieassociative.be\/actualites\/#\/schema\/person\/image\/\",\"url\":\"https:\/\/vieassociative.be\/actualites\/wp-content\/uploads\/2024\/09\/vie-associative-1-150x150.jpg\",\"contentUrl\":\"https:\/\/vieassociative.be\/actualites\/wp-content\/uploads\/2024\/09\/vie-associative-1-150x150.jpg\",\"caption\":\"Julien\"},\"description\":\"Je suis Julien, r\u00e9dacteur pour Vie Associative. Passionn\u00e9 par le monde associatif depuis plus de 10 ans, j'ai \u00e0 c\u0153ur de partager des histoires inspirantes et de mettre en lumi\u00e8re les initiatives locales. Mon objectif est de sensibiliser et d'encourager l'engagement communautaire \u00e0 travers mes articles.\",\"sameAs\":[\"https:\/\/vieassociative.be\/\"]}]}<\/script>\n<!-- \/ Yoast SEO plugin. -->","yoast_head_json":{"title":"Blog en direct de l'\u00e9v\u00e9nement Apple de mars\u00a0: MacBook Neo, iPhone 17e, Mac M5 et plus | Vie Associative","robots":{"index":"index","follow":"follow","max-snippet":"max-snippet:-1","max-image-preview":"max-image-preview:large","max-video-preview":"max-video-preview:-1"},"canonical":"https:\/\/vieassociative.be\/actualites\/blog-en-direct-de-levenement-apple-de-mars-macbook-neo-iphone-17e-mac-m5-et-plus\/","og_locale":"fr_FR","og_type":"article","og_title":"Blog en direct de l'\u00e9v\u00e9nement Apple de mars\u00a0: MacBook Neo, iPhone 17e, Mac M5 et plus | Vie Associative","og_description":"Il est temps pour un autre \u00e9v\u00e9nement Apple\u00a0! Le mercredi 4 mars, Apple annoncera de nouveaux produits, et malgr\u00e9 l&rsquo;engagement de l&rsquo;entreprise au secret, nous","og_url":"https:\/\/vieassociative.be\/actualites\/blog-en-direct-de-levenement-apple-de-mars-macbook-neo-iphone-17e-mac-m5-et-plus\/","og_site_name":"Vie Associative","article_published_time":"2026-03-04T08:18:00+00:00","og_image":[{"width":279,"height":92,"url":"https:\/\/vieassociative.be\/actualites\/wp-content\/uploads\/2024\/09\/header_backgroundk-01-e1726694325946.png","type":"image\/png"}],"author":"Julien","twitter_card":"summary_large_image","twitter_misc":{"\u00c9crit par":"Julien","Dur\u00e9e de lecture est.":"2 minutes"},"schema":{"@context":"https:\/\/schema.org","@graph":[{"@type":"Article","@id":"https:\/\/vieassociative.be\/actualites\/blog-en-direct-de-levenement-apple-de-mars-macbook-neo-iphone-17e-mac-m5-et-plus\/#article","isPartOf":{"@id":"https:\/\/vieassociative.be\/actualites\/blog-en-direct-de-levenement-apple-de-mars-macbook-neo-iphone-17e-mac-m5-et-plus\/"},"author":{"name":"Julien","@id":"https:\/\/vieassociative.be\/actualites\/#\/schema\/person\/b87ac4f82f9d4e7b7cec7395b679edc4"},"headline":"Blog en direct de l&rsquo;\u00e9v\u00e9nement Apple de mars\u00a0: MacBook Neo, iPhone 17e, Mac M5 et plus","datePublished":"2026-03-04T08:18:00+00:00","dateModified":"2026-03-04T08:18:00+00:00","mainEntityOfPage":{"@id":"https:\/\/vieassociative.be\/actualites\/blog-en-direct-de-levenement-apple-de-mars-macbook-neo-iphone-17e-mac-m5-et-plus\/"},"wordCount":370,"publisher":{"@id":"https:\/\/vieassociative.be\/actualites\/#organization"},"image":{"@id":"https:\/\/vieassociative.be\/actualites\/blog-en-direct-de-levenement-apple-de-mars-macbook-neo-iphone-17e-mac-m5-et-plus\/#primaryimage"},"thumbnailUrl":"https:\/\/vieassociative.be\/actualites\/wp-content\/uploads\/2026\/03\/Blog-en-direct-de-levenement-Apple-de-mars-MacBook-Neo.jpg","keywords":["17e","Apple","Blog","direct","iPhone","l\u00e9v\u00e9nement","Mac","MacBook","mars","Neo"],"inLanguage":"fr-BE"},{"@type":"WebPage","@id":"https:\/\/vieassociative.be\/actualites\/blog-en-direct-de-levenement-apple-de-mars-macbook-neo-iphone-17e-mac-m5-et-plus\/","url":"https:\/\/vieassociative.be\/actualites\/blog-en-direct-de-levenement-apple-de-mars-macbook-neo-iphone-17e-mac-m5-et-plus\/","name":"Blog en direct de l'\u00e9v\u00e9nement Apple de mars\u00a0: MacBook Neo, iPhone 17e, Mac M5 et plus | Vie Associative","isPartOf":{"@id":"https:\/\/vieassociative.be\/actualites\/#website"},"primaryImageOfPage":{"@id":"https:\/\/vieassociative.be\/actualites\/blog-en-direct-de-levenement-apple-de-mars-macbook-neo-iphone-17e-mac-m5-et-plus\/#primaryimage"},"image":{"@id":"https:\/\/vieassociative.be\/actualites\/blog-en-direct-de-levenement-apple-de-mars-macbook-neo-iphone-17e-mac-m5-et-plus\/#primaryimage"},"thumbnailUrl":"https:\/\/vieassociative.be\/actualites\/wp-content\/uploads\/2026\/03\/Blog-en-direct-de-levenement-Apple-de-mars-MacBook-Neo.jpg","datePublished":"2026-03-04T08:18:00+00:00","dateModified":"2026-03-04T08:18:00+00:00","breadcrumb":{"@id":"https:\/\/vieassociative.be\/actualites\/blog-en-direct-de-levenement-apple-de-mars-macbook-neo-iphone-17e-mac-m5-et-plus\/#breadcrumb"},"inLanguage":"fr-BE","potentialAction":[{"@type":"ReadAction","target":["https:\/\/vieassociative.be\/actualites\/blog-en-direct-de-levenement-apple-de-mars-macbook-neo-iphone-17e-mac-m5-et-plus\/"]}]},{"@type":"ImageObject","inLanguage":"fr-BE","@id":"https:\/\/vieassociative.be\/actualites\/blog-en-direct-de-levenement-apple-de-mars-macbook-neo-iphone-17e-mac-m5-et-plus\/#primaryimage","url":"https:\/\/vieassociative.be\/actualites\/wp-content\/uploads\/2026\/03\/Blog-en-direct-de-levenement-Apple-de-mars-MacBook-Neo.jpg","contentUrl":"https:\/\/vieassociative.be\/actualites\/wp-content\/uploads\/2026\/03\/Blog-en-direct-de-levenement-Apple-de-mars-MacBook-Neo.jpg","width":1200,"height":675,"caption":"Blog en direct de l'\u00e9v\u00e9nement Apple de mars\u00a0: MacBook Neo, iPhone 17e, Mac M5 et plus"},{"@type":"BreadcrumbList","@id":"https:\/\/vieassociative.be\/actualites\/blog-en-direct-de-levenement-apple-de-mars-macbook-neo-iphone-17e-mac-m5-et-plus\/#breadcrumb","itemListElement":[{"@type":"ListItem","position":1,"name":"Accueil","item":"https:\/\/vieassociative.be\/actualites\/"},{"@type":"ListItem","position":2,"name":"Blog en direct de l&rsquo;\u00e9v\u00e9nement Apple de mars\u00a0: MacBook Neo, iPhone 17e, Mac M5 et plus"}]},{"@type":"WebSite","@id":"https:\/\/vieassociative.be\/actualites\/#website","url":"https:\/\/vieassociative.be\/actualites\/","name":"Vie Associative","description":"","publisher":{"@id":"https:\/\/vieassociative.be\/actualites\/#organization"},"potentialAction":[{"@type":"SearchAction","target":{"@type":"EntryPoint","urlTemplate":"https:\/\/vieassociative.be\/actualites\/?s={search_term_string}"},"query-input":{"@type":"PropertyValueSpecification","valueRequired":true,"valueName":"search_term_string"}}],"inLanguage":"fr-BE"},{"@type":"Organization","@id":"https:\/\/vieassociative.be\/actualites\/#organization","name":"Vie Associative","url":"https:\/\/vieassociative.be\/actualites\/","logo":{"@type":"ImageObject","inLanguage":"fr-BE","@id":"https:\/\/vieassociative.be\/actualites\/#\/schema\/logo\/image\/","url":"https:\/\/vieassociative.be\/actualites\/wp-content\/uploads\/2024\/09\/cropped-vieassociative_favicon.ico.png","contentUrl":"https:\/\/vieassociative.be\/actualites\/wp-content\/uploads\/2024\/09\/cropped-vieassociative_favicon.ico.png","width":512,"height":512,"caption":"Vie Associative"},"image":{"@id":"https:\/\/vieassociative.be\/actualites\/#\/schema\/logo\/image\/"}},{"@type":"Person","@id":"https:\/\/vieassociative.be\/actualites\/#\/schema\/person\/b87ac4f82f9d4e7b7cec7395b679edc4","name":"Julien","image":{"@type":"ImageObject","inLanguage":"fr-BE","@id":"https:\/\/vieassociative.be\/actualites\/#\/schema\/person\/image\/","url":"https:\/\/vieassociative.be\/actualites\/wp-content\/uploads\/2024\/09\/vie-associative-1-150x150.jpg","contentUrl":"https:\/\/vieassociative.be\/actualites\/wp-content\/uploads\/2024\/09\/vie-associative-1-150x150.jpg","caption":"Julien"},"description":"Je suis Julien, r\u00e9dacteur pour Vie Associative. Passionn\u00e9 par le monde associatif depuis plus de 10 ans, j'ai \u00e0 c\u0153ur de partager des histoires inspirantes et de mettre en lumi\u00e8re les initiatives locales. Mon objectif est de sensibiliser et d'encourager l'engagement communautaire \u00e0 travers mes articles.","sameAs":["https:\/\/vieassociative.be\/"]}]}},"_links":{"self":[{"href":"https:\/\/vieassociative.be\/actualites\/wp-json\/wp\/v2\/posts\/12889"}],"collection":[{"href":"https:\/\/vieassociative.be\/actualites\/wp-json\/wp\/v2\/posts"}],"about":[{"href":"https:\/\/vieassociative.be\/actualites\/wp-json\/wp\/v2\/types\/post"}],"author":[{"embeddable":true,"href":"https:\/\/vieassociative.be\/actualites\/wp-json\/wp\/v2\/users\/1"}],"replies":[{"embeddable":true,"href":"https:\/\/vieassociative.be\/actualites\/wp-json\/wp\/v2\/comments?post=12889"}],"version-history":[{"count":0,"href":"https:\/\/vieassociative.be\/actualites\/wp-json\/wp\/v2\/posts\/12889\/revisions"}],"wp:featuredmedia":[{"embeddable":true,"href":"https:\/\/vieassociative.be\/actualites\/wp-json\/wp\/v2\/media\/12890"}],"wp:attachment":[{"href":"https:\/\/vieassociative.be\/actualites\/wp-json\/wp\/v2\/media?parent=12889"}],"wp:term":[{"taxonomy":"category","embeddable":true,"href":"https:\/\/vieassociative.be\/actualites\/wp-json\/wp\/v2\/categories?post=12889"},{"taxonomy":"post_tag","embeddable":true,"href":"https:\/\/vieassociative.be\/actualites\/wp-json\/wp\/v2\/tags?post=12889"}],"curies":[{"name":"wp","href":"https:\/\/api.w.org\/{rel}","templated":true}]}}