{"id":12887,"date":"2026-03-04T04:18:45","date_gmt":"2026-03-04T03:18:45","guid":{"rendered":"https:\/\/vieassociative.be\/actualites\/le-cycliste-professionnel-laurenz-rex-deuxieme-de-la-course-samyn-classic\/"},"modified":"2026-03-04T04:18:45","modified_gmt":"2026-03-04T03:18:45","slug":"le-cycliste-professionnel-laurenz-rex-deuxieme-de-la-course-samyn-classic","status":"publish","type":"post","link":"https:\/\/vieassociative.be\/actualites\/le-cycliste-professionnel-laurenz-rex-deuxieme-de-la-course-samyn-classic\/","title":{"rendered":"Le cycliste professionnel Laurenz Rex deuxi\u00e8me de la course Samyn Classic"},"content":{"rendered":"<p><strong>Apr\u00e8s la sixi\u00e8me place dimanche \u00e0 Kuurne-Bruxelles-Kuurne, le cycliste professionnel Laurenz Rex de Raeren a pris la deuxi\u00e8me place de la course Samyn Classic mardi. Rex a remport\u00e9 cette course il y a deux ans et le polyvalent Mathieu van der Poel a gagn\u00e9 en 2025.<\/strong><\/p>\n<p><span id=\"more-437345\"><\/span>Jordi Meeus (Red Bull-Bora-Hansgrohe) a \u00e9t\u00e9 r\u00e9compens\u00e9 de sa r\u00e9gularit\u00e9 par une victoire dans le Grand Prix Samyn. Pendant longtemps, on a cru que Per Strand Hagenes (Visma-Lease a Bike) allait laisser le peloton derri\u00e8re lui, mais dans les derniers m\u00e8tres, le Norv\u00e9gien s&rsquo;est essouffl\u00e9.<\/p>\n<div id=\"attachment_381886\" class=\"wp-caption alignleft\" style=\"max-width: 300px\"><img fetchpriority=\"high\" decoding=\"async\" class=\"wp-image-381886 size-medium\" src=\"https:\/\/vieassociative.be\/actualites\/wp-content\/uploads\/2025\/04\/Impressionnant-retour-de-Remco-Evenepoel-Lors-de-sa-premiere-course.jpg\" alt=\"\" width=\"300\" height=\"200\"><\/div>\n<p>La malchance continue de hanter Wout van Aert, rest\u00e9 en t\u00eate du peloton lors de la finale de la course d&rsquo;une journ\u00e9e de 205 km entre Quaregnon et Dour dans la province du Hainaut, attendant sa chance et prot\u00e9geant parfaitement la fuite en solitaire de son \u00e9quipier norv\u00e9gien Hagenes.<\/p>\n<p>Tout indiquait que van Aert tenterait une attaque sur la derni\u00e8re section pav\u00e9e de la piste ou au moins interf\u00e9rerait dans le sprint final contre Jordi Meeus, qui s&rsquo;est impos\u00e9 devant Laurenz Rex et Hugo Hofstetter.<\/p>\n<p>Mais ensuite, une crevaison s&rsquo;est produite \u00e0 12 kilom\u00e8tres de l&rsquo;arriv\u00e9e. Rapidement renflou\u00e9 par son \u00e9quipier italien Pietro Mattio, qui lui a confi\u00e9 son v\u00e9lo, van Aert s&rsquo;est arr\u00eat\u00e9 une seconde fois un peu plus loin pour r\u00e9cup\u00e9rer un v\u00e9lo \u00e0 sa taille et a termin\u00e9 la course \u00e0 deux minutes du peloton. (cr\u00e9er)<\/p>\n","protected":false},"excerpt":{"rendered":"<p>Apr\u00e8s la sixi\u00e8me place dimanche \u00e0 Kuurne-Bruxelles-Kuurne, le cycliste professionnel Laurenz Rex de Raeren a pris la deuxi\u00e8me place de la course Samyn Classic mardi.<\/p>\n","protected":false},"author":1,"featured_media":12888,"comment_status":"","ping_status":"","sticky":false,"template":"","format":"standard","meta":{"footnotes":""},"categories":[298],"tags":[4368,6884,2525,6368,1441,6369,10154],"class_list":["post-12887","post","type-post","status-publish","format-standard","has-post-thumbnail","hentry","category-belgique","tag-classic","tag-cycliste","tag-deuxieme","tag-laurenz","tag-professionnel","tag-rex","tag-samyn","generate-columns","tablet-grid-50","mobile-grid-100","grid-parent","grid-33"],"yoast_head":"<!-- This site is optimized with the Yoast SEO plugin v24.0 - https:\/\/yoast.com\/wordpress\/plugins\/seo\/ -->\n<title>Le cycliste professionnel Laurenz Rex deuxi\u00e8me de la course Samyn Classic | Vie Associative<\/title>\n<meta name=\"robots\" content=\"index, follow, max-snippet:-1, max-image-preview:large, max-video-preview:-1\" \/>\n<link rel=\"canonical\" href=\"https:\/\/vieassociative.be\/actualites\/le-cycliste-professionnel-laurenz-rex-deuxieme-de-la-course-samyn-classic\/\" \/>\n<meta property=\"og:locale\" content=\"fr_FR\" \/>\n<meta property=\"og:type\" content=\"article\" \/>\n<meta property=\"og:title\" content=\"Le cycliste professionnel Laurenz Rex deuxi\u00e8me de la course Samyn Classic | Vie Associative\" \/>\n<meta property=\"og:description\" content=\"Apr\u00e8s la sixi\u00e8me place dimanche \u00e0 Kuurne-Bruxelles-Kuurne, le cycliste professionnel Laurenz Rex de Raeren a pris la deuxi\u00e8me place de la course Samyn Classic mardi.\" \/>\n<meta property=\"og:url\" content=\"https:\/\/vieassociative.be\/actualites\/le-cycliste-professionnel-laurenz-rex-deuxieme-de-la-course-samyn-classic\/\" \/>\n<meta property=\"og:site_name\" content=\"Vie Associative\" \/>\n<meta property=\"article:published_time\" content=\"2026-03-04T03:18:45+00:00\" \/>\n<meta property=\"og:image\" content=\"https:\/\/vieassociative.be\/actualites\/wp-content\/uploads\/2024\/09\/header_backgroundk-01-e1726694325946.png\" \/>\n\t<meta property=\"og:image:width\" content=\"279\" \/>\n\t<meta property=\"og:image:height\" content=\"92\" \/>\n\t<meta property=\"og:image:type\" content=\"image\/png\" \/>\n<meta name=\"author\" content=\"Julien\" \/>\n<meta name=\"twitter:card\" content=\"summary_large_image\" \/>\n<meta name=\"twitter:label1\" content=\"\u00c9crit par\" \/>\n\t<meta name=\"twitter:data1\" content=\"Julien\" \/>\n\t<meta name=\"twitter:label2\" content=\"Dur\u00e9e de lecture est.\" \/>\n\t<meta name=\"twitter:data2\" content=\"1 minute\" \/>\n<script type=\"application\/ld+json\" class=\"yoast-schema-graph\">{\"@context\":\"https:\/\/schema.org\",\"@graph\":[{\"@type\":\"Article\",\"@id\":\"https:\/\/vieassociative.be\/actualites\/le-cycliste-professionnel-laurenz-rex-deuxieme-de-la-course-samyn-classic\/#article\",\"isPartOf\":{\"@id\":\"https:\/\/vieassociative.be\/actualites\/le-cycliste-professionnel-laurenz-rex-deuxieme-de-la-course-samyn-classic\/\"},\"author\":{\"name\":\"Julien\",\"@id\":\"https:\/\/vieassociative.be\/actualites\/#\/schema\/person\/b87ac4f82f9d4e7b7cec7395b679edc4\"},\"headline\":\"Le cycliste professionnel Laurenz Rex deuxi\u00e8me de la course Samyn Classic\",\"datePublished\":\"2026-03-04T03:18:45+00:00\",\"dateModified\":\"2026-03-04T03:18:45+00:00\",\"mainEntityOfPage\":{\"@id\":\"https:\/\/vieassociative.be\/actualites\/le-cycliste-professionnel-laurenz-rex-deuxieme-de-la-course-samyn-classic\/\"},\"wordCount\":264,\"publisher\":{\"@id\":\"https:\/\/vieassociative.be\/actualites\/#organization\"},\"image\":{\"@id\":\"https:\/\/vieassociative.be\/actualites\/le-cycliste-professionnel-laurenz-rex-deuxieme-de-la-course-samyn-classic\/#primaryimage\"},\"thumbnailUrl\":\"https:\/\/vieassociative.be\/actualites\/wp-content\/uploads\/2026\/03\/Le-cycliste-professionnel-Laurenz-Rex-deuxieme-de-la-course-Samyn.jpg\",\"keywords\":[\"Classic\",\"cycliste\",\"deuxi\u00e8me\",\"Laurenz\",\"professionnel\",\"Rex\",\"Samyn\"],\"articleSection\":[\"Belgique\"],\"inLanguage\":\"fr-BE\"},{\"@type\":\"WebPage\",\"@id\":\"https:\/\/vieassociative.be\/actualites\/le-cycliste-professionnel-laurenz-rex-deuxieme-de-la-course-samyn-classic\/\",\"url\":\"https:\/\/vieassociative.be\/actualites\/le-cycliste-professionnel-laurenz-rex-deuxieme-de-la-course-samyn-classic\/\",\"name\":\"Le cycliste professionnel Laurenz Rex deuxi\u00e8me de la course Samyn Classic | Vie Associative\",\"isPartOf\":{\"@id\":\"https:\/\/vieassociative.be\/actualites\/#website\"},\"primaryImageOfPage\":{\"@id\":\"https:\/\/vieassociative.be\/actualites\/le-cycliste-professionnel-laurenz-rex-deuxieme-de-la-course-samyn-classic\/#primaryimage\"},\"image\":{\"@id\":\"https:\/\/vieassociative.be\/actualites\/le-cycliste-professionnel-laurenz-rex-deuxieme-de-la-course-samyn-classic\/#primaryimage\"},\"thumbnailUrl\":\"https:\/\/vieassociative.be\/actualites\/wp-content\/uploads\/2026\/03\/Le-cycliste-professionnel-Laurenz-Rex-deuxieme-de-la-course-Samyn.jpg\",\"datePublished\":\"2026-03-04T03:18:45+00:00\",\"dateModified\":\"2026-03-04T03:18:45+00:00\",\"breadcrumb\":{\"@id\":\"https:\/\/vieassociative.be\/actualites\/le-cycliste-professionnel-laurenz-rex-deuxieme-de-la-course-samyn-classic\/#breadcrumb\"},\"inLanguage\":\"fr-BE\",\"potentialAction\":[{\"@type\":\"ReadAction\",\"target\":[\"https:\/\/vieassociative.be\/actualites\/le-cycliste-professionnel-laurenz-rex-deuxieme-de-la-course-samyn-classic\/\"]}]},{\"@type\":\"ImageObject\",\"inLanguage\":\"fr-BE\",\"@id\":\"https:\/\/vieassociative.be\/actualites\/le-cycliste-professionnel-laurenz-rex-deuxieme-de-la-course-samyn-classic\/#primaryimage\",\"url\":\"https:\/\/vieassociative.be\/actualites\/wp-content\/uploads\/2026\/03\/Le-cycliste-professionnel-Laurenz-Rex-deuxieme-de-la-course-Samyn.jpg\",\"contentUrl\":\"https:\/\/vieassociative.be\/actualites\/wp-content\/uploads\/2026\/03\/Le-cycliste-professionnel-Laurenz-Rex-deuxieme-de-la-course-Samyn.jpg\",\"width\":1200,\"height\":800,\"caption\":\"Le cycliste professionnel Laurenz Rex deuxi\u00e8me de la course Samyn Classic\"},{\"@type\":\"BreadcrumbList\",\"@id\":\"https:\/\/vieassociative.be\/actualites\/le-cycliste-professionnel-laurenz-rex-deuxieme-de-la-course-samyn-classic\/#breadcrumb\",\"itemListElement\":[{\"@type\":\"ListItem\",\"position\":1,\"name\":\"Accueil\",\"item\":\"https:\/\/vieassociative.be\/actualites\/\"},{\"@type\":\"ListItem\",\"position\":2,\"name\":\"Le cycliste professionnel Laurenz Rex deuxi\u00e8me de la course Samyn Classic\"}]},{\"@type\":\"WebSite\",\"@id\":\"https:\/\/vieassociative.be\/actualites\/#website\",\"url\":\"https:\/\/vieassociative.be\/actualites\/\",\"name\":\"Vie Associative\",\"description\":\"\",\"publisher\":{\"@id\":\"https:\/\/vieassociative.be\/actualites\/#organization\"},\"potentialAction\":[{\"@type\":\"SearchAction\",\"target\":{\"@type\":\"EntryPoint\",\"urlTemplate\":\"https:\/\/vieassociative.be\/actualites\/?s={search_term_string}\"},\"query-input\":{\"@type\":\"PropertyValueSpecification\",\"valueRequired\":true,\"valueName\":\"search_term_string\"}}],\"inLanguage\":\"fr-BE\"},{\"@type\":\"Organization\",\"@id\":\"https:\/\/vieassociative.be\/actualites\/#organization\",\"name\":\"Vie Associative\",\"url\":\"https:\/\/vieassociative.be\/actualites\/\",\"logo\":{\"@type\":\"ImageObject\",\"inLanguage\":\"fr-BE\",\"@id\":\"https:\/\/vieassociative.be\/actualites\/#\/schema\/logo\/image\/\",\"url\":\"https:\/\/vieassociative.be\/actualites\/wp-content\/uploads\/2024\/09\/cropped-vieassociative_favicon.ico.png\",\"contentUrl\":\"https:\/\/vieassociative.be\/actualites\/wp-content\/uploads\/2024\/09\/cropped-vieassociative_favicon.ico.png\",\"width\":512,\"height\":512,\"caption\":\"Vie Associative\"},\"image\":{\"@id\":\"https:\/\/vieassociative.be\/actualites\/#\/schema\/logo\/image\/\"}},{\"@type\":\"Person\",\"@id\":\"https:\/\/vieassociative.be\/actualites\/#\/schema\/person\/b87ac4f82f9d4e7b7cec7395b679edc4\",\"name\":\"Julien\",\"image\":{\"@type\":\"ImageObject\",\"inLanguage\":\"fr-BE\",\"@id\":\"https:\/\/vieassociative.be\/actualites\/#\/schema\/person\/image\/\",\"url\":\"https:\/\/vieassociative.be\/actualites\/wp-content\/uploads\/2024\/09\/vie-associative-1-150x150.jpg\",\"contentUrl\":\"https:\/\/vieassociative.be\/actualites\/wp-content\/uploads\/2024\/09\/vie-associative-1-150x150.jpg\",\"caption\":\"Julien\"},\"description\":\"Je suis Julien, r\u00e9dacteur pour Vie Associative. Passionn\u00e9 par le monde associatif depuis plus de 10 ans, j'ai \u00e0 c\u0153ur de partager des histoires inspirantes et de mettre en lumi\u00e8re les initiatives locales. Mon objectif est de sensibiliser et d'encourager l'engagement communautaire \u00e0 travers mes articles.\",\"sameAs\":[\"https:\/\/vieassociative.be\/\"]}]}<\/script>\n<!-- \/ Yoast SEO plugin. -->","yoast_head_json":{"title":"Le cycliste professionnel Laurenz Rex deuxi\u00e8me de la course Samyn Classic | Vie Associative","robots":{"index":"index","follow":"follow","max-snippet":"max-snippet:-1","max-image-preview":"max-image-preview:large","max-video-preview":"max-video-preview:-1"},"canonical":"https:\/\/vieassociative.be\/actualites\/le-cycliste-professionnel-laurenz-rex-deuxieme-de-la-course-samyn-classic\/","og_locale":"fr_FR","og_type":"article","og_title":"Le cycliste professionnel Laurenz Rex deuxi\u00e8me de la course Samyn Classic | Vie Associative","og_description":"Apr\u00e8s la sixi\u00e8me place dimanche \u00e0 Kuurne-Bruxelles-Kuurne, le cycliste professionnel Laurenz Rex de Raeren a pris la deuxi\u00e8me place de la course Samyn Classic mardi.","og_url":"https:\/\/vieassociative.be\/actualites\/le-cycliste-professionnel-laurenz-rex-deuxieme-de-la-course-samyn-classic\/","og_site_name":"Vie Associative","article_published_time":"2026-03-04T03:18:45+00:00","og_image":[{"width":279,"height":92,"url":"https:\/\/vieassociative.be\/actualites\/wp-content\/uploads\/2024\/09\/header_backgroundk-01-e1726694325946.png","type":"image\/png"}],"author":"Julien","twitter_card":"summary_large_image","twitter_misc":{"\u00c9crit par":"Julien","Dur\u00e9e de lecture est.":"1 minute"},"schema":{"@context":"https:\/\/schema.org","@graph":[{"@type":"Article","@id":"https:\/\/vieassociative.be\/actualites\/le-cycliste-professionnel-laurenz-rex-deuxieme-de-la-course-samyn-classic\/#article","isPartOf":{"@id":"https:\/\/vieassociative.be\/actualites\/le-cycliste-professionnel-laurenz-rex-deuxieme-de-la-course-samyn-classic\/"},"author":{"name":"Julien","@id":"https:\/\/vieassociative.be\/actualites\/#\/schema\/person\/b87ac4f82f9d4e7b7cec7395b679edc4"},"headline":"Le cycliste professionnel Laurenz Rex deuxi\u00e8me de la course Samyn Classic","datePublished":"2026-03-04T03:18:45+00:00","dateModified":"2026-03-04T03:18:45+00:00","mainEntityOfPage":{"@id":"https:\/\/vieassociative.be\/actualites\/le-cycliste-professionnel-laurenz-rex-deuxieme-de-la-course-samyn-classic\/"},"wordCount":264,"publisher":{"@id":"https:\/\/vieassociative.be\/actualites\/#organization"},"image":{"@id":"https:\/\/vieassociative.be\/actualites\/le-cycliste-professionnel-laurenz-rex-deuxieme-de-la-course-samyn-classic\/#primaryimage"},"thumbnailUrl":"https:\/\/vieassociative.be\/actualites\/wp-content\/uploads\/2026\/03\/Le-cycliste-professionnel-Laurenz-Rex-deuxieme-de-la-course-Samyn.jpg","keywords":["Classic","cycliste","deuxi\u00e8me","Laurenz","professionnel","Rex","Samyn"],"articleSection":["Belgique"],"inLanguage":"fr-BE"},{"@type":"WebPage","@id":"https:\/\/vieassociative.be\/actualites\/le-cycliste-professionnel-laurenz-rex-deuxieme-de-la-course-samyn-classic\/","url":"https:\/\/vieassociative.be\/actualites\/le-cycliste-professionnel-laurenz-rex-deuxieme-de-la-course-samyn-classic\/","name":"Le cycliste professionnel Laurenz Rex deuxi\u00e8me de la course Samyn Classic | Vie Associative","isPartOf":{"@id":"https:\/\/vieassociative.be\/actualites\/#website"},"primaryImageOfPage":{"@id":"https:\/\/vieassociative.be\/actualites\/le-cycliste-professionnel-laurenz-rex-deuxieme-de-la-course-samyn-classic\/#primaryimage"},"image":{"@id":"https:\/\/vieassociative.be\/actualites\/le-cycliste-professionnel-laurenz-rex-deuxieme-de-la-course-samyn-classic\/#primaryimage"},"thumbnailUrl":"https:\/\/vieassociative.be\/actualites\/wp-content\/uploads\/2026\/03\/Le-cycliste-professionnel-Laurenz-Rex-deuxieme-de-la-course-Samyn.jpg","datePublished":"2026-03-04T03:18:45+00:00","dateModified":"2026-03-04T03:18:45+00:00","breadcrumb":{"@id":"https:\/\/vieassociative.be\/actualites\/le-cycliste-professionnel-laurenz-rex-deuxieme-de-la-course-samyn-classic\/#breadcrumb"},"inLanguage":"fr-BE","potentialAction":[{"@type":"ReadAction","target":["https:\/\/vieassociative.be\/actualites\/le-cycliste-professionnel-laurenz-rex-deuxieme-de-la-course-samyn-classic\/"]}]},{"@type":"ImageObject","inLanguage":"fr-BE","@id":"https:\/\/vieassociative.be\/actualites\/le-cycliste-professionnel-laurenz-rex-deuxieme-de-la-course-samyn-classic\/#primaryimage","url":"https:\/\/vieassociative.be\/actualites\/wp-content\/uploads\/2026\/03\/Le-cycliste-professionnel-Laurenz-Rex-deuxieme-de-la-course-Samyn.jpg","contentUrl":"https:\/\/vieassociative.be\/actualites\/wp-content\/uploads\/2026\/03\/Le-cycliste-professionnel-Laurenz-Rex-deuxieme-de-la-course-Samyn.jpg","width":1200,"height":800,"caption":"Le cycliste professionnel Laurenz Rex deuxi\u00e8me de la course Samyn Classic"},{"@type":"BreadcrumbList","@id":"https:\/\/vieassociative.be\/actualites\/le-cycliste-professionnel-laurenz-rex-deuxieme-de-la-course-samyn-classic\/#breadcrumb","itemListElement":[{"@type":"ListItem","position":1,"name":"Accueil","item":"https:\/\/vieassociative.be\/actualites\/"},{"@type":"ListItem","position":2,"name":"Le cycliste professionnel Laurenz Rex deuxi\u00e8me de la course Samyn Classic"}]},{"@type":"WebSite","@id":"https:\/\/vieassociative.be\/actualites\/#website","url":"https:\/\/vieassociative.be\/actualites\/","name":"Vie Associative","description":"","publisher":{"@id":"https:\/\/vieassociative.be\/actualites\/#organization"},"potentialAction":[{"@type":"SearchAction","target":{"@type":"EntryPoint","urlTemplate":"https:\/\/vieassociative.be\/actualites\/?s={search_term_string}"},"query-input":{"@type":"PropertyValueSpecification","valueRequired":true,"valueName":"search_term_string"}}],"inLanguage":"fr-BE"},{"@type":"Organization","@id":"https:\/\/vieassociative.be\/actualites\/#organization","name":"Vie Associative","url":"https:\/\/vieassociative.be\/actualites\/","logo":{"@type":"ImageObject","inLanguage":"fr-BE","@id":"https:\/\/vieassociative.be\/actualites\/#\/schema\/logo\/image\/","url":"https:\/\/vieassociative.be\/actualites\/wp-content\/uploads\/2024\/09\/cropped-vieassociative_favicon.ico.png","contentUrl":"https:\/\/vieassociative.be\/actualites\/wp-content\/uploads\/2024\/09\/cropped-vieassociative_favicon.ico.png","width":512,"height":512,"caption":"Vie Associative"},"image":{"@id":"https:\/\/vieassociative.be\/actualites\/#\/schema\/logo\/image\/"}},{"@type":"Person","@id":"https:\/\/vieassociative.be\/actualites\/#\/schema\/person\/b87ac4f82f9d4e7b7cec7395b679edc4","name":"Julien","image":{"@type":"ImageObject","inLanguage":"fr-BE","@id":"https:\/\/vieassociative.be\/actualites\/#\/schema\/person\/image\/","url":"https:\/\/vieassociative.be\/actualites\/wp-content\/uploads\/2024\/09\/vie-associative-1-150x150.jpg","contentUrl":"https:\/\/vieassociative.be\/actualites\/wp-content\/uploads\/2024\/09\/vie-associative-1-150x150.jpg","caption":"Julien"},"description":"Je suis Julien, r\u00e9dacteur pour Vie Associative. Passionn\u00e9 par le monde associatif depuis plus de 10 ans, j'ai \u00e0 c\u0153ur de partager des histoires inspirantes et de mettre en lumi\u00e8re les initiatives locales. Mon objectif est de sensibiliser et d'encourager l'engagement communautaire \u00e0 travers mes articles.","sameAs":["https:\/\/vieassociative.be\/"]}]}},"_links":{"self":[{"href":"https:\/\/vieassociative.be\/actualites\/wp-json\/wp\/v2\/posts\/12887"}],"collection":[{"href":"https:\/\/vieassociative.be\/actualites\/wp-json\/wp\/v2\/posts"}],"about":[{"href":"https:\/\/vieassociative.be\/actualites\/wp-json\/wp\/v2\/types\/post"}],"author":[{"embeddable":true,"href":"https:\/\/vieassociative.be\/actualites\/wp-json\/wp\/v2\/users\/1"}],"replies":[{"embeddable":true,"href":"https:\/\/vieassociative.be\/actualites\/wp-json\/wp\/v2\/comments?post=12887"}],"version-history":[{"count":0,"href":"https:\/\/vieassociative.be\/actualites\/wp-json\/wp\/v2\/posts\/12887\/revisions"}],"wp:featuredmedia":[{"embeddable":true,"href":"https:\/\/vieassociative.be\/actualites\/wp-json\/wp\/v2\/media\/12888"}],"wp:attachment":[{"href":"https:\/\/vieassociative.be\/actualites\/wp-json\/wp\/v2\/media?parent=12887"}],"wp:term":[{"taxonomy":"category","embeddable":true,"href":"https:\/\/vieassociative.be\/actualites\/wp-json\/wp\/v2\/categories?post=12887"},{"taxonomy":"post_tag","embeddable":true,"href":"https:\/\/vieassociative.be\/actualites\/wp-json\/wp\/v2\/tags?post=12887"}],"curies":[{"name":"wp","href":"https:\/\/api.w.org\/{rel}","templated":true}]}}