{"id":12885,"date":"2026-03-04T03:18:09","date_gmt":"2026-03-04T02:18:09","guid":{"rendered":"https:\/\/vieassociative.be\/actualites\/vous-pouvez-desormais-personnaliser-votre-carte-dappel-sur-android\/"},"modified":"2026-03-04T03:18:09","modified_gmt":"2026-03-04T02:18:09","slug":"vous-pouvez-desormais-personnaliser-votre-carte-dappel-sur-android","status":"publish","type":"post","link":"https:\/\/vieassociative.be\/actualites\/vous-pouvez-desormais-personnaliser-votre-carte-dappel-sur-android\/","title":{"rendered":"Vous pouvez d\u00e9sormais personnaliser votre carte d&rsquo;appel sur Android"},"content":{"rendered":"<p>Si vous \u00eates un utilisateur Android, vous pouvez d\u00e9sormais d\u00e9finir ce qui appara\u00eet sur l&rsquo;identification de l&rsquo;appelant de vos contacts lorsque vous passez des appels dans l&rsquo;application Google Phone. La fonctionnalit\u00e9 Cartes d&rsquo;appel fait l&rsquo;objet d&rsquo;une mise \u00e0 niveau qui la rend plus conforme \u00e0 l&rsquo;affiche de contact personnalisable d&rsquo;Apple sur iOS. <\/p>\n<h2 id=\"googles-calling-cards-update\">Mise \u00e0 jour des cartes d&rsquo;appel de Google<\/h2>\n<p>Google a introduit pour la premi\u00e8re fois les cartes d&rsquo;appel pour l&rsquo;application Google Phone l&rsquo;ann\u00e9e derni\u00e8re, qui permettaient aux utilisateurs de cr\u00e9er manuellement des cartes d&rsquo;appel en plein \u00e9cran pour des contacts individuels avec des photos et du texte personnalisable. La fonctionnalit\u00e9 a \u00e9t\u00e9 con\u00e7ue \u00e0 l&rsquo;origine pour que ces cartes apparaissent sur <em>ton<\/em> appareil lorsque des contacts vous appellent, mais il ne vous permet pas de cr\u00e9er votre propre carte \u00e0 diffuser lorsque vous appelez d&rsquo;autres utilisateurs. <\/p>\n<p>Vous pourrez d\u00e9sormais s\u00e9lectionner une photo et ajouter du texte avec des polices et des couleurs de police personnalisables pour votre propre carte de visite personnelle. Les destinataires verront votre carte lorsque vous les appellerez et vous pourrez choisir d&rsquo;envoyer votre carte d&rsquo;appel \u00e0 tout le monde ou uniquement \u00e0 ceux de vos contacts. <\/p>\n<p>Une fois la mise \u00e0 jour d\u00e9ploy\u00e9e sur votre appareil, vous devriez voir une fen\u00eatre contextuelle sur l&rsquo;onglet Accueil de Google Phone vous invitant \u00e0 \u00ab\u00a0Cr\u00e9er votre carte d&rsquo;appel\u00a0\u00bb. Robinet <strong>Commencer<\/strong> pour associer votre compte Google. Vous pourrez ensuite s\u00e9lectionner une photo et ajouter du texte ainsi qu&rsquo;indiquer qui recevra votre carte de visite. Notez que vous pouvez toujours modifier ou supprimer votre carte de visite personnalis\u00e9e sous <strong>Param\u00e8tres > Carte d&rsquo;appel<\/strong>. <\/p>\n<p>Encore une fois, les utilisateurs Apple ont pu envoyer une carte de visite personnalis\u00e9e \u00e0 d&rsquo;autres utilisateurs d&rsquo;iPhone depuis le lancement d&rsquo;iOS 17. La fonction Contact Poster propose encore plus d&rsquo;options de conception, notamment des photos, des m\u00e9mojis et des monogrammes, ainsi que du texte et des arri\u00e8re-plans personnalisables. <\/p>\n","protected":false},"excerpt":{"rendered":"<p>Si vous \u00eates un utilisateur Android, vous pouvez d\u00e9sormais d\u00e9finir ce qui appara\u00eet sur l&rsquo;identification de l&rsquo;appelant de vos contacts lorsque vous passez des appels<\/p>\n","protected":false},"author":1,"featured_media":12886,"comment_status":"","ping_status":"","sticky":false,"template":"","format":"standard","meta":{"footnotes":""},"categories":[1],"tags":[946,3055,5621,6,281,5,33,8,4],"class_list":["post-12885","post","type-post","status-publish","format-standard","has-post-thumbnail","hentry","category-non-classe","tag-android","tag-carte","tag-dappel","tag-desormais","tag-personnaliser","tag-pouvez","tag-sur","tag-votre","tag-vous","generate-columns","tablet-grid-50","mobile-grid-100","grid-parent","grid-33"],"yoast_head":"<!-- This site is optimized with the Yoast SEO plugin v24.0 - https:\/\/yoast.com\/wordpress\/plugins\/seo\/ -->\n<title>Vous pouvez d\u00e9sormais personnaliser votre carte d&#039;appel sur Android | Vie Associative<\/title>\n<meta name=\"robots\" content=\"index, follow, max-snippet:-1, max-image-preview:large, max-video-preview:-1\" \/>\n<link rel=\"canonical\" href=\"https:\/\/vieassociative.be\/actualites\/vous-pouvez-desormais-personnaliser-votre-carte-dappel-sur-android\/\" \/>\n<meta property=\"og:locale\" content=\"fr_FR\" \/>\n<meta property=\"og:type\" content=\"article\" \/>\n<meta property=\"og:title\" content=\"Vous pouvez d\u00e9sormais personnaliser votre carte d&#039;appel sur Android | Vie Associative\" \/>\n<meta property=\"og:description\" content=\"Si vous \u00eates un utilisateur Android, vous pouvez d\u00e9sormais d\u00e9finir ce qui appara\u00eet sur l&rsquo;identification de l&rsquo;appelant de vos contacts lorsque vous passez des appels\" \/>\n<meta property=\"og:url\" content=\"https:\/\/vieassociative.be\/actualites\/vous-pouvez-desormais-personnaliser-votre-carte-dappel-sur-android\/\" \/>\n<meta property=\"og:site_name\" content=\"Vie Associative\" \/>\n<meta property=\"article:published_time\" content=\"2026-03-04T02:18:09+00:00\" \/>\n<meta property=\"og:image\" content=\"https:\/\/vieassociative.be\/actualites\/wp-content\/uploads\/2024\/09\/header_backgroundk-01-e1726694325946.png\" \/>\n\t<meta property=\"og:image:width\" content=\"279\" \/>\n\t<meta property=\"og:image:height\" content=\"92\" \/>\n\t<meta property=\"og:image:type\" content=\"image\/png\" \/>\n<meta name=\"author\" content=\"Julien\" \/>\n<meta name=\"twitter:card\" content=\"summary_large_image\" \/>\n<meta name=\"twitter:label1\" content=\"\u00c9crit par\" \/>\n\t<meta name=\"twitter:data1\" content=\"Julien\" \/>\n\t<meta name=\"twitter:label2\" content=\"Dur\u00e9e de lecture est.\" \/>\n\t<meta name=\"twitter:data2\" content=\"2 minutes\" \/>\n<script type=\"application\/ld+json\" class=\"yoast-schema-graph\">{\"@context\":\"https:\/\/schema.org\",\"@graph\":[{\"@type\":\"Article\",\"@id\":\"https:\/\/vieassociative.be\/actualites\/vous-pouvez-desormais-personnaliser-votre-carte-dappel-sur-android\/#article\",\"isPartOf\":{\"@id\":\"https:\/\/vieassociative.be\/actualites\/vous-pouvez-desormais-personnaliser-votre-carte-dappel-sur-android\/\"},\"author\":{\"name\":\"Julien\",\"@id\":\"https:\/\/vieassociative.be\/actualites\/#\/schema\/person\/b87ac4f82f9d4e7b7cec7395b679edc4\"},\"headline\":\"Vous pouvez d\u00e9sormais personnaliser votre carte d&rsquo;appel sur Android\",\"datePublished\":\"2026-03-04T02:18:09+00:00\",\"dateModified\":\"2026-03-04T02:18:09+00:00\",\"mainEntityOfPage\":{\"@id\":\"https:\/\/vieassociative.be\/actualites\/vous-pouvez-desormais-personnaliser-votre-carte-dappel-sur-android\/\"},\"wordCount\":358,\"publisher\":{\"@id\":\"https:\/\/vieassociative.be\/actualites\/#organization\"},\"image\":{\"@id\":\"https:\/\/vieassociative.be\/actualites\/vous-pouvez-desormais-personnaliser-votre-carte-dappel-sur-android\/#primaryimage\"},\"thumbnailUrl\":\"https:\/\/vieassociative.be\/actualites\/wp-content\/uploads\/2026\/03\/Vous-pouvez-desormais-personnaliser-votre-carte-dappel-sur-Android.png\",\"keywords\":[\"Android\",\"carte\",\"dappel\",\"d\u00e9sormais\",\"personnaliser\",\"pouvez\",\"sur\",\"votre\",\"Vous\"],\"inLanguage\":\"fr-BE\"},{\"@type\":\"WebPage\",\"@id\":\"https:\/\/vieassociative.be\/actualites\/vous-pouvez-desormais-personnaliser-votre-carte-dappel-sur-android\/\",\"url\":\"https:\/\/vieassociative.be\/actualites\/vous-pouvez-desormais-personnaliser-votre-carte-dappel-sur-android\/\",\"name\":\"Vous pouvez d\u00e9sormais personnaliser votre carte d'appel sur Android | Vie Associative\",\"isPartOf\":{\"@id\":\"https:\/\/vieassociative.be\/actualites\/#website\"},\"primaryImageOfPage\":{\"@id\":\"https:\/\/vieassociative.be\/actualites\/vous-pouvez-desormais-personnaliser-votre-carte-dappel-sur-android\/#primaryimage\"},\"image\":{\"@id\":\"https:\/\/vieassociative.be\/actualites\/vous-pouvez-desormais-personnaliser-votre-carte-dappel-sur-android\/#primaryimage\"},\"thumbnailUrl\":\"https:\/\/vieassociative.be\/actualites\/wp-content\/uploads\/2026\/03\/Vous-pouvez-desormais-personnaliser-votre-carte-dappel-sur-Android.png\",\"datePublished\":\"2026-03-04T02:18:09+00:00\",\"dateModified\":\"2026-03-04T02:18:09+00:00\",\"breadcrumb\":{\"@id\":\"https:\/\/vieassociative.be\/actualites\/vous-pouvez-desormais-personnaliser-votre-carte-dappel-sur-android\/#breadcrumb\"},\"inLanguage\":\"fr-BE\",\"potentialAction\":[{\"@type\":\"ReadAction\",\"target\":[\"https:\/\/vieassociative.be\/actualites\/vous-pouvez-desormais-personnaliser-votre-carte-dappel-sur-android\/\"]}]},{\"@type\":\"ImageObject\",\"inLanguage\":\"fr-BE\",\"@id\":\"https:\/\/vieassociative.be\/actualites\/vous-pouvez-desormais-personnaliser-votre-carte-dappel-sur-android\/#primaryimage\",\"url\":\"https:\/\/vieassociative.be\/actualites\/wp-content\/uploads\/2026\/03\/Vous-pouvez-desormais-personnaliser-votre-carte-dappel-sur-Android.png\",\"contentUrl\":\"https:\/\/vieassociative.be\/actualites\/wp-content\/uploads\/2026\/03\/Vous-pouvez-desormais-personnaliser-votre-carte-dappel-sur-Android.png\",\"width\":1200,\"height\":675,\"caption\":\"Vous pouvez d\u00e9sormais personnaliser votre carte d'appel sur Android\"},{\"@type\":\"BreadcrumbList\",\"@id\":\"https:\/\/vieassociative.be\/actualites\/vous-pouvez-desormais-personnaliser-votre-carte-dappel-sur-android\/#breadcrumb\",\"itemListElement\":[{\"@type\":\"ListItem\",\"position\":1,\"name\":\"Accueil\",\"item\":\"https:\/\/vieassociative.be\/actualites\/\"},{\"@type\":\"ListItem\",\"position\":2,\"name\":\"Vous pouvez d\u00e9sormais personnaliser votre carte d&rsquo;appel sur Android\"}]},{\"@type\":\"WebSite\",\"@id\":\"https:\/\/vieassociative.be\/actualites\/#website\",\"url\":\"https:\/\/vieassociative.be\/actualites\/\",\"name\":\"Vie Associative\",\"description\":\"\",\"publisher\":{\"@id\":\"https:\/\/vieassociative.be\/actualites\/#organization\"},\"potentialAction\":[{\"@type\":\"SearchAction\",\"target\":{\"@type\":\"EntryPoint\",\"urlTemplate\":\"https:\/\/vieassociative.be\/actualites\/?s={search_term_string}\"},\"query-input\":{\"@type\":\"PropertyValueSpecification\",\"valueRequired\":true,\"valueName\":\"search_term_string\"}}],\"inLanguage\":\"fr-BE\"},{\"@type\":\"Organization\",\"@id\":\"https:\/\/vieassociative.be\/actualites\/#organization\",\"name\":\"Vie Associative\",\"url\":\"https:\/\/vieassociative.be\/actualites\/\",\"logo\":{\"@type\":\"ImageObject\",\"inLanguage\":\"fr-BE\",\"@id\":\"https:\/\/vieassociative.be\/actualites\/#\/schema\/logo\/image\/\",\"url\":\"https:\/\/vieassociative.be\/actualites\/wp-content\/uploads\/2024\/09\/cropped-vieassociative_favicon.ico.png\",\"contentUrl\":\"https:\/\/vieassociative.be\/actualites\/wp-content\/uploads\/2024\/09\/cropped-vieassociative_favicon.ico.png\",\"width\":512,\"height\":512,\"caption\":\"Vie Associative\"},\"image\":{\"@id\":\"https:\/\/vieassociative.be\/actualites\/#\/schema\/logo\/image\/\"}},{\"@type\":\"Person\",\"@id\":\"https:\/\/vieassociative.be\/actualites\/#\/schema\/person\/b87ac4f82f9d4e7b7cec7395b679edc4\",\"name\":\"Julien\",\"image\":{\"@type\":\"ImageObject\",\"inLanguage\":\"fr-BE\",\"@id\":\"https:\/\/vieassociative.be\/actualites\/#\/schema\/person\/image\/\",\"url\":\"https:\/\/vieassociative.be\/actualites\/wp-content\/uploads\/2024\/09\/vie-associative-1-150x150.jpg\",\"contentUrl\":\"https:\/\/vieassociative.be\/actualites\/wp-content\/uploads\/2024\/09\/vie-associative-1-150x150.jpg\",\"caption\":\"Julien\"},\"description\":\"Je suis Julien, r\u00e9dacteur pour Vie Associative. Passionn\u00e9 par le monde associatif depuis plus de 10 ans, j'ai \u00e0 c\u0153ur de partager des histoires inspirantes et de mettre en lumi\u00e8re les initiatives locales. Mon objectif est de sensibiliser et d'encourager l'engagement communautaire \u00e0 travers mes articles.\",\"sameAs\":[\"https:\/\/vieassociative.be\/\"]}]}<\/script>\n<!-- \/ Yoast SEO plugin. -->","yoast_head_json":{"title":"Vous pouvez d\u00e9sormais personnaliser votre carte d'appel sur Android | Vie Associative","robots":{"index":"index","follow":"follow","max-snippet":"max-snippet:-1","max-image-preview":"max-image-preview:large","max-video-preview":"max-video-preview:-1"},"canonical":"https:\/\/vieassociative.be\/actualites\/vous-pouvez-desormais-personnaliser-votre-carte-dappel-sur-android\/","og_locale":"fr_FR","og_type":"article","og_title":"Vous pouvez d\u00e9sormais personnaliser votre carte d'appel sur Android | Vie Associative","og_description":"Si vous \u00eates un utilisateur Android, vous pouvez d\u00e9sormais d\u00e9finir ce qui appara\u00eet sur l&rsquo;identification de l&rsquo;appelant de vos contacts lorsque vous passez des appels","og_url":"https:\/\/vieassociative.be\/actualites\/vous-pouvez-desormais-personnaliser-votre-carte-dappel-sur-android\/","og_site_name":"Vie Associative","article_published_time":"2026-03-04T02:18:09+00:00","og_image":[{"width":279,"height":92,"url":"https:\/\/vieassociative.be\/actualites\/wp-content\/uploads\/2024\/09\/header_backgroundk-01-e1726694325946.png","type":"image\/png"}],"author":"Julien","twitter_card":"summary_large_image","twitter_misc":{"\u00c9crit par":"Julien","Dur\u00e9e de lecture est.":"2 minutes"},"schema":{"@context":"https:\/\/schema.org","@graph":[{"@type":"Article","@id":"https:\/\/vieassociative.be\/actualites\/vous-pouvez-desormais-personnaliser-votre-carte-dappel-sur-android\/#article","isPartOf":{"@id":"https:\/\/vieassociative.be\/actualites\/vous-pouvez-desormais-personnaliser-votre-carte-dappel-sur-android\/"},"author":{"name":"Julien","@id":"https:\/\/vieassociative.be\/actualites\/#\/schema\/person\/b87ac4f82f9d4e7b7cec7395b679edc4"},"headline":"Vous pouvez d\u00e9sormais personnaliser votre carte d&rsquo;appel sur Android","datePublished":"2026-03-04T02:18:09+00:00","dateModified":"2026-03-04T02:18:09+00:00","mainEntityOfPage":{"@id":"https:\/\/vieassociative.be\/actualites\/vous-pouvez-desormais-personnaliser-votre-carte-dappel-sur-android\/"},"wordCount":358,"publisher":{"@id":"https:\/\/vieassociative.be\/actualites\/#organization"},"image":{"@id":"https:\/\/vieassociative.be\/actualites\/vous-pouvez-desormais-personnaliser-votre-carte-dappel-sur-android\/#primaryimage"},"thumbnailUrl":"https:\/\/vieassociative.be\/actualites\/wp-content\/uploads\/2026\/03\/Vous-pouvez-desormais-personnaliser-votre-carte-dappel-sur-Android.png","keywords":["Android","carte","dappel","d\u00e9sormais","personnaliser","pouvez","sur","votre","Vous"],"inLanguage":"fr-BE"},{"@type":"WebPage","@id":"https:\/\/vieassociative.be\/actualites\/vous-pouvez-desormais-personnaliser-votre-carte-dappel-sur-android\/","url":"https:\/\/vieassociative.be\/actualites\/vous-pouvez-desormais-personnaliser-votre-carte-dappel-sur-android\/","name":"Vous pouvez d\u00e9sormais personnaliser votre carte d'appel sur Android | Vie Associative","isPartOf":{"@id":"https:\/\/vieassociative.be\/actualites\/#website"},"primaryImageOfPage":{"@id":"https:\/\/vieassociative.be\/actualites\/vous-pouvez-desormais-personnaliser-votre-carte-dappel-sur-android\/#primaryimage"},"image":{"@id":"https:\/\/vieassociative.be\/actualites\/vous-pouvez-desormais-personnaliser-votre-carte-dappel-sur-android\/#primaryimage"},"thumbnailUrl":"https:\/\/vieassociative.be\/actualites\/wp-content\/uploads\/2026\/03\/Vous-pouvez-desormais-personnaliser-votre-carte-dappel-sur-Android.png","datePublished":"2026-03-04T02:18:09+00:00","dateModified":"2026-03-04T02:18:09+00:00","breadcrumb":{"@id":"https:\/\/vieassociative.be\/actualites\/vous-pouvez-desormais-personnaliser-votre-carte-dappel-sur-android\/#breadcrumb"},"inLanguage":"fr-BE","potentialAction":[{"@type":"ReadAction","target":["https:\/\/vieassociative.be\/actualites\/vous-pouvez-desormais-personnaliser-votre-carte-dappel-sur-android\/"]}]},{"@type":"ImageObject","inLanguage":"fr-BE","@id":"https:\/\/vieassociative.be\/actualites\/vous-pouvez-desormais-personnaliser-votre-carte-dappel-sur-android\/#primaryimage","url":"https:\/\/vieassociative.be\/actualites\/wp-content\/uploads\/2026\/03\/Vous-pouvez-desormais-personnaliser-votre-carte-dappel-sur-Android.png","contentUrl":"https:\/\/vieassociative.be\/actualites\/wp-content\/uploads\/2026\/03\/Vous-pouvez-desormais-personnaliser-votre-carte-dappel-sur-Android.png","width":1200,"height":675,"caption":"Vous pouvez d\u00e9sormais personnaliser votre carte d'appel sur Android"},{"@type":"BreadcrumbList","@id":"https:\/\/vieassociative.be\/actualites\/vous-pouvez-desormais-personnaliser-votre-carte-dappel-sur-android\/#breadcrumb","itemListElement":[{"@type":"ListItem","position":1,"name":"Accueil","item":"https:\/\/vieassociative.be\/actualites\/"},{"@type":"ListItem","position":2,"name":"Vous pouvez d\u00e9sormais personnaliser votre carte d&rsquo;appel sur Android"}]},{"@type":"WebSite","@id":"https:\/\/vieassociative.be\/actualites\/#website","url":"https:\/\/vieassociative.be\/actualites\/","name":"Vie Associative","description":"","publisher":{"@id":"https:\/\/vieassociative.be\/actualites\/#organization"},"potentialAction":[{"@type":"SearchAction","target":{"@type":"EntryPoint","urlTemplate":"https:\/\/vieassociative.be\/actualites\/?s={search_term_string}"},"query-input":{"@type":"PropertyValueSpecification","valueRequired":true,"valueName":"search_term_string"}}],"inLanguage":"fr-BE"},{"@type":"Organization","@id":"https:\/\/vieassociative.be\/actualites\/#organization","name":"Vie Associative","url":"https:\/\/vieassociative.be\/actualites\/","logo":{"@type":"ImageObject","inLanguage":"fr-BE","@id":"https:\/\/vieassociative.be\/actualites\/#\/schema\/logo\/image\/","url":"https:\/\/vieassociative.be\/actualites\/wp-content\/uploads\/2024\/09\/cropped-vieassociative_favicon.ico.png","contentUrl":"https:\/\/vieassociative.be\/actualites\/wp-content\/uploads\/2024\/09\/cropped-vieassociative_favicon.ico.png","width":512,"height":512,"caption":"Vie Associative"},"image":{"@id":"https:\/\/vieassociative.be\/actualites\/#\/schema\/logo\/image\/"}},{"@type":"Person","@id":"https:\/\/vieassociative.be\/actualites\/#\/schema\/person\/b87ac4f82f9d4e7b7cec7395b679edc4","name":"Julien","image":{"@type":"ImageObject","inLanguage":"fr-BE","@id":"https:\/\/vieassociative.be\/actualites\/#\/schema\/person\/image\/","url":"https:\/\/vieassociative.be\/actualites\/wp-content\/uploads\/2024\/09\/vie-associative-1-150x150.jpg","contentUrl":"https:\/\/vieassociative.be\/actualites\/wp-content\/uploads\/2024\/09\/vie-associative-1-150x150.jpg","caption":"Julien"},"description":"Je suis Julien, r\u00e9dacteur pour Vie Associative. Passionn\u00e9 par le monde associatif depuis plus de 10 ans, j'ai \u00e0 c\u0153ur de partager des histoires inspirantes et de mettre en lumi\u00e8re les initiatives locales. Mon objectif est de sensibiliser et d'encourager l'engagement communautaire \u00e0 travers mes articles.","sameAs":["https:\/\/vieassociative.be\/"]}]}},"_links":{"self":[{"href":"https:\/\/vieassociative.be\/actualites\/wp-json\/wp\/v2\/posts\/12885"}],"collection":[{"href":"https:\/\/vieassociative.be\/actualites\/wp-json\/wp\/v2\/posts"}],"about":[{"href":"https:\/\/vieassociative.be\/actualites\/wp-json\/wp\/v2\/types\/post"}],"author":[{"embeddable":true,"href":"https:\/\/vieassociative.be\/actualites\/wp-json\/wp\/v2\/users\/1"}],"replies":[{"embeddable":true,"href":"https:\/\/vieassociative.be\/actualites\/wp-json\/wp\/v2\/comments?post=12885"}],"version-history":[{"count":0,"href":"https:\/\/vieassociative.be\/actualites\/wp-json\/wp\/v2\/posts\/12885\/revisions"}],"wp:featuredmedia":[{"embeddable":true,"href":"https:\/\/vieassociative.be\/actualites\/wp-json\/wp\/v2\/media\/12886"}],"wp:attachment":[{"href":"https:\/\/vieassociative.be\/actualites\/wp-json\/wp\/v2\/media?parent=12885"}],"wp:term":[{"taxonomy":"category","embeddable":true,"href":"https:\/\/vieassociative.be\/actualites\/wp-json\/wp\/v2\/categories?post=12885"},{"taxonomy":"post_tag","embeddable":true,"href":"https:\/\/vieassociative.be\/actualites\/wp-json\/wp\/v2\/tags?post=12885"}],"curies":[{"name":"wp","href":"https:\/\/api.w.org\/{rel}","templated":true}]}}