{"id":12884,"date":"2026-03-03T22:17:22","date_gmt":"2026-03-03T21:17:22","guid":{"rendered":"https:\/\/vieassociative.be\/actualites\/de-nombreux-soucis-de-securite-a-100-jours-de-louverture-de-la-coupe-du-monde\/"},"modified":"2026-03-03T22:17:22","modified_gmt":"2026-03-03T21:17:22","slug":"de-nombreux-soucis-de-securite-a-100-jours-de-louverture-de-la-coupe-du-monde","status":"publish","type":"post","link":"https:\/\/vieassociative.be\/actualites\/de-nombreux-soucis-de-securite-a-100-jours-de-louverture-de-la-coupe-du-monde\/","title":{"rendered":"De nombreux soucis de s\u00e9curit\u00e9 \u00e0 100 jours de l&rsquo;ouverture de la Coupe du monde"},"content":{"rendered":"<p><strong>Guerre au Moyen-Orient, troubles au Mexique et soucis financiers aux \u00c9tats-Unis : quels risques prennent les supporters, quand les billets pour la Coupe du monde seront \u00e0 nouveau disponibles et quand la composition de la DFB sera constitu\u00e9e. Questions et r\u00e9ponses 100 jours avant le coup d&rsquo;envoi.<\/strong><\/p>\n<p><span id=\"more-437349\"><\/span>Il reste 100 jours avant le d\u00e9but de la Coupe du monde : le 11 juin, le Mexique, co-organisateur, ouvrira le tournoi XXL contre l&rsquo;Afrique du Sud dans le v\u00e9n\u00e9rable Stade Azt\u00e8que. Alors que la guerre en Iran, les flamb\u00e9es de violence au Mexique et les d\u00e9bats politiques aux \u00c9tats-Unis font douter certains fans quant aux voyages, la vente de billets continue de cro\u00eetre. Le compte \u00e0 rebours est lanc\u00e9 : nous r\u00e9pondons aux questions les plus urgentes sur la Coupe du monde au Mexique, aux \u00c9tats-Unis et au Canada.<\/p>\n<p><strong>\u2013 Quel est l\u2019impact de l\u2019escalade au Moyen-Orient ?<\/strong><\/p>\n<p>Exclure l\u2019Iran de la Coupe du monde ne semble pas impossible. La FIFA \u00ab surveillera \u00bb la situation, a d\u00e9clar\u00e9 le secr\u00e9taire g\u00e9n\u00e9ral Mattias Grafstr\u00f6m. La priorit\u00e9 absolue reste de veiller \u00e0 ce que la Coupe du monde se d\u00e9roule en toute s\u00e9curit\u00e9, \u00e0 laquelle toutes les \u00e9quipes qualifi\u00e9es puissent participer. L&rsquo;Iran devrait jouer aux \u00c9tats-Unis dans un groupe avec la Belgique, la Nouvelle-Z\u00e9lande et l&rsquo;\u00c9gypte. \u00ab\u00a0Ce qui est certain, c&rsquo;est qu&rsquo;apr\u00e8s cette attaque, nous ne pouvons pas esp\u00e9rer la Coupe du Monde avec le moindre espoir\u00a0\u00bb, a d\u00e9clar\u00e9 le pr\u00e9sident iranien du football, Mehdi Taj.<\/p>\n<div id=\"attachment_431229\" class=\"wp-caption alignleft\" style=\"max-width: 300px\"><img fetchpriority=\"high\" decoding=\"async\" class=\"wp-image-431229 size-medium\" src=\"https:\/\/vieassociative.be\/actualites\/wp-content\/uploads\/2025\/12\/Coupe-du-monde-de-football-2026-les-Diables-Rouges.jpg\" alt=\"\" width=\"300\" height=\"200\"><\/div>\n<p>La situation sera certainement \u00e9galement un enjeu sportif et n\u00e9cessitera une d\u00e9cision. L&rsquo;Iran a boycott\u00e9 le tirage au sort des groupes du tour pr\u00e9liminaire parce que le gouvernement am\u00e9ricain aurait refus\u00e9 des visas d&rsquo;entr\u00e9e \u00e0 trois responsables.<\/p>\n<p><strong>\u2013 L\u2019Iran sera-t-il puni s\u2019il se retire ?<\/strong><\/p>\n<p>Oui. Si l&rsquo;Iran se retire au moins 30 jours avant le premier match, la commission de discipline de la FIFA infligera une amende d&rsquo;au moins 250 000 francs suisses (environ 275 000 euros). Si le retrait intervient moins de 30 jours avant le premier match, l&rsquo;amende minimale est de 500 000 francs suisses (environ 550 000 euros). L&rsquo;Iran serait \u00e9galement oblig\u00e9 de rembourser tous les fonds re\u00e7us de la FIFA.<\/p>\n<p><strong>\u2013 Dans quelle mesure une visite de Coupe du monde au Mexique est-elle s\u00fbre ?<\/strong><\/p>\n<p>Apr\u00e8s la mort du baron de la drogue Nemesio Oseguera Cervantes, alias \u00ab El Mencho \u00bb, des barrages routiers et des flamb\u00e9es de violence ont eu lieu dans plusieurs \u00c9tats mexicains. L&rsquo;\u00c9tat de Jalisco, dont la capitale est Guadalajara, ville h\u00f4te de la Coupe du monde, a \u00e9galement \u00e9t\u00e9 touch\u00e9. Malgr\u00e9 les troubles, la pr\u00e9sidente Claudia Sheinbaum a donn\u00e9 des garanties de s\u00e9curit\u00e9 aux supporters de la Coupe du monde. Le pr\u00e9sident de la FIFA, Gianni Infantino, a d\u00e9clar\u00e9 : \u00ab Nous avons toute confiance dans le Mexique. \u00bb<\/p>\n<p><strong>\u2013 Combien de matchs ont lieu au Mexique ?<\/strong><\/p>\n<p>Au total, 13 matchs seront disput\u00e9s \u00e0 Mexico, Guadalajara et Monterrey. Les champions d&rsquo;Europe, l&rsquo;Espagne, le Mexique et la Cor\u00e9e du Sud, jouent \u00e0 Guadalajara. Le match d&rsquo;ouverture aura lieu \u00e0 Mexico. Fin mars et d\u00e9but avril, deux matchs \u00e9liminatoires internationaux auront lieu \u00e0 Guadalajara et \u00e0 Monterrey pour d\u00e9terminer les deux derniers participants \u00e0 la Coupe du monde.<\/p>\n<p>5 juillet 2025, \u00c9tats-Unis, East Rutherford : le stade MetLife, o\u00f9 la finale de la coupe du monde aura lieu le 19 juillet 2026. Photo : Pamela Smith\/FR172156 AP\/dpa<strong>\u2013 Quels probl\u00e8mes menacent les \u00c9tats-Unis ?<\/strong><\/p>\n<p>Les responsables locaux des onze villes h\u00f4tes am\u00e9ricaines ont r\u00e9cemment averti que la s\u00e9curit\u00e9 et l&rsquo;organisation de la Coupe du monde 2026 \u00e9taient menac\u00e9es en raison d&rsquo;un gel partiel du budget. En cons\u00e9quence, il manquait des fonds f\u00e9d\u00e9raux de l\u2019ordre de plusieurs millions \u00e0 trois chiffres.<\/p>\n<p>Miami a besoin de 70 millions de dollars d&rsquo;ici la fin mars, sinon des \u00e9v\u00e9nements comme le Fan Fest devraient \u00eatre annul\u00e9s, a d\u00e9clar\u00e9 Ray Martinez, directeur g\u00e9n\u00e9ral op\u00e9rationnel du comit\u00e9 d&rsquo;organisation de la Coupe du monde \u00e0 Miami. Le chef adjoint de la police de Kansas City, Joseph Mabin, a \u00e9galement averti que le manque de financement pourrait signifier qu&rsquo;il n&rsquo;y aurait pas suffisamment de personnel pour assurer la s\u00e9curit\u00e9 pendant la finale.<\/p>\n<p><strong>\u2013 Y a-t-il encore des billets ?<\/strong><\/p>\n<p>Oui, et il y aura au moins une quatri\u00e8me phase au cours de laquelle les fans pourront demander des billets. Cependant, la FIFA n&rsquo;a pas encore annonc\u00e9 de calendrier pr\u00e9cis. Mais il devrait \u00eatre pr\u00eat au plus tard en avril. Jusqu\u2019\u00e0 pr\u00e9sent, la ru\u00e9e a \u00e9t\u00e9 \u00e9norme. Au d\u00e9but de l&rsquo;ann\u00e9e, l&rsquo;association mondiale faisait \u00e9tat de plus de 500 millions de demandes de billets. Les prix parfois \u00e9lev\u00e9s ne semblent pas dissuader les amateurs.<\/p>\n<p><strong>\u2013 Dans quelle mesure un boycott de la Coupe du monde est-il r\u00e9aliste ?<\/strong><\/p>\n<p>Extr\u00eamement irr\u00e9aliste. Le d\u00e9bat est d\u00e9clench\u00e9 par les tensions entre les \u00c9tats-Unis et les pays europ\u00e9ens de l&rsquo;OTAN concernant les revendications du pr\u00e9sident Donald Trump sur la propri\u00e9t\u00e9 du Groenland et les actions parfois brutales de l&rsquo;agence am\u00e9ricaine de l&rsquo;immigration ICE contre les migrants. (dpa\/cr\u00e9)<\/p>\n<p>Sur le sujet, voir aussi l&rsquo;article suivant sur l&rsquo;OD :<\/p>\n<div class=\"responsive-embed widescreen\">\n<blockquote class=\"wp-embedded-content\" data-secret=\"b7QFgJ0UKz\">\n<p>Nouvelles r\u00e8gles du football de la Coupe du Monde\u00a0: plus de puissance pour le VAR pour les corner, les cartons jaunes et le temps de jeu<\/p>\n<\/blockquote>\n<p><iframe loading=\"lazy\" class=\"wp-embedded-content\" sandbox=\"allow-scripts\" security=\"restricted\" style=\"position: absolute; visibility: hidden;\" title=\"\u201eNeue Fu\u00dfball-Regeln ab WM: Mehr Macht f\u00fcr VAR bei Eckball, Gelben Karten und Zeitspiel\u201c \u2013 Ostbelgien Direkt\" src=\"https:\/\/ostbelgiendirekt.be\/about:blank\" data-secret=\"b7QFgJ0UKz\" width=\"500\" height=\"282\" frameborder=\"0\" marginwidth=\"0\" marginheight=\"0\" scrolling=\"no\" data-rocket-lazyload=\"fitvidscompatible\" data-lazy-src=\"https:\/\/ostbelgiendirekt.be\/neue-fussball-regeln-ab-der-wm-437271\/embed#?secret=PvgT5vY8ke#?secret=b7QFgJ0UKz\"><\/iframe><noscript><iframe class=\"wp-embedded-content\" sandbox=\"allow-scripts\" security=\"restricted\" style=\"position: absolute; visibility: hidden;\" title=\"\u201eNeue Fu\u00dfball-Regeln ab WM: Mehr Macht f\u00fcr VAR bei Eckball, Gelben Karten und Zeitspiel\u201c \u2013 Ostbelgien Direkt\" src=\"https:\/\/ostbelgiendirekt.be\/neue-fussball-regeln-ab-der-wm-437271\/embed#?secret=PvgT5vY8ke#?secret=b7QFgJ0UKz\" data-secret=\"b7QFgJ0UKz\" width=\"500\" height=\"282\" frameborder=\"0\" marginwidth=\"0\" marginheight=\"0\" scrolling=\"no\"><\/iframe><\/noscript><\/p>\n<\/div>\n","protected":false},"excerpt":{"rendered":"<p>Guerre au Moyen-Orient, troubles au Mexique et soucis financiers aux \u00c9tats-Unis : quels risques prennent les supporters, quand les billets pour la Coupe du monde<\/p>\n","protected":false},"author":1,"featured_media":11425,"comment_status":"","ping_status":"","sticky":false,"template":"","format":"standard","meta":{"footnotes":""},"categories":[298],"tags":[2472,937,4668,237,8829,151,6190],"class_list":["post-12884","post","type-post","status-publish","format-standard","has-post-thumbnail","hentry","category-belgique","tag-coupe","tag-jours","tag-louverture","tag-monde","tag-nombreux","tag-securite","tag-soucis","generate-columns","tablet-grid-50","mobile-grid-100","grid-parent","grid-33"],"yoast_head":"<!-- This site is optimized with the Yoast SEO plugin v24.0 - https:\/\/yoast.com\/wordpress\/plugins\/seo\/ -->\n<title>De nombreux soucis de s\u00e9curit\u00e9 \u00e0 100 jours de l&#039;ouverture de la Coupe du monde | Vie Associative<\/title>\n<meta name=\"robots\" content=\"index, follow, max-snippet:-1, max-image-preview:large, max-video-preview:-1\" \/>\n<link rel=\"canonical\" href=\"https:\/\/vieassociative.be\/actualites\/de-nombreux-soucis-de-securite-a-100-jours-de-louverture-de-la-coupe-du-monde\/\" \/>\n<meta property=\"og:locale\" content=\"fr_FR\" \/>\n<meta property=\"og:type\" content=\"article\" \/>\n<meta property=\"og:title\" content=\"De nombreux soucis de s\u00e9curit\u00e9 \u00e0 100 jours de l&#039;ouverture de la Coupe du monde | Vie Associative\" \/>\n<meta property=\"og:description\" content=\"Guerre au Moyen-Orient, troubles au Mexique et soucis financiers aux \u00c9tats-Unis : quels risques prennent les supporters, quand les billets pour la Coupe du monde\" \/>\n<meta property=\"og:url\" content=\"https:\/\/vieassociative.be\/actualites\/de-nombreux-soucis-de-securite-a-100-jours-de-louverture-de-la-coupe-du-monde\/\" \/>\n<meta property=\"og:site_name\" content=\"Vie Associative\" \/>\n<meta property=\"article:published_time\" content=\"2026-03-03T21:17:22+00:00\" \/>\n<meta property=\"og:image\" content=\"https:\/\/vieassociative.be\/actualites\/wp-content\/uploads\/2024\/09\/header_backgroundk-01-e1726694325946.png\" \/>\n\t<meta property=\"og:image:width\" content=\"279\" \/>\n\t<meta property=\"og:image:height\" content=\"92\" \/>\n\t<meta property=\"og:image:type\" content=\"image\/png\" \/>\n<meta name=\"author\" content=\"Julien\" \/>\n<meta name=\"twitter:card\" content=\"summary_large_image\" \/>\n<meta name=\"twitter:label1\" content=\"\u00c9crit par\" \/>\n\t<meta name=\"twitter:data1\" content=\"Julien\" \/>\n\t<meta name=\"twitter:label2\" content=\"Dur\u00e9e de lecture est.\" \/>\n\t<meta name=\"twitter:data2\" content=\"4 minutes\" \/>\n<script type=\"application\/ld+json\" class=\"yoast-schema-graph\">{\"@context\":\"https:\/\/schema.org\",\"@graph\":[{\"@type\":\"Article\",\"@id\":\"https:\/\/vieassociative.be\/actualites\/de-nombreux-soucis-de-securite-a-100-jours-de-louverture-de-la-coupe-du-monde\/#article\",\"isPartOf\":{\"@id\":\"https:\/\/vieassociative.be\/actualites\/de-nombreux-soucis-de-securite-a-100-jours-de-louverture-de-la-coupe-du-monde\/\"},\"author\":{\"name\":\"Julien\",\"@id\":\"https:\/\/vieassociative.be\/actualites\/#\/schema\/person\/b87ac4f82f9d4e7b7cec7395b679edc4\"},\"headline\":\"De nombreux soucis de s\u00e9curit\u00e9 \u00e0 100 jours de l&rsquo;ouverture de la Coupe du monde\",\"datePublished\":\"2026-03-03T21:17:22+00:00\",\"dateModified\":\"2026-03-03T21:17:22+00:00\",\"mainEntityOfPage\":{\"@id\":\"https:\/\/vieassociative.be\/actualites\/de-nombreux-soucis-de-securite-a-100-jours-de-louverture-de-la-coupe-du-monde\/\"},\"wordCount\":929,\"publisher\":{\"@id\":\"https:\/\/vieassociative.be\/actualites\/#organization\"},\"image\":{\"@id\":\"https:\/\/vieassociative.be\/actualites\/de-nombreux-soucis-de-securite-a-100-jours-de-louverture-de-la-coupe-du-monde\/#primaryimage\"},\"thumbnailUrl\":\"https:\/\/vieassociative.be\/actualites\/wp-content\/uploads\/2025\/11\/Coupe-du-monde-de-football-2026-42-des-48-participants.jpeg\",\"keywords\":[\"Coupe\",\"jours\",\"louverture\",\"monde\",\"nombreux\",\"s\u00e9curit\u00e9\",\"Soucis\"],\"articleSection\":[\"Belgique\"],\"inLanguage\":\"fr-BE\"},{\"@type\":\"WebPage\",\"@id\":\"https:\/\/vieassociative.be\/actualites\/de-nombreux-soucis-de-securite-a-100-jours-de-louverture-de-la-coupe-du-monde\/\",\"url\":\"https:\/\/vieassociative.be\/actualites\/de-nombreux-soucis-de-securite-a-100-jours-de-louverture-de-la-coupe-du-monde\/\",\"name\":\"De nombreux soucis de s\u00e9curit\u00e9 \u00e0 100 jours de l'ouverture de la Coupe du monde | Vie Associative\",\"isPartOf\":{\"@id\":\"https:\/\/vieassociative.be\/actualites\/#website\"},\"primaryImageOfPage\":{\"@id\":\"https:\/\/vieassociative.be\/actualites\/de-nombreux-soucis-de-securite-a-100-jours-de-louverture-de-la-coupe-du-monde\/#primaryimage\"},\"image\":{\"@id\":\"https:\/\/vieassociative.be\/actualites\/de-nombreux-soucis-de-securite-a-100-jours-de-louverture-de-la-coupe-du-monde\/#primaryimage\"},\"thumbnailUrl\":\"https:\/\/vieassociative.be\/actualites\/wp-content\/uploads\/2025\/11\/Coupe-du-monde-de-football-2026-42-des-48-participants.jpeg\",\"datePublished\":\"2026-03-03T21:17:22+00:00\",\"dateModified\":\"2026-03-03T21:17:22+00:00\",\"breadcrumb\":{\"@id\":\"https:\/\/vieassociative.be\/actualites\/de-nombreux-soucis-de-securite-a-100-jours-de-louverture-de-la-coupe-du-monde\/#breadcrumb\"},\"inLanguage\":\"fr-BE\",\"potentialAction\":[{\"@type\":\"ReadAction\",\"target\":[\"https:\/\/vieassociative.be\/actualites\/de-nombreux-soucis-de-securite-a-100-jours-de-louverture-de-la-coupe-du-monde\/\"]}]},{\"@type\":\"ImageObject\",\"inLanguage\":\"fr-BE\",\"@id\":\"https:\/\/vieassociative.be\/actualites\/de-nombreux-soucis-de-securite-a-100-jours-de-louverture-de-la-coupe-du-monde\/#primaryimage\",\"url\":\"https:\/\/vieassociative.be\/actualites\/wp-content\/uploads\/2025\/11\/Coupe-du-monde-de-football-2026-42-des-48-participants.jpeg\",\"contentUrl\":\"https:\/\/vieassociative.be\/actualites\/wp-content\/uploads\/2025\/11\/Coupe-du-monde-de-football-2026-42-des-48-participants.jpeg\",\"width\":1200,\"height\":839,\"caption\":\"Coupe du monde de football 2026\u00a0: 42 des 48 participants ont d\u00e9j\u00e0 \u00e9t\u00e9 d\u00e9termin\u00e9s \u2013 \u00e0 qui les Diables Rouges pourraient affronter (Questions et r\u00e9ponses)\"},{\"@type\":\"BreadcrumbList\",\"@id\":\"https:\/\/vieassociative.be\/actualites\/de-nombreux-soucis-de-securite-a-100-jours-de-louverture-de-la-coupe-du-monde\/#breadcrumb\",\"itemListElement\":[{\"@type\":\"ListItem\",\"position\":1,\"name\":\"Accueil\",\"item\":\"https:\/\/vieassociative.be\/actualites\/\"},{\"@type\":\"ListItem\",\"position\":2,\"name\":\"De nombreux soucis de s\u00e9curit\u00e9 \u00e0 100 jours de l&rsquo;ouverture de la Coupe du monde\"}]},{\"@type\":\"WebSite\",\"@id\":\"https:\/\/vieassociative.be\/actualites\/#website\",\"url\":\"https:\/\/vieassociative.be\/actualites\/\",\"name\":\"Vie Associative\",\"description\":\"\",\"publisher\":{\"@id\":\"https:\/\/vieassociative.be\/actualites\/#organization\"},\"potentialAction\":[{\"@type\":\"SearchAction\",\"target\":{\"@type\":\"EntryPoint\",\"urlTemplate\":\"https:\/\/vieassociative.be\/actualites\/?s={search_term_string}\"},\"query-input\":{\"@type\":\"PropertyValueSpecification\",\"valueRequired\":true,\"valueName\":\"search_term_string\"}}],\"inLanguage\":\"fr-BE\"},{\"@type\":\"Organization\",\"@id\":\"https:\/\/vieassociative.be\/actualites\/#organization\",\"name\":\"Vie Associative\",\"url\":\"https:\/\/vieassociative.be\/actualites\/\",\"logo\":{\"@type\":\"ImageObject\",\"inLanguage\":\"fr-BE\",\"@id\":\"https:\/\/vieassociative.be\/actualites\/#\/schema\/logo\/image\/\",\"url\":\"https:\/\/vieassociative.be\/actualites\/wp-content\/uploads\/2024\/09\/cropped-vieassociative_favicon.ico.png\",\"contentUrl\":\"https:\/\/vieassociative.be\/actualites\/wp-content\/uploads\/2024\/09\/cropped-vieassociative_favicon.ico.png\",\"width\":512,\"height\":512,\"caption\":\"Vie Associative\"},\"image\":{\"@id\":\"https:\/\/vieassociative.be\/actualites\/#\/schema\/logo\/image\/\"}},{\"@type\":\"Person\",\"@id\":\"https:\/\/vieassociative.be\/actualites\/#\/schema\/person\/b87ac4f82f9d4e7b7cec7395b679edc4\",\"name\":\"Julien\",\"image\":{\"@type\":\"ImageObject\",\"inLanguage\":\"fr-BE\",\"@id\":\"https:\/\/vieassociative.be\/actualites\/#\/schema\/person\/image\/\",\"url\":\"https:\/\/vieassociative.be\/actualites\/wp-content\/uploads\/2024\/09\/vie-associative-1-150x150.jpg\",\"contentUrl\":\"https:\/\/vieassociative.be\/actualites\/wp-content\/uploads\/2024\/09\/vie-associative-1-150x150.jpg\",\"caption\":\"Julien\"},\"description\":\"Je suis Julien, r\u00e9dacteur pour Vie Associative. Passionn\u00e9 par le monde associatif depuis plus de 10 ans, j'ai \u00e0 c\u0153ur de partager des histoires inspirantes et de mettre en lumi\u00e8re les initiatives locales. Mon objectif est de sensibiliser et d'encourager l'engagement communautaire \u00e0 travers mes articles.\",\"sameAs\":[\"https:\/\/vieassociative.be\/\"]}]}<\/script>\n<!-- \/ Yoast SEO plugin. -->","yoast_head_json":{"title":"De nombreux soucis de s\u00e9curit\u00e9 \u00e0 100 jours de l'ouverture de la Coupe du monde | Vie Associative","robots":{"index":"index","follow":"follow","max-snippet":"max-snippet:-1","max-image-preview":"max-image-preview:large","max-video-preview":"max-video-preview:-1"},"canonical":"https:\/\/vieassociative.be\/actualites\/de-nombreux-soucis-de-securite-a-100-jours-de-louverture-de-la-coupe-du-monde\/","og_locale":"fr_FR","og_type":"article","og_title":"De nombreux soucis de s\u00e9curit\u00e9 \u00e0 100 jours de l'ouverture de la Coupe du monde | Vie Associative","og_description":"Guerre au Moyen-Orient, troubles au Mexique et soucis financiers aux \u00c9tats-Unis : quels risques prennent les supporters, quand les billets pour la Coupe du monde","og_url":"https:\/\/vieassociative.be\/actualites\/de-nombreux-soucis-de-securite-a-100-jours-de-louverture-de-la-coupe-du-monde\/","og_site_name":"Vie Associative","article_published_time":"2026-03-03T21:17:22+00:00","og_image":[{"width":279,"height":92,"url":"https:\/\/vieassociative.be\/actualites\/wp-content\/uploads\/2024\/09\/header_backgroundk-01-e1726694325946.png","type":"image\/png"}],"author":"Julien","twitter_card":"summary_large_image","twitter_misc":{"\u00c9crit par":"Julien","Dur\u00e9e de lecture est.":"4 minutes"},"schema":{"@context":"https:\/\/schema.org","@graph":[{"@type":"Article","@id":"https:\/\/vieassociative.be\/actualites\/de-nombreux-soucis-de-securite-a-100-jours-de-louverture-de-la-coupe-du-monde\/#article","isPartOf":{"@id":"https:\/\/vieassociative.be\/actualites\/de-nombreux-soucis-de-securite-a-100-jours-de-louverture-de-la-coupe-du-monde\/"},"author":{"name":"Julien","@id":"https:\/\/vieassociative.be\/actualites\/#\/schema\/person\/b87ac4f82f9d4e7b7cec7395b679edc4"},"headline":"De nombreux soucis de s\u00e9curit\u00e9 \u00e0 100 jours de l&rsquo;ouverture de la Coupe du monde","datePublished":"2026-03-03T21:17:22+00:00","dateModified":"2026-03-03T21:17:22+00:00","mainEntityOfPage":{"@id":"https:\/\/vieassociative.be\/actualites\/de-nombreux-soucis-de-securite-a-100-jours-de-louverture-de-la-coupe-du-monde\/"},"wordCount":929,"publisher":{"@id":"https:\/\/vieassociative.be\/actualites\/#organization"},"image":{"@id":"https:\/\/vieassociative.be\/actualites\/de-nombreux-soucis-de-securite-a-100-jours-de-louverture-de-la-coupe-du-monde\/#primaryimage"},"thumbnailUrl":"https:\/\/vieassociative.be\/actualites\/wp-content\/uploads\/2025\/11\/Coupe-du-monde-de-football-2026-42-des-48-participants.jpeg","keywords":["Coupe","jours","louverture","monde","nombreux","s\u00e9curit\u00e9","Soucis"],"articleSection":["Belgique"],"inLanguage":"fr-BE"},{"@type":"WebPage","@id":"https:\/\/vieassociative.be\/actualites\/de-nombreux-soucis-de-securite-a-100-jours-de-louverture-de-la-coupe-du-monde\/","url":"https:\/\/vieassociative.be\/actualites\/de-nombreux-soucis-de-securite-a-100-jours-de-louverture-de-la-coupe-du-monde\/","name":"De nombreux soucis de s\u00e9curit\u00e9 \u00e0 100 jours de l'ouverture de la Coupe du monde | Vie Associative","isPartOf":{"@id":"https:\/\/vieassociative.be\/actualites\/#website"},"primaryImageOfPage":{"@id":"https:\/\/vieassociative.be\/actualites\/de-nombreux-soucis-de-securite-a-100-jours-de-louverture-de-la-coupe-du-monde\/#primaryimage"},"image":{"@id":"https:\/\/vieassociative.be\/actualites\/de-nombreux-soucis-de-securite-a-100-jours-de-louverture-de-la-coupe-du-monde\/#primaryimage"},"thumbnailUrl":"https:\/\/vieassociative.be\/actualites\/wp-content\/uploads\/2025\/11\/Coupe-du-monde-de-football-2026-42-des-48-participants.jpeg","datePublished":"2026-03-03T21:17:22+00:00","dateModified":"2026-03-03T21:17:22+00:00","breadcrumb":{"@id":"https:\/\/vieassociative.be\/actualites\/de-nombreux-soucis-de-securite-a-100-jours-de-louverture-de-la-coupe-du-monde\/#breadcrumb"},"inLanguage":"fr-BE","potentialAction":[{"@type":"ReadAction","target":["https:\/\/vieassociative.be\/actualites\/de-nombreux-soucis-de-securite-a-100-jours-de-louverture-de-la-coupe-du-monde\/"]}]},{"@type":"ImageObject","inLanguage":"fr-BE","@id":"https:\/\/vieassociative.be\/actualites\/de-nombreux-soucis-de-securite-a-100-jours-de-louverture-de-la-coupe-du-monde\/#primaryimage","url":"https:\/\/vieassociative.be\/actualites\/wp-content\/uploads\/2025\/11\/Coupe-du-monde-de-football-2026-42-des-48-participants.jpeg","contentUrl":"https:\/\/vieassociative.be\/actualites\/wp-content\/uploads\/2025\/11\/Coupe-du-monde-de-football-2026-42-des-48-participants.jpeg","width":1200,"height":839,"caption":"Coupe du monde de football 2026\u00a0: 42 des 48 participants ont d\u00e9j\u00e0 \u00e9t\u00e9 d\u00e9termin\u00e9s \u2013 \u00e0 qui les Diables Rouges pourraient affronter (Questions et r\u00e9ponses)"},{"@type":"BreadcrumbList","@id":"https:\/\/vieassociative.be\/actualites\/de-nombreux-soucis-de-securite-a-100-jours-de-louverture-de-la-coupe-du-monde\/#breadcrumb","itemListElement":[{"@type":"ListItem","position":1,"name":"Accueil","item":"https:\/\/vieassociative.be\/actualites\/"},{"@type":"ListItem","position":2,"name":"De nombreux soucis de s\u00e9curit\u00e9 \u00e0 100 jours de l&rsquo;ouverture de la Coupe du monde"}]},{"@type":"WebSite","@id":"https:\/\/vieassociative.be\/actualites\/#website","url":"https:\/\/vieassociative.be\/actualites\/","name":"Vie Associative","description":"","publisher":{"@id":"https:\/\/vieassociative.be\/actualites\/#organization"},"potentialAction":[{"@type":"SearchAction","target":{"@type":"EntryPoint","urlTemplate":"https:\/\/vieassociative.be\/actualites\/?s={search_term_string}"},"query-input":{"@type":"PropertyValueSpecification","valueRequired":true,"valueName":"search_term_string"}}],"inLanguage":"fr-BE"},{"@type":"Organization","@id":"https:\/\/vieassociative.be\/actualites\/#organization","name":"Vie Associative","url":"https:\/\/vieassociative.be\/actualites\/","logo":{"@type":"ImageObject","inLanguage":"fr-BE","@id":"https:\/\/vieassociative.be\/actualites\/#\/schema\/logo\/image\/","url":"https:\/\/vieassociative.be\/actualites\/wp-content\/uploads\/2024\/09\/cropped-vieassociative_favicon.ico.png","contentUrl":"https:\/\/vieassociative.be\/actualites\/wp-content\/uploads\/2024\/09\/cropped-vieassociative_favicon.ico.png","width":512,"height":512,"caption":"Vie Associative"},"image":{"@id":"https:\/\/vieassociative.be\/actualites\/#\/schema\/logo\/image\/"}},{"@type":"Person","@id":"https:\/\/vieassociative.be\/actualites\/#\/schema\/person\/b87ac4f82f9d4e7b7cec7395b679edc4","name":"Julien","image":{"@type":"ImageObject","inLanguage":"fr-BE","@id":"https:\/\/vieassociative.be\/actualites\/#\/schema\/person\/image\/","url":"https:\/\/vieassociative.be\/actualites\/wp-content\/uploads\/2024\/09\/vie-associative-1-150x150.jpg","contentUrl":"https:\/\/vieassociative.be\/actualites\/wp-content\/uploads\/2024\/09\/vie-associative-1-150x150.jpg","caption":"Julien"},"description":"Je suis Julien, r\u00e9dacteur pour Vie Associative. Passionn\u00e9 par le monde associatif depuis plus de 10 ans, j'ai \u00e0 c\u0153ur de partager des histoires inspirantes et de mettre en lumi\u00e8re les initiatives locales. Mon objectif est de sensibiliser et d'encourager l'engagement communautaire \u00e0 travers mes articles.","sameAs":["https:\/\/vieassociative.be\/"]}]}},"_links":{"self":[{"href":"https:\/\/vieassociative.be\/actualites\/wp-json\/wp\/v2\/posts\/12884"}],"collection":[{"href":"https:\/\/vieassociative.be\/actualites\/wp-json\/wp\/v2\/posts"}],"about":[{"href":"https:\/\/vieassociative.be\/actualites\/wp-json\/wp\/v2\/types\/post"}],"author":[{"embeddable":true,"href":"https:\/\/vieassociative.be\/actualites\/wp-json\/wp\/v2\/users\/1"}],"replies":[{"embeddable":true,"href":"https:\/\/vieassociative.be\/actualites\/wp-json\/wp\/v2\/comments?post=12884"}],"version-history":[{"count":0,"href":"https:\/\/vieassociative.be\/actualites\/wp-json\/wp\/v2\/posts\/12884\/revisions"}],"wp:featuredmedia":[{"embeddable":true,"href":"https:\/\/vieassociative.be\/actualites\/wp-json\/wp\/v2\/media\/11425"}],"wp:attachment":[{"href":"https:\/\/vieassociative.be\/actualites\/wp-json\/wp\/v2\/media?parent=12884"}],"wp:term":[{"taxonomy":"category","embeddable":true,"href":"https:\/\/vieassociative.be\/actualites\/wp-json\/wp\/v2\/categories?post=12884"},{"taxonomy":"post_tag","embeddable":true,"href":"https:\/\/vieassociative.be\/actualites\/wp-json\/wp\/v2\/tags?post=12884"}],"curies":[{"name":"wp","href":"https:\/\/api.w.org\/{rel}","templated":true}]}}