{"id":12880,"date":"2026-03-03T16:18:37","date_gmt":"2026-03-03T15:18:37","guid":{"rendered":"https:\/\/vieassociative.be\/actualites\/melania-trump-preside-la-reunion-du-conseil-de-securite-de-lonu-critiques\/"},"modified":"2026-03-03T16:18:37","modified_gmt":"2026-03-03T15:18:37","slug":"melania-trump-preside-la-reunion-du-conseil-de-securite-de-lonu-critiques","status":"publish","type":"post","link":"https:\/\/vieassociative.be\/actualites\/melania-trump-preside-la-reunion-du-conseil-de-securite-de-lonu-critiques\/","title":{"rendered":"Melania Trump pr\u00e9side la r\u00e9union du Conseil de s\u00e9curit\u00e9 de l\u2019ONU \u2013 critiques"},"content":{"rendered":"<p><strong>Quelques jours apr\u00e8s le d\u00e9but des attaques isra\u00e9lo-am\u00e9ricaines contre l\u2019Iran, Melania Trump est devenue la premi\u00e8re premi\u00e8re dame \u00e0 pr\u00e9sider une r\u00e9union du Conseil de s\u00e9curit\u00e9 de l\u2019ONU. Dans son discours, la femme de 55 ans a d\u00e9clar\u00e9 des choses comme : \u00ab La paix n\u2019a pas besoin d\u2019\u00eatre fragile \u00bb. Les \u00c9tats-Unis s\u2019engagent en faveur de tous les enfants du monde, a encore soulign\u00e9 Trump. \u00ab\u00a0J&rsquo;esp\u00e8re que vous aurez bient\u00f4t la paix.\u00a0\u00bb<\/strong><\/p>\n<p><span id=\"more-437336\"><\/span>Elle n\u2019a pas explicitement \u00e9voqu\u00e9 le conflit militaire au Moyen-Orient. L&rsquo;ancien mod\u00e8le a pr\u00e9sid\u00e9 une r\u00e9union de l&rsquo;organe le plus puissant des Nations Unies sur les enfants, la technologie et l&rsquo;\u00e9ducation dans les situations de conflit. L&rsquo;accession \u00e0 la pr\u00e9sidence de la Premi\u00e8re Dame a suscit\u00e9 quelques critiques.<\/p>\n<p>Les \u00c9tats-Unis ont pris ce mois-ci la pr\u00e9sidence tournante de l\u2019organe le plus important de l\u2019ONU, ce qui inclut \u00e9galement la pr\u00e9sidence des r\u00e9unions. Les ambassadeurs de l&rsquo;ONU ou les repr\u00e9sentants du gouvernement dirigent g\u00e9n\u00e9ralement les r\u00e9unions de cet organe de 15 membres. Jusqu\u2019\u00e0 pr\u00e9sent, le programme de soutien des \u00e9v\u00e9nements des Nations Unies \u00e9tait en grande partie r\u00e9serv\u00e9 \u00e0 leurs partenaires.<\/p>\n<div id=\"attachment_437341\" class=\"wp-caption alignleft\" style=\"max-width: 300px\"><img fetchpriority=\"high\" decoding=\"async\" class=\"wp-image-437341 size-medium\" src=\"https:\/\/vieassociative.be\/actualites\/wp-content\/uploads\/2026\/03\/Melania-Trump-preside-la-reunion-du-Conseil-de-securite-de.jpg\" alt=\"\" width=\"300\" height=\"200\"><\/div>\n<p>Par exemple, lors du programme de l\u2019Assembl\u00e9e g\u00e9n\u00e9rale des Nations Unies de 2017, Melania Trump a prononc\u00e9 un bref discours lors d\u2019un d\u00e9jeuner \u00e9galement ax\u00e9 sur l\u2019\u00e9ducation et la protection des enfants.<\/p>\n<p><strong>\u2013 Pourquoi la Premi\u00e8re Dame prend-elle le fauteuil ?<\/strong> La pr\u00e9sidence de la r\u00e9union par la Premi\u00e8re Dame a \u00e9t\u00e9 salu\u00e9e par l&rsquo;ONU. Le porte-parole du secr\u00e9taire g\u00e9n\u00e9ral, Ant\u00f3nio Guterres, a d\u00e9clar\u00e9 par avance que c&rsquo;\u00e9tait un signe de l&rsquo;appr\u00e9ciation des \u00c9tats-Unis \u00e0 l&rsquo;\u00e9gard du Conseil de s\u00e9curit\u00e9.<\/p>\n<p>Cette apparition intervient dans le contexte de relations tendues entre le gouvernement du pr\u00e9sident am\u00e9ricain Donald Trump et les Nations Unies. Trump a qualifi\u00e9 \u00e0 plusieurs reprises l\u2019organisation d\u2019inefficace dans le pass\u00e9 et a pouss\u00e9 son pays \u00e0 se retirer de nombreuses organisations de l\u2019ONU. Selon l\u2019ONU, les \u00c9tats-Unis doivent encore plusieurs milliards de dollars \u00e0 l\u2019organisation.<\/p>\n<p>Outre une s\u00e9rie de r\u00e9actions surprises face \u00e0 la pr\u00e9sidence de la premi\u00e8re dame, cette d\u00e9cision a \u00e9galement \u00e9t\u00e9 vivement critiqu\u00e9e. Un chroniqueur du quotidien britannique \u00ab Guardian \u00bb, par exemple, y a vu une tentative d\u00e9lib\u00e9r\u00e9e de d\u00e9noncer l\u2019ONU. Melania Trump s&rsquo;est abstenue d&rsquo;appara\u00eetre en public dans le pass\u00e9, mais a r\u00e9cemment recherch\u00e9 de plus en plus de publicit\u00e9, par exemple avec son projet documentaire \u00ab Melania \u00bb.<\/p>\n<p>L&rsquo;ambassadeur iranien \u00e0 l&rsquo;ONU a critiqu\u00e9 le timing d&rsquo;une r\u00e9union sur ce sujet et a de nouveau accus\u00e9 les \u00c9tats-Unis et Isra\u00ebl d&rsquo;\u00eatre responsables de l&rsquo;attaque contre une \u00e9cole qui a tu\u00e9 de nombreux enfants. Isra\u00ebl avait rejet\u00e9 l&rsquo;accusation. \u00ab\u00a0A ce stade, nous n&rsquo;avons connaissance d&rsquo;aucune attaque isra\u00e9lienne ou am\u00e9ricaine l\u00e0-bas\u00a0\u00bb, a d\u00e9clar\u00e9 le porte-parole de l&rsquo;arm\u00e9e isra\u00e9lienne Nadav Shoschani.<\/p>\n<div id=\"attachment_437343\" class=\"wp-caption alignleft\" style=\"max-width: 300px\"><img decoding=\"async\" class=\"wp-image-437343 size-medium\" src=\"https:\/\/vieassociative.be\/actualites\/wp-content\/uploads\/2026\/03\/1772551117_821_Melania-Trump-preside-la-reunion-du-Conseil-de-securite-de.jpg\" alt=\"\" width=\"300\" height=\"200\"><\/div>\n<p>Premi\u00e8re visite officielle apr\u00e8s \u00ab l\u2019escalier roulant \u00bb : les critiques s\u00e9v\u00e8res de son mari \u00e0 l\u2019\u00e9gard de l\u2019ONU en particulier ont soulev\u00e9 la question des motivations de la Premi\u00e8re Dame pour pr\u00e9sider la r\u00e9union. Le fait que la troisi\u00e8me \u00e9pouse de Donald Trump prenne parfois des positions ou envoie des signaux qui ne co\u00efncident pas avec ceux de son mari n&rsquo;est pas nouveau. Certains observateurs soup\u00e7onnent derri\u00e8re cela une strat\u00e9gie de mix communication du couple Trump.<\/p>\n<p><strong>\u2013 Premi\u00e8re visite apr\u00e8s \u00ab Escalator Gate \u00bb : <\/strong>Il s&rsquo;agissait \u00e9galement de la premi\u00e8re visite officielle de la Premi\u00e8re Dame dans le b\u00e2timent apr\u00e8s la porte dite de l&rsquo;escalator : le pr\u00e9sident am\u00e9ricain et son \u00e9pouse ont grimp\u00e9 sur un escalator \u00e0 leur arriv\u00e9e \u00e0 l&rsquo;Assembl\u00e9e g\u00e9n\u00e9rale de l&rsquo;ONU en septembre, qui s&rsquo;est ensuite arr\u00eat\u00e9 brusquement. L\u2019incident a tellement irrit\u00e9 le pr\u00e9sident Trump qu\u2019il a ensuite demand\u00e9 que les responsables soient \u00ab arr\u00eat\u00e9s \u00bb. Les r\u00e9sultats d&rsquo;une enqu\u00eate pr\u00e9liminaire ont montr\u00e9 qu&rsquo;un m\u00e9canisme de s\u00e9curit\u00e9 int\u00e9gr\u00e9 au sommet de l&rsquo;escalier roulant avait \u00e9t\u00e9 d\u00e9clench\u00e9, selon l&rsquo;ONU.<\/p>\n<p>Cette fois, Melania Trump, accompagn\u00e9e de l&rsquo;ambassadeur am\u00e9ricain aupr\u00e8s de l&rsquo;ONU Mike Waltz, a emprunt\u00e9 le m\u00eame escalier roulant apr\u00e8s son arriv\u00e9e au si\u00e8ge de l&rsquo;ONU dans l&rsquo;est de Manhattan \u2013 sans incident. Ensuite, elle a salu\u00e9 le Conseil de s\u00e9curit\u00e9 en serrant la main des ambassadeurs des 14 autres pays actuellement repr\u00e9sent\u00e9s, en souriant et en posant ensemble pour une photo. La Premi\u00e8re Dame a cl\u00f4tur\u00e9 la s\u00e9ance suivante avec la phrase : \u00ab Je vous souhaite \u00e0 tous beaucoup de force pour maintenir la paix dans le monde \u00bb. (dpa)<\/p>\n","protected":false},"excerpt":{"rendered":"<p>Quelques jours apr\u00e8s le d\u00e9but des attaques isra\u00e9lo-am\u00e9ricaines contre l\u2019Iran, Melania Trump est devenue la premi\u00e8re premi\u00e8re dame \u00e0 pr\u00e9sider une r\u00e9union du Conseil de<\/p>\n","protected":false},"author":1,"featured_media":12881,"comment_status":"","ping_status":"","sticky":false,"template":"","format":"standard","meta":{"footnotes":""},"categories":[298],"tags":[1085,2510,9150,9900,10153,4051,151,2425],"class_list":["post-12880","post","type-post","status-publish","format-standard","has-post-thumbnail","hentry","category-belgique","tag-conseil","tag-critiques","tag-lonu","tag-melania","tag-preside","tag-reunion","tag-securite","tag-trump","generate-columns","tablet-grid-50","mobile-grid-100","grid-parent","grid-33"],"yoast_head":"<!-- This site is optimized with the Yoast SEO plugin v24.0 - https:\/\/yoast.com\/wordpress\/plugins\/seo\/ -->\n<title>Melania Trump pr\u00e9side la r\u00e9union du Conseil de s\u00e9curit\u00e9 de l\u2019ONU \u2013 critiques | Vie Associative<\/title>\n<meta name=\"robots\" content=\"index, follow, max-snippet:-1, max-image-preview:large, max-video-preview:-1\" \/>\n<link rel=\"canonical\" href=\"https:\/\/vieassociative.be\/actualites\/melania-trump-preside-la-reunion-du-conseil-de-securite-de-lonu-critiques\/\" \/>\n<meta property=\"og:locale\" content=\"fr_FR\" \/>\n<meta property=\"og:type\" content=\"article\" \/>\n<meta property=\"og:title\" content=\"Melania Trump pr\u00e9side la r\u00e9union du Conseil de s\u00e9curit\u00e9 de l\u2019ONU \u2013 critiques | Vie Associative\" \/>\n<meta property=\"og:description\" content=\"Quelques jours apr\u00e8s le d\u00e9but des attaques isra\u00e9lo-am\u00e9ricaines contre l\u2019Iran, Melania Trump est devenue la premi\u00e8re premi\u00e8re dame \u00e0 pr\u00e9sider une r\u00e9union du Conseil de\" \/>\n<meta property=\"og:url\" content=\"https:\/\/vieassociative.be\/actualites\/melania-trump-preside-la-reunion-du-conseil-de-securite-de-lonu-critiques\/\" \/>\n<meta property=\"og:site_name\" content=\"Vie Associative\" \/>\n<meta property=\"article:published_time\" content=\"2026-03-03T15:18:37+00:00\" \/>\n<meta property=\"og:image\" content=\"https:\/\/vieassociative.be\/actualites\/wp-content\/uploads\/2024\/09\/header_backgroundk-01-e1726694325946.png\" \/>\n\t<meta property=\"og:image:width\" content=\"279\" \/>\n\t<meta property=\"og:image:height\" content=\"92\" \/>\n\t<meta property=\"og:image:type\" content=\"image\/png\" \/>\n<meta name=\"author\" content=\"Julien\" \/>\n<meta name=\"twitter:card\" content=\"summary_large_image\" \/>\n<meta name=\"twitter:label1\" content=\"\u00c9crit par\" \/>\n\t<meta name=\"twitter:data1\" content=\"Julien\" \/>\n\t<meta name=\"twitter:label2\" content=\"Dur\u00e9e de lecture est.\" \/>\n\t<meta name=\"twitter:data2\" content=\"4 minutes\" \/>\n<script type=\"application\/ld+json\" class=\"yoast-schema-graph\">{\"@context\":\"https:\/\/schema.org\",\"@graph\":[{\"@type\":\"Article\",\"@id\":\"https:\/\/vieassociative.be\/actualites\/melania-trump-preside-la-reunion-du-conseil-de-securite-de-lonu-critiques\/#article\",\"isPartOf\":{\"@id\":\"https:\/\/vieassociative.be\/actualites\/melania-trump-preside-la-reunion-du-conseil-de-securite-de-lonu-critiques\/\"},\"author\":{\"name\":\"Julien\",\"@id\":\"https:\/\/vieassociative.be\/actualites\/#\/schema\/person\/b87ac4f82f9d4e7b7cec7395b679edc4\"},\"headline\":\"Melania Trump pr\u00e9side la r\u00e9union du Conseil de s\u00e9curit\u00e9 de l\u2019ONU \u2013 critiques\",\"datePublished\":\"2026-03-03T15:18:37+00:00\",\"dateModified\":\"2026-03-03T15:18:37+00:00\",\"mainEntityOfPage\":{\"@id\":\"https:\/\/vieassociative.be\/actualites\/melania-trump-preside-la-reunion-du-conseil-de-securite-de-lonu-critiques\/\"},\"wordCount\":862,\"publisher\":{\"@id\":\"https:\/\/vieassociative.be\/actualites\/#organization\"},\"image\":{\"@id\":\"https:\/\/vieassociative.be\/actualites\/melania-trump-preside-la-reunion-du-conseil-de-securite-de-lonu-critiques\/#primaryimage\"},\"thumbnailUrl\":\"https:\/\/vieassociative.be\/actualites\/wp-content\/uploads\/2026\/03\/1772551118_Melania-Trump-preside-la-reunion-du-Conseil-de-securite-de.jpg\",\"keywords\":[\"conseil\",\"critiques\",\"lONU\",\"Melania\",\"pr\u00e9side\",\"r\u00e9union\",\"s\u00e9curit\u00e9\",\"Trump\"],\"articleSection\":[\"Belgique\"],\"inLanguage\":\"fr-BE\"},{\"@type\":\"WebPage\",\"@id\":\"https:\/\/vieassociative.be\/actualites\/melania-trump-preside-la-reunion-du-conseil-de-securite-de-lonu-critiques\/\",\"url\":\"https:\/\/vieassociative.be\/actualites\/melania-trump-preside-la-reunion-du-conseil-de-securite-de-lonu-critiques\/\",\"name\":\"Melania Trump pr\u00e9side la r\u00e9union du Conseil de s\u00e9curit\u00e9 de l\u2019ONU \u2013 critiques | Vie Associative\",\"isPartOf\":{\"@id\":\"https:\/\/vieassociative.be\/actualites\/#website\"},\"primaryImageOfPage\":{\"@id\":\"https:\/\/vieassociative.be\/actualites\/melania-trump-preside-la-reunion-du-conseil-de-securite-de-lonu-critiques\/#primaryimage\"},\"image\":{\"@id\":\"https:\/\/vieassociative.be\/actualites\/melania-trump-preside-la-reunion-du-conseil-de-securite-de-lonu-critiques\/#primaryimage\"},\"thumbnailUrl\":\"https:\/\/vieassociative.be\/actualites\/wp-content\/uploads\/2026\/03\/1772551118_Melania-Trump-preside-la-reunion-du-Conseil-de-securite-de.jpg\",\"datePublished\":\"2026-03-03T15:18:37+00:00\",\"dateModified\":\"2026-03-03T15:18:37+00:00\",\"breadcrumb\":{\"@id\":\"https:\/\/vieassociative.be\/actualites\/melania-trump-preside-la-reunion-du-conseil-de-securite-de-lonu-critiques\/#breadcrumb\"},\"inLanguage\":\"fr-BE\",\"potentialAction\":[{\"@type\":\"ReadAction\",\"target\":[\"https:\/\/vieassociative.be\/actualites\/melania-trump-preside-la-reunion-du-conseil-de-securite-de-lonu-critiques\/\"]}]},{\"@type\":\"ImageObject\",\"inLanguage\":\"fr-BE\",\"@id\":\"https:\/\/vieassociative.be\/actualites\/melania-trump-preside-la-reunion-du-conseil-de-securite-de-lonu-critiques\/#primaryimage\",\"url\":\"https:\/\/vieassociative.be\/actualites\/wp-content\/uploads\/2026\/03\/1772551118_Melania-Trump-preside-la-reunion-du-Conseil-de-securite-de.jpg\",\"contentUrl\":\"https:\/\/vieassociative.be\/actualites\/wp-content\/uploads\/2026\/03\/1772551118_Melania-Trump-preside-la-reunion-du-Conseil-de-securite-de.jpg\",\"width\":1200,\"height\":800,\"caption\":\"Melania Trump pr\u00e9side la r\u00e9union du Conseil de s\u00e9curit\u00e9 de l\u2019ONU \u2013 critiques\"},{\"@type\":\"BreadcrumbList\",\"@id\":\"https:\/\/vieassociative.be\/actualites\/melania-trump-preside-la-reunion-du-conseil-de-securite-de-lonu-critiques\/#breadcrumb\",\"itemListElement\":[{\"@type\":\"ListItem\",\"position\":1,\"name\":\"Accueil\",\"item\":\"https:\/\/vieassociative.be\/actualites\/\"},{\"@type\":\"ListItem\",\"position\":2,\"name\":\"Melania Trump pr\u00e9side la r\u00e9union du Conseil de s\u00e9curit\u00e9 de l\u2019ONU \u2013 critiques\"}]},{\"@type\":\"WebSite\",\"@id\":\"https:\/\/vieassociative.be\/actualites\/#website\",\"url\":\"https:\/\/vieassociative.be\/actualites\/\",\"name\":\"Vie Associative\",\"description\":\"\",\"publisher\":{\"@id\":\"https:\/\/vieassociative.be\/actualites\/#organization\"},\"potentialAction\":[{\"@type\":\"SearchAction\",\"target\":{\"@type\":\"EntryPoint\",\"urlTemplate\":\"https:\/\/vieassociative.be\/actualites\/?s={search_term_string}\"},\"query-input\":{\"@type\":\"PropertyValueSpecification\",\"valueRequired\":true,\"valueName\":\"search_term_string\"}}],\"inLanguage\":\"fr-BE\"},{\"@type\":\"Organization\",\"@id\":\"https:\/\/vieassociative.be\/actualites\/#organization\",\"name\":\"Vie Associative\",\"url\":\"https:\/\/vieassociative.be\/actualites\/\",\"logo\":{\"@type\":\"ImageObject\",\"inLanguage\":\"fr-BE\",\"@id\":\"https:\/\/vieassociative.be\/actualites\/#\/schema\/logo\/image\/\",\"url\":\"https:\/\/vieassociative.be\/actualites\/wp-content\/uploads\/2024\/09\/cropped-vieassociative_favicon.ico.png\",\"contentUrl\":\"https:\/\/vieassociative.be\/actualites\/wp-content\/uploads\/2024\/09\/cropped-vieassociative_favicon.ico.png\",\"width\":512,\"height\":512,\"caption\":\"Vie Associative\"},\"image\":{\"@id\":\"https:\/\/vieassociative.be\/actualites\/#\/schema\/logo\/image\/\"}},{\"@type\":\"Person\",\"@id\":\"https:\/\/vieassociative.be\/actualites\/#\/schema\/person\/b87ac4f82f9d4e7b7cec7395b679edc4\",\"name\":\"Julien\",\"image\":{\"@type\":\"ImageObject\",\"inLanguage\":\"fr-BE\",\"@id\":\"https:\/\/vieassociative.be\/actualites\/#\/schema\/person\/image\/\",\"url\":\"https:\/\/vieassociative.be\/actualites\/wp-content\/uploads\/2024\/09\/vie-associative-1-150x150.jpg\",\"contentUrl\":\"https:\/\/vieassociative.be\/actualites\/wp-content\/uploads\/2024\/09\/vie-associative-1-150x150.jpg\",\"caption\":\"Julien\"},\"description\":\"Je suis Julien, r\u00e9dacteur pour Vie Associative. Passionn\u00e9 par le monde associatif depuis plus de 10 ans, j'ai \u00e0 c\u0153ur de partager des histoires inspirantes et de mettre en lumi\u00e8re les initiatives locales. Mon objectif est de sensibiliser et d'encourager l'engagement communautaire \u00e0 travers mes articles.\",\"sameAs\":[\"https:\/\/vieassociative.be\/\"]}]}<\/script>\n<!-- \/ Yoast SEO plugin. -->","yoast_head_json":{"title":"Melania Trump pr\u00e9side la r\u00e9union du Conseil de s\u00e9curit\u00e9 de l\u2019ONU \u2013 critiques | Vie Associative","robots":{"index":"index","follow":"follow","max-snippet":"max-snippet:-1","max-image-preview":"max-image-preview:large","max-video-preview":"max-video-preview:-1"},"canonical":"https:\/\/vieassociative.be\/actualites\/melania-trump-preside-la-reunion-du-conseil-de-securite-de-lonu-critiques\/","og_locale":"fr_FR","og_type":"article","og_title":"Melania Trump pr\u00e9side la r\u00e9union du Conseil de s\u00e9curit\u00e9 de l\u2019ONU \u2013 critiques | Vie Associative","og_description":"Quelques jours apr\u00e8s le d\u00e9but des attaques isra\u00e9lo-am\u00e9ricaines contre l\u2019Iran, Melania Trump est devenue la premi\u00e8re premi\u00e8re dame \u00e0 pr\u00e9sider une r\u00e9union du Conseil de","og_url":"https:\/\/vieassociative.be\/actualites\/melania-trump-preside-la-reunion-du-conseil-de-securite-de-lonu-critiques\/","og_site_name":"Vie Associative","article_published_time":"2026-03-03T15:18:37+00:00","og_image":[{"width":279,"height":92,"url":"https:\/\/vieassociative.be\/actualites\/wp-content\/uploads\/2024\/09\/header_backgroundk-01-e1726694325946.png","type":"image\/png"}],"author":"Julien","twitter_card":"summary_large_image","twitter_misc":{"\u00c9crit par":"Julien","Dur\u00e9e de lecture est.":"4 minutes"},"schema":{"@context":"https:\/\/schema.org","@graph":[{"@type":"Article","@id":"https:\/\/vieassociative.be\/actualites\/melania-trump-preside-la-reunion-du-conseil-de-securite-de-lonu-critiques\/#article","isPartOf":{"@id":"https:\/\/vieassociative.be\/actualites\/melania-trump-preside-la-reunion-du-conseil-de-securite-de-lonu-critiques\/"},"author":{"name":"Julien","@id":"https:\/\/vieassociative.be\/actualites\/#\/schema\/person\/b87ac4f82f9d4e7b7cec7395b679edc4"},"headline":"Melania Trump pr\u00e9side la r\u00e9union du Conseil de s\u00e9curit\u00e9 de l\u2019ONU \u2013 critiques","datePublished":"2026-03-03T15:18:37+00:00","dateModified":"2026-03-03T15:18:37+00:00","mainEntityOfPage":{"@id":"https:\/\/vieassociative.be\/actualites\/melania-trump-preside-la-reunion-du-conseil-de-securite-de-lonu-critiques\/"},"wordCount":862,"publisher":{"@id":"https:\/\/vieassociative.be\/actualites\/#organization"},"image":{"@id":"https:\/\/vieassociative.be\/actualites\/melania-trump-preside-la-reunion-du-conseil-de-securite-de-lonu-critiques\/#primaryimage"},"thumbnailUrl":"https:\/\/vieassociative.be\/actualites\/wp-content\/uploads\/2026\/03\/1772551118_Melania-Trump-preside-la-reunion-du-Conseil-de-securite-de.jpg","keywords":["conseil","critiques","lONU","Melania","pr\u00e9side","r\u00e9union","s\u00e9curit\u00e9","Trump"],"articleSection":["Belgique"],"inLanguage":"fr-BE"},{"@type":"WebPage","@id":"https:\/\/vieassociative.be\/actualites\/melania-trump-preside-la-reunion-du-conseil-de-securite-de-lonu-critiques\/","url":"https:\/\/vieassociative.be\/actualites\/melania-trump-preside-la-reunion-du-conseil-de-securite-de-lonu-critiques\/","name":"Melania Trump pr\u00e9side la r\u00e9union du Conseil de s\u00e9curit\u00e9 de l\u2019ONU \u2013 critiques | Vie Associative","isPartOf":{"@id":"https:\/\/vieassociative.be\/actualites\/#website"},"primaryImageOfPage":{"@id":"https:\/\/vieassociative.be\/actualites\/melania-trump-preside-la-reunion-du-conseil-de-securite-de-lonu-critiques\/#primaryimage"},"image":{"@id":"https:\/\/vieassociative.be\/actualites\/melania-trump-preside-la-reunion-du-conseil-de-securite-de-lonu-critiques\/#primaryimage"},"thumbnailUrl":"https:\/\/vieassociative.be\/actualites\/wp-content\/uploads\/2026\/03\/1772551118_Melania-Trump-preside-la-reunion-du-Conseil-de-securite-de.jpg","datePublished":"2026-03-03T15:18:37+00:00","dateModified":"2026-03-03T15:18:37+00:00","breadcrumb":{"@id":"https:\/\/vieassociative.be\/actualites\/melania-trump-preside-la-reunion-du-conseil-de-securite-de-lonu-critiques\/#breadcrumb"},"inLanguage":"fr-BE","potentialAction":[{"@type":"ReadAction","target":["https:\/\/vieassociative.be\/actualites\/melania-trump-preside-la-reunion-du-conseil-de-securite-de-lonu-critiques\/"]}]},{"@type":"ImageObject","inLanguage":"fr-BE","@id":"https:\/\/vieassociative.be\/actualites\/melania-trump-preside-la-reunion-du-conseil-de-securite-de-lonu-critiques\/#primaryimage","url":"https:\/\/vieassociative.be\/actualites\/wp-content\/uploads\/2026\/03\/1772551118_Melania-Trump-preside-la-reunion-du-Conseil-de-securite-de.jpg","contentUrl":"https:\/\/vieassociative.be\/actualites\/wp-content\/uploads\/2026\/03\/1772551118_Melania-Trump-preside-la-reunion-du-Conseil-de-securite-de.jpg","width":1200,"height":800,"caption":"Melania Trump pr\u00e9side la r\u00e9union du Conseil de s\u00e9curit\u00e9 de l\u2019ONU \u2013 critiques"},{"@type":"BreadcrumbList","@id":"https:\/\/vieassociative.be\/actualites\/melania-trump-preside-la-reunion-du-conseil-de-securite-de-lonu-critiques\/#breadcrumb","itemListElement":[{"@type":"ListItem","position":1,"name":"Accueil","item":"https:\/\/vieassociative.be\/actualites\/"},{"@type":"ListItem","position":2,"name":"Melania Trump pr\u00e9side la r\u00e9union du Conseil de s\u00e9curit\u00e9 de l\u2019ONU \u2013 critiques"}]},{"@type":"WebSite","@id":"https:\/\/vieassociative.be\/actualites\/#website","url":"https:\/\/vieassociative.be\/actualites\/","name":"Vie Associative","description":"","publisher":{"@id":"https:\/\/vieassociative.be\/actualites\/#organization"},"potentialAction":[{"@type":"SearchAction","target":{"@type":"EntryPoint","urlTemplate":"https:\/\/vieassociative.be\/actualites\/?s={search_term_string}"},"query-input":{"@type":"PropertyValueSpecification","valueRequired":true,"valueName":"search_term_string"}}],"inLanguage":"fr-BE"},{"@type":"Organization","@id":"https:\/\/vieassociative.be\/actualites\/#organization","name":"Vie Associative","url":"https:\/\/vieassociative.be\/actualites\/","logo":{"@type":"ImageObject","inLanguage":"fr-BE","@id":"https:\/\/vieassociative.be\/actualites\/#\/schema\/logo\/image\/","url":"https:\/\/vieassociative.be\/actualites\/wp-content\/uploads\/2024\/09\/cropped-vieassociative_favicon.ico.png","contentUrl":"https:\/\/vieassociative.be\/actualites\/wp-content\/uploads\/2024\/09\/cropped-vieassociative_favicon.ico.png","width":512,"height":512,"caption":"Vie Associative"},"image":{"@id":"https:\/\/vieassociative.be\/actualites\/#\/schema\/logo\/image\/"}},{"@type":"Person","@id":"https:\/\/vieassociative.be\/actualites\/#\/schema\/person\/b87ac4f82f9d4e7b7cec7395b679edc4","name":"Julien","image":{"@type":"ImageObject","inLanguage":"fr-BE","@id":"https:\/\/vieassociative.be\/actualites\/#\/schema\/person\/image\/","url":"https:\/\/vieassociative.be\/actualites\/wp-content\/uploads\/2024\/09\/vie-associative-1-150x150.jpg","contentUrl":"https:\/\/vieassociative.be\/actualites\/wp-content\/uploads\/2024\/09\/vie-associative-1-150x150.jpg","caption":"Julien"},"description":"Je suis Julien, r\u00e9dacteur pour Vie Associative. Passionn\u00e9 par le monde associatif depuis plus de 10 ans, j'ai \u00e0 c\u0153ur de partager des histoires inspirantes et de mettre en lumi\u00e8re les initiatives locales. Mon objectif est de sensibiliser et d'encourager l'engagement communautaire \u00e0 travers mes articles.","sameAs":["https:\/\/vieassociative.be\/"]}]}},"_links":{"self":[{"href":"https:\/\/vieassociative.be\/actualites\/wp-json\/wp\/v2\/posts\/12880"}],"collection":[{"href":"https:\/\/vieassociative.be\/actualites\/wp-json\/wp\/v2\/posts"}],"about":[{"href":"https:\/\/vieassociative.be\/actualites\/wp-json\/wp\/v2\/types\/post"}],"author":[{"embeddable":true,"href":"https:\/\/vieassociative.be\/actualites\/wp-json\/wp\/v2\/users\/1"}],"replies":[{"embeddable":true,"href":"https:\/\/vieassociative.be\/actualites\/wp-json\/wp\/v2\/comments?post=12880"}],"version-history":[{"count":0,"href":"https:\/\/vieassociative.be\/actualites\/wp-json\/wp\/v2\/posts\/12880\/revisions"}],"wp:featuredmedia":[{"embeddable":true,"href":"https:\/\/vieassociative.be\/actualites\/wp-json\/wp\/v2\/media\/12881"}],"wp:attachment":[{"href":"https:\/\/vieassociative.be\/actualites\/wp-json\/wp\/v2\/media?parent=12880"}],"wp:term":[{"taxonomy":"category","embeddable":true,"href":"https:\/\/vieassociative.be\/actualites\/wp-json\/wp\/v2\/categories?post=12880"},{"taxonomy":"post_tag","embeddable":true,"href":"https:\/\/vieassociative.be\/actualites\/wp-json\/wp\/v2\/tags?post=12880"}],"curies":[{"name":"wp","href":"https:\/\/api.w.org\/{rel}","templated":true}]}}