{"id":12870,"date":"2026-03-02T22:18:36","date_gmt":"2026-03-02T21:18:36","guid":{"rendered":"https:\/\/vieassociative.be\/actualites\/les-prix-du-petrole-augmentent-considerablement-en-raison-du-conflit-iranien-de-longues-files-dattente-dans-les-stations-service-de-lest-de-la-belgique\/"},"modified":"2026-03-02T22:18:36","modified_gmt":"2026-03-02T21:18:36","slug":"les-prix-du-petrole-augmentent-considerablement-en-raison-du-conflit-iranien-de-longues-files-dattente-dans-les-stations-service-de-lest-de-la-belgique","status":"publish","type":"post","link":"https:\/\/vieassociative.be\/actualites\/les-prix-du-petrole-augmentent-considerablement-en-raison-du-conflit-iranien-de-longues-files-dattente-dans-les-stations-service-de-lest-de-la-belgique\/","title":{"rendered":"Les prix du p\u00e9trole augmentent consid\u00e9rablement en raison du conflit iranien &#8211; de longues files d&rsquo;attente dans les stations-service de l&rsquo;Est de la Belgique"},"content":{"rendered":"<p><strong>Les prix du p\u00e9trole montent en fl\u00e8che apr\u00e8s les attaques au Moyen-Orient. Comment les march\u00e9s r\u00e9agissent-ils \u00e0 la situation tendue dans le d\u00e9troit d\u2019Ormuz ?<\/strong><\/p>\n<p><span id=\"more-437329\"><\/span>Lundi soir, les prix du p\u00e9trole Brent de la mer du Nord et du p\u00e9trole brut des \u00c9tats-Unis ont augment\u00e9 de plus de dix pour cent chacun au cours des premi\u00e8res minutes de n\u00e9gociation. Le p\u00e9trole Brent a atteint son plus haut niveau depuis juillet 2024 \u00e0 82,37 dollars le baril (159 litres) et le p\u00e9trole am\u00e9ricain a atteint son plus haut niveau depuis juin 2025 \u00e0 75,33 dollars.<\/p>\n<p>Plus r\u00e9cemment, le prix du baril de Brent de la mer du Nord pour livraison en avril n&rsquo;\u00e9tait que de 5 dollars, soit environ 7,5 % de plus, \u00e0 78,05 dollars. Le prix du p\u00e9trole am\u00e9ricain West Texas Intermediate (WTI) a augment\u00e9 de plus de 4 dollars pour atteindre 71,52 dollars.<\/p>\n<div id=\"attachment_437332\" class=\"wp-caption alignleft\" style=\"max-width: 300px\"><img fetchpriority=\"high\" decoding=\"async\" class=\"wp-image-437332 size-medium\" src=\"https:\/\/vieassociative.be\/actualites\/wp-content\/uploads\/2026\/03\/Les-prix-du-petrole-augmentent-considerablement-en-raison-du-conflit.jpg\" alt=\"\" width=\"300\" height=\"225\"><\/div>\n<p><strong>\u2013 D\u00e9troit d\u2019Ormuz, le d\u00e9troit le plus important pour le transport p\u00e9trolier : <\/strong>Ce week-end, Isra\u00ebl et les \u00c9tats-Unis ont attaqu\u00e9 l&rsquo;Iran, tuant notamment le chef de l&rsquo;\u00c9tat et chef religieux du pays, l&rsquo;ayatollah Ali Khamenei. L\u2019Iran a r\u00e9pondu par des contre-attaques et a \u00e9galement restreint la navigation via le d\u00e9troit d\u2019Ormuz, un point d\u2019\u00e9tranglement cl\u00e9 pour le commerce mondial de l\u2019\u00e9nergie.<\/p>\n<p>Environ un cinqui\u00e8me des exp\u00e9ditions mondiales de p\u00e9trole transitent chaque jour par le d\u00e9troit de la r\u00e9gion riche en p\u00e9trole du golfe Persique. Toute perturbation pourrait entra\u00eener une hausse des prix de l\u2019\u00e9nergie et perturber les march\u00e9s internationaux. Les \u00c9tats du r\u00e9seau p\u00e9trolier OPEP+, qui comprend les \u00c9tats de l&rsquo;OPEP ainsi que d&rsquo;autres \u00c9tats producteurs importants comme la Russie, ont d\u00e9cid\u00e9 lors d&rsquo;une r\u00e9union pr\u00e9vue dimanche d&rsquo;augmenter la production quotidienne afin d&rsquo;\u00e9viter les goulots d&rsquo;\u00e9tranglement et les augmentations excessives des prix.<\/p>\n<p>Au total, l&rsquo;OPEP+ souhaite augmenter sa production quotidienne de 206 000 barils, comme l&rsquo;a annonc\u00e9 l&rsquo;association apr\u00e8s une r\u00e9union en ligne. Toutefois, le groupe n\u2019a fait aucune mention de la r\u00e9cente guerre au Moyen-Orient. L\u2019augmentation de la production s\u2019explique plut\u00f4t par les perspectives stables du d\u00e9veloppement \u00e9conomique mondial et par la faiblesse des stocks de p\u00e9trole.<\/p>\n<div id=\"attachment_437331\" class=\"wp-caption alignleft\" style=\"max-width: 300px\"><img decoding=\"async\" class=\"wp-image-437331 size-medium\" src=\"https:\/\/vieassociative.be\/actualites\/wp-content\/uploads\/2026\/03\/1772486316_278_Les-prix-du-petrole-augmentent-considerablement-en-raison-du-conflit.jpg\" alt=\"\" width=\"300\" height=\"196\"><\/div>\n<p><strong>\u2013 Le prix du p\u00e9trole brut pourrait atteindre 100 $ le baril :<\/strong> Selon les analystes, l&rsquo;ampleur et le rythme de l&rsquo;escalade de la situation au Moyen-Orient dans les prochains jours seront d\u00e9termin\u00e9s par divers facteurs. Entre autres choses, la hausse des prix du p\u00e9trole pourrait \u00ab d\u00e9clencher une dynamique de d\u00e9sescalade \u00bb.<\/p>\n<p>Les experts estiment que le prix du p\u00e9trole Brent de la mer du Nord pourrait encore augmenter jusqu&rsquo;\u00e0 la barre des 100 dollars en cas de fermeture prolong\u00e9e du d\u00e9troit d&rsquo;Ormuz. Si le prix du p\u00e9trole restait aussi \u00e9lev\u00e9 pendant plusieurs mois, cela augmenterait math\u00e9matiquement l\u2019inflation dans la zone euro de plus d\u2019un point de pourcentage et r\u00e9duirait la croissance \u00e9conomique de quelques dixi\u00e8mes de point de pourcentage.<\/p>\n<p>L&rsquo;ambiance chaude sur les march\u00e9s p\u00e9troliers \u00e9tait d\u00e9j\u00e0 perceptible dans l&rsquo;Est de la Belgique. Lundi, de longues files d&rsquo;attente se sont form\u00e9es devant les pompes de la station-service TotalEnergies \u00e0 Eynatten, o\u00f9 tout au long de la journ\u00e9e, ce sont principalement des conducteurs de la r\u00e9gion d&rsquo;Aix-la-Chapelle qui ont rempli leurs r\u00e9servoirs jusqu&rsquo;\u00e0 ce qu&rsquo;ils d\u00e9bordent. Il y a m\u00eame eu des perturbations dans la Aachener Stra\u00dfe en direction de la fronti\u00e8re car les files d&rsquo;attente g\u00eanaient la circulation en provenance d&rsquo;Eynatten. La situation n&rsquo;\u00e9tait pas tr\u00e8s diff\u00e9rente dans les autres stations de pompage de l&rsquo;Est de la Belgique. (dpa\/cr\u00e9)<\/p>\n","protected":false},"excerpt":{"rendered":"<p>Les prix du p\u00e9trole montent en fl\u00e8che apr\u00e8s les attaques au Moyen-Orient. Comment les march\u00e9s r\u00e9agissent-ils \u00e0 la situation tendue dans le d\u00e9troit d\u2019Ormuz ?<\/p>\n","protected":false},"author":1,"featured_media":12871,"comment_status":"","ping_status":"","sticky":false,"template":"","format":"standard","meta":{"footnotes":""},"categories":[298],"tags":[4315,383,7397,2221,166,2357,10149,10147,14,10148,10146,1399,3261,10150],"class_list":["post-12870","post","type-post","status-publish","format-standard","has-post-thumbnail","hentry","category-belgique","tag-augmentent","tag-belgique","tag-conflit","tag-considerablement","tag-dans","tag-dattente","tag-files","tag-iranien","tag-les","tag-longues","tag-petrole","tag-prix","tag-raison","tag-stationsservice","generate-columns","tablet-grid-50","mobile-grid-100","grid-parent","grid-33"],"yoast_head":"<!-- This site is optimized with the Yoast SEO plugin v24.0 - https:\/\/yoast.com\/wordpress\/plugins\/seo\/ -->\n<title>Les prix du p\u00e9trole augmentent consid\u00e9rablement en raison du conflit iranien - de longues files d&#039;attente dans les stations-service de l&#039;Est de la Belgique | Vie Associative<\/title>\n<meta name=\"robots\" content=\"index, follow, max-snippet:-1, max-image-preview:large, max-video-preview:-1\" \/>\n<link rel=\"canonical\" href=\"https:\/\/vieassociative.be\/actualites\/les-prix-du-petrole-augmentent-considerablement-en-raison-du-conflit-iranien-de-longues-files-dattente-dans-les-stations-service-de-lest-de-la-belgique\/\" \/>\n<meta property=\"og:locale\" content=\"fr_FR\" \/>\n<meta property=\"og:type\" content=\"article\" \/>\n<meta property=\"og:title\" content=\"Les prix du p\u00e9trole augmentent consid\u00e9rablement en raison du conflit iranien - de longues files d&#039;attente dans les stations-service de l&#039;Est de la Belgique | Vie Associative\" \/>\n<meta property=\"og:description\" content=\"Les prix du p\u00e9trole montent en fl\u00e8che apr\u00e8s les attaques au Moyen-Orient. Comment les march\u00e9s r\u00e9agissent-ils \u00e0 la situation tendue dans le d\u00e9troit d\u2019Ormuz ?\" \/>\n<meta property=\"og:url\" content=\"https:\/\/vieassociative.be\/actualites\/les-prix-du-petrole-augmentent-considerablement-en-raison-du-conflit-iranien-de-longues-files-dattente-dans-les-stations-service-de-lest-de-la-belgique\/\" \/>\n<meta property=\"og:site_name\" content=\"Vie Associative\" \/>\n<meta property=\"article:published_time\" content=\"2026-03-02T21:18:36+00:00\" \/>\n<meta property=\"og:image\" content=\"https:\/\/vieassociative.be\/actualites\/wp-content\/uploads\/2024\/09\/header_backgroundk-01-e1726694325946.png\" \/>\n\t<meta property=\"og:image:width\" content=\"279\" \/>\n\t<meta property=\"og:image:height\" content=\"92\" \/>\n\t<meta property=\"og:image:type\" content=\"image\/png\" \/>\n<meta name=\"author\" content=\"Julien\" \/>\n<meta name=\"twitter:card\" content=\"summary_large_image\" \/>\n<meta name=\"twitter:label1\" content=\"\u00c9crit par\" \/>\n\t<meta name=\"twitter:data1\" content=\"Julien\" \/>\n\t<meta name=\"twitter:label2\" content=\"Dur\u00e9e de lecture est.\" \/>\n\t<meta name=\"twitter:data2\" content=\"3 minutes\" \/>\n<script type=\"application\/ld+json\" class=\"yoast-schema-graph\">{\"@context\":\"https:\/\/schema.org\",\"@graph\":[{\"@type\":\"Article\",\"@id\":\"https:\/\/vieassociative.be\/actualites\/les-prix-du-petrole-augmentent-considerablement-en-raison-du-conflit-iranien-de-longues-files-dattente-dans-les-stations-service-de-lest-de-la-belgique\/#article\",\"isPartOf\":{\"@id\":\"https:\/\/vieassociative.be\/actualites\/les-prix-du-petrole-augmentent-considerablement-en-raison-du-conflit-iranien-de-longues-files-dattente-dans-les-stations-service-de-lest-de-la-belgique\/\"},\"author\":{\"name\":\"Julien\",\"@id\":\"https:\/\/vieassociative.be\/actualites\/#\/schema\/person\/b87ac4f82f9d4e7b7cec7395b679edc4\"},\"headline\":\"Les prix du p\u00e9trole augmentent consid\u00e9rablement en raison du conflit iranien &#8211; de longues files d&rsquo;attente dans les stations-service de l&rsquo;Est de la Belgique\",\"datePublished\":\"2026-03-02T21:18:36+00:00\",\"dateModified\":\"2026-03-02T21:18:36+00:00\",\"mainEntityOfPage\":{\"@id\":\"https:\/\/vieassociative.be\/actualites\/les-prix-du-petrole-augmentent-considerablement-en-raison-du-conflit-iranien-de-longues-files-dattente-dans-les-stations-service-de-lest-de-la-belgique\/\"},\"wordCount\":671,\"publisher\":{\"@id\":\"https:\/\/vieassociative.be\/actualites\/#organization\"},\"image\":{\"@id\":\"https:\/\/vieassociative.be\/actualites\/les-prix-du-petrole-augmentent-considerablement-en-raison-du-conflit-iranien-de-longues-files-dattente-dans-les-stations-service-de-lest-de-la-belgique\/#primaryimage\"},\"thumbnailUrl\":\"https:\/\/vieassociative.be\/actualites\/wp-content\/uploads\/2026\/03\/1772486316_Les-prix-du-petrole-augmentent-considerablement-en-raison-du-conflit.jpg\",\"keywords\":[\"augmentent\",\"Belgique\",\"conflit\",\"consid\u00e9rablement\",\"dans\",\"dattente\",\"files\",\"iranien\",\"Les\",\"longues\",\"p\u00e9trole\",\"prix\",\"raison\",\"stationsservice\"],\"articleSection\":[\"Belgique\"],\"inLanguage\":\"fr-BE\"},{\"@type\":\"WebPage\",\"@id\":\"https:\/\/vieassociative.be\/actualites\/les-prix-du-petrole-augmentent-considerablement-en-raison-du-conflit-iranien-de-longues-files-dattente-dans-les-stations-service-de-lest-de-la-belgique\/\",\"url\":\"https:\/\/vieassociative.be\/actualites\/les-prix-du-petrole-augmentent-considerablement-en-raison-du-conflit-iranien-de-longues-files-dattente-dans-les-stations-service-de-lest-de-la-belgique\/\",\"name\":\"Les prix du p\u00e9trole augmentent consid\u00e9rablement en raison du conflit iranien - de longues files d'attente dans les stations-service de l'Est de la Belgique | Vie Associative\",\"isPartOf\":{\"@id\":\"https:\/\/vieassociative.be\/actualites\/#website\"},\"primaryImageOfPage\":{\"@id\":\"https:\/\/vieassociative.be\/actualites\/les-prix-du-petrole-augmentent-considerablement-en-raison-du-conflit-iranien-de-longues-files-dattente-dans-les-stations-service-de-lest-de-la-belgique\/#primaryimage\"},\"image\":{\"@id\":\"https:\/\/vieassociative.be\/actualites\/les-prix-du-petrole-augmentent-considerablement-en-raison-du-conflit-iranien-de-longues-files-dattente-dans-les-stations-service-de-lest-de-la-belgique\/#primaryimage\"},\"thumbnailUrl\":\"https:\/\/vieassociative.be\/actualites\/wp-content\/uploads\/2026\/03\/1772486316_Les-prix-du-petrole-augmentent-considerablement-en-raison-du-conflit.jpg\",\"datePublished\":\"2026-03-02T21:18:36+00:00\",\"dateModified\":\"2026-03-02T21:18:36+00:00\",\"breadcrumb\":{\"@id\":\"https:\/\/vieassociative.be\/actualites\/les-prix-du-petrole-augmentent-considerablement-en-raison-du-conflit-iranien-de-longues-files-dattente-dans-les-stations-service-de-lest-de-la-belgique\/#breadcrumb\"},\"inLanguage\":\"fr-BE\",\"potentialAction\":[{\"@type\":\"ReadAction\",\"target\":[\"https:\/\/vieassociative.be\/actualites\/les-prix-du-petrole-augmentent-considerablement-en-raison-du-conflit-iranien-de-longues-files-dattente-dans-les-stations-service-de-lest-de-la-belgique\/\"]}]},{\"@type\":\"ImageObject\",\"inLanguage\":\"fr-BE\",\"@id\":\"https:\/\/vieassociative.be\/actualites\/les-prix-du-petrole-augmentent-considerablement-en-raison-du-conflit-iranien-de-longues-files-dattente-dans-les-stations-service-de-lest-de-la-belgique\/#primaryimage\",\"url\":\"https:\/\/vieassociative.be\/actualites\/wp-content\/uploads\/2026\/03\/1772486316_Les-prix-du-petrole-augmentent-considerablement-en-raison-du-conflit.jpg\",\"contentUrl\":\"https:\/\/vieassociative.be\/actualites\/wp-content\/uploads\/2026\/03\/1772486316_Les-prix-du-petrole-augmentent-considerablement-en-raison-du-conflit.jpg\",\"width\":1200,\"height\":834,\"caption\":\"Les prix du p\u00e9trole augmentent consid\u00e9rablement en raison du conflit iranien - de longues files d'attente dans les stations-service de l'Est de la Belgique\"},{\"@type\":\"BreadcrumbList\",\"@id\":\"https:\/\/vieassociative.be\/actualites\/les-prix-du-petrole-augmentent-considerablement-en-raison-du-conflit-iranien-de-longues-files-dattente-dans-les-stations-service-de-lest-de-la-belgique\/#breadcrumb\",\"itemListElement\":[{\"@type\":\"ListItem\",\"position\":1,\"name\":\"Accueil\",\"item\":\"https:\/\/vieassociative.be\/actualites\/\"},{\"@type\":\"ListItem\",\"position\":2,\"name\":\"Les prix du p\u00e9trole augmentent consid\u00e9rablement en raison du conflit iranien &#8211; de longues files d&rsquo;attente dans les stations-service de l&rsquo;Est de la Belgique\"}]},{\"@type\":\"WebSite\",\"@id\":\"https:\/\/vieassociative.be\/actualites\/#website\",\"url\":\"https:\/\/vieassociative.be\/actualites\/\",\"name\":\"Vie Associative\",\"description\":\"\",\"publisher\":{\"@id\":\"https:\/\/vieassociative.be\/actualites\/#organization\"},\"potentialAction\":[{\"@type\":\"SearchAction\",\"target\":{\"@type\":\"EntryPoint\",\"urlTemplate\":\"https:\/\/vieassociative.be\/actualites\/?s={search_term_string}\"},\"query-input\":{\"@type\":\"PropertyValueSpecification\",\"valueRequired\":true,\"valueName\":\"search_term_string\"}}],\"inLanguage\":\"fr-BE\"},{\"@type\":\"Organization\",\"@id\":\"https:\/\/vieassociative.be\/actualites\/#organization\",\"name\":\"Vie Associative\",\"url\":\"https:\/\/vieassociative.be\/actualites\/\",\"logo\":{\"@type\":\"ImageObject\",\"inLanguage\":\"fr-BE\",\"@id\":\"https:\/\/vieassociative.be\/actualites\/#\/schema\/logo\/image\/\",\"url\":\"https:\/\/vieassociative.be\/actualites\/wp-content\/uploads\/2024\/09\/cropped-vieassociative_favicon.ico.png\",\"contentUrl\":\"https:\/\/vieassociative.be\/actualites\/wp-content\/uploads\/2024\/09\/cropped-vieassociative_favicon.ico.png\",\"width\":512,\"height\":512,\"caption\":\"Vie Associative\"},\"image\":{\"@id\":\"https:\/\/vieassociative.be\/actualites\/#\/schema\/logo\/image\/\"}},{\"@type\":\"Person\",\"@id\":\"https:\/\/vieassociative.be\/actualites\/#\/schema\/person\/b87ac4f82f9d4e7b7cec7395b679edc4\",\"name\":\"Julien\",\"image\":{\"@type\":\"ImageObject\",\"inLanguage\":\"fr-BE\",\"@id\":\"https:\/\/vieassociative.be\/actualites\/#\/schema\/person\/image\/\",\"url\":\"https:\/\/vieassociative.be\/actualites\/wp-content\/uploads\/2024\/09\/vie-associative-1-150x150.jpg\",\"contentUrl\":\"https:\/\/vieassociative.be\/actualites\/wp-content\/uploads\/2024\/09\/vie-associative-1-150x150.jpg\",\"caption\":\"Julien\"},\"description\":\"Je suis Julien, r\u00e9dacteur pour Vie Associative. Passionn\u00e9 par le monde associatif depuis plus de 10 ans, j'ai \u00e0 c\u0153ur de partager des histoires inspirantes et de mettre en lumi\u00e8re les initiatives locales. Mon objectif est de sensibiliser et d'encourager l'engagement communautaire \u00e0 travers mes articles.\",\"sameAs\":[\"https:\/\/vieassociative.be\/\"]}]}<\/script>\n<!-- \/ Yoast SEO plugin. -->","yoast_head_json":{"title":"Les prix du p\u00e9trole augmentent consid\u00e9rablement en raison du conflit iranien - de longues files d'attente dans les stations-service de l'Est de la Belgique | Vie Associative","robots":{"index":"index","follow":"follow","max-snippet":"max-snippet:-1","max-image-preview":"max-image-preview:large","max-video-preview":"max-video-preview:-1"},"canonical":"https:\/\/vieassociative.be\/actualites\/les-prix-du-petrole-augmentent-considerablement-en-raison-du-conflit-iranien-de-longues-files-dattente-dans-les-stations-service-de-lest-de-la-belgique\/","og_locale":"fr_FR","og_type":"article","og_title":"Les prix du p\u00e9trole augmentent consid\u00e9rablement en raison du conflit iranien - de longues files d'attente dans les stations-service de l'Est de la Belgique | Vie Associative","og_description":"Les prix du p\u00e9trole montent en fl\u00e8che apr\u00e8s les attaques au Moyen-Orient. Comment les march\u00e9s r\u00e9agissent-ils \u00e0 la situation tendue dans le d\u00e9troit d\u2019Ormuz ?","og_url":"https:\/\/vieassociative.be\/actualites\/les-prix-du-petrole-augmentent-considerablement-en-raison-du-conflit-iranien-de-longues-files-dattente-dans-les-stations-service-de-lest-de-la-belgique\/","og_site_name":"Vie Associative","article_published_time":"2026-03-02T21:18:36+00:00","og_image":[{"width":279,"height":92,"url":"https:\/\/vieassociative.be\/actualites\/wp-content\/uploads\/2024\/09\/header_backgroundk-01-e1726694325946.png","type":"image\/png"}],"author":"Julien","twitter_card":"summary_large_image","twitter_misc":{"\u00c9crit par":"Julien","Dur\u00e9e de lecture est.":"3 minutes"},"schema":{"@context":"https:\/\/schema.org","@graph":[{"@type":"Article","@id":"https:\/\/vieassociative.be\/actualites\/les-prix-du-petrole-augmentent-considerablement-en-raison-du-conflit-iranien-de-longues-files-dattente-dans-les-stations-service-de-lest-de-la-belgique\/#article","isPartOf":{"@id":"https:\/\/vieassociative.be\/actualites\/les-prix-du-petrole-augmentent-considerablement-en-raison-du-conflit-iranien-de-longues-files-dattente-dans-les-stations-service-de-lest-de-la-belgique\/"},"author":{"name":"Julien","@id":"https:\/\/vieassociative.be\/actualites\/#\/schema\/person\/b87ac4f82f9d4e7b7cec7395b679edc4"},"headline":"Les prix du p\u00e9trole augmentent consid\u00e9rablement en raison du conflit iranien &#8211; de longues files d&rsquo;attente dans les stations-service de l&rsquo;Est de la Belgique","datePublished":"2026-03-02T21:18:36+00:00","dateModified":"2026-03-02T21:18:36+00:00","mainEntityOfPage":{"@id":"https:\/\/vieassociative.be\/actualites\/les-prix-du-petrole-augmentent-considerablement-en-raison-du-conflit-iranien-de-longues-files-dattente-dans-les-stations-service-de-lest-de-la-belgique\/"},"wordCount":671,"publisher":{"@id":"https:\/\/vieassociative.be\/actualites\/#organization"},"image":{"@id":"https:\/\/vieassociative.be\/actualites\/les-prix-du-petrole-augmentent-considerablement-en-raison-du-conflit-iranien-de-longues-files-dattente-dans-les-stations-service-de-lest-de-la-belgique\/#primaryimage"},"thumbnailUrl":"https:\/\/vieassociative.be\/actualites\/wp-content\/uploads\/2026\/03\/1772486316_Les-prix-du-petrole-augmentent-considerablement-en-raison-du-conflit.jpg","keywords":["augmentent","Belgique","conflit","consid\u00e9rablement","dans","dattente","files","iranien","Les","longues","p\u00e9trole","prix","raison","stationsservice"],"articleSection":["Belgique"],"inLanguage":"fr-BE"},{"@type":"WebPage","@id":"https:\/\/vieassociative.be\/actualites\/les-prix-du-petrole-augmentent-considerablement-en-raison-du-conflit-iranien-de-longues-files-dattente-dans-les-stations-service-de-lest-de-la-belgique\/","url":"https:\/\/vieassociative.be\/actualites\/les-prix-du-petrole-augmentent-considerablement-en-raison-du-conflit-iranien-de-longues-files-dattente-dans-les-stations-service-de-lest-de-la-belgique\/","name":"Les prix du p\u00e9trole augmentent consid\u00e9rablement en raison du conflit iranien - de longues files d'attente dans les stations-service de l'Est de la Belgique | Vie Associative","isPartOf":{"@id":"https:\/\/vieassociative.be\/actualites\/#website"},"primaryImageOfPage":{"@id":"https:\/\/vieassociative.be\/actualites\/les-prix-du-petrole-augmentent-considerablement-en-raison-du-conflit-iranien-de-longues-files-dattente-dans-les-stations-service-de-lest-de-la-belgique\/#primaryimage"},"image":{"@id":"https:\/\/vieassociative.be\/actualites\/les-prix-du-petrole-augmentent-considerablement-en-raison-du-conflit-iranien-de-longues-files-dattente-dans-les-stations-service-de-lest-de-la-belgique\/#primaryimage"},"thumbnailUrl":"https:\/\/vieassociative.be\/actualites\/wp-content\/uploads\/2026\/03\/1772486316_Les-prix-du-petrole-augmentent-considerablement-en-raison-du-conflit.jpg","datePublished":"2026-03-02T21:18:36+00:00","dateModified":"2026-03-02T21:18:36+00:00","breadcrumb":{"@id":"https:\/\/vieassociative.be\/actualites\/les-prix-du-petrole-augmentent-considerablement-en-raison-du-conflit-iranien-de-longues-files-dattente-dans-les-stations-service-de-lest-de-la-belgique\/#breadcrumb"},"inLanguage":"fr-BE","potentialAction":[{"@type":"ReadAction","target":["https:\/\/vieassociative.be\/actualites\/les-prix-du-petrole-augmentent-considerablement-en-raison-du-conflit-iranien-de-longues-files-dattente-dans-les-stations-service-de-lest-de-la-belgique\/"]}]},{"@type":"ImageObject","inLanguage":"fr-BE","@id":"https:\/\/vieassociative.be\/actualites\/les-prix-du-petrole-augmentent-considerablement-en-raison-du-conflit-iranien-de-longues-files-dattente-dans-les-stations-service-de-lest-de-la-belgique\/#primaryimage","url":"https:\/\/vieassociative.be\/actualites\/wp-content\/uploads\/2026\/03\/1772486316_Les-prix-du-petrole-augmentent-considerablement-en-raison-du-conflit.jpg","contentUrl":"https:\/\/vieassociative.be\/actualites\/wp-content\/uploads\/2026\/03\/1772486316_Les-prix-du-petrole-augmentent-considerablement-en-raison-du-conflit.jpg","width":1200,"height":834,"caption":"Les prix du p\u00e9trole augmentent consid\u00e9rablement en raison du conflit iranien - de longues files d'attente dans les stations-service de l'Est de la Belgique"},{"@type":"BreadcrumbList","@id":"https:\/\/vieassociative.be\/actualites\/les-prix-du-petrole-augmentent-considerablement-en-raison-du-conflit-iranien-de-longues-files-dattente-dans-les-stations-service-de-lest-de-la-belgique\/#breadcrumb","itemListElement":[{"@type":"ListItem","position":1,"name":"Accueil","item":"https:\/\/vieassociative.be\/actualites\/"},{"@type":"ListItem","position":2,"name":"Les prix du p\u00e9trole augmentent consid\u00e9rablement en raison du conflit iranien &#8211; de longues files d&rsquo;attente dans les stations-service de l&rsquo;Est de la Belgique"}]},{"@type":"WebSite","@id":"https:\/\/vieassociative.be\/actualites\/#website","url":"https:\/\/vieassociative.be\/actualites\/","name":"Vie Associative","description":"","publisher":{"@id":"https:\/\/vieassociative.be\/actualites\/#organization"},"potentialAction":[{"@type":"SearchAction","target":{"@type":"EntryPoint","urlTemplate":"https:\/\/vieassociative.be\/actualites\/?s={search_term_string}"},"query-input":{"@type":"PropertyValueSpecification","valueRequired":true,"valueName":"search_term_string"}}],"inLanguage":"fr-BE"},{"@type":"Organization","@id":"https:\/\/vieassociative.be\/actualites\/#organization","name":"Vie Associative","url":"https:\/\/vieassociative.be\/actualites\/","logo":{"@type":"ImageObject","inLanguage":"fr-BE","@id":"https:\/\/vieassociative.be\/actualites\/#\/schema\/logo\/image\/","url":"https:\/\/vieassociative.be\/actualites\/wp-content\/uploads\/2024\/09\/cropped-vieassociative_favicon.ico.png","contentUrl":"https:\/\/vieassociative.be\/actualites\/wp-content\/uploads\/2024\/09\/cropped-vieassociative_favicon.ico.png","width":512,"height":512,"caption":"Vie Associative"},"image":{"@id":"https:\/\/vieassociative.be\/actualites\/#\/schema\/logo\/image\/"}},{"@type":"Person","@id":"https:\/\/vieassociative.be\/actualites\/#\/schema\/person\/b87ac4f82f9d4e7b7cec7395b679edc4","name":"Julien","image":{"@type":"ImageObject","inLanguage":"fr-BE","@id":"https:\/\/vieassociative.be\/actualites\/#\/schema\/person\/image\/","url":"https:\/\/vieassociative.be\/actualites\/wp-content\/uploads\/2024\/09\/vie-associative-1-150x150.jpg","contentUrl":"https:\/\/vieassociative.be\/actualites\/wp-content\/uploads\/2024\/09\/vie-associative-1-150x150.jpg","caption":"Julien"},"description":"Je suis Julien, r\u00e9dacteur pour Vie Associative. Passionn\u00e9 par le monde associatif depuis plus de 10 ans, j'ai \u00e0 c\u0153ur de partager des histoires inspirantes et de mettre en lumi\u00e8re les initiatives locales. Mon objectif est de sensibiliser et d'encourager l'engagement communautaire \u00e0 travers mes articles.","sameAs":["https:\/\/vieassociative.be\/"]}]}},"_links":{"self":[{"href":"https:\/\/vieassociative.be\/actualites\/wp-json\/wp\/v2\/posts\/12870"}],"collection":[{"href":"https:\/\/vieassociative.be\/actualites\/wp-json\/wp\/v2\/posts"}],"about":[{"href":"https:\/\/vieassociative.be\/actualites\/wp-json\/wp\/v2\/types\/post"}],"author":[{"embeddable":true,"href":"https:\/\/vieassociative.be\/actualites\/wp-json\/wp\/v2\/users\/1"}],"replies":[{"embeddable":true,"href":"https:\/\/vieassociative.be\/actualites\/wp-json\/wp\/v2\/comments?post=12870"}],"version-history":[{"count":0,"href":"https:\/\/vieassociative.be\/actualites\/wp-json\/wp\/v2\/posts\/12870\/revisions"}],"wp:featuredmedia":[{"embeddable":true,"href":"https:\/\/vieassociative.be\/actualites\/wp-json\/wp\/v2\/media\/12871"}],"wp:attachment":[{"href":"https:\/\/vieassociative.be\/actualites\/wp-json\/wp\/v2\/media?parent=12870"}],"wp:term":[{"taxonomy":"category","embeddable":true,"href":"https:\/\/vieassociative.be\/actualites\/wp-json\/wp\/v2\/categories?post=12870"},{"taxonomy":"post_tag","embeddable":true,"href":"https:\/\/vieassociative.be\/actualites\/wp-json\/wp\/v2\/tags?post=12870"}],"curies":[{"name":"wp","href":"https:\/\/api.w.org\/{rel}","templated":true}]}}