{"id":12866,"date":"2026-03-02T16:17:41","date_gmt":"2026-03-02T15:17:41","guid":{"rendered":"https:\/\/vieassociative.be\/actualites\/collision-frontale-un-conducteur-aveugle-se-retrouve-dans-la-voie-opposee\/"},"modified":"2026-03-02T16:17:41","modified_gmt":"2026-03-02T15:17:41","slug":"collision-frontale-un-conducteur-aveugle-se-retrouve-dans-la-voie-opposee","status":"publish","type":"post","link":"https:\/\/vieassociative.be\/actualites\/collision-frontale-un-conducteur-aveugle-se-retrouve-dans-la-voie-opposee\/","title":{"rendered":"Collision frontale : un conducteur aveugl\u00e9 se retrouve dans la voie oppos\u00e9e"},"content":{"rendered":"<p><strong>La zone de police de Weser-G\u00f6hl a fait \u00e9tat de plusieurs op\u00e9rations dans son rapport du lundi 2 f\u00e9vrier.<\/strong><\/p>\n<p><span id=\"more-437322\"><\/span><strong>\u2013 D\u00e9lit de fuite :<\/strong> Le 27 f\u00e9vrier 2026, les services de la zone de police de Weser-G\u00f6hl ont \u00e9t\u00e9 appel\u00e9s \u00e0 8h58 dans la Kirchstrasse \u00e0 Kelmis en raison d&rsquo;un accident de la route avec d\u00e9lit de fuite. Sur place, les policiers ont rencontr\u00e9 un homme qui a d\u00e9clar\u00e9 avoir gar\u00e9 sa voiture dans la rue la veille au soir. Le 27 f\u00e9vrier 2026, il d\u00e9couvre que le r\u00e9troviseur de sa voiture a \u00e9t\u00e9 retir\u00e9. Des parties individuelles du v\u00e9hicule en fuite se trouvent sur place. Les policiers fouillent les environs et trouvent une voiture pr\u00e9sentant des dommages correspondant \u00e0 l&rsquo;accident. La propri\u00e9taire est retrouv\u00e9e \u00e0 son domicile et reconna\u00eet avoir commis l&rsquo;accident puis quitter les lieux.<\/p>\n<div id=\"attachment_396327\" class=\"wp-caption alignleft\" style=\"max-width: 300px\"><img fetchpriority=\"high\" decoding=\"async\" class=\"wp-image-396327 size-medium\" src=\"https:\/\/vieassociative.be\/actualites\/wp-content\/uploads\/2024\/12\/Un-differend-entre-conducteur-et-pieton-a-Kelmis-se-termine.jpeg\" alt=\"\" width=\"300\" height=\"200\"  ><\/div>\n<p><strong>\u2013 Conducteur aveugl\u00e9 :<\/strong> Le 27 f\u00e9vrier, \u00e0 Lontzen, dans la Merolserstrasse, un accident de la route avec bless\u00e9s a \u00e9t\u00e9 signal\u00e9 \u00e0 22h31 \u00e0 la zone de police de Weser-G\u00f6hl. Ici, un homme roulait dans la Merolser Stra\u00dfe en direction du carrefour de Merols. Le conducteur est tellement aveugl\u00e9 par un v\u00e9hicule venant en sens inverse qu&rsquo;il ne voit plus assez pendant un court instant et tourne \u00e0 gauche dans la voie venant en sens inverse. L\u00e0, il entre en collision frontale avec une autre voiture venant en sens inverse. Les deux conducteurs et un autre passager ont \u00e9t\u00e9 l\u00e9g\u00e8rement bless\u00e9s et transport\u00e9s \u00e0 l&rsquo;h\u00f4pital d&rsquo;Eupen. Les v\u00e9hicules concern\u00e9s doivent \u00eatre remorqu\u00e9s.<\/p>\n<p><strong>\u2013 Le moteur d\u2019un v\u00e9hicule en stationnement glisse sur la route :<\/strong> Le 1er mars 2026, les services de la zone de police Weser-G\u00f6hl ont \u00e9t\u00e9 appel\u00e9s \u00e0 1h45 du matin dans la Eynattener Stra\u00dfe \u00e0 Raeren. Sur place, la police a d\u00e9couvert qu&rsquo;une voiture avait percut\u00e9 une autre voiture gar\u00e9e. Les deux v\u00e9hicules sont gravement endommag\u00e9s. La voiture \u00e0 l&rsquo;origine de l&rsquo;accident venait de Raeren et a percut\u00e9 de plein fouet la deuxi\u00e8me voiture gar\u00e9e le long de la route. Le moteur du v\u00e9hicule stationn\u00e9 s&rsquo;est d\u00e9tach\u00e9 sous l&rsquo;effet de l&rsquo;impact, a d\u00e9rap\u00e9 sur la route puis s&rsquo;est \u00e9cras\u00e9 contre un lampadaire et un mur de jardin. Le conducteur de l&rsquo;accident est l\u00e9g\u00e8rement bless\u00e9. Il est fortement sous l&#8217;emprise de l&rsquo;alcool. Son permis de conduire lui sera imm\u00e9diatement confisqu\u00e9.<\/p>\n","protected":false},"excerpt":{"rendered":"<p>La zone de police de Weser-G\u00f6hl a fait \u00e9tat de plusieurs op\u00e9rations dans son rapport du lundi 2 f\u00e9vrier. \u2013 D\u00e9lit de fuite : Le<\/p>\n","protected":false},"author":1,"featured_media":12867,"comment_status":"","ping_status":"","sticky":false,"template":"","format":"standard","meta":{"footnotes":""},"categories":[298],"tags":[10144,3322,2646,166,10143,10145,3031,2815],"class_list":["post-12866","post","type-post","status-publish","format-standard","has-post-thumbnail","hentry","category-belgique","tag-aveugle","tag-collision","tag-conducteur","tag-dans","tag-frontale","tag-opposee","tag-retrouve","tag-voie","generate-columns","tablet-grid-50","mobile-grid-100","grid-parent","grid-33"],"yoast_head":"<!-- This site is optimized with the Yoast SEO plugin v24.0 - https:\/\/yoast.com\/wordpress\/plugins\/seo\/ -->\n<title>Collision frontale : un conducteur aveugl\u00e9 se retrouve dans la voie oppos\u00e9e | Vie Associative<\/title>\n<meta name=\"robots\" content=\"index, follow, max-snippet:-1, max-image-preview:large, max-video-preview:-1\" \/>\n<link rel=\"canonical\" href=\"https:\/\/vieassociative.be\/actualites\/collision-frontale-un-conducteur-aveugle-se-retrouve-dans-la-voie-opposee\/\" \/>\n<meta property=\"og:locale\" content=\"fr_FR\" \/>\n<meta property=\"og:type\" content=\"article\" \/>\n<meta property=\"og:title\" content=\"Collision frontale : un conducteur aveugl\u00e9 se retrouve dans la voie oppos\u00e9e | Vie Associative\" \/>\n<meta property=\"og:description\" content=\"La zone de police de Weser-G\u00f6hl a fait \u00e9tat de plusieurs op\u00e9rations dans son rapport du lundi 2 f\u00e9vrier. \u2013 D\u00e9lit de fuite : Le\" \/>\n<meta property=\"og:url\" content=\"https:\/\/vieassociative.be\/actualites\/collision-frontale-un-conducteur-aveugle-se-retrouve-dans-la-voie-opposee\/\" \/>\n<meta property=\"og:site_name\" content=\"Vie Associative\" \/>\n<meta property=\"article:published_time\" content=\"2026-03-02T15:17:41+00:00\" \/>\n<meta property=\"og:image\" content=\"https:\/\/vieassociative.be\/actualites\/wp-content\/uploads\/2024\/09\/header_backgroundk-01-e1726694325946.png\" \/>\n\t<meta property=\"og:image:width\" content=\"279\" \/>\n\t<meta property=\"og:image:height\" content=\"92\" \/>\n\t<meta property=\"og:image:type\" content=\"image\/png\" \/>\n<meta name=\"author\" content=\"Julien\" \/>\n<meta name=\"twitter:card\" content=\"summary_large_image\" \/>\n<meta name=\"twitter:label1\" content=\"\u00c9crit par\" \/>\n\t<meta name=\"twitter:data1\" content=\"Julien\" \/>\n\t<meta name=\"twitter:label2\" content=\"Dur\u00e9e de lecture est.\" \/>\n\t<meta name=\"twitter:data2\" content=\"2 minutes\" \/>\n<script type=\"application\/ld+json\" class=\"yoast-schema-graph\">{\"@context\":\"https:\/\/schema.org\",\"@graph\":[{\"@type\":\"Article\",\"@id\":\"https:\/\/vieassociative.be\/actualites\/collision-frontale-un-conducteur-aveugle-se-retrouve-dans-la-voie-opposee\/#article\",\"isPartOf\":{\"@id\":\"https:\/\/vieassociative.be\/actualites\/collision-frontale-un-conducteur-aveugle-se-retrouve-dans-la-voie-opposee\/\"},\"author\":{\"name\":\"Julien\",\"@id\":\"https:\/\/vieassociative.be\/actualites\/#\/schema\/person\/b87ac4f82f9d4e7b7cec7395b679edc4\"},\"headline\":\"Collision frontale : un conducteur aveugl\u00e9 se retrouve dans la voie oppos\u00e9e\",\"datePublished\":\"2026-03-02T15:17:41+00:00\",\"dateModified\":\"2026-03-02T15:17:41+00:00\",\"mainEntityOfPage\":{\"@id\":\"https:\/\/vieassociative.be\/actualites\/collision-frontale-un-conducteur-aveugle-se-retrouve-dans-la-voie-opposee\/\"},\"wordCount\":430,\"publisher\":{\"@id\":\"https:\/\/vieassociative.be\/actualites\/#organization\"},\"image\":{\"@id\":\"https:\/\/vieassociative.be\/actualites\/collision-frontale-un-conducteur-aveugle-se-retrouve-dans-la-voie-opposee\/#primaryimage\"},\"thumbnailUrl\":\"https:\/\/vieassociative.be\/actualites\/wp-content\/uploads\/2026\/03\/Collision-frontale-un-conducteur-aveugle-se-retrouve-dans-la.jpg\",\"keywords\":[\"aveugl\u00e9\",\"collision\",\"conducteur\",\"dans\",\"frontale\",\"oppos\u00e9e\",\"retrouv\u00e9\",\"voie\"],\"articleSection\":[\"Belgique\"],\"inLanguage\":\"fr-BE\"},{\"@type\":\"WebPage\",\"@id\":\"https:\/\/vieassociative.be\/actualites\/collision-frontale-un-conducteur-aveugle-se-retrouve-dans-la-voie-opposee\/\",\"url\":\"https:\/\/vieassociative.be\/actualites\/collision-frontale-un-conducteur-aveugle-se-retrouve-dans-la-voie-opposee\/\",\"name\":\"Collision frontale : un conducteur aveugl\u00e9 se retrouve dans la voie oppos\u00e9e | Vie Associative\",\"isPartOf\":{\"@id\":\"https:\/\/vieassociative.be\/actualites\/#website\"},\"primaryImageOfPage\":{\"@id\":\"https:\/\/vieassociative.be\/actualites\/collision-frontale-un-conducteur-aveugle-se-retrouve-dans-la-voie-opposee\/#primaryimage\"},\"image\":{\"@id\":\"https:\/\/vieassociative.be\/actualites\/collision-frontale-un-conducteur-aveugle-se-retrouve-dans-la-voie-opposee\/#primaryimage\"},\"thumbnailUrl\":\"https:\/\/vieassociative.be\/actualites\/wp-content\/uploads\/2026\/03\/Collision-frontale-un-conducteur-aveugle-se-retrouve-dans-la.jpg\",\"datePublished\":\"2026-03-02T15:17:41+00:00\",\"dateModified\":\"2026-03-02T15:17:41+00:00\",\"breadcrumb\":{\"@id\":\"https:\/\/vieassociative.be\/actualites\/collision-frontale-un-conducteur-aveugle-se-retrouve-dans-la-voie-opposee\/#breadcrumb\"},\"inLanguage\":\"fr-BE\",\"potentialAction\":[{\"@type\":\"ReadAction\",\"target\":[\"https:\/\/vieassociative.be\/actualites\/collision-frontale-un-conducteur-aveugle-se-retrouve-dans-la-voie-opposee\/\"]}]},{\"@type\":\"ImageObject\",\"inLanguage\":\"fr-BE\",\"@id\":\"https:\/\/vieassociative.be\/actualites\/collision-frontale-un-conducteur-aveugle-se-retrouve-dans-la-voie-opposee\/#primaryimage\",\"url\":\"https:\/\/vieassociative.be\/actualites\/wp-content\/uploads\/2026\/03\/Collision-frontale-un-conducteur-aveugle-se-retrouve-dans-la.jpg\",\"contentUrl\":\"https:\/\/vieassociative.be\/actualites\/wp-content\/uploads\/2026\/03\/Collision-frontale-un-conducteur-aveugle-se-retrouve-dans-la.jpg\",\"width\":1200,\"height\":800,\"caption\":\"Collision frontale : un conducteur aveugl\u00e9 se retrouve dans la voie oppos\u00e9e\"},{\"@type\":\"BreadcrumbList\",\"@id\":\"https:\/\/vieassociative.be\/actualites\/collision-frontale-un-conducteur-aveugle-se-retrouve-dans-la-voie-opposee\/#breadcrumb\",\"itemListElement\":[{\"@type\":\"ListItem\",\"position\":1,\"name\":\"Accueil\",\"item\":\"https:\/\/vieassociative.be\/actualites\/\"},{\"@type\":\"ListItem\",\"position\":2,\"name\":\"Collision frontale : un conducteur aveugl\u00e9 se retrouve dans la voie oppos\u00e9e\"}]},{\"@type\":\"WebSite\",\"@id\":\"https:\/\/vieassociative.be\/actualites\/#website\",\"url\":\"https:\/\/vieassociative.be\/actualites\/\",\"name\":\"Vie Associative\",\"description\":\"\",\"publisher\":{\"@id\":\"https:\/\/vieassociative.be\/actualites\/#organization\"},\"potentialAction\":[{\"@type\":\"SearchAction\",\"target\":{\"@type\":\"EntryPoint\",\"urlTemplate\":\"https:\/\/vieassociative.be\/actualites\/?s={search_term_string}\"},\"query-input\":{\"@type\":\"PropertyValueSpecification\",\"valueRequired\":true,\"valueName\":\"search_term_string\"}}],\"inLanguage\":\"fr-BE\"},{\"@type\":\"Organization\",\"@id\":\"https:\/\/vieassociative.be\/actualites\/#organization\",\"name\":\"Vie Associative\",\"url\":\"https:\/\/vieassociative.be\/actualites\/\",\"logo\":{\"@type\":\"ImageObject\",\"inLanguage\":\"fr-BE\",\"@id\":\"https:\/\/vieassociative.be\/actualites\/#\/schema\/logo\/image\/\",\"url\":\"https:\/\/vieassociative.be\/actualites\/wp-content\/uploads\/2024\/09\/cropped-vieassociative_favicon.ico.png\",\"contentUrl\":\"https:\/\/vieassociative.be\/actualites\/wp-content\/uploads\/2024\/09\/cropped-vieassociative_favicon.ico.png\",\"width\":512,\"height\":512,\"caption\":\"Vie Associative\"},\"image\":{\"@id\":\"https:\/\/vieassociative.be\/actualites\/#\/schema\/logo\/image\/\"}},{\"@type\":\"Person\",\"@id\":\"https:\/\/vieassociative.be\/actualites\/#\/schema\/person\/b87ac4f82f9d4e7b7cec7395b679edc4\",\"name\":\"Julien\",\"image\":{\"@type\":\"ImageObject\",\"inLanguage\":\"fr-BE\",\"@id\":\"https:\/\/vieassociative.be\/actualites\/#\/schema\/person\/image\/\",\"url\":\"https:\/\/vieassociative.be\/actualites\/wp-content\/uploads\/2024\/09\/vie-associative-1-150x150.jpg\",\"contentUrl\":\"https:\/\/vieassociative.be\/actualites\/wp-content\/uploads\/2024\/09\/vie-associative-1-150x150.jpg\",\"caption\":\"Julien\"},\"description\":\"Je suis Julien, r\u00e9dacteur pour Vie Associative. Passionn\u00e9 par le monde associatif depuis plus de 10 ans, j'ai \u00e0 c\u0153ur de partager des histoires inspirantes et de mettre en lumi\u00e8re les initiatives locales. Mon objectif est de sensibiliser et d'encourager l'engagement communautaire \u00e0 travers mes articles.\",\"sameAs\":[\"https:\/\/vieassociative.be\/\"]}]}<\/script>\n<!-- \/ Yoast SEO plugin. -->","yoast_head_json":{"title":"Collision frontale : un conducteur aveugl\u00e9 se retrouve dans la voie oppos\u00e9e | Vie Associative","robots":{"index":"index","follow":"follow","max-snippet":"max-snippet:-1","max-image-preview":"max-image-preview:large","max-video-preview":"max-video-preview:-1"},"canonical":"https:\/\/vieassociative.be\/actualites\/collision-frontale-un-conducteur-aveugle-se-retrouve-dans-la-voie-opposee\/","og_locale":"fr_FR","og_type":"article","og_title":"Collision frontale : un conducteur aveugl\u00e9 se retrouve dans la voie oppos\u00e9e | Vie Associative","og_description":"La zone de police de Weser-G\u00f6hl a fait \u00e9tat de plusieurs op\u00e9rations dans son rapport du lundi 2 f\u00e9vrier. \u2013 D\u00e9lit de fuite : Le","og_url":"https:\/\/vieassociative.be\/actualites\/collision-frontale-un-conducteur-aveugle-se-retrouve-dans-la-voie-opposee\/","og_site_name":"Vie Associative","article_published_time":"2026-03-02T15:17:41+00:00","og_image":[{"width":279,"height":92,"url":"https:\/\/vieassociative.be\/actualites\/wp-content\/uploads\/2024\/09\/header_backgroundk-01-e1726694325946.png","type":"image\/png"}],"author":"Julien","twitter_card":"summary_large_image","twitter_misc":{"\u00c9crit par":"Julien","Dur\u00e9e de lecture est.":"2 minutes"},"schema":{"@context":"https:\/\/schema.org","@graph":[{"@type":"Article","@id":"https:\/\/vieassociative.be\/actualites\/collision-frontale-un-conducteur-aveugle-se-retrouve-dans-la-voie-opposee\/#article","isPartOf":{"@id":"https:\/\/vieassociative.be\/actualites\/collision-frontale-un-conducteur-aveugle-se-retrouve-dans-la-voie-opposee\/"},"author":{"name":"Julien","@id":"https:\/\/vieassociative.be\/actualites\/#\/schema\/person\/b87ac4f82f9d4e7b7cec7395b679edc4"},"headline":"Collision frontale : un conducteur aveugl\u00e9 se retrouve dans la voie oppos\u00e9e","datePublished":"2026-03-02T15:17:41+00:00","dateModified":"2026-03-02T15:17:41+00:00","mainEntityOfPage":{"@id":"https:\/\/vieassociative.be\/actualites\/collision-frontale-un-conducteur-aveugle-se-retrouve-dans-la-voie-opposee\/"},"wordCount":430,"publisher":{"@id":"https:\/\/vieassociative.be\/actualites\/#organization"},"image":{"@id":"https:\/\/vieassociative.be\/actualites\/collision-frontale-un-conducteur-aveugle-se-retrouve-dans-la-voie-opposee\/#primaryimage"},"thumbnailUrl":"https:\/\/vieassociative.be\/actualites\/wp-content\/uploads\/2026\/03\/Collision-frontale-un-conducteur-aveugle-se-retrouve-dans-la.jpg","keywords":["aveugl\u00e9","collision","conducteur","dans","frontale","oppos\u00e9e","retrouv\u00e9","voie"],"articleSection":["Belgique"],"inLanguage":"fr-BE"},{"@type":"WebPage","@id":"https:\/\/vieassociative.be\/actualites\/collision-frontale-un-conducteur-aveugle-se-retrouve-dans-la-voie-opposee\/","url":"https:\/\/vieassociative.be\/actualites\/collision-frontale-un-conducteur-aveugle-se-retrouve-dans-la-voie-opposee\/","name":"Collision frontale : un conducteur aveugl\u00e9 se retrouve dans la voie oppos\u00e9e | Vie Associative","isPartOf":{"@id":"https:\/\/vieassociative.be\/actualites\/#website"},"primaryImageOfPage":{"@id":"https:\/\/vieassociative.be\/actualites\/collision-frontale-un-conducteur-aveugle-se-retrouve-dans-la-voie-opposee\/#primaryimage"},"image":{"@id":"https:\/\/vieassociative.be\/actualites\/collision-frontale-un-conducteur-aveugle-se-retrouve-dans-la-voie-opposee\/#primaryimage"},"thumbnailUrl":"https:\/\/vieassociative.be\/actualites\/wp-content\/uploads\/2026\/03\/Collision-frontale-un-conducteur-aveugle-se-retrouve-dans-la.jpg","datePublished":"2026-03-02T15:17:41+00:00","dateModified":"2026-03-02T15:17:41+00:00","breadcrumb":{"@id":"https:\/\/vieassociative.be\/actualites\/collision-frontale-un-conducteur-aveugle-se-retrouve-dans-la-voie-opposee\/#breadcrumb"},"inLanguage":"fr-BE","potentialAction":[{"@type":"ReadAction","target":["https:\/\/vieassociative.be\/actualites\/collision-frontale-un-conducteur-aveugle-se-retrouve-dans-la-voie-opposee\/"]}]},{"@type":"ImageObject","inLanguage":"fr-BE","@id":"https:\/\/vieassociative.be\/actualites\/collision-frontale-un-conducteur-aveugle-se-retrouve-dans-la-voie-opposee\/#primaryimage","url":"https:\/\/vieassociative.be\/actualites\/wp-content\/uploads\/2026\/03\/Collision-frontale-un-conducteur-aveugle-se-retrouve-dans-la.jpg","contentUrl":"https:\/\/vieassociative.be\/actualites\/wp-content\/uploads\/2026\/03\/Collision-frontale-un-conducteur-aveugle-se-retrouve-dans-la.jpg","width":1200,"height":800,"caption":"Collision frontale : un conducteur aveugl\u00e9 se retrouve dans la voie oppos\u00e9e"},{"@type":"BreadcrumbList","@id":"https:\/\/vieassociative.be\/actualites\/collision-frontale-un-conducteur-aveugle-se-retrouve-dans-la-voie-opposee\/#breadcrumb","itemListElement":[{"@type":"ListItem","position":1,"name":"Accueil","item":"https:\/\/vieassociative.be\/actualites\/"},{"@type":"ListItem","position":2,"name":"Collision frontale : un conducteur aveugl\u00e9 se retrouve dans la voie oppos\u00e9e"}]},{"@type":"WebSite","@id":"https:\/\/vieassociative.be\/actualites\/#website","url":"https:\/\/vieassociative.be\/actualites\/","name":"Vie Associative","description":"","publisher":{"@id":"https:\/\/vieassociative.be\/actualites\/#organization"},"potentialAction":[{"@type":"SearchAction","target":{"@type":"EntryPoint","urlTemplate":"https:\/\/vieassociative.be\/actualites\/?s={search_term_string}"},"query-input":{"@type":"PropertyValueSpecification","valueRequired":true,"valueName":"search_term_string"}}],"inLanguage":"fr-BE"},{"@type":"Organization","@id":"https:\/\/vieassociative.be\/actualites\/#organization","name":"Vie Associative","url":"https:\/\/vieassociative.be\/actualites\/","logo":{"@type":"ImageObject","inLanguage":"fr-BE","@id":"https:\/\/vieassociative.be\/actualites\/#\/schema\/logo\/image\/","url":"https:\/\/vieassociative.be\/actualites\/wp-content\/uploads\/2024\/09\/cropped-vieassociative_favicon.ico.png","contentUrl":"https:\/\/vieassociative.be\/actualites\/wp-content\/uploads\/2024\/09\/cropped-vieassociative_favicon.ico.png","width":512,"height":512,"caption":"Vie Associative"},"image":{"@id":"https:\/\/vieassociative.be\/actualites\/#\/schema\/logo\/image\/"}},{"@type":"Person","@id":"https:\/\/vieassociative.be\/actualites\/#\/schema\/person\/b87ac4f82f9d4e7b7cec7395b679edc4","name":"Julien","image":{"@type":"ImageObject","inLanguage":"fr-BE","@id":"https:\/\/vieassociative.be\/actualites\/#\/schema\/person\/image\/","url":"https:\/\/vieassociative.be\/actualites\/wp-content\/uploads\/2024\/09\/vie-associative-1-150x150.jpg","contentUrl":"https:\/\/vieassociative.be\/actualites\/wp-content\/uploads\/2024\/09\/vie-associative-1-150x150.jpg","caption":"Julien"},"description":"Je suis Julien, r\u00e9dacteur pour Vie Associative. Passionn\u00e9 par le monde associatif depuis plus de 10 ans, j'ai \u00e0 c\u0153ur de partager des histoires inspirantes et de mettre en lumi\u00e8re les initiatives locales. Mon objectif est de sensibiliser et d'encourager l'engagement communautaire \u00e0 travers mes articles.","sameAs":["https:\/\/vieassociative.be\/"]}]}},"_links":{"self":[{"href":"https:\/\/vieassociative.be\/actualites\/wp-json\/wp\/v2\/posts\/12866"}],"collection":[{"href":"https:\/\/vieassociative.be\/actualites\/wp-json\/wp\/v2\/posts"}],"about":[{"href":"https:\/\/vieassociative.be\/actualites\/wp-json\/wp\/v2\/types\/post"}],"author":[{"embeddable":true,"href":"https:\/\/vieassociative.be\/actualites\/wp-json\/wp\/v2\/users\/1"}],"replies":[{"embeddable":true,"href":"https:\/\/vieassociative.be\/actualites\/wp-json\/wp\/v2\/comments?post=12866"}],"version-history":[{"count":0,"href":"https:\/\/vieassociative.be\/actualites\/wp-json\/wp\/v2\/posts\/12866\/revisions"}],"wp:featuredmedia":[{"embeddable":true,"href":"https:\/\/vieassociative.be\/actualites\/wp-json\/wp\/v2\/media\/12867"}],"wp:attachment":[{"href":"https:\/\/vieassociative.be\/actualites\/wp-json\/wp\/v2\/media?parent=12866"}],"wp:term":[{"taxonomy":"category","embeddable":true,"href":"https:\/\/vieassociative.be\/actualites\/wp-json\/wp\/v2\/categories?post=12866"},{"taxonomy":"post_tag","embeddable":true,"href":"https:\/\/vieassociative.be\/actualites\/wp-json\/wp\/v2\/tags?post=12866"}],"curies":[{"name":"wp","href":"https:\/\/api.w.org\/{rel}","templated":true}]}}