{"id":12862,"date":"2026-03-02T10:18:17","date_gmt":"2026-03-02T09:18:17","guid":{"rendered":"https:\/\/vieassociative.be\/actualites\/las-eupen-a-perdu-deux-avances-et-a-concede-legalisation-dans-les-arrets-de-jeu-seulement-2-2-au-rwdm\/"},"modified":"2026-03-02T10:18:17","modified_gmt":"2026-03-02T09:18:17","slug":"las-eupen-a-perdu-deux-avances-et-a-concede-legalisation-dans-les-arrets-de-jeu-seulement-2-2-au-rwdm","status":"publish","type":"post","link":"https:\/\/vieassociative.be\/actualites\/las-eupen-a-perdu-deux-avances-et-a-concede-legalisation-dans-les-arrets-de-jeu-seulement-2-2-au-rwdm\/","title":{"rendered":"L&rsquo;AS Eupen a perdu deux avances et a conc\u00e9d\u00e9 l&rsquo;\u00e9galisation dans les arr\u00eats de jeu \u2013 seulement 2-2 au RWDM"},"content":{"rendered":"<p><strong>M\u00eame s&rsquo;il a men\u00e9 \u00e0 deux reprises, l&rsquo;AS Eupen n&rsquo;a pas r\u00e9ussi \u00e0 remporter la deuxi\u00e8me pr\u00e9tendue finale du top 6 : les Noirs et Blancs n&rsquo;ont pas pu surmonter un match nul 2-2 au RWDM.<\/strong><\/p>\n<p><span id=\"more-437295\"><\/span>C&rsquo;\u00e9tait probablement le match de la derni\u00e8re chance pour l&rsquo;AS Eupen dans la lutte pour une place dans le top 6. Heureusement pour les noirs et blancs, le FC L\u00fcttich et le Patro Eisden avaient perdu leur match.<\/p>\n<p>L&rsquo;entra\u00eeneur de l&rsquo;AS a proc\u00e9d\u00e9 \u00e0 deux changements par rapport au match nul 1-1 contre les Francs Borains : M\u00f6hwald et Caliskan ont \u00e9t\u00e9 titulaires, Bitumazala et Keita \u00e9taient donc sur le banc des rempla\u00e7ants.<\/p>\n<p>Le onze de d\u00e9part de l&rsquo;AS : Hiller \u2013 Zague, Paeshuyse, Bokadi, Kennedy \u2013 Bar\u00e8s, M\u00f6hwald, M\u00fcller, Caliskan \u2013 Nuhu, Kikas.<\/p>\n<div id=\"attachment_424501\" class=\"wp-caption alignleft\" style=\"max-width: 200px\"><img fetchpriority=\"high\" decoding=\"async\" class=\"wp-image-424501 size-medium\" src=\"https:\/\/vieassociative.be\/actualites\/wp-content\/uploads\/2026\/03\/LAS-Eupen-a-perdu-deux-avances-et-a-concede-legalisation.jpg\" alt=\"\" width=\"200\" height=\"300\"  ><\/div>\n<p>Apr\u00e8s seulement sept minutes, le Zague d&rsquo;Eupen a d\u00fb \u00eatre soign\u00e9 suite \u00e0 un choc avec un joueur de Molenbeek. Peu de temps apr\u00e8s, Hiller a emp\u00each\u00e9 les h\u00f4tes de marquer \u00e0 deux reprises un but pr\u00e9coce. Cependant, l&rsquo;AS Eupen a eu la plus grande chance \u00e0 la 21e minute lorsque Kikas Nuhu a parfaitement servi lors d&rsquo;une contre-attaque rapide, mais le Ghan\u00e9en a pr\u00e9cipit\u00e9 le ballon au-dessus du but de mani\u00e8re compl\u00e8tement pr\u00e9cipit\u00e9e.<\/p>\n<p>Ziani a eu la meilleure occasion pour les h\u00f4tes \u00e0 la 30e minute, lorsqu&rsquo;il a d&rsquo;abord laiss\u00e9 Paeshuyse debout comme un d\u00e9butant, s&rsquo;est pr\u00e9cipit\u00e9 seul vers le but de Hiller, mais a ensuite \u00e9galement pouss\u00e9 le ballon \u00e0 la h\u00e2te au-dessus du but.<\/p>\n<p>\u00c0 la 40e minute, un but d&rsquo;AS a \u00e9t\u00e9 refus\u00e9 en raison d&rsquo;une position de hors-jeu qui n&rsquo;\u00e9tait pas clairement visible m\u00eame au ralenti. Dans des sc\u00e8nes comme celle-ci, vous r\u00e9alisez \u00e0 quel point le VAR est important, ce qui n&rsquo;est pas le cas dans la Challenger Pro League.<\/p>\n<p>Il ne restait qu&rsquo;une minute de temps additionnel avant le coup de sifflet de la mi-temps, mais cette minute fut difficile car le RWDM a failli prendre l&rsquo;avantage mais n&rsquo;a touch\u00e9 que le poteau. Cependant, un but n&rsquo;aurait pas rendu justice au d\u00e9roulement du match, car peu de temps auparavant, Eupen s&rsquo;\u00e9tait vu refuser un but soi-disant r\u00e9gulier. Le score \u00e0 la mi-temps \u00e9tait de 0-0. Aucune des deux \u00e9quipes ne pouvait \u00eatre satisfaite de ce r\u00e9sultat.<\/p>\n<p>Les h\u00f4tes ont eu leur premi\u00e8re grande occasion de marquer apr\u00e8s la reprise apr\u00e8s une offensive r\u00e9ussie, mais heureusement pour Eupen, le gardien Hiller \u00e9tait sur le poteau. Le RWDM est sorti de la pause beaucoup plus motiv\u00e9. \u00c0 la 58e minute, l&rsquo;\u00e9quipe bruxelloise a failli prendre l&rsquo;avantage 1-0 apr\u00e8s une contre-attaque ultra-rapide, mais la t\u00eate finale a d\u00e9pass\u00e9 le but de Hiller.<\/p>\n<\/p>\n<div id=\"attachment_437153\" class=\"wp-caption alignleft\" style=\"max-width: 300px\"><img decoding=\"async\" class=\"wp-image-437153 size-medium\" src=\"https:\/\/vieassociative.be\/actualites\/wp-content\/uploads\/2026\/03\/1772443097_455_LAS-Eupen-a-perdu-deux-avances-et-a-concede-legalisation.jpg\" alt=\"\" width=\"300\" height=\"244\"><\/div>\n<p>Changement \u00e0 l&rsquo;AS Eupen : Van Genechten a remplac\u00e9 Kennedy, malade. Zague est pass\u00e9 en d\u00e9fense centrale. Delaurier-Choodet a ensuite remplac\u00e9 Caliskan. <\/p>\n<p>AS devait trouver quelque chose car un point ne leur suffirait pas. A un quart d&rsquo;heure de la fin, M\u00f6hwald aurait pu donner l&rsquo;avantage \u00e0 Eupen s&rsquo;il n&rsquo;avait pas envoy\u00e9 le ballon au-dessus du but apr\u00e8s un centre venu de la droite. Mais ce qui a \u00e9t\u00e9 rat\u00e9 a \u00e9t\u00e9 rattrap\u00e9 \u00e0 la 77e minute, puisque sur un coup franc de Delaurier-Chautet, Bokadi \u00e9tait pr\u00e9sent dans la surface pour porter le score \u00e0 0-1.<\/p>\n<p>Malheureusement, la joie des invit\u00e9s n&rsquo;a pas dur\u00e9 tr\u00e8s longtemps puisque le RWDM a \u00e9galis\u00e9 \u00e0 la 83e minute. Hiller \u00e9tait impuissant face au tir de Custodiozum, 1:1.<\/p>\n<p>Mais les Bruxellois n&rsquo;ont pas non plus eu beaucoup de temps pour se r\u00e9jouir : \u00e0 la 87e minute, M\u00f6hwald a redonn\u00e9 l&rsquo;avantage \u00e0 l&rsquo;AS, 1-2.<\/p>\n<p>Mais ceux qui pensaient qu&rsquo;Eupen ne serait pas en mesure de prendre cette deuxi\u00e8me avance se sont tromp\u00e9s puisque Molenbeek a r\u00e9ussi \u00e0 \u00e9galiser \u00e0 nouveau dans les arr\u00eats de jeu pour porter le score \u00e0 2-2. <\/p>\n<p>L&rsquo;AS Eupen n&rsquo;a pu profiter que dans une faible mesure des d\u00e9faites du FC L\u00fcttich, du Patro Eisden et du SK Lommel. L&rsquo;\u00e9cart avec Eisden et Li\u00e8ge est d\u00e9sormais de 7 points. AS a cependant un match de plus \u00e0 jouer que ces deux concurrents.<\/p>\n<p>Les Noirs et Blancs occupent la 8\u00e8me place, mais cela ne change pas grand-chose puisque Jong Gent n&rsquo;est de toute fa\u00e7on pas autoris\u00e9 \u00e0 participer aux s\u00e9ries \u00e9liminatoires. Si Gand finissait dans le top 6, l&rsquo;\u00e9quipe class\u00e9e 7\u00e8me se qualifierait \u00e9galement pour le tour de promotion. (cr\u00e9er)<\/p>\n","protected":false},"excerpt":{"rendered":"<p>M\u00eame s&rsquo;il a men\u00e9 \u00e0 deux reprises, l&rsquo;AS Eupen n&rsquo;a pas r\u00e9ussi \u00e0 remporter la deuxi\u00e8me pr\u00e9tendue finale du top 6 : les Noirs et<\/p>\n","protected":false},"author":1,"featured_media":12863,"comment_status":"","ping_status":"","sticky":false,"template":"","format":"standard","meta":{"footnotes":""},"categories":[298],"tags":[9161,10139,10140,166,114,2329,477,2353,10141,14,2207,4818,2583],"class_list":["post-12862","post","type-post","status-publish","format-standard","has-post-thumbnail","hentry","category-belgique","tag-arrets","tag-avances","tag-concede","tag-dans","tag-deux","tag-eupen","tag-jeu","tag-las","tag-legalisation","tag-les","tag-perdu","tag-rwdm","tag-seulement","generate-columns","tablet-grid-50","mobile-grid-100","grid-parent","grid-33"],"yoast_head":"<!-- This site is optimized with the Yoast SEO plugin v24.0 - https:\/\/yoast.com\/wordpress\/plugins\/seo\/ -->\n<title>L&#039;AS Eupen a perdu deux avances et a conc\u00e9d\u00e9 l&#039;\u00e9galisation dans les arr\u00eats de jeu \u2013 seulement 2-2 au RWDM | Vie Associative<\/title>\n<meta name=\"robots\" content=\"index, follow, max-snippet:-1, max-image-preview:large, max-video-preview:-1\" \/>\n<link rel=\"canonical\" href=\"https:\/\/vieassociative.be\/actualites\/las-eupen-a-perdu-deux-avances-et-a-concede-legalisation-dans-les-arrets-de-jeu-seulement-2-2-au-rwdm\/\" \/>\n<meta property=\"og:locale\" content=\"fr_FR\" \/>\n<meta property=\"og:type\" content=\"article\" \/>\n<meta property=\"og:title\" content=\"L&#039;AS Eupen a perdu deux avances et a conc\u00e9d\u00e9 l&#039;\u00e9galisation dans les arr\u00eats de jeu \u2013 seulement 2-2 au RWDM | Vie Associative\" \/>\n<meta property=\"og:description\" content=\"M\u00eame s&rsquo;il a men\u00e9 \u00e0 deux reprises, l&rsquo;AS Eupen n&rsquo;a pas r\u00e9ussi \u00e0 remporter la deuxi\u00e8me pr\u00e9tendue finale du top 6 : les Noirs et\" \/>\n<meta property=\"og:url\" content=\"https:\/\/vieassociative.be\/actualites\/las-eupen-a-perdu-deux-avances-et-a-concede-legalisation-dans-les-arrets-de-jeu-seulement-2-2-au-rwdm\/\" \/>\n<meta property=\"og:site_name\" content=\"Vie Associative\" \/>\n<meta property=\"article:published_time\" content=\"2026-03-02T09:18:17+00:00\" \/>\n<meta property=\"og:image\" content=\"https:\/\/vieassociative.be\/actualites\/wp-content\/uploads\/2024\/09\/header_backgroundk-01-e1726694325946.png\" \/>\n\t<meta property=\"og:image:width\" content=\"279\" \/>\n\t<meta property=\"og:image:height\" content=\"92\" \/>\n\t<meta property=\"og:image:type\" content=\"image\/png\" \/>\n<meta name=\"author\" content=\"Julien\" \/>\n<meta name=\"twitter:card\" content=\"summary_large_image\" \/>\n<meta name=\"twitter:label1\" content=\"\u00c9crit par\" \/>\n\t<meta name=\"twitter:data1\" content=\"Julien\" \/>\n\t<meta name=\"twitter:label2\" content=\"Dur\u00e9e de lecture est.\" \/>\n\t<meta name=\"twitter:data2\" content=\"4 minutes\" \/>\n<script type=\"application\/ld+json\" class=\"yoast-schema-graph\">{\"@context\":\"https:\/\/schema.org\",\"@graph\":[{\"@type\":\"Article\",\"@id\":\"https:\/\/vieassociative.be\/actualites\/las-eupen-a-perdu-deux-avances-et-a-concede-legalisation-dans-les-arrets-de-jeu-seulement-2-2-au-rwdm\/#article\",\"isPartOf\":{\"@id\":\"https:\/\/vieassociative.be\/actualites\/las-eupen-a-perdu-deux-avances-et-a-concede-legalisation-dans-les-arrets-de-jeu-seulement-2-2-au-rwdm\/\"},\"author\":{\"name\":\"Julien\",\"@id\":\"https:\/\/vieassociative.be\/actualites\/#\/schema\/person\/b87ac4f82f9d4e7b7cec7395b679edc4\"},\"headline\":\"L&rsquo;AS Eupen a perdu deux avances et a conc\u00e9d\u00e9 l&rsquo;\u00e9galisation dans les arr\u00eats de jeu \u2013 seulement 2-2 au RWDM\",\"datePublished\":\"2026-03-02T09:18:17+00:00\",\"dateModified\":\"2026-03-02T09:18:17+00:00\",\"mainEntityOfPage\":{\"@id\":\"https:\/\/vieassociative.be\/actualites\/las-eupen-a-perdu-deux-avances-et-a-concede-legalisation-dans-les-arrets-de-jeu-seulement-2-2-au-rwdm\/\"},\"wordCount\":805,\"publisher\":{\"@id\":\"https:\/\/vieassociative.be\/actualites\/#organization\"},\"image\":{\"@id\":\"https:\/\/vieassociative.be\/actualites\/las-eupen-a-perdu-deux-avances-et-a-concede-legalisation-dans-les-arrets-de-jeu-seulement-2-2-au-rwdm\/#primaryimage\"},\"thumbnailUrl\":\"https:\/\/vieassociative.be\/actualites\/wp-content\/uploads\/2026\/03\/1772443098_LAS-Eupen-a-perdu-deux-avances-et-a-concede-legalisation.jpg\",\"keywords\":[\"arr\u00eats\",\"avances\",\"conc\u00e9d\u00e9\",\"dans\",\"deux\",\"Eupen\",\"jeu\",\"lAS\",\"l\u00e9galisation\",\"Les\",\"perdu\",\"RWDM\",\"seulement\"],\"articleSection\":[\"Belgique\"],\"inLanguage\":\"fr-BE\"},{\"@type\":\"WebPage\",\"@id\":\"https:\/\/vieassociative.be\/actualites\/las-eupen-a-perdu-deux-avances-et-a-concede-legalisation-dans-les-arrets-de-jeu-seulement-2-2-au-rwdm\/\",\"url\":\"https:\/\/vieassociative.be\/actualites\/las-eupen-a-perdu-deux-avances-et-a-concede-legalisation-dans-les-arrets-de-jeu-seulement-2-2-au-rwdm\/\",\"name\":\"L'AS Eupen a perdu deux avances et a conc\u00e9d\u00e9 l'\u00e9galisation dans les arr\u00eats de jeu \u2013 seulement 2-2 au RWDM | Vie Associative\",\"isPartOf\":{\"@id\":\"https:\/\/vieassociative.be\/actualites\/#website\"},\"primaryImageOfPage\":{\"@id\":\"https:\/\/vieassociative.be\/actualites\/las-eupen-a-perdu-deux-avances-et-a-concede-legalisation-dans-les-arrets-de-jeu-seulement-2-2-au-rwdm\/#primaryimage\"},\"image\":{\"@id\":\"https:\/\/vieassociative.be\/actualites\/las-eupen-a-perdu-deux-avances-et-a-concede-legalisation-dans-les-arrets-de-jeu-seulement-2-2-au-rwdm\/#primaryimage\"},\"thumbnailUrl\":\"https:\/\/vieassociative.be\/actualites\/wp-content\/uploads\/2026\/03\/1772443098_LAS-Eupen-a-perdu-deux-avances-et-a-concede-legalisation.jpg\",\"datePublished\":\"2026-03-02T09:18:17+00:00\",\"dateModified\":\"2026-03-02T09:18:17+00:00\",\"breadcrumb\":{\"@id\":\"https:\/\/vieassociative.be\/actualites\/las-eupen-a-perdu-deux-avances-et-a-concede-legalisation-dans-les-arrets-de-jeu-seulement-2-2-au-rwdm\/#breadcrumb\"},\"inLanguage\":\"fr-BE\",\"potentialAction\":[{\"@type\":\"ReadAction\",\"target\":[\"https:\/\/vieassociative.be\/actualites\/las-eupen-a-perdu-deux-avances-et-a-concede-legalisation-dans-les-arrets-de-jeu-seulement-2-2-au-rwdm\/\"]}]},{\"@type\":\"ImageObject\",\"inLanguage\":\"fr-BE\",\"@id\":\"https:\/\/vieassociative.be\/actualites\/las-eupen-a-perdu-deux-avances-et-a-concede-legalisation-dans-les-arrets-de-jeu-seulement-2-2-au-rwdm\/#primaryimage\",\"url\":\"https:\/\/vieassociative.be\/actualites\/wp-content\/uploads\/2026\/03\/1772443098_LAS-Eupen-a-perdu-deux-avances-et-a-concede-legalisation.jpg\",\"contentUrl\":\"https:\/\/vieassociative.be\/actualites\/wp-content\/uploads\/2026\/03\/1772443098_LAS-Eupen-a-perdu-deux-avances-et-a-concede-legalisation.jpg\",\"width\":1200,\"height\":841,\"caption\":\"L'AS Eupen a perdu deux avances et a conc\u00e9d\u00e9 l'\u00e9galisation dans les arr\u00eats de jeu \u2013 seulement 2-2 au RWDM\"},{\"@type\":\"BreadcrumbList\",\"@id\":\"https:\/\/vieassociative.be\/actualites\/las-eupen-a-perdu-deux-avances-et-a-concede-legalisation-dans-les-arrets-de-jeu-seulement-2-2-au-rwdm\/#breadcrumb\",\"itemListElement\":[{\"@type\":\"ListItem\",\"position\":1,\"name\":\"Accueil\",\"item\":\"https:\/\/vieassociative.be\/actualites\/\"},{\"@type\":\"ListItem\",\"position\":2,\"name\":\"L&rsquo;AS Eupen a perdu deux avances et a conc\u00e9d\u00e9 l&rsquo;\u00e9galisation dans les arr\u00eats de jeu \u2013 seulement 2-2 au RWDM\"}]},{\"@type\":\"WebSite\",\"@id\":\"https:\/\/vieassociative.be\/actualites\/#website\",\"url\":\"https:\/\/vieassociative.be\/actualites\/\",\"name\":\"Vie Associative\",\"description\":\"\",\"publisher\":{\"@id\":\"https:\/\/vieassociative.be\/actualites\/#organization\"},\"potentialAction\":[{\"@type\":\"SearchAction\",\"target\":{\"@type\":\"EntryPoint\",\"urlTemplate\":\"https:\/\/vieassociative.be\/actualites\/?s={search_term_string}\"},\"query-input\":{\"@type\":\"PropertyValueSpecification\",\"valueRequired\":true,\"valueName\":\"search_term_string\"}}],\"inLanguage\":\"fr-BE\"},{\"@type\":\"Organization\",\"@id\":\"https:\/\/vieassociative.be\/actualites\/#organization\",\"name\":\"Vie Associative\",\"url\":\"https:\/\/vieassociative.be\/actualites\/\",\"logo\":{\"@type\":\"ImageObject\",\"inLanguage\":\"fr-BE\",\"@id\":\"https:\/\/vieassociative.be\/actualites\/#\/schema\/logo\/image\/\",\"url\":\"https:\/\/vieassociative.be\/actualites\/wp-content\/uploads\/2024\/09\/cropped-vieassociative_favicon.ico.png\",\"contentUrl\":\"https:\/\/vieassociative.be\/actualites\/wp-content\/uploads\/2024\/09\/cropped-vieassociative_favicon.ico.png\",\"width\":512,\"height\":512,\"caption\":\"Vie Associative\"},\"image\":{\"@id\":\"https:\/\/vieassociative.be\/actualites\/#\/schema\/logo\/image\/\"}},{\"@type\":\"Person\",\"@id\":\"https:\/\/vieassociative.be\/actualites\/#\/schema\/person\/b87ac4f82f9d4e7b7cec7395b679edc4\",\"name\":\"Julien\",\"image\":{\"@type\":\"ImageObject\",\"inLanguage\":\"fr-BE\",\"@id\":\"https:\/\/vieassociative.be\/actualites\/#\/schema\/person\/image\/\",\"url\":\"https:\/\/vieassociative.be\/actualites\/wp-content\/uploads\/2024\/09\/vie-associative-1-150x150.jpg\",\"contentUrl\":\"https:\/\/vieassociative.be\/actualites\/wp-content\/uploads\/2024\/09\/vie-associative-1-150x150.jpg\",\"caption\":\"Julien\"},\"description\":\"Je suis Julien, r\u00e9dacteur pour Vie Associative. Passionn\u00e9 par le monde associatif depuis plus de 10 ans, j'ai \u00e0 c\u0153ur de partager des histoires inspirantes et de mettre en lumi\u00e8re les initiatives locales. Mon objectif est de sensibiliser et d'encourager l'engagement communautaire \u00e0 travers mes articles.\",\"sameAs\":[\"https:\/\/vieassociative.be\/\"]}]}<\/script>\n<!-- \/ Yoast SEO plugin. -->","yoast_head_json":{"title":"L'AS Eupen a perdu deux avances et a conc\u00e9d\u00e9 l'\u00e9galisation dans les arr\u00eats de jeu \u2013 seulement 2-2 au RWDM | Vie Associative","robots":{"index":"index","follow":"follow","max-snippet":"max-snippet:-1","max-image-preview":"max-image-preview:large","max-video-preview":"max-video-preview:-1"},"canonical":"https:\/\/vieassociative.be\/actualites\/las-eupen-a-perdu-deux-avances-et-a-concede-legalisation-dans-les-arrets-de-jeu-seulement-2-2-au-rwdm\/","og_locale":"fr_FR","og_type":"article","og_title":"L'AS Eupen a perdu deux avances et a conc\u00e9d\u00e9 l'\u00e9galisation dans les arr\u00eats de jeu \u2013 seulement 2-2 au RWDM | Vie Associative","og_description":"M\u00eame s&rsquo;il a men\u00e9 \u00e0 deux reprises, l&rsquo;AS Eupen n&rsquo;a pas r\u00e9ussi \u00e0 remporter la deuxi\u00e8me pr\u00e9tendue finale du top 6 : les Noirs et","og_url":"https:\/\/vieassociative.be\/actualites\/las-eupen-a-perdu-deux-avances-et-a-concede-legalisation-dans-les-arrets-de-jeu-seulement-2-2-au-rwdm\/","og_site_name":"Vie Associative","article_published_time":"2026-03-02T09:18:17+00:00","og_image":[{"width":279,"height":92,"url":"https:\/\/vieassociative.be\/actualites\/wp-content\/uploads\/2024\/09\/header_backgroundk-01-e1726694325946.png","type":"image\/png"}],"author":"Julien","twitter_card":"summary_large_image","twitter_misc":{"\u00c9crit par":"Julien","Dur\u00e9e de lecture est.":"4 minutes"},"schema":{"@context":"https:\/\/schema.org","@graph":[{"@type":"Article","@id":"https:\/\/vieassociative.be\/actualites\/las-eupen-a-perdu-deux-avances-et-a-concede-legalisation-dans-les-arrets-de-jeu-seulement-2-2-au-rwdm\/#article","isPartOf":{"@id":"https:\/\/vieassociative.be\/actualites\/las-eupen-a-perdu-deux-avances-et-a-concede-legalisation-dans-les-arrets-de-jeu-seulement-2-2-au-rwdm\/"},"author":{"name":"Julien","@id":"https:\/\/vieassociative.be\/actualites\/#\/schema\/person\/b87ac4f82f9d4e7b7cec7395b679edc4"},"headline":"L&rsquo;AS Eupen a perdu deux avances et a conc\u00e9d\u00e9 l&rsquo;\u00e9galisation dans les arr\u00eats de jeu \u2013 seulement 2-2 au RWDM","datePublished":"2026-03-02T09:18:17+00:00","dateModified":"2026-03-02T09:18:17+00:00","mainEntityOfPage":{"@id":"https:\/\/vieassociative.be\/actualites\/las-eupen-a-perdu-deux-avances-et-a-concede-legalisation-dans-les-arrets-de-jeu-seulement-2-2-au-rwdm\/"},"wordCount":805,"publisher":{"@id":"https:\/\/vieassociative.be\/actualites\/#organization"},"image":{"@id":"https:\/\/vieassociative.be\/actualites\/las-eupen-a-perdu-deux-avances-et-a-concede-legalisation-dans-les-arrets-de-jeu-seulement-2-2-au-rwdm\/#primaryimage"},"thumbnailUrl":"https:\/\/vieassociative.be\/actualites\/wp-content\/uploads\/2026\/03\/1772443098_LAS-Eupen-a-perdu-deux-avances-et-a-concede-legalisation.jpg","keywords":["arr\u00eats","avances","conc\u00e9d\u00e9","dans","deux","Eupen","jeu","lAS","l\u00e9galisation","Les","perdu","RWDM","seulement"],"articleSection":["Belgique"],"inLanguage":"fr-BE"},{"@type":"WebPage","@id":"https:\/\/vieassociative.be\/actualites\/las-eupen-a-perdu-deux-avances-et-a-concede-legalisation-dans-les-arrets-de-jeu-seulement-2-2-au-rwdm\/","url":"https:\/\/vieassociative.be\/actualites\/las-eupen-a-perdu-deux-avances-et-a-concede-legalisation-dans-les-arrets-de-jeu-seulement-2-2-au-rwdm\/","name":"L'AS Eupen a perdu deux avances et a conc\u00e9d\u00e9 l'\u00e9galisation dans les arr\u00eats de jeu \u2013 seulement 2-2 au RWDM | Vie Associative","isPartOf":{"@id":"https:\/\/vieassociative.be\/actualites\/#website"},"primaryImageOfPage":{"@id":"https:\/\/vieassociative.be\/actualites\/las-eupen-a-perdu-deux-avances-et-a-concede-legalisation-dans-les-arrets-de-jeu-seulement-2-2-au-rwdm\/#primaryimage"},"image":{"@id":"https:\/\/vieassociative.be\/actualites\/las-eupen-a-perdu-deux-avances-et-a-concede-legalisation-dans-les-arrets-de-jeu-seulement-2-2-au-rwdm\/#primaryimage"},"thumbnailUrl":"https:\/\/vieassociative.be\/actualites\/wp-content\/uploads\/2026\/03\/1772443098_LAS-Eupen-a-perdu-deux-avances-et-a-concede-legalisation.jpg","datePublished":"2026-03-02T09:18:17+00:00","dateModified":"2026-03-02T09:18:17+00:00","breadcrumb":{"@id":"https:\/\/vieassociative.be\/actualites\/las-eupen-a-perdu-deux-avances-et-a-concede-legalisation-dans-les-arrets-de-jeu-seulement-2-2-au-rwdm\/#breadcrumb"},"inLanguage":"fr-BE","potentialAction":[{"@type":"ReadAction","target":["https:\/\/vieassociative.be\/actualites\/las-eupen-a-perdu-deux-avances-et-a-concede-legalisation-dans-les-arrets-de-jeu-seulement-2-2-au-rwdm\/"]}]},{"@type":"ImageObject","inLanguage":"fr-BE","@id":"https:\/\/vieassociative.be\/actualites\/las-eupen-a-perdu-deux-avances-et-a-concede-legalisation-dans-les-arrets-de-jeu-seulement-2-2-au-rwdm\/#primaryimage","url":"https:\/\/vieassociative.be\/actualites\/wp-content\/uploads\/2026\/03\/1772443098_LAS-Eupen-a-perdu-deux-avances-et-a-concede-legalisation.jpg","contentUrl":"https:\/\/vieassociative.be\/actualites\/wp-content\/uploads\/2026\/03\/1772443098_LAS-Eupen-a-perdu-deux-avances-et-a-concede-legalisation.jpg","width":1200,"height":841,"caption":"L'AS Eupen a perdu deux avances et a conc\u00e9d\u00e9 l'\u00e9galisation dans les arr\u00eats de jeu \u2013 seulement 2-2 au RWDM"},{"@type":"BreadcrumbList","@id":"https:\/\/vieassociative.be\/actualites\/las-eupen-a-perdu-deux-avances-et-a-concede-legalisation-dans-les-arrets-de-jeu-seulement-2-2-au-rwdm\/#breadcrumb","itemListElement":[{"@type":"ListItem","position":1,"name":"Accueil","item":"https:\/\/vieassociative.be\/actualites\/"},{"@type":"ListItem","position":2,"name":"L&rsquo;AS Eupen a perdu deux avances et a conc\u00e9d\u00e9 l&rsquo;\u00e9galisation dans les arr\u00eats de jeu \u2013 seulement 2-2 au RWDM"}]},{"@type":"WebSite","@id":"https:\/\/vieassociative.be\/actualites\/#website","url":"https:\/\/vieassociative.be\/actualites\/","name":"Vie Associative","description":"","publisher":{"@id":"https:\/\/vieassociative.be\/actualites\/#organization"},"potentialAction":[{"@type":"SearchAction","target":{"@type":"EntryPoint","urlTemplate":"https:\/\/vieassociative.be\/actualites\/?s={search_term_string}"},"query-input":{"@type":"PropertyValueSpecification","valueRequired":true,"valueName":"search_term_string"}}],"inLanguage":"fr-BE"},{"@type":"Organization","@id":"https:\/\/vieassociative.be\/actualites\/#organization","name":"Vie Associative","url":"https:\/\/vieassociative.be\/actualites\/","logo":{"@type":"ImageObject","inLanguage":"fr-BE","@id":"https:\/\/vieassociative.be\/actualites\/#\/schema\/logo\/image\/","url":"https:\/\/vieassociative.be\/actualites\/wp-content\/uploads\/2024\/09\/cropped-vieassociative_favicon.ico.png","contentUrl":"https:\/\/vieassociative.be\/actualites\/wp-content\/uploads\/2024\/09\/cropped-vieassociative_favicon.ico.png","width":512,"height":512,"caption":"Vie Associative"},"image":{"@id":"https:\/\/vieassociative.be\/actualites\/#\/schema\/logo\/image\/"}},{"@type":"Person","@id":"https:\/\/vieassociative.be\/actualites\/#\/schema\/person\/b87ac4f82f9d4e7b7cec7395b679edc4","name":"Julien","image":{"@type":"ImageObject","inLanguage":"fr-BE","@id":"https:\/\/vieassociative.be\/actualites\/#\/schema\/person\/image\/","url":"https:\/\/vieassociative.be\/actualites\/wp-content\/uploads\/2024\/09\/vie-associative-1-150x150.jpg","contentUrl":"https:\/\/vieassociative.be\/actualites\/wp-content\/uploads\/2024\/09\/vie-associative-1-150x150.jpg","caption":"Julien"},"description":"Je suis Julien, r\u00e9dacteur pour Vie Associative. Passionn\u00e9 par le monde associatif depuis plus de 10 ans, j'ai \u00e0 c\u0153ur de partager des histoires inspirantes et de mettre en lumi\u00e8re les initiatives locales. Mon objectif est de sensibiliser et d'encourager l'engagement communautaire \u00e0 travers mes articles.","sameAs":["https:\/\/vieassociative.be\/"]}]}},"_links":{"self":[{"href":"https:\/\/vieassociative.be\/actualites\/wp-json\/wp\/v2\/posts\/12862"}],"collection":[{"href":"https:\/\/vieassociative.be\/actualites\/wp-json\/wp\/v2\/posts"}],"about":[{"href":"https:\/\/vieassociative.be\/actualites\/wp-json\/wp\/v2\/types\/post"}],"author":[{"embeddable":true,"href":"https:\/\/vieassociative.be\/actualites\/wp-json\/wp\/v2\/users\/1"}],"replies":[{"embeddable":true,"href":"https:\/\/vieassociative.be\/actualites\/wp-json\/wp\/v2\/comments?post=12862"}],"version-history":[{"count":0,"href":"https:\/\/vieassociative.be\/actualites\/wp-json\/wp\/v2\/posts\/12862\/revisions"}],"wp:featuredmedia":[{"embeddable":true,"href":"https:\/\/vieassociative.be\/actualites\/wp-json\/wp\/v2\/media\/12863"}],"wp:attachment":[{"href":"https:\/\/vieassociative.be\/actualites\/wp-json\/wp\/v2\/media?parent=12862"}],"wp:term":[{"taxonomy":"category","embeddable":true,"href":"https:\/\/vieassociative.be\/actualites\/wp-json\/wp\/v2\/categories?post=12862"},{"taxonomy":"post_tag","embeddable":true,"href":"https:\/\/vieassociative.be\/actualites\/wp-json\/wp\/v2\/tags?post=12862"}],"curies":[{"name":"wp","href":"https:\/\/api.w.org\/{rel}","templated":true}]}}