{"id":12858,"date":"2026-03-02T04:17:34","date_gmt":"2026-03-02T03:17:34","guid":{"rendered":"https:\/\/vieassociative.be\/actualites\/bloques-dans-une-zone-de-guerre-des-milliers-de-vacanciers-sont-bloques-les-vols-sont-annules-les-croisieres-sont-arretees\/"},"modified":"2026-03-02T04:17:34","modified_gmt":"2026-03-02T03:17:34","slug":"bloques-dans-une-zone-de-guerre-des-milliers-de-vacanciers-sont-bloques-les-vols-sont-annules-les-croisieres-sont-arretees","status":"publish","type":"post","link":"https:\/\/vieassociative.be\/actualites\/bloques-dans-une-zone-de-guerre-des-milliers-de-vacanciers-sont-bloques-les-vols-sont-annules-les-croisieres-sont-arretees\/","title":{"rendered":"Bloqu\u00e9s dans une zone de guerre\u00a0: des milliers de vacanciers sont bloqu\u00e9s \u2013 les vols sont annul\u00e9s, les croisi\u00e8res sont arr\u00eat\u00e9es"},"content":{"rendered":"<p><strong>Des vacances reposantes \u00e9taient pr\u00e9vues. Aujourd&rsquo;hui, des milliers de voyageurs se retrouvent coinc\u00e9s dans une r\u00e9gion en crise, sous le feu des roquettes. En raison du conflit entre Isra\u00ebl, les \u00c9tats-Unis et l&rsquo;Iran, de nombreux voyageurs allemands se sont retrouv\u00e9s bloqu\u00e9s ce week-end au Moyen-Orient et dans d&rsquo;autres r\u00e9gions du monde. Rien n\u2019a fonctionn\u00e9 dans les a\u00e9roports et sur les bateaux de croisi\u00e8re, notamment dans la r\u00e9gion du Golfe.<\/strong><\/p>\n<p><span id=\"more-437306\"><\/span>Par exemple aux \u00c9mirats arabes unis : dans les deux principaux a\u00e9roports de Duba\u00ef \u2013 l&rsquo;a\u00e9roport international DXB et l&rsquo;a\u00e9roport Al Maktoum (DWC) \u2013 le trafic a\u00e9rien a \u00e9t\u00e9 suspendu jusqu&rsquo;\u00e0 nouvel ordre. Selon les m\u00e9dias, l&rsquo;ambiance \u00e9tait tendue parmi les voyageurs.<\/p>\n<p>\u00ab\u00a0C&rsquo;est le chaos \u00e0 l&rsquo;a\u00e9roport international de Duba\u00ef\u00a0\u00bb, a d\u00e9clar\u00e9 un vacancier allemand cit\u00e9 par \u00ab\u00a0Bild\u00a0\u00bb. \u00ab\u00a0Des milliers de personnes tentent de quitter le terminal. Il n&rsquo;y a pas de sortie, les trains entre les terminaux sont en panne. Il n&rsquo;y a pas d&rsquo;annonces, pas de personnel.\u00a0\u00bb<\/p>\n<\/p>\n<div id=\"attachment_437309\" class=\"wp-caption alignleft\" style=\"max-width: 300px\"><img fetchpriority=\"high\" decoding=\"async\" class=\"wp-image-437309 size-medium\" src=\"https:\/\/vieassociative.be\/actualites\/wp-content\/uploads\/2026\/03\/Bloques-dans-une-zone-de-guerre-des-milliers-de-vacanciers.jpg\" alt=\"\" width=\"300\" height=\"200\"><\/div>\n<p><strong>\u2013 Rien ne continuera non plus dans les prochaines 24 heures :<\/strong><br \/>\n Selon la plateforme Flightradar24, plus de 3 400 vols ont \u00e9t\u00e9 annul\u00e9s dans sept grands a\u00e9roports de la r\u00e9gion du Moyen-Orient. Outre Duba\u00ef, Abu Dhabi et Doha ont \u00e9galement \u00e9t\u00e9 touch\u00e9s. Selon le rapport \u00ab Bild \u00bb, Lufthansa a annul\u00e9 ses vols \u00e0 destination et en provenance de Duba\u00ef. Les liaisons vers Oman, Beyrouth et Tel Aviv seront donc annul\u00e9es jusqu&rsquo;au 7 mars.<\/p>\n<p>Une voyageuse en provenance de Hambourg s&rsquo;est retrouv\u00e9e bloqu\u00e9e \u00e0 Duba\u00ef samedi matin sur son vol de retour en provenance de Malaisie avec la compagnie a\u00e9rienne Emirates. La femme de 46 ans a d\u00e9clar\u00e9 \u00e0 l&rsquo;agence de presse allemande qu&rsquo;elle s\u00e9journait dans un h\u00f4tel avec son mari. La seule information \u00e0 ce jour est que les choses ne continueront pas dans les prochaines 24 heures.<\/p>\n<p>Elle rapporte qu\u2019elle peut voir des colonnes de fum\u00e9e au-dessus de la ville depuis son h\u00f4tel. Plusieurs personnes lui ont dit qu&rsquo;il y avait des d\u00e9bris \u00e0 l&rsquo;a\u00e9roport.<\/p>\n<p><strong>\u2013 Les \u00c9mirats Arabes Unis prennent en charge les frais d\u2019h\u00e9bergement\u00a0:<\/strong> Dans la soir\u00e9e, l&rsquo;Autorit\u00e9 g\u00e9n\u00e9rale de l&rsquo;aviation civile a annonc\u00e9 que les \u00c9mirats arabes unis (EAU) prendraient en charge les frais d&rsquo;h\u00e9bergement des passagers bloqu\u00e9s dans le pays. Cela s&rsquo;applique \u00e0 \u00ab\u00a0tous les frais d&rsquo;h\u00e9bergement et de nourriture des passagers concern\u00e9s et bloqu\u00e9s\u00a0\u00bb, a indiqu\u00e9 l&rsquo;autorit\u00e9, selon l&rsquo;agence de presse officielle WAM.<\/p>\n<\/p>\n<div id=\"attachment_437310\" class=\"wp-caption alignleft\" style=\"max-width: 300px\"><img decoding=\"async\" class=\"wp-image-437310 size-medium\" src=\"https:\/\/vieassociative.be\/actualites\/wp-content\/uploads\/2026\/03\/1772421454_266_Bloques-dans-une-zone-de-guerre-des-milliers-de-vacanciers.jpg\" alt=\"\" width=\"300\" height=\"172\"><\/div>\n<p>Selon les informations, les a\u00e9roports et les compagnies a\u00e9riennes nationales ont d\u00e9j\u00e0 accueilli environ 20 200 passagers dont les vols ont d\u00fb \u00eatre report\u00e9s. Un h\u00e9bergement temporaire, des repas et des rafra\u00eechissements ont \u00e9t\u00e9 fournis et la nouvelle r\u00e9servation des vols a \u00e9t\u00e9 facilit\u00e9e conform\u00e9ment aux plans op\u00e9rationnels approuv\u00e9s.<\/p>\n<p>En Arabie Saoudite, le minist\u00e8re des Affaires \u00e9trang\u00e8res a d\u00e9clar\u00e9 que, sur proposition du prince h\u00e9ritier Mohammed ben Salmane, le roi Salmane avait approuv\u00e9 l&rsquo;h\u00e9bergement dans les a\u00e9roports de tous les citoyens des \u00c9tats du Golfe bloqu\u00e9s dans le pays jusqu&rsquo;\u00e0 ce qu&rsquo;ils puissent rentrer en toute s\u00e9curit\u00e9 dans leur pays d&rsquo;origine.<\/p>\n<p><strong>\u2013 Croisi\u00e8re programm\u00e9e actuellement non responsable :<\/strong> L&rsquo;h\u00f4tel de luxe Fairmont The Palm Dubai a \u00e9t\u00e9 touch\u00e9 lors d&rsquo;une \u00e9ventuelle attaque, et quatre personnes ont \u00e9t\u00e9 bless\u00e9es dans l&rsquo;incendie qui a suivi, selon les autorit\u00e9s. Des vid\u00e9os partag\u00e9es sur les r\u00e9seaux sociaux montreraient une balle tombant du ciel \u00e0 proximit\u00e9 de l\u2019h\u00f4tel. D\u2019autres vid\u00e9os montrent la zone d\u2019entr\u00e9e en feu avec une \u00e9paisse fum\u00e9e noire qui s\u2019\u00e9chappe. Il n&rsquo;y avait initialement aucune confirmation officielle de la cause de l&rsquo;incident.<\/p>\n<p><strong>\u2013 Les croisi\u00e8res sont \u00e9galement concern\u00e9es :<\/strong> Par exemple, le \u00ab MSC Euribia \u00bb de la compagnie maritime suisse MSC Croisi\u00e8res, d&rsquo;une capacit\u00e9 de plus de 6 000 passagers, \u00e9tait amarr\u00e9 \u00e0 Duba\u00ef, selon un rapport. La croisi\u00e8re Orient, qui devait d\u00e9marrer dimanche, a \u00e9t\u00e9 annul\u00e9e au pied lev\u00e9.<\/p>\n<div id=\"attachment_437311\" class=\"wp-caption alignleft\" style=\"max-width: 300px\"><img decoding=\"async\" class=\"wp-image-437311 size-medium\" src=\"https:\/\/vieassociative.be\/actualites\/wp-content\/uploads\/2026\/03\/1772421454_992_Bloques-dans-une-zone-de-guerre-des-milliers-de-vacanciers.jpg\" alt=\"\" width=\"300\" height=\"198\"><\/div>\n<p>Le prestataire allemand TUI Cruises poss\u00e8de les navires de croisi\u00e8re \u00ab Mein Schiff 4 \u00bb et \u00ab Mein Schiff 5 \u00bb d&rsquo;une capacit\u00e9 totale d&rsquo;environ 5 000 voyageurs. \u00ab\u00a0La s\u00e9curit\u00e9 de nos invit\u00e9s et de notre \u00e9quipage est notre priorit\u00e9 absolue \u00e0 tout moment\u00a0\u00bb, indique le site Internet du fournisseur. Il n&rsquo;est actuellement pas possible d&rsquo;effectuer les d\u00e9placements comme pr\u00e9vu. Les invit\u00e9s \u00e9taient toujours \u00e0 bord des deux navires de croisi\u00e8re, pr\u00e9cise le communiqu\u00e9.<\/p>\n<p>L&rsquo;influenceuse bas\u00e9e \u00e0 Duba\u00ef Fiona Erdmann a \u00e9crit dans une story sur Instagram : \u00ab\u00a0Nous allons bien. Nous sommes \u00e0 la maison. Les enfants dorment.\u00a0\u00bb Elle n\u2019a jamais v\u00e9cu une situation pareille au cours de ses neuf ann\u00e9es \u00e0 Duba\u00ef.<\/p>\n<p>Il n&rsquo;y a pas non plus eu de progr\u00e8s ce week-end dans d&rsquo;autres r\u00e9gions du monde pour les vacanciers qui avaient r\u00e9serv\u00e9 sur certaines compagnies a\u00e9riennes arabes. \u00c0 Sydney, par exemple, les vols d&rsquo;Etihad Airways via Abu Dhabi ont \u00e9t\u00e9 annul\u00e9s.<\/p>\n<p>\u00ab Au d\u00e9but, il y avait de longues files d&rsquo;attente \u00e0 l&rsquo;a\u00e9roport et aucune information \u00bb, a rapport\u00e9 un voyageur de Sydney. \u00ab\u00a0Ensuite, les vols ont \u00e9t\u00e9 annul\u00e9s.\u00a0\u00bb On ne sait pas exactement quand Etihad pourra \u00e0 nouveau voler, a-t-on dit, et les bons d&rsquo;h\u00f4tel n&rsquo;\u00e9taient initialement pas disponibles. \u00ab\u00a0La plupart des passagers \u00e9taient plut\u00f4t r\u00e9sign\u00e9s et pas en col\u00e8re\u00a0\u00bb, a expliqu\u00e9 le vacancier. (dpa)<\/p>\n","protected":false},"excerpt":{"rendered":"<p>Des vacances reposantes \u00e9taient pr\u00e9vues. Aujourd&rsquo;hui, des milliers de voyageurs se retrouvent coinc\u00e9s dans une r\u00e9gion en crise, sous le feu des roquettes. En raison<\/p>\n","protected":false},"author":1,"featured_media":12859,"comment_status":"","ping_status":"","sticky":false,"template":"","format":"standard","meta":{"footnotes":""},"categories":[298],"tags":[10099,10137,10135,10136,166,29,2637,14,4638,18,110,8096,3621,4291],"class_list":["post-12858","post","type-post","status-publish","format-standard","has-post-thumbnail","hentry","category-belgique","tag-annules","tag-arretees","tag-bloques","tag-croisieres","tag-dans","tag-des","tag-guerre","tag-les","tag-milliers","tag-sont","tag-une","tag-vacanciers","tag-vols","tag-zone","generate-columns","tablet-grid-50","mobile-grid-100","grid-parent","grid-33"],"yoast_head":"<!-- This site is optimized with the Yoast SEO plugin v24.0 - https:\/\/yoast.com\/wordpress\/plugins\/seo\/ -->\n<title>Bloqu\u00e9s dans une zone de guerre\u00a0: des milliers de vacanciers sont bloqu\u00e9s \u2013 les vols sont annul\u00e9s, les croisi\u00e8res sont arr\u00eat\u00e9es | Vie Associative<\/title>\n<meta name=\"robots\" content=\"index, follow, max-snippet:-1, max-image-preview:large, max-video-preview:-1\" \/>\n<link rel=\"canonical\" href=\"https:\/\/vieassociative.be\/actualites\/bloques-dans-une-zone-de-guerre-des-milliers-de-vacanciers-sont-bloques-les-vols-sont-annules-les-croisieres-sont-arretees\/\" \/>\n<meta property=\"og:locale\" content=\"fr_FR\" \/>\n<meta property=\"og:type\" content=\"article\" \/>\n<meta property=\"og:title\" content=\"Bloqu\u00e9s dans une zone de guerre\u00a0: des milliers de vacanciers sont bloqu\u00e9s \u2013 les vols sont annul\u00e9s, les croisi\u00e8res sont arr\u00eat\u00e9es | Vie Associative\" \/>\n<meta property=\"og:description\" content=\"Des vacances reposantes \u00e9taient pr\u00e9vues. Aujourd&rsquo;hui, des milliers de voyageurs se retrouvent coinc\u00e9s dans une r\u00e9gion en crise, sous le feu des roquettes. En raison\" \/>\n<meta property=\"og:url\" content=\"https:\/\/vieassociative.be\/actualites\/bloques-dans-une-zone-de-guerre-des-milliers-de-vacanciers-sont-bloques-les-vols-sont-annules-les-croisieres-sont-arretees\/\" \/>\n<meta property=\"og:site_name\" content=\"Vie Associative\" \/>\n<meta property=\"article:published_time\" content=\"2026-03-02T03:17:34+00:00\" \/>\n<meta property=\"og:image\" content=\"https:\/\/vieassociative.be\/actualites\/wp-content\/uploads\/2024\/09\/header_backgroundk-01-e1726694325946.png\" \/>\n\t<meta property=\"og:image:width\" content=\"279\" \/>\n\t<meta property=\"og:image:height\" content=\"92\" \/>\n\t<meta property=\"og:image:type\" content=\"image\/png\" \/>\n<meta name=\"author\" content=\"Julien\" \/>\n<meta name=\"twitter:card\" content=\"summary_large_image\" \/>\n<meta name=\"twitter:label1\" content=\"\u00c9crit par\" \/>\n\t<meta name=\"twitter:data1\" content=\"Julien\" \/>\n\t<meta name=\"twitter:label2\" content=\"Dur\u00e9e de lecture est.\" \/>\n\t<meta name=\"twitter:data2\" content=\"4 minutes\" \/>\n<script type=\"application\/ld+json\" class=\"yoast-schema-graph\">{\"@context\":\"https:\/\/schema.org\",\"@graph\":[{\"@type\":\"Article\",\"@id\":\"https:\/\/vieassociative.be\/actualites\/bloques-dans-une-zone-de-guerre-des-milliers-de-vacanciers-sont-bloques-les-vols-sont-annules-les-croisieres-sont-arretees\/#article\",\"isPartOf\":{\"@id\":\"https:\/\/vieassociative.be\/actualites\/bloques-dans-une-zone-de-guerre-des-milliers-de-vacanciers-sont-bloques-les-vols-sont-annules-les-croisieres-sont-arretees\/\"},\"author\":{\"name\":\"Julien\",\"@id\":\"https:\/\/vieassociative.be\/actualites\/#\/schema\/person\/b87ac4f82f9d4e7b7cec7395b679edc4\"},\"headline\":\"Bloqu\u00e9s dans une zone de guerre\u00a0: des milliers de vacanciers sont bloqu\u00e9s \u2013 les vols sont annul\u00e9s, les croisi\u00e8res sont arr\u00eat\u00e9es\",\"datePublished\":\"2026-03-02T03:17:34+00:00\",\"dateModified\":\"2026-03-02T03:17:34+00:00\",\"mainEntityOfPage\":{\"@id\":\"https:\/\/vieassociative.be\/actualites\/bloques-dans-une-zone-de-guerre-des-milliers-de-vacanciers-sont-bloques-les-vols-sont-annules-les-croisieres-sont-arretees\/\"},\"wordCount\":968,\"publisher\":{\"@id\":\"https:\/\/vieassociative.be\/actualites\/#organization\"},\"image\":{\"@id\":\"https:\/\/vieassociative.be\/actualites\/bloques-dans-une-zone-de-guerre-des-milliers-de-vacanciers-sont-bloques-les-vols-sont-annules-les-croisieres-sont-arretees\/#primaryimage\"},\"thumbnailUrl\":\"https:\/\/vieassociative.be\/actualites\/wp-content\/uploads\/2026\/03\/1772421455_Bloques-dans-une-zone-de-guerre-des-milliers-de-vacanciers.jpg\",\"keywords\":[\"annul\u00e9s\",\"arr\u00eat\u00e9es\",\"Bloqu\u00e9s\",\"croisi\u00e8res\",\"dans\",\"Des\",\"guerre\",\"Les\",\"milliers\",\"sont\",\"une\",\"vacanciers\",\"Vols\",\"zone\"],\"articleSection\":[\"Belgique\"],\"inLanguage\":\"fr-BE\"},{\"@type\":\"WebPage\",\"@id\":\"https:\/\/vieassociative.be\/actualites\/bloques-dans-une-zone-de-guerre-des-milliers-de-vacanciers-sont-bloques-les-vols-sont-annules-les-croisieres-sont-arretees\/\",\"url\":\"https:\/\/vieassociative.be\/actualites\/bloques-dans-une-zone-de-guerre-des-milliers-de-vacanciers-sont-bloques-les-vols-sont-annules-les-croisieres-sont-arretees\/\",\"name\":\"Bloqu\u00e9s dans une zone de guerre\u00a0: des milliers de vacanciers sont bloqu\u00e9s \u2013 les vols sont annul\u00e9s, les croisi\u00e8res sont arr\u00eat\u00e9es | Vie Associative\",\"isPartOf\":{\"@id\":\"https:\/\/vieassociative.be\/actualites\/#website\"},\"primaryImageOfPage\":{\"@id\":\"https:\/\/vieassociative.be\/actualites\/bloques-dans-une-zone-de-guerre-des-milliers-de-vacanciers-sont-bloques-les-vols-sont-annules-les-croisieres-sont-arretees\/#primaryimage\"},\"image\":{\"@id\":\"https:\/\/vieassociative.be\/actualites\/bloques-dans-une-zone-de-guerre-des-milliers-de-vacanciers-sont-bloques-les-vols-sont-annules-les-croisieres-sont-arretees\/#primaryimage\"},\"thumbnailUrl\":\"https:\/\/vieassociative.be\/actualites\/wp-content\/uploads\/2026\/03\/1772421455_Bloques-dans-une-zone-de-guerre-des-milliers-de-vacanciers.jpg\",\"datePublished\":\"2026-03-02T03:17:34+00:00\",\"dateModified\":\"2026-03-02T03:17:34+00:00\",\"breadcrumb\":{\"@id\":\"https:\/\/vieassociative.be\/actualites\/bloques-dans-une-zone-de-guerre-des-milliers-de-vacanciers-sont-bloques-les-vols-sont-annules-les-croisieres-sont-arretees\/#breadcrumb\"},\"inLanguage\":\"fr-BE\",\"potentialAction\":[{\"@type\":\"ReadAction\",\"target\":[\"https:\/\/vieassociative.be\/actualites\/bloques-dans-une-zone-de-guerre-des-milliers-de-vacanciers-sont-bloques-les-vols-sont-annules-les-croisieres-sont-arretees\/\"]}]},{\"@type\":\"ImageObject\",\"inLanguage\":\"fr-BE\",\"@id\":\"https:\/\/vieassociative.be\/actualites\/bloques-dans-une-zone-de-guerre-des-milliers-de-vacanciers-sont-bloques-les-vols-sont-annules-les-croisieres-sont-arretees\/#primaryimage\",\"url\":\"https:\/\/vieassociative.be\/actualites\/wp-content\/uploads\/2026\/03\/1772421455_Bloques-dans-une-zone-de-guerre-des-milliers-de-vacanciers.jpg\",\"contentUrl\":\"https:\/\/vieassociative.be\/actualites\/wp-content\/uploads\/2026\/03\/1772421455_Bloques-dans-une-zone-de-guerre-des-milliers-de-vacanciers.jpg\",\"width\":1200,\"height\":771,\"caption\":\"Bloqu\u00e9s dans une zone de guerre\u00a0: des milliers de vacanciers sont bloqu\u00e9s \u2013 les vols sont annul\u00e9s, les croisi\u00e8res sont arr\u00eat\u00e9es\"},{\"@type\":\"BreadcrumbList\",\"@id\":\"https:\/\/vieassociative.be\/actualites\/bloques-dans-une-zone-de-guerre-des-milliers-de-vacanciers-sont-bloques-les-vols-sont-annules-les-croisieres-sont-arretees\/#breadcrumb\",\"itemListElement\":[{\"@type\":\"ListItem\",\"position\":1,\"name\":\"Accueil\",\"item\":\"https:\/\/vieassociative.be\/actualites\/\"},{\"@type\":\"ListItem\",\"position\":2,\"name\":\"Bloqu\u00e9s dans une zone de guerre\u00a0: des milliers de vacanciers sont bloqu\u00e9s \u2013 les vols sont annul\u00e9s, les croisi\u00e8res sont arr\u00eat\u00e9es\"}]},{\"@type\":\"WebSite\",\"@id\":\"https:\/\/vieassociative.be\/actualites\/#website\",\"url\":\"https:\/\/vieassociative.be\/actualites\/\",\"name\":\"Vie Associative\",\"description\":\"\",\"publisher\":{\"@id\":\"https:\/\/vieassociative.be\/actualites\/#organization\"},\"potentialAction\":[{\"@type\":\"SearchAction\",\"target\":{\"@type\":\"EntryPoint\",\"urlTemplate\":\"https:\/\/vieassociative.be\/actualites\/?s={search_term_string}\"},\"query-input\":{\"@type\":\"PropertyValueSpecification\",\"valueRequired\":true,\"valueName\":\"search_term_string\"}}],\"inLanguage\":\"fr-BE\"},{\"@type\":\"Organization\",\"@id\":\"https:\/\/vieassociative.be\/actualites\/#organization\",\"name\":\"Vie Associative\",\"url\":\"https:\/\/vieassociative.be\/actualites\/\",\"logo\":{\"@type\":\"ImageObject\",\"inLanguage\":\"fr-BE\",\"@id\":\"https:\/\/vieassociative.be\/actualites\/#\/schema\/logo\/image\/\",\"url\":\"https:\/\/vieassociative.be\/actualites\/wp-content\/uploads\/2024\/09\/cropped-vieassociative_favicon.ico.png\",\"contentUrl\":\"https:\/\/vieassociative.be\/actualites\/wp-content\/uploads\/2024\/09\/cropped-vieassociative_favicon.ico.png\",\"width\":512,\"height\":512,\"caption\":\"Vie Associative\"},\"image\":{\"@id\":\"https:\/\/vieassociative.be\/actualites\/#\/schema\/logo\/image\/\"}},{\"@type\":\"Person\",\"@id\":\"https:\/\/vieassociative.be\/actualites\/#\/schema\/person\/b87ac4f82f9d4e7b7cec7395b679edc4\",\"name\":\"Julien\",\"image\":{\"@type\":\"ImageObject\",\"inLanguage\":\"fr-BE\",\"@id\":\"https:\/\/vieassociative.be\/actualites\/#\/schema\/person\/image\/\",\"url\":\"https:\/\/vieassociative.be\/actualites\/wp-content\/uploads\/2024\/09\/vie-associative-1-150x150.jpg\",\"contentUrl\":\"https:\/\/vieassociative.be\/actualites\/wp-content\/uploads\/2024\/09\/vie-associative-1-150x150.jpg\",\"caption\":\"Julien\"},\"description\":\"Je suis Julien, r\u00e9dacteur pour Vie Associative. Passionn\u00e9 par le monde associatif depuis plus de 10 ans, j'ai \u00e0 c\u0153ur de partager des histoires inspirantes et de mettre en lumi\u00e8re les initiatives locales. Mon objectif est de sensibiliser et d'encourager l'engagement communautaire \u00e0 travers mes articles.\",\"sameAs\":[\"https:\/\/vieassociative.be\/\"]}]}<\/script>\n<!-- \/ Yoast SEO plugin. -->","yoast_head_json":{"title":"Bloqu\u00e9s dans une zone de guerre\u00a0: des milliers de vacanciers sont bloqu\u00e9s \u2013 les vols sont annul\u00e9s, les croisi\u00e8res sont arr\u00eat\u00e9es | Vie Associative","robots":{"index":"index","follow":"follow","max-snippet":"max-snippet:-1","max-image-preview":"max-image-preview:large","max-video-preview":"max-video-preview:-1"},"canonical":"https:\/\/vieassociative.be\/actualites\/bloques-dans-une-zone-de-guerre-des-milliers-de-vacanciers-sont-bloques-les-vols-sont-annules-les-croisieres-sont-arretees\/","og_locale":"fr_FR","og_type":"article","og_title":"Bloqu\u00e9s dans une zone de guerre\u00a0: des milliers de vacanciers sont bloqu\u00e9s \u2013 les vols sont annul\u00e9s, les croisi\u00e8res sont arr\u00eat\u00e9es | Vie Associative","og_description":"Des vacances reposantes \u00e9taient pr\u00e9vues. Aujourd&rsquo;hui, des milliers de voyageurs se retrouvent coinc\u00e9s dans une r\u00e9gion en crise, sous le feu des roquettes. En raison","og_url":"https:\/\/vieassociative.be\/actualites\/bloques-dans-une-zone-de-guerre-des-milliers-de-vacanciers-sont-bloques-les-vols-sont-annules-les-croisieres-sont-arretees\/","og_site_name":"Vie Associative","article_published_time":"2026-03-02T03:17:34+00:00","og_image":[{"width":279,"height":92,"url":"https:\/\/vieassociative.be\/actualites\/wp-content\/uploads\/2024\/09\/header_backgroundk-01-e1726694325946.png","type":"image\/png"}],"author":"Julien","twitter_card":"summary_large_image","twitter_misc":{"\u00c9crit par":"Julien","Dur\u00e9e de lecture est.":"4 minutes"},"schema":{"@context":"https:\/\/schema.org","@graph":[{"@type":"Article","@id":"https:\/\/vieassociative.be\/actualites\/bloques-dans-une-zone-de-guerre-des-milliers-de-vacanciers-sont-bloques-les-vols-sont-annules-les-croisieres-sont-arretees\/#article","isPartOf":{"@id":"https:\/\/vieassociative.be\/actualites\/bloques-dans-une-zone-de-guerre-des-milliers-de-vacanciers-sont-bloques-les-vols-sont-annules-les-croisieres-sont-arretees\/"},"author":{"name":"Julien","@id":"https:\/\/vieassociative.be\/actualites\/#\/schema\/person\/b87ac4f82f9d4e7b7cec7395b679edc4"},"headline":"Bloqu\u00e9s dans une zone de guerre\u00a0: des milliers de vacanciers sont bloqu\u00e9s \u2013 les vols sont annul\u00e9s, les croisi\u00e8res sont arr\u00eat\u00e9es","datePublished":"2026-03-02T03:17:34+00:00","dateModified":"2026-03-02T03:17:34+00:00","mainEntityOfPage":{"@id":"https:\/\/vieassociative.be\/actualites\/bloques-dans-une-zone-de-guerre-des-milliers-de-vacanciers-sont-bloques-les-vols-sont-annules-les-croisieres-sont-arretees\/"},"wordCount":968,"publisher":{"@id":"https:\/\/vieassociative.be\/actualites\/#organization"},"image":{"@id":"https:\/\/vieassociative.be\/actualites\/bloques-dans-une-zone-de-guerre-des-milliers-de-vacanciers-sont-bloques-les-vols-sont-annules-les-croisieres-sont-arretees\/#primaryimage"},"thumbnailUrl":"https:\/\/vieassociative.be\/actualites\/wp-content\/uploads\/2026\/03\/1772421455_Bloques-dans-une-zone-de-guerre-des-milliers-de-vacanciers.jpg","keywords":["annul\u00e9s","arr\u00eat\u00e9es","Bloqu\u00e9s","croisi\u00e8res","dans","Des","guerre","Les","milliers","sont","une","vacanciers","Vols","zone"],"articleSection":["Belgique"],"inLanguage":"fr-BE"},{"@type":"WebPage","@id":"https:\/\/vieassociative.be\/actualites\/bloques-dans-une-zone-de-guerre-des-milliers-de-vacanciers-sont-bloques-les-vols-sont-annules-les-croisieres-sont-arretees\/","url":"https:\/\/vieassociative.be\/actualites\/bloques-dans-une-zone-de-guerre-des-milliers-de-vacanciers-sont-bloques-les-vols-sont-annules-les-croisieres-sont-arretees\/","name":"Bloqu\u00e9s dans une zone de guerre\u00a0: des milliers de vacanciers sont bloqu\u00e9s \u2013 les vols sont annul\u00e9s, les croisi\u00e8res sont arr\u00eat\u00e9es | Vie Associative","isPartOf":{"@id":"https:\/\/vieassociative.be\/actualites\/#website"},"primaryImageOfPage":{"@id":"https:\/\/vieassociative.be\/actualites\/bloques-dans-une-zone-de-guerre-des-milliers-de-vacanciers-sont-bloques-les-vols-sont-annules-les-croisieres-sont-arretees\/#primaryimage"},"image":{"@id":"https:\/\/vieassociative.be\/actualites\/bloques-dans-une-zone-de-guerre-des-milliers-de-vacanciers-sont-bloques-les-vols-sont-annules-les-croisieres-sont-arretees\/#primaryimage"},"thumbnailUrl":"https:\/\/vieassociative.be\/actualites\/wp-content\/uploads\/2026\/03\/1772421455_Bloques-dans-une-zone-de-guerre-des-milliers-de-vacanciers.jpg","datePublished":"2026-03-02T03:17:34+00:00","dateModified":"2026-03-02T03:17:34+00:00","breadcrumb":{"@id":"https:\/\/vieassociative.be\/actualites\/bloques-dans-une-zone-de-guerre-des-milliers-de-vacanciers-sont-bloques-les-vols-sont-annules-les-croisieres-sont-arretees\/#breadcrumb"},"inLanguage":"fr-BE","potentialAction":[{"@type":"ReadAction","target":["https:\/\/vieassociative.be\/actualites\/bloques-dans-une-zone-de-guerre-des-milliers-de-vacanciers-sont-bloques-les-vols-sont-annules-les-croisieres-sont-arretees\/"]}]},{"@type":"ImageObject","inLanguage":"fr-BE","@id":"https:\/\/vieassociative.be\/actualites\/bloques-dans-une-zone-de-guerre-des-milliers-de-vacanciers-sont-bloques-les-vols-sont-annules-les-croisieres-sont-arretees\/#primaryimage","url":"https:\/\/vieassociative.be\/actualites\/wp-content\/uploads\/2026\/03\/1772421455_Bloques-dans-une-zone-de-guerre-des-milliers-de-vacanciers.jpg","contentUrl":"https:\/\/vieassociative.be\/actualites\/wp-content\/uploads\/2026\/03\/1772421455_Bloques-dans-une-zone-de-guerre-des-milliers-de-vacanciers.jpg","width":1200,"height":771,"caption":"Bloqu\u00e9s dans une zone de guerre\u00a0: des milliers de vacanciers sont bloqu\u00e9s \u2013 les vols sont annul\u00e9s, les croisi\u00e8res sont arr\u00eat\u00e9es"},{"@type":"BreadcrumbList","@id":"https:\/\/vieassociative.be\/actualites\/bloques-dans-une-zone-de-guerre-des-milliers-de-vacanciers-sont-bloques-les-vols-sont-annules-les-croisieres-sont-arretees\/#breadcrumb","itemListElement":[{"@type":"ListItem","position":1,"name":"Accueil","item":"https:\/\/vieassociative.be\/actualites\/"},{"@type":"ListItem","position":2,"name":"Bloqu\u00e9s dans une zone de guerre\u00a0: des milliers de vacanciers sont bloqu\u00e9s \u2013 les vols sont annul\u00e9s, les croisi\u00e8res sont arr\u00eat\u00e9es"}]},{"@type":"WebSite","@id":"https:\/\/vieassociative.be\/actualites\/#website","url":"https:\/\/vieassociative.be\/actualites\/","name":"Vie Associative","description":"","publisher":{"@id":"https:\/\/vieassociative.be\/actualites\/#organization"},"potentialAction":[{"@type":"SearchAction","target":{"@type":"EntryPoint","urlTemplate":"https:\/\/vieassociative.be\/actualites\/?s={search_term_string}"},"query-input":{"@type":"PropertyValueSpecification","valueRequired":true,"valueName":"search_term_string"}}],"inLanguage":"fr-BE"},{"@type":"Organization","@id":"https:\/\/vieassociative.be\/actualites\/#organization","name":"Vie Associative","url":"https:\/\/vieassociative.be\/actualites\/","logo":{"@type":"ImageObject","inLanguage":"fr-BE","@id":"https:\/\/vieassociative.be\/actualites\/#\/schema\/logo\/image\/","url":"https:\/\/vieassociative.be\/actualites\/wp-content\/uploads\/2024\/09\/cropped-vieassociative_favicon.ico.png","contentUrl":"https:\/\/vieassociative.be\/actualites\/wp-content\/uploads\/2024\/09\/cropped-vieassociative_favicon.ico.png","width":512,"height":512,"caption":"Vie Associative"},"image":{"@id":"https:\/\/vieassociative.be\/actualites\/#\/schema\/logo\/image\/"}},{"@type":"Person","@id":"https:\/\/vieassociative.be\/actualites\/#\/schema\/person\/b87ac4f82f9d4e7b7cec7395b679edc4","name":"Julien","image":{"@type":"ImageObject","inLanguage":"fr-BE","@id":"https:\/\/vieassociative.be\/actualites\/#\/schema\/person\/image\/","url":"https:\/\/vieassociative.be\/actualites\/wp-content\/uploads\/2024\/09\/vie-associative-1-150x150.jpg","contentUrl":"https:\/\/vieassociative.be\/actualites\/wp-content\/uploads\/2024\/09\/vie-associative-1-150x150.jpg","caption":"Julien"},"description":"Je suis Julien, r\u00e9dacteur pour Vie Associative. Passionn\u00e9 par le monde associatif depuis plus de 10 ans, j'ai \u00e0 c\u0153ur de partager des histoires inspirantes et de mettre en lumi\u00e8re les initiatives locales. Mon objectif est de sensibiliser et d'encourager l'engagement communautaire \u00e0 travers mes articles.","sameAs":["https:\/\/vieassociative.be\/"]}]}},"_links":{"self":[{"href":"https:\/\/vieassociative.be\/actualites\/wp-json\/wp\/v2\/posts\/12858"}],"collection":[{"href":"https:\/\/vieassociative.be\/actualites\/wp-json\/wp\/v2\/posts"}],"about":[{"href":"https:\/\/vieassociative.be\/actualites\/wp-json\/wp\/v2\/types\/post"}],"author":[{"embeddable":true,"href":"https:\/\/vieassociative.be\/actualites\/wp-json\/wp\/v2\/users\/1"}],"replies":[{"embeddable":true,"href":"https:\/\/vieassociative.be\/actualites\/wp-json\/wp\/v2\/comments?post=12858"}],"version-history":[{"count":0,"href":"https:\/\/vieassociative.be\/actualites\/wp-json\/wp\/v2\/posts\/12858\/revisions"}],"wp:featuredmedia":[{"embeddable":true,"href":"https:\/\/vieassociative.be\/actualites\/wp-json\/wp\/v2\/media\/12859"}],"wp:attachment":[{"href":"https:\/\/vieassociative.be\/actualites\/wp-json\/wp\/v2\/media?parent=12858"}],"wp:term":[{"taxonomy":"category","embeddable":true,"href":"https:\/\/vieassociative.be\/actualites\/wp-json\/wp\/v2\/categories?post=12858"},{"taxonomy":"post_tag","embeddable":true,"href":"https:\/\/vieassociative.be\/actualites\/wp-json\/wp\/v2\/tags?post=12858"}],"curies":[{"name":"wp","href":"https:\/\/api.w.org\/{rel}","templated":true}]}}