{"id":12854,"date":"2026-03-01T22:17:29","date_gmt":"2026-03-01T21:17:29","guid":{"rendered":"https:\/\/vieassociative.be\/actualites\/excellente-sixieme-place-pour-laurenz-rex-de-raeren-dans-la-course-kuurne-bruxelles-kuurne\/"},"modified":"2026-03-01T22:17:29","modified_gmt":"2026-03-01T21:17:29","slug":"excellente-sixieme-place-pour-laurenz-rex-de-raeren-dans-la-course-kuurne-bruxelles-kuurne","status":"publish","type":"post","link":"https:\/\/vieassociative.be\/actualites\/excellente-sixieme-place-pour-laurenz-rex-de-raeren-dans-la-course-kuurne-bruxelles-kuurne\/","title":{"rendered":"Excellente sixi\u00e8me place pour Laurenz Rex de Raeren dans la course Kuurne-Bruxelles-Kuurne"},"content":{"rendered":"<p><strong>Matthew Brennan de l&rsquo;\u00e9quipe Visma-Lease a Bike a remport\u00e9 le sprint Kuurne-Bruxelles-Kuurne au terme d&rsquo;une \u00e9dition compl\u00e8tement folle. Le Britannique s&rsquo;est facilement impos\u00e9 dans un peloton r\u00e9duit.<\/strong><\/p>\n<p><span id=\"more-437301\"><\/span>Les coureurs Tudor Luca Mozzato et Matteo Trentin compl\u00e8tent le podium, tandis que Jasper Philipsen et Jordi Meeus ne parviennent pas \u00e0 se positionner pour le sprint.<\/p>\n<p>Comme samedi lors de l&rsquo;Omloop Het Nieuwsblad, remport\u00e9 avec confiance par le polyvalent Mathieu van der Poel des Pays-Bas, Kuurne-Bruxelles-Kuurbe a \u00e9galement \u00e9t\u00e9 \u00e9clips\u00e9e par les chutes. Le champion de Belgique Tim Wellens a lourdement chut\u00e9 \u00e0 un peu plus de 100 kilom\u00e8tres de l&rsquo;arriv\u00e9e et a d\u00fb abandonner. Les premiers examens ont r\u00e9v\u00e9l\u00e9 une fracture de la clavicule.<\/p>\n<p>Laurenz Rex, originaire de Raeren, a termin\u00e9 la course \u00e0 une excellente sixi\u00e8me place. Pour le joueur de 26 ans, ce r\u00e9sultat s&rsquo;apparente \u00e0 une victoire. Car personne ne s&rsquo;y serait attendu il y a quatre semaines lorsqu&rsquo;il s&rsquo;est \u00e9cras\u00e9 \u00e0 grande vitesse sur une \u00e9tape de l&rsquo;Alula Tour &#8211; avec de graves cons\u00e9quences. Il a subi trois fractures de l&rsquo;apophyse vert\u00e9brale \u00e0 l&rsquo;arri\u00e8re de la colonne vert\u00e9brale et a d\u00fb s&rsquo;attendre \u00e0 une longue pause.<\/p>\n<p>\u00ab\u00a0Je ne peux qu&rsquo;\u00eatre satisfait de ma course\u00a0\u00bb, a d\u00e9clar\u00e9 Rex \u00e0 Eurosport. \u00ab\u00a0Kuurne \u00e9tait ma course de retour apr\u00e8s ma chute et je dois admettre que j&rsquo;\u00e9tais inquiet pour mon dos au d\u00e9but. J&rsquo;avais aussi assez peur dans la premi\u00e8re partie de la course parce que c&rsquo;\u00e9tait vraiment mouvement\u00e9. Il y a eu pas mal de chutes. Mais \u00e0 un moment donn\u00e9, j&rsquo;ai r\u00e9ussi \u00e0 \u00e9teindre mon cerveau et \u00e0 me comporter comme avant.\u00a0\u00bb (cr\u00e9er)<\/p>\n","protected":false},"excerpt":{"rendered":"<p>Matthew Brennan de l&rsquo;\u00e9quipe Visma-Lease a Bike a remport\u00e9 le sprint Kuurne-Bruxelles-Kuurne au terme d&rsquo;une \u00e9dition compl\u00e8tement folle. Le Britannique s&rsquo;est facilement impos\u00e9 dans un<\/p>\n","protected":false},"author":1,"featured_media":12855,"comment_status":"","ping_status":"","sticky":false,"template":"","format":"standard","meta":{"footnotes":""},"categories":[298],"tags":[166,3274,10133,6368,204,81,2645,6369,9673],"class_list":["post-12854","post","type-post","status-publish","format-standard","has-post-thumbnail","hentry","category-belgique","tag-dans","tag-excellente","tag-kuurnebruxelleskuurne","tag-laurenz","tag-place","tag-pour","tag-raeren","tag-rex","tag-sixieme","generate-columns","tablet-grid-50","mobile-grid-100","grid-parent","grid-33"],"yoast_head":"<!-- This site is optimized with the Yoast SEO plugin v24.0 - https:\/\/yoast.com\/wordpress\/plugins\/seo\/ -->\n<title>Excellente sixi\u00e8me place pour Laurenz Rex de Raeren dans la course Kuurne-Bruxelles-Kuurne | Vie Associative<\/title>\n<meta name=\"robots\" content=\"index, follow, max-snippet:-1, max-image-preview:large, max-video-preview:-1\" \/>\n<link rel=\"canonical\" href=\"https:\/\/vieassociative.be\/actualites\/excellente-sixieme-place-pour-laurenz-rex-de-raeren-dans-la-course-kuurne-bruxelles-kuurne\/\" \/>\n<meta property=\"og:locale\" content=\"fr_FR\" \/>\n<meta property=\"og:type\" content=\"article\" \/>\n<meta property=\"og:title\" content=\"Excellente sixi\u00e8me place pour Laurenz Rex de Raeren dans la course Kuurne-Bruxelles-Kuurne | Vie Associative\" \/>\n<meta property=\"og:description\" content=\"Matthew Brennan de l&rsquo;\u00e9quipe Visma-Lease a Bike a remport\u00e9 le sprint Kuurne-Bruxelles-Kuurne au terme d&rsquo;une \u00e9dition compl\u00e8tement folle. Le Britannique s&rsquo;est facilement impos\u00e9 dans un\" \/>\n<meta property=\"og:url\" content=\"https:\/\/vieassociative.be\/actualites\/excellente-sixieme-place-pour-laurenz-rex-de-raeren-dans-la-course-kuurne-bruxelles-kuurne\/\" \/>\n<meta property=\"og:site_name\" content=\"Vie Associative\" \/>\n<meta property=\"article:published_time\" content=\"2026-03-01T21:17:29+00:00\" \/>\n<meta property=\"og:image\" content=\"https:\/\/vieassociative.be\/actualites\/wp-content\/uploads\/2024\/09\/header_backgroundk-01-e1726694325946.png\" \/>\n\t<meta property=\"og:image:width\" content=\"279\" \/>\n\t<meta property=\"og:image:height\" content=\"92\" \/>\n\t<meta property=\"og:image:type\" content=\"image\/png\" \/>\n<meta name=\"author\" content=\"Julien\" \/>\n<meta name=\"twitter:card\" content=\"summary_large_image\" \/>\n<meta name=\"twitter:label1\" content=\"\u00c9crit par\" \/>\n\t<meta name=\"twitter:data1\" content=\"Julien\" \/>\n\t<meta name=\"twitter:label2\" content=\"Dur\u00e9e de lecture est.\" \/>\n\t<meta name=\"twitter:data2\" content=\"1 minute\" \/>\n<script type=\"application\/ld+json\" class=\"yoast-schema-graph\">{\"@context\":\"https:\/\/schema.org\",\"@graph\":[{\"@type\":\"Article\",\"@id\":\"https:\/\/vieassociative.be\/actualites\/excellente-sixieme-place-pour-laurenz-rex-de-raeren-dans-la-course-kuurne-bruxelles-kuurne\/#article\",\"isPartOf\":{\"@id\":\"https:\/\/vieassociative.be\/actualites\/excellente-sixieme-place-pour-laurenz-rex-de-raeren-dans-la-course-kuurne-bruxelles-kuurne\/\"},\"author\":{\"name\":\"Julien\",\"@id\":\"https:\/\/vieassociative.be\/actualites\/#\/schema\/person\/b87ac4f82f9d4e7b7cec7395b679edc4\"},\"headline\":\"Excellente sixi\u00e8me place pour Laurenz Rex de Raeren dans la course Kuurne-Bruxelles-Kuurne\",\"datePublished\":\"2026-03-01T21:17:29+00:00\",\"dateModified\":\"2026-03-01T21:17:29+00:00\",\"mainEntityOfPage\":{\"@id\":\"https:\/\/vieassociative.be\/actualites\/excellente-sixieme-place-pour-laurenz-rex-de-raeren-dans-la-course-kuurne-bruxelles-kuurne\/\"},\"wordCount\":303,\"publisher\":{\"@id\":\"https:\/\/vieassociative.be\/actualites\/#organization\"},\"image\":{\"@id\":\"https:\/\/vieassociative.be\/actualites\/excellente-sixieme-place-pour-laurenz-rex-de-raeren-dans-la-course-kuurne-bruxelles-kuurne\/#primaryimage\"},\"thumbnailUrl\":\"https:\/\/vieassociative.be\/actualites\/wp-content\/uploads\/2026\/03\/Excellente-sixieme-place-pour-Laurenz-Rex-de-Raeren-dans-la.jpg\",\"keywords\":[\"dans\",\"excellente\",\"KuurneBruxellesKuurne\",\"Laurenz\",\"place\",\"pour\",\"Raeren\",\"Rex\",\"sixi\u00e8me\"],\"articleSection\":[\"Belgique\"],\"inLanguage\":\"fr-BE\"},{\"@type\":\"WebPage\",\"@id\":\"https:\/\/vieassociative.be\/actualites\/excellente-sixieme-place-pour-laurenz-rex-de-raeren-dans-la-course-kuurne-bruxelles-kuurne\/\",\"url\":\"https:\/\/vieassociative.be\/actualites\/excellente-sixieme-place-pour-laurenz-rex-de-raeren-dans-la-course-kuurne-bruxelles-kuurne\/\",\"name\":\"Excellente sixi\u00e8me place pour Laurenz Rex de Raeren dans la course Kuurne-Bruxelles-Kuurne | Vie Associative\",\"isPartOf\":{\"@id\":\"https:\/\/vieassociative.be\/actualites\/#website\"},\"primaryImageOfPage\":{\"@id\":\"https:\/\/vieassociative.be\/actualites\/excellente-sixieme-place-pour-laurenz-rex-de-raeren-dans-la-course-kuurne-bruxelles-kuurne\/#primaryimage\"},\"image\":{\"@id\":\"https:\/\/vieassociative.be\/actualites\/excellente-sixieme-place-pour-laurenz-rex-de-raeren-dans-la-course-kuurne-bruxelles-kuurne\/#primaryimage\"},\"thumbnailUrl\":\"https:\/\/vieassociative.be\/actualites\/wp-content\/uploads\/2026\/03\/Excellente-sixieme-place-pour-Laurenz-Rex-de-Raeren-dans-la.jpg\",\"datePublished\":\"2026-03-01T21:17:29+00:00\",\"dateModified\":\"2026-03-01T21:17:29+00:00\",\"breadcrumb\":{\"@id\":\"https:\/\/vieassociative.be\/actualites\/excellente-sixieme-place-pour-laurenz-rex-de-raeren-dans-la-course-kuurne-bruxelles-kuurne\/#breadcrumb\"},\"inLanguage\":\"fr-BE\",\"potentialAction\":[{\"@type\":\"ReadAction\",\"target\":[\"https:\/\/vieassociative.be\/actualites\/excellente-sixieme-place-pour-laurenz-rex-de-raeren-dans-la-course-kuurne-bruxelles-kuurne\/\"]}]},{\"@type\":\"ImageObject\",\"inLanguage\":\"fr-BE\",\"@id\":\"https:\/\/vieassociative.be\/actualites\/excellente-sixieme-place-pour-laurenz-rex-de-raeren-dans-la-course-kuurne-bruxelles-kuurne\/#primaryimage\",\"url\":\"https:\/\/vieassociative.be\/actualites\/wp-content\/uploads\/2026\/03\/Excellente-sixieme-place-pour-Laurenz-Rex-de-Raeren-dans-la.jpg\",\"contentUrl\":\"https:\/\/vieassociative.be\/actualites\/wp-content\/uploads\/2026\/03\/Excellente-sixieme-place-pour-Laurenz-Rex-de-Raeren-dans-la.jpg\",\"width\":1200,\"height\":803,\"caption\":\"Excellente sixi\u00e8me place pour Laurenz Rex de Raeren dans la course Kuurne-Bruxelles-Kuurne\"},{\"@type\":\"BreadcrumbList\",\"@id\":\"https:\/\/vieassociative.be\/actualites\/excellente-sixieme-place-pour-laurenz-rex-de-raeren-dans-la-course-kuurne-bruxelles-kuurne\/#breadcrumb\",\"itemListElement\":[{\"@type\":\"ListItem\",\"position\":1,\"name\":\"Accueil\",\"item\":\"https:\/\/vieassociative.be\/actualites\/\"},{\"@type\":\"ListItem\",\"position\":2,\"name\":\"Excellente sixi\u00e8me place pour Laurenz Rex de Raeren dans la course Kuurne-Bruxelles-Kuurne\"}]},{\"@type\":\"WebSite\",\"@id\":\"https:\/\/vieassociative.be\/actualites\/#website\",\"url\":\"https:\/\/vieassociative.be\/actualites\/\",\"name\":\"Vie Associative\",\"description\":\"\",\"publisher\":{\"@id\":\"https:\/\/vieassociative.be\/actualites\/#organization\"},\"potentialAction\":[{\"@type\":\"SearchAction\",\"target\":{\"@type\":\"EntryPoint\",\"urlTemplate\":\"https:\/\/vieassociative.be\/actualites\/?s={search_term_string}\"},\"query-input\":{\"@type\":\"PropertyValueSpecification\",\"valueRequired\":true,\"valueName\":\"search_term_string\"}}],\"inLanguage\":\"fr-BE\"},{\"@type\":\"Organization\",\"@id\":\"https:\/\/vieassociative.be\/actualites\/#organization\",\"name\":\"Vie Associative\",\"url\":\"https:\/\/vieassociative.be\/actualites\/\",\"logo\":{\"@type\":\"ImageObject\",\"inLanguage\":\"fr-BE\",\"@id\":\"https:\/\/vieassociative.be\/actualites\/#\/schema\/logo\/image\/\",\"url\":\"https:\/\/vieassociative.be\/actualites\/wp-content\/uploads\/2024\/09\/cropped-vieassociative_favicon.ico.png\",\"contentUrl\":\"https:\/\/vieassociative.be\/actualites\/wp-content\/uploads\/2024\/09\/cropped-vieassociative_favicon.ico.png\",\"width\":512,\"height\":512,\"caption\":\"Vie Associative\"},\"image\":{\"@id\":\"https:\/\/vieassociative.be\/actualites\/#\/schema\/logo\/image\/\"}},{\"@type\":\"Person\",\"@id\":\"https:\/\/vieassociative.be\/actualites\/#\/schema\/person\/b87ac4f82f9d4e7b7cec7395b679edc4\",\"name\":\"Julien\",\"image\":{\"@type\":\"ImageObject\",\"inLanguage\":\"fr-BE\",\"@id\":\"https:\/\/vieassociative.be\/actualites\/#\/schema\/person\/image\/\",\"url\":\"https:\/\/vieassociative.be\/actualites\/wp-content\/uploads\/2024\/09\/vie-associative-1-150x150.jpg\",\"contentUrl\":\"https:\/\/vieassociative.be\/actualites\/wp-content\/uploads\/2024\/09\/vie-associative-1-150x150.jpg\",\"caption\":\"Julien\"},\"description\":\"Je suis Julien, r\u00e9dacteur pour Vie Associative. Passionn\u00e9 par le monde associatif depuis plus de 10 ans, j'ai \u00e0 c\u0153ur de partager des histoires inspirantes et de mettre en lumi\u00e8re les initiatives locales. Mon objectif est de sensibiliser et d'encourager l'engagement communautaire \u00e0 travers mes articles.\",\"sameAs\":[\"https:\/\/vieassociative.be\/\"]}]}<\/script>\n<!-- \/ Yoast SEO plugin. -->","yoast_head_json":{"title":"Excellente sixi\u00e8me place pour Laurenz Rex de Raeren dans la course Kuurne-Bruxelles-Kuurne | Vie Associative","robots":{"index":"index","follow":"follow","max-snippet":"max-snippet:-1","max-image-preview":"max-image-preview:large","max-video-preview":"max-video-preview:-1"},"canonical":"https:\/\/vieassociative.be\/actualites\/excellente-sixieme-place-pour-laurenz-rex-de-raeren-dans-la-course-kuurne-bruxelles-kuurne\/","og_locale":"fr_FR","og_type":"article","og_title":"Excellente sixi\u00e8me place pour Laurenz Rex de Raeren dans la course Kuurne-Bruxelles-Kuurne | Vie Associative","og_description":"Matthew Brennan de l&rsquo;\u00e9quipe Visma-Lease a Bike a remport\u00e9 le sprint Kuurne-Bruxelles-Kuurne au terme d&rsquo;une \u00e9dition compl\u00e8tement folle. Le Britannique s&rsquo;est facilement impos\u00e9 dans un","og_url":"https:\/\/vieassociative.be\/actualites\/excellente-sixieme-place-pour-laurenz-rex-de-raeren-dans-la-course-kuurne-bruxelles-kuurne\/","og_site_name":"Vie Associative","article_published_time":"2026-03-01T21:17:29+00:00","og_image":[{"width":279,"height":92,"url":"https:\/\/vieassociative.be\/actualites\/wp-content\/uploads\/2024\/09\/header_backgroundk-01-e1726694325946.png","type":"image\/png"}],"author":"Julien","twitter_card":"summary_large_image","twitter_misc":{"\u00c9crit par":"Julien","Dur\u00e9e de lecture est.":"1 minute"},"schema":{"@context":"https:\/\/schema.org","@graph":[{"@type":"Article","@id":"https:\/\/vieassociative.be\/actualites\/excellente-sixieme-place-pour-laurenz-rex-de-raeren-dans-la-course-kuurne-bruxelles-kuurne\/#article","isPartOf":{"@id":"https:\/\/vieassociative.be\/actualites\/excellente-sixieme-place-pour-laurenz-rex-de-raeren-dans-la-course-kuurne-bruxelles-kuurne\/"},"author":{"name":"Julien","@id":"https:\/\/vieassociative.be\/actualites\/#\/schema\/person\/b87ac4f82f9d4e7b7cec7395b679edc4"},"headline":"Excellente sixi\u00e8me place pour Laurenz Rex de Raeren dans la course Kuurne-Bruxelles-Kuurne","datePublished":"2026-03-01T21:17:29+00:00","dateModified":"2026-03-01T21:17:29+00:00","mainEntityOfPage":{"@id":"https:\/\/vieassociative.be\/actualites\/excellente-sixieme-place-pour-laurenz-rex-de-raeren-dans-la-course-kuurne-bruxelles-kuurne\/"},"wordCount":303,"publisher":{"@id":"https:\/\/vieassociative.be\/actualites\/#organization"},"image":{"@id":"https:\/\/vieassociative.be\/actualites\/excellente-sixieme-place-pour-laurenz-rex-de-raeren-dans-la-course-kuurne-bruxelles-kuurne\/#primaryimage"},"thumbnailUrl":"https:\/\/vieassociative.be\/actualites\/wp-content\/uploads\/2026\/03\/Excellente-sixieme-place-pour-Laurenz-Rex-de-Raeren-dans-la.jpg","keywords":["dans","excellente","KuurneBruxellesKuurne","Laurenz","place","pour","Raeren","Rex","sixi\u00e8me"],"articleSection":["Belgique"],"inLanguage":"fr-BE"},{"@type":"WebPage","@id":"https:\/\/vieassociative.be\/actualites\/excellente-sixieme-place-pour-laurenz-rex-de-raeren-dans-la-course-kuurne-bruxelles-kuurne\/","url":"https:\/\/vieassociative.be\/actualites\/excellente-sixieme-place-pour-laurenz-rex-de-raeren-dans-la-course-kuurne-bruxelles-kuurne\/","name":"Excellente sixi\u00e8me place pour Laurenz Rex de Raeren dans la course Kuurne-Bruxelles-Kuurne | Vie Associative","isPartOf":{"@id":"https:\/\/vieassociative.be\/actualites\/#website"},"primaryImageOfPage":{"@id":"https:\/\/vieassociative.be\/actualites\/excellente-sixieme-place-pour-laurenz-rex-de-raeren-dans-la-course-kuurne-bruxelles-kuurne\/#primaryimage"},"image":{"@id":"https:\/\/vieassociative.be\/actualites\/excellente-sixieme-place-pour-laurenz-rex-de-raeren-dans-la-course-kuurne-bruxelles-kuurne\/#primaryimage"},"thumbnailUrl":"https:\/\/vieassociative.be\/actualites\/wp-content\/uploads\/2026\/03\/Excellente-sixieme-place-pour-Laurenz-Rex-de-Raeren-dans-la.jpg","datePublished":"2026-03-01T21:17:29+00:00","dateModified":"2026-03-01T21:17:29+00:00","breadcrumb":{"@id":"https:\/\/vieassociative.be\/actualites\/excellente-sixieme-place-pour-laurenz-rex-de-raeren-dans-la-course-kuurne-bruxelles-kuurne\/#breadcrumb"},"inLanguage":"fr-BE","potentialAction":[{"@type":"ReadAction","target":["https:\/\/vieassociative.be\/actualites\/excellente-sixieme-place-pour-laurenz-rex-de-raeren-dans-la-course-kuurne-bruxelles-kuurne\/"]}]},{"@type":"ImageObject","inLanguage":"fr-BE","@id":"https:\/\/vieassociative.be\/actualites\/excellente-sixieme-place-pour-laurenz-rex-de-raeren-dans-la-course-kuurne-bruxelles-kuurne\/#primaryimage","url":"https:\/\/vieassociative.be\/actualites\/wp-content\/uploads\/2026\/03\/Excellente-sixieme-place-pour-Laurenz-Rex-de-Raeren-dans-la.jpg","contentUrl":"https:\/\/vieassociative.be\/actualites\/wp-content\/uploads\/2026\/03\/Excellente-sixieme-place-pour-Laurenz-Rex-de-Raeren-dans-la.jpg","width":1200,"height":803,"caption":"Excellente sixi\u00e8me place pour Laurenz Rex de Raeren dans la course Kuurne-Bruxelles-Kuurne"},{"@type":"BreadcrumbList","@id":"https:\/\/vieassociative.be\/actualites\/excellente-sixieme-place-pour-laurenz-rex-de-raeren-dans-la-course-kuurne-bruxelles-kuurne\/#breadcrumb","itemListElement":[{"@type":"ListItem","position":1,"name":"Accueil","item":"https:\/\/vieassociative.be\/actualites\/"},{"@type":"ListItem","position":2,"name":"Excellente sixi\u00e8me place pour Laurenz Rex de Raeren dans la course Kuurne-Bruxelles-Kuurne"}]},{"@type":"WebSite","@id":"https:\/\/vieassociative.be\/actualites\/#website","url":"https:\/\/vieassociative.be\/actualites\/","name":"Vie Associative","description":"","publisher":{"@id":"https:\/\/vieassociative.be\/actualites\/#organization"},"potentialAction":[{"@type":"SearchAction","target":{"@type":"EntryPoint","urlTemplate":"https:\/\/vieassociative.be\/actualites\/?s={search_term_string}"},"query-input":{"@type":"PropertyValueSpecification","valueRequired":true,"valueName":"search_term_string"}}],"inLanguage":"fr-BE"},{"@type":"Organization","@id":"https:\/\/vieassociative.be\/actualites\/#organization","name":"Vie Associative","url":"https:\/\/vieassociative.be\/actualites\/","logo":{"@type":"ImageObject","inLanguage":"fr-BE","@id":"https:\/\/vieassociative.be\/actualites\/#\/schema\/logo\/image\/","url":"https:\/\/vieassociative.be\/actualites\/wp-content\/uploads\/2024\/09\/cropped-vieassociative_favicon.ico.png","contentUrl":"https:\/\/vieassociative.be\/actualites\/wp-content\/uploads\/2024\/09\/cropped-vieassociative_favicon.ico.png","width":512,"height":512,"caption":"Vie Associative"},"image":{"@id":"https:\/\/vieassociative.be\/actualites\/#\/schema\/logo\/image\/"}},{"@type":"Person","@id":"https:\/\/vieassociative.be\/actualites\/#\/schema\/person\/b87ac4f82f9d4e7b7cec7395b679edc4","name":"Julien","image":{"@type":"ImageObject","inLanguage":"fr-BE","@id":"https:\/\/vieassociative.be\/actualites\/#\/schema\/person\/image\/","url":"https:\/\/vieassociative.be\/actualites\/wp-content\/uploads\/2024\/09\/vie-associative-1-150x150.jpg","contentUrl":"https:\/\/vieassociative.be\/actualites\/wp-content\/uploads\/2024\/09\/vie-associative-1-150x150.jpg","caption":"Julien"},"description":"Je suis Julien, r\u00e9dacteur pour Vie Associative. Passionn\u00e9 par le monde associatif depuis plus de 10 ans, j'ai \u00e0 c\u0153ur de partager des histoires inspirantes et de mettre en lumi\u00e8re les initiatives locales. Mon objectif est de sensibiliser et d'encourager l'engagement communautaire \u00e0 travers mes articles.","sameAs":["https:\/\/vieassociative.be\/"]}]}},"_links":{"self":[{"href":"https:\/\/vieassociative.be\/actualites\/wp-json\/wp\/v2\/posts\/12854"}],"collection":[{"href":"https:\/\/vieassociative.be\/actualites\/wp-json\/wp\/v2\/posts"}],"about":[{"href":"https:\/\/vieassociative.be\/actualites\/wp-json\/wp\/v2\/types\/post"}],"author":[{"embeddable":true,"href":"https:\/\/vieassociative.be\/actualites\/wp-json\/wp\/v2\/users\/1"}],"replies":[{"embeddable":true,"href":"https:\/\/vieassociative.be\/actualites\/wp-json\/wp\/v2\/comments?post=12854"}],"version-history":[{"count":0,"href":"https:\/\/vieassociative.be\/actualites\/wp-json\/wp\/v2\/posts\/12854\/revisions"}],"wp:featuredmedia":[{"embeddable":true,"href":"https:\/\/vieassociative.be\/actualites\/wp-json\/wp\/v2\/media\/12855"}],"wp:attachment":[{"href":"https:\/\/vieassociative.be\/actualites\/wp-json\/wp\/v2\/media?parent=12854"}],"wp:term":[{"taxonomy":"category","embeddable":true,"href":"https:\/\/vieassociative.be\/actualites\/wp-json\/wp\/v2\/categories?post=12854"},{"taxonomy":"post_tag","embeddable":true,"href":"https:\/\/vieassociative.be\/actualites\/wp-json\/wp\/v2\/tags?post=12854"}],"curies":[{"name":"wp","href":"https:\/\/api.w.org\/{rel}","templated":true}]}}