{"id":12851,"date":"2026-03-01T16:17:26","date_gmt":"2026-03-01T15:17:26","guid":{"rendered":"https:\/\/vieassociative.be\/actualites\/las-eupen-veut-conserver-une-chance-minime-de-place-dans-le-top-6-au-rwdm-aujourdhui-a-16h\/"},"modified":"2026-03-01T16:17:26","modified_gmt":"2026-03-01T15:17:26","slug":"las-eupen-veut-conserver-une-chance-minime-de-place-dans-le-top-6-au-rwdm-aujourdhui-a-16h","status":"publish","type":"post","link":"https:\/\/vieassociative.be\/actualites\/las-eupen-veut-conserver-une-chance-minime-de-place-dans-le-top-6-au-rwdm-aujourdhui-a-16h\/","title":{"rendered":"L&rsquo;AS Eupen veut conserver une chance minime de place dans le top 6 au RWDM aujourd&rsquo;hui \u00e0 16h"},"content":{"rendered":"<p><strong>L&rsquo;\u00e9quipe de football de deuxi\u00e8me division, l&rsquo;AS Eupen, est cet apr\u00e8s-midi invit\u00e9e au RWDM de Molenbeek.<\/strong><\/p>\n<p><span id=\"more-437293\"><\/span>Comme d\u00e9j\u00e0 soulign\u00e9 ici apr\u00e8s le match nul 1-1 contre les Francs Borains, Eupen n&rsquo;a qu&rsquo;une chance th\u00e9orique de place dans le top 6, ce qui offrirait encore une petite chance de promotion. Afin d&rsquo;avoir le minimum de chances, la seule option pour les Noirs et Blancs est une victoire cet apr\u00e8s-midi (16h \/ en direct sur l&rsquo;application DAZN).<\/p>\n<p>L&rsquo;AS Eupen peut avoir de la chance que le FC L\u00fcttich et le Patro Eisden aient perdu. Cela lui laisse huit points de retard sur les places 5 et 6, Eisden ayant jou\u00e9 un match et Li\u00e8ge deux matchs de plus qu&rsquo;Eupen.<\/p>\n<div id=\"attachment_426275\" class=\"wp-caption alignleft\" style=\"max-width: 300px\"><img fetchpriority=\"high\" decoding=\"async\" class=\"wp-image-426275 size-medium\" src=\"https:\/\/vieassociative.be\/actualites\/wp-content\/uploads\/2026\/03\/LAS-Eupen-veut-conserver-une-chance-minime-de-place-dans.jpg\" alt=\"\" width=\"300\" height=\"200\"><\/div>\n<p>Si Jong Gent figure dans le top 6 \u00e0 l&rsquo;issue du championnat r\u00e9gulier, une 7\u00e8me place suffirait pour les playoffs de promotion.<\/p>\n<p>Le RWDM a r\u00e9alis\u00e9 des performances encore pires que l&rsquo;AS cette saison, puisque l&rsquo;\u00e9quipe bruxelloise n&rsquo;est actuellement qu&rsquo;\u00e0 la 10\u00e8me place du classement. L&rsquo;AS Eupen n&rsquo;a remport\u00e9 qu&rsquo;un seul match sur six depuis le d\u00e9but de l&rsquo;ann\u00e9e, deux matchs se sont sold\u00e9s par un match nul et trois ont \u00e9t\u00e9 perdus. Le match aller ne reste pas dans un bon souvenir chez AS, car les Noirs et Blancs ont perdu une avance de 2-0 \u00e0 la mi-temps contre Molenbeek. La f\u00eate au stade Kehrweg s&rsquo;est termin\u00e9e par un score de 2:2.<\/p>\n<p>L&rsquo;AS Eupen devra se passer de quatre joueurs ce dimanche. Ga\u00ebtan Hendrickx, Lorenzo Youndje et Moustafa Mashaal sont bless\u00e9s et Nicolas Gavory est malade apr\u00e8s s&rsquo;\u00eatre remis d&rsquo;une blessure. (cr\u00e9er)<\/p>\n","protected":false},"excerpt":{"rendered":"<p>L&rsquo;\u00e9quipe de football de deuxi\u00e8me division, l&rsquo;AS Eupen, est cet apr\u00e8s-midi invit\u00e9e au RWDM de Molenbeek. Comme d\u00e9j\u00e0 soulign\u00e9 ici apr\u00e8s le match nul 1-1<\/p>\n","protected":false},"author":1,"featured_media":4428,"comment_status":"","ping_status":"","sticky":false,"template":"","format":"standard","meta":{"footnotes":""},"categories":[298],"tags":[2620,2330,5810,7240,166,2329,2353,10132,204,4818,3169,110,2635],"class_list":["post-12851","post","type-post","status-publish","format-standard","has-post-thumbnail","hentry","category-belgique","tag-16h","tag-aujourdhui","tag-chance","tag-conserver","tag-dans","tag-eupen","tag-las","tag-minime","tag-place","tag-rwdm","tag-top","tag-une","tag-veut","generate-columns","tablet-grid-50","mobile-grid-100","grid-parent","grid-33"],"yoast_head":"<!-- This site is optimized with the Yoast SEO plugin v24.0 - https:\/\/yoast.com\/wordpress\/plugins\/seo\/ -->\n<title>L&#039;AS Eupen veut conserver une chance minime de place dans le top 6 au RWDM aujourd&#039;hui \u00e0 16h | Vie Associative<\/title>\n<meta name=\"robots\" content=\"index, follow, max-snippet:-1, max-image-preview:large, max-video-preview:-1\" \/>\n<link rel=\"canonical\" href=\"https:\/\/vieassociative.be\/actualites\/las-eupen-veut-conserver-une-chance-minime-de-place-dans-le-top-6-au-rwdm-aujourdhui-a-16h\/\" \/>\n<meta property=\"og:locale\" content=\"fr_FR\" \/>\n<meta property=\"og:type\" content=\"article\" \/>\n<meta property=\"og:title\" content=\"L&#039;AS Eupen veut conserver une chance minime de place dans le top 6 au RWDM aujourd&#039;hui \u00e0 16h | Vie Associative\" \/>\n<meta property=\"og:description\" content=\"L&rsquo;\u00e9quipe de football de deuxi\u00e8me division, l&rsquo;AS Eupen, est cet apr\u00e8s-midi invit\u00e9e au RWDM de Molenbeek. Comme d\u00e9j\u00e0 soulign\u00e9 ici apr\u00e8s le match nul 1-1\" \/>\n<meta property=\"og:url\" content=\"https:\/\/vieassociative.be\/actualites\/las-eupen-veut-conserver-une-chance-minime-de-place-dans-le-top-6-au-rwdm-aujourdhui-a-16h\/\" \/>\n<meta property=\"og:site_name\" content=\"Vie Associative\" \/>\n<meta property=\"article:published_time\" content=\"2026-03-01T15:17:26+00:00\" \/>\n<meta property=\"og:image\" content=\"https:\/\/vieassociative.be\/actualites\/wp-content\/uploads\/2024\/09\/header_backgroundk-01-e1726694325946.png\" \/>\n\t<meta property=\"og:image:width\" content=\"279\" \/>\n\t<meta property=\"og:image:height\" content=\"92\" \/>\n\t<meta property=\"og:image:type\" content=\"image\/png\" \/>\n<meta name=\"author\" content=\"Julien\" \/>\n<meta name=\"twitter:card\" content=\"summary_large_image\" \/>\n<meta name=\"twitter:label1\" content=\"\u00c9crit par\" \/>\n\t<meta name=\"twitter:data1\" content=\"Julien\" \/>\n\t<meta name=\"twitter:label2\" content=\"Dur\u00e9e de lecture est.\" \/>\n\t<meta name=\"twitter:data2\" content=\"1 minute\" \/>\n<script type=\"application\/ld+json\" class=\"yoast-schema-graph\">{\"@context\":\"https:\/\/schema.org\",\"@graph\":[{\"@type\":\"Article\",\"@id\":\"https:\/\/vieassociative.be\/actualites\/las-eupen-veut-conserver-une-chance-minime-de-place-dans-le-top-6-au-rwdm-aujourdhui-a-16h\/#article\",\"isPartOf\":{\"@id\":\"https:\/\/vieassociative.be\/actualites\/las-eupen-veut-conserver-une-chance-minime-de-place-dans-le-top-6-au-rwdm-aujourdhui-a-16h\/\"},\"author\":{\"name\":\"Julien\",\"@id\":\"https:\/\/vieassociative.be\/actualites\/#\/schema\/person\/b87ac4f82f9d4e7b7cec7395b679edc4\"},\"headline\":\"L&rsquo;AS Eupen veut conserver une chance minime de place dans le top 6 au RWDM aujourd&rsquo;hui \u00e0 16h\",\"datePublished\":\"2026-03-01T15:17:26+00:00\",\"dateModified\":\"2026-03-01T15:17:26+00:00\",\"mainEntityOfPage\":{\"@id\":\"https:\/\/vieassociative.be\/actualites\/las-eupen-veut-conserver-une-chance-minime-de-place-dans-le-top-6-au-rwdm-aujourdhui-a-16h\/\"},\"wordCount\":310,\"publisher\":{\"@id\":\"https:\/\/vieassociative.be\/actualites\/#organization\"},\"image\":{\"@id\":\"https:\/\/vieassociative.be\/actualites\/las-eupen-veut-conserver-une-chance-minime-de-place-dans-le-top-6-au-rwdm-aujourdhui-a-16h\/#primaryimage\"},\"thumbnailUrl\":\"https:\/\/vieassociative.be\/actualites\/wp-content\/uploads\/2025\/01\/1737231445_LAS-Eupen-perd-le-duel-des-relegues-contre-le-RWDM.jpg\",\"keywords\":[\"16h\",\"aujourdhui\",\"chance\",\"conserver\",\"dans\",\"Eupen\",\"lAS\",\"minime\",\"place\",\"RWDM\",\"top\",\"une\",\"veut\"],\"articleSection\":[\"Belgique\"],\"inLanguage\":\"fr-BE\"},{\"@type\":\"WebPage\",\"@id\":\"https:\/\/vieassociative.be\/actualites\/las-eupen-veut-conserver-une-chance-minime-de-place-dans-le-top-6-au-rwdm-aujourdhui-a-16h\/\",\"url\":\"https:\/\/vieassociative.be\/actualites\/las-eupen-veut-conserver-une-chance-minime-de-place-dans-le-top-6-au-rwdm-aujourdhui-a-16h\/\",\"name\":\"L'AS Eupen veut conserver une chance minime de place dans le top 6 au RWDM aujourd'hui \u00e0 16h | Vie Associative\",\"isPartOf\":{\"@id\":\"https:\/\/vieassociative.be\/actualites\/#website\"},\"primaryImageOfPage\":{\"@id\":\"https:\/\/vieassociative.be\/actualites\/las-eupen-veut-conserver-une-chance-minime-de-place-dans-le-top-6-au-rwdm-aujourdhui-a-16h\/#primaryimage\"},\"image\":{\"@id\":\"https:\/\/vieassociative.be\/actualites\/las-eupen-veut-conserver-une-chance-minime-de-place-dans-le-top-6-au-rwdm-aujourdhui-a-16h\/#primaryimage\"},\"thumbnailUrl\":\"https:\/\/vieassociative.be\/actualites\/wp-content\/uploads\/2025\/01\/1737231445_LAS-Eupen-perd-le-duel-des-relegues-contre-le-RWDM.jpg\",\"datePublished\":\"2026-03-01T15:17:26+00:00\",\"dateModified\":\"2026-03-01T15:17:26+00:00\",\"breadcrumb\":{\"@id\":\"https:\/\/vieassociative.be\/actualites\/las-eupen-veut-conserver-une-chance-minime-de-place-dans-le-top-6-au-rwdm-aujourdhui-a-16h\/#breadcrumb\"},\"inLanguage\":\"fr-BE\",\"potentialAction\":[{\"@type\":\"ReadAction\",\"target\":[\"https:\/\/vieassociative.be\/actualites\/las-eupen-veut-conserver-une-chance-minime-de-place-dans-le-top-6-au-rwdm-aujourdhui-a-16h\/\"]}]},{\"@type\":\"ImageObject\",\"inLanguage\":\"fr-BE\",\"@id\":\"https:\/\/vieassociative.be\/actualites\/las-eupen-veut-conserver-une-chance-minime-de-place-dans-le-top-6-au-rwdm-aujourdhui-a-16h\/#primaryimage\",\"url\":\"https:\/\/vieassociative.be\/actualites\/wp-content\/uploads\/2025\/01\/1737231445_LAS-Eupen-perd-le-duel-des-relegues-contre-le-RWDM.jpg\",\"contentUrl\":\"https:\/\/vieassociative.be\/actualites\/wp-content\/uploads\/2025\/01\/1737231445_LAS-Eupen-perd-le-duel-des-relegues-contre-le-RWDM.jpg\",\"width\":1200,\"height\":801,\"caption\":\"L\u2019AS Eupen perd le duel des rel\u00e9gu\u00e9s contre le RWDM 0-1 \u2013 m\u00eame apr\u00e8s le d\u00e9but de l\u2019ann\u00e9e, aucun retournement de situation en vue\"},{\"@type\":\"BreadcrumbList\",\"@id\":\"https:\/\/vieassociative.be\/actualites\/las-eupen-veut-conserver-une-chance-minime-de-place-dans-le-top-6-au-rwdm-aujourdhui-a-16h\/#breadcrumb\",\"itemListElement\":[{\"@type\":\"ListItem\",\"position\":1,\"name\":\"Accueil\",\"item\":\"https:\/\/vieassociative.be\/actualites\/\"},{\"@type\":\"ListItem\",\"position\":2,\"name\":\"L&rsquo;AS Eupen veut conserver une chance minime de place dans le top 6 au RWDM aujourd&rsquo;hui \u00e0 16h\"}]},{\"@type\":\"WebSite\",\"@id\":\"https:\/\/vieassociative.be\/actualites\/#website\",\"url\":\"https:\/\/vieassociative.be\/actualites\/\",\"name\":\"Vie Associative\",\"description\":\"\",\"publisher\":{\"@id\":\"https:\/\/vieassociative.be\/actualites\/#organization\"},\"potentialAction\":[{\"@type\":\"SearchAction\",\"target\":{\"@type\":\"EntryPoint\",\"urlTemplate\":\"https:\/\/vieassociative.be\/actualites\/?s={search_term_string}\"},\"query-input\":{\"@type\":\"PropertyValueSpecification\",\"valueRequired\":true,\"valueName\":\"search_term_string\"}}],\"inLanguage\":\"fr-BE\"},{\"@type\":\"Organization\",\"@id\":\"https:\/\/vieassociative.be\/actualites\/#organization\",\"name\":\"Vie Associative\",\"url\":\"https:\/\/vieassociative.be\/actualites\/\",\"logo\":{\"@type\":\"ImageObject\",\"inLanguage\":\"fr-BE\",\"@id\":\"https:\/\/vieassociative.be\/actualites\/#\/schema\/logo\/image\/\",\"url\":\"https:\/\/vieassociative.be\/actualites\/wp-content\/uploads\/2024\/09\/cropped-vieassociative_favicon.ico.png\",\"contentUrl\":\"https:\/\/vieassociative.be\/actualites\/wp-content\/uploads\/2024\/09\/cropped-vieassociative_favicon.ico.png\",\"width\":512,\"height\":512,\"caption\":\"Vie Associative\"},\"image\":{\"@id\":\"https:\/\/vieassociative.be\/actualites\/#\/schema\/logo\/image\/\"}},{\"@type\":\"Person\",\"@id\":\"https:\/\/vieassociative.be\/actualites\/#\/schema\/person\/b87ac4f82f9d4e7b7cec7395b679edc4\",\"name\":\"Julien\",\"image\":{\"@type\":\"ImageObject\",\"inLanguage\":\"fr-BE\",\"@id\":\"https:\/\/vieassociative.be\/actualites\/#\/schema\/person\/image\/\",\"url\":\"https:\/\/vieassociative.be\/actualites\/wp-content\/uploads\/2024\/09\/vie-associative-1-150x150.jpg\",\"contentUrl\":\"https:\/\/vieassociative.be\/actualites\/wp-content\/uploads\/2024\/09\/vie-associative-1-150x150.jpg\",\"caption\":\"Julien\"},\"description\":\"Je suis Julien, r\u00e9dacteur pour Vie Associative. Passionn\u00e9 par le monde associatif depuis plus de 10 ans, j'ai \u00e0 c\u0153ur de partager des histoires inspirantes et de mettre en lumi\u00e8re les initiatives locales. Mon objectif est de sensibiliser et d'encourager l'engagement communautaire \u00e0 travers mes articles.\",\"sameAs\":[\"https:\/\/vieassociative.be\/\"]}]}<\/script>\n<!-- \/ Yoast SEO plugin. -->","yoast_head_json":{"title":"L'AS Eupen veut conserver une chance minime de place dans le top 6 au RWDM aujourd'hui \u00e0 16h | Vie Associative","robots":{"index":"index","follow":"follow","max-snippet":"max-snippet:-1","max-image-preview":"max-image-preview:large","max-video-preview":"max-video-preview:-1"},"canonical":"https:\/\/vieassociative.be\/actualites\/las-eupen-veut-conserver-une-chance-minime-de-place-dans-le-top-6-au-rwdm-aujourdhui-a-16h\/","og_locale":"fr_FR","og_type":"article","og_title":"L'AS Eupen veut conserver une chance minime de place dans le top 6 au RWDM aujourd'hui \u00e0 16h | Vie Associative","og_description":"L&rsquo;\u00e9quipe de football de deuxi\u00e8me division, l&rsquo;AS Eupen, est cet apr\u00e8s-midi invit\u00e9e au RWDM de Molenbeek. Comme d\u00e9j\u00e0 soulign\u00e9 ici apr\u00e8s le match nul 1-1","og_url":"https:\/\/vieassociative.be\/actualites\/las-eupen-veut-conserver-une-chance-minime-de-place-dans-le-top-6-au-rwdm-aujourdhui-a-16h\/","og_site_name":"Vie Associative","article_published_time":"2026-03-01T15:17:26+00:00","og_image":[{"width":279,"height":92,"url":"https:\/\/vieassociative.be\/actualites\/wp-content\/uploads\/2024\/09\/header_backgroundk-01-e1726694325946.png","type":"image\/png"}],"author":"Julien","twitter_card":"summary_large_image","twitter_misc":{"\u00c9crit par":"Julien","Dur\u00e9e de lecture est.":"1 minute"},"schema":{"@context":"https:\/\/schema.org","@graph":[{"@type":"Article","@id":"https:\/\/vieassociative.be\/actualites\/las-eupen-veut-conserver-une-chance-minime-de-place-dans-le-top-6-au-rwdm-aujourdhui-a-16h\/#article","isPartOf":{"@id":"https:\/\/vieassociative.be\/actualites\/las-eupen-veut-conserver-une-chance-minime-de-place-dans-le-top-6-au-rwdm-aujourdhui-a-16h\/"},"author":{"name":"Julien","@id":"https:\/\/vieassociative.be\/actualites\/#\/schema\/person\/b87ac4f82f9d4e7b7cec7395b679edc4"},"headline":"L&rsquo;AS Eupen veut conserver une chance minime de place dans le top 6 au RWDM aujourd&rsquo;hui \u00e0 16h","datePublished":"2026-03-01T15:17:26+00:00","dateModified":"2026-03-01T15:17:26+00:00","mainEntityOfPage":{"@id":"https:\/\/vieassociative.be\/actualites\/las-eupen-veut-conserver-une-chance-minime-de-place-dans-le-top-6-au-rwdm-aujourdhui-a-16h\/"},"wordCount":310,"publisher":{"@id":"https:\/\/vieassociative.be\/actualites\/#organization"},"image":{"@id":"https:\/\/vieassociative.be\/actualites\/las-eupen-veut-conserver-une-chance-minime-de-place-dans-le-top-6-au-rwdm-aujourdhui-a-16h\/#primaryimage"},"thumbnailUrl":"https:\/\/vieassociative.be\/actualites\/wp-content\/uploads\/2025\/01\/1737231445_LAS-Eupen-perd-le-duel-des-relegues-contre-le-RWDM.jpg","keywords":["16h","aujourdhui","chance","conserver","dans","Eupen","lAS","minime","place","RWDM","top","une","veut"],"articleSection":["Belgique"],"inLanguage":"fr-BE"},{"@type":"WebPage","@id":"https:\/\/vieassociative.be\/actualites\/las-eupen-veut-conserver-une-chance-minime-de-place-dans-le-top-6-au-rwdm-aujourdhui-a-16h\/","url":"https:\/\/vieassociative.be\/actualites\/las-eupen-veut-conserver-une-chance-minime-de-place-dans-le-top-6-au-rwdm-aujourdhui-a-16h\/","name":"L'AS Eupen veut conserver une chance minime de place dans le top 6 au RWDM aujourd'hui \u00e0 16h | Vie Associative","isPartOf":{"@id":"https:\/\/vieassociative.be\/actualites\/#website"},"primaryImageOfPage":{"@id":"https:\/\/vieassociative.be\/actualites\/las-eupen-veut-conserver-une-chance-minime-de-place-dans-le-top-6-au-rwdm-aujourdhui-a-16h\/#primaryimage"},"image":{"@id":"https:\/\/vieassociative.be\/actualites\/las-eupen-veut-conserver-une-chance-minime-de-place-dans-le-top-6-au-rwdm-aujourdhui-a-16h\/#primaryimage"},"thumbnailUrl":"https:\/\/vieassociative.be\/actualites\/wp-content\/uploads\/2025\/01\/1737231445_LAS-Eupen-perd-le-duel-des-relegues-contre-le-RWDM.jpg","datePublished":"2026-03-01T15:17:26+00:00","dateModified":"2026-03-01T15:17:26+00:00","breadcrumb":{"@id":"https:\/\/vieassociative.be\/actualites\/las-eupen-veut-conserver-une-chance-minime-de-place-dans-le-top-6-au-rwdm-aujourdhui-a-16h\/#breadcrumb"},"inLanguage":"fr-BE","potentialAction":[{"@type":"ReadAction","target":["https:\/\/vieassociative.be\/actualites\/las-eupen-veut-conserver-une-chance-minime-de-place-dans-le-top-6-au-rwdm-aujourdhui-a-16h\/"]}]},{"@type":"ImageObject","inLanguage":"fr-BE","@id":"https:\/\/vieassociative.be\/actualites\/las-eupen-veut-conserver-une-chance-minime-de-place-dans-le-top-6-au-rwdm-aujourdhui-a-16h\/#primaryimage","url":"https:\/\/vieassociative.be\/actualites\/wp-content\/uploads\/2025\/01\/1737231445_LAS-Eupen-perd-le-duel-des-relegues-contre-le-RWDM.jpg","contentUrl":"https:\/\/vieassociative.be\/actualites\/wp-content\/uploads\/2025\/01\/1737231445_LAS-Eupen-perd-le-duel-des-relegues-contre-le-RWDM.jpg","width":1200,"height":801,"caption":"L\u2019AS Eupen perd le duel des rel\u00e9gu\u00e9s contre le RWDM 0-1 \u2013 m\u00eame apr\u00e8s le d\u00e9but de l\u2019ann\u00e9e, aucun retournement de situation en vue"},{"@type":"BreadcrumbList","@id":"https:\/\/vieassociative.be\/actualites\/las-eupen-veut-conserver-une-chance-minime-de-place-dans-le-top-6-au-rwdm-aujourdhui-a-16h\/#breadcrumb","itemListElement":[{"@type":"ListItem","position":1,"name":"Accueil","item":"https:\/\/vieassociative.be\/actualites\/"},{"@type":"ListItem","position":2,"name":"L&rsquo;AS Eupen veut conserver une chance minime de place dans le top 6 au RWDM aujourd&rsquo;hui \u00e0 16h"}]},{"@type":"WebSite","@id":"https:\/\/vieassociative.be\/actualites\/#website","url":"https:\/\/vieassociative.be\/actualites\/","name":"Vie Associative","description":"","publisher":{"@id":"https:\/\/vieassociative.be\/actualites\/#organization"},"potentialAction":[{"@type":"SearchAction","target":{"@type":"EntryPoint","urlTemplate":"https:\/\/vieassociative.be\/actualites\/?s={search_term_string}"},"query-input":{"@type":"PropertyValueSpecification","valueRequired":true,"valueName":"search_term_string"}}],"inLanguage":"fr-BE"},{"@type":"Organization","@id":"https:\/\/vieassociative.be\/actualites\/#organization","name":"Vie Associative","url":"https:\/\/vieassociative.be\/actualites\/","logo":{"@type":"ImageObject","inLanguage":"fr-BE","@id":"https:\/\/vieassociative.be\/actualites\/#\/schema\/logo\/image\/","url":"https:\/\/vieassociative.be\/actualites\/wp-content\/uploads\/2024\/09\/cropped-vieassociative_favicon.ico.png","contentUrl":"https:\/\/vieassociative.be\/actualites\/wp-content\/uploads\/2024\/09\/cropped-vieassociative_favicon.ico.png","width":512,"height":512,"caption":"Vie Associative"},"image":{"@id":"https:\/\/vieassociative.be\/actualites\/#\/schema\/logo\/image\/"}},{"@type":"Person","@id":"https:\/\/vieassociative.be\/actualites\/#\/schema\/person\/b87ac4f82f9d4e7b7cec7395b679edc4","name":"Julien","image":{"@type":"ImageObject","inLanguage":"fr-BE","@id":"https:\/\/vieassociative.be\/actualites\/#\/schema\/person\/image\/","url":"https:\/\/vieassociative.be\/actualites\/wp-content\/uploads\/2024\/09\/vie-associative-1-150x150.jpg","contentUrl":"https:\/\/vieassociative.be\/actualites\/wp-content\/uploads\/2024\/09\/vie-associative-1-150x150.jpg","caption":"Julien"},"description":"Je suis Julien, r\u00e9dacteur pour Vie Associative. Passionn\u00e9 par le monde associatif depuis plus de 10 ans, j'ai \u00e0 c\u0153ur de partager des histoires inspirantes et de mettre en lumi\u00e8re les initiatives locales. Mon objectif est de sensibiliser et d'encourager l'engagement communautaire \u00e0 travers mes articles.","sameAs":["https:\/\/vieassociative.be\/"]}]}},"_links":{"self":[{"href":"https:\/\/vieassociative.be\/actualites\/wp-json\/wp\/v2\/posts\/12851"}],"collection":[{"href":"https:\/\/vieassociative.be\/actualites\/wp-json\/wp\/v2\/posts"}],"about":[{"href":"https:\/\/vieassociative.be\/actualites\/wp-json\/wp\/v2\/types\/post"}],"author":[{"embeddable":true,"href":"https:\/\/vieassociative.be\/actualites\/wp-json\/wp\/v2\/users\/1"}],"replies":[{"embeddable":true,"href":"https:\/\/vieassociative.be\/actualites\/wp-json\/wp\/v2\/comments?post=12851"}],"version-history":[{"count":0,"href":"https:\/\/vieassociative.be\/actualites\/wp-json\/wp\/v2\/posts\/12851\/revisions"}],"wp:featuredmedia":[{"embeddable":true,"href":"https:\/\/vieassociative.be\/actualites\/wp-json\/wp\/v2\/media\/4428"}],"wp:attachment":[{"href":"https:\/\/vieassociative.be\/actualites\/wp-json\/wp\/v2\/media?parent=12851"}],"wp:term":[{"taxonomy":"category","embeddable":true,"href":"https:\/\/vieassociative.be\/actualites\/wp-json\/wp\/v2\/categories?post=12851"},{"taxonomy":"post_tag","embeddable":true,"href":"https:\/\/vieassociative.be\/actualites\/wp-json\/wp\/v2\/tags?post=12851"}],"curies":[{"name":"wp","href":"https:\/\/api.w.org\/{rel}","templated":true}]}}