{"id":12847,"date":"2026-03-01T10:17:57","date_gmt":"2026-03-01T09:17:57","guid":{"rendered":"https:\/\/vieassociative.be\/actualites\/nouvelles-regles-du-football-de-la-coupe-du-monde-plus-de-puissance-pour-le-var-pour-les-corner-les-cartons-jaunes-et-le-temps-de-jeu\/"},"modified":"2026-03-01T10:17:57","modified_gmt":"2026-03-01T09:17:57","slug":"nouvelles-regles-du-football-de-la-coupe-du-monde-plus-de-puissance-pour-le-var-pour-les-corner-les-cartons-jaunes-et-le-temps-de-jeu","status":"publish","type":"post","link":"https:\/\/vieassociative.be\/actualites\/nouvelles-regles-du-football-de-la-coupe-du-monde-plus-de-puissance-pour-le-var-pour-les-corner-les-cartons-jaunes-et-le-temps-de-jeu\/","title":{"rendered":"Nouvelles r\u00e8gles du football de la Coupe du Monde\u00a0: plus de puissance pour le VAR pour les corner, les cartons jaunes et le temps de jeu"},"content":{"rendered":"<p><strong>Les fans de football doivent s&rsquo;adapter aux nouvelles r\u00e8gles de la Coupe du monde. Le VAR obtient plus de pouvoirs. Il y a aussi des changements dans la lutte contre le jeu du temps.<\/strong><\/p>\n<p><span id=\"more-437271\"><\/span>Dans le football, l\u2019arbitre vid\u00e9o dispose de beaucoup plus de pouvoirs. C&rsquo;est ce qu&rsquo;ont d\u00e9cid\u00e9 les r\u00e9gulateurs internationaux lors de l&rsquo;assembl\u00e9e g\u00e9n\u00e9rale annuelle de l&rsquo;International Football Association Board (Ifab) au Pays de Galles. Le nouveau r\u00e8glement entrera en vigueur cet \u00e9t\u00e9 et pourrait donc d\u00e9j\u00e0 \u00eatre appliqu\u00e9 lors de la Coupe du monde. En Jupiler Pro League ou en Bundesliga, ils postuleront probablement \u00e0 partir de la saison prochaine.<\/p>\n<div id=\"attachment_149308\" class=\"wp-caption alignleft\" style=\"max-width: 300px\"><img fetchpriority=\"high\" decoding=\"async\" class=\"wp-image-149308 size-medium\" src=\"https:\/\/vieassociative.be\/actualites\/wp-content\/uploads\/2026\/03\/Nouvelles-regles-du-football-de-la-Coupe-du-Monde-plus.jpg\" alt=\"\" width=\"300\" height=\"185\"  ><\/div>\n<p><strong>\u2013 VAR peut corriger l\u2019envoi :<\/strong> \u00c0 l\u2019avenir, l\u2019assistant vid\u00e9o v\u00e9rifiera \u00e9galement l\u2019exactitude des coups de pied de coin. \u00ab\u00a0\u00c0 condition que l&rsquo;examen puisse \u00eatre effectu\u00e9 imm\u00e9diatement et sans retarder la suite du jeu\u00a0\u00bb, indique le communiqu\u00e9. Le but est d\u2019\u00e9viter qu\u2019un corner mal donn\u00e9 ne m\u00e8ne directement \u00e0 un but.<\/p>\n<p>Les cartons jaunes, qui entra\u00eenent un licenciement, seront bient\u00f4t \u00e9galement contr\u00f4l\u00e9s. Cependant, les premiers cartons jaunes ou les avertissements impunis qui auraient pu conduire \u00e0 un carton jaune-rouge ne sont pas v\u00e9rifi\u00e9s &#8211; \u00e0 moins qu&rsquo;il puisse \u00eatre prouv\u00e9 que le mauvais joueur ou la mauvaise \u00e9quipe a \u00e9t\u00e9 sanctionn\u00e9.<\/p>\n<p><strong>\u2013 Deuxi\u00e8me compte \u00e0 rebours \u00e9galement pour les remises en jeu et les coups de pied de but :<\/strong> S&rsquo;appuyant sur la r\u00e8gle dite des huit secondes pour les gardiens de but lors du coup de d\u00e9part, l&rsquo;Assembl\u00e9e g\u00e9n\u00e9rale a confirm\u00e9 l&rsquo;extension du principe du compte \u00e0 rebours aux remises en jeu et aux coups de pied de but. \u00ab\u00a0Si l&rsquo;arbitre estime qu&rsquo;une remise en jeu ou un coup de pied de but prend trop de temps ou est intentionnellement retard\u00e9, un compte \u00e0 rebours visuel de cinq secondes sera lanc\u00e9\u00a0\u00bb, ont indiqu\u00e9 les responsables des r\u00e8gles.<\/p>\n<div id=\"attachment_127798\" class=\"wp-caption alignleft\" style=\"max-width: 300px\"><img decoding=\"async\" class=\"wp-image-127798 size-medium\" src=\"https:\/\/vieassociative.be\/actualites\/wp-content\/uploads\/2026\/03\/1772356677_890_Nouvelles-regles-du-football-de-la-Coupe-du-Monde-plus.jpg\" alt=\"\" width=\"300\" height=\"200\"  ><\/div>\n<p>Si le ballon n&rsquo;est pas en jeu \u00e0 la fin du compte \u00e0 rebours, l&rsquo;\u00e9quipe adverse b\u00e9n\u00e9ficie d&rsquo;une remise en jeu. Un coup de pied de but retard\u00e9 entra\u00eene un corner pour l&rsquo;autre \u00e9quipe.<\/p>\n<p><strong>\u2013 Les joueurs trait\u00e9s doivent rester dehors pendant une minute :<\/strong> En outre, les joueurs remplac\u00e9s devront d\u00e9sormais quitter le terrain de jeu dans les dix secondes suivant l&rsquo;affichage du panneau de remplacement. Si le joueur ne s&rsquo;y conforme pas, le rempla\u00e7ant ne sera pas autoris\u00e9 \u00e0 entrer sur le terrain jusqu&rsquo;\u00e0 ce qu&rsquo;il y ait une nouvelle pause dans le jeu.<\/p>\n<p>Si un joueur est soign\u00e9 pour une blessure sur le terrain ou si sa blessure entra\u00eene un arr\u00eat du jeu, le joueur doit quitter le terrain et rester hors du terrain pendant une minute apr\u00e8s la reprise du jeu.<\/p>\n<p><strong>\u2013 Quatre associations britanniques au panel :<\/strong> Il n\u2019y a cependant aucune obligation d\u2019adopter les nouvelles r\u00e8gles pour toutes les comp\u00e9titions.<\/p>\n<p>Traditionnellement, les quatre associations britanniques de football d&rsquo;Angleterre, d&rsquo;\u00c9cosse, du Pays de Galles et d&rsquo;Irlande du Nord sont chacune repr\u00e9sent\u00e9es au comit\u00e9 avec une voix. La FIFA dispose d&rsquo;un total de quatre voix. L&rsquo;institution est universellement accept\u00e9e comme autorit\u00e9 de r\u00e9gulation. (dpa\/cr\u00e9)<\/p>\n","protected":false},"excerpt":{"rendered":"<p>Les fans de football doivent s&rsquo;adapter aux nouvelles r\u00e8gles de la Coupe du monde. Le VAR obtient plus de pouvoirs. Il y a aussi des<\/p>\n","protected":false},"author":1,"featured_media":12848,"comment_status":"","ping_status":"","sticky":false,"template":"","format":"standard","meta":{"footnotes":""},"categories":[298],"tags":[10131,10130,2472,1104,1764,477,14,237,1215,81,6686,226,790,9160],"class_list":["post-12847","post","type-post","status-publish","format-standard","has-post-thumbnail","hentry","category-belgique","tag-cartons","tag-corner","tag-coupe","tag-football","tag-jaunes","tag-jeu","tag-les","tag-monde","tag-nouvelles","tag-pour","tag-puissance","tag-regles","tag-temps","tag-var","generate-columns","tablet-grid-50","mobile-grid-100","grid-parent","grid-33"],"yoast_head":"<!-- This site is optimized with the Yoast SEO plugin v24.0 - https:\/\/yoast.com\/wordpress\/plugins\/seo\/ -->\n<title>Nouvelles r\u00e8gles du football de la Coupe du Monde\u00a0: plus de puissance pour le VAR pour les corner, les cartons jaunes et le temps de jeu | Vie Associative<\/title>\n<meta name=\"robots\" content=\"index, follow, max-snippet:-1, max-image-preview:large, max-video-preview:-1\" \/>\n<link rel=\"canonical\" href=\"https:\/\/vieassociative.be\/actualites\/nouvelles-regles-du-football-de-la-coupe-du-monde-plus-de-puissance-pour-le-var-pour-les-corner-les-cartons-jaunes-et-le-temps-de-jeu\/\" \/>\n<meta property=\"og:locale\" content=\"fr_FR\" \/>\n<meta property=\"og:type\" content=\"article\" \/>\n<meta property=\"og:title\" content=\"Nouvelles r\u00e8gles du football de la Coupe du Monde\u00a0: plus de puissance pour le VAR pour les corner, les cartons jaunes et le temps de jeu | Vie Associative\" \/>\n<meta property=\"og:description\" content=\"Les fans de football doivent s&rsquo;adapter aux nouvelles r\u00e8gles de la Coupe du monde. Le VAR obtient plus de pouvoirs. Il y a aussi des\" \/>\n<meta property=\"og:url\" content=\"https:\/\/vieassociative.be\/actualites\/nouvelles-regles-du-football-de-la-coupe-du-monde-plus-de-puissance-pour-le-var-pour-les-corner-les-cartons-jaunes-et-le-temps-de-jeu\/\" \/>\n<meta property=\"og:site_name\" content=\"Vie Associative\" \/>\n<meta property=\"article:published_time\" content=\"2026-03-01T09:17:57+00:00\" \/>\n<meta property=\"og:image\" content=\"https:\/\/vieassociative.be\/actualites\/wp-content\/uploads\/2024\/09\/header_backgroundk-01-e1726694325946.png\" \/>\n\t<meta property=\"og:image:width\" content=\"279\" \/>\n\t<meta property=\"og:image:height\" content=\"92\" \/>\n\t<meta property=\"og:image:type\" content=\"image\/png\" \/>\n<meta name=\"author\" content=\"Julien\" \/>\n<meta name=\"twitter:card\" content=\"summary_large_image\" \/>\n<meta name=\"twitter:label1\" content=\"\u00c9crit par\" \/>\n\t<meta name=\"twitter:data1\" content=\"Julien\" \/>\n\t<meta name=\"twitter:label2\" content=\"Dur\u00e9e de lecture est.\" \/>\n\t<meta name=\"twitter:data2\" content=\"3 minutes\" \/>\n<script type=\"application\/ld+json\" class=\"yoast-schema-graph\">{\"@context\":\"https:\/\/schema.org\",\"@graph\":[{\"@type\":\"Article\",\"@id\":\"https:\/\/vieassociative.be\/actualites\/nouvelles-regles-du-football-de-la-coupe-du-monde-plus-de-puissance-pour-le-var-pour-les-corner-les-cartons-jaunes-et-le-temps-de-jeu\/#article\",\"isPartOf\":{\"@id\":\"https:\/\/vieassociative.be\/actualites\/nouvelles-regles-du-football-de-la-coupe-du-monde-plus-de-puissance-pour-le-var-pour-les-corner-les-cartons-jaunes-et-le-temps-de-jeu\/\"},\"author\":{\"name\":\"Julien\",\"@id\":\"https:\/\/vieassociative.be\/actualites\/#\/schema\/person\/b87ac4f82f9d4e7b7cec7395b679edc4\"},\"headline\":\"Nouvelles r\u00e8gles du football de la Coupe du Monde\u00a0: plus de puissance pour le VAR pour les corner, les cartons jaunes et le temps de jeu\",\"datePublished\":\"2026-03-01T09:17:57+00:00\",\"dateModified\":\"2026-03-01T09:17:57+00:00\",\"mainEntityOfPage\":{\"@id\":\"https:\/\/vieassociative.be\/actualites\/nouvelles-regles-du-football-de-la-coupe-du-monde-plus-de-puissance-pour-le-var-pour-les-corner-les-cartons-jaunes-et-le-temps-de-jeu\/\"},\"wordCount\":582,\"publisher\":{\"@id\":\"https:\/\/vieassociative.be\/actualites\/#organization\"},\"image\":{\"@id\":\"https:\/\/vieassociative.be\/actualites\/nouvelles-regles-du-football-de-la-coupe-du-monde-plus-de-puissance-pour-le-var-pour-les-corner-les-cartons-jaunes-et-le-temps-de-jeu\/#primaryimage\"},\"thumbnailUrl\":\"https:\/\/vieassociative.be\/actualites\/wp-content\/uploads\/2026\/03\/1772356686_Nouvelles-regles-du-football-de-la-Coupe-du-Monde-plus.jpg\",\"keywords\":[\"cartons\",\"corner\",\"Coupe\",\"football\",\"jaunes\",\"jeu\",\"Les\",\"monde\",\"nouvelles\",\"pour\",\"puissance\",\"r\u00e8gles\",\"temps\",\"VAR\"],\"articleSection\":[\"Belgique\"],\"inLanguage\":\"fr-BE\"},{\"@type\":\"WebPage\",\"@id\":\"https:\/\/vieassociative.be\/actualites\/nouvelles-regles-du-football-de-la-coupe-du-monde-plus-de-puissance-pour-le-var-pour-les-corner-les-cartons-jaunes-et-le-temps-de-jeu\/\",\"url\":\"https:\/\/vieassociative.be\/actualites\/nouvelles-regles-du-football-de-la-coupe-du-monde-plus-de-puissance-pour-le-var-pour-les-corner-les-cartons-jaunes-et-le-temps-de-jeu\/\",\"name\":\"Nouvelles r\u00e8gles du football de la Coupe du Monde\u00a0: plus de puissance pour le VAR pour les corner, les cartons jaunes et le temps de jeu | Vie Associative\",\"isPartOf\":{\"@id\":\"https:\/\/vieassociative.be\/actualites\/#website\"},\"primaryImageOfPage\":{\"@id\":\"https:\/\/vieassociative.be\/actualites\/nouvelles-regles-du-football-de-la-coupe-du-monde-plus-de-puissance-pour-le-var-pour-les-corner-les-cartons-jaunes-et-le-temps-de-jeu\/#primaryimage\"},\"image\":{\"@id\":\"https:\/\/vieassociative.be\/actualites\/nouvelles-regles-du-football-de-la-coupe-du-monde-plus-de-puissance-pour-le-var-pour-les-corner-les-cartons-jaunes-et-le-temps-de-jeu\/#primaryimage\"},\"thumbnailUrl\":\"https:\/\/vieassociative.be\/actualites\/wp-content\/uploads\/2026\/03\/1772356686_Nouvelles-regles-du-football-de-la-Coupe-du-Monde-plus.jpg\",\"datePublished\":\"2026-03-01T09:17:57+00:00\",\"dateModified\":\"2026-03-01T09:17:57+00:00\",\"breadcrumb\":{\"@id\":\"https:\/\/vieassociative.be\/actualites\/nouvelles-regles-du-football-de-la-coupe-du-monde-plus-de-puissance-pour-le-var-pour-les-corner-les-cartons-jaunes-et-le-temps-de-jeu\/#breadcrumb\"},\"inLanguage\":\"fr-BE\",\"potentialAction\":[{\"@type\":\"ReadAction\",\"target\":[\"https:\/\/vieassociative.be\/actualites\/nouvelles-regles-du-football-de-la-coupe-du-monde-plus-de-puissance-pour-le-var-pour-les-corner-les-cartons-jaunes-et-le-temps-de-jeu\/\"]}]},{\"@type\":\"ImageObject\",\"inLanguage\":\"fr-BE\",\"@id\":\"https:\/\/vieassociative.be\/actualites\/nouvelles-regles-du-football-de-la-coupe-du-monde-plus-de-puissance-pour-le-var-pour-les-corner-les-cartons-jaunes-et-le-temps-de-jeu\/#primaryimage\",\"url\":\"https:\/\/vieassociative.be\/actualites\/wp-content\/uploads\/2026\/03\/1772356686_Nouvelles-regles-du-football-de-la-Coupe-du-Monde-plus.jpg\",\"contentUrl\":\"https:\/\/vieassociative.be\/actualites\/wp-content\/uploads\/2026\/03\/1772356686_Nouvelles-regles-du-football-de-la-Coupe-du-Monde-plus.jpg\",\"width\":1200,\"height\":773,\"caption\":\"Nouvelles r\u00e8gles du football de la Coupe du Monde\u00a0: plus de puissance pour le VAR pour les corner, les cartons jaunes et le temps de jeu\"},{\"@type\":\"BreadcrumbList\",\"@id\":\"https:\/\/vieassociative.be\/actualites\/nouvelles-regles-du-football-de-la-coupe-du-monde-plus-de-puissance-pour-le-var-pour-les-corner-les-cartons-jaunes-et-le-temps-de-jeu\/#breadcrumb\",\"itemListElement\":[{\"@type\":\"ListItem\",\"position\":1,\"name\":\"Accueil\",\"item\":\"https:\/\/vieassociative.be\/actualites\/\"},{\"@type\":\"ListItem\",\"position\":2,\"name\":\"Nouvelles r\u00e8gles du football de la Coupe du Monde\u00a0: plus de puissance pour le VAR pour les corner, les cartons jaunes et le temps de jeu\"}]},{\"@type\":\"WebSite\",\"@id\":\"https:\/\/vieassociative.be\/actualites\/#website\",\"url\":\"https:\/\/vieassociative.be\/actualites\/\",\"name\":\"Vie Associative\",\"description\":\"\",\"publisher\":{\"@id\":\"https:\/\/vieassociative.be\/actualites\/#organization\"},\"potentialAction\":[{\"@type\":\"SearchAction\",\"target\":{\"@type\":\"EntryPoint\",\"urlTemplate\":\"https:\/\/vieassociative.be\/actualites\/?s={search_term_string}\"},\"query-input\":{\"@type\":\"PropertyValueSpecification\",\"valueRequired\":true,\"valueName\":\"search_term_string\"}}],\"inLanguage\":\"fr-BE\"},{\"@type\":\"Organization\",\"@id\":\"https:\/\/vieassociative.be\/actualites\/#organization\",\"name\":\"Vie Associative\",\"url\":\"https:\/\/vieassociative.be\/actualites\/\",\"logo\":{\"@type\":\"ImageObject\",\"inLanguage\":\"fr-BE\",\"@id\":\"https:\/\/vieassociative.be\/actualites\/#\/schema\/logo\/image\/\",\"url\":\"https:\/\/vieassociative.be\/actualites\/wp-content\/uploads\/2024\/09\/cropped-vieassociative_favicon.ico.png\",\"contentUrl\":\"https:\/\/vieassociative.be\/actualites\/wp-content\/uploads\/2024\/09\/cropped-vieassociative_favicon.ico.png\",\"width\":512,\"height\":512,\"caption\":\"Vie Associative\"},\"image\":{\"@id\":\"https:\/\/vieassociative.be\/actualites\/#\/schema\/logo\/image\/\"}},{\"@type\":\"Person\",\"@id\":\"https:\/\/vieassociative.be\/actualites\/#\/schema\/person\/b87ac4f82f9d4e7b7cec7395b679edc4\",\"name\":\"Julien\",\"image\":{\"@type\":\"ImageObject\",\"inLanguage\":\"fr-BE\",\"@id\":\"https:\/\/vieassociative.be\/actualites\/#\/schema\/person\/image\/\",\"url\":\"https:\/\/vieassociative.be\/actualites\/wp-content\/uploads\/2024\/09\/vie-associative-1-150x150.jpg\",\"contentUrl\":\"https:\/\/vieassociative.be\/actualites\/wp-content\/uploads\/2024\/09\/vie-associative-1-150x150.jpg\",\"caption\":\"Julien\"},\"description\":\"Je suis Julien, r\u00e9dacteur pour Vie Associative. Passionn\u00e9 par le monde associatif depuis plus de 10 ans, j'ai \u00e0 c\u0153ur de partager des histoires inspirantes et de mettre en lumi\u00e8re les initiatives locales. Mon objectif est de sensibiliser et d'encourager l'engagement communautaire \u00e0 travers mes articles.\",\"sameAs\":[\"https:\/\/vieassociative.be\/\"]}]}<\/script>\n<!-- \/ Yoast SEO plugin. -->","yoast_head_json":{"title":"Nouvelles r\u00e8gles du football de la Coupe du Monde\u00a0: plus de puissance pour le VAR pour les corner, les cartons jaunes et le temps de jeu | Vie Associative","robots":{"index":"index","follow":"follow","max-snippet":"max-snippet:-1","max-image-preview":"max-image-preview:large","max-video-preview":"max-video-preview:-1"},"canonical":"https:\/\/vieassociative.be\/actualites\/nouvelles-regles-du-football-de-la-coupe-du-monde-plus-de-puissance-pour-le-var-pour-les-corner-les-cartons-jaunes-et-le-temps-de-jeu\/","og_locale":"fr_FR","og_type":"article","og_title":"Nouvelles r\u00e8gles du football de la Coupe du Monde\u00a0: plus de puissance pour le VAR pour les corner, les cartons jaunes et le temps de jeu | Vie Associative","og_description":"Les fans de football doivent s&rsquo;adapter aux nouvelles r\u00e8gles de la Coupe du monde. Le VAR obtient plus de pouvoirs. Il y a aussi des","og_url":"https:\/\/vieassociative.be\/actualites\/nouvelles-regles-du-football-de-la-coupe-du-monde-plus-de-puissance-pour-le-var-pour-les-corner-les-cartons-jaunes-et-le-temps-de-jeu\/","og_site_name":"Vie Associative","article_published_time":"2026-03-01T09:17:57+00:00","og_image":[{"width":279,"height":92,"url":"https:\/\/vieassociative.be\/actualites\/wp-content\/uploads\/2024\/09\/header_backgroundk-01-e1726694325946.png","type":"image\/png"}],"author":"Julien","twitter_card":"summary_large_image","twitter_misc":{"\u00c9crit par":"Julien","Dur\u00e9e de lecture est.":"3 minutes"},"schema":{"@context":"https:\/\/schema.org","@graph":[{"@type":"Article","@id":"https:\/\/vieassociative.be\/actualites\/nouvelles-regles-du-football-de-la-coupe-du-monde-plus-de-puissance-pour-le-var-pour-les-corner-les-cartons-jaunes-et-le-temps-de-jeu\/#article","isPartOf":{"@id":"https:\/\/vieassociative.be\/actualites\/nouvelles-regles-du-football-de-la-coupe-du-monde-plus-de-puissance-pour-le-var-pour-les-corner-les-cartons-jaunes-et-le-temps-de-jeu\/"},"author":{"name":"Julien","@id":"https:\/\/vieassociative.be\/actualites\/#\/schema\/person\/b87ac4f82f9d4e7b7cec7395b679edc4"},"headline":"Nouvelles r\u00e8gles du football de la Coupe du Monde\u00a0: plus de puissance pour le VAR pour les corner, les cartons jaunes et le temps de jeu","datePublished":"2026-03-01T09:17:57+00:00","dateModified":"2026-03-01T09:17:57+00:00","mainEntityOfPage":{"@id":"https:\/\/vieassociative.be\/actualites\/nouvelles-regles-du-football-de-la-coupe-du-monde-plus-de-puissance-pour-le-var-pour-les-corner-les-cartons-jaunes-et-le-temps-de-jeu\/"},"wordCount":582,"publisher":{"@id":"https:\/\/vieassociative.be\/actualites\/#organization"},"image":{"@id":"https:\/\/vieassociative.be\/actualites\/nouvelles-regles-du-football-de-la-coupe-du-monde-plus-de-puissance-pour-le-var-pour-les-corner-les-cartons-jaunes-et-le-temps-de-jeu\/#primaryimage"},"thumbnailUrl":"https:\/\/vieassociative.be\/actualites\/wp-content\/uploads\/2026\/03\/1772356686_Nouvelles-regles-du-football-de-la-Coupe-du-Monde-plus.jpg","keywords":["cartons","corner","Coupe","football","jaunes","jeu","Les","monde","nouvelles","pour","puissance","r\u00e8gles","temps","VAR"],"articleSection":["Belgique"],"inLanguage":"fr-BE"},{"@type":"WebPage","@id":"https:\/\/vieassociative.be\/actualites\/nouvelles-regles-du-football-de-la-coupe-du-monde-plus-de-puissance-pour-le-var-pour-les-corner-les-cartons-jaunes-et-le-temps-de-jeu\/","url":"https:\/\/vieassociative.be\/actualites\/nouvelles-regles-du-football-de-la-coupe-du-monde-plus-de-puissance-pour-le-var-pour-les-corner-les-cartons-jaunes-et-le-temps-de-jeu\/","name":"Nouvelles r\u00e8gles du football de la Coupe du Monde\u00a0: plus de puissance pour le VAR pour les corner, les cartons jaunes et le temps de jeu | Vie Associative","isPartOf":{"@id":"https:\/\/vieassociative.be\/actualites\/#website"},"primaryImageOfPage":{"@id":"https:\/\/vieassociative.be\/actualites\/nouvelles-regles-du-football-de-la-coupe-du-monde-plus-de-puissance-pour-le-var-pour-les-corner-les-cartons-jaunes-et-le-temps-de-jeu\/#primaryimage"},"image":{"@id":"https:\/\/vieassociative.be\/actualites\/nouvelles-regles-du-football-de-la-coupe-du-monde-plus-de-puissance-pour-le-var-pour-les-corner-les-cartons-jaunes-et-le-temps-de-jeu\/#primaryimage"},"thumbnailUrl":"https:\/\/vieassociative.be\/actualites\/wp-content\/uploads\/2026\/03\/1772356686_Nouvelles-regles-du-football-de-la-Coupe-du-Monde-plus.jpg","datePublished":"2026-03-01T09:17:57+00:00","dateModified":"2026-03-01T09:17:57+00:00","breadcrumb":{"@id":"https:\/\/vieassociative.be\/actualites\/nouvelles-regles-du-football-de-la-coupe-du-monde-plus-de-puissance-pour-le-var-pour-les-corner-les-cartons-jaunes-et-le-temps-de-jeu\/#breadcrumb"},"inLanguage":"fr-BE","potentialAction":[{"@type":"ReadAction","target":["https:\/\/vieassociative.be\/actualites\/nouvelles-regles-du-football-de-la-coupe-du-monde-plus-de-puissance-pour-le-var-pour-les-corner-les-cartons-jaunes-et-le-temps-de-jeu\/"]}]},{"@type":"ImageObject","inLanguage":"fr-BE","@id":"https:\/\/vieassociative.be\/actualites\/nouvelles-regles-du-football-de-la-coupe-du-monde-plus-de-puissance-pour-le-var-pour-les-corner-les-cartons-jaunes-et-le-temps-de-jeu\/#primaryimage","url":"https:\/\/vieassociative.be\/actualites\/wp-content\/uploads\/2026\/03\/1772356686_Nouvelles-regles-du-football-de-la-Coupe-du-Monde-plus.jpg","contentUrl":"https:\/\/vieassociative.be\/actualites\/wp-content\/uploads\/2026\/03\/1772356686_Nouvelles-regles-du-football-de-la-Coupe-du-Monde-plus.jpg","width":1200,"height":773,"caption":"Nouvelles r\u00e8gles du football de la Coupe du Monde\u00a0: plus de puissance pour le VAR pour les corner, les cartons jaunes et le temps de jeu"},{"@type":"BreadcrumbList","@id":"https:\/\/vieassociative.be\/actualites\/nouvelles-regles-du-football-de-la-coupe-du-monde-plus-de-puissance-pour-le-var-pour-les-corner-les-cartons-jaunes-et-le-temps-de-jeu\/#breadcrumb","itemListElement":[{"@type":"ListItem","position":1,"name":"Accueil","item":"https:\/\/vieassociative.be\/actualites\/"},{"@type":"ListItem","position":2,"name":"Nouvelles r\u00e8gles du football de la Coupe du Monde\u00a0: plus de puissance pour le VAR pour les corner, les cartons jaunes et le temps de jeu"}]},{"@type":"WebSite","@id":"https:\/\/vieassociative.be\/actualites\/#website","url":"https:\/\/vieassociative.be\/actualites\/","name":"Vie Associative","description":"","publisher":{"@id":"https:\/\/vieassociative.be\/actualites\/#organization"},"potentialAction":[{"@type":"SearchAction","target":{"@type":"EntryPoint","urlTemplate":"https:\/\/vieassociative.be\/actualites\/?s={search_term_string}"},"query-input":{"@type":"PropertyValueSpecification","valueRequired":true,"valueName":"search_term_string"}}],"inLanguage":"fr-BE"},{"@type":"Organization","@id":"https:\/\/vieassociative.be\/actualites\/#organization","name":"Vie Associative","url":"https:\/\/vieassociative.be\/actualites\/","logo":{"@type":"ImageObject","inLanguage":"fr-BE","@id":"https:\/\/vieassociative.be\/actualites\/#\/schema\/logo\/image\/","url":"https:\/\/vieassociative.be\/actualites\/wp-content\/uploads\/2024\/09\/cropped-vieassociative_favicon.ico.png","contentUrl":"https:\/\/vieassociative.be\/actualites\/wp-content\/uploads\/2024\/09\/cropped-vieassociative_favicon.ico.png","width":512,"height":512,"caption":"Vie Associative"},"image":{"@id":"https:\/\/vieassociative.be\/actualites\/#\/schema\/logo\/image\/"}},{"@type":"Person","@id":"https:\/\/vieassociative.be\/actualites\/#\/schema\/person\/b87ac4f82f9d4e7b7cec7395b679edc4","name":"Julien","image":{"@type":"ImageObject","inLanguage":"fr-BE","@id":"https:\/\/vieassociative.be\/actualites\/#\/schema\/person\/image\/","url":"https:\/\/vieassociative.be\/actualites\/wp-content\/uploads\/2024\/09\/vie-associative-1-150x150.jpg","contentUrl":"https:\/\/vieassociative.be\/actualites\/wp-content\/uploads\/2024\/09\/vie-associative-1-150x150.jpg","caption":"Julien"},"description":"Je suis Julien, r\u00e9dacteur pour Vie Associative. Passionn\u00e9 par le monde associatif depuis plus de 10 ans, j'ai \u00e0 c\u0153ur de partager des histoires inspirantes et de mettre en lumi\u00e8re les initiatives locales. Mon objectif est de sensibiliser et d'encourager l'engagement communautaire \u00e0 travers mes articles.","sameAs":["https:\/\/vieassociative.be\/"]}]}},"_links":{"self":[{"href":"https:\/\/vieassociative.be\/actualites\/wp-json\/wp\/v2\/posts\/12847"}],"collection":[{"href":"https:\/\/vieassociative.be\/actualites\/wp-json\/wp\/v2\/posts"}],"about":[{"href":"https:\/\/vieassociative.be\/actualites\/wp-json\/wp\/v2\/types\/post"}],"author":[{"embeddable":true,"href":"https:\/\/vieassociative.be\/actualites\/wp-json\/wp\/v2\/users\/1"}],"replies":[{"embeddable":true,"href":"https:\/\/vieassociative.be\/actualites\/wp-json\/wp\/v2\/comments?post=12847"}],"version-history":[{"count":0,"href":"https:\/\/vieassociative.be\/actualites\/wp-json\/wp\/v2\/posts\/12847\/revisions"}],"wp:featuredmedia":[{"embeddable":true,"href":"https:\/\/vieassociative.be\/actualites\/wp-json\/wp\/v2\/media\/12848"}],"wp:attachment":[{"href":"https:\/\/vieassociative.be\/actualites\/wp-json\/wp\/v2\/media?parent=12847"}],"wp:term":[{"taxonomy":"category","embeddable":true,"href":"https:\/\/vieassociative.be\/actualites\/wp-json\/wp\/v2\/categories?post=12847"},{"taxonomy":"post_tag","embeddable":true,"href":"https:\/\/vieassociative.be\/actualites\/wp-json\/wp\/v2\/tags?post=12847"}],"curies":[{"name":"wp","href":"https:\/\/api.w.org\/{rel}","templated":true}]}}