{"id":12843,"date":"2026-03-01T05:17:25","date_gmt":"2026-03-01T04:17:25","guid":{"rendered":"https:\/\/vieassociative.be\/actualites\/le-championnat-allemand-est-presque-decide-munich-remporte-la-classique-a-dortmund\/"},"modified":"2026-03-01T05:17:25","modified_gmt":"2026-03-01T04:17:25","slug":"le-championnat-allemand-est-presque-decide-munich-remporte-la-classique-a-dortmund","status":"publish","type":"post","link":"https:\/\/vieassociative.be\/actualites\/le-championnat-allemand-est-presque-decide-munich-remporte-la-classique-a-dortmund\/","title":{"rendered":"Le championnat allemand est presque d\u00e9cid\u00e9 : Munich remporte la classique \u00e0 Dortmund"},"content":{"rendered":"<p><strong>Le championnat de Bundesliga semble d\u00e9cid\u00e9. Apr\u00e8s le 3:2 (0:1) lors du match de haut niveau contre le Borussia Dortmund, le champion du record du Bayern Munich est pass\u00e9 \u00e0 onze points \u00e0 dix journ\u00e9es de match avant la fin de la saison. Le super attaquant Harry Kane avec un doubl\u00e9 (54e minute\/70e, penalty) et Joshua Kimmich (88e) ont d\u00e9cid\u00e9 du duel de prestige pour l&rsquo;\u00e9quipe deuxi\u00e8me apr\u00e8s la pause.<\/strong><\/p>\n<p><span id=\"more-437274\"><\/span>Nico Schlotterbeck avait donn\u00e9 l&rsquo;avantage au BVB (26e), mais a eu la chance de ne pas \u00eatre expuls\u00e9 \u00e0 deux reprises. Daniel Svensson (83&prime;) a marqu\u00e9 pour porter le score \u00e0 2-2. En plus de la douloureuse d\u00e9faite, Dortmund a \u00e9galement d\u00e9plor\u00e9 la perte du capitaine Emre Can, qui a apparemment d\u00fb \u00eatre remplac\u00e9 avant la pause en raison d&rsquo;une grave blessure.<\/p>\n<div id=\"attachment_437277\" class=\"wp-caption alignleft\" style=\"max-width: 300px\"><img fetchpriority=\"high\" decoding=\"async\" class=\"wp-image-437277 size-medium\" src=\"https:\/\/vieassociative.be\/actualites\/wp-content\/uploads\/2026\/03\/Le-championnat-allemand-est-presque-decide-Munich-remporte-la.jpg\" alt=\"\" width=\"300\" height=\"200\"><\/div>\n<p>Malgr\u00e9 une nette am\u00e9lioration des performances par rapport au d\u00e9sastre 1:4 de l&rsquo;Atalanta Bergame en Ligue des Champions, Dortmund a \u00e9galement perdu son deuxi\u00e8me match de la saison contre le Bayern. La derni\u00e8re victoire \u00e0 domicile contre les champions du record remonte \u00e0 plus de sept ans. Il s&rsquo;agissait \u00e9galement de la premi\u00e8re d\u00e9faite \u00e0 domicile de la saison pour l&rsquo;\u00e9quipe dirig\u00e9e par Niko Kovac.<\/p>\n<p><strong>\u2013 Dortmund s\u2019est am\u00e9lior\u00e9 apr\u00e8s une claque en premi\u00e8re classe :<\/strong> D\u00e8s le d\u00e9but, l&rsquo;incendie a \u00e9clat\u00e9 dans ce duel prestigieux, qui se d\u00e9roulait pour la 114\u00e8me fois. En Bundesliga, seuls les duels du Bayern avec le Werder Br\u00eame (118) et le Borussia M\u00f6nchengladbach (115) ont \u00e9t\u00e9 plus fr\u00e9quents. Dortmund essayait clairement de rattraper la disgr\u00e2ce de Bergame et son \u00e9limination embarrassante de la Ligue des champions au cours de la semaine. L\u2019intensit\u00e9 contre un Bayern plus frais mentalement et physiquement \u00e9tait nettement plus \u00e9lev\u00e9e.<\/p>\n<p>Mais les leaders du championnat ont laiss\u00e9 courir le ballon les premiers. Le BVB d\u00e9fendait avec passion, mais parvenait \u00e0 peine \u00e0 sortir de sa moiti\u00e9 de terrain. L\u2019avance est venue de nulle part et n\u2019est pas sortie du jeu. Schlotterbeck a dirig\u00e9 un centre sur coup franc de Daniel Svensson devant Jonas Urbig et dans le filet. Manuel Neuer a perdu la course contre la montre apr\u00e8s s&rsquo;\u00eatre d\u00e9chir\u00e9 la fibre et n&rsquo;a pas pu int\u00e9grer le groupe. Schlotterbeck a m\u00eame eu la chance d&rsquo;\u00eatre sur le terrain pour son quatri\u00e8me but de la saison.<\/p>\n<div id=\"attachment_437278\" class=\"wp-caption alignleft\" style=\"max-width: 300px\"><img decoding=\"async\" class=\"wp-image-437278 size-medium\" src=\"https:\/\/vieassociative.be\/actualites\/wp-content\/uploads\/2026\/03\/1772338645_937_Le-championnat-allemand-est-presque-decide-Munich-remporte-la.jpg\" alt=\"\" width=\"300\" height=\"200\"><\/div>\n<p>Apr\u00e8s un bon quart d&rsquo;heure, le d\u00e9fenseur national Josip Stanisic a re\u00e7u un coup de pied violent et brutal et a re\u00e7u un carton jaune. Cela a bien servi le joueur de 26 ans. Apr\u00e8s que le BVB ait marqu\u00e9 1-0, la donne a chang\u00e9. L&rsquo;\u00e9quipe de Dortmund avait d\u00e9sormais un peu plus de contr\u00f4le et un \u00e9change de coups intense s&rsquo;est d\u00e9velopp\u00e9 jusqu&rsquo;\u00e0 la pause, que les supporters du Bayern ont suivi en grande partie en silence.<\/p>\n<p><strong>\u2013 C\u2019est pourquoi les supporters du Bayern sont rest\u00e9s silencieux :<\/strong> Avant le sommet de la Bundesliga, il y a eu une confrontation entre la police et une partie de la sc\u00e8ne organis\u00e9e des supporters des champions du record. Selon les informations de Sky, les supporters invit\u00e9s ont d\u00e9cid\u00e9 de s&rsquo;abstenir de chanter et d&rsquo;applaudir en signe de protestation et de solidarit\u00e9 avec les supporters concern\u00e9s.<\/p>\n<p>Moins de dix minutes apr\u00e8s la reprise, le bon travail d\u00e9fensif de Dortmund s&rsquo;est bri\u00e8vement arr\u00eat\u00e9. Lorsque le gardien Kane a \u00e9galis\u00e9, Ramy Bensebaini, qui a remplac\u00e9 Can, s&rsquo;est \u00e9loign\u00e9 un peu trop imp\u00e9tueusement du centre de la d\u00e9fense, c&rsquo;est pourquoi Serge Gnabry et le buteur Kane sont apparus compl\u00e8tement libres devant le but du BVB lorsque Joshua Kimmich a d\u00e9coch\u00e9 le ballon. Le capitaine de l&rsquo;\u00e9quipe nationale anglaise n&rsquo;a pas manqu\u00e9 cette invitation et a d\u00e9croch\u00e9 la 29e fois cette saison.<\/p>\n<p><strong>\u2013 Bensebaini et Guirassy initialement sur le banc \u00e0 cause du Ramadan :<\/strong> Bensebaini avait commis plusieurs erreurs graves \u00e0 Bergame et, comme Serhou Guirassy, \u200b\u200brestait dans un premier temps sur le banc en d\u00e9but de match.<\/p>\n<div id=\"attachment_437280\" class=\"wp-caption alignleft\" style=\"max-width: 300px\"><img decoding=\"async\" class=\"wp-image-437280 size-medium\" src=\"https:\/\/vieassociative.be\/actualites\/wp-content\/uploads\/2026\/03\/1772338645_252_Le-championnat-allemand-est-presque-decide-Munich-remporte-la.jpg\" alt=\"\" width=\"300\" height=\"200\"><\/div>\n<p>L&rsquo;entra\u00eeneur de Dortmund, Kovac, a justifi\u00e9 cela avant le match en invoquant le mois de je\u00fbne musulman du Ramadan. \u00ab\u00a0Nous je\u00fbnons depuis deux semaines et nous avons d\u00e9j\u00e0 jou\u00e9 quatre matchs. Cela demande beaucoup d&rsquo;\u00e9nergie de ne pas pouvoir manger ou boire toute la journ\u00e9e et c&rsquo;est pourquoi je n&rsquo;ai tout simplement pas pu amener les gar\u00e7ons aujourd&rsquo;hui\u00a0\u00bb, a d\u00e9clar\u00e9 Kovac sur Sky.<\/p>\n<p>Cependant, le rempla\u00e7ant de Guirassy, \u200b\u200bF\u00e1bio Silva, a connu une journ\u00e9e terrible et a compl\u00e8tement \u00e9chou\u00e9 en attaque. Les Portugais n&rsquo;ont pratiquement pas gagn\u00e9 un duel et ont perdu beaucoup de ballons. Ce n&rsquo;est qu&rsquo;apr\u00e8s plus d&rsquo;une heure que Kovac reprit ses esprits et \u00e9changea les deux attaquants.<\/p>\n<p><strong>\u2013 Schlotterbeck dans le bonheur :<\/strong> Cela n\u2019a eu aucun effet au d\u00e9part. Un coup de pied de Schlotterbeck contre Stanisic dans la surface de r\u00e9paration a donn\u00e9 l&rsquo;avantage au Bayern. Le tireur de penalty confiant Kane a converti le penalty. Schlotterbeck a \u00e9galement eu de la chance dans cette sc\u00e8ne. Cette fois, l&rsquo;arbitre Sven Jablonski lui a donn\u00e9 le deuxi\u00e8me carton jaune qui \u00e9tait effectivement d\u00fb. (dpa)<\/p>\n<p><em><strong>Sur le sujet, voir aussi l&rsquo;article suivant sur l&rsquo;OD :<\/strong><\/em><\/p>\n<div class=\"responsive-embed widescreen\">\n<blockquote class=\"wp-embedded-content\" data-secret=\"DBjUPWDgJo\">\n<p>Nouvelles r\u00e8gles du football de la Coupe du Monde\u00a0: plus de puissance pour le VAR pour les corner, les cartons jaunes et le temps de jeu<\/p>\n<\/blockquote>\n<p><iframe loading=\"lazy\" class=\"wp-embedded-content\" sandbox=\"allow-scripts\" security=\"restricted\" style=\"position: absolute; visibility: hidden;\" title=\"\u201eNeue Fu\u00dfball-Regeln ab WM: Mehr Macht f\u00fcr VAR bei Eckball, Gelben Karten und Zeitspiel\u201c \u2013 Ostbelgien Direkt\" src=\"https:\/\/ostbelgiendirekt.be\/about:blank\" data-secret=\"DBjUPWDgJo\" width=\"500\" height=\"282\" frameborder=\"0\" marginwidth=\"0\" marginheight=\"0\" scrolling=\"no\" data-rocket-lazyload=\"fitvidscompatible\" data-lazy-src=\"https:\/\/ostbelgiendirekt.be\/neue-fussball-regeln-ab-der-wm-437271\/embed#?secret=TGHdndTsDd#?secret=DBjUPWDgJo\"><\/iframe><noscript><iframe class=\"wp-embedded-content\" sandbox=\"allow-scripts\" security=\"restricted\" style=\"position: absolute; visibility: hidden;\" title=\"\u201eNeue Fu\u00dfball-Regeln ab WM: Mehr Macht f\u00fcr VAR bei Eckball, Gelben Karten und Zeitspiel\u201c \u2013 Ostbelgien Direkt\" src=\"https:\/\/ostbelgiendirekt.be\/neue-fussball-regeln-ab-der-wm-437271\/embed#?secret=TGHdndTsDd#?secret=DBjUPWDgJo\" data-secret=\"DBjUPWDgJo\" width=\"500\" height=\"282\" frameborder=\"0\" marginwidth=\"0\" marginheight=\"0\" scrolling=\"no\"><\/iframe><\/noscript><\/p>\n<\/div>\n","protected":false},"excerpt":{"rendered":"<p>Le championnat de Bundesliga semble d\u00e9cid\u00e9. Apr\u00e8s le 3:2 (0:1) lors du match de haut niveau contre le Borussia Dortmund, le champion du record du<\/p>\n","protected":false},"author":1,"featured_media":12844,"comment_status":"","ping_status":"","sticky":false,"template":"","format":"standard","meta":{"footnotes":""},"categories":[298],"tags":[2732,4054,3642,2884,2475,76,3449,340,2809],"class_list":["post-12843","post","type-post","status-publish","format-standard","has-post-thumbnail","hentry","category-belgique","tag-allemand","tag-championnat","tag-classique","tag-decide","tag-dortmund","tag-est","tag-munich","tag-presque","tag-remporte","generate-columns","tablet-grid-50","mobile-grid-100","grid-parent","grid-33"],"yoast_head":"<!-- This site is optimized with the Yoast SEO plugin v24.0 - https:\/\/yoast.com\/wordpress\/plugins\/seo\/ -->\n<title>Le championnat allemand est presque d\u00e9cid\u00e9 : Munich remporte la classique \u00e0 Dortmund | Vie Associative<\/title>\n<meta name=\"robots\" content=\"index, follow, max-snippet:-1, max-image-preview:large, max-video-preview:-1\" \/>\n<link rel=\"canonical\" href=\"https:\/\/vieassociative.be\/actualites\/le-championnat-allemand-est-presque-decide-munich-remporte-la-classique-a-dortmund\/\" \/>\n<meta property=\"og:locale\" content=\"fr_FR\" \/>\n<meta property=\"og:type\" content=\"article\" \/>\n<meta property=\"og:title\" content=\"Le championnat allemand est presque d\u00e9cid\u00e9 : Munich remporte la classique \u00e0 Dortmund | Vie Associative\" \/>\n<meta property=\"og:description\" content=\"Le championnat de Bundesliga semble d\u00e9cid\u00e9. Apr\u00e8s le 3:2 (0:1) lors du match de haut niveau contre le Borussia Dortmund, le champion du record du\" \/>\n<meta property=\"og:url\" content=\"https:\/\/vieassociative.be\/actualites\/le-championnat-allemand-est-presque-decide-munich-remporte-la-classique-a-dortmund\/\" \/>\n<meta property=\"og:site_name\" content=\"Vie Associative\" \/>\n<meta property=\"article:published_time\" content=\"2026-03-01T04:17:25+00:00\" \/>\n<meta property=\"og:image\" content=\"https:\/\/vieassociative.be\/actualites\/wp-content\/uploads\/2024\/09\/header_backgroundk-01-e1726694325946.png\" \/>\n\t<meta property=\"og:image:width\" content=\"279\" \/>\n\t<meta property=\"og:image:height\" content=\"92\" \/>\n\t<meta property=\"og:image:type\" content=\"image\/png\" \/>\n<meta name=\"author\" content=\"Julien\" \/>\n<meta name=\"twitter:card\" content=\"summary_large_image\" \/>\n<meta name=\"twitter:label1\" content=\"\u00c9crit par\" \/>\n\t<meta name=\"twitter:data1\" content=\"Julien\" \/>\n\t<meta name=\"twitter:label2\" content=\"Dur\u00e9e de lecture est.\" \/>\n\t<meta name=\"twitter:data2\" content=\"5 minutes\" \/>\n<script type=\"application\/ld+json\" class=\"yoast-schema-graph\">{\"@context\":\"https:\/\/schema.org\",\"@graph\":[{\"@type\":\"Article\",\"@id\":\"https:\/\/vieassociative.be\/actualites\/le-championnat-allemand-est-presque-decide-munich-remporte-la-classique-a-dortmund\/#article\",\"isPartOf\":{\"@id\":\"https:\/\/vieassociative.be\/actualites\/le-championnat-allemand-est-presque-decide-munich-remporte-la-classique-a-dortmund\/\"},\"author\":{\"name\":\"Julien\",\"@id\":\"https:\/\/vieassociative.be\/actualites\/#\/schema\/person\/b87ac4f82f9d4e7b7cec7395b679edc4\"},\"headline\":\"Le championnat allemand est presque d\u00e9cid\u00e9 : Munich remporte la classique \u00e0 Dortmund\",\"datePublished\":\"2026-03-01T04:17:25+00:00\",\"dateModified\":\"2026-03-01T04:17:25+00:00\",\"mainEntityOfPage\":{\"@id\":\"https:\/\/vieassociative.be\/actualites\/le-championnat-allemand-est-presque-decide-munich-remporte-la-classique-a-dortmund\/\"},\"wordCount\":954,\"publisher\":{\"@id\":\"https:\/\/vieassociative.be\/actualites\/#organization\"},\"image\":{\"@id\":\"https:\/\/vieassociative.be\/actualites\/le-championnat-allemand-est-presque-decide-munich-remporte-la-classique-a-dortmund\/#primaryimage\"},\"thumbnailUrl\":\"https:\/\/vieassociative.be\/actualites\/wp-content\/uploads\/2026\/03\/1772338645_Le-championnat-allemand-est-presque-decide-Munich-remporte-la.jpg\",\"keywords\":[\"allemand\",\"Championnat\",\"classique\",\"d\u00e9cide\",\"Dortmund\",\"est\",\"Munich\",\"presque\",\"remport\u00e9\"],\"articleSection\":[\"Belgique\"],\"inLanguage\":\"fr-BE\"},{\"@type\":\"WebPage\",\"@id\":\"https:\/\/vieassociative.be\/actualites\/le-championnat-allemand-est-presque-decide-munich-remporte-la-classique-a-dortmund\/\",\"url\":\"https:\/\/vieassociative.be\/actualites\/le-championnat-allemand-est-presque-decide-munich-remporte-la-classique-a-dortmund\/\",\"name\":\"Le championnat allemand est presque d\u00e9cid\u00e9 : Munich remporte la classique \u00e0 Dortmund | Vie Associative\",\"isPartOf\":{\"@id\":\"https:\/\/vieassociative.be\/actualites\/#website\"},\"primaryImageOfPage\":{\"@id\":\"https:\/\/vieassociative.be\/actualites\/le-championnat-allemand-est-presque-decide-munich-remporte-la-classique-a-dortmund\/#primaryimage\"},\"image\":{\"@id\":\"https:\/\/vieassociative.be\/actualites\/le-championnat-allemand-est-presque-decide-munich-remporte-la-classique-a-dortmund\/#primaryimage\"},\"thumbnailUrl\":\"https:\/\/vieassociative.be\/actualites\/wp-content\/uploads\/2026\/03\/1772338645_Le-championnat-allemand-est-presque-decide-Munich-remporte-la.jpg\",\"datePublished\":\"2026-03-01T04:17:25+00:00\",\"dateModified\":\"2026-03-01T04:17:25+00:00\",\"breadcrumb\":{\"@id\":\"https:\/\/vieassociative.be\/actualites\/le-championnat-allemand-est-presque-decide-munich-remporte-la-classique-a-dortmund\/#breadcrumb\"},\"inLanguage\":\"fr-BE\",\"potentialAction\":[{\"@type\":\"ReadAction\",\"target\":[\"https:\/\/vieassociative.be\/actualites\/le-championnat-allemand-est-presque-decide-munich-remporte-la-classique-a-dortmund\/\"]}]},{\"@type\":\"ImageObject\",\"inLanguage\":\"fr-BE\",\"@id\":\"https:\/\/vieassociative.be\/actualites\/le-championnat-allemand-est-presque-decide-munich-remporte-la-classique-a-dortmund\/#primaryimage\",\"url\":\"https:\/\/vieassociative.be\/actualites\/wp-content\/uploads\/2026\/03\/1772338645_Le-championnat-allemand-est-presque-decide-Munich-remporte-la.jpg\",\"contentUrl\":\"https:\/\/vieassociative.be\/actualites\/wp-content\/uploads\/2026\/03\/1772338645_Le-championnat-allemand-est-presque-decide-Munich-remporte-la.jpg\",\"width\":1200,\"height\":800,\"caption\":\"Le championnat allemand est presque d\u00e9cid\u00e9 : Munich remporte la classique \u00e0 Dortmund\"},{\"@type\":\"BreadcrumbList\",\"@id\":\"https:\/\/vieassociative.be\/actualites\/le-championnat-allemand-est-presque-decide-munich-remporte-la-classique-a-dortmund\/#breadcrumb\",\"itemListElement\":[{\"@type\":\"ListItem\",\"position\":1,\"name\":\"Accueil\",\"item\":\"https:\/\/vieassociative.be\/actualites\/\"},{\"@type\":\"ListItem\",\"position\":2,\"name\":\"Le championnat allemand est presque d\u00e9cid\u00e9 : Munich remporte la classique \u00e0 Dortmund\"}]},{\"@type\":\"WebSite\",\"@id\":\"https:\/\/vieassociative.be\/actualites\/#website\",\"url\":\"https:\/\/vieassociative.be\/actualites\/\",\"name\":\"Vie Associative\",\"description\":\"\",\"publisher\":{\"@id\":\"https:\/\/vieassociative.be\/actualites\/#organization\"},\"potentialAction\":[{\"@type\":\"SearchAction\",\"target\":{\"@type\":\"EntryPoint\",\"urlTemplate\":\"https:\/\/vieassociative.be\/actualites\/?s={search_term_string}\"},\"query-input\":{\"@type\":\"PropertyValueSpecification\",\"valueRequired\":true,\"valueName\":\"search_term_string\"}}],\"inLanguage\":\"fr-BE\"},{\"@type\":\"Organization\",\"@id\":\"https:\/\/vieassociative.be\/actualites\/#organization\",\"name\":\"Vie Associative\",\"url\":\"https:\/\/vieassociative.be\/actualites\/\",\"logo\":{\"@type\":\"ImageObject\",\"inLanguage\":\"fr-BE\",\"@id\":\"https:\/\/vieassociative.be\/actualites\/#\/schema\/logo\/image\/\",\"url\":\"https:\/\/vieassociative.be\/actualites\/wp-content\/uploads\/2024\/09\/cropped-vieassociative_favicon.ico.png\",\"contentUrl\":\"https:\/\/vieassociative.be\/actualites\/wp-content\/uploads\/2024\/09\/cropped-vieassociative_favicon.ico.png\",\"width\":512,\"height\":512,\"caption\":\"Vie Associative\"},\"image\":{\"@id\":\"https:\/\/vieassociative.be\/actualites\/#\/schema\/logo\/image\/\"}},{\"@type\":\"Person\",\"@id\":\"https:\/\/vieassociative.be\/actualites\/#\/schema\/person\/b87ac4f82f9d4e7b7cec7395b679edc4\",\"name\":\"Julien\",\"image\":{\"@type\":\"ImageObject\",\"inLanguage\":\"fr-BE\",\"@id\":\"https:\/\/vieassociative.be\/actualites\/#\/schema\/person\/image\/\",\"url\":\"https:\/\/vieassociative.be\/actualites\/wp-content\/uploads\/2024\/09\/vie-associative-1-150x150.jpg\",\"contentUrl\":\"https:\/\/vieassociative.be\/actualites\/wp-content\/uploads\/2024\/09\/vie-associative-1-150x150.jpg\",\"caption\":\"Julien\"},\"description\":\"Je suis Julien, r\u00e9dacteur pour Vie Associative. Passionn\u00e9 par le monde associatif depuis plus de 10 ans, j'ai \u00e0 c\u0153ur de partager des histoires inspirantes et de mettre en lumi\u00e8re les initiatives locales. Mon objectif est de sensibiliser et d'encourager l'engagement communautaire \u00e0 travers mes articles.\",\"sameAs\":[\"https:\/\/vieassociative.be\/\"]}]}<\/script>\n<!-- \/ Yoast SEO plugin. -->","yoast_head_json":{"title":"Le championnat allemand est presque d\u00e9cid\u00e9 : Munich remporte la classique \u00e0 Dortmund | Vie Associative","robots":{"index":"index","follow":"follow","max-snippet":"max-snippet:-1","max-image-preview":"max-image-preview:large","max-video-preview":"max-video-preview:-1"},"canonical":"https:\/\/vieassociative.be\/actualites\/le-championnat-allemand-est-presque-decide-munich-remporte-la-classique-a-dortmund\/","og_locale":"fr_FR","og_type":"article","og_title":"Le championnat allemand est presque d\u00e9cid\u00e9 : Munich remporte la classique \u00e0 Dortmund | Vie Associative","og_description":"Le championnat de Bundesliga semble d\u00e9cid\u00e9. Apr\u00e8s le 3:2 (0:1) lors du match de haut niveau contre le Borussia Dortmund, le champion du record du","og_url":"https:\/\/vieassociative.be\/actualites\/le-championnat-allemand-est-presque-decide-munich-remporte-la-classique-a-dortmund\/","og_site_name":"Vie Associative","article_published_time":"2026-03-01T04:17:25+00:00","og_image":[{"width":279,"height":92,"url":"https:\/\/vieassociative.be\/actualites\/wp-content\/uploads\/2024\/09\/header_backgroundk-01-e1726694325946.png","type":"image\/png"}],"author":"Julien","twitter_card":"summary_large_image","twitter_misc":{"\u00c9crit par":"Julien","Dur\u00e9e de lecture est.":"5 minutes"},"schema":{"@context":"https:\/\/schema.org","@graph":[{"@type":"Article","@id":"https:\/\/vieassociative.be\/actualites\/le-championnat-allemand-est-presque-decide-munich-remporte-la-classique-a-dortmund\/#article","isPartOf":{"@id":"https:\/\/vieassociative.be\/actualites\/le-championnat-allemand-est-presque-decide-munich-remporte-la-classique-a-dortmund\/"},"author":{"name":"Julien","@id":"https:\/\/vieassociative.be\/actualites\/#\/schema\/person\/b87ac4f82f9d4e7b7cec7395b679edc4"},"headline":"Le championnat allemand est presque d\u00e9cid\u00e9 : Munich remporte la classique \u00e0 Dortmund","datePublished":"2026-03-01T04:17:25+00:00","dateModified":"2026-03-01T04:17:25+00:00","mainEntityOfPage":{"@id":"https:\/\/vieassociative.be\/actualites\/le-championnat-allemand-est-presque-decide-munich-remporte-la-classique-a-dortmund\/"},"wordCount":954,"publisher":{"@id":"https:\/\/vieassociative.be\/actualites\/#organization"},"image":{"@id":"https:\/\/vieassociative.be\/actualites\/le-championnat-allemand-est-presque-decide-munich-remporte-la-classique-a-dortmund\/#primaryimage"},"thumbnailUrl":"https:\/\/vieassociative.be\/actualites\/wp-content\/uploads\/2026\/03\/1772338645_Le-championnat-allemand-est-presque-decide-Munich-remporte-la.jpg","keywords":["allemand","Championnat","classique","d\u00e9cide","Dortmund","est","Munich","presque","remport\u00e9"],"articleSection":["Belgique"],"inLanguage":"fr-BE"},{"@type":"WebPage","@id":"https:\/\/vieassociative.be\/actualites\/le-championnat-allemand-est-presque-decide-munich-remporte-la-classique-a-dortmund\/","url":"https:\/\/vieassociative.be\/actualites\/le-championnat-allemand-est-presque-decide-munich-remporte-la-classique-a-dortmund\/","name":"Le championnat allemand est presque d\u00e9cid\u00e9 : Munich remporte la classique \u00e0 Dortmund | Vie Associative","isPartOf":{"@id":"https:\/\/vieassociative.be\/actualites\/#website"},"primaryImageOfPage":{"@id":"https:\/\/vieassociative.be\/actualites\/le-championnat-allemand-est-presque-decide-munich-remporte-la-classique-a-dortmund\/#primaryimage"},"image":{"@id":"https:\/\/vieassociative.be\/actualites\/le-championnat-allemand-est-presque-decide-munich-remporte-la-classique-a-dortmund\/#primaryimage"},"thumbnailUrl":"https:\/\/vieassociative.be\/actualites\/wp-content\/uploads\/2026\/03\/1772338645_Le-championnat-allemand-est-presque-decide-Munich-remporte-la.jpg","datePublished":"2026-03-01T04:17:25+00:00","dateModified":"2026-03-01T04:17:25+00:00","breadcrumb":{"@id":"https:\/\/vieassociative.be\/actualites\/le-championnat-allemand-est-presque-decide-munich-remporte-la-classique-a-dortmund\/#breadcrumb"},"inLanguage":"fr-BE","potentialAction":[{"@type":"ReadAction","target":["https:\/\/vieassociative.be\/actualites\/le-championnat-allemand-est-presque-decide-munich-remporte-la-classique-a-dortmund\/"]}]},{"@type":"ImageObject","inLanguage":"fr-BE","@id":"https:\/\/vieassociative.be\/actualites\/le-championnat-allemand-est-presque-decide-munich-remporte-la-classique-a-dortmund\/#primaryimage","url":"https:\/\/vieassociative.be\/actualites\/wp-content\/uploads\/2026\/03\/1772338645_Le-championnat-allemand-est-presque-decide-Munich-remporte-la.jpg","contentUrl":"https:\/\/vieassociative.be\/actualites\/wp-content\/uploads\/2026\/03\/1772338645_Le-championnat-allemand-est-presque-decide-Munich-remporte-la.jpg","width":1200,"height":800,"caption":"Le championnat allemand est presque d\u00e9cid\u00e9 : Munich remporte la classique \u00e0 Dortmund"},{"@type":"BreadcrumbList","@id":"https:\/\/vieassociative.be\/actualites\/le-championnat-allemand-est-presque-decide-munich-remporte-la-classique-a-dortmund\/#breadcrumb","itemListElement":[{"@type":"ListItem","position":1,"name":"Accueil","item":"https:\/\/vieassociative.be\/actualites\/"},{"@type":"ListItem","position":2,"name":"Le championnat allemand est presque d\u00e9cid\u00e9 : Munich remporte la classique \u00e0 Dortmund"}]},{"@type":"WebSite","@id":"https:\/\/vieassociative.be\/actualites\/#website","url":"https:\/\/vieassociative.be\/actualites\/","name":"Vie Associative","description":"","publisher":{"@id":"https:\/\/vieassociative.be\/actualites\/#organization"},"potentialAction":[{"@type":"SearchAction","target":{"@type":"EntryPoint","urlTemplate":"https:\/\/vieassociative.be\/actualites\/?s={search_term_string}"},"query-input":{"@type":"PropertyValueSpecification","valueRequired":true,"valueName":"search_term_string"}}],"inLanguage":"fr-BE"},{"@type":"Organization","@id":"https:\/\/vieassociative.be\/actualites\/#organization","name":"Vie Associative","url":"https:\/\/vieassociative.be\/actualites\/","logo":{"@type":"ImageObject","inLanguage":"fr-BE","@id":"https:\/\/vieassociative.be\/actualites\/#\/schema\/logo\/image\/","url":"https:\/\/vieassociative.be\/actualites\/wp-content\/uploads\/2024\/09\/cropped-vieassociative_favicon.ico.png","contentUrl":"https:\/\/vieassociative.be\/actualites\/wp-content\/uploads\/2024\/09\/cropped-vieassociative_favicon.ico.png","width":512,"height":512,"caption":"Vie Associative"},"image":{"@id":"https:\/\/vieassociative.be\/actualites\/#\/schema\/logo\/image\/"}},{"@type":"Person","@id":"https:\/\/vieassociative.be\/actualites\/#\/schema\/person\/b87ac4f82f9d4e7b7cec7395b679edc4","name":"Julien","image":{"@type":"ImageObject","inLanguage":"fr-BE","@id":"https:\/\/vieassociative.be\/actualites\/#\/schema\/person\/image\/","url":"https:\/\/vieassociative.be\/actualites\/wp-content\/uploads\/2024\/09\/vie-associative-1-150x150.jpg","contentUrl":"https:\/\/vieassociative.be\/actualites\/wp-content\/uploads\/2024\/09\/vie-associative-1-150x150.jpg","caption":"Julien"},"description":"Je suis Julien, r\u00e9dacteur pour Vie Associative. Passionn\u00e9 par le monde associatif depuis plus de 10 ans, j'ai \u00e0 c\u0153ur de partager des histoires inspirantes et de mettre en lumi\u00e8re les initiatives locales. Mon objectif est de sensibiliser et d'encourager l'engagement communautaire \u00e0 travers mes articles.","sameAs":["https:\/\/vieassociative.be\/"]}]}},"_links":{"self":[{"href":"https:\/\/vieassociative.be\/actualites\/wp-json\/wp\/v2\/posts\/12843"}],"collection":[{"href":"https:\/\/vieassociative.be\/actualites\/wp-json\/wp\/v2\/posts"}],"about":[{"href":"https:\/\/vieassociative.be\/actualites\/wp-json\/wp\/v2\/types\/post"}],"author":[{"embeddable":true,"href":"https:\/\/vieassociative.be\/actualites\/wp-json\/wp\/v2\/users\/1"}],"replies":[{"embeddable":true,"href":"https:\/\/vieassociative.be\/actualites\/wp-json\/wp\/v2\/comments?post=12843"}],"version-history":[{"count":0,"href":"https:\/\/vieassociative.be\/actualites\/wp-json\/wp\/v2\/posts\/12843\/revisions"}],"wp:featuredmedia":[{"embeddable":true,"href":"https:\/\/vieassociative.be\/actualites\/wp-json\/wp\/v2\/media\/12844"}],"wp:attachment":[{"href":"https:\/\/vieassociative.be\/actualites\/wp-json\/wp\/v2\/media?parent=12843"}],"wp:term":[{"taxonomy":"category","embeddable":true,"href":"https:\/\/vieassociative.be\/actualites\/wp-json\/wp\/v2\/categories?post=12843"},{"taxonomy":"post_tag","embeddable":true,"href":"https:\/\/vieassociative.be\/actualites\/wp-json\/wp\/v2\/tags?post=12843"}],"curies":[{"name":"wp","href":"https:\/\/api.w.org\/{rel}","templated":true}]}}