{"id":12839,"date":"2026-02-28T23:18:01","date_gmt":"2026-02-28T22:18:01","guid":{"rendered":"https:\/\/vieassociative.be\/actualites\/redemption-romelu-lukaku-marque-le-but-vainqueur-pour-naples-dans-la-derniere-seconde-de-la-rencontre-a-verone\/"},"modified":"2026-02-28T23:18:01","modified_gmt":"2026-02-28T22:18:01","slug":"redemption-romelu-lukaku-marque-le-but-vainqueur-pour-naples-dans-la-derniere-seconde-de-la-rencontre-a-verone","status":"publish","type":"post","link":"https:\/\/vieassociative.be\/actualites\/redemption-romelu-lukaku-marque-le-but-vainqueur-pour-naples-dans-la-derniere-seconde-de-la-rencontre-a-verone\/","title":{"rendered":"R\u00e9demption : Romelu Lukaku marque le but vainqueur pour Naples dans la derni\u00e8re seconde de la rencontre \u00e0 V\u00e9rone"},"content":{"rendered":"<p><strong>Apr\u00e8s plus de huit mois d&rsquo;attente, Romelu Lukaku a enfin retrouv\u00e9 le chemin des buts. Le meilleur buteur de l&rsquo;histoire des Diables Rouges n&rsquo;avait plus marqu\u00e9 depuis le 9 juin et un match de l&rsquo;\u00e9quipe nationale contre le Pays de Galles, mais samedi soir, il est sorti de sa l\u00e9thargie et a offert \u00e0 Naples une pr\u00e9cieuse victoire \u00e0 la derni\u00e8re seconde.<\/strong><\/p>\n<p><span id=\"more-437281\"><\/span>\u00ab Big Rom \u00bb \u00e9tait initialement assis sur le banc des rempla\u00e7ants lors du match \u00e0 l&rsquo;ext\u00e9rieur de son \u00e9quipe \u00e0 V\u00e9rone. Sur la pelouse de l&rsquo;Hellas, bas du classement de Serie A, les Napolitains ont pris un bon d\u00e9part : Rasmus Hojlund a marqu\u00e9 le premier but d\u00e8s la deuxi\u00e8me minute du match. Mais les hommes d&rsquo;Antonio Conte ont oubli\u00e9 de fermer le sac et ont \u00e9t\u00e9 surpris par Jean-Daniel Akpa Akpro.<\/p>\n<p>Au fil des minutes, Antonio Conte d\u00e9cide de mettre le paquet et fait entrer Romelu Lukaku \u00e0 la 73e minute, ce qui s&rsquo;av\u00e8re payant. Alors que l&rsquo;arbitre \u00e9tait sur le point de donner le coup de sifflet final, l&rsquo;international belge de 32 ans a \u00e9t\u00e9 plus rapide dans la surface de r\u00e9paration que ses adversaires et a assur\u00e9 la victoire de Naples (1:2). Lukaku a \u00e9t\u00e9 salu\u00e9 comme un h\u00e9ros par ses co\u00e9quipiers imm\u00e9diatement apr\u00e8s le coup de sifflet final et a \u00e9galement re\u00e7u le prix du joueur du match.<\/p>\n<p>Le fait que Lukaku ait marqu\u00e9 \u00e0 nouveau apr\u00e8s 281 journ\u00e9es est une bonne nouvelle pour Naples et pour l&rsquo;\u00e9quipe nationale belge de football, \u00e0 trois mois et demi de la Coupe du monde aux \u00c9tats-Unis, au Mexique et au Canada. (cr\u00e9er)<\/p>\n","protected":false},"excerpt":{"rendered":"<p>Apr\u00e8s plus de huit mois d&rsquo;attente, Romelu Lukaku a enfin retrouv\u00e9 le chemin des buts. Le meilleur buteur de l&rsquo;histoire des Diables Rouges n&rsquo;avait plus<\/p>\n","protected":false},"author":1,"featured_media":12840,"comment_status":"","ping_status":"","sticky":false,"template":"","format":"standard","meta":{"footnotes":""},"categories":[298],"tags":[166,139,3002,5641,7130,81,10127,1184,3177,8426,3641,10128],"class_list":["post-12839","post","type-post","status-publish","format-standard","has-post-thumbnail","hentry","category-belgique","tag-dans","tag-derniere","tag-lukaku","tag-marque","tag-naples","tag-pour","tag-redemption","tag-rencontre","tag-romelu","tag-seconde","tag-vainqueur","tag-verone","generate-columns","tablet-grid-50","mobile-grid-100","grid-parent","grid-33"],"yoast_head":"<!-- This site is optimized with the Yoast SEO plugin v24.0 - https:\/\/yoast.com\/wordpress\/plugins\/seo\/ -->\n<title>R\u00e9demption : Romelu Lukaku marque le but vainqueur pour Naples dans la derni\u00e8re seconde de la rencontre \u00e0 V\u00e9rone | Vie Associative<\/title>\n<meta name=\"robots\" content=\"index, follow, max-snippet:-1, max-image-preview:large, max-video-preview:-1\" \/>\n<link rel=\"canonical\" href=\"https:\/\/vieassociative.be\/actualites\/redemption-romelu-lukaku-marque-le-but-vainqueur-pour-naples-dans-la-derniere-seconde-de-la-rencontre-a-verone\/\" \/>\n<meta property=\"og:locale\" content=\"fr_FR\" \/>\n<meta property=\"og:type\" content=\"article\" \/>\n<meta property=\"og:title\" content=\"R\u00e9demption : Romelu Lukaku marque le but vainqueur pour Naples dans la derni\u00e8re seconde de la rencontre \u00e0 V\u00e9rone | Vie Associative\" \/>\n<meta property=\"og:description\" content=\"Apr\u00e8s plus de huit mois d&rsquo;attente, Romelu Lukaku a enfin retrouv\u00e9 le chemin des buts. Le meilleur buteur de l&rsquo;histoire des Diables Rouges n&rsquo;avait plus\" \/>\n<meta property=\"og:url\" content=\"https:\/\/vieassociative.be\/actualites\/redemption-romelu-lukaku-marque-le-but-vainqueur-pour-naples-dans-la-derniere-seconde-de-la-rencontre-a-verone\/\" \/>\n<meta property=\"og:site_name\" content=\"Vie Associative\" \/>\n<meta property=\"article:published_time\" content=\"2026-02-28T22:18:01+00:00\" \/>\n<meta property=\"og:image\" content=\"https:\/\/vieassociative.be\/actualites\/wp-content\/uploads\/2024\/09\/header_backgroundk-01-e1726694325946.png\" \/>\n\t<meta property=\"og:image:width\" content=\"279\" \/>\n\t<meta property=\"og:image:height\" content=\"92\" \/>\n\t<meta property=\"og:image:type\" content=\"image\/png\" \/>\n<meta name=\"author\" content=\"Julien\" \/>\n<meta name=\"twitter:card\" content=\"summary_large_image\" \/>\n<meta name=\"twitter:label1\" content=\"\u00c9crit par\" \/>\n\t<meta name=\"twitter:data1\" content=\"Julien\" \/>\n\t<meta name=\"twitter:label2\" content=\"Dur\u00e9e de lecture est.\" \/>\n\t<meta name=\"twitter:data2\" content=\"1 minute\" \/>\n<script type=\"application\/ld+json\" class=\"yoast-schema-graph\">{\"@context\":\"https:\/\/schema.org\",\"@graph\":[{\"@type\":\"Article\",\"@id\":\"https:\/\/vieassociative.be\/actualites\/redemption-romelu-lukaku-marque-le-but-vainqueur-pour-naples-dans-la-derniere-seconde-de-la-rencontre-a-verone\/#article\",\"isPartOf\":{\"@id\":\"https:\/\/vieassociative.be\/actualites\/redemption-romelu-lukaku-marque-le-but-vainqueur-pour-naples-dans-la-derniere-seconde-de-la-rencontre-a-verone\/\"},\"author\":{\"name\":\"Julien\",\"@id\":\"https:\/\/vieassociative.be\/actualites\/#\/schema\/person\/b87ac4f82f9d4e7b7cec7395b679edc4\"},\"headline\":\"R\u00e9demption : Romelu Lukaku marque le but vainqueur pour Naples dans la derni\u00e8re seconde de la rencontre \u00e0 V\u00e9rone\",\"datePublished\":\"2026-02-28T22:18:01+00:00\",\"dateModified\":\"2026-02-28T22:18:01+00:00\",\"mainEntityOfPage\":{\"@id\":\"https:\/\/vieassociative.be\/actualites\/redemption-romelu-lukaku-marque-le-but-vainqueur-pour-naples-dans-la-derniere-seconde-de-la-rencontre-a-verone\/\"},\"wordCount\":305,\"publisher\":{\"@id\":\"https:\/\/vieassociative.be\/actualites\/#organization\"},\"image\":{\"@id\":\"https:\/\/vieassociative.be\/actualites\/redemption-romelu-lukaku-marque-le-but-vainqueur-pour-naples-dans-la-derniere-seconde-de-la-rencontre-a-verone\/#primaryimage\"},\"thumbnailUrl\":\"https:\/\/vieassociative.be\/actualites\/wp-content\/uploads\/2026\/02\/Redemption-Romelu-Lukaku-marque-le-but-vainqueur-pour-Naples.jpg\",\"keywords\":[\"dans\",\"derni\u00e8re\",\"Lukaku\",\"marque\",\"Naples\",\"pour\",\"R\u00e9demption\",\"rencontre\",\"Romelu\",\"seconde\",\"vainqueur\",\"V\u00e9rone\"],\"articleSection\":[\"Belgique\"],\"inLanguage\":\"fr-BE\"},{\"@type\":\"WebPage\",\"@id\":\"https:\/\/vieassociative.be\/actualites\/redemption-romelu-lukaku-marque-le-but-vainqueur-pour-naples-dans-la-derniere-seconde-de-la-rencontre-a-verone\/\",\"url\":\"https:\/\/vieassociative.be\/actualites\/redemption-romelu-lukaku-marque-le-but-vainqueur-pour-naples-dans-la-derniere-seconde-de-la-rencontre-a-verone\/\",\"name\":\"R\u00e9demption : Romelu Lukaku marque le but vainqueur pour Naples dans la derni\u00e8re seconde de la rencontre \u00e0 V\u00e9rone | Vie Associative\",\"isPartOf\":{\"@id\":\"https:\/\/vieassociative.be\/actualites\/#website\"},\"primaryImageOfPage\":{\"@id\":\"https:\/\/vieassociative.be\/actualites\/redemption-romelu-lukaku-marque-le-but-vainqueur-pour-naples-dans-la-derniere-seconde-de-la-rencontre-a-verone\/#primaryimage\"},\"image\":{\"@id\":\"https:\/\/vieassociative.be\/actualites\/redemption-romelu-lukaku-marque-le-but-vainqueur-pour-naples-dans-la-derniere-seconde-de-la-rencontre-a-verone\/#primaryimage\"},\"thumbnailUrl\":\"https:\/\/vieassociative.be\/actualites\/wp-content\/uploads\/2026\/02\/Redemption-Romelu-Lukaku-marque-le-but-vainqueur-pour-Naples.jpg\",\"datePublished\":\"2026-02-28T22:18:01+00:00\",\"dateModified\":\"2026-02-28T22:18:01+00:00\",\"breadcrumb\":{\"@id\":\"https:\/\/vieassociative.be\/actualites\/redemption-romelu-lukaku-marque-le-but-vainqueur-pour-naples-dans-la-derniere-seconde-de-la-rencontre-a-verone\/#breadcrumb\"},\"inLanguage\":\"fr-BE\",\"potentialAction\":[{\"@type\":\"ReadAction\",\"target\":[\"https:\/\/vieassociative.be\/actualites\/redemption-romelu-lukaku-marque-le-but-vainqueur-pour-naples-dans-la-derniere-seconde-de-la-rencontre-a-verone\/\"]}]},{\"@type\":\"ImageObject\",\"inLanguage\":\"fr-BE\",\"@id\":\"https:\/\/vieassociative.be\/actualites\/redemption-romelu-lukaku-marque-le-but-vainqueur-pour-naples-dans-la-derniere-seconde-de-la-rencontre-a-verone\/#primaryimage\",\"url\":\"https:\/\/vieassociative.be\/actualites\/wp-content\/uploads\/2026\/02\/Redemption-Romelu-Lukaku-marque-le-but-vainqueur-pour-Naples.jpg\",\"contentUrl\":\"https:\/\/vieassociative.be\/actualites\/wp-content\/uploads\/2026\/02\/Redemption-Romelu-Lukaku-marque-le-but-vainqueur-pour-Naples.jpg\",\"width\":1200,\"height\":800,\"caption\":\"R\u00e9demption : Romelu Lukaku marque le but vainqueur pour Naples dans la derni\u00e8re seconde de la rencontre \u00e0 V\u00e9rone\"},{\"@type\":\"BreadcrumbList\",\"@id\":\"https:\/\/vieassociative.be\/actualites\/redemption-romelu-lukaku-marque-le-but-vainqueur-pour-naples-dans-la-derniere-seconde-de-la-rencontre-a-verone\/#breadcrumb\",\"itemListElement\":[{\"@type\":\"ListItem\",\"position\":1,\"name\":\"Accueil\",\"item\":\"https:\/\/vieassociative.be\/actualites\/\"},{\"@type\":\"ListItem\",\"position\":2,\"name\":\"R\u00e9demption : Romelu Lukaku marque le but vainqueur pour Naples dans la derni\u00e8re seconde de la rencontre \u00e0 V\u00e9rone\"}]},{\"@type\":\"WebSite\",\"@id\":\"https:\/\/vieassociative.be\/actualites\/#website\",\"url\":\"https:\/\/vieassociative.be\/actualites\/\",\"name\":\"Vie Associative\",\"description\":\"\",\"publisher\":{\"@id\":\"https:\/\/vieassociative.be\/actualites\/#organization\"},\"potentialAction\":[{\"@type\":\"SearchAction\",\"target\":{\"@type\":\"EntryPoint\",\"urlTemplate\":\"https:\/\/vieassociative.be\/actualites\/?s={search_term_string}\"},\"query-input\":{\"@type\":\"PropertyValueSpecification\",\"valueRequired\":true,\"valueName\":\"search_term_string\"}}],\"inLanguage\":\"fr-BE\"},{\"@type\":\"Organization\",\"@id\":\"https:\/\/vieassociative.be\/actualites\/#organization\",\"name\":\"Vie Associative\",\"url\":\"https:\/\/vieassociative.be\/actualites\/\",\"logo\":{\"@type\":\"ImageObject\",\"inLanguage\":\"fr-BE\",\"@id\":\"https:\/\/vieassociative.be\/actualites\/#\/schema\/logo\/image\/\",\"url\":\"https:\/\/vieassociative.be\/actualites\/wp-content\/uploads\/2024\/09\/cropped-vieassociative_favicon.ico.png\",\"contentUrl\":\"https:\/\/vieassociative.be\/actualites\/wp-content\/uploads\/2024\/09\/cropped-vieassociative_favicon.ico.png\",\"width\":512,\"height\":512,\"caption\":\"Vie Associative\"},\"image\":{\"@id\":\"https:\/\/vieassociative.be\/actualites\/#\/schema\/logo\/image\/\"}},{\"@type\":\"Person\",\"@id\":\"https:\/\/vieassociative.be\/actualites\/#\/schema\/person\/b87ac4f82f9d4e7b7cec7395b679edc4\",\"name\":\"Julien\",\"image\":{\"@type\":\"ImageObject\",\"inLanguage\":\"fr-BE\",\"@id\":\"https:\/\/vieassociative.be\/actualites\/#\/schema\/person\/image\/\",\"url\":\"https:\/\/vieassociative.be\/actualites\/wp-content\/uploads\/2024\/09\/vie-associative-1-150x150.jpg\",\"contentUrl\":\"https:\/\/vieassociative.be\/actualites\/wp-content\/uploads\/2024\/09\/vie-associative-1-150x150.jpg\",\"caption\":\"Julien\"},\"description\":\"Je suis Julien, r\u00e9dacteur pour Vie Associative. Passionn\u00e9 par le monde associatif depuis plus de 10 ans, j'ai \u00e0 c\u0153ur de partager des histoires inspirantes et de mettre en lumi\u00e8re les initiatives locales. Mon objectif est de sensibiliser et d'encourager l'engagement communautaire \u00e0 travers mes articles.\",\"sameAs\":[\"https:\/\/vieassociative.be\/\"]}]}<\/script>\n<!-- \/ Yoast SEO plugin. -->","yoast_head_json":{"title":"R\u00e9demption : Romelu Lukaku marque le but vainqueur pour Naples dans la derni\u00e8re seconde de la rencontre \u00e0 V\u00e9rone | Vie Associative","robots":{"index":"index","follow":"follow","max-snippet":"max-snippet:-1","max-image-preview":"max-image-preview:large","max-video-preview":"max-video-preview:-1"},"canonical":"https:\/\/vieassociative.be\/actualites\/redemption-romelu-lukaku-marque-le-but-vainqueur-pour-naples-dans-la-derniere-seconde-de-la-rencontre-a-verone\/","og_locale":"fr_FR","og_type":"article","og_title":"R\u00e9demption : Romelu Lukaku marque le but vainqueur pour Naples dans la derni\u00e8re seconde de la rencontre \u00e0 V\u00e9rone | Vie Associative","og_description":"Apr\u00e8s plus de huit mois d&rsquo;attente, Romelu Lukaku a enfin retrouv\u00e9 le chemin des buts. Le meilleur buteur de l&rsquo;histoire des Diables Rouges n&rsquo;avait plus","og_url":"https:\/\/vieassociative.be\/actualites\/redemption-romelu-lukaku-marque-le-but-vainqueur-pour-naples-dans-la-derniere-seconde-de-la-rencontre-a-verone\/","og_site_name":"Vie Associative","article_published_time":"2026-02-28T22:18:01+00:00","og_image":[{"width":279,"height":92,"url":"https:\/\/vieassociative.be\/actualites\/wp-content\/uploads\/2024\/09\/header_backgroundk-01-e1726694325946.png","type":"image\/png"}],"author":"Julien","twitter_card":"summary_large_image","twitter_misc":{"\u00c9crit par":"Julien","Dur\u00e9e de lecture est.":"1 minute"},"schema":{"@context":"https:\/\/schema.org","@graph":[{"@type":"Article","@id":"https:\/\/vieassociative.be\/actualites\/redemption-romelu-lukaku-marque-le-but-vainqueur-pour-naples-dans-la-derniere-seconde-de-la-rencontre-a-verone\/#article","isPartOf":{"@id":"https:\/\/vieassociative.be\/actualites\/redemption-romelu-lukaku-marque-le-but-vainqueur-pour-naples-dans-la-derniere-seconde-de-la-rencontre-a-verone\/"},"author":{"name":"Julien","@id":"https:\/\/vieassociative.be\/actualites\/#\/schema\/person\/b87ac4f82f9d4e7b7cec7395b679edc4"},"headline":"R\u00e9demption : Romelu Lukaku marque le but vainqueur pour Naples dans la derni\u00e8re seconde de la rencontre \u00e0 V\u00e9rone","datePublished":"2026-02-28T22:18:01+00:00","dateModified":"2026-02-28T22:18:01+00:00","mainEntityOfPage":{"@id":"https:\/\/vieassociative.be\/actualites\/redemption-romelu-lukaku-marque-le-but-vainqueur-pour-naples-dans-la-derniere-seconde-de-la-rencontre-a-verone\/"},"wordCount":305,"publisher":{"@id":"https:\/\/vieassociative.be\/actualites\/#organization"},"image":{"@id":"https:\/\/vieassociative.be\/actualites\/redemption-romelu-lukaku-marque-le-but-vainqueur-pour-naples-dans-la-derniere-seconde-de-la-rencontre-a-verone\/#primaryimage"},"thumbnailUrl":"https:\/\/vieassociative.be\/actualites\/wp-content\/uploads\/2026\/02\/Redemption-Romelu-Lukaku-marque-le-but-vainqueur-pour-Naples.jpg","keywords":["dans","derni\u00e8re","Lukaku","marque","Naples","pour","R\u00e9demption","rencontre","Romelu","seconde","vainqueur","V\u00e9rone"],"articleSection":["Belgique"],"inLanguage":"fr-BE"},{"@type":"WebPage","@id":"https:\/\/vieassociative.be\/actualites\/redemption-romelu-lukaku-marque-le-but-vainqueur-pour-naples-dans-la-derniere-seconde-de-la-rencontre-a-verone\/","url":"https:\/\/vieassociative.be\/actualites\/redemption-romelu-lukaku-marque-le-but-vainqueur-pour-naples-dans-la-derniere-seconde-de-la-rencontre-a-verone\/","name":"R\u00e9demption : Romelu Lukaku marque le but vainqueur pour Naples dans la derni\u00e8re seconde de la rencontre \u00e0 V\u00e9rone | Vie Associative","isPartOf":{"@id":"https:\/\/vieassociative.be\/actualites\/#website"},"primaryImageOfPage":{"@id":"https:\/\/vieassociative.be\/actualites\/redemption-romelu-lukaku-marque-le-but-vainqueur-pour-naples-dans-la-derniere-seconde-de-la-rencontre-a-verone\/#primaryimage"},"image":{"@id":"https:\/\/vieassociative.be\/actualites\/redemption-romelu-lukaku-marque-le-but-vainqueur-pour-naples-dans-la-derniere-seconde-de-la-rencontre-a-verone\/#primaryimage"},"thumbnailUrl":"https:\/\/vieassociative.be\/actualites\/wp-content\/uploads\/2026\/02\/Redemption-Romelu-Lukaku-marque-le-but-vainqueur-pour-Naples.jpg","datePublished":"2026-02-28T22:18:01+00:00","dateModified":"2026-02-28T22:18:01+00:00","breadcrumb":{"@id":"https:\/\/vieassociative.be\/actualites\/redemption-romelu-lukaku-marque-le-but-vainqueur-pour-naples-dans-la-derniere-seconde-de-la-rencontre-a-verone\/#breadcrumb"},"inLanguage":"fr-BE","potentialAction":[{"@type":"ReadAction","target":["https:\/\/vieassociative.be\/actualites\/redemption-romelu-lukaku-marque-le-but-vainqueur-pour-naples-dans-la-derniere-seconde-de-la-rencontre-a-verone\/"]}]},{"@type":"ImageObject","inLanguage":"fr-BE","@id":"https:\/\/vieassociative.be\/actualites\/redemption-romelu-lukaku-marque-le-but-vainqueur-pour-naples-dans-la-derniere-seconde-de-la-rencontre-a-verone\/#primaryimage","url":"https:\/\/vieassociative.be\/actualites\/wp-content\/uploads\/2026\/02\/Redemption-Romelu-Lukaku-marque-le-but-vainqueur-pour-Naples.jpg","contentUrl":"https:\/\/vieassociative.be\/actualites\/wp-content\/uploads\/2026\/02\/Redemption-Romelu-Lukaku-marque-le-but-vainqueur-pour-Naples.jpg","width":1200,"height":800,"caption":"R\u00e9demption : Romelu Lukaku marque le but vainqueur pour Naples dans la derni\u00e8re seconde de la rencontre \u00e0 V\u00e9rone"},{"@type":"BreadcrumbList","@id":"https:\/\/vieassociative.be\/actualites\/redemption-romelu-lukaku-marque-le-but-vainqueur-pour-naples-dans-la-derniere-seconde-de-la-rencontre-a-verone\/#breadcrumb","itemListElement":[{"@type":"ListItem","position":1,"name":"Accueil","item":"https:\/\/vieassociative.be\/actualites\/"},{"@type":"ListItem","position":2,"name":"R\u00e9demption : Romelu Lukaku marque le but vainqueur pour Naples dans la derni\u00e8re seconde de la rencontre \u00e0 V\u00e9rone"}]},{"@type":"WebSite","@id":"https:\/\/vieassociative.be\/actualites\/#website","url":"https:\/\/vieassociative.be\/actualites\/","name":"Vie Associative","description":"","publisher":{"@id":"https:\/\/vieassociative.be\/actualites\/#organization"},"potentialAction":[{"@type":"SearchAction","target":{"@type":"EntryPoint","urlTemplate":"https:\/\/vieassociative.be\/actualites\/?s={search_term_string}"},"query-input":{"@type":"PropertyValueSpecification","valueRequired":true,"valueName":"search_term_string"}}],"inLanguage":"fr-BE"},{"@type":"Organization","@id":"https:\/\/vieassociative.be\/actualites\/#organization","name":"Vie Associative","url":"https:\/\/vieassociative.be\/actualites\/","logo":{"@type":"ImageObject","inLanguage":"fr-BE","@id":"https:\/\/vieassociative.be\/actualites\/#\/schema\/logo\/image\/","url":"https:\/\/vieassociative.be\/actualites\/wp-content\/uploads\/2024\/09\/cropped-vieassociative_favicon.ico.png","contentUrl":"https:\/\/vieassociative.be\/actualites\/wp-content\/uploads\/2024\/09\/cropped-vieassociative_favicon.ico.png","width":512,"height":512,"caption":"Vie Associative"},"image":{"@id":"https:\/\/vieassociative.be\/actualites\/#\/schema\/logo\/image\/"}},{"@type":"Person","@id":"https:\/\/vieassociative.be\/actualites\/#\/schema\/person\/b87ac4f82f9d4e7b7cec7395b679edc4","name":"Julien","image":{"@type":"ImageObject","inLanguage":"fr-BE","@id":"https:\/\/vieassociative.be\/actualites\/#\/schema\/person\/image\/","url":"https:\/\/vieassociative.be\/actualites\/wp-content\/uploads\/2024\/09\/vie-associative-1-150x150.jpg","contentUrl":"https:\/\/vieassociative.be\/actualites\/wp-content\/uploads\/2024\/09\/vie-associative-1-150x150.jpg","caption":"Julien"},"description":"Je suis Julien, r\u00e9dacteur pour Vie Associative. Passionn\u00e9 par le monde associatif depuis plus de 10 ans, j'ai \u00e0 c\u0153ur de partager des histoires inspirantes et de mettre en lumi\u00e8re les initiatives locales. Mon objectif est de sensibiliser et d'encourager l'engagement communautaire \u00e0 travers mes articles.","sameAs":["https:\/\/vieassociative.be\/"]}]}},"_links":{"self":[{"href":"https:\/\/vieassociative.be\/actualites\/wp-json\/wp\/v2\/posts\/12839"}],"collection":[{"href":"https:\/\/vieassociative.be\/actualites\/wp-json\/wp\/v2\/posts"}],"about":[{"href":"https:\/\/vieassociative.be\/actualites\/wp-json\/wp\/v2\/types\/post"}],"author":[{"embeddable":true,"href":"https:\/\/vieassociative.be\/actualites\/wp-json\/wp\/v2\/users\/1"}],"replies":[{"embeddable":true,"href":"https:\/\/vieassociative.be\/actualites\/wp-json\/wp\/v2\/comments?post=12839"}],"version-history":[{"count":0,"href":"https:\/\/vieassociative.be\/actualites\/wp-json\/wp\/v2\/posts\/12839\/revisions"}],"wp:featuredmedia":[{"embeddable":true,"href":"https:\/\/vieassociative.be\/actualites\/wp-json\/wp\/v2\/media\/12840"}],"wp:attachment":[{"href":"https:\/\/vieassociative.be\/actualites\/wp-json\/wp\/v2\/media?parent=12839"}],"wp:term":[{"taxonomy":"category","embeddable":true,"href":"https:\/\/vieassociative.be\/actualites\/wp-json\/wp\/v2\/categories?post=12839"},{"taxonomy":"post_tag","embeddable":true,"href":"https:\/\/vieassociative.be\/actualites\/wp-json\/wp\/v2\/tags?post=12839"}],"curies":[{"name":"wp","href":"https:\/\/api.w.org\/{rel}","templated":true}]}}