{"id":12837,"date":"2026-02-28T22:18:12","date_gmt":"2026-02-28T21:18:12","guid":{"rendered":"https:\/\/vieassociative.be\/actualites\/peloton-vient-de-lancer-un-programme-de-formation-hyrox-de-12-semaines\/"},"modified":"2026-02-28T22:18:12","modified_gmt":"2026-02-28T21:18:12","slug":"peloton-vient-de-lancer-un-programme-de-formation-hyrox-de-12-semaines","status":"publish","type":"post","link":"https:\/\/vieassociative.be\/actualites\/peloton-vient-de-lancer-un-programme-de-formation-hyrox-de-12-semaines\/","title":{"rendered":"Peloton vient de lancer un programme de formation Hyrox de 12 semaines"},"content":{"rendered":"<p>Si vous envisagez une course Hyrox, mais que vous ne savez pas comment vous y entra\u00eener, Peloton vient peut-\u00eatre de r\u00e9soudre votre probl\u00e8me. La plateforme de fitness a annonc\u00e9 aujourd&rsquo;hui le lancement d&rsquo;un programme d&rsquo;entra\u00eenement Hyrox de 12 semaines, sp\u00e9cialement con\u00e7u pour les athl\u00e8tes se pr\u00e9parant pour les prochains \u00e9v\u00e9nements Hyrox NYC qui auront lieu du 28 au 31 mai et du 4 au 7 juin 2026. Et si vous ne courez pas \u00e0 New York, ne vous inqui\u00e9tez pas : le programme se trouve dans la biblioth\u00e8que de Peloton pour tous les membres, ce qui signifie que vous pouvez le d\u00e9marrer 12 semaines apr\u00e8s n&rsquo;importe quel \u00e9v\u00e9nement Hyrox de votre calendrier.<\/p>\n<h2 id=\"what-is-hyrox-anyway\">Au fait, qu\u2019est-ce qu\u2019Hyrox ?<\/h2>\n<p>Avant de plonger dans le programme, une introduction rapide pour les non-initi\u00e9s. Comme ma coll\u00e8gue Beth Skwarecki l&rsquo;explique ici, votre amie qui \u00e9tait obs\u00e9d\u00e9e par le Crossfit est probablement maintenant obs\u00e9d\u00e9e par Hyrox (officieusement abr\u00e9viation de \u00ab rockstar hybride \u00bb). Hyrox est une comp\u00e9tition de fitness con\u00e7ue pour les athl\u00e8tes qui ne se consid\u00e8rent pas vraiment comme de purs athl\u00e8tes d&rsquo;endurance ou de purs athl\u00e8tes de force, mais plut\u00f4t comme quelque chose entre les deux.<\/p>\n<p>Ce qui semble rendre Hyrox unique \u2013 ou du moins particuli\u00e8rement attrayant \u2013 est sa coh\u00e9rence. Contrairement aux comp\u00e9titions Crossfit, o\u00f9 le format peut changer radicalement d&rsquo;un \u00e9v\u00e9nement \u00e0 l&rsquo;autre, chaque course Hyrox suit la m\u00eame structure pr\u00e9visible : huit courses d&rsquo;un kilom\u00e8tre, avec une station de fitness fonctionnelle entre chacune. Ces stations comprennent des choses comme des pouss\u00e9es de tra\u00eeneau, des wallballs, de l&rsquo;aviron et du ski erg, totalisant environ 5 miles de course plus huit s\u00e9ries d&rsquo;efforts s\u00e9rieux. Comme le format ne change jamais, vous pouvez comparer votre temps d&rsquo;arriv\u00e9e \u00e0 celui de toute autre personne ayant d\u00e9j\u00e0 couru sur Hyrox, un peu comme si vous compariez les temps d&rsquo;un marathon.<\/p>\n<p>Mais une chose qui distingue l\u2019entra\u00eenement Hyrox de quelque chose comme la pr\u00e9paration classique au marathon est qu\u2019il est intrins\u00e8quement communautaire. Bien que vous puissiez vous entra\u00eener seul pour une course avec rien d&rsquo;autre qu&rsquo;une bonne paire de chaussures, l&rsquo;entra\u00eenement Hyrox n\u00e9cessite l&rsquo;acc\u00e8s \u00e0 un rameur, un ski erg, un tra\u00eeneau et une cible de wall ball, en d&rsquo;autres termes, le genre d&rsquo;\u00e9quipement difficile \u00e0 trouver en dehors des gymnases adapt\u00e9s \u00e0 ce type d&rsquo;entra\u00eenement. (Pour m\u00e9moire, la plupart des gymnases Crossfit et un nombre croissant de gymnases commerciaux peuvent accueillir ce type d&rsquo;entra\u00eenement, mais cela vaut la peine d&rsquo;appeler \u00e0 l&rsquo;avance.) Cet environnement d&rsquo;entra\u00eenement partag\u00e9 tend \u00e0 favoriser une communaut\u00e9 qui, selon les athl\u00e8tes, constitue une grande partie du tirage au sort.<\/p>\n<h2 id=\"what-pelotons-hyrox-program-offers\">Ce que propose le programme Hyrox de Peloton<\/h2>\n<p>Le nouveau programme de 12 semaines de Peloton est structur\u00e9 autour de six jours d&rsquo;entra\u00eenement par semaine, avec de nombreux jours comprenant \u00e0 la fois une composante de force et une composante de course. Les cours comprennent la force, la course \u00e0 pied, l&rsquo;aviron, les bootcamps, la mobilit\u00e9, les \u00e9tirements et la m\u00e9ditation. En tant que coureur de course r\u00e9gulier, je suis attir\u00e9 par la mani\u00e8re dont ces cours couvrent autant de disciplines diff\u00e9rentes.<\/p>\n<div class=\"eloquent-imagery-image\">\n<div class=\"flex justify-center\">\n                    <img decoding=\"async\" class=\"border border-gray-100\" src=\"https:\/\/vieassociative.be\/actualites\/wp-content\/uploads\/2026\/02\/Peloton-vient-de-lancer-un-programme-de-formation-Hyrox-de.png\" alt=\"Aper\u00e7u du programme de formation Peloton Hyrox.\" width=\"2000\" height=\"1125\" loading=\"lazy\">\n            <\/div>\n<div class=\"mt-2 font-akshar\">\n                            <span class=\"image-caption block text-sm leading-4 tracking-wide text-(#1F2937)\">Ma coll\u00e8gue Beth partage une capture d&rsquo;\u00e9cran du programme de formation Peloton Hyrox.<\/span><br \/>\n                                        <span class=\"mt-1 block font-sans text-xs tracking-normal text-gray-600\">Cr\u00e9dit : Beth Skwarecki<\/span>\n                    <\/div>\n<\/p><\/div>\n<p>La semaine 12 est la semaine des courses, donc la charge d&rsquo;entra\u00eenement s&rsquo;all\u00e8ge consid\u00e9rablement \u00e0 mesure que les athl\u00e8tes se rapprochent de la ligne de d\u00e9part. Il n&rsquo;y a pas beaucoup d&rsquo;entra\u00eenements la semaine derni\u00e8re, mais une inclusion notable est une m\u00e9ditation d&rsquo;avant-course Hyrox, qui, \u00e0 mon avis, t\u00e9moigne de l&rsquo;ensemble de la philosophie communautaire du programme.<\/p>\n<div class=\"eloquent-imagery-image\">\n<div class=\"flex justify-center\">\n                    <img decoding=\"async\" class=\"border border-gray-100\" src=\"https:\/\/vieassociative.be\/actualites\/wp-content\/uploads\/2026\/02\/1772313492_885_Peloton-vient-de-lancer-un-programme-de-formation-Hyrox-de.png\" alt=\"Premi\u00e8re semaine du programme d'entra\u00eenement Peloton Hyrox.\" width=\"2000\" height=\"1125\" loading=\"lazy\">\n            <\/div>\n<div class=\"mt-2 font-akshar\">\n                            <span class=\"image-caption block text-sm leading-4 tracking-wide text-(#1F2937)\">Premi\u00e8re semaine du programme d&rsquo;entra\u00eenement Peloton Hyrox.<\/span><br \/>\n                                        <span class=\"mt-1 block font-sans text-xs tracking-normal text-gray-600\">Cr\u00e9dit : Beth Skwarecki<\/span>\n                    <\/div>\n<\/p><\/div>\n<div class=\"eloquent-imagery-image\">\n<div class=\"flex justify-center\">\n                    <img decoding=\"async\" class=\"border border-gray-100\" src=\"https:\/\/vieassociative.be\/actualites\/wp-content\/uploads\/2026\/02\/1772313492_403_Peloton-vient-de-lancer-un-programme-de-formation-Hyrox-de.png\" alt=\"Semaine 12 du programme d'entra\u00eenement Peloton Hyrox.\" width=\"2000\" height=\"1125\" loading=\"lazy\">\n            <\/div>\n<div class=\"mt-2 font-akshar\">\n                            <span class=\"image-caption block text-sm leading-4 tracking-wide text-(#1F2937)\">Semaine 12 du programme d&rsquo;entra\u00eenement Peloton Hyrox.<\/span><br \/>\n                                        <span class=\"mt-1 block font-sans text-xs tracking-normal text-gray-600\">Cr\u00e9dit : Beth Skwarecki<\/span>\n                    <\/div>\n<\/p><\/div>\n<h2 id=\"how-pelotons-hyrox-program-is-built\">Comment est construit le programme Hyrox de Peloton<\/h2>\n<p>Le programme repose sur cinq principes fondamentaux que Peloton d\u00e9crit comme les cinq piliers de la performance Hyrox\u00a0:<\/p>\n<ul>\n<li>\n<p><strong>Puissance a\u00e9robie<\/strong>: Le travail de seuil commence d\u00e8s le premier jour, enseignant aux athl\u00e8tes comment g\u00e9rer l&rsquo;effort et d\u00e9velopper des vitesses \u00e9lev\u00e9es et durables au fil du temps.<\/p>\n<\/li>\n<li>\n<p><strong>Des outils simples, un impact \u00e9lev\u00e9<\/strong>: Le programme s&rsquo;appuie sur la course \u00e0 pied, l&rsquo;erg et l&rsquo;entra\u00eenement en force comme principaux v\u00e9hicules pour d\u00e9velopper l&rsquo;endurance hybride.<\/p>\n<\/li>\n<li>\n<p><strong>L&rsquo;efficacit\u00e9 plut\u00f4t que la vitesse<\/strong>: Plut\u00f4t que de rechercher un rythme brut, l&rsquo;accent est mis sur un rythme intelligent et une technique propre qui conserve l&rsquo;\u00e9nergie lors des transitions.<\/p>\n<\/li>\n<li>\n<p><strong>Volume progressif<\/strong>: La charge d\u2019entra\u00eenement s\u2019accumule d\u00e9lib\u00e9r\u00e9ment au fil des semaines, d\u00e9veloppant la capacit\u00e9 \u00e0 performer malgr\u00e9 une fatigue accumul\u00e9e.<\/p>\n<\/li>\n<li>\n<p><strong>Pilotes de performances<\/strong>: La r\u00e9cup\u00e9ration, le ravitaillement et l\u2019\u00e9tat d\u2019esprit sont trait\u00e9s comme des \u00e9l\u00e9ments de formation, et non comme des r\u00e9flexions apr\u00e8s coup.<\/p>\n<\/li>\n<\/ul>\n<p>En regardant le programme ici, sa structure refl\u00e8te ces principes dans un arc clair. Les six premi\u00e8res semaines se concentrent sur la construction de ce que Peloton appelle le \u00ab moteur a\u00e9robie \u00bb et sur l\u2019\u00e9tablissement du contr\u00f4le du seuil, jetant les bases avant que l\u2019intensit\u00e9 ne reprenne. \u00c0 la semaine 7, les athl\u00e8tes effectuent une simulation de 75 minutes con\u00e7ue pour tester leur strat\u00e9gie de rythme et leurs comp\u00e9tences de transition dans des conditions de course r\u00e9alistes. Les derni\u00e8res semaines passent ensuite \u00e0 ce que le programme d\u00e9crit comme un entra\u00eenement \u00ab \u00e0 la demande r\u00e9elle \u00bb, simulant la fatigue provoqu\u00e9e par de lourdes pouss\u00e9es de tra\u00eeneau et des balles murales saignant dans la course. Comme pour tout bon programme d\u2019entra\u00eenement, l\u2019objectif est d\u2019arriver au jour de la course bien pr\u00e9par\u00e9 et bien pr\u00e9par\u00e9, et non \u00e9puis\u00e9.<\/p>\n<h2 id=\"how-to-join-the-peloton-hyrox-training-program\">Comment rejoindre le programme de formation Peloton Hyrox<\/h2>\n<p>Inutile de dire que vous avez besoin d\u2019un abonnement actif \u00e0 Peloton. Et pour l&rsquo;instant, le programme Hyrox ne peut \u00eatre rejoint qu&rsquo;\u00e0 partir de l&rsquo;application Peloton ou du mat\u00e9riel Peloton comme les v\u00e9los Peloton, Tread, Row et Guide. Vous ne pouvez pas rejoindre depuis le site Web Peloton ou les applications TV. Pour le trouver sur votre appareil, vous pouvez parcourir la zone des programmes, rechercher le programme Hyrox Training et cliquer sur Rejoindre.<\/p>\n","protected":false},"excerpt":{"rendered":"<p>Si vous envisagez une course Hyrox, mais que vous ne savez pas comment vous y entra\u00eener, Peloton vient peut-\u00eatre de r\u00e9soudre votre probl\u00e8me. La plateforme<\/p>\n","protected":false},"author":1,"featured_media":12838,"comment_status":"","ping_status":"","sticky":false,"template":"","format":"standard","meta":{"footnotes":""},"categories":[1],"tags":[3245,7906,5375,336,887,3098,1213],"class_list":["post-12837","post","type-post","status-publish","format-standard","has-post-thumbnail","hentry","category-non-classe","tag-formation","tag-hyrox","tag-lancer","tag-peloton","tag-programme","tag-semaines","tag-vient","generate-columns","tablet-grid-50","mobile-grid-100","grid-parent","grid-33"],"yoast_head":"<!-- This site is optimized with the Yoast SEO plugin v24.0 - https:\/\/yoast.com\/wordpress\/plugins\/seo\/ -->\n<title>Peloton vient de lancer un programme de formation Hyrox de 12 semaines | Vie Associative<\/title>\n<meta name=\"robots\" content=\"index, follow, max-snippet:-1, max-image-preview:large, max-video-preview:-1\" \/>\n<link rel=\"canonical\" href=\"https:\/\/vieassociative.be\/actualites\/peloton-vient-de-lancer-un-programme-de-formation-hyrox-de-12-semaines\/\" \/>\n<meta property=\"og:locale\" content=\"fr_FR\" \/>\n<meta property=\"og:type\" content=\"article\" \/>\n<meta property=\"og:title\" content=\"Peloton vient de lancer un programme de formation Hyrox de 12 semaines | Vie Associative\" \/>\n<meta property=\"og:description\" content=\"Si vous envisagez une course Hyrox, mais que vous ne savez pas comment vous y entra\u00eener, Peloton vient peut-\u00eatre de r\u00e9soudre votre probl\u00e8me. La plateforme\" \/>\n<meta property=\"og:url\" content=\"https:\/\/vieassociative.be\/actualites\/peloton-vient-de-lancer-un-programme-de-formation-hyrox-de-12-semaines\/\" \/>\n<meta property=\"og:site_name\" content=\"Vie Associative\" \/>\n<meta property=\"article:published_time\" content=\"2026-02-28T21:18:12+00:00\" \/>\n<meta property=\"og:image\" content=\"https:\/\/vieassociative.be\/actualites\/wp-content\/uploads\/2026\/02\/Peloton-vient-de-lancer-un-programme-de-formation-Hyrox-de.png\" \/>\n<meta name=\"author\" content=\"Julien\" \/>\n<meta name=\"twitter:card\" content=\"summary_large_image\" \/>\n<meta name=\"twitter:label1\" content=\"\u00c9crit par\" \/>\n\t<meta name=\"twitter:data1\" content=\"Julien\" \/>\n\t<meta name=\"twitter:label2\" content=\"Dur\u00e9e de lecture est.\" \/>\n\t<meta name=\"twitter:data2\" content=\"5 minutes\" \/>\n<script type=\"application\/ld+json\" class=\"yoast-schema-graph\">{\"@context\":\"https:\/\/schema.org\",\"@graph\":[{\"@type\":\"Article\",\"@id\":\"https:\/\/vieassociative.be\/actualites\/peloton-vient-de-lancer-un-programme-de-formation-hyrox-de-12-semaines\/#article\",\"isPartOf\":{\"@id\":\"https:\/\/vieassociative.be\/actualites\/peloton-vient-de-lancer-un-programme-de-formation-hyrox-de-12-semaines\/\"},\"author\":{\"name\":\"Julien\",\"@id\":\"https:\/\/vieassociative.be\/actualites\/#\/schema\/person\/b87ac4f82f9d4e7b7cec7395b679edc4\"},\"headline\":\"Peloton vient de lancer un programme de formation Hyrox de 12 semaines\",\"datePublished\":\"2026-02-28T21:18:12+00:00\",\"dateModified\":\"2026-02-28T21:18:12+00:00\",\"mainEntityOfPage\":{\"@id\":\"https:\/\/vieassociative.be\/actualites\/peloton-vient-de-lancer-un-programme-de-formation-hyrox-de-12-semaines\/\"},\"wordCount\":1127,\"publisher\":{\"@id\":\"https:\/\/vieassociative.be\/actualites\/#organization\"},\"image\":{\"@id\":\"https:\/\/vieassociative.be\/actualites\/peloton-vient-de-lancer-un-programme-de-formation-hyrox-de-12-semaines\/#primaryimage\"},\"thumbnailUrl\":\"https:\/\/vieassociative.be\/actualites\/wp-content\/uploads\/2026\/02\/1772313494_Peloton-vient-de-lancer-un-programme-de-formation-Hyrox-de.png\",\"keywords\":[\"formation\",\"Hyrox\",\"lancer\",\"Peloton\",\"programme\",\"semaines\",\"vient\"],\"inLanguage\":\"fr-BE\"},{\"@type\":\"WebPage\",\"@id\":\"https:\/\/vieassociative.be\/actualites\/peloton-vient-de-lancer-un-programme-de-formation-hyrox-de-12-semaines\/\",\"url\":\"https:\/\/vieassociative.be\/actualites\/peloton-vient-de-lancer-un-programme-de-formation-hyrox-de-12-semaines\/\",\"name\":\"Peloton vient de lancer un programme de formation Hyrox de 12 semaines | Vie Associative\",\"isPartOf\":{\"@id\":\"https:\/\/vieassociative.be\/actualites\/#website\"},\"primaryImageOfPage\":{\"@id\":\"https:\/\/vieassociative.be\/actualites\/peloton-vient-de-lancer-un-programme-de-formation-hyrox-de-12-semaines\/#primaryimage\"},\"image\":{\"@id\":\"https:\/\/vieassociative.be\/actualites\/peloton-vient-de-lancer-un-programme-de-formation-hyrox-de-12-semaines\/#primaryimage\"},\"thumbnailUrl\":\"https:\/\/vieassociative.be\/actualites\/wp-content\/uploads\/2026\/02\/1772313494_Peloton-vient-de-lancer-un-programme-de-formation-Hyrox-de.png\",\"datePublished\":\"2026-02-28T21:18:12+00:00\",\"dateModified\":\"2026-02-28T21:18:12+00:00\",\"breadcrumb\":{\"@id\":\"https:\/\/vieassociative.be\/actualites\/peloton-vient-de-lancer-un-programme-de-formation-hyrox-de-12-semaines\/#breadcrumb\"},\"inLanguage\":\"fr-BE\",\"potentialAction\":[{\"@type\":\"ReadAction\",\"target\":[\"https:\/\/vieassociative.be\/actualites\/peloton-vient-de-lancer-un-programme-de-formation-hyrox-de-12-semaines\/\"]}]},{\"@type\":\"ImageObject\",\"inLanguage\":\"fr-BE\",\"@id\":\"https:\/\/vieassociative.be\/actualites\/peloton-vient-de-lancer-un-programme-de-formation-hyrox-de-12-semaines\/#primaryimage\",\"url\":\"https:\/\/vieassociative.be\/actualites\/wp-content\/uploads\/2026\/02\/1772313494_Peloton-vient-de-lancer-un-programme-de-formation-Hyrox-de.png\",\"contentUrl\":\"https:\/\/vieassociative.be\/actualites\/wp-content\/uploads\/2026\/02\/1772313494_Peloton-vient-de-lancer-un-programme-de-formation-Hyrox-de.png\",\"width\":1200,\"height\":675,\"caption\":\"Peloton vient de lancer un programme de formation Hyrox de 12 semaines\"},{\"@type\":\"BreadcrumbList\",\"@id\":\"https:\/\/vieassociative.be\/actualites\/peloton-vient-de-lancer-un-programme-de-formation-hyrox-de-12-semaines\/#breadcrumb\",\"itemListElement\":[{\"@type\":\"ListItem\",\"position\":1,\"name\":\"Accueil\",\"item\":\"https:\/\/vieassociative.be\/actualites\/\"},{\"@type\":\"ListItem\",\"position\":2,\"name\":\"Peloton vient de lancer un programme de formation Hyrox de 12 semaines\"}]},{\"@type\":\"WebSite\",\"@id\":\"https:\/\/vieassociative.be\/actualites\/#website\",\"url\":\"https:\/\/vieassociative.be\/actualites\/\",\"name\":\"Vie Associative\",\"description\":\"\",\"publisher\":{\"@id\":\"https:\/\/vieassociative.be\/actualites\/#organization\"},\"potentialAction\":[{\"@type\":\"SearchAction\",\"target\":{\"@type\":\"EntryPoint\",\"urlTemplate\":\"https:\/\/vieassociative.be\/actualites\/?s={search_term_string}\"},\"query-input\":{\"@type\":\"PropertyValueSpecification\",\"valueRequired\":true,\"valueName\":\"search_term_string\"}}],\"inLanguage\":\"fr-BE\"},{\"@type\":\"Organization\",\"@id\":\"https:\/\/vieassociative.be\/actualites\/#organization\",\"name\":\"Vie Associative\",\"url\":\"https:\/\/vieassociative.be\/actualites\/\",\"logo\":{\"@type\":\"ImageObject\",\"inLanguage\":\"fr-BE\",\"@id\":\"https:\/\/vieassociative.be\/actualites\/#\/schema\/logo\/image\/\",\"url\":\"https:\/\/vieassociative.be\/actualites\/wp-content\/uploads\/2024\/09\/cropped-vieassociative_favicon.ico.png\",\"contentUrl\":\"https:\/\/vieassociative.be\/actualites\/wp-content\/uploads\/2024\/09\/cropped-vieassociative_favicon.ico.png\",\"width\":512,\"height\":512,\"caption\":\"Vie Associative\"},\"image\":{\"@id\":\"https:\/\/vieassociative.be\/actualites\/#\/schema\/logo\/image\/\"}},{\"@type\":\"Person\",\"@id\":\"https:\/\/vieassociative.be\/actualites\/#\/schema\/person\/b87ac4f82f9d4e7b7cec7395b679edc4\",\"name\":\"Julien\",\"image\":{\"@type\":\"ImageObject\",\"inLanguage\":\"fr-BE\",\"@id\":\"https:\/\/vieassociative.be\/actualites\/#\/schema\/person\/image\/\",\"url\":\"https:\/\/vieassociative.be\/actualites\/wp-content\/uploads\/2024\/09\/vie-associative-1-150x150.jpg\",\"contentUrl\":\"https:\/\/vieassociative.be\/actualites\/wp-content\/uploads\/2024\/09\/vie-associative-1-150x150.jpg\",\"caption\":\"Julien\"},\"description\":\"Je suis Julien, r\u00e9dacteur pour Vie Associative. Passionn\u00e9 par le monde associatif depuis plus de 10 ans, j'ai \u00e0 c\u0153ur de partager des histoires inspirantes et de mettre en lumi\u00e8re les initiatives locales. Mon objectif est de sensibiliser et d'encourager l'engagement communautaire \u00e0 travers mes articles.\",\"sameAs\":[\"https:\/\/vieassociative.be\/\"]}]}<\/script>\n<!-- \/ Yoast SEO plugin. -->","yoast_head_json":{"title":"Peloton vient de lancer un programme de formation Hyrox de 12 semaines | Vie Associative","robots":{"index":"index","follow":"follow","max-snippet":"max-snippet:-1","max-image-preview":"max-image-preview:large","max-video-preview":"max-video-preview:-1"},"canonical":"https:\/\/vieassociative.be\/actualites\/peloton-vient-de-lancer-un-programme-de-formation-hyrox-de-12-semaines\/","og_locale":"fr_FR","og_type":"article","og_title":"Peloton vient de lancer un programme de formation Hyrox de 12 semaines | Vie Associative","og_description":"Si vous envisagez une course Hyrox, mais que vous ne savez pas comment vous y entra\u00eener, Peloton vient peut-\u00eatre de r\u00e9soudre votre probl\u00e8me. La plateforme","og_url":"https:\/\/vieassociative.be\/actualites\/peloton-vient-de-lancer-un-programme-de-formation-hyrox-de-12-semaines\/","og_site_name":"Vie Associative","article_published_time":"2026-02-28T21:18:12+00:00","og_image":[{"url":"https:\/\/vieassociative.be\/actualites\/wp-content\/uploads\/2026\/02\/Peloton-vient-de-lancer-un-programme-de-formation-Hyrox-de.png","type":"","width":"","height":""}],"author":"Julien","twitter_card":"summary_large_image","twitter_misc":{"\u00c9crit par":"Julien","Dur\u00e9e de lecture est.":"5 minutes"},"schema":{"@context":"https:\/\/schema.org","@graph":[{"@type":"Article","@id":"https:\/\/vieassociative.be\/actualites\/peloton-vient-de-lancer-un-programme-de-formation-hyrox-de-12-semaines\/#article","isPartOf":{"@id":"https:\/\/vieassociative.be\/actualites\/peloton-vient-de-lancer-un-programme-de-formation-hyrox-de-12-semaines\/"},"author":{"name":"Julien","@id":"https:\/\/vieassociative.be\/actualites\/#\/schema\/person\/b87ac4f82f9d4e7b7cec7395b679edc4"},"headline":"Peloton vient de lancer un programme de formation Hyrox de 12 semaines","datePublished":"2026-02-28T21:18:12+00:00","dateModified":"2026-02-28T21:18:12+00:00","mainEntityOfPage":{"@id":"https:\/\/vieassociative.be\/actualites\/peloton-vient-de-lancer-un-programme-de-formation-hyrox-de-12-semaines\/"},"wordCount":1127,"publisher":{"@id":"https:\/\/vieassociative.be\/actualites\/#organization"},"image":{"@id":"https:\/\/vieassociative.be\/actualites\/peloton-vient-de-lancer-un-programme-de-formation-hyrox-de-12-semaines\/#primaryimage"},"thumbnailUrl":"https:\/\/vieassociative.be\/actualites\/wp-content\/uploads\/2026\/02\/1772313494_Peloton-vient-de-lancer-un-programme-de-formation-Hyrox-de.png","keywords":["formation","Hyrox","lancer","Peloton","programme","semaines","vient"],"inLanguage":"fr-BE"},{"@type":"WebPage","@id":"https:\/\/vieassociative.be\/actualites\/peloton-vient-de-lancer-un-programme-de-formation-hyrox-de-12-semaines\/","url":"https:\/\/vieassociative.be\/actualites\/peloton-vient-de-lancer-un-programme-de-formation-hyrox-de-12-semaines\/","name":"Peloton vient de lancer un programme de formation Hyrox de 12 semaines | Vie Associative","isPartOf":{"@id":"https:\/\/vieassociative.be\/actualites\/#website"},"primaryImageOfPage":{"@id":"https:\/\/vieassociative.be\/actualites\/peloton-vient-de-lancer-un-programme-de-formation-hyrox-de-12-semaines\/#primaryimage"},"image":{"@id":"https:\/\/vieassociative.be\/actualites\/peloton-vient-de-lancer-un-programme-de-formation-hyrox-de-12-semaines\/#primaryimage"},"thumbnailUrl":"https:\/\/vieassociative.be\/actualites\/wp-content\/uploads\/2026\/02\/1772313494_Peloton-vient-de-lancer-un-programme-de-formation-Hyrox-de.png","datePublished":"2026-02-28T21:18:12+00:00","dateModified":"2026-02-28T21:18:12+00:00","breadcrumb":{"@id":"https:\/\/vieassociative.be\/actualites\/peloton-vient-de-lancer-un-programme-de-formation-hyrox-de-12-semaines\/#breadcrumb"},"inLanguage":"fr-BE","potentialAction":[{"@type":"ReadAction","target":["https:\/\/vieassociative.be\/actualites\/peloton-vient-de-lancer-un-programme-de-formation-hyrox-de-12-semaines\/"]}]},{"@type":"ImageObject","inLanguage":"fr-BE","@id":"https:\/\/vieassociative.be\/actualites\/peloton-vient-de-lancer-un-programme-de-formation-hyrox-de-12-semaines\/#primaryimage","url":"https:\/\/vieassociative.be\/actualites\/wp-content\/uploads\/2026\/02\/1772313494_Peloton-vient-de-lancer-un-programme-de-formation-Hyrox-de.png","contentUrl":"https:\/\/vieassociative.be\/actualites\/wp-content\/uploads\/2026\/02\/1772313494_Peloton-vient-de-lancer-un-programme-de-formation-Hyrox-de.png","width":1200,"height":675,"caption":"Peloton vient de lancer un programme de formation Hyrox de 12 semaines"},{"@type":"BreadcrumbList","@id":"https:\/\/vieassociative.be\/actualites\/peloton-vient-de-lancer-un-programme-de-formation-hyrox-de-12-semaines\/#breadcrumb","itemListElement":[{"@type":"ListItem","position":1,"name":"Accueil","item":"https:\/\/vieassociative.be\/actualites\/"},{"@type":"ListItem","position":2,"name":"Peloton vient de lancer un programme de formation Hyrox de 12 semaines"}]},{"@type":"WebSite","@id":"https:\/\/vieassociative.be\/actualites\/#website","url":"https:\/\/vieassociative.be\/actualites\/","name":"Vie Associative","description":"","publisher":{"@id":"https:\/\/vieassociative.be\/actualites\/#organization"},"potentialAction":[{"@type":"SearchAction","target":{"@type":"EntryPoint","urlTemplate":"https:\/\/vieassociative.be\/actualites\/?s={search_term_string}"},"query-input":{"@type":"PropertyValueSpecification","valueRequired":true,"valueName":"search_term_string"}}],"inLanguage":"fr-BE"},{"@type":"Organization","@id":"https:\/\/vieassociative.be\/actualites\/#organization","name":"Vie Associative","url":"https:\/\/vieassociative.be\/actualites\/","logo":{"@type":"ImageObject","inLanguage":"fr-BE","@id":"https:\/\/vieassociative.be\/actualites\/#\/schema\/logo\/image\/","url":"https:\/\/vieassociative.be\/actualites\/wp-content\/uploads\/2024\/09\/cropped-vieassociative_favicon.ico.png","contentUrl":"https:\/\/vieassociative.be\/actualites\/wp-content\/uploads\/2024\/09\/cropped-vieassociative_favicon.ico.png","width":512,"height":512,"caption":"Vie Associative"},"image":{"@id":"https:\/\/vieassociative.be\/actualites\/#\/schema\/logo\/image\/"}},{"@type":"Person","@id":"https:\/\/vieassociative.be\/actualites\/#\/schema\/person\/b87ac4f82f9d4e7b7cec7395b679edc4","name":"Julien","image":{"@type":"ImageObject","inLanguage":"fr-BE","@id":"https:\/\/vieassociative.be\/actualites\/#\/schema\/person\/image\/","url":"https:\/\/vieassociative.be\/actualites\/wp-content\/uploads\/2024\/09\/vie-associative-1-150x150.jpg","contentUrl":"https:\/\/vieassociative.be\/actualites\/wp-content\/uploads\/2024\/09\/vie-associative-1-150x150.jpg","caption":"Julien"},"description":"Je suis Julien, r\u00e9dacteur pour Vie Associative. Passionn\u00e9 par le monde associatif depuis plus de 10 ans, j'ai \u00e0 c\u0153ur de partager des histoires inspirantes et de mettre en lumi\u00e8re les initiatives locales. Mon objectif est de sensibiliser et d'encourager l'engagement communautaire \u00e0 travers mes articles.","sameAs":["https:\/\/vieassociative.be\/"]}]}},"_links":{"self":[{"href":"https:\/\/vieassociative.be\/actualites\/wp-json\/wp\/v2\/posts\/12837"}],"collection":[{"href":"https:\/\/vieassociative.be\/actualites\/wp-json\/wp\/v2\/posts"}],"about":[{"href":"https:\/\/vieassociative.be\/actualites\/wp-json\/wp\/v2\/types\/post"}],"author":[{"embeddable":true,"href":"https:\/\/vieassociative.be\/actualites\/wp-json\/wp\/v2\/users\/1"}],"replies":[{"embeddable":true,"href":"https:\/\/vieassociative.be\/actualites\/wp-json\/wp\/v2\/comments?post=12837"}],"version-history":[{"count":0,"href":"https:\/\/vieassociative.be\/actualites\/wp-json\/wp\/v2\/posts\/12837\/revisions"}],"wp:featuredmedia":[{"embeddable":true,"href":"https:\/\/vieassociative.be\/actualites\/wp-json\/wp\/v2\/media\/12838"}],"wp:attachment":[{"href":"https:\/\/vieassociative.be\/actualites\/wp-json\/wp\/v2\/media?parent=12837"}],"wp:term":[{"taxonomy":"category","embeddable":true,"href":"https:\/\/vieassociative.be\/actualites\/wp-json\/wp\/v2\/categories?post=12837"},{"taxonomy":"post_tag","embeddable":true,"href":"https:\/\/vieassociative.be\/actualites\/wp-json\/wp\/v2\/tags?post=12837"}],"curies":[{"name":"wp","href":"https:\/\/api.w.org\/{rel}","templated":true}]}}